{"id":7665,"date":"2012-08-10T13:31:42","date_gmt":"2012-08-10T13:31:42","guid":{"rendered":"http:\/\/www.tvcnoticias.com.ar\/?p=7665"},"modified":"2012-08-10T13:31:42","modified_gmt":"2012-08-10T13:31:42","slug":"asi-sera-la-reestructuracion-del-sentido-de-las-calles-de-la-ciudad-cabecera","status":"publish","type":"post","link":"https:\/\/www.celttv.com.ar\/index.php\/2012\/08\/10\/asi-sera-la-reestructuracion-del-sentido-de-las-calles-de-la-ciudad-cabecera\/","title":{"rendered":"ASI SERA LA REESTRUCTURACION DEL SENTIDO DE LAS CALLES DE LA CIUDAD CABECERA"},"content":{"rendered":"<p><br \/>\nRespondiendo a una necesidad de reestructuraci\u00f3n, el Departamento Ejecutivo y el bloque de concejales oficialistas elev\u00f3 un proyecto de ordenanza para reorganizar el tr\u00e1nsito en la ciudad cabecera del distrito, con la inclusi\u00f3n de un sentido \u00fanico para todas las calles.<br \/>\n\u00a0\u00a0 El expediente fue aprobado por unanimidad el martes a la noche en el Concejo Deliberante, que otorg\u00f3 un plazo de 90 d\u00edas a partir de la promulgaci\u00f3n para colocar la carteler\u00eda correspondiente. Esta tarea se ir\u00e1 realizando de manera progresiva, hasta alcanzar la totalidad del ejido urbano.<br \/>\n\u00a0\u00a0 \u201cEste proyecto responde a inquietudes que hemos ido recepcionando de distintos vecinos e instituciones y a la necesidad de reorganizar el tr\u00e1nsito en nuestra ciudad cabecera, ya que se ha producido un notorio incremento del parque automotor\u201d, manifest\u00f3 el intendente municipal, licenciado Gustavo Trankels, quien promulgar\u00e1 la ordenanza en los pr\u00f3ximos d\u00edas.<br \/>\n\u00a0\u00a0 Con esta iniciativa se pretende otorgarle un orden al tr\u00e1nsito de la ciudad, a efectos de prevenir accidentes y garantizar la seguridad en el tr\u00e1nsito vehicular.<br \/>\n\u00a0\u00a0 Para dar cumplimiento a esta norma, la Secretar\u00eda de Obras y Servicios P\u00fablicos viene desarrollando desde hace algunos meses una intensa tarea en todo lo tiene que ver con la carteler\u00eda. Esta iniciativa, que se extender\u00e1 en el tiempo con el objetivo de mejorar la aplicaci\u00f3n de la norma, continu\u00f3 en las \u00faltimas horas, con la colocaci\u00f3n de los nomencladores en calle L\u00e1inez.<br \/>\n<strong>En detalle<\/strong><br \/>\n-Calle <strong>G\u00fcemes<\/strong>; sentido Norte -Sur; entre <strong>Av. Adolfo Kugler<\/strong> y <strong>Av. Ernesto Tornquist<\/strong>.<br \/>\n-Calle <strong>Rawson<\/strong>; sentido Norte -Sur; entre <strong>Av. Ernesto Tornquist<\/strong> y calle <strong>Combatientes de Malvinas<\/strong>.<br \/>\n-Calle <strong>Mitre<\/strong>; sentido Sur- Norte; entre <strong>Av. Ernesto Tornquist<\/strong> y <strong>Av. Adolfo Kugler<\/strong>.<br \/>\n-Calle <strong>12 de Octubre<\/strong>; sentido Sur- Norte; entre calle <strong>Combatientes de Malvinas<\/strong> y <strong>Av. Ernesto Tornquist<\/strong>.<br \/>\n-Calle <strong>Ventura Picado<\/strong>; sentido Sur-Norte; entre\u00a0 <strong>Av. 9 de Julio<\/strong> y <strong>Av. Adolfo Kugler<\/strong>.<br \/>\n-Calle <strong>Italia<\/strong>; sentido Sur-Norte; entre calle <strong>Combatientes de Malvinas<\/strong> y <strong>Av. 25 de Mayo<\/strong>.<br \/>\n-Calle <strong>Valent\u00edn Vergara<\/strong>; sentido Norte-Sur; entre <strong>Av. Adolfo Kugler<\/strong> y <strong>Av. Ernesto Tornquist<\/strong>.<br \/>\n-Calle <strong>Rosa de Tornquist<\/strong>; sentido Norte-Sur; entre <strong>Av. Ernesto Tornquist<\/strong> y calle <strong>Combatientes de Malvinas<\/strong>.<br \/>\n-Calle <strong>Espa\u00f1a<\/strong>; sentido Sur-Norte; entre <strong>Av. Ernesto Tornquist<\/strong> y <strong>Av. Adolfo Kugler<\/strong>.<br \/>\n-Calle <strong>Santiago Amarante<\/strong>; sentido Sur-Norte; entre calle <strong>Combatientes de Malvinas<\/strong> y <strong>Av. Ernesto Tornquist<\/strong>.<br \/>\n-Calle <strong>Manuel Lainez<\/strong>; sentido Oeste-Este; entre <strong>Av. Rivadavia<\/strong> y <strong>Av. Moreno<\/strong>.<br \/>\n-Calle <strong>Santiago Carbone<\/strong>; sentido Este-Oeste; entre <strong>Av. Moreno<\/strong> y <strong>Av. Rivadavia<\/strong>.<br \/>\n-Calle <strong>De los Inmigrantes<\/strong>; sentido Este-Oeste; entre <strong>Av. Moreno<\/strong> y <strong>Av. Rivadavia<\/strong>.<br \/>\n-Calle <strong>J. Lamela<\/strong>;\u00a0 sentido Oeste-Este; Entre <strong>Av. Rivadavia<\/strong> y <strong>Av. Moreno<\/strong>.<br \/>\n-Calle <strong>Juan de Dios Filiberto<\/strong>; sentido Este-Oeste; entre\u00a0 <strong>Av. Moreno<\/strong> y <strong>Av. Rivadavia<\/strong>.<br \/>\n-Calle <strong>Quinquela Mart\u00edn<\/strong>; sentido Oeste-Este; entre <strong>Av. Rivadavia<\/strong> y <strong>Av. Moreno<\/strong>.<br \/>\n-Calle <strong>P. Safont\u00e1s<\/strong>; sentido Este-Oeste; entre <strong>Av. Moreno<\/strong> y <strong>Av. Rivadavia<\/strong>.<br \/>\n-Calle <strong>Uriburu<\/strong>; sentido Este-Oeste; entre <strong>Av. Lavalle<\/strong> y <strong>Av. B. de Irigoyen<\/strong>.<br \/>\n-Calle <strong>Brown<\/strong>; sentido Oeste-Este; entre <strong>Av. B. de Irigoyen<\/strong> y <strong>Av. Lavalle<\/strong>.<br \/>\n-Calle <strong>Jorge Newbery<\/strong>; sentido Este-Oeste; entre <strong>Av. Lavalle<\/strong> y <strong>Av. B. de Irigoyen<\/strong>.<br \/>\n-Calle <strong>Juan Manuel de Rosas<\/strong>; sentido Oeste-Este; entre <strong>Av. B. de Irigoyen<\/strong> y <strong>Av. Lavalle<\/strong>.<br \/>\n-Calle <strong>Intendente Ruppel<\/strong>; sentido Este-Oeste; entre <strong>Av. Lavalle<\/strong> y <strong>Av. B. de Irigoyen<\/strong>.<br \/>\n-Calle <strong>Crist\u00f3bal Col\u00f3n<\/strong>; sentido Oeste-Este; entre <strong>Av. B. de Irigoyen<\/strong> y <strong>Av. Lavalle<\/strong>.<br \/>\n-Calle <strong>Rodolfo Scharff<\/strong>; sentido Este-Oeste; entre <strong>Av. Lavalle<\/strong> y <strong>Av. B. de Irigoyen<\/strong>.<br \/>\n-Calle <strong>R. Fidani<\/strong>; sentido Norte-Sur.<br \/>\n-Calle <strong>Dr. Castro<\/strong>; sentido Sur-Norte.<br \/>\n-Calle <strong>M. Fierro<\/strong>; sentido Sur-Norte.<br \/>\n-Calle <strong>Gobernador Ugarte<\/strong>; sentido Norte-Sur.<br \/>\n-Calle <strong>Argentino Valle<\/strong>; sentido Norte-Sur.<br \/>\n-Calle <strong>Bernardo Houssay<\/strong>; sentido Norte-Sur.<\/p>\n","protected":false},"excerpt":{"rendered":"<p>Respondiendo a una necesidad de reestructuraci\u00f3n, el Departamento Ejecutivo y el bloque de concejales oficialistas elev\u00f3 un proyecto de ordenanza para reorganizar el tr\u00e1nsito en la ciudad cabecera del distrito, con la inclusi\u00f3n de un sentido \u00fanico para todas las calles. \u00a0\u00a0 El expediente fue aprobado por unanimidad el martes a la noche en el [&hellip;]<\/p>\n","protected":false},"author":1,"featured_media":0,"comment_status":"closed","ping_status":"open","sticky":false,"template":"","format":"standard","meta":{"footnotes":""},"categories":[51,52,53],"tags":[],"class_list":["post-7665","post","type-post","status-publish","format-standard","hentry","category-comunidad","category-destacadas","category-politica"],"yoast_head":"<!-- This site is optimized with the Yoast SEO plugin v19.7.1 - https:\/\/yoast.com\/wordpress\/plugins\/seo\/ -->\n<title>ASI SERA LA REESTRUCTURACION DEL SENTIDO DE LAS CALLES DE LA CIUDAD CABECERA - CELTTV<\/title>\n<meta name=\"description\" content=\"Sitio web de noticias de la localidad de Tornquist, provincia de Buenos Aires, Rep\u00fablica Argentina. Contenido propio originado por periodistas de CELTTV, el canal de TV local de la Cooperativa El\u00e9ctrica de Tornquist. Turismo, Pol\u00edtica, Sociedad, Deporte, Cultura y todo el contenido de inter\u00e9s general que la gente del pueblo y la regi\u00f3n debe conocer.\" \/>\n<meta name=\"robots\" content=\"index, follow, max-snippet:-1, max-image-preview:large, max-video-preview:-1\" \/>\n<link rel=\"canonical\" href=\"https:\/\/www.celttv.com.ar\/index.php\/2012\/08\/10\/asi-sera-la-reestructuracion-del-sentido-de-las-calles-de-la-ciudad-cabecera\/\" \/>\n<meta property=\"og:locale\" content=\"es_ES\" \/>\n<meta property=\"og:type\" content=\"article\" \/>\n<meta property=\"og:title\" content=\"ASI SERA LA REESTRUCTURACION DEL SENTIDO DE LAS CALLES DE LA CIUDAD CABECERA - CELTTV\" \/>\n<meta property=\"og:description\" content=\"Sitio web de noticias de la localidad de Tornquist, provincia de Buenos Aires, Rep\u00fablica Argentina. Contenido propio originado por periodistas de CELTTV, el canal de TV local de la Cooperativa El\u00e9ctrica de Tornquist. Turismo, Pol\u00edtica, Sociedad, Deporte, Cultura y todo el contenido de inter\u00e9s general que la gente del pueblo y la regi\u00f3n debe conocer.\" \/>\n<meta property=\"og:url\" content=\"https:\/\/www.celttv.com.ar\/index.php\/2012\/08\/10\/asi-sera-la-reestructuracion-del-sentido-de-las-calles-de-la-ciudad-cabecera\/\" \/>\n<meta property=\"og:site_name\" content=\"CELTTV\" \/>\n<meta property=\"article:publisher\" content=\"https:\/\/www.facebook.com\/celtTV\/\" \/>\n<meta property=\"article:published_time\" content=\"2012-08-10T13:31:42+00:00\" \/>\n<meta name=\"author\" content=\"ulises\" \/>\n<meta name=\"twitter:card\" content=\"summary_large_image\" \/>\n<meta name=\"twitter:label1\" content=\"Escrito por\" \/>\n\t<meta name=\"twitter:data1\" content=\"ulises\" \/>\n\t<meta name=\"twitter:label2\" content=\"Tiempo de lectura\" \/>\n\t<meta name=\"twitter:data2\" content=\"3 minutos\" \/>\n<script type=\"application\/ld+json\" class=\"yoast-schema-graph\">{\"@context\":\"https:\/\/schema.org\",\"@graph\":[{\"@type\":\"NewsArticle\",\"@id\":\"https:\/\/www.celttv.com.ar\/index.php\/2012\/08\/10\/asi-sera-la-reestructuracion-del-sentido-de-las-calles-de-la-ciudad-cabecera\/#article\",\"isPartOf\":{\"@id\":\"https:\/\/www.celttv.com.ar\/index.php\/2012\/08\/10\/asi-sera-la-reestructuracion-del-sentido-de-las-calles-de-la-ciudad-cabecera\/\"},\"author\":{\"name\":\"ulises\",\"@id\":\"https:\/\/www.celttv.com.ar\/#\/schema\/person\/6d99c072dba59953809c81446e9d0ace\"},\"headline\":\"ASI SERA LA REESTRUCTURACION DEL SENTIDO DE LAS CALLES DE LA CIUDAD CABECERA\",\"datePublished\":\"2012-08-10T13:31:42+00:00\",\"dateModified\":\"2012-08-10T13:31:42+00:00\",\"mainEntityOfPage\":{\"@id\":\"https:\/\/www.celttv.com.ar\/index.php\/2012\/08\/10\/asi-sera-la-reestructuracion-del-sentido-de-las-calles-de-la-ciudad-cabecera\/\"},\"wordCount\":607,\"publisher\":{\"@id\":\"https:\/\/www.celttv.com.ar\/#organization\"},\"articleSection\":[\"Comunidad\",\"Destacadas\",\"Pol\u00edtica\"],\"inLanguage\":\"es\"},{\"@type\":\"WebPage\",\"@id\":\"https:\/\/www.celttv.com.ar\/index.php\/2012\/08\/10\/asi-sera-la-reestructuracion-del-sentido-de-las-calles-de-la-ciudad-cabecera\/\",\"url\":\"https:\/\/www.celttv.com.ar\/index.php\/2012\/08\/10\/asi-sera-la-reestructuracion-del-sentido-de-las-calles-de-la-ciudad-cabecera\/\",\"name\":\"ASI SERA LA REESTRUCTURACION DEL SENTIDO DE LAS CALLES DE LA CIUDAD CABECERA - CELTTV\",\"isPartOf\":{\"@id\":\"https:\/\/www.celttv.com.ar\/#website\"},\"datePublished\":\"2012-08-10T13:31:42+00:00\",\"dateModified\":\"2012-08-10T13:31:42+00:00\",\"description\":\"Sitio web de noticias de la localidad de Tornquist, provincia de Buenos Aires, Rep\u00fablica Argentina. Contenido propio originado por periodistas de CELTTV, el canal de TV local de la Cooperativa El\u00e9ctrica de Tornquist. Turismo, Pol\u00edtica, Sociedad, Deporte, Cultura y todo el contenido de inter\u00e9s general que la gente del pueblo y la regi\u00f3n debe conocer.\",\"breadcrumb\":{\"@id\":\"https:\/\/www.celttv.com.ar\/index.php\/2012\/08\/10\/asi-sera-la-reestructuracion-del-sentido-de-las-calles-de-la-ciudad-cabecera\/#breadcrumb\"},\"inLanguage\":\"es\",\"potentialAction\":[{\"@type\":\"ReadAction\",\"target\":[\"https:\/\/www.celttv.com.ar\/index.php\/2012\/08\/10\/asi-sera-la-reestructuracion-del-sentido-de-las-calles-de-la-ciudad-cabecera\/\"]}]},{\"@type\":\"BreadcrumbList\",\"@id\":\"https:\/\/www.celttv.com.ar\/index.php\/2012\/08\/10\/asi-sera-la-reestructuracion-del-sentido-de-las-calles-de-la-ciudad-cabecera\/#breadcrumb\",\"itemListElement\":[{\"@type\":\"ListItem\",\"position\":1,\"name\":\"Inicio\",\"item\":\"https:\/\/www.celttv.com.ar\/\"},{\"@type\":\"ListItem\",\"position\":2,\"name\":\"ASI SERA LA REESTRUCTURACION DEL SENTIDO DE LAS CALLES DE LA CIUDAD CABECERA\"}]},{\"@type\":\"WebSite\",\"@id\":\"https:\/\/www.celttv.com.ar\/#website\",\"url\":\"https:\/\/www.celttv.com.ar\/\",\"name\":\"CELTTV\",\"description\":\"Cooperativa El\u00e9ctrica de Tornquist\",\"publisher\":{\"@id\":\"https:\/\/www.celttv.com.ar\/#organization\"},\"potentialAction\":[{\"@type\":\"SearchAction\",\"target\":{\"@type\":\"EntryPoint\",\"urlTemplate\":\"https:\/\/www.celttv.com.ar\/?s={search_term_string}\"},\"query-input\":\"required name=search_term_string\"}],\"inLanguage\":\"es\"},{\"@type\":\"Organization\",\"@id\":\"https:\/\/www.celttv.com.ar\/#organization\",\"name\":\"CELTTV\",\"url\":\"https:\/\/www.celttv.com.ar\/\",\"sameAs\":[\"https:\/\/www.youtube.com\/channel\/UCz_oIt8Hig64Ub-EmcNPIhg\",\"https:\/\/www.facebook.com\/celtTV\/\"],\"logo\":{\"@type\":\"ImageObject\",\"inLanguage\":\"es\",\"@id\":\"https:\/\/www.celttv.com.ar\/#\/schema\/logo\/image\/\",\"url\":\"http:\/\/www.celttv.com.ar\/wp-content\/uploads\/2022\/08\/logo-1.png\",\"contentUrl\":\"http:\/\/www.celttv.com.ar\/wp-content\/uploads\/2022\/08\/logo-1.png\",\"width\":461,\"height\":159,\"caption\":\"CELTTV\"},\"image\":{\"@id\":\"https:\/\/www.celttv.com.ar\/#\/schema\/logo\/image\/\"}},{\"@type\":\"Person\",\"@id\":\"https:\/\/www.celttv.com.ar\/#\/schema\/person\/6d99c072dba59953809c81446e9d0ace\",\"name\":\"ulises\",\"image\":{\"@type\":\"ImageObject\",\"inLanguage\":\"es\",\"@id\":\"https:\/\/www.celttv.com.ar\/#\/schema\/person\/image\/\",\"url\":\"https:\/\/secure.gravatar.com\/avatar\/7f2c48bdc33b30088f941fb6082e555f2874c98e20cb159d7b92b50eadfce793?s=96&d=mm&r=g\",\"contentUrl\":\"https:\/\/secure.gravatar.com\/avatar\/7f2c48bdc33b30088f941fb6082e555f2874c98e20cb159d7b92b50eadfce793?s=96&d=mm&r=g\",\"caption\":\"ulises\"},\"sameAs\":[\"http:\/\/www.celttv.com.ar\"]}]}<\/script>\n<!-- \/ Yoast SEO plugin. -->","yoast_head_json":{"title":"ASI SERA LA REESTRUCTURACION DEL SENTIDO DE LAS CALLES DE LA CIUDAD CABECERA - CELTTV","description":"Sitio web de noticias de la localidad de Tornquist, provincia de Buenos Aires, Rep\u00fablica Argentina. Contenido propio originado por periodistas de CELTTV, el canal de TV local de la Cooperativa El\u00e9ctrica de Tornquist. Turismo, Pol\u00edtica, Sociedad, Deporte, Cultura y todo el contenido de inter\u00e9s general que la gente del pueblo y la regi\u00f3n debe conocer.","robots":{"index":"index","follow":"follow","max-snippet":"max-snippet:-1","max-image-preview":"max-image-preview:large","max-video-preview":"max-video-preview:-1"},"canonical":"https:\/\/www.celttv.com.ar\/index.php\/2012\/08\/10\/asi-sera-la-reestructuracion-del-sentido-de-las-calles-de-la-ciudad-cabecera\/","og_locale":"es_ES","og_type":"article","og_title":"ASI SERA LA REESTRUCTURACION DEL SENTIDO DE LAS CALLES DE LA CIUDAD CABECERA - CELTTV","og_description":"Sitio web de noticias de la localidad de Tornquist, provincia de Buenos Aires, Rep\u00fablica Argentina. Contenido propio originado por periodistas de CELTTV, el canal de TV local de la Cooperativa El\u00e9ctrica de Tornquist. Turismo, Pol\u00edtica, Sociedad, Deporte, Cultura y todo el contenido de inter\u00e9s general que la gente del pueblo y la regi\u00f3n debe conocer.","og_url":"https:\/\/www.celttv.com.ar\/index.php\/2012\/08\/10\/asi-sera-la-reestructuracion-del-sentido-de-las-calles-de-la-ciudad-cabecera\/","og_site_name":"CELTTV","article_publisher":"https:\/\/www.facebook.com\/celtTV\/","article_published_time":"2012-08-10T13:31:42+00:00","author":"ulises","twitter_card":"summary_large_image","twitter_misc":{"Escrito por":"ulises","Tiempo de lectura":"3 minutos"},"schema":{"@context":"https:\/\/schema.org","@graph":[{"@type":"NewsArticle","@id":"https:\/\/www.celttv.com.ar\/index.php\/2012\/08\/10\/asi-sera-la-reestructuracion-del-sentido-de-las-calles-de-la-ciudad-cabecera\/#article","isPartOf":{"@id":"https:\/\/www.celttv.com.ar\/index.php\/2012\/08\/10\/asi-sera-la-reestructuracion-del-sentido-de-las-calles-de-la-ciudad-cabecera\/"},"author":{"name":"ulises","@id":"https:\/\/www.celttv.com.ar\/#\/schema\/person\/6d99c072dba59953809c81446e9d0ace"},"headline":"ASI SERA LA REESTRUCTURACION DEL SENTIDO DE LAS CALLES DE LA CIUDAD CABECERA","datePublished":"2012-08-10T13:31:42+00:00","dateModified":"2012-08-10T13:31:42+00:00","mainEntityOfPage":{"@id":"https:\/\/www.celttv.com.ar\/index.php\/2012\/08\/10\/asi-sera-la-reestructuracion-del-sentido-de-las-calles-de-la-ciudad-cabecera\/"},"wordCount":607,"publisher":{"@id":"https:\/\/www.celttv.com.ar\/#organization"},"articleSection":["Comunidad","Destacadas","Pol\u00edtica"],"inLanguage":"es"},{"@type":"WebPage","@id":"https:\/\/www.celttv.com.ar\/index.php\/2012\/08\/10\/asi-sera-la-reestructuracion-del-sentido-de-las-calles-de-la-ciudad-cabecera\/","url":"https:\/\/www.celttv.com.ar\/index.php\/2012\/08\/10\/asi-sera-la-reestructuracion-del-sentido-de-las-calles-de-la-ciudad-cabecera\/","name":"ASI SERA LA REESTRUCTURACION DEL SENTIDO DE LAS CALLES DE LA CIUDAD CABECERA - CELTTV","isPartOf":{"@id":"https:\/\/www.celttv.com.ar\/#website"},"datePublished":"2012-08-10T13:31:42+00:00","dateModified":"2012-08-10T13:31:42+00:00","description":"Sitio web de noticias de la localidad de Tornquist, provincia de Buenos Aires, Rep\u00fablica Argentina. Contenido propio originado por periodistas de CELTTV, el canal de TV local de la Cooperativa El\u00e9ctrica de Tornquist. Turismo, Pol\u00edtica, Sociedad, Deporte, Cultura y todo el contenido de inter\u00e9s general que la gente del pueblo y la regi\u00f3n debe conocer.","breadcrumb":{"@id":"https:\/\/www.celttv.com.ar\/index.php\/2012\/08\/10\/asi-sera-la-reestructuracion-del-sentido-de-las-calles-de-la-ciudad-cabecera\/#breadcrumb"},"inLanguage":"es","potentialAction":[{"@type":"ReadAction","target":["https:\/\/www.celttv.com.ar\/index.php\/2012\/08\/10\/asi-sera-la-reestructuracion-del-sentido-de-las-calles-de-la-ciudad-cabecera\/"]}]},{"@type":"BreadcrumbList","@id":"https:\/\/www.celttv.com.ar\/index.php\/2012\/08\/10\/asi-sera-la-reestructuracion-del-sentido-de-las-calles-de-la-ciudad-cabecera\/#breadcrumb","itemListElement":[{"@type":"ListItem","position":1,"name":"Inicio","item":"https:\/\/www.celttv.com.ar\/"},{"@type":"ListItem","position":2,"name":"ASI SERA LA REESTRUCTURACION DEL SENTIDO DE LAS CALLES DE LA CIUDAD CABECERA"}]},{"@type":"WebSite","@id":"https:\/\/www.celttv.com.ar\/#website","url":"https:\/\/www.celttv.com.ar\/","name":"CELTTV","description":"Cooperativa El\u00e9ctrica de Tornquist","publisher":{"@id":"https:\/\/www.celttv.com.ar\/#organization"},"potentialAction":[{"@type":"SearchAction","target":{"@type":"EntryPoint","urlTemplate":"https:\/\/www.celttv.com.ar\/?s={search_term_string}"},"query-input":"required name=search_term_string"}],"inLanguage":"es"},{"@type":"Organization","@id":"https:\/\/www.celttv.com.ar\/#organization","name":"CELTTV","url":"https:\/\/www.celttv.com.ar\/","sameAs":["https:\/\/www.youtube.com\/channel\/UCz_oIt8Hig64Ub-EmcNPIhg","https:\/\/www.facebook.com\/celtTV\/"],"logo":{"@type":"ImageObject","inLanguage":"es","@id":"https:\/\/www.celttv.com.ar\/#\/schema\/logo\/image\/","url":"http:\/\/www.celttv.com.ar\/wp-content\/uploads\/2022\/08\/logo-1.png","contentUrl":"http:\/\/www.celttv.com.ar\/wp-content\/uploads\/2022\/08\/logo-1.png","width":461,"height":159,"caption":"CELTTV"},"image":{"@id":"https:\/\/www.celttv.com.ar\/#\/schema\/logo\/image\/"}},{"@type":"Person","@id":"https:\/\/www.celttv.com.ar\/#\/schema\/person\/6d99c072dba59953809c81446e9d0ace","name":"ulises","image":{"@type":"ImageObject","inLanguage":"es","@id":"https:\/\/www.celttv.com.ar\/#\/schema\/person\/image\/","url":"https:\/\/secure.gravatar.com\/avatar\/7f2c48bdc33b30088f941fb6082e555f2874c98e20cb159d7b92b50eadfce793?s=96&d=mm&r=g","contentUrl":"https:\/\/secure.gravatar.com\/avatar\/7f2c48bdc33b30088f941fb6082e555f2874c98e20cb159d7b92b50eadfce793?s=96&d=mm&r=g","caption":"ulises"},"sameAs":["http:\/\/www.celttv.com.ar"]}]}},"_links":{"self":[{"href":"https:\/\/www.celttv.com.ar\/index.php\/wp-json\/wp\/v2\/posts\/7665","targetHints":{"allow":["GET"]}}],"collection":[{"href":"https:\/\/www.celttv.com.ar\/index.php\/wp-json\/wp\/v2\/posts"}],"about":[{"href":"https:\/\/www.celttv.com.ar\/index.php\/wp-json\/wp\/v2\/types\/post"}],"author":[{"embeddable":true,"href":"https:\/\/www.celttv.com.ar\/index.php\/wp-json\/wp\/v2\/users\/1"}],"replies":[{"embeddable":true,"href":"https:\/\/www.celttv.com.ar\/index.php\/wp-json\/wp\/v2\/comments?post=7665"}],"version-history":[{"count":0,"href":"https:\/\/www.celttv.com.ar\/index.php\/wp-json\/wp\/v2\/posts\/7665\/revisions"}],"wp:attachment":[{"href":"https:\/\/www.celttv.com.ar\/index.php\/wp-json\/wp\/v2\/media?parent=7665"}],"wp:term":[{"taxonomy":"category","embeddable":true,"href":"https:\/\/www.celttv.com.ar\/index.php\/wp-json\/wp\/v2\/categories?post=7665"},{"taxonomy":"post_tag","embeddable":true,"href":"https:\/\/www.celttv.com.ar\/index.php\/wp-json\/wp\/v2\/tags?post=7665"}],"curies":[{"name":"wp","href":"https:\/\/api.w.org\/{rel}","templated":true}]}}