{"id":76699,"date":"2023-06-09T18:23:28","date_gmt":"2023-06-09T21:23:28","guid":{"rendered":"http:\/\/www.celttv.com.ar\/?p=76699"},"modified":"2023-06-09T18:23:28","modified_gmt":"2023-06-09T21:23:28","slug":"el-tren-museo-itinerante-llego-a-tornquist-y-bordoni-recorrio-la-formacion","status":"publish","type":"post","link":"https:\/\/www.celttv.com.ar\/index.php\/2023\/06\/09\/el-tren-museo-itinerante-llego-a-tornquist-y-bordoni-recorrio-la-formacion\/","title":{"rendered":"El Tren Museo Itinerante lleg\u00f3 a Tornquist y Bordoni recorri\u00f3 la formaci\u00f3n\u00a0\u00a0"},"content":{"rendered":"<p>El Tren Museo Itinerante Ferroviario de Itinerante de Trenes Argentinos Capital Humano, lleg\u00f3 a Tornquist, y el intendente Sergio Bordoni recorri\u00f3 las instalaciones, destinadas a difundir la importante historia del transporte. Acompa\u00f1ado por un grupo de funcionarios, Bordoni visit\u00f3 los vagones, disfrutando de la particularidad de cada uno en su paso.<\/p>\n<p>La formaci\u00f3n fue inaugurada en agosto del 2021, tras un exhaustivo proceso de restauraci\u00f3n integral, posee el coche Presidencial que fuera utilizado por Juan Pablo II, el coche Sal\u00f3n Bar y el coche Cine. Asimismo, en el coche CT 1517 MATERFER se exhiben las piezasm\u00e1s destacadas del acervo de Museo Nacional Ferroviario.<\/p>\n<p>Durante la visita, el Intendente tuvo la oportunidad de conversar con los gu\u00edas del museo, expertos en la historia ferroviaria, quienes compartieron con \u00e9l interesantes an\u00e9cdotas y detalles sobre cada espacio.<\/p>\n<p>Los vecinos pueden acercarse desde este viernes y hasta el domingo, de 10 a 13 y de 14 a 18 hs, a conocer la propuesta con entrada libre y gratuita.<\/p>\n<p>Es imp\u00f3rtate mencionar, que habr\u00e1 dos funciones de cine dentro de la formaci\u00f3n a las 20 y 22hs y se proyectar\u00e1n las siguientes pel\u00edculas del cine nacional:<\/p>\n<p><em><u>Viernes <\/u><\/em><\/p>\n<p>20hs. Ca\u00eddos del mapa<\/p>\n<p>22hs. F\u00fatbol o yo<\/p>\n<p><em><u>S\u00e1bado <\/u><\/em><\/p>\n<p>20hs. Bruno motoneta<\/p>\n<p>22hs.Esperando la carroza<\/p>\n<p><em><u>Domingo<\/u><\/em><\/p>\n<p>20hs.Metegol<\/p>\n<p>22hs.La odisea de los giles<\/p>\n<p><img loading=\"lazy\" decoding=\"async\" class=\"alignnone wp-image-76700 size-large\" src=\"http:\/\/www.celttv.com.ar\/wp-content\/uploads\/2023\/06\/tren-1024x682.jpeg\" alt=\"\" width=\"1024\" height=\"682\" srcset=\"https:\/\/www.celttv.com.ar\/wp-content\/uploads\/2023\/06\/tren-1024x682.jpeg 1024w, https:\/\/www.celttv.com.ar\/wp-content\/uploads\/2023\/06\/tren-300x200.jpeg 300w, https:\/\/www.celttv.com.ar\/wp-content\/uploads\/2023\/06\/tren-768x512.jpeg 768w, https:\/\/www.celttv.com.ar\/wp-content\/uploads\/2023\/06\/tren-1536x1023.jpeg 1536w, https:\/\/www.celttv.com.ar\/wp-content\/uploads\/2023\/06\/tren-750x500.jpeg 750w, https:\/\/www.celttv.com.ar\/wp-content\/uploads\/2023\/06\/tren-1140x760.jpeg 1140w, https:\/\/www.celttv.com.ar\/wp-content\/uploads\/2023\/06\/tren.jpeg 1600w\" sizes=\"auto, (max-width: 1024px) 100vw, 1024px\" \/> <img loading=\"lazy\" decoding=\"async\" class=\"alignnone wp-image-76701 size-large\" src=\"http:\/\/www.celttv.com.ar\/wp-content\/uploads\/2023\/06\/tren1-1024x682.jpeg\" alt=\"\" width=\"1024\" height=\"682\" srcset=\"https:\/\/www.celttv.com.ar\/wp-content\/uploads\/2023\/06\/tren1-1024x682.jpeg 1024w, https:\/\/www.celttv.com.ar\/wp-content\/uploads\/2023\/06\/tren1-300x200.jpeg 300w, https:\/\/www.celttv.com.ar\/wp-content\/uploads\/2023\/06\/tren1-768x512.jpeg 768w, https:\/\/www.celttv.com.ar\/wp-content\/uploads\/2023\/06\/tren1-1536x1023.jpeg 1536w, https:\/\/www.celttv.com.ar\/wp-content\/uploads\/2023\/06\/tren1-750x500.jpeg 750w, https:\/\/www.celttv.com.ar\/wp-content\/uploads\/2023\/06\/tren1-1140x760.jpeg 1140w, https:\/\/www.celttv.com.ar\/wp-content\/uploads\/2023\/06\/tren1.jpeg 1600w\" sizes=\"auto, (max-width: 1024px) 100vw, 1024px\" \/> <img loading=\"lazy\" decoding=\"async\" class=\"alignnone wp-image-76702 size-large\" src=\"http:\/\/www.celttv.com.ar\/wp-content\/uploads\/2023\/06\/tren2-1024x682.jpeg\" alt=\"\" width=\"1024\" height=\"682\" srcset=\"https:\/\/www.celttv.com.ar\/wp-content\/uploads\/2023\/06\/tren2-1024x682.jpeg 1024w, https:\/\/www.celttv.com.ar\/wp-content\/uploads\/2023\/06\/tren2-300x200.jpeg 300w, https:\/\/www.celttv.com.ar\/wp-content\/uploads\/2023\/06\/tren2-768x512.jpeg 768w, https:\/\/www.celttv.com.ar\/wp-content\/uploads\/2023\/06\/tren2-1536x1023.jpeg 1536w, https:\/\/www.celttv.com.ar\/wp-content\/uploads\/2023\/06\/tren2-750x500.jpeg 750w, https:\/\/www.celttv.com.ar\/wp-content\/uploads\/2023\/06\/tren2-1140x760.jpeg 1140w, https:\/\/www.celttv.com.ar\/wp-content\/uploads\/2023\/06\/tren2.jpeg 1600w\" sizes=\"auto, (max-width: 1024px) 100vw, 1024px\" \/> <img loading=\"lazy\" decoding=\"async\" class=\"alignnone wp-image-76703 size-large\" src=\"http:\/\/www.celttv.com.ar\/wp-content\/uploads\/2023\/06\/tren3-1024x682.jpeg\" alt=\"\" width=\"1024\" height=\"682\" srcset=\"https:\/\/www.celttv.com.ar\/wp-content\/uploads\/2023\/06\/tren3-1024x682.jpeg 1024w, https:\/\/www.celttv.com.ar\/wp-content\/uploads\/2023\/06\/tren3-300x200.jpeg 300w, https:\/\/www.celttv.com.ar\/wp-content\/uploads\/2023\/06\/tren3-768x512.jpeg 768w, https:\/\/www.celttv.com.ar\/wp-content\/uploads\/2023\/06\/tren3-1536x1023.jpeg 1536w, https:\/\/www.celttv.com.ar\/wp-content\/uploads\/2023\/06\/tren3-750x500.jpeg 750w, https:\/\/www.celttv.com.ar\/wp-content\/uploads\/2023\/06\/tren3-1140x760.jpeg 1140w, https:\/\/www.celttv.com.ar\/wp-content\/uploads\/2023\/06\/tren3.jpeg 1600w\" sizes=\"auto, (max-width: 1024px) 100vw, 1024px\" \/> <img loading=\"lazy\" decoding=\"async\" class=\"alignnone wp-image-76704 size-large\" src=\"http:\/\/www.celttv.com.ar\/wp-content\/uploads\/2023\/06\/tren4-1024x682.jpeg\" alt=\"\" width=\"1024\" height=\"682\" srcset=\"https:\/\/www.celttv.com.ar\/wp-content\/uploads\/2023\/06\/tren4-1024x682.jpeg 1024w, https:\/\/www.celttv.com.ar\/wp-content\/uploads\/2023\/06\/tren4-300x200.jpeg 300w, https:\/\/www.celttv.com.ar\/wp-content\/uploads\/2023\/06\/tren4-768x512.jpeg 768w, https:\/\/www.celttv.com.ar\/wp-content\/uploads\/2023\/06\/tren4-1536x1023.jpeg 1536w, https:\/\/www.celttv.com.ar\/wp-content\/uploads\/2023\/06\/tren4-750x500.jpeg 750w, https:\/\/www.celttv.com.ar\/wp-content\/uploads\/2023\/06\/tren4-1140x760.jpeg 1140w, https:\/\/www.celttv.com.ar\/wp-content\/uploads\/2023\/06\/tren4.jpeg 1600w\" sizes=\"auto, (max-width: 1024px) 100vw, 1024px\" \/> <img loading=\"lazy\" decoding=\"async\" class=\"alignnone wp-image-76705 size-large\" src=\"http:\/\/www.celttv.com.ar\/wp-content\/uploads\/2023\/06\/tren5-1024x682.jpeg\" alt=\"\" width=\"1024\" height=\"682\" srcset=\"https:\/\/www.celttv.com.ar\/wp-content\/uploads\/2023\/06\/tren5-1024x682.jpeg 1024w, https:\/\/www.celttv.com.ar\/wp-content\/uploads\/2023\/06\/tren5-300x200.jpeg 300w, https:\/\/www.celttv.com.ar\/wp-content\/uploads\/2023\/06\/tren5-768x512.jpeg 768w, https:\/\/www.celttv.com.ar\/wp-content\/uploads\/2023\/06\/tren5-1536x1023.jpeg 1536w, https:\/\/www.celttv.com.ar\/wp-content\/uploads\/2023\/06\/tren5-750x500.jpeg 750w, https:\/\/www.celttv.com.ar\/wp-content\/uploads\/2023\/06\/tren5-1140x760.jpeg 1140w, https:\/\/www.celttv.com.ar\/wp-content\/uploads\/2023\/06\/tren5.jpeg 1600w\" sizes=\"auto, (max-width: 1024px) 100vw, 1024px\" \/> <img loading=\"lazy\" decoding=\"async\" class=\"alignnone wp-image-76706 size-large\" src=\"http:\/\/www.celttv.com.ar\/wp-content\/uploads\/2023\/06\/tren6-1024x682.jpeg\" alt=\"\" width=\"1024\" height=\"682\" srcset=\"https:\/\/www.celttv.com.ar\/wp-content\/uploads\/2023\/06\/tren6-1024x682.jpeg 1024w, https:\/\/www.celttv.com.ar\/wp-content\/uploads\/2023\/06\/tren6-300x200.jpeg 300w, https:\/\/www.celttv.com.ar\/wp-content\/uploads\/2023\/06\/tren6-768x512.jpeg 768w, https:\/\/www.celttv.com.ar\/wp-content\/uploads\/2023\/06\/tren6-1536x1023.jpeg 1536w, https:\/\/www.celttv.com.ar\/wp-content\/uploads\/2023\/06\/tren6-750x500.jpeg 750w, https:\/\/www.celttv.com.ar\/wp-content\/uploads\/2023\/06\/tren6-1140x760.jpeg 1140w, https:\/\/www.celttv.com.ar\/wp-content\/uploads\/2023\/06\/tren6.jpeg 1600w\" sizes=\"auto, (max-width: 1024px) 100vw, 1024px\" \/> <img loading=\"lazy\" decoding=\"async\" class=\"alignnone wp-image-76707 size-large\" src=\"http:\/\/www.celttv.com.ar\/wp-content\/uploads\/2023\/06\/tren7-1024x682.jpeg\" alt=\"\" width=\"1024\" height=\"682\" srcset=\"https:\/\/www.celttv.com.ar\/wp-content\/uploads\/2023\/06\/tren7-1024x682.jpeg 1024w, https:\/\/www.celttv.com.ar\/wp-content\/uploads\/2023\/06\/tren7-300x200.jpeg 300w, https:\/\/www.celttv.com.ar\/wp-content\/uploads\/2023\/06\/tren7-768x512.jpeg 768w, https:\/\/www.celttv.com.ar\/wp-content\/uploads\/2023\/06\/tren7-1536x1023.jpeg 1536w, https:\/\/www.celttv.com.ar\/wp-content\/uploads\/2023\/06\/tren7-750x500.jpeg 750w, https:\/\/www.celttv.com.ar\/wp-content\/uploads\/2023\/06\/tren7-1140x760.jpeg 1140w, https:\/\/www.celttv.com.ar\/wp-content\/uploads\/2023\/06\/tren7.jpeg 1600w\" sizes=\"auto, (max-width: 1024px) 100vw, 1024px\" \/> <img loading=\"lazy\" decoding=\"async\" class=\"alignnone wp-image-76708 size-large\" src=\"http:\/\/www.celttv.com.ar\/wp-content\/uploads\/2023\/06\/tren8-1024x682.jpeg\" alt=\"\" width=\"1024\" height=\"682\" srcset=\"https:\/\/www.celttv.com.ar\/wp-content\/uploads\/2023\/06\/tren8-1024x682.jpeg 1024w, https:\/\/www.celttv.com.ar\/wp-content\/uploads\/2023\/06\/tren8-300x200.jpeg 300w, https:\/\/www.celttv.com.ar\/wp-content\/uploads\/2023\/06\/tren8-768x512.jpeg 768w, https:\/\/www.celttv.com.ar\/wp-content\/uploads\/2023\/06\/tren8-1536x1023.jpeg 1536w, https:\/\/www.celttv.com.ar\/wp-content\/uploads\/2023\/06\/tren8-750x500.jpeg 750w, https:\/\/www.celttv.com.ar\/wp-content\/uploads\/2023\/06\/tren8-1140x760.jpeg 1140w, https:\/\/www.celttv.com.ar\/wp-content\/uploads\/2023\/06\/tren8.jpeg 1600w\" sizes=\"auto, (max-width: 1024px) 100vw, 1024px\" \/> <img loading=\"lazy\" decoding=\"async\" class=\"alignnone wp-image-76709 size-large\" src=\"http:\/\/www.celttv.com.ar\/wp-content\/uploads\/2023\/06\/tren9-1024x682.jpeg\" alt=\"\" width=\"1024\" height=\"682\" srcset=\"https:\/\/www.celttv.com.ar\/wp-content\/uploads\/2023\/06\/tren9-1024x682.jpeg 1024w, https:\/\/www.celttv.com.ar\/wp-content\/uploads\/2023\/06\/tren9-300x200.jpeg 300w, https:\/\/www.celttv.com.ar\/wp-content\/uploads\/2023\/06\/tren9-768x512.jpeg 768w, https:\/\/www.celttv.com.ar\/wp-content\/uploads\/2023\/06\/tren9-1536x1023.jpeg 1536w, https:\/\/www.celttv.com.ar\/wp-content\/uploads\/2023\/06\/tren9-750x500.jpeg 750w, https:\/\/www.celttv.com.ar\/wp-content\/uploads\/2023\/06\/tren9-1140x760.jpeg 1140w, https:\/\/www.celttv.com.ar\/wp-content\/uploads\/2023\/06\/tren9.jpeg 1600w\" sizes=\"auto, (max-width: 1024px) 100vw, 1024px\" \/> <img loading=\"lazy\" decoding=\"async\" class=\"alignnone wp-image-76710 size-large\" src=\"http:\/\/www.celttv.com.ar\/wp-content\/uploads\/2023\/06\/tren10-1024x800.jpeg\" alt=\"\" width=\"1024\" height=\"800\" srcset=\"https:\/\/www.celttv.com.ar\/wp-content\/uploads\/2023\/06\/tren10-1024x800.jpeg 1024w, https:\/\/www.celttv.com.ar\/wp-content\/uploads\/2023\/06\/tren10-300x234.jpeg 300w, https:\/\/www.celttv.com.ar\/wp-content\/uploads\/2023\/06\/tren10-768x600.jpeg 768w, https:\/\/www.celttv.com.ar\/wp-content\/uploads\/2023\/06\/tren10-1536x1200.jpeg 1536w, https:\/\/www.celttv.com.ar\/wp-content\/uploads\/2023\/06\/tren10-750x586.jpeg 750w, https:\/\/www.celttv.com.ar\/wp-content\/uploads\/2023\/06\/tren10-1140x891.jpeg 1140w, https:\/\/www.celttv.com.ar\/wp-content\/uploads\/2023\/06\/tren10.jpeg 1600w\" sizes=\"auto, (max-width: 1024px) 100vw, 1024px\" \/><\/p>\n","protected":false},"excerpt":{"rendered":"<p>El Tren Museo Itinerante Ferroviario de Itinerante de Trenes Argentinos Capital Humano, lleg\u00f3 a Tornquist, y el intendente Sergio Bordoni recorri\u00f3 las instalaciones, destinadas a difundir la importante historia del transporte. Acompa\u00f1ado por un grupo de funcionarios, Bordoni visit\u00f3 los vagones, disfrutando de la particularidad de cada uno en su paso. La formaci\u00f3n fue inaugurada [&hellip;]<\/p>\n","protected":false},"author":5,"featured_media":76710,"comment_status":"closed","ping_status":"closed","sticky":false,"template":"","format":"standard","meta":{"footnotes":""},"categories":[51,26,52,59,58],"tags":[907],"class_list":["post-76699","post","type-post","status-publish","format-standard","has-post-thumbnail","hentry","category-comunidad","category-culture","category-destacadas","category-municipales","category-turismo","tag-tren-museo-itinerante"],"yoast_head":"<!-- This site is optimized with the Yoast SEO plugin v19.7.1 - https:\/\/yoast.com\/wordpress\/plugins\/seo\/ -->\n<title>El Tren Museo Itinerante lleg\u00f3 a Tornquist y Bordoni recorri\u00f3 la formaci\u00f3n\u00a0\u00a0 - CELTTV<\/title>\n<meta name=\"description\" content=\"Sitio web de noticias de la localidad de Tornquist, provincia de Buenos Aires, Rep\u00fablica Argentina. Contenido propio originado por periodistas de CELTTV, el canal de TV local de la Cooperativa El\u00e9ctrica de Tornquist. Turismo, Pol\u00edtica, Sociedad, Deporte, Cultura y todo el contenido de inter\u00e9s general que la gente del pueblo y la regi\u00f3n debe conocer.\" \/>\n<meta name=\"robots\" content=\"index, follow, max-snippet:-1, max-image-preview:large, max-video-preview:-1\" \/>\n<link rel=\"canonical\" href=\"https:\/\/www.celttv.com.ar\/index.php\/2023\/06\/09\/el-tren-museo-itinerante-llego-a-tornquist-y-bordoni-recorrio-la-formacion\/\" \/>\n<meta property=\"og:locale\" content=\"es_ES\" \/>\n<meta property=\"og:type\" content=\"article\" \/>\n<meta property=\"og:title\" content=\"El Tren Museo Itinerante lleg\u00f3 a Tornquist y Bordoni recorri\u00f3 la formaci\u00f3n\u00a0\u00a0 - CELTTV\" \/>\n<meta property=\"og:description\" content=\"Sitio web de noticias de la localidad de Tornquist, provincia de Buenos Aires, Rep\u00fablica Argentina. Contenido propio originado por periodistas de CELTTV, el canal de TV local de la Cooperativa El\u00e9ctrica de Tornquist. Turismo, Pol\u00edtica, Sociedad, Deporte, Cultura y todo el contenido de inter\u00e9s general que la gente del pueblo y la regi\u00f3n debe conocer.\" \/>\n<meta property=\"og:url\" content=\"https:\/\/www.celttv.com.ar\/index.php\/2023\/06\/09\/el-tren-museo-itinerante-llego-a-tornquist-y-bordoni-recorrio-la-formacion\/\" \/>\n<meta property=\"og:site_name\" content=\"CELTTV\" \/>\n<meta property=\"article:publisher\" content=\"https:\/\/www.facebook.com\/celtTV\/\" \/>\n<meta property=\"article:published_time\" content=\"2023-06-09T21:23:28+00:00\" \/>\n<meta property=\"og:image\" content=\"https:\/\/www.celttv.com.ar\/wp-content\/uploads\/2023\/06\/tren10.jpeg\" \/>\n\t<meta property=\"og:image:width\" content=\"1600\" \/>\n\t<meta property=\"og:image:height\" content=\"1250\" \/>\n\t<meta property=\"og:image:type\" content=\"image\/jpeg\" \/>\n<meta name=\"author\" content=\"Miguel Herrada\" \/>\n<meta name=\"twitter:card\" content=\"summary_large_image\" \/>\n<meta name=\"twitter:label1\" content=\"Escrito por\" \/>\n\t<meta name=\"twitter:data1\" content=\"Miguel Herrada\" \/>\n\t<meta name=\"twitter:label2\" content=\"Tiempo de lectura\" \/>\n\t<meta name=\"twitter:data2\" content=\"1 minuto\" \/>\n<script type=\"application\/ld+json\" class=\"yoast-schema-graph\">{\"@context\":\"https:\/\/schema.org\",\"@graph\":[{\"@type\":\"NewsArticle\",\"@id\":\"https:\/\/www.celttv.com.ar\/index.php\/2023\/06\/09\/el-tren-museo-itinerante-llego-a-tornquist-y-bordoni-recorrio-la-formacion\/#article\",\"isPartOf\":{\"@id\":\"https:\/\/www.celttv.com.ar\/index.php\/2023\/06\/09\/el-tren-museo-itinerante-llego-a-tornquist-y-bordoni-recorrio-la-formacion\/\"},\"author\":{\"name\":\"Miguel Herrada\",\"@id\":\"https:\/\/www.celttv.com.ar\/#\/schema\/person\/9059dc91dc7204ef4182cdb65225f07d\"},\"headline\":\"El Tren Museo Itinerante lleg\u00f3 a Tornquist y Bordoni recorri\u00f3 la formaci\u00f3n\u00a0\u00a0\",\"datePublished\":\"2023-06-09T21:23:28+00:00\",\"dateModified\":\"2023-06-09T21:23:28+00:00\",\"mainEntityOfPage\":{\"@id\":\"https:\/\/www.celttv.com.ar\/index.php\/2023\/06\/09\/el-tren-museo-itinerante-llego-a-tornquist-y-bordoni-recorrio-la-formacion\/\"},\"wordCount\":237,\"publisher\":{\"@id\":\"https:\/\/www.celttv.com.ar\/#organization\"},\"keywords\":[\"TREN MUSEO ITINERANTE\"],\"articleSection\":[\"Comunidad\",\"Culture\",\"Destacadas\",\"Municipales\",\"Turismo\"],\"inLanguage\":\"es\"},{\"@type\":\"WebPage\",\"@id\":\"https:\/\/www.celttv.com.ar\/index.php\/2023\/06\/09\/el-tren-museo-itinerante-llego-a-tornquist-y-bordoni-recorrio-la-formacion\/\",\"url\":\"https:\/\/www.celttv.com.ar\/index.php\/2023\/06\/09\/el-tren-museo-itinerante-llego-a-tornquist-y-bordoni-recorrio-la-formacion\/\",\"name\":\"El Tren Museo Itinerante lleg\u00f3 a Tornquist y Bordoni recorri\u00f3 la formaci\u00f3n\u00a0\u00a0 - CELTTV\",\"isPartOf\":{\"@id\":\"https:\/\/www.celttv.com.ar\/#website\"},\"datePublished\":\"2023-06-09T21:23:28+00:00\",\"dateModified\":\"2023-06-09T21:23:28+00:00\",\"description\":\"Sitio web de noticias de la localidad de Tornquist, provincia de Buenos Aires, Rep\u00fablica Argentina. Contenido propio originado por periodistas de CELTTV, el canal de TV local de la Cooperativa El\u00e9ctrica de Tornquist. Turismo, Pol\u00edtica, Sociedad, Deporte, Cultura y todo el contenido de inter\u00e9s general que la gente del pueblo y la regi\u00f3n debe conocer.\",\"breadcrumb\":{\"@id\":\"https:\/\/www.celttv.com.ar\/index.php\/2023\/06\/09\/el-tren-museo-itinerante-llego-a-tornquist-y-bordoni-recorrio-la-formacion\/#breadcrumb\"},\"inLanguage\":\"es\",\"potentialAction\":[{\"@type\":\"ReadAction\",\"target\":[\"https:\/\/www.celttv.com.ar\/index.php\/2023\/06\/09\/el-tren-museo-itinerante-llego-a-tornquist-y-bordoni-recorrio-la-formacion\/\"]}]},{\"@type\":\"BreadcrumbList\",\"@id\":\"https:\/\/www.celttv.com.ar\/index.php\/2023\/06\/09\/el-tren-museo-itinerante-llego-a-tornquist-y-bordoni-recorrio-la-formacion\/#breadcrumb\",\"itemListElement\":[{\"@type\":\"ListItem\",\"position\":1,\"name\":\"Inicio\",\"item\":\"https:\/\/www.celttv.com.ar\/\"},{\"@type\":\"ListItem\",\"position\":2,\"name\":\"El Tren Museo Itinerante lleg\u00f3 a Tornquist y Bordoni recorri\u00f3 la formaci\u00f3n\u00a0\u00a0\"}]},{\"@type\":\"WebSite\",\"@id\":\"https:\/\/www.celttv.com.ar\/#website\",\"url\":\"https:\/\/www.celttv.com.ar\/\",\"name\":\"CELTTV\",\"description\":\"Cooperativa El\u00e9ctrica de Tornquist\",\"publisher\":{\"@id\":\"https:\/\/www.celttv.com.ar\/#organization\"},\"potentialAction\":[{\"@type\":\"SearchAction\",\"target\":{\"@type\":\"EntryPoint\",\"urlTemplate\":\"https:\/\/www.celttv.com.ar\/?s={search_term_string}\"},\"query-input\":\"required name=search_term_string\"}],\"inLanguage\":\"es\"},{\"@type\":\"Organization\",\"@id\":\"https:\/\/www.celttv.com.ar\/#organization\",\"name\":\"CELTTV\",\"url\":\"https:\/\/www.celttv.com.ar\/\",\"sameAs\":[\"https:\/\/www.youtube.com\/channel\/UCz_oIt8Hig64Ub-EmcNPIhg\",\"https:\/\/www.facebook.com\/celtTV\/\"],\"logo\":{\"@type\":\"ImageObject\",\"inLanguage\":\"es\",\"@id\":\"https:\/\/www.celttv.com.ar\/#\/schema\/logo\/image\/\",\"url\":\"http:\/\/www.celttv.com.ar\/wp-content\/uploads\/2022\/08\/logo-1.png\",\"contentUrl\":\"http:\/\/www.celttv.com.ar\/wp-content\/uploads\/2022\/08\/logo-1.png\",\"width\":461,\"height\":159,\"caption\":\"CELTTV\"},\"image\":{\"@id\":\"https:\/\/www.celttv.com.ar\/#\/schema\/logo\/image\/\"}},{\"@type\":\"Person\",\"@id\":\"https:\/\/www.celttv.com.ar\/#\/schema\/person\/9059dc91dc7204ef4182cdb65225f07d\",\"name\":\"Miguel Herrada\",\"image\":{\"@type\":\"ImageObject\",\"inLanguage\":\"es\",\"@id\":\"https:\/\/www.celttv.com.ar\/#\/schema\/person\/image\/\",\"url\":\"https:\/\/secure.gravatar.com\/avatar\/67724d5b3c716623ffd76bec7e45841a442ac3b456e914dbba90b0fad2b8e0b1?s=96&d=mm&r=g\",\"contentUrl\":\"https:\/\/secure.gravatar.com\/avatar\/67724d5b3c716623ffd76bec7e45841a442ac3b456e914dbba90b0fad2b8e0b1?s=96&d=mm&r=g\",\"caption\":\"Miguel Herrada\"}}]}<\/script>\n<!-- \/ Yoast SEO plugin. -->","yoast_head_json":{"title":"El Tren Museo Itinerante lleg\u00f3 a Tornquist y Bordoni recorri\u00f3 la formaci\u00f3n\u00a0\u00a0 - CELTTV","description":"Sitio web de noticias de la localidad de Tornquist, provincia de Buenos Aires, Rep\u00fablica Argentina. Contenido propio originado por periodistas de CELTTV, el canal de TV local de la Cooperativa El\u00e9ctrica de Tornquist. Turismo, Pol\u00edtica, Sociedad, Deporte, Cultura y todo el contenido de inter\u00e9s general que la gente del pueblo y la regi\u00f3n debe conocer.","robots":{"index":"index","follow":"follow","max-snippet":"max-snippet:-1","max-image-preview":"max-image-preview:large","max-video-preview":"max-video-preview:-1"},"canonical":"https:\/\/www.celttv.com.ar\/index.php\/2023\/06\/09\/el-tren-museo-itinerante-llego-a-tornquist-y-bordoni-recorrio-la-formacion\/","og_locale":"es_ES","og_type":"article","og_title":"El Tren Museo Itinerante lleg\u00f3 a Tornquist y Bordoni recorri\u00f3 la formaci\u00f3n\u00a0\u00a0 - CELTTV","og_description":"Sitio web de noticias de la localidad de Tornquist, provincia de Buenos Aires, Rep\u00fablica Argentina. Contenido propio originado por periodistas de CELTTV, el canal de TV local de la Cooperativa El\u00e9ctrica de Tornquist. Turismo, Pol\u00edtica, Sociedad, Deporte, Cultura y todo el contenido de inter\u00e9s general que la gente del pueblo y la regi\u00f3n debe conocer.","og_url":"https:\/\/www.celttv.com.ar\/index.php\/2023\/06\/09\/el-tren-museo-itinerante-llego-a-tornquist-y-bordoni-recorrio-la-formacion\/","og_site_name":"CELTTV","article_publisher":"https:\/\/www.facebook.com\/celtTV\/","article_published_time":"2023-06-09T21:23:28+00:00","og_image":[{"width":1600,"height":1250,"url":"https:\/\/www.celttv.com.ar\/wp-content\/uploads\/2023\/06\/tren10.jpeg","type":"image\/jpeg"}],"author":"Miguel Herrada","twitter_card":"summary_large_image","twitter_misc":{"Escrito por":"Miguel Herrada","Tiempo de lectura":"1 minuto"},"schema":{"@context":"https:\/\/schema.org","@graph":[{"@type":"NewsArticle","@id":"https:\/\/www.celttv.com.ar\/index.php\/2023\/06\/09\/el-tren-museo-itinerante-llego-a-tornquist-y-bordoni-recorrio-la-formacion\/#article","isPartOf":{"@id":"https:\/\/www.celttv.com.ar\/index.php\/2023\/06\/09\/el-tren-museo-itinerante-llego-a-tornquist-y-bordoni-recorrio-la-formacion\/"},"author":{"name":"Miguel Herrada","@id":"https:\/\/www.celttv.com.ar\/#\/schema\/person\/9059dc91dc7204ef4182cdb65225f07d"},"headline":"El Tren Museo Itinerante lleg\u00f3 a Tornquist y Bordoni recorri\u00f3 la formaci\u00f3n\u00a0\u00a0","datePublished":"2023-06-09T21:23:28+00:00","dateModified":"2023-06-09T21:23:28+00:00","mainEntityOfPage":{"@id":"https:\/\/www.celttv.com.ar\/index.php\/2023\/06\/09\/el-tren-museo-itinerante-llego-a-tornquist-y-bordoni-recorrio-la-formacion\/"},"wordCount":237,"publisher":{"@id":"https:\/\/www.celttv.com.ar\/#organization"},"keywords":["TREN MUSEO ITINERANTE"],"articleSection":["Comunidad","Culture","Destacadas","Municipales","Turismo"],"inLanguage":"es"},{"@type":"WebPage","@id":"https:\/\/www.celttv.com.ar\/index.php\/2023\/06\/09\/el-tren-museo-itinerante-llego-a-tornquist-y-bordoni-recorrio-la-formacion\/","url":"https:\/\/www.celttv.com.ar\/index.php\/2023\/06\/09\/el-tren-museo-itinerante-llego-a-tornquist-y-bordoni-recorrio-la-formacion\/","name":"El Tren Museo Itinerante lleg\u00f3 a Tornquist y Bordoni recorri\u00f3 la formaci\u00f3n\u00a0\u00a0 - CELTTV","isPartOf":{"@id":"https:\/\/www.celttv.com.ar\/#website"},"datePublished":"2023-06-09T21:23:28+00:00","dateModified":"2023-06-09T21:23:28+00:00","description":"Sitio web de noticias de la localidad de Tornquist, provincia de Buenos Aires, Rep\u00fablica Argentina. Contenido propio originado por periodistas de CELTTV, el canal de TV local de la Cooperativa El\u00e9ctrica de Tornquist. Turismo, Pol\u00edtica, Sociedad, Deporte, Cultura y todo el contenido de inter\u00e9s general que la gente del pueblo y la regi\u00f3n debe conocer.","breadcrumb":{"@id":"https:\/\/www.celttv.com.ar\/index.php\/2023\/06\/09\/el-tren-museo-itinerante-llego-a-tornquist-y-bordoni-recorrio-la-formacion\/#breadcrumb"},"inLanguage":"es","potentialAction":[{"@type":"ReadAction","target":["https:\/\/www.celttv.com.ar\/index.php\/2023\/06\/09\/el-tren-museo-itinerante-llego-a-tornquist-y-bordoni-recorrio-la-formacion\/"]}]},{"@type":"BreadcrumbList","@id":"https:\/\/www.celttv.com.ar\/index.php\/2023\/06\/09\/el-tren-museo-itinerante-llego-a-tornquist-y-bordoni-recorrio-la-formacion\/#breadcrumb","itemListElement":[{"@type":"ListItem","position":1,"name":"Inicio","item":"https:\/\/www.celttv.com.ar\/"},{"@type":"ListItem","position":2,"name":"El Tren Museo Itinerante lleg\u00f3 a Tornquist y Bordoni recorri\u00f3 la formaci\u00f3n\u00a0\u00a0"}]},{"@type":"WebSite","@id":"https:\/\/www.celttv.com.ar\/#website","url":"https:\/\/www.celttv.com.ar\/","name":"CELTTV","description":"Cooperativa El\u00e9ctrica de Tornquist","publisher":{"@id":"https:\/\/www.celttv.com.ar\/#organization"},"potentialAction":[{"@type":"SearchAction","target":{"@type":"EntryPoint","urlTemplate":"https:\/\/www.celttv.com.ar\/?s={search_term_string}"},"query-input":"required name=search_term_string"}],"inLanguage":"es"},{"@type":"Organization","@id":"https:\/\/www.celttv.com.ar\/#organization","name":"CELTTV","url":"https:\/\/www.celttv.com.ar\/","sameAs":["https:\/\/www.youtube.com\/channel\/UCz_oIt8Hig64Ub-EmcNPIhg","https:\/\/www.facebook.com\/celtTV\/"],"logo":{"@type":"ImageObject","inLanguage":"es","@id":"https:\/\/www.celttv.com.ar\/#\/schema\/logo\/image\/","url":"http:\/\/www.celttv.com.ar\/wp-content\/uploads\/2022\/08\/logo-1.png","contentUrl":"http:\/\/www.celttv.com.ar\/wp-content\/uploads\/2022\/08\/logo-1.png","width":461,"height":159,"caption":"CELTTV"},"image":{"@id":"https:\/\/www.celttv.com.ar\/#\/schema\/logo\/image\/"}},{"@type":"Person","@id":"https:\/\/www.celttv.com.ar\/#\/schema\/person\/9059dc91dc7204ef4182cdb65225f07d","name":"Miguel Herrada","image":{"@type":"ImageObject","inLanguage":"es","@id":"https:\/\/www.celttv.com.ar\/#\/schema\/person\/image\/","url":"https:\/\/secure.gravatar.com\/avatar\/67724d5b3c716623ffd76bec7e45841a442ac3b456e914dbba90b0fad2b8e0b1?s=96&d=mm&r=g","contentUrl":"https:\/\/secure.gravatar.com\/avatar\/67724d5b3c716623ffd76bec7e45841a442ac3b456e914dbba90b0fad2b8e0b1?s=96&d=mm&r=g","caption":"Miguel Herrada"}}]}},"_links":{"self":[{"href":"https:\/\/www.celttv.com.ar\/index.php\/wp-json\/wp\/v2\/posts\/76699","targetHints":{"allow":["GET"]}}],"collection":[{"href":"https:\/\/www.celttv.com.ar\/index.php\/wp-json\/wp\/v2\/posts"}],"about":[{"href":"https:\/\/www.celttv.com.ar\/index.php\/wp-json\/wp\/v2\/types\/post"}],"author":[{"embeddable":true,"href":"https:\/\/www.celttv.com.ar\/index.php\/wp-json\/wp\/v2\/users\/5"}],"replies":[{"embeddable":true,"href":"https:\/\/www.celttv.com.ar\/index.php\/wp-json\/wp\/v2\/comments?post=76699"}],"version-history":[{"count":1,"href":"https:\/\/www.celttv.com.ar\/index.php\/wp-json\/wp\/v2\/posts\/76699\/revisions"}],"predecessor-version":[{"id":76711,"href":"https:\/\/www.celttv.com.ar\/index.php\/wp-json\/wp\/v2\/posts\/76699\/revisions\/76711"}],"wp:featuredmedia":[{"embeddable":true,"href":"https:\/\/www.celttv.com.ar\/index.php\/wp-json\/wp\/v2\/media\/76710"}],"wp:attachment":[{"href":"https:\/\/www.celttv.com.ar\/index.php\/wp-json\/wp\/v2\/media?parent=76699"}],"wp:term":[{"taxonomy":"category","embeddable":true,"href":"https:\/\/www.celttv.com.ar\/index.php\/wp-json\/wp\/v2\/categories?post=76699"},{"taxonomy":"post_tag","embeddable":true,"href":"https:\/\/www.celttv.com.ar\/index.php\/wp-json\/wp\/v2\/tags?post=76699"}],"curies":[{"name":"wp","href":"https:\/\/api.w.org\/{rel}","templated":true}]}}