{"id":76712,"date":"2023-06-09T22:58:29","date_gmt":"2023-06-10T01:58:29","guid":{"rendered":"http:\/\/www.celttv.com.ar\/?p=76712"},"modified":"2023-06-09T22:58:29","modified_gmt":"2023-06-10T01:58:29","slug":"integrantes-de-la-u-ce-de-estuvieron-en-la-mesa-de-opiniones","status":"publish","type":"post","link":"https:\/\/www.celttv.com.ar\/index.php\/2023\/06\/09\/integrantes-de-la-u-ce-de-estuvieron-en-la-mesa-de-opiniones\/","title":{"rendered":"Integrantes de la U.Ce.De. estuvieron en la mesa de OPINIONES"},"content":{"rendered":"<p>&#8220;Si bien nuestra idea es hacer\u00a0 una lista, lo que nosotros queremos es discutir no personas sino ideas. Poner en discusi\u00f3n las ideas liberales&#8221; dijo Blas Saric, uno de los integrantes de la Uni\u00f3n del Centro Democr\u00e1tico local que tiene como m\u00e1ximo referente a Jos\u00e9 Luis Espert que acaba de confirmar su inclusi\u00f3n a Juntos y ser\u00e1 uno de los pre candidatos a presidente.<\/p>\n<p>Por su parte Marcelo Boy\u00e9 confirm\u00f3 que ya hubo un acercamiento a nivel local con la mesa de Juntos y est\u00e1 prevista una nueva reuni\u00f3n.<\/p>\n<p>&#8220;U.Ce.De. tiene una identidad que viene de los 80 y los 90, y queremos reflotarla y se quiere establecer como un partido referente liberal en el pa\u00eds. Si nos vamos a integrar a otro movimiento, tenemos que defender lo nuestro de manera que el trabajo a largo plazo que queremos hacer no quede opacado&#8221;<\/p>\n<p><strong>Integrantes de la U.Ce.De. estuvieron en la mesa de OPINIONES (programa completo)<\/strong><\/p>\n<p><iframe loading=\"lazy\" title=\"2023 06 08 opiniones 1\" width=\"500\" height=\"281\" src=\"https:\/\/www.youtube.com\/embed\/3csD98lG7n4?feature=oembed\" frameborder=\"0\" allow=\"accelerometer; autoplay; clipboard-write; encrypted-media; gyroscope; picture-in-picture; web-share\" referrerpolicy=\"strict-origin-when-cross-origin\" allowfullscreen><\/iframe><\/p>\n<p><img loading=\"lazy\" decoding=\"async\" class=\"alignnone size-medium wp-image-76713\" src=\"http:\/\/www.celttv.com.ar\/wp-content\/uploads\/2023\/06\/751819ff-38b5-4830-b255-77293431109f-300x135.jpg\" alt=\"\" width=\"300\" height=\"135\" srcset=\"https:\/\/www.celttv.com.ar\/wp-content\/uploads\/2023\/06\/751819ff-38b5-4830-b255-77293431109f-300x135.jpg 300w, https:\/\/www.celttv.com.ar\/wp-content\/uploads\/2023\/06\/751819ff-38b5-4830-b255-77293431109f-1024x461.jpg 1024w, https:\/\/www.celttv.com.ar\/wp-content\/uploads\/2023\/06\/751819ff-38b5-4830-b255-77293431109f-768x346.jpg 768w, https:\/\/www.celttv.com.ar\/wp-content\/uploads\/2023\/06\/751819ff-38b5-4830-b255-77293431109f-750x338.jpg 750w, https:\/\/www.celttv.com.ar\/wp-content\/uploads\/2023\/06\/751819ff-38b5-4830-b255-77293431109f-1140x513.jpg 1140w, https:\/\/www.celttv.com.ar\/wp-content\/uploads\/2023\/06\/751819ff-38b5-4830-b255-77293431109f.jpg 1280w\" sizes=\"auto, (max-width: 300px) 100vw, 300px\" \/> <img loading=\"lazy\" decoding=\"async\" class=\"alignnone size-medium wp-image-76714\" src=\"http:\/\/www.celttv.com.ar\/wp-content\/uploads\/2023\/06\/a6661cac-c96c-4fd3-b274-fe8d11cfb656-300x135.jpg\" alt=\"\" width=\"300\" height=\"135\" srcset=\"https:\/\/www.celttv.com.ar\/wp-content\/uploads\/2023\/06\/a6661cac-c96c-4fd3-b274-fe8d11cfb656-300x135.jpg 300w, https:\/\/www.celttv.com.ar\/wp-content\/uploads\/2023\/06\/a6661cac-c96c-4fd3-b274-fe8d11cfb656-1024x461.jpg 1024w, https:\/\/www.celttv.com.ar\/wp-content\/uploads\/2023\/06\/a6661cac-c96c-4fd3-b274-fe8d11cfb656-768x346.jpg 768w, https:\/\/www.celttv.com.ar\/wp-content\/uploads\/2023\/06\/a6661cac-c96c-4fd3-b274-fe8d11cfb656-750x338.jpg 750w, https:\/\/www.celttv.com.ar\/wp-content\/uploads\/2023\/06\/a6661cac-c96c-4fd3-b274-fe8d11cfb656-1140x513.jpg 1140w, https:\/\/www.celttv.com.ar\/wp-content\/uploads\/2023\/06\/a6661cac-c96c-4fd3-b274-fe8d11cfb656.jpg 1280w\" sizes=\"auto, (max-width: 300px) 100vw, 300px\" \/> <img loading=\"lazy\" decoding=\"async\" class=\"alignnone size-medium wp-image-76715\" src=\"http:\/\/www.celttv.com.ar\/wp-content\/uploads\/2023\/06\/c002c5f4-c50c-4441-bc65-0e792b0cf53b-300x135.jpg\" alt=\"\" width=\"300\" height=\"135\" srcset=\"https:\/\/www.celttv.com.ar\/wp-content\/uploads\/2023\/06\/c002c5f4-c50c-4441-bc65-0e792b0cf53b-300x135.jpg 300w, https:\/\/www.celttv.com.ar\/wp-content\/uploads\/2023\/06\/c002c5f4-c50c-4441-bc65-0e792b0cf53b-1024x461.jpg 1024w, https:\/\/www.celttv.com.ar\/wp-content\/uploads\/2023\/06\/c002c5f4-c50c-4441-bc65-0e792b0cf53b-768x346.jpg 768w, https:\/\/www.celttv.com.ar\/wp-content\/uploads\/2023\/06\/c002c5f4-c50c-4441-bc65-0e792b0cf53b-750x338.jpg 750w, https:\/\/www.celttv.com.ar\/wp-content\/uploads\/2023\/06\/c002c5f4-c50c-4441-bc65-0e792b0cf53b-1140x513.jpg 1140w, https:\/\/www.celttv.com.ar\/wp-content\/uploads\/2023\/06\/c002c5f4-c50c-4441-bc65-0e792b0cf53b.jpg 1280w\" sizes=\"auto, (max-width: 300px) 100vw, 300px\" \/> <img loading=\"lazy\" decoding=\"async\" class=\"alignnone size-medium wp-image-76716\" src=\"http:\/\/www.celttv.com.ar\/wp-content\/uploads\/2023\/06\/eb5c4358-27b0-4f40-8e26-e0d8a594f746-300x135.jpg\" alt=\"\" width=\"300\" height=\"135\" srcset=\"https:\/\/www.celttv.com.ar\/wp-content\/uploads\/2023\/06\/eb5c4358-27b0-4f40-8e26-e0d8a594f746-300x135.jpg 300w, https:\/\/www.celttv.com.ar\/wp-content\/uploads\/2023\/06\/eb5c4358-27b0-4f40-8e26-e0d8a594f746-1024x461.jpg 1024w, https:\/\/www.celttv.com.ar\/wp-content\/uploads\/2023\/06\/eb5c4358-27b0-4f40-8e26-e0d8a594f746-768x346.jpg 768w, https:\/\/www.celttv.com.ar\/wp-content\/uploads\/2023\/06\/eb5c4358-27b0-4f40-8e26-e0d8a594f746-750x338.jpg 750w, https:\/\/www.celttv.com.ar\/wp-content\/uploads\/2023\/06\/eb5c4358-27b0-4f40-8e26-e0d8a594f746-1140x513.jpg 1140w, https:\/\/www.celttv.com.ar\/wp-content\/uploads\/2023\/06\/eb5c4358-27b0-4f40-8e26-e0d8a594f746.jpg 1280w\" sizes=\"auto, (max-width: 300px) 100vw, 300px\" \/><\/p>\n","protected":false},"excerpt":{"rendered":"<p>&#8220;Si bien nuestra idea es hacer\u00a0 una lista, lo que nosotros queremos es discutir no personas sino ideas. Poner en discusi\u00f3n las ideas liberales&#8221; dijo Blas Saric, uno de los integrantes de la Uni\u00f3n del Centro Democr\u00e1tico local que tiene como m\u00e1ximo referente a Jos\u00e9 Luis Espert que acaba de confirmar su inclusi\u00f3n a Juntos [&hellip;]<\/p>\n","protected":false},"author":5,"featured_media":76713,"comment_status":"closed","ping_status":"closed","sticky":false,"template":"","format":"standard","meta":{"footnotes":""},"categories":[55,51,52,95],"tags":[908],"class_list":["post-76712","post","type-post","status-publish","format-standard","has-post-thumbnail","hentry","category-celt-tv-noticias","category-comunidad","category-destacadas","category-opiniones","tag-integrantes-de-la-u-ce-de-estuvieron-en-la-mesa-de-opiniones"],"yoast_head":"<!-- This site is optimized with the Yoast SEO plugin v19.7.1 - https:\/\/yoast.com\/wordpress\/plugins\/seo\/ -->\n<title>Integrantes de la U.Ce.De. estuvieron en la mesa de OPINIONES - CELTTV<\/title>\n<meta name=\"description\" content=\"Sitio web de noticias de la localidad de Tornquist, provincia de Buenos Aires, Rep\u00fablica Argentina. Contenido propio originado por periodistas de CELTTV, el canal de TV local de la Cooperativa El\u00e9ctrica de Tornquist. Turismo, Pol\u00edtica, Sociedad, Deporte, Cultura y todo el contenido de inter\u00e9s general que la gente del pueblo y la regi\u00f3n debe conocer.\" \/>\n<meta name=\"robots\" content=\"index, follow, max-snippet:-1, max-image-preview:large, max-video-preview:-1\" \/>\n<link rel=\"canonical\" href=\"https:\/\/www.celttv.com.ar\/index.php\/2023\/06\/09\/integrantes-de-la-u-ce-de-estuvieron-en-la-mesa-de-opiniones\/\" \/>\n<meta property=\"og:locale\" content=\"es_ES\" \/>\n<meta property=\"og:type\" content=\"article\" \/>\n<meta property=\"og:title\" content=\"Integrantes de la U.Ce.De. estuvieron en la mesa de OPINIONES - CELTTV\" \/>\n<meta property=\"og:description\" content=\"Sitio web de noticias de la localidad de Tornquist, provincia de Buenos Aires, Rep\u00fablica Argentina. Contenido propio originado por periodistas de CELTTV, el canal de TV local de la Cooperativa El\u00e9ctrica de Tornquist. Turismo, Pol\u00edtica, Sociedad, Deporte, Cultura y todo el contenido de inter\u00e9s general que la gente del pueblo y la regi\u00f3n debe conocer.\" \/>\n<meta property=\"og:url\" content=\"https:\/\/www.celttv.com.ar\/index.php\/2023\/06\/09\/integrantes-de-la-u-ce-de-estuvieron-en-la-mesa-de-opiniones\/\" \/>\n<meta property=\"og:site_name\" content=\"CELTTV\" \/>\n<meta property=\"article:publisher\" content=\"https:\/\/www.facebook.com\/celtTV\/\" \/>\n<meta property=\"article:published_time\" content=\"2023-06-10T01:58:29+00:00\" \/>\n<meta property=\"og:image\" content=\"https:\/\/www.celttv.com.ar\/wp-content\/uploads\/2023\/06\/751819ff-38b5-4830-b255-77293431109f.jpg\" \/>\n\t<meta property=\"og:image:width\" content=\"1280\" \/>\n\t<meta property=\"og:image:height\" content=\"576\" \/>\n\t<meta property=\"og:image:type\" content=\"image\/jpeg\" \/>\n<meta name=\"author\" content=\"Miguel Herrada\" \/>\n<meta name=\"twitter:card\" content=\"summary_large_image\" \/>\n<meta name=\"twitter:label1\" content=\"Escrito por\" \/>\n\t<meta name=\"twitter:data1\" content=\"Miguel Herrada\" \/>\n\t<meta name=\"twitter:label2\" content=\"Tiempo de lectura\" \/>\n\t<meta name=\"twitter:data2\" content=\"1 minuto\" \/>\n<script type=\"application\/ld+json\" class=\"yoast-schema-graph\">{\"@context\":\"https:\/\/schema.org\",\"@graph\":[{\"@type\":\"NewsArticle\",\"@id\":\"https:\/\/www.celttv.com.ar\/index.php\/2023\/06\/09\/integrantes-de-la-u-ce-de-estuvieron-en-la-mesa-de-opiniones\/#article\",\"isPartOf\":{\"@id\":\"https:\/\/www.celttv.com.ar\/index.php\/2023\/06\/09\/integrantes-de-la-u-ce-de-estuvieron-en-la-mesa-de-opiniones\/\"},\"author\":{\"name\":\"Miguel Herrada\",\"@id\":\"https:\/\/www.celttv.com.ar\/#\/schema\/person\/9059dc91dc7204ef4182cdb65225f07d\"},\"headline\":\"Integrantes de la U.Ce.De. estuvieron en la mesa de OPINIONES\",\"datePublished\":\"2023-06-10T01:58:29+00:00\",\"dateModified\":\"2023-06-10T01:58:29+00:00\",\"mainEntityOfPage\":{\"@id\":\"https:\/\/www.celttv.com.ar\/index.php\/2023\/06\/09\/integrantes-de-la-u-ce-de-estuvieron-en-la-mesa-de-opiniones\/\"},\"wordCount\":182,\"publisher\":{\"@id\":\"https:\/\/www.celttv.com.ar\/#organization\"},\"keywords\":[\"Integrantes de la U.Ce.De. estuvieron en la mesa de OPINIONES\"],\"articleSection\":[\"Celt TV Noticias\",\"Comunidad\",\"Destacadas\",\"Opiniones\"],\"inLanguage\":\"es\"},{\"@type\":\"WebPage\",\"@id\":\"https:\/\/www.celttv.com.ar\/index.php\/2023\/06\/09\/integrantes-de-la-u-ce-de-estuvieron-en-la-mesa-de-opiniones\/\",\"url\":\"https:\/\/www.celttv.com.ar\/index.php\/2023\/06\/09\/integrantes-de-la-u-ce-de-estuvieron-en-la-mesa-de-opiniones\/\",\"name\":\"Integrantes de la U.Ce.De. estuvieron en la mesa de OPINIONES - CELTTV\",\"isPartOf\":{\"@id\":\"https:\/\/www.celttv.com.ar\/#website\"},\"datePublished\":\"2023-06-10T01:58:29+00:00\",\"dateModified\":\"2023-06-10T01:58:29+00:00\",\"description\":\"Sitio web de noticias de la localidad de Tornquist, provincia de Buenos Aires, Rep\u00fablica Argentina. Contenido propio originado por periodistas de CELTTV, el canal de TV local de la Cooperativa El\u00e9ctrica de Tornquist. Turismo, Pol\u00edtica, Sociedad, Deporte, Cultura y todo el contenido de inter\u00e9s general que la gente del pueblo y la regi\u00f3n debe conocer.\",\"breadcrumb\":{\"@id\":\"https:\/\/www.celttv.com.ar\/index.php\/2023\/06\/09\/integrantes-de-la-u-ce-de-estuvieron-en-la-mesa-de-opiniones\/#breadcrumb\"},\"inLanguage\":\"es\",\"potentialAction\":[{\"@type\":\"ReadAction\",\"target\":[\"https:\/\/www.celttv.com.ar\/index.php\/2023\/06\/09\/integrantes-de-la-u-ce-de-estuvieron-en-la-mesa-de-opiniones\/\"]}]},{\"@type\":\"BreadcrumbList\",\"@id\":\"https:\/\/www.celttv.com.ar\/index.php\/2023\/06\/09\/integrantes-de-la-u-ce-de-estuvieron-en-la-mesa-de-opiniones\/#breadcrumb\",\"itemListElement\":[{\"@type\":\"ListItem\",\"position\":1,\"name\":\"Inicio\",\"item\":\"https:\/\/www.celttv.com.ar\/\"},{\"@type\":\"ListItem\",\"position\":2,\"name\":\"Integrantes de la U.Ce.De. estuvieron en la mesa de OPINIONES\"}]},{\"@type\":\"WebSite\",\"@id\":\"https:\/\/www.celttv.com.ar\/#website\",\"url\":\"https:\/\/www.celttv.com.ar\/\",\"name\":\"CELTTV\",\"description\":\"Cooperativa El\u00e9ctrica de Tornquist\",\"publisher\":{\"@id\":\"https:\/\/www.celttv.com.ar\/#organization\"},\"potentialAction\":[{\"@type\":\"SearchAction\",\"target\":{\"@type\":\"EntryPoint\",\"urlTemplate\":\"https:\/\/www.celttv.com.ar\/?s={search_term_string}\"},\"query-input\":\"required name=search_term_string\"}],\"inLanguage\":\"es\"},{\"@type\":\"Organization\",\"@id\":\"https:\/\/www.celttv.com.ar\/#organization\",\"name\":\"CELTTV\",\"url\":\"https:\/\/www.celttv.com.ar\/\",\"sameAs\":[\"https:\/\/www.youtube.com\/channel\/UCz_oIt8Hig64Ub-EmcNPIhg\",\"https:\/\/www.facebook.com\/celtTV\/\"],\"logo\":{\"@type\":\"ImageObject\",\"inLanguage\":\"es\",\"@id\":\"https:\/\/www.celttv.com.ar\/#\/schema\/logo\/image\/\",\"url\":\"http:\/\/www.celttv.com.ar\/wp-content\/uploads\/2022\/08\/logo-1.png\",\"contentUrl\":\"http:\/\/www.celttv.com.ar\/wp-content\/uploads\/2022\/08\/logo-1.png\",\"width\":461,\"height\":159,\"caption\":\"CELTTV\"},\"image\":{\"@id\":\"https:\/\/www.celttv.com.ar\/#\/schema\/logo\/image\/\"}},{\"@type\":\"Person\",\"@id\":\"https:\/\/www.celttv.com.ar\/#\/schema\/person\/9059dc91dc7204ef4182cdb65225f07d\",\"name\":\"Miguel Herrada\",\"image\":{\"@type\":\"ImageObject\",\"inLanguage\":\"es\",\"@id\":\"https:\/\/www.celttv.com.ar\/#\/schema\/person\/image\/\",\"url\":\"https:\/\/secure.gravatar.com\/avatar\/67724d5b3c716623ffd76bec7e45841a442ac3b456e914dbba90b0fad2b8e0b1?s=96&d=mm&r=g\",\"contentUrl\":\"https:\/\/secure.gravatar.com\/avatar\/67724d5b3c716623ffd76bec7e45841a442ac3b456e914dbba90b0fad2b8e0b1?s=96&d=mm&r=g\",\"caption\":\"Miguel Herrada\"}}]}<\/script>\n<!-- \/ Yoast SEO plugin. -->","yoast_head_json":{"title":"Integrantes de la U.Ce.De. estuvieron en la mesa de OPINIONES - CELTTV","description":"Sitio web de noticias de la localidad de Tornquist, provincia de Buenos Aires, Rep\u00fablica Argentina. Contenido propio originado por periodistas de CELTTV, el canal de TV local de la Cooperativa El\u00e9ctrica de Tornquist. Turismo, Pol\u00edtica, Sociedad, Deporte, Cultura y todo el contenido de inter\u00e9s general que la gente del pueblo y la regi\u00f3n debe conocer.","robots":{"index":"index","follow":"follow","max-snippet":"max-snippet:-1","max-image-preview":"max-image-preview:large","max-video-preview":"max-video-preview:-1"},"canonical":"https:\/\/www.celttv.com.ar\/index.php\/2023\/06\/09\/integrantes-de-la-u-ce-de-estuvieron-en-la-mesa-de-opiniones\/","og_locale":"es_ES","og_type":"article","og_title":"Integrantes de la U.Ce.De. estuvieron en la mesa de OPINIONES - CELTTV","og_description":"Sitio web de noticias de la localidad de Tornquist, provincia de Buenos Aires, Rep\u00fablica Argentina. Contenido propio originado por periodistas de CELTTV, el canal de TV local de la Cooperativa El\u00e9ctrica de Tornquist. Turismo, Pol\u00edtica, Sociedad, Deporte, Cultura y todo el contenido de inter\u00e9s general que la gente del pueblo y la regi\u00f3n debe conocer.","og_url":"https:\/\/www.celttv.com.ar\/index.php\/2023\/06\/09\/integrantes-de-la-u-ce-de-estuvieron-en-la-mesa-de-opiniones\/","og_site_name":"CELTTV","article_publisher":"https:\/\/www.facebook.com\/celtTV\/","article_published_time":"2023-06-10T01:58:29+00:00","og_image":[{"width":1280,"height":576,"url":"https:\/\/www.celttv.com.ar\/wp-content\/uploads\/2023\/06\/751819ff-38b5-4830-b255-77293431109f.jpg","type":"image\/jpeg"}],"author":"Miguel Herrada","twitter_card":"summary_large_image","twitter_misc":{"Escrito por":"Miguel Herrada","Tiempo de lectura":"1 minuto"},"schema":{"@context":"https:\/\/schema.org","@graph":[{"@type":"NewsArticle","@id":"https:\/\/www.celttv.com.ar\/index.php\/2023\/06\/09\/integrantes-de-la-u-ce-de-estuvieron-en-la-mesa-de-opiniones\/#article","isPartOf":{"@id":"https:\/\/www.celttv.com.ar\/index.php\/2023\/06\/09\/integrantes-de-la-u-ce-de-estuvieron-en-la-mesa-de-opiniones\/"},"author":{"name":"Miguel Herrada","@id":"https:\/\/www.celttv.com.ar\/#\/schema\/person\/9059dc91dc7204ef4182cdb65225f07d"},"headline":"Integrantes de la U.Ce.De. estuvieron en la mesa de OPINIONES","datePublished":"2023-06-10T01:58:29+00:00","dateModified":"2023-06-10T01:58:29+00:00","mainEntityOfPage":{"@id":"https:\/\/www.celttv.com.ar\/index.php\/2023\/06\/09\/integrantes-de-la-u-ce-de-estuvieron-en-la-mesa-de-opiniones\/"},"wordCount":182,"publisher":{"@id":"https:\/\/www.celttv.com.ar\/#organization"},"keywords":["Integrantes de la U.Ce.De. estuvieron en la mesa de OPINIONES"],"articleSection":["Celt TV Noticias","Comunidad","Destacadas","Opiniones"],"inLanguage":"es"},{"@type":"WebPage","@id":"https:\/\/www.celttv.com.ar\/index.php\/2023\/06\/09\/integrantes-de-la-u-ce-de-estuvieron-en-la-mesa-de-opiniones\/","url":"https:\/\/www.celttv.com.ar\/index.php\/2023\/06\/09\/integrantes-de-la-u-ce-de-estuvieron-en-la-mesa-de-opiniones\/","name":"Integrantes de la U.Ce.De. estuvieron en la mesa de OPINIONES - CELTTV","isPartOf":{"@id":"https:\/\/www.celttv.com.ar\/#website"},"datePublished":"2023-06-10T01:58:29+00:00","dateModified":"2023-06-10T01:58:29+00:00","description":"Sitio web de noticias de la localidad de Tornquist, provincia de Buenos Aires, Rep\u00fablica Argentina. Contenido propio originado por periodistas de CELTTV, el canal de TV local de la Cooperativa El\u00e9ctrica de Tornquist. Turismo, Pol\u00edtica, Sociedad, Deporte, Cultura y todo el contenido de inter\u00e9s general que la gente del pueblo y la regi\u00f3n debe conocer.","breadcrumb":{"@id":"https:\/\/www.celttv.com.ar\/index.php\/2023\/06\/09\/integrantes-de-la-u-ce-de-estuvieron-en-la-mesa-de-opiniones\/#breadcrumb"},"inLanguage":"es","potentialAction":[{"@type":"ReadAction","target":["https:\/\/www.celttv.com.ar\/index.php\/2023\/06\/09\/integrantes-de-la-u-ce-de-estuvieron-en-la-mesa-de-opiniones\/"]}]},{"@type":"BreadcrumbList","@id":"https:\/\/www.celttv.com.ar\/index.php\/2023\/06\/09\/integrantes-de-la-u-ce-de-estuvieron-en-la-mesa-de-opiniones\/#breadcrumb","itemListElement":[{"@type":"ListItem","position":1,"name":"Inicio","item":"https:\/\/www.celttv.com.ar\/"},{"@type":"ListItem","position":2,"name":"Integrantes de la U.Ce.De. estuvieron en la mesa de OPINIONES"}]},{"@type":"WebSite","@id":"https:\/\/www.celttv.com.ar\/#website","url":"https:\/\/www.celttv.com.ar\/","name":"CELTTV","description":"Cooperativa El\u00e9ctrica de Tornquist","publisher":{"@id":"https:\/\/www.celttv.com.ar\/#organization"},"potentialAction":[{"@type":"SearchAction","target":{"@type":"EntryPoint","urlTemplate":"https:\/\/www.celttv.com.ar\/?s={search_term_string}"},"query-input":"required name=search_term_string"}],"inLanguage":"es"},{"@type":"Organization","@id":"https:\/\/www.celttv.com.ar\/#organization","name":"CELTTV","url":"https:\/\/www.celttv.com.ar\/","sameAs":["https:\/\/www.youtube.com\/channel\/UCz_oIt8Hig64Ub-EmcNPIhg","https:\/\/www.facebook.com\/celtTV\/"],"logo":{"@type":"ImageObject","inLanguage":"es","@id":"https:\/\/www.celttv.com.ar\/#\/schema\/logo\/image\/","url":"http:\/\/www.celttv.com.ar\/wp-content\/uploads\/2022\/08\/logo-1.png","contentUrl":"http:\/\/www.celttv.com.ar\/wp-content\/uploads\/2022\/08\/logo-1.png","width":461,"height":159,"caption":"CELTTV"},"image":{"@id":"https:\/\/www.celttv.com.ar\/#\/schema\/logo\/image\/"}},{"@type":"Person","@id":"https:\/\/www.celttv.com.ar\/#\/schema\/person\/9059dc91dc7204ef4182cdb65225f07d","name":"Miguel Herrada","image":{"@type":"ImageObject","inLanguage":"es","@id":"https:\/\/www.celttv.com.ar\/#\/schema\/person\/image\/","url":"https:\/\/secure.gravatar.com\/avatar\/67724d5b3c716623ffd76bec7e45841a442ac3b456e914dbba90b0fad2b8e0b1?s=96&d=mm&r=g","contentUrl":"https:\/\/secure.gravatar.com\/avatar\/67724d5b3c716623ffd76bec7e45841a442ac3b456e914dbba90b0fad2b8e0b1?s=96&d=mm&r=g","caption":"Miguel Herrada"}}]}},"_links":{"self":[{"href":"https:\/\/www.celttv.com.ar\/index.php\/wp-json\/wp\/v2\/posts\/76712","targetHints":{"allow":["GET"]}}],"collection":[{"href":"https:\/\/www.celttv.com.ar\/index.php\/wp-json\/wp\/v2\/posts"}],"about":[{"href":"https:\/\/www.celttv.com.ar\/index.php\/wp-json\/wp\/v2\/types\/post"}],"author":[{"embeddable":true,"href":"https:\/\/www.celttv.com.ar\/index.php\/wp-json\/wp\/v2\/users\/5"}],"replies":[{"embeddable":true,"href":"https:\/\/www.celttv.com.ar\/index.php\/wp-json\/wp\/v2\/comments?post=76712"}],"version-history":[{"count":1,"href":"https:\/\/www.celttv.com.ar\/index.php\/wp-json\/wp\/v2\/posts\/76712\/revisions"}],"predecessor-version":[{"id":76717,"href":"https:\/\/www.celttv.com.ar\/index.php\/wp-json\/wp\/v2\/posts\/76712\/revisions\/76717"}],"wp:featuredmedia":[{"embeddable":true,"href":"https:\/\/www.celttv.com.ar\/index.php\/wp-json\/wp\/v2\/media\/76713"}],"wp:attachment":[{"href":"https:\/\/www.celttv.com.ar\/index.php\/wp-json\/wp\/v2\/media?parent=76712"}],"wp:term":[{"taxonomy":"category","embeddable":true,"href":"https:\/\/www.celttv.com.ar\/index.php\/wp-json\/wp\/v2\/categories?post=76712"},{"taxonomy":"post_tag","embeddable":true,"href":"https:\/\/www.celttv.com.ar\/index.php\/wp-json\/wp\/v2\/tags?post=76712"}],"curies":[{"name":"wp","href":"https:\/\/api.w.org\/{rel}","templated":true}]}}