{"id":76782,"date":"2023-06-12T11:36:28","date_gmt":"2023-06-12T14:36:28","guid":{"rendered":"http:\/\/www.celttv.com.ar\/?p=76782"},"modified":"2023-06-12T12:12:52","modified_gmt":"2023-06-12T15:12:52","slug":"se-desarrollo-el-sabado-10-de-junio-en-el-comite-de-la-union-civica-radical-de-tornquist","status":"publish","type":"post","link":"https:\/\/www.celttv.com.ar\/index.php\/2023\/06\/12\/se-desarrollo-el-sabado-10-de-junio-en-el-comite-de-la-union-civica-radical-de-tornquist\/","title":{"rendered":"El\u00a02\u00ba Foro de Legisladores y Funcionarios J\u00f3venes de la Sexta Secci\u00f3n electoral se llev\u00f3 adelante en la localidad de Tornquist"},"content":{"rendered":"<div>El\u00a02\u00ba Foro de Legisladores y Funcionarios J\u00f3venes de la Sexta Secci\u00f3n electoral se llev\u00f3 adelante en la localidad de Tornquist.<\/div>\n<div>El lugar de encuentro fue el Comit\u00e9 de la Uni\u00f3n C\u00edvica\u00a0Radical, donde se desarrollaron diversos paneles, uno de ellos sobre\u00a0<b>&#8220;Gesti\u00f3n Integral e Inclusiva de Residuos S\u00f3lidos\u00a0Urbanos&#8221;<\/b>, a cargo de la Abogada y T\u00e9cnica Universitaria en Medio Ambiente, Luciana Lambertucci. Tambi\u00e9n disert\u00f3 Ramiro Zarzoso, Director del \u00c1rea de Serv. Urbanos del Municipio de Coronel Dorrego.<\/div>\n<div>El \u00faltimo panel denominado\u00a0<b>&#8220;Salud Mental y Adicciones&#8221;<\/b>, estuvo a cargo del Licenciado en Psicolog\u00eda y ex Director Nacional de Salud Mental, Luciano Grasso, lo acompa\u00f1\u00f3 en el panel la Licenciada en Psicolog\u00eda e Integrante de la Juventud Radical y Comit\u00e9 Provincia de la UCR, Luc\u00eda Rodr\u00edguez.<\/div>\n<div>Participaron los Distritos de Coronel Dorrego, Bah\u00eda Blanca, Coronel Pringles, Coronel Su\u00e1rez, Coronel Rosales, Villarino y Tres Arroyos.<\/div>\n<div><img loading=\"lazy\" decoding=\"async\" class=\"alignnone wp-image-76783 size-large\" src=\"http:\/\/www.celttv.com.ar\/wp-content\/uploads\/2023\/06\/IMG-20230610-WA0075-768x1024.jpg\" alt=\"\" width=\"768\" height=\"1024\" srcset=\"https:\/\/www.celttv.com.ar\/wp-content\/uploads\/2023\/06\/IMG-20230610-WA0075-768x1024.jpg 768w, https:\/\/www.celttv.com.ar\/wp-content\/uploads\/2023\/06\/IMG-20230610-WA0075-225x300.jpg 225w, https:\/\/www.celttv.com.ar\/wp-content\/uploads\/2023\/06\/IMG-20230610-WA0075-1152x1536.jpg 1152w, https:\/\/www.celttv.com.ar\/wp-content\/uploads\/2023\/06\/IMG-20230610-WA0075-750x1000.jpg 750w, https:\/\/www.celttv.com.ar\/wp-content\/uploads\/2023\/06\/IMG-20230610-WA0075-1140x1520.jpg 1140w, https:\/\/www.celttv.com.ar\/wp-content\/uploads\/2023\/06\/IMG-20230610-WA0075.jpg 1200w\" sizes=\"auto, (max-width: 768px) 100vw, 768px\" \/> <img loading=\"lazy\" decoding=\"async\" class=\"alignnone wp-image-76784 size-large\" src=\"http:\/\/www.celttv.com.ar\/wp-content\/uploads\/2023\/06\/IMG-20230610-WA0089-768x1024.jpg\" alt=\"\" width=\"768\" height=\"1024\" srcset=\"https:\/\/www.celttv.com.ar\/wp-content\/uploads\/2023\/06\/IMG-20230610-WA0089-768x1024.jpg 768w, https:\/\/www.celttv.com.ar\/wp-content\/uploads\/2023\/06\/IMG-20230610-WA0089-225x300.jpg 225w, https:\/\/www.celttv.com.ar\/wp-content\/uploads\/2023\/06\/IMG-20230610-WA0089-750x1000.jpg 750w, https:\/\/www.celttv.com.ar\/wp-content\/uploads\/2023\/06\/IMG-20230610-WA0089.jpg 960w\" sizes=\"auto, (max-width: 768px) 100vw, 768px\" \/> <img loading=\"lazy\" decoding=\"async\" class=\"alignnone wp-image-76785 size-large\" src=\"http:\/\/www.celttv.com.ar\/wp-content\/uploads\/2023\/06\/IMG-20230610-WA0096-768x1024.jpg\" alt=\"\" width=\"768\" height=\"1024\" srcset=\"https:\/\/www.celttv.com.ar\/wp-content\/uploads\/2023\/06\/IMG-20230610-WA0096-768x1024.jpg 768w, https:\/\/www.celttv.com.ar\/wp-content\/uploads\/2023\/06\/IMG-20230610-WA0096-225x300.jpg 225w, https:\/\/www.celttv.com.ar\/wp-content\/uploads\/2023\/06\/IMG-20230610-WA0096-1152x1536.jpg 1152w, https:\/\/www.celttv.com.ar\/wp-content\/uploads\/2023\/06\/IMG-20230610-WA0096-750x1000.jpg 750w, https:\/\/www.celttv.com.ar\/wp-content\/uploads\/2023\/06\/IMG-20230610-WA0096-1140x1520.jpg 1140w, https:\/\/www.celttv.com.ar\/wp-content\/uploads\/2023\/06\/IMG-20230610-WA0096.jpg 1200w\" sizes=\"auto, (max-width: 768px) 100vw, 768px\" \/> <img loading=\"lazy\" decoding=\"async\" class=\"alignnone wp-image-76786 size-large\" src=\"http:\/\/www.celttv.com.ar\/wp-content\/uploads\/2023\/06\/IMG-20230610-WA0098-768x1024.jpg\" alt=\"\" width=\"768\" height=\"1024\" srcset=\"https:\/\/www.celttv.com.ar\/wp-content\/uploads\/2023\/06\/IMG-20230610-WA0098-768x1024.jpg 768w, https:\/\/www.celttv.com.ar\/wp-content\/uploads\/2023\/06\/IMG-20230610-WA0098-225x300.jpg 225w, https:\/\/www.celttv.com.ar\/wp-content\/uploads\/2023\/06\/IMG-20230610-WA0098-750x1000.jpg 750w, https:\/\/www.celttv.com.ar\/wp-content\/uploads\/2023\/06\/IMG-20230610-WA0098.jpg 960w\" sizes=\"auto, (max-width: 768px) 100vw, 768px\" \/> <img loading=\"lazy\" decoding=\"async\" class=\"alignnone wp-image-76787 size-large\" src=\"http:\/\/www.celttv.com.ar\/wp-content\/uploads\/2023\/06\/IMG-20230610-WA0099-768x1024.jpg\" alt=\"\" width=\"768\" height=\"1024\" srcset=\"https:\/\/www.celttv.com.ar\/wp-content\/uploads\/2023\/06\/IMG-20230610-WA0099-768x1024.jpg 768w, https:\/\/www.celttv.com.ar\/wp-content\/uploads\/2023\/06\/IMG-20230610-WA0099-225x300.jpg 225w, https:\/\/www.celttv.com.ar\/wp-content\/uploads\/2023\/06\/IMG-20230610-WA0099-750x1000.jpg 750w, https:\/\/www.celttv.com.ar\/wp-content\/uploads\/2023\/06\/IMG-20230610-WA0099.jpg 960w\" sizes=\"auto, (max-width: 768px) 100vw, 768px\" \/><\/div>\n<div><\/div>\n","protected":false},"excerpt":{"rendered":"<p>El\u00a02\u00ba Foro de Legisladores y Funcionarios J\u00f3venes de la Sexta Secci\u00f3n electoral se llev\u00f3 adelante en la localidad de Tornquist. El lugar de encuentro fue el Comit\u00e9 de la Uni\u00f3n C\u00edvica\u00a0Radical, donde se desarrollaron diversos paneles, uno de ellos sobre\u00a0&#8220;Gesti\u00f3n Integral e Inclusiva de Residuos S\u00f3lidos\u00a0Urbanos&#8221;, a cargo de la Abogada y T\u00e9cnica Universitaria en [&hellip;]<\/p>\n","protected":false},"author":3,"featured_media":76784,"comment_status":"closed","ping_status":"closed","sticky":false,"template":"","format":"standard","meta":{"footnotes":""},"categories":[53],"tags":[],"class_list":["post-76782","post","type-post","status-publish","format-standard","has-post-thumbnail","hentry","category-politica"],"yoast_head":"<!-- This site is optimized with the Yoast SEO plugin v19.7.1 - https:\/\/yoast.com\/wordpress\/plugins\/seo\/ -->\n<title>El\u00a02\u00ba Foro de Legisladores y Funcionarios J\u00f3venes de la Sexta Secci\u00f3n electoral se llev\u00f3 adelante en la localidad de Tornquist - CELTTV<\/title>\n<meta name=\"description\" content=\"Sitio web de noticias de la localidad de Tornquist, provincia de Buenos Aires, Rep\u00fablica Argentina. Contenido propio originado por periodistas de CELTTV, el canal de TV local de la Cooperativa El\u00e9ctrica de Tornquist. Turismo, Pol\u00edtica, Sociedad, Deporte, Cultura y todo el contenido de inter\u00e9s general que la gente del pueblo y la regi\u00f3n debe conocer.\" \/>\n<meta name=\"robots\" content=\"index, follow, max-snippet:-1, max-image-preview:large, max-video-preview:-1\" \/>\n<link rel=\"canonical\" href=\"https:\/\/www.celttv.com.ar\/index.php\/2023\/06\/12\/se-desarrollo-el-sabado-10-de-junio-en-el-comite-de-la-union-civica-radical-de-tornquist\/\" \/>\n<meta property=\"og:locale\" content=\"es_ES\" \/>\n<meta property=\"og:type\" content=\"article\" \/>\n<meta property=\"og:title\" content=\"El\u00a02\u00ba Foro de Legisladores y Funcionarios J\u00f3venes de la Sexta Secci\u00f3n electoral se llev\u00f3 adelante en la localidad de Tornquist - CELTTV\" \/>\n<meta property=\"og:description\" content=\"Sitio web de noticias de la localidad de Tornquist, provincia de Buenos Aires, Rep\u00fablica Argentina. Contenido propio originado por periodistas de CELTTV, el canal de TV local de la Cooperativa El\u00e9ctrica de Tornquist. Turismo, Pol\u00edtica, Sociedad, Deporte, Cultura y todo el contenido de inter\u00e9s general que la gente del pueblo y la regi\u00f3n debe conocer.\" \/>\n<meta property=\"og:url\" content=\"https:\/\/www.celttv.com.ar\/index.php\/2023\/06\/12\/se-desarrollo-el-sabado-10-de-junio-en-el-comite-de-la-union-civica-radical-de-tornquist\/\" \/>\n<meta property=\"og:site_name\" content=\"CELTTV\" \/>\n<meta property=\"article:publisher\" content=\"https:\/\/www.facebook.com\/celtTV\/\" \/>\n<meta property=\"article:published_time\" content=\"2023-06-12T14:36:28+00:00\" \/>\n<meta property=\"article:modified_time\" content=\"2023-06-12T15:12:52+00:00\" \/>\n<meta property=\"og:image\" content=\"https:\/\/www.celttv.com.ar\/wp-content\/uploads\/2023\/06\/IMG-20230610-WA0089.jpg\" \/>\n\t<meta property=\"og:image:width\" content=\"960\" \/>\n\t<meta property=\"og:image:height\" content=\"1280\" \/>\n\t<meta property=\"og:image:type\" content=\"image\/jpeg\" \/>\n<meta name=\"author\" content=\"Rodrigo Sgammini\" \/>\n<meta name=\"twitter:card\" content=\"summary_large_image\" \/>\n<meta name=\"twitter:label1\" content=\"Escrito por\" \/>\n\t<meta name=\"twitter:data1\" content=\"Rodrigo Sgammini\" \/>\n\t<meta name=\"twitter:label2\" content=\"Tiempo de lectura\" \/>\n\t<meta name=\"twitter:data2\" content=\"1 minuto\" \/>\n<script type=\"application\/ld+json\" class=\"yoast-schema-graph\">{\"@context\":\"https:\/\/schema.org\",\"@graph\":[{\"@type\":\"NewsArticle\",\"@id\":\"https:\/\/www.celttv.com.ar\/index.php\/2023\/06\/12\/se-desarrollo-el-sabado-10-de-junio-en-el-comite-de-la-union-civica-radical-de-tornquist\/#article\",\"isPartOf\":{\"@id\":\"https:\/\/www.celttv.com.ar\/index.php\/2023\/06\/12\/se-desarrollo-el-sabado-10-de-junio-en-el-comite-de-la-union-civica-radical-de-tornquist\/\"},\"author\":{\"name\":\"Rodrigo Sgammini\",\"@id\":\"https:\/\/www.celttv.com.ar\/#\/schema\/person\/495be51d064edd971d8457f8f64eb172\"},\"headline\":\"El\u00a02\u00ba Foro de Legisladores y Funcionarios J\u00f3venes de la Sexta Secci\u00f3n electoral se llev\u00f3 adelante en la localidad de Tornquist\",\"datePublished\":\"2023-06-12T14:36:28+00:00\",\"dateModified\":\"2023-06-12T15:12:52+00:00\",\"mainEntityOfPage\":{\"@id\":\"https:\/\/www.celttv.com.ar\/index.php\/2023\/06\/12\/se-desarrollo-el-sabado-10-de-junio-en-el-comite-de-la-union-civica-radical-de-tornquist\/\"},\"wordCount\":178,\"publisher\":{\"@id\":\"https:\/\/www.celttv.com.ar\/#organization\"},\"articleSection\":[\"Pol\u00edtica\"],\"inLanguage\":\"es\"},{\"@type\":\"WebPage\",\"@id\":\"https:\/\/www.celttv.com.ar\/index.php\/2023\/06\/12\/se-desarrollo-el-sabado-10-de-junio-en-el-comite-de-la-union-civica-radical-de-tornquist\/\",\"url\":\"https:\/\/www.celttv.com.ar\/index.php\/2023\/06\/12\/se-desarrollo-el-sabado-10-de-junio-en-el-comite-de-la-union-civica-radical-de-tornquist\/\",\"name\":\"El\u00a02\u00ba Foro de Legisladores y Funcionarios J\u00f3venes de la Sexta Secci\u00f3n electoral se llev\u00f3 adelante en la localidad de Tornquist - CELTTV\",\"isPartOf\":{\"@id\":\"https:\/\/www.celttv.com.ar\/#website\"},\"datePublished\":\"2023-06-12T14:36:28+00:00\",\"dateModified\":\"2023-06-12T15:12:52+00:00\",\"description\":\"Sitio web de noticias de la localidad de Tornquist, provincia de Buenos Aires, Rep\u00fablica Argentina. Contenido propio originado por periodistas de CELTTV, el canal de TV local de la Cooperativa El\u00e9ctrica de Tornquist. Turismo, Pol\u00edtica, Sociedad, Deporte, Cultura y todo el contenido de inter\u00e9s general que la gente del pueblo y la regi\u00f3n debe conocer.\",\"breadcrumb\":{\"@id\":\"https:\/\/www.celttv.com.ar\/index.php\/2023\/06\/12\/se-desarrollo-el-sabado-10-de-junio-en-el-comite-de-la-union-civica-radical-de-tornquist\/#breadcrumb\"},\"inLanguage\":\"es\",\"potentialAction\":[{\"@type\":\"ReadAction\",\"target\":[\"https:\/\/www.celttv.com.ar\/index.php\/2023\/06\/12\/se-desarrollo-el-sabado-10-de-junio-en-el-comite-de-la-union-civica-radical-de-tornquist\/\"]}]},{\"@type\":\"BreadcrumbList\",\"@id\":\"https:\/\/www.celttv.com.ar\/index.php\/2023\/06\/12\/se-desarrollo-el-sabado-10-de-junio-en-el-comite-de-la-union-civica-radical-de-tornquist\/#breadcrumb\",\"itemListElement\":[{\"@type\":\"ListItem\",\"position\":1,\"name\":\"Inicio\",\"item\":\"https:\/\/www.celttv.com.ar\/\"},{\"@type\":\"ListItem\",\"position\":2,\"name\":\"El\u00a02\u00ba Foro de Legisladores y Funcionarios J\u00f3venes de la Sexta Secci\u00f3n electoral se llev\u00f3 adelante en la localidad de Tornquist\"}]},{\"@type\":\"WebSite\",\"@id\":\"https:\/\/www.celttv.com.ar\/#website\",\"url\":\"https:\/\/www.celttv.com.ar\/\",\"name\":\"CELTTV\",\"description\":\"Cooperativa El\u00e9ctrica de Tornquist\",\"publisher\":{\"@id\":\"https:\/\/www.celttv.com.ar\/#organization\"},\"potentialAction\":[{\"@type\":\"SearchAction\",\"target\":{\"@type\":\"EntryPoint\",\"urlTemplate\":\"https:\/\/www.celttv.com.ar\/?s={search_term_string}\"},\"query-input\":\"required name=search_term_string\"}],\"inLanguage\":\"es\"},{\"@type\":\"Organization\",\"@id\":\"https:\/\/www.celttv.com.ar\/#organization\",\"name\":\"CELTTV\",\"url\":\"https:\/\/www.celttv.com.ar\/\",\"sameAs\":[\"https:\/\/www.youtube.com\/channel\/UCz_oIt8Hig64Ub-EmcNPIhg\",\"https:\/\/www.facebook.com\/celtTV\/\"],\"logo\":{\"@type\":\"ImageObject\",\"inLanguage\":\"es\",\"@id\":\"https:\/\/www.celttv.com.ar\/#\/schema\/logo\/image\/\",\"url\":\"http:\/\/www.celttv.com.ar\/wp-content\/uploads\/2022\/08\/logo-1.png\",\"contentUrl\":\"http:\/\/www.celttv.com.ar\/wp-content\/uploads\/2022\/08\/logo-1.png\",\"width\":461,\"height\":159,\"caption\":\"CELTTV\"},\"image\":{\"@id\":\"https:\/\/www.celttv.com.ar\/#\/schema\/logo\/image\/\"}},{\"@type\":\"Person\",\"@id\":\"https:\/\/www.celttv.com.ar\/#\/schema\/person\/495be51d064edd971d8457f8f64eb172\",\"name\":\"Rodrigo Sgammini\",\"image\":{\"@type\":\"ImageObject\",\"inLanguage\":\"es\",\"@id\":\"https:\/\/www.celttv.com.ar\/#\/schema\/person\/image\/\",\"url\":\"https:\/\/secure.gravatar.com\/avatar\/68f7848d42735e7a9276b47cd6e606327d88f521c51ae39d88888b76902e2987?s=96&d=mm&r=g\",\"contentUrl\":\"https:\/\/secure.gravatar.com\/avatar\/68f7848d42735e7a9276b47cd6e606327d88f521c51ae39d88888b76902e2987?s=96&d=mm&r=g\",\"caption\":\"Rodrigo Sgammini\"}}]}<\/script>\n<!-- \/ Yoast SEO plugin. -->","yoast_head_json":{"title":"El\u00a02\u00ba Foro de Legisladores y Funcionarios J\u00f3venes de la Sexta Secci\u00f3n electoral se llev\u00f3 adelante en la localidad de Tornquist - CELTTV","description":"Sitio web de noticias de la localidad de Tornquist, provincia de Buenos Aires, Rep\u00fablica Argentina. Contenido propio originado por periodistas de CELTTV, el canal de TV local de la Cooperativa El\u00e9ctrica de Tornquist. Turismo, Pol\u00edtica, Sociedad, Deporte, Cultura y todo el contenido de inter\u00e9s general que la gente del pueblo y la regi\u00f3n debe conocer.","robots":{"index":"index","follow":"follow","max-snippet":"max-snippet:-1","max-image-preview":"max-image-preview:large","max-video-preview":"max-video-preview:-1"},"canonical":"https:\/\/www.celttv.com.ar\/index.php\/2023\/06\/12\/se-desarrollo-el-sabado-10-de-junio-en-el-comite-de-la-union-civica-radical-de-tornquist\/","og_locale":"es_ES","og_type":"article","og_title":"El\u00a02\u00ba Foro de Legisladores y Funcionarios J\u00f3venes de la Sexta Secci\u00f3n electoral se llev\u00f3 adelante en la localidad de Tornquist - CELTTV","og_description":"Sitio web de noticias de la localidad de Tornquist, provincia de Buenos Aires, Rep\u00fablica Argentina. Contenido propio originado por periodistas de CELTTV, el canal de TV local de la Cooperativa El\u00e9ctrica de Tornquist. Turismo, Pol\u00edtica, Sociedad, Deporte, Cultura y todo el contenido de inter\u00e9s general que la gente del pueblo y la regi\u00f3n debe conocer.","og_url":"https:\/\/www.celttv.com.ar\/index.php\/2023\/06\/12\/se-desarrollo-el-sabado-10-de-junio-en-el-comite-de-la-union-civica-radical-de-tornquist\/","og_site_name":"CELTTV","article_publisher":"https:\/\/www.facebook.com\/celtTV\/","article_published_time":"2023-06-12T14:36:28+00:00","article_modified_time":"2023-06-12T15:12:52+00:00","og_image":[{"width":960,"height":1280,"url":"https:\/\/www.celttv.com.ar\/wp-content\/uploads\/2023\/06\/IMG-20230610-WA0089.jpg","type":"image\/jpeg"}],"author":"Rodrigo Sgammini","twitter_card":"summary_large_image","twitter_misc":{"Escrito por":"Rodrigo Sgammini","Tiempo de lectura":"1 minuto"},"schema":{"@context":"https:\/\/schema.org","@graph":[{"@type":"NewsArticle","@id":"https:\/\/www.celttv.com.ar\/index.php\/2023\/06\/12\/se-desarrollo-el-sabado-10-de-junio-en-el-comite-de-la-union-civica-radical-de-tornquist\/#article","isPartOf":{"@id":"https:\/\/www.celttv.com.ar\/index.php\/2023\/06\/12\/se-desarrollo-el-sabado-10-de-junio-en-el-comite-de-la-union-civica-radical-de-tornquist\/"},"author":{"name":"Rodrigo Sgammini","@id":"https:\/\/www.celttv.com.ar\/#\/schema\/person\/495be51d064edd971d8457f8f64eb172"},"headline":"El\u00a02\u00ba Foro de Legisladores y Funcionarios J\u00f3venes de la Sexta Secci\u00f3n electoral se llev\u00f3 adelante en la localidad de Tornquist","datePublished":"2023-06-12T14:36:28+00:00","dateModified":"2023-06-12T15:12:52+00:00","mainEntityOfPage":{"@id":"https:\/\/www.celttv.com.ar\/index.php\/2023\/06\/12\/se-desarrollo-el-sabado-10-de-junio-en-el-comite-de-la-union-civica-radical-de-tornquist\/"},"wordCount":178,"publisher":{"@id":"https:\/\/www.celttv.com.ar\/#organization"},"articleSection":["Pol\u00edtica"],"inLanguage":"es"},{"@type":"WebPage","@id":"https:\/\/www.celttv.com.ar\/index.php\/2023\/06\/12\/se-desarrollo-el-sabado-10-de-junio-en-el-comite-de-la-union-civica-radical-de-tornquist\/","url":"https:\/\/www.celttv.com.ar\/index.php\/2023\/06\/12\/se-desarrollo-el-sabado-10-de-junio-en-el-comite-de-la-union-civica-radical-de-tornquist\/","name":"El\u00a02\u00ba Foro de Legisladores y Funcionarios J\u00f3venes de la Sexta Secci\u00f3n electoral se llev\u00f3 adelante en la localidad de Tornquist - CELTTV","isPartOf":{"@id":"https:\/\/www.celttv.com.ar\/#website"},"datePublished":"2023-06-12T14:36:28+00:00","dateModified":"2023-06-12T15:12:52+00:00","description":"Sitio web de noticias de la localidad de Tornquist, provincia de Buenos Aires, Rep\u00fablica Argentina. Contenido propio originado por periodistas de CELTTV, el canal de TV local de la Cooperativa El\u00e9ctrica de Tornquist. Turismo, Pol\u00edtica, Sociedad, Deporte, Cultura y todo el contenido de inter\u00e9s general que la gente del pueblo y la regi\u00f3n debe conocer.","breadcrumb":{"@id":"https:\/\/www.celttv.com.ar\/index.php\/2023\/06\/12\/se-desarrollo-el-sabado-10-de-junio-en-el-comite-de-la-union-civica-radical-de-tornquist\/#breadcrumb"},"inLanguage":"es","potentialAction":[{"@type":"ReadAction","target":["https:\/\/www.celttv.com.ar\/index.php\/2023\/06\/12\/se-desarrollo-el-sabado-10-de-junio-en-el-comite-de-la-union-civica-radical-de-tornquist\/"]}]},{"@type":"BreadcrumbList","@id":"https:\/\/www.celttv.com.ar\/index.php\/2023\/06\/12\/se-desarrollo-el-sabado-10-de-junio-en-el-comite-de-la-union-civica-radical-de-tornquist\/#breadcrumb","itemListElement":[{"@type":"ListItem","position":1,"name":"Inicio","item":"https:\/\/www.celttv.com.ar\/"},{"@type":"ListItem","position":2,"name":"El\u00a02\u00ba Foro de Legisladores y Funcionarios J\u00f3venes de la Sexta Secci\u00f3n electoral se llev\u00f3 adelante en la localidad de Tornquist"}]},{"@type":"WebSite","@id":"https:\/\/www.celttv.com.ar\/#website","url":"https:\/\/www.celttv.com.ar\/","name":"CELTTV","description":"Cooperativa El\u00e9ctrica de Tornquist","publisher":{"@id":"https:\/\/www.celttv.com.ar\/#organization"},"potentialAction":[{"@type":"SearchAction","target":{"@type":"EntryPoint","urlTemplate":"https:\/\/www.celttv.com.ar\/?s={search_term_string}"},"query-input":"required name=search_term_string"}],"inLanguage":"es"},{"@type":"Organization","@id":"https:\/\/www.celttv.com.ar\/#organization","name":"CELTTV","url":"https:\/\/www.celttv.com.ar\/","sameAs":["https:\/\/www.youtube.com\/channel\/UCz_oIt8Hig64Ub-EmcNPIhg","https:\/\/www.facebook.com\/celtTV\/"],"logo":{"@type":"ImageObject","inLanguage":"es","@id":"https:\/\/www.celttv.com.ar\/#\/schema\/logo\/image\/","url":"http:\/\/www.celttv.com.ar\/wp-content\/uploads\/2022\/08\/logo-1.png","contentUrl":"http:\/\/www.celttv.com.ar\/wp-content\/uploads\/2022\/08\/logo-1.png","width":461,"height":159,"caption":"CELTTV"},"image":{"@id":"https:\/\/www.celttv.com.ar\/#\/schema\/logo\/image\/"}},{"@type":"Person","@id":"https:\/\/www.celttv.com.ar\/#\/schema\/person\/495be51d064edd971d8457f8f64eb172","name":"Rodrigo Sgammini","image":{"@type":"ImageObject","inLanguage":"es","@id":"https:\/\/www.celttv.com.ar\/#\/schema\/person\/image\/","url":"https:\/\/secure.gravatar.com\/avatar\/68f7848d42735e7a9276b47cd6e606327d88f521c51ae39d88888b76902e2987?s=96&d=mm&r=g","contentUrl":"https:\/\/secure.gravatar.com\/avatar\/68f7848d42735e7a9276b47cd6e606327d88f521c51ae39d88888b76902e2987?s=96&d=mm&r=g","caption":"Rodrigo Sgammini"}}]}},"_links":{"self":[{"href":"https:\/\/www.celttv.com.ar\/index.php\/wp-json\/wp\/v2\/posts\/76782","targetHints":{"allow":["GET"]}}],"collection":[{"href":"https:\/\/www.celttv.com.ar\/index.php\/wp-json\/wp\/v2\/posts"}],"about":[{"href":"https:\/\/www.celttv.com.ar\/index.php\/wp-json\/wp\/v2\/types\/post"}],"author":[{"embeddable":true,"href":"https:\/\/www.celttv.com.ar\/index.php\/wp-json\/wp\/v2\/users\/3"}],"replies":[{"embeddable":true,"href":"https:\/\/www.celttv.com.ar\/index.php\/wp-json\/wp\/v2\/comments?post=76782"}],"version-history":[{"count":3,"href":"https:\/\/www.celttv.com.ar\/index.php\/wp-json\/wp\/v2\/posts\/76782\/revisions"}],"predecessor-version":[{"id":76790,"href":"https:\/\/www.celttv.com.ar\/index.php\/wp-json\/wp\/v2\/posts\/76782\/revisions\/76790"}],"wp:featuredmedia":[{"embeddable":true,"href":"https:\/\/www.celttv.com.ar\/index.php\/wp-json\/wp\/v2\/media\/76784"}],"wp:attachment":[{"href":"https:\/\/www.celttv.com.ar\/index.php\/wp-json\/wp\/v2\/media?parent=76782"}],"wp:term":[{"taxonomy":"category","embeddable":true,"href":"https:\/\/www.celttv.com.ar\/index.php\/wp-json\/wp\/v2\/categories?post=76782"},{"taxonomy":"post_tag","embeddable":true,"href":"https:\/\/www.celttv.com.ar\/index.php\/wp-json\/wp\/v2\/tags?post=76782"}],"curies":[{"name":"wp","href":"https:\/\/api.w.org\/{rel}","templated":true}]}}