{"id":76820,"date":"2023-06-13T21:25:40","date_gmt":"2023-06-14T00:25:40","guid":{"rendered":"http:\/\/www.celttv.com.ar\/?p=76820"},"modified":"2023-06-13T21:25:40","modified_gmt":"2023-06-14T00:25:40","slug":"quedaron-inaugurados-el-cef-no-195-de-sierra-de-la-ventana-y-la-sala-de-2-anos-del-jardin-906","status":"publish","type":"post","link":"https:\/\/www.celttv.com.ar\/index.php\/2023\/06\/13\/quedaron-inaugurados-el-cef-no-195-de-sierra-de-la-ventana-y-la-sala-de-2-anos-del-jardin-906\/","title":{"rendered":"Quedaron inaugurados el CEF N\u00ba 195 de Sierra de la Ventana y la sala de 2 a\u00f1os del Jard\u00edn 906"},"content":{"rendered":"<p>Dos importantes inauguraciones en materia educativa \u2013 deportiva, se concretaron este lunes en el distrito de Tornquist.<\/p>\n<p>Por la ma\u00f1ana, con la presencia del Secretario de Gobierno y Seguridad, Ezequiel Gabella,y de la Secretaria de Hacienda, Estefan\u00eda Bordoni, en representaci\u00f3n del intendente municipal, tuvo lugar el acto de puesta en marcha del Centro de Educaci\u00f3n F\u00edsica N\u00b0195 de Sierra de la Ventana, un importante hito para la localidad.<\/p>\n<p>La creaci\u00f3n del CEF, responde a la necesidad de ampliar la oferta deportiva y contar con un espacio dedicado exclusivamente a la educaci\u00f3n f\u00edsica en la comunidad. Esta, fueuna de las principales gestiones que llev\u00f3 adelante el intendente Sergio Bordoni, junto a los distintos inspectores educativos, para brindarle a los j\u00f3venes y adultos un nuevo lugar para la pr\u00e1ctica deportiva.<\/p>\n<p>Luego, los funcionarios participaron de la inauguraci\u00f3n de la sala de 2 a\u00f1os del Jard\u00edn de Infantes N\u00ba 906 de Villa Ventana, un anhelo hecho realidad para la comunidad educativa de la instituci\u00f3n, que ahora cuenta con un nuevo espacio que permitir\u00e1 ampliar su matr\u00edcula a m\u00e1s ni\u00f1os y ni\u00f1as.<\/p>\n<p>\u201cQuiero expresar la alegr\u00eda del intendente al ver crecer a nuestras escuelas, ir a la par del desarrollo y el crecimiento de nuestras localidades, que es algo innegable, son much\u00edsimas las personas de cualquier lugar del pa\u00eds que toman la decisi\u00f3n de radicarse en alguno de nuestros pueblos y, obviamente, tenemos que estar a la altura de las circunstancias\u201d, afirm\u00f3 Gabella.<\/p>\n<p>\u201cSurgi\u00f3 la necesidad de que el Jard\u00edn crezca y de la creaci\u00f3n de un nuevoCEF y \u00bfc\u00f3mo no se va a dar respuesta a eso?. Todos los que circunstancialmente estamos en la funci\u00f3n, debemos tomar las decisiones haya que tomar para que la educaci\u00f3n publica de calidad siga creciendo. La alegr\u00eda es de todos\u201d, a\u00f1adi\u00f3 el Secretario de Gobierno y Seguridad.<\/p>\n<p><img loading=\"lazy\" decoding=\"async\" class=\"alignnone wp-image-76821 size-large\" src=\"http:\/\/www.celttv.com.ar\/wp-content\/uploads\/2023\/06\/Inauguraciones-12-6-1-Medium-1024x683.jpg\" alt=\"\" width=\"1024\" height=\"683\" srcset=\"https:\/\/www.celttv.com.ar\/wp-content\/uploads\/2023\/06\/Inauguraciones-12-6-1-Medium-1024x683.jpg 1024w, https:\/\/www.celttv.com.ar\/wp-content\/uploads\/2023\/06\/Inauguraciones-12-6-1-Medium-300x200.jpg 300w, https:\/\/www.celttv.com.ar\/wp-content\/uploads\/2023\/06\/Inauguraciones-12-6-1-Medium-768x512.jpg 768w, https:\/\/www.celttv.com.ar\/wp-content\/uploads\/2023\/06\/Inauguraciones-12-6-1-Medium-750x500.jpg 750w, https:\/\/www.celttv.com.ar\/wp-content\/uploads\/2023\/06\/Inauguraciones-12-6-1-Medium-1140x760.jpg 1140w, https:\/\/www.celttv.com.ar\/wp-content\/uploads\/2023\/06\/Inauguraciones-12-6-1-Medium.jpg 1152w\" sizes=\"auto, (max-width: 1024px) 100vw, 1024px\" \/> <img loading=\"lazy\" decoding=\"async\" class=\"alignnone wp-image-76822 size-full\" src=\"http:\/\/www.celttv.com.ar\/wp-content\/uploads\/2023\/06\/Inauguraciones-12-6-1.jpeg\" alt=\"\" width=\"1024\" height=\"768\" srcset=\"https:\/\/www.celttv.com.ar\/wp-content\/uploads\/2023\/06\/Inauguraciones-12-6-1.jpeg 1024w, https:\/\/www.celttv.com.ar\/wp-content\/uploads\/2023\/06\/Inauguraciones-12-6-1-300x225.jpeg 300w, https:\/\/www.celttv.com.ar\/wp-content\/uploads\/2023\/06\/Inauguraciones-12-6-1-768x576.jpeg 768w, https:\/\/www.celttv.com.ar\/wp-content\/uploads\/2023\/06\/Inauguraciones-12-6-1-750x563.jpeg 750w\" sizes=\"auto, (max-width: 1024px) 100vw, 1024px\" \/> <img loading=\"lazy\" decoding=\"async\" class=\"alignnone wp-image-76823 size-large\" src=\"http:\/\/www.celttv.com.ar\/wp-content\/uploads\/2023\/06\/Inauguraciones-12-6-2-Medium-1024x683.jpg\" alt=\"\" width=\"1024\" height=\"683\" srcset=\"https:\/\/www.celttv.com.ar\/wp-content\/uploads\/2023\/06\/Inauguraciones-12-6-2-Medium-1024x683.jpg 1024w, https:\/\/www.celttv.com.ar\/wp-content\/uploads\/2023\/06\/Inauguraciones-12-6-2-Medium-300x200.jpg 300w, https:\/\/www.celttv.com.ar\/wp-content\/uploads\/2023\/06\/Inauguraciones-12-6-2-Medium-768x512.jpg 768w, https:\/\/www.celttv.com.ar\/wp-content\/uploads\/2023\/06\/Inauguraciones-12-6-2-Medium-750x500.jpg 750w, https:\/\/www.celttv.com.ar\/wp-content\/uploads\/2023\/06\/Inauguraciones-12-6-2-Medium-1140x760.jpg 1140w, https:\/\/www.celttv.com.ar\/wp-content\/uploads\/2023\/06\/Inauguraciones-12-6-2-Medium.jpg 1152w\" sizes=\"auto, (max-width: 1024px) 100vw, 1024px\" \/> <img loading=\"lazy\" decoding=\"async\" class=\"alignnone wp-image-76824 size-full\" src=\"http:\/\/www.celttv.com.ar\/wp-content\/uploads\/2023\/06\/Inauguraciones-12-6-2.jpeg\" alt=\"\" width=\"1024\" height=\"768\" srcset=\"https:\/\/www.celttv.com.ar\/wp-content\/uploads\/2023\/06\/Inauguraciones-12-6-2.jpeg 1024w, https:\/\/www.celttv.com.ar\/wp-content\/uploads\/2023\/06\/Inauguraciones-12-6-2-300x225.jpeg 300w, https:\/\/www.celttv.com.ar\/wp-content\/uploads\/2023\/06\/Inauguraciones-12-6-2-768x576.jpeg 768w, https:\/\/www.celttv.com.ar\/wp-content\/uploads\/2023\/06\/Inauguraciones-12-6-2-750x563.jpeg 750w\" sizes=\"auto, (max-width: 1024px) 100vw, 1024px\" \/> <img loading=\"lazy\" decoding=\"async\" class=\"alignnone wp-image-76825 size-large\" src=\"http:\/\/www.celttv.com.ar\/wp-content\/uploads\/2023\/06\/Inauguraciones-12-6-3-Medium-1024x683.jpg\" alt=\"\" width=\"1024\" height=\"683\" srcset=\"https:\/\/www.celttv.com.ar\/wp-content\/uploads\/2023\/06\/Inauguraciones-12-6-3-Medium-1024x683.jpg 1024w, https:\/\/www.celttv.com.ar\/wp-content\/uploads\/2023\/06\/Inauguraciones-12-6-3-Medium-300x200.jpg 300w, https:\/\/www.celttv.com.ar\/wp-content\/uploads\/2023\/06\/Inauguraciones-12-6-3-Medium-768x512.jpg 768w, https:\/\/www.celttv.com.ar\/wp-content\/uploads\/2023\/06\/Inauguraciones-12-6-3-Medium-750x500.jpg 750w, https:\/\/www.celttv.com.ar\/wp-content\/uploads\/2023\/06\/Inauguraciones-12-6-3-Medium-1140x760.jpg 1140w, https:\/\/www.celttv.com.ar\/wp-content\/uploads\/2023\/06\/Inauguraciones-12-6-3-Medium.jpg 1152w\" sizes=\"auto, (max-width: 1024px) 100vw, 1024px\" \/> <img loading=\"lazy\" decoding=\"async\" class=\"alignnone wp-image-76826 size-full\" src=\"http:\/\/www.celttv.com.ar\/wp-content\/uploads\/2023\/06\/Inauguraciones-12-6-3.jpeg\" alt=\"\" width=\"1024\" height=\"768\" srcset=\"https:\/\/www.celttv.com.ar\/wp-content\/uploads\/2023\/06\/Inauguraciones-12-6-3.jpeg 1024w, https:\/\/www.celttv.com.ar\/wp-content\/uploads\/2023\/06\/Inauguraciones-12-6-3-300x225.jpeg 300w, https:\/\/www.celttv.com.ar\/wp-content\/uploads\/2023\/06\/Inauguraciones-12-6-3-768x576.jpeg 768w, https:\/\/www.celttv.com.ar\/wp-content\/uploads\/2023\/06\/Inauguraciones-12-6-3-750x563.jpeg 750w\" sizes=\"auto, (max-width: 1024px) 100vw, 1024px\" \/> <img loading=\"lazy\" decoding=\"async\" class=\"alignnone wp-image-76827 size-large\" src=\"http:\/\/www.celttv.com.ar\/wp-content\/uploads\/2023\/06\/Inauguraciones-12-6-4-Medium-1024x683.jpg\" alt=\"\" width=\"1024\" height=\"683\" srcset=\"https:\/\/www.celttv.com.ar\/wp-content\/uploads\/2023\/06\/Inauguraciones-12-6-4-Medium-1024x683.jpg 1024w, https:\/\/www.celttv.com.ar\/wp-content\/uploads\/2023\/06\/Inauguraciones-12-6-4-Medium-300x200.jpg 300w, https:\/\/www.celttv.com.ar\/wp-content\/uploads\/2023\/06\/Inauguraciones-12-6-4-Medium-768x512.jpg 768w, https:\/\/www.celttv.com.ar\/wp-content\/uploads\/2023\/06\/Inauguraciones-12-6-4-Medium-750x500.jpg 750w, https:\/\/www.celttv.com.ar\/wp-content\/uploads\/2023\/06\/Inauguraciones-12-6-4-Medium-1140x760.jpg 1140w, https:\/\/www.celttv.com.ar\/wp-content\/uploads\/2023\/06\/Inauguraciones-12-6-4-Medium.jpg 1152w\" sizes=\"auto, (max-width: 1024px) 100vw, 1024px\" \/> <img loading=\"lazy\" decoding=\"async\" class=\"alignnone wp-image-76828 size-full\" src=\"http:\/\/www.celttv.com.ar\/wp-content\/uploads\/2023\/06\/Inauguraciones-12-6-4.jpeg\" alt=\"\" width=\"1024\" height=\"768\" srcset=\"https:\/\/www.celttv.com.ar\/wp-content\/uploads\/2023\/06\/Inauguraciones-12-6-4.jpeg 1024w, https:\/\/www.celttv.com.ar\/wp-content\/uploads\/2023\/06\/Inauguraciones-12-6-4-300x225.jpeg 300w, https:\/\/www.celttv.com.ar\/wp-content\/uploads\/2023\/06\/Inauguraciones-12-6-4-768x576.jpeg 768w, https:\/\/www.celttv.com.ar\/wp-content\/uploads\/2023\/06\/Inauguraciones-12-6-4-750x563.jpeg 750w\" sizes=\"auto, (max-width: 1024px) 100vw, 1024px\" \/> <img loading=\"lazy\" decoding=\"async\" class=\"alignnone wp-image-76829 size-full\" src=\"http:\/\/www.celttv.com.ar\/wp-content\/uploads\/2023\/06\/Inauguraciones-12-6-5-Medium.jpg\" alt=\"\" width=\"1152\" height=\"768\" srcset=\"https:\/\/www.celttv.com.ar\/wp-content\/uploads\/2023\/06\/Inauguraciones-12-6-5-Medium.jpg 1152w, https:\/\/www.celttv.com.ar\/wp-content\/uploads\/2023\/06\/Inauguraciones-12-6-5-Medium-300x200.jpg 300w, https:\/\/www.celttv.com.ar\/wp-content\/uploads\/2023\/06\/Inauguraciones-12-6-5-Medium-1024x683.jpg 1024w, https:\/\/www.celttv.com.ar\/wp-content\/uploads\/2023\/06\/Inauguraciones-12-6-5-Medium-768x512.jpg 768w, https:\/\/www.celttv.com.ar\/wp-content\/uploads\/2023\/06\/Inauguraciones-12-6-5-Medium-750x500.jpg 750w, https:\/\/www.celttv.com.ar\/wp-content\/uploads\/2023\/06\/Inauguraciones-12-6-5-Medium-1140x760.jpg 1140w\" sizes=\"auto, (max-width: 1152px) 100vw, 1152px\" \/> <img loading=\"lazy\" decoding=\"async\" class=\"alignnone wp-image-76830 size-full\" src=\"http:\/\/www.celttv.com.ar\/wp-content\/uploads\/2023\/06\/Inauguraciones-12-6-5.jpeg\" alt=\"\" width=\"1024\" height=\"768\" srcset=\"https:\/\/www.celttv.com.ar\/wp-content\/uploads\/2023\/06\/Inauguraciones-12-6-5.jpeg 1024w, https:\/\/www.celttv.com.ar\/wp-content\/uploads\/2023\/06\/Inauguraciones-12-6-5-300x225.jpeg 300w, https:\/\/www.celttv.com.ar\/wp-content\/uploads\/2023\/06\/Inauguraciones-12-6-5-768x576.jpeg 768w, https:\/\/www.celttv.com.ar\/wp-content\/uploads\/2023\/06\/Inauguraciones-12-6-5-750x563.jpeg 750w\" sizes=\"auto, (max-width: 1024px) 100vw, 1024px\" \/> <img loading=\"lazy\" decoding=\"async\" class=\"alignnone wp-image-76831 size-full\" src=\"http:\/\/www.celttv.com.ar\/wp-content\/uploads\/2023\/06\/Inauguraciones-12-6-6-Medium.jpg\" alt=\"\" width=\"1152\" height=\"768\" srcset=\"https:\/\/www.celttv.com.ar\/wp-content\/uploads\/2023\/06\/Inauguraciones-12-6-6-Medium.jpg 1152w, https:\/\/www.celttv.com.ar\/wp-content\/uploads\/2023\/06\/Inauguraciones-12-6-6-Medium-300x200.jpg 300w, https:\/\/www.celttv.com.ar\/wp-content\/uploads\/2023\/06\/Inauguraciones-12-6-6-Medium-1024x683.jpg 1024w, https:\/\/www.celttv.com.ar\/wp-content\/uploads\/2023\/06\/Inauguraciones-12-6-6-Medium-768x512.jpg 768w, https:\/\/www.celttv.com.ar\/wp-content\/uploads\/2023\/06\/Inauguraciones-12-6-6-Medium-750x500.jpg 750w, https:\/\/www.celttv.com.ar\/wp-content\/uploads\/2023\/06\/Inauguraciones-12-6-6-Medium-1140x760.jpg 1140w\" sizes=\"auto, (max-width: 1152px) 100vw, 1152px\" \/> <img loading=\"lazy\" decoding=\"async\" class=\"alignnone wp-image-76832 size-full\" src=\"http:\/\/www.celttv.com.ar\/wp-content\/uploads\/2023\/06\/Inauguraciones-12-6-6.jpeg\" alt=\"\" width=\"1024\" height=\"768\" srcset=\"https:\/\/www.celttv.com.ar\/wp-content\/uploads\/2023\/06\/Inauguraciones-12-6-6.jpeg 1024w, https:\/\/www.celttv.com.ar\/wp-content\/uploads\/2023\/06\/Inauguraciones-12-6-6-300x225.jpeg 300w, https:\/\/www.celttv.com.ar\/wp-content\/uploads\/2023\/06\/Inauguraciones-12-6-6-768x576.jpeg 768w, https:\/\/www.celttv.com.ar\/wp-content\/uploads\/2023\/06\/Inauguraciones-12-6-6-750x563.jpeg 750w\" sizes=\"auto, (max-width: 1024px) 100vw, 1024px\" \/><\/p>\n","protected":false},"excerpt":{"rendered":"<p>Dos importantes inauguraciones en materia educativa \u2013 deportiva, se concretaron este lunes en el distrito de Tornquist. Por la ma\u00f1ana, con la presencia del Secretario de Gobierno y Seguridad, Ezequiel Gabella,y de la Secretaria de Hacienda, Estefan\u00eda Bordoni, en representaci\u00f3n del intendente municipal, tuvo lugar el acto de puesta en marcha del Centro de Educaci\u00f3n [&hellip;]<\/p>\n","protected":false},"author":5,"featured_media":76832,"comment_status":"closed","ping_status":"closed","sticky":false,"template":"","format":"standard","meta":{"footnotes":""},"categories":[51,26,60,52,59],"tags":[915],"class_list":["post-76820","post","type-post","status-publish","format-standard","has-post-thumbnail","hentry","category-comunidad","category-culture","category-deporte","category-destacadas","category-municipales","tag-quedaron-inaugurados-el-cef-no-195-de-sierra-de-la-ventana-y-la-sala-de-2-anos-del-jardin-906"],"yoast_head":"<!-- This site is optimized with the Yoast SEO plugin v19.7.1 - https:\/\/yoast.com\/wordpress\/plugins\/seo\/ -->\n<title>Quedaron inaugurados el CEF N\u00ba 195 de Sierra de la Ventana y la sala de 2 a\u00f1os del Jard\u00edn 906 - CELTTV<\/title>\n<meta name=\"description\" content=\"Sitio web de noticias de la localidad de Tornquist, provincia de Buenos Aires, Rep\u00fablica Argentina. Contenido propio originado por periodistas de CELTTV, el canal de TV local de la Cooperativa El\u00e9ctrica de Tornquist. Turismo, Pol\u00edtica, Sociedad, Deporte, Cultura y todo el contenido de inter\u00e9s general que la gente del pueblo y la regi\u00f3n debe conocer.\" \/>\n<meta name=\"robots\" content=\"index, follow, max-snippet:-1, max-image-preview:large, max-video-preview:-1\" \/>\n<link rel=\"canonical\" href=\"https:\/\/www.celttv.com.ar\/index.php\/2023\/06\/13\/quedaron-inaugurados-el-cef-no-195-de-sierra-de-la-ventana-y-la-sala-de-2-anos-del-jardin-906\/\" \/>\n<meta property=\"og:locale\" content=\"es_ES\" \/>\n<meta property=\"og:type\" content=\"article\" \/>\n<meta property=\"og:title\" content=\"Quedaron inaugurados el CEF N\u00ba 195 de Sierra de la Ventana y la sala de 2 a\u00f1os del Jard\u00edn 906 - CELTTV\" \/>\n<meta property=\"og:description\" content=\"Sitio web de noticias de la localidad de Tornquist, provincia de Buenos Aires, Rep\u00fablica Argentina. Contenido propio originado por periodistas de CELTTV, el canal de TV local de la Cooperativa El\u00e9ctrica de Tornquist. Turismo, Pol\u00edtica, Sociedad, Deporte, Cultura y todo el contenido de inter\u00e9s general que la gente del pueblo y la regi\u00f3n debe conocer.\" \/>\n<meta property=\"og:url\" content=\"https:\/\/www.celttv.com.ar\/index.php\/2023\/06\/13\/quedaron-inaugurados-el-cef-no-195-de-sierra-de-la-ventana-y-la-sala-de-2-anos-del-jardin-906\/\" \/>\n<meta property=\"og:site_name\" content=\"CELTTV\" \/>\n<meta property=\"article:publisher\" content=\"https:\/\/www.facebook.com\/celtTV\/\" \/>\n<meta property=\"article:published_time\" content=\"2023-06-14T00:25:40+00:00\" \/>\n<meta property=\"og:image\" content=\"https:\/\/www.celttv.com.ar\/wp-content\/uploads\/2023\/06\/Inauguraciones-12-6-6.jpeg\" \/>\n\t<meta property=\"og:image:width\" content=\"1024\" \/>\n\t<meta property=\"og:image:height\" content=\"768\" \/>\n\t<meta property=\"og:image:type\" content=\"image\/jpeg\" \/>\n<meta name=\"author\" content=\"Miguel Herrada\" \/>\n<meta name=\"twitter:card\" content=\"summary_large_image\" \/>\n<meta name=\"twitter:label1\" content=\"Escrito por\" \/>\n\t<meta name=\"twitter:data1\" content=\"Miguel Herrada\" \/>\n\t<meta name=\"twitter:label2\" content=\"Tiempo de lectura\" \/>\n\t<meta name=\"twitter:data2\" content=\"2 minutos\" \/>\n<script type=\"application\/ld+json\" class=\"yoast-schema-graph\">{\"@context\":\"https:\/\/schema.org\",\"@graph\":[{\"@type\":\"NewsArticle\",\"@id\":\"https:\/\/www.celttv.com.ar\/index.php\/2023\/06\/13\/quedaron-inaugurados-el-cef-no-195-de-sierra-de-la-ventana-y-la-sala-de-2-anos-del-jardin-906\/#article\",\"isPartOf\":{\"@id\":\"https:\/\/www.celttv.com.ar\/index.php\/2023\/06\/13\/quedaron-inaugurados-el-cef-no-195-de-sierra-de-la-ventana-y-la-sala-de-2-anos-del-jardin-906\/\"},\"author\":{\"name\":\"Miguel Herrada\",\"@id\":\"https:\/\/www.celttv.com.ar\/#\/schema\/person\/9059dc91dc7204ef4182cdb65225f07d\"},\"headline\":\"Quedaron inaugurados el CEF N\u00ba 195 de Sierra de la Ventana y la sala de 2 a\u00f1os del Jard\u00edn 906\",\"datePublished\":\"2023-06-14T00:25:40+00:00\",\"dateModified\":\"2023-06-14T00:25:40+00:00\",\"mainEntityOfPage\":{\"@id\":\"https:\/\/www.celttv.com.ar\/index.php\/2023\/06\/13\/quedaron-inaugurados-el-cef-no-195-de-sierra-de-la-ventana-y-la-sala-de-2-anos-del-jardin-906\/\"},\"wordCount\":346,\"publisher\":{\"@id\":\"https:\/\/www.celttv.com.ar\/#organization\"},\"keywords\":[\"Quedaron inaugurados el CEF N\u00ba 195 de Sierra de la Ventana y la sala de 2 a\u00f1os del Jard\u00edn 906\"],\"articleSection\":[\"Comunidad\",\"Culture\",\"Deporte\",\"Destacadas\",\"Municipales\"],\"inLanguage\":\"es\"},{\"@type\":\"WebPage\",\"@id\":\"https:\/\/www.celttv.com.ar\/index.php\/2023\/06\/13\/quedaron-inaugurados-el-cef-no-195-de-sierra-de-la-ventana-y-la-sala-de-2-anos-del-jardin-906\/\",\"url\":\"https:\/\/www.celttv.com.ar\/index.php\/2023\/06\/13\/quedaron-inaugurados-el-cef-no-195-de-sierra-de-la-ventana-y-la-sala-de-2-anos-del-jardin-906\/\",\"name\":\"Quedaron inaugurados el CEF N\u00ba 195 de Sierra de la Ventana y la sala de 2 a\u00f1os del Jard\u00edn 906 - CELTTV\",\"isPartOf\":{\"@id\":\"https:\/\/www.celttv.com.ar\/#website\"},\"datePublished\":\"2023-06-14T00:25:40+00:00\",\"dateModified\":\"2023-06-14T00:25:40+00:00\",\"description\":\"Sitio web de noticias de la localidad de Tornquist, provincia de Buenos Aires, Rep\u00fablica Argentina. Contenido propio originado por periodistas de CELTTV, el canal de TV local de la Cooperativa El\u00e9ctrica de Tornquist. Turismo, Pol\u00edtica, Sociedad, Deporte, Cultura y todo el contenido de inter\u00e9s general que la gente del pueblo y la regi\u00f3n debe conocer.\",\"breadcrumb\":{\"@id\":\"https:\/\/www.celttv.com.ar\/index.php\/2023\/06\/13\/quedaron-inaugurados-el-cef-no-195-de-sierra-de-la-ventana-y-la-sala-de-2-anos-del-jardin-906\/#breadcrumb\"},\"inLanguage\":\"es\",\"potentialAction\":[{\"@type\":\"ReadAction\",\"target\":[\"https:\/\/www.celttv.com.ar\/index.php\/2023\/06\/13\/quedaron-inaugurados-el-cef-no-195-de-sierra-de-la-ventana-y-la-sala-de-2-anos-del-jardin-906\/\"]}]},{\"@type\":\"BreadcrumbList\",\"@id\":\"https:\/\/www.celttv.com.ar\/index.php\/2023\/06\/13\/quedaron-inaugurados-el-cef-no-195-de-sierra-de-la-ventana-y-la-sala-de-2-anos-del-jardin-906\/#breadcrumb\",\"itemListElement\":[{\"@type\":\"ListItem\",\"position\":1,\"name\":\"Inicio\",\"item\":\"https:\/\/www.celttv.com.ar\/\"},{\"@type\":\"ListItem\",\"position\":2,\"name\":\"Quedaron inaugurados el CEF N\u00ba 195 de Sierra de la Ventana y la sala de 2 a\u00f1os del Jard\u00edn 906\"}]},{\"@type\":\"WebSite\",\"@id\":\"https:\/\/www.celttv.com.ar\/#website\",\"url\":\"https:\/\/www.celttv.com.ar\/\",\"name\":\"CELTTV\",\"description\":\"Cooperativa El\u00e9ctrica de Tornquist\",\"publisher\":{\"@id\":\"https:\/\/www.celttv.com.ar\/#organization\"},\"potentialAction\":[{\"@type\":\"SearchAction\",\"target\":{\"@type\":\"EntryPoint\",\"urlTemplate\":\"https:\/\/www.celttv.com.ar\/?s={search_term_string}\"},\"query-input\":\"required name=search_term_string\"}],\"inLanguage\":\"es\"},{\"@type\":\"Organization\",\"@id\":\"https:\/\/www.celttv.com.ar\/#organization\",\"name\":\"CELTTV\",\"url\":\"https:\/\/www.celttv.com.ar\/\",\"sameAs\":[\"https:\/\/www.youtube.com\/channel\/UCz_oIt8Hig64Ub-EmcNPIhg\",\"https:\/\/www.facebook.com\/celtTV\/\"],\"logo\":{\"@type\":\"ImageObject\",\"inLanguage\":\"es\",\"@id\":\"https:\/\/www.celttv.com.ar\/#\/schema\/logo\/image\/\",\"url\":\"http:\/\/www.celttv.com.ar\/wp-content\/uploads\/2022\/08\/logo-1.png\",\"contentUrl\":\"http:\/\/www.celttv.com.ar\/wp-content\/uploads\/2022\/08\/logo-1.png\",\"width\":461,\"height\":159,\"caption\":\"CELTTV\"},\"image\":{\"@id\":\"https:\/\/www.celttv.com.ar\/#\/schema\/logo\/image\/\"}},{\"@type\":\"Person\",\"@id\":\"https:\/\/www.celttv.com.ar\/#\/schema\/person\/9059dc91dc7204ef4182cdb65225f07d\",\"name\":\"Miguel Herrada\",\"image\":{\"@type\":\"ImageObject\",\"inLanguage\":\"es\",\"@id\":\"https:\/\/www.celttv.com.ar\/#\/schema\/person\/image\/\",\"url\":\"https:\/\/secure.gravatar.com\/avatar\/67724d5b3c716623ffd76bec7e45841a442ac3b456e914dbba90b0fad2b8e0b1?s=96&d=mm&r=g\",\"contentUrl\":\"https:\/\/secure.gravatar.com\/avatar\/67724d5b3c716623ffd76bec7e45841a442ac3b456e914dbba90b0fad2b8e0b1?s=96&d=mm&r=g\",\"caption\":\"Miguel Herrada\"}}]}<\/script>\n<!-- \/ Yoast SEO plugin. -->","yoast_head_json":{"title":"Quedaron inaugurados el CEF N\u00ba 195 de Sierra de la Ventana y la sala de 2 a\u00f1os del Jard\u00edn 906 - CELTTV","description":"Sitio web de noticias de la localidad de Tornquist, provincia de Buenos Aires, Rep\u00fablica Argentina. Contenido propio originado por periodistas de CELTTV, el canal de TV local de la Cooperativa El\u00e9ctrica de Tornquist. Turismo, Pol\u00edtica, Sociedad, Deporte, Cultura y todo el contenido de inter\u00e9s general que la gente del pueblo y la regi\u00f3n debe conocer.","robots":{"index":"index","follow":"follow","max-snippet":"max-snippet:-1","max-image-preview":"max-image-preview:large","max-video-preview":"max-video-preview:-1"},"canonical":"https:\/\/www.celttv.com.ar\/index.php\/2023\/06\/13\/quedaron-inaugurados-el-cef-no-195-de-sierra-de-la-ventana-y-la-sala-de-2-anos-del-jardin-906\/","og_locale":"es_ES","og_type":"article","og_title":"Quedaron inaugurados el CEF N\u00ba 195 de Sierra de la Ventana y la sala de 2 a\u00f1os del Jard\u00edn 906 - CELTTV","og_description":"Sitio web de noticias de la localidad de Tornquist, provincia de Buenos Aires, Rep\u00fablica Argentina. Contenido propio originado por periodistas de CELTTV, el canal de TV local de la Cooperativa El\u00e9ctrica de Tornquist. Turismo, Pol\u00edtica, Sociedad, Deporte, Cultura y todo el contenido de inter\u00e9s general que la gente del pueblo y la regi\u00f3n debe conocer.","og_url":"https:\/\/www.celttv.com.ar\/index.php\/2023\/06\/13\/quedaron-inaugurados-el-cef-no-195-de-sierra-de-la-ventana-y-la-sala-de-2-anos-del-jardin-906\/","og_site_name":"CELTTV","article_publisher":"https:\/\/www.facebook.com\/celtTV\/","article_published_time":"2023-06-14T00:25:40+00:00","og_image":[{"width":1024,"height":768,"url":"https:\/\/www.celttv.com.ar\/wp-content\/uploads\/2023\/06\/Inauguraciones-12-6-6.jpeg","type":"image\/jpeg"}],"author":"Miguel Herrada","twitter_card":"summary_large_image","twitter_misc":{"Escrito por":"Miguel Herrada","Tiempo de lectura":"2 minutos"},"schema":{"@context":"https:\/\/schema.org","@graph":[{"@type":"NewsArticle","@id":"https:\/\/www.celttv.com.ar\/index.php\/2023\/06\/13\/quedaron-inaugurados-el-cef-no-195-de-sierra-de-la-ventana-y-la-sala-de-2-anos-del-jardin-906\/#article","isPartOf":{"@id":"https:\/\/www.celttv.com.ar\/index.php\/2023\/06\/13\/quedaron-inaugurados-el-cef-no-195-de-sierra-de-la-ventana-y-la-sala-de-2-anos-del-jardin-906\/"},"author":{"name":"Miguel Herrada","@id":"https:\/\/www.celttv.com.ar\/#\/schema\/person\/9059dc91dc7204ef4182cdb65225f07d"},"headline":"Quedaron inaugurados el CEF N\u00ba 195 de Sierra de la Ventana y la sala de 2 a\u00f1os del Jard\u00edn 906","datePublished":"2023-06-14T00:25:40+00:00","dateModified":"2023-06-14T00:25:40+00:00","mainEntityOfPage":{"@id":"https:\/\/www.celttv.com.ar\/index.php\/2023\/06\/13\/quedaron-inaugurados-el-cef-no-195-de-sierra-de-la-ventana-y-la-sala-de-2-anos-del-jardin-906\/"},"wordCount":346,"publisher":{"@id":"https:\/\/www.celttv.com.ar\/#organization"},"keywords":["Quedaron inaugurados el CEF N\u00ba 195 de Sierra de la Ventana y la sala de 2 a\u00f1os del Jard\u00edn 906"],"articleSection":["Comunidad","Culture","Deporte","Destacadas","Municipales"],"inLanguage":"es"},{"@type":"WebPage","@id":"https:\/\/www.celttv.com.ar\/index.php\/2023\/06\/13\/quedaron-inaugurados-el-cef-no-195-de-sierra-de-la-ventana-y-la-sala-de-2-anos-del-jardin-906\/","url":"https:\/\/www.celttv.com.ar\/index.php\/2023\/06\/13\/quedaron-inaugurados-el-cef-no-195-de-sierra-de-la-ventana-y-la-sala-de-2-anos-del-jardin-906\/","name":"Quedaron inaugurados el CEF N\u00ba 195 de Sierra de la Ventana y la sala de 2 a\u00f1os del Jard\u00edn 906 - CELTTV","isPartOf":{"@id":"https:\/\/www.celttv.com.ar\/#website"},"datePublished":"2023-06-14T00:25:40+00:00","dateModified":"2023-06-14T00:25:40+00:00","description":"Sitio web de noticias de la localidad de Tornquist, provincia de Buenos Aires, Rep\u00fablica Argentina. Contenido propio originado por periodistas de CELTTV, el canal de TV local de la Cooperativa El\u00e9ctrica de Tornquist. Turismo, Pol\u00edtica, Sociedad, Deporte, Cultura y todo el contenido de inter\u00e9s general que la gente del pueblo y la regi\u00f3n debe conocer.","breadcrumb":{"@id":"https:\/\/www.celttv.com.ar\/index.php\/2023\/06\/13\/quedaron-inaugurados-el-cef-no-195-de-sierra-de-la-ventana-y-la-sala-de-2-anos-del-jardin-906\/#breadcrumb"},"inLanguage":"es","potentialAction":[{"@type":"ReadAction","target":["https:\/\/www.celttv.com.ar\/index.php\/2023\/06\/13\/quedaron-inaugurados-el-cef-no-195-de-sierra-de-la-ventana-y-la-sala-de-2-anos-del-jardin-906\/"]}]},{"@type":"BreadcrumbList","@id":"https:\/\/www.celttv.com.ar\/index.php\/2023\/06\/13\/quedaron-inaugurados-el-cef-no-195-de-sierra-de-la-ventana-y-la-sala-de-2-anos-del-jardin-906\/#breadcrumb","itemListElement":[{"@type":"ListItem","position":1,"name":"Inicio","item":"https:\/\/www.celttv.com.ar\/"},{"@type":"ListItem","position":2,"name":"Quedaron inaugurados el CEF N\u00ba 195 de Sierra de la Ventana y la sala de 2 a\u00f1os del Jard\u00edn 906"}]},{"@type":"WebSite","@id":"https:\/\/www.celttv.com.ar\/#website","url":"https:\/\/www.celttv.com.ar\/","name":"CELTTV","description":"Cooperativa El\u00e9ctrica de Tornquist","publisher":{"@id":"https:\/\/www.celttv.com.ar\/#organization"},"potentialAction":[{"@type":"SearchAction","target":{"@type":"EntryPoint","urlTemplate":"https:\/\/www.celttv.com.ar\/?s={search_term_string}"},"query-input":"required name=search_term_string"}],"inLanguage":"es"},{"@type":"Organization","@id":"https:\/\/www.celttv.com.ar\/#organization","name":"CELTTV","url":"https:\/\/www.celttv.com.ar\/","sameAs":["https:\/\/www.youtube.com\/channel\/UCz_oIt8Hig64Ub-EmcNPIhg","https:\/\/www.facebook.com\/celtTV\/"],"logo":{"@type":"ImageObject","inLanguage":"es","@id":"https:\/\/www.celttv.com.ar\/#\/schema\/logo\/image\/","url":"http:\/\/www.celttv.com.ar\/wp-content\/uploads\/2022\/08\/logo-1.png","contentUrl":"http:\/\/www.celttv.com.ar\/wp-content\/uploads\/2022\/08\/logo-1.png","width":461,"height":159,"caption":"CELTTV"},"image":{"@id":"https:\/\/www.celttv.com.ar\/#\/schema\/logo\/image\/"}},{"@type":"Person","@id":"https:\/\/www.celttv.com.ar\/#\/schema\/person\/9059dc91dc7204ef4182cdb65225f07d","name":"Miguel Herrada","image":{"@type":"ImageObject","inLanguage":"es","@id":"https:\/\/www.celttv.com.ar\/#\/schema\/person\/image\/","url":"https:\/\/secure.gravatar.com\/avatar\/67724d5b3c716623ffd76bec7e45841a442ac3b456e914dbba90b0fad2b8e0b1?s=96&d=mm&r=g","contentUrl":"https:\/\/secure.gravatar.com\/avatar\/67724d5b3c716623ffd76bec7e45841a442ac3b456e914dbba90b0fad2b8e0b1?s=96&d=mm&r=g","caption":"Miguel Herrada"}}]}},"_links":{"self":[{"href":"https:\/\/www.celttv.com.ar\/index.php\/wp-json\/wp\/v2\/posts\/76820","targetHints":{"allow":["GET"]}}],"collection":[{"href":"https:\/\/www.celttv.com.ar\/index.php\/wp-json\/wp\/v2\/posts"}],"about":[{"href":"https:\/\/www.celttv.com.ar\/index.php\/wp-json\/wp\/v2\/types\/post"}],"author":[{"embeddable":true,"href":"https:\/\/www.celttv.com.ar\/index.php\/wp-json\/wp\/v2\/users\/5"}],"replies":[{"embeddable":true,"href":"https:\/\/www.celttv.com.ar\/index.php\/wp-json\/wp\/v2\/comments?post=76820"}],"version-history":[{"count":1,"href":"https:\/\/www.celttv.com.ar\/index.php\/wp-json\/wp\/v2\/posts\/76820\/revisions"}],"predecessor-version":[{"id":76833,"href":"https:\/\/www.celttv.com.ar\/index.php\/wp-json\/wp\/v2\/posts\/76820\/revisions\/76833"}],"wp:featuredmedia":[{"embeddable":true,"href":"https:\/\/www.celttv.com.ar\/index.php\/wp-json\/wp\/v2\/media\/76832"}],"wp:attachment":[{"href":"https:\/\/www.celttv.com.ar\/index.php\/wp-json\/wp\/v2\/media?parent=76820"}],"wp:term":[{"taxonomy":"category","embeddable":true,"href":"https:\/\/www.celttv.com.ar\/index.php\/wp-json\/wp\/v2\/categories?post=76820"},{"taxonomy":"post_tag","embeddable":true,"href":"https:\/\/www.celttv.com.ar\/index.php\/wp-json\/wp\/v2\/tags?post=76820"}],"curies":[{"name":"wp","href":"https:\/\/api.w.org\/{rel}","templated":true}]}}