{"id":77017,"date":"2023-06-20T22:19:36","date_gmt":"2023-06-21T01:19:36","guid":{"rendered":"http:\/\/www.celttv.com.ar\/?p=77017"},"modified":"2023-06-20T22:19:36","modified_gmt":"2023-06-21T01:19:36","slug":"el-camion-de-mercado-popular-estara-en-tornquist-villa-ventana-sierra-de-la-ventana-y-saldungaray","status":"publish","type":"post","link":"https:\/\/www.celttv.com.ar\/index.php\/2023\/06\/20\/el-camion-de-mercado-popular-estara-en-tornquist-villa-ventana-sierra-de-la-ventana-y-saldungaray\/","title":{"rendered":"El Cami\u00f3n de Mercado Popular estar\u00e1 en Tornquist, Villa Ventana, Sierra de la Ventana y Saldungaray"},"content":{"rendered":"<p><img loading=\"lazy\" decoding=\"async\" class=\"alignnone wp-image-77018 size-full\" src=\"http:\/\/www.celttv.com.ar\/wp-content\/uploads\/2023\/06\/WhatsApp-Image-2023-06-19-at-20.45.52.jpeg\" alt=\"\" width=\"899\" height=\"1599\" srcset=\"https:\/\/www.celttv.com.ar\/wp-content\/uploads\/2023\/06\/WhatsApp-Image-2023-06-19-at-20.45.52.jpeg 899w, https:\/\/www.celttv.com.ar\/wp-content\/uploads\/2023\/06\/WhatsApp-Image-2023-06-19-at-20.45.52-169x300.jpeg 169w, https:\/\/www.celttv.com.ar\/wp-content\/uploads\/2023\/06\/WhatsApp-Image-2023-06-19-at-20.45.52-576x1024.jpeg 576w, https:\/\/www.celttv.com.ar\/wp-content\/uploads\/2023\/06\/WhatsApp-Image-2023-06-19-at-20.45.52-768x1366.jpeg 768w, https:\/\/www.celttv.com.ar\/wp-content\/uploads\/2023\/06\/WhatsApp-Image-2023-06-19-at-20.45.52-864x1536.jpeg 864w, https:\/\/www.celttv.com.ar\/wp-content\/uploads\/2023\/06\/WhatsApp-Image-2023-06-19-at-20.45.52-750x1334.jpeg 750w\" sizes=\"auto, (max-width: 899px) 100vw, 899px\" \/> <img loading=\"lazy\" decoding=\"async\" class=\"alignnone wp-image-77019 size-full\" src=\"http:\/\/www.celttv.com.ar\/wp-content\/uploads\/2023\/06\/WhatsApp-Image-2023-06-19-at-20.46.38.jpeg\" alt=\"\" width=\"576\" height=\"1280\" srcset=\"https:\/\/www.celttv.com.ar\/wp-content\/uploads\/2023\/06\/WhatsApp-Image-2023-06-19-at-20.46.38.jpeg 576w, https:\/\/www.celttv.com.ar\/wp-content\/uploads\/2023\/06\/WhatsApp-Image-2023-06-19-at-20.46.38-135x300.jpeg 135w, https:\/\/www.celttv.com.ar\/wp-content\/uploads\/2023\/06\/WhatsApp-Image-2023-06-19-at-20.46.38-461x1024.jpeg 461w\" sizes=\"auto, (max-width: 576px) 100vw, 576px\" \/><\/p>\n","protected":false},"excerpt":{"rendered":"","protected":false},"author":5,"featured_media":77018,"comment_status":"closed","ping_status":"closed","sticky":false,"template":"","format":"standard","meta":{"footnotes":""},"categories":[51,52],"tags":[927,929,928],"class_list":["post-77017","post","type-post","status-publish","format-standard","has-post-thumbnail","hentry","category-comunidad","category-destacadas","tag-el-camion-de-mercado-popular-estara-en-tornquist","tag-sierra-de-la-ventana-y-saldungaray","tag-villa-ventana"],"yoast_head":"<!-- This site is optimized with the Yoast SEO plugin v19.7.1 - https:\/\/yoast.com\/wordpress\/plugins\/seo\/ -->\n<title>El Cami\u00f3n de Mercado Popular estar\u00e1 en Tornquist, Villa Ventana, Sierra de la Ventana y Saldungaray - CELTTV<\/title>\n<meta name=\"description\" content=\"Sitio web de noticias de la localidad de Tornquist, provincia de Buenos Aires, Rep\u00fablica Argentina. Contenido propio originado por periodistas de CELTTV, el canal de TV local de la Cooperativa El\u00e9ctrica de Tornquist. Turismo, Pol\u00edtica, Sociedad, Deporte, Cultura y todo el contenido de inter\u00e9s general que la gente del pueblo y la regi\u00f3n debe conocer.\" \/>\n<meta name=\"robots\" content=\"index, follow, max-snippet:-1, max-image-preview:large, max-video-preview:-1\" \/>\n<link rel=\"canonical\" href=\"https:\/\/www.celttv.com.ar\/index.php\/2023\/06\/20\/el-camion-de-mercado-popular-estara-en-tornquist-villa-ventana-sierra-de-la-ventana-y-saldungaray\/\" \/>\n<meta property=\"og:locale\" content=\"es_ES\" \/>\n<meta property=\"og:type\" content=\"article\" \/>\n<meta property=\"og:title\" content=\"El Cami\u00f3n de Mercado Popular estar\u00e1 en Tornquist, Villa Ventana, Sierra de la Ventana y Saldungaray - CELTTV\" \/>\n<meta property=\"og:description\" content=\"Sitio web de noticias de la localidad de Tornquist, provincia de Buenos Aires, Rep\u00fablica Argentina. Contenido propio originado por periodistas de CELTTV, el canal de TV local de la Cooperativa El\u00e9ctrica de Tornquist. Turismo, Pol\u00edtica, Sociedad, Deporte, Cultura y todo el contenido de inter\u00e9s general que la gente del pueblo y la regi\u00f3n debe conocer.\" \/>\n<meta property=\"og:url\" content=\"https:\/\/www.celttv.com.ar\/index.php\/2023\/06\/20\/el-camion-de-mercado-popular-estara-en-tornquist-villa-ventana-sierra-de-la-ventana-y-saldungaray\/\" \/>\n<meta property=\"og:site_name\" content=\"CELTTV\" \/>\n<meta property=\"article:publisher\" content=\"https:\/\/www.facebook.com\/celtTV\/\" \/>\n<meta property=\"article:published_time\" content=\"2023-06-21T01:19:36+00:00\" \/>\n<meta property=\"og:image\" content=\"https:\/\/www.celttv.com.ar\/wp-content\/uploads\/2023\/06\/WhatsApp-Image-2023-06-19-at-20.45.52.jpeg\" \/>\n\t<meta property=\"og:image:width\" content=\"899\" \/>\n\t<meta property=\"og:image:height\" content=\"1599\" \/>\n\t<meta property=\"og:image:type\" content=\"image\/jpeg\" \/>\n<meta name=\"author\" content=\"Miguel Herrada\" \/>\n<meta name=\"twitter:card\" content=\"summary_large_image\" \/>\n<meta name=\"twitter:label1\" content=\"Escrito por\" \/>\n\t<meta name=\"twitter:data1\" content=\"Miguel Herrada\" \/>\n<script type=\"application\/ld+json\" class=\"yoast-schema-graph\">{\"@context\":\"https:\/\/schema.org\",\"@graph\":[{\"@type\":\"NewsArticle\",\"@id\":\"https:\/\/www.celttv.com.ar\/index.php\/2023\/06\/20\/el-camion-de-mercado-popular-estara-en-tornquist-villa-ventana-sierra-de-la-ventana-y-saldungaray\/#article\",\"isPartOf\":{\"@id\":\"https:\/\/www.celttv.com.ar\/index.php\/2023\/06\/20\/el-camion-de-mercado-popular-estara-en-tornquist-villa-ventana-sierra-de-la-ventana-y-saldungaray\/\"},\"author\":{\"name\":\"Miguel Herrada\",\"@id\":\"https:\/\/www.celttv.com.ar\/#\/schema\/person\/9059dc91dc7204ef4182cdb65225f07d\"},\"headline\":\"El Cami\u00f3n de Mercado Popular estar\u00e1 en Tornquist, Villa Ventana, Sierra de la Ventana y Saldungaray\",\"datePublished\":\"2023-06-21T01:19:36+00:00\",\"dateModified\":\"2023-06-21T01:19:36+00:00\",\"mainEntityOfPage\":{\"@id\":\"https:\/\/www.celttv.com.ar\/index.php\/2023\/06\/20\/el-camion-de-mercado-popular-estara-en-tornquist-villa-ventana-sierra-de-la-ventana-y-saldungaray\/\"},\"wordCount\":17,\"publisher\":{\"@id\":\"https:\/\/www.celttv.com.ar\/#organization\"},\"keywords\":[\"El Cami\u00f3n de Mercado Popular estar\u00e1 en Tornquist\",\"Sierra de la Ventana y Saldungaray\",\"Villa Ventana\"],\"articleSection\":[\"Comunidad\",\"Destacadas\"],\"inLanguage\":\"es\"},{\"@type\":\"WebPage\",\"@id\":\"https:\/\/www.celttv.com.ar\/index.php\/2023\/06\/20\/el-camion-de-mercado-popular-estara-en-tornquist-villa-ventana-sierra-de-la-ventana-y-saldungaray\/\",\"url\":\"https:\/\/www.celttv.com.ar\/index.php\/2023\/06\/20\/el-camion-de-mercado-popular-estara-en-tornquist-villa-ventana-sierra-de-la-ventana-y-saldungaray\/\",\"name\":\"El Cami\u00f3n de Mercado Popular estar\u00e1 en Tornquist, Villa Ventana, Sierra de la Ventana y Saldungaray - CELTTV\",\"isPartOf\":{\"@id\":\"https:\/\/www.celttv.com.ar\/#website\"},\"datePublished\":\"2023-06-21T01:19:36+00:00\",\"dateModified\":\"2023-06-21T01:19:36+00:00\",\"description\":\"Sitio web de noticias de la localidad de Tornquist, provincia de Buenos Aires, Rep\u00fablica Argentina. Contenido propio originado por periodistas de CELTTV, el canal de TV local de la Cooperativa El\u00e9ctrica de Tornquist. Turismo, Pol\u00edtica, Sociedad, Deporte, Cultura y todo el contenido de inter\u00e9s general que la gente del pueblo y la regi\u00f3n debe conocer.\",\"breadcrumb\":{\"@id\":\"https:\/\/www.celttv.com.ar\/index.php\/2023\/06\/20\/el-camion-de-mercado-popular-estara-en-tornquist-villa-ventana-sierra-de-la-ventana-y-saldungaray\/#breadcrumb\"},\"inLanguage\":\"es\",\"potentialAction\":[{\"@type\":\"ReadAction\",\"target\":[\"https:\/\/www.celttv.com.ar\/index.php\/2023\/06\/20\/el-camion-de-mercado-popular-estara-en-tornquist-villa-ventana-sierra-de-la-ventana-y-saldungaray\/\"]}]},{\"@type\":\"BreadcrumbList\",\"@id\":\"https:\/\/www.celttv.com.ar\/index.php\/2023\/06\/20\/el-camion-de-mercado-popular-estara-en-tornquist-villa-ventana-sierra-de-la-ventana-y-saldungaray\/#breadcrumb\",\"itemListElement\":[{\"@type\":\"ListItem\",\"position\":1,\"name\":\"Inicio\",\"item\":\"https:\/\/www.celttv.com.ar\/\"},{\"@type\":\"ListItem\",\"position\":2,\"name\":\"El Cami\u00f3n de Mercado Popular estar\u00e1 en Tornquist, Villa Ventana, Sierra de la Ventana y Saldungaray\"}]},{\"@type\":\"WebSite\",\"@id\":\"https:\/\/www.celttv.com.ar\/#website\",\"url\":\"https:\/\/www.celttv.com.ar\/\",\"name\":\"CELTTV\",\"description\":\"Cooperativa El\u00e9ctrica de Tornquist\",\"publisher\":{\"@id\":\"https:\/\/www.celttv.com.ar\/#organization\"},\"potentialAction\":[{\"@type\":\"SearchAction\",\"target\":{\"@type\":\"EntryPoint\",\"urlTemplate\":\"https:\/\/www.celttv.com.ar\/?s={search_term_string}\"},\"query-input\":\"required name=search_term_string\"}],\"inLanguage\":\"es\"},{\"@type\":\"Organization\",\"@id\":\"https:\/\/www.celttv.com.ar\/#organization\",\"name\":\"CELTTV\",\"url\":\"https:\/\/www.celttv.com.ar\/\",\"sameAs\":[\"https:\/\/www.youtube.com\/channel\/UCz_oIt8Hig64Ub-EmcNPIhg\",\"https:\/\/www.facebook.com\/celtTV\/\"],\"logo\":{\"@type\":\"ImageObject\",\"inLanguage\":\"es\",\"@id\":\"https:\/\/www.celttv.com.ar\/#\/schema\/logo\/image\/\",\"url\":\"http:\/\/www.celttv.com.ar\/wp-content\/uploads\/2022\/08\/logo-1.png\",\"contentUrl\":\"http:\/\/www.celttv.com.ar\/wp-content\/uploads\/2022\/08\/logo-1.png\",\"width\":461,\"height\":159,\"caption\":\"CELTTV\"},\"image\":{\"@id\":\"https:\/\/www.celttv.com.ar\/#\/schema\/logo\/image\/\"}},{\"@type\":\"Person\",\"@id\":\"https:\/\/www.celttv.com.ar\/#\/schema\/person\/9059dc91dc7204ef4182cdb65225f07d\",\"name\":\"Miguel Herrada\",\"image\":{\"@type\":\"ImageObject\",\"inLanguage\":\"es\",\"@id\":\"https:\/\/www.celttv.com.ar\/#\/schema\/person\/image\/\",\"url\":\"https:\/\/secure.gravatar.com\/avatar\/67724d5b3c716623ffd76bec7e45841a442ac3b456e914dbba90b0fad2b8e0b1?s=96&d=mm&r=g\",\"contentUrl\":\"https:\/\/secure.gravatar.com\/avatar\/67724d5b3c716623ffd76bec7e45841a442ac3b456e914dbba90b0fad2b8e0b1?s=96&d=mm&r=g\",\"caption\":\"Miguel Herrada\"}}]}<\/script>\n<!-- \/ Yoast SEO plugin. -->","yoast_head_json":{"title":"El Cami\u00f3n de Mercado Popular estar\u00e1 en Tornquist, Villa Ventana, Sierra de la Ventana y Saldungaray - CELTTV","description":"Sitio web de noticias de la localidad de Tornquist, provincia de Buenos Aires, Rep\u00fablica Argentina. Contenido propio originado por periodistas de CELTTV, el canal de TV local de la Cooperativa El\u00e9ctrica de Tornquist. Turismo, Pol\u00edtica, Sociedad, Deporte, Cultura y todo el contenido de inter\u00e9s general que la gente del pueblo y la regi\u00f3n debe conocer.","robots":{"index":"index","follow":"follow","max-snippet":"max-snippet:-1","max-image-preview":"max-image-preview:large","max-video-preview":"max-video-preview:-1"},"canonical":"https:\/\/www.celttv.com.ar\/index.php\/2023\/06\/20\/el-camion-de-mercado-popular-estara-en-tornquist-villa-ventana-sierra-de-la-ventana-y-saldungaray\/","og_locale":"es_ES","og_type":"article","og_title":"El Cami\u00f3n de Mercado Popular estar\u00e1 en Tornquist, Villa Ventana, Sierra de la Ventana y Saldungaray - CELTTV","og_description":"Sitio web de noticias de la localidad de Tornquist, provincia de Buenos Aires, Rep\u00fablica Argentina. Contenido propio originado por periodistas de CELTTV, el canal de TV local de la Cooperativa El\u00e9ctrica de Tornquist. Turismo, Pol\u00edtica, Sociedad, Deporte, Cultura y todo el contenido de inter\u00e9s general que la gente del pueblo y la regi\u00f3n debe conocer.","og_url":"https:\/\/www.celttv.com.ar\/index.php\/2023\/06\/20\/el-camion-de-mercado-popular-estara-en-tornquist-villa-ventana-sierra-de-la-ventana-y-saldungaray\/","og_site_name":"CELTTV","article_publisher":"https:\/\/www.facebook.com\/celtTV\/","article_published_time":"2023-06-21T01:19:36+00:00","og_image":[{"width":899,"height":1599,"url":"https:\/\/www.celttv.com.ar\/wp-content\/uploads\/2023\/06\/WhatsApp-Image-2023-06-19-at-20.45.52.jpeg","type":"image\/jpeg"}],"author":"Miguel Herrada","twitter_card":"summary_large_image","twitter_misc":{"Escrito por":"Miguel Herrada"},"schema":{"@context":"https:\/\/schema.org","@graph":[{"@type":"NewsArticle","@id":"https:\/\/www.celttv.com.ar\/index.php\/2023\/06\/20\/el-camion-de-mercado-popular-estara-en-tornquist-villa-ventana-sierra-de-la-ventana-y-saldungaray\/#article","isPartOf":{"@id":"https:\/\/www.celttv.com.ar\/index.php\/2023\/06\/20\/el-camion-de-mercado-popular-estara-en-tornquist-villa-ventana-sierra-de-la-ventana-y-saldungaray\/"},"author":{"name":"Miguel Herrada","@id":"https:\/\/www.celttv.com.ar\/#\/schema\/person\/9059dc91dc7204ef4182cdb65225f07d"},"headline":"El Cami\u00f3n de Mercado Popular estar\u00e1 en Tornquist, Villa Ventana, Sierra de la Ventana y Saldungaray","datePublished":"2023-06-21T01:19:36+00:00","dateModified":"2023-06-21T01:19:36+00:00","mainEntityOfPage":{"@id":"https:\/\/www.celttv.com.ar\/index.php\/2023\/06\/20\/el-camion-de-mercado-popular-estara-en-tornquist-villa-ventana-sierra-de-la-ventana-y-saldungaray\/"},"wordCount":17,"publisher":{"@id":"https:\/\/www.celttv.com.ar\/#organization"},"keywords":["El Cami\u00f3n de Mercado Popular estar\u00e1 en Tornquist","Sierra de la Ventana y Saldungaray","Villa Ventana"],"articleSection":["Comunidad","Destacadas"],"inLanguage":"es"},{"@type":"WebPage","@id":"https:\/\/www.celttv.com.ar\/index.php\/2023\/06\/20\/el-camion-de-mercado-popular-estara-en-tornquist-villa-ventana-sierra-de-la-ventana-y-saldungaray\/","url":"https:\/\/www.celttv.com.ar\/index.php\/2023\/06\/20\/el-camion-de-mercado-popular-estara-en-tornquist-villa-ventana-sierra-de-la-ventana-y-saldungaray\/","name":"El Cami\u00f3n de Mercado Popular estar\u00e1 en Tornquist, Villa Ventana, Sierra de la Ventana y Saldungaray - CELTTV","isPartOf":{"@id":"https:\/\/www.celttv.com.ar\/#website"},"datePublished":"2023-06-21T01:19:36+00:00","dateModified":"2023-06-21T01:19:36+00:00","description":"Sitio web de noticias de la localidad de Tornquist, provincia de Buenos Aires, Rep\u00fablica Argentina. Contenido propio originado por periodistas de CELTTV, el canal de TV local de la Cooperativa El\u00e9ctrica de Tornquist. Turismo, Pol\u00edtica, Sociedad, Deporte, Cultura y todo el contenido de inter\u00e9s general que la gente del pueblo y la regi\u00f3n debe conocer.","breadcrumb":{"@id":"https:\/\/www.celttv.com.ar\/index.php\/2023\/06\/20\/el-camion-de-mercado-popular-estara-en-tornquist-villa-ventana-sierra-de-la-ventana-y-saldungaray\/#breadcrumb"},"inLanguage":"es","potentialAction":[{"@type":"ReadAction","target":["https:\/\/www.celttv.com.ar\/index.php\/2023\/06\/20\/el-camion-de-mercado-popular-estara-en-tornquist-villa-ventana-sierra-de-la-ventana-y-saldungaray\/"]}]},{"@type":"BreadcrumbList","@id":"https:\/\/www.celttv.com.ar\/index.php\/2023\/06\/20\/el-camion-de-mercado-popular-estara-en-tornquist-villa-ventana-sierra-de-la-ventana-y-saldungaray\/#breadcrumb","itemListElement":[{"@type":"ListItem","position":1,"name":"Inicio","item":"https:\/\/www.celttv.com.ar\/"},{"@type":"ListItem","position":2,"name":"El Cami\u00f3n de Mercado Popular estar\u00e1 en Tornquist, Villa Ventana, Sierra de la Ventana y Saldungaray"}]},{"@type":"WebSite","@id":"https:\/\/www.celttv.com.ar\/#website","url":"https:\/\/www.celttv.com.ar\/","name":"CELTTV","description":"Cooperativa El\u00e9ctrica de Tornquist","publisher":{"@id":"https:\/\/www.celttv.com.ar\/#organization"},"potentialAction":[{"@type":"SearchAction","target":{"@type":"EntryPoint","urlTemplate":"https:\/\/www.celttv.com.ar\/?s={search_term_string}"},"query-input":"required name=search_term_string"}],"inLanguage":"es"},{"@type":"Organization","@id":"https:\/\/www.celttv.com.ar\/#organization","name":"CELTTV","url":"https:\/\/www.celttv.com.ar\/","sameAs":["https:\/\/www.youtube.com\/channel\/UCz_oIt8Hig64Ub-EmcNPIhg","https:\/\/www.facebook.com\/celtTV\/"],"logo":{"@type":"ImageObject","inLanguage":"es","@id":"https:\/\/www.celttv.com.ar\/#\/schema\/logo\/image\/","url":"http:\/\/www.celttv.com.ar\/wp-content\/uploads\/2022\/08\/logo-1.png","contentUrl":"http:\/\/www.celttv.com.ar\/wp-content\/uploads\/2022\/08\/logo-1.png","width":461,"height":159,"caption":"CELTTV"},"image":{"@id":"https:\/\/www.celttv.com.ar\/#\/schema\/logo\/image\/"}},{"@type":"Person","@id":"https:\/\/www.celttv.com.ar\/#\/schema\/person\/9059dc91dc7204ef4182cdb65225f07d","name":"Miguel Herrada","image":{"@type":"ImageObject","inLanguage":"es","@id":"https:\/\/www.celttv.com.ar\/#\/schema\/person\/image\/","url":"https:\/\/secure.gravatar.com\/avatar\/67724d5b3c716623ffd76bec7e45841a442ac3b456e914dbba90b0fad2b8e0b1?s=96&d=mm&r=g","contentUrl":"https:\/\/secure.gravatar.com\/avatar\/67724d5b3c716623ffd76bec7e45841a442ac3b456e914dbba90b0fad2b8e0b1?s=96&d=mm&r=g","caption":"Miguel Herrada"}}]}},"_links":{"self":[{"href":"https:\/\/www.celttv.com.ar\/index.php\/wp-json\/wp\/v2\/posts\/77017","targetHints":{"allow":["GET"]}}],"collection":[{"href":"https:\/\/www.celttv.com.ar\/index.php\/wp-json\/wp\/v2\/posts"}],"about":[{"href":"https:\/\/www.celttv.com.ar\/index.php\/wp-json\/wp\/v2\/types\/post"}],"author":[{"embeddable":true,"href":"https:\/\/www.celttv.com.ar\/index.php\/wp-json\/wp\/v2\/users\/5"}],"replies":[{"embeddable":true,"href":"https:\/\/www.celttv.com.ar\/index.php\/wp-json\/wp\/v2\/comments?post=77017"}],"version-history":[{"count":1,"href":"https:\/\/www.celttv.com.ar\/index.php\/wp-json\/wp\/v2\/posts\/77017\/revisions"}],"predecessor-version":[{"id":77020,"href":"https:\/\/www.celttv.com.ar\/index.php\/wp-json\/wp\/v2\/posts\/77017\/revisions\/77020"}],"wp:featuredmedia":[{"embeddable":true,"href":"https:\/\/www.celttv.com.ar\/index.php\/wp-json\/wp\/v2\/media\/77018"}],"wp:attachment":[{"href":"https:\/\/www.celttv.com.ar\/index.php\/wp-json\/wp\/v2\/media?parent=77017"}],"wp:term":[{"taxonomy":"category","embeddable":true,"href":"https:\/\/www.celttv.com.ar\/index.php\/wp-json\/wp\/v2\/categories?post=77017"},{"taxonomy":"post_tag","embeddable":true,"href":"https:\/\/www.celttv.com.ar\/index.php\/wp-json\/wp\/v2\/tags?post=77017"}],"curies":[{"name":"wp","href":"https:\/\/api.w.org\/{rel}","templated":true}]}}