{"id":77028,"date":"2023-06-21T12:03:22","date_gmt":"2023-06-21T15:03:22","guid":{"rendered":"http:\/\/www.celttv.com.ar\/?p=77028"},"modified":"2023-06-21T12:03:22","modified_gmt":"2023-06-21T15:03:22","slug":"consejo-municipal-de-las-mujeres-se-inicio-el-taller-de-confeccion-de-alpargatas","status":"publish","type":"post","link":"https:\/\/www.celttv.com.ar\/index.php\/2023\/06\/21\/consejo-municipal-de-las-mujeres-se-inicio-el-taller-de-confeccion-de-alpargatas\/","title":{"rendered":"Consejo Municipal de las Mujeres: Se inici\u00f3 el taller de confecci\u00f3n de alpargatas"},"content":{"rendered":"<p class=\"yiv3730070242MsoNormal\"><span lang=\"ES\">El 17 de junio, en la Biblioteca Popular \u201cMariano Moreno\u201d, iniciamos el taller de confecci\u00f3n de alpargatas, con la participaci\u00f3n de vecino\/as que se acercaron con la expectativa de aprender a reparar sus zapatillas y\u00a0 confeccionar sus alpargatas. El encuentro se desarroll\u00f3 en un agradable clima de trabajo e intercambio\u00a0de saberes.\u00a0\u00a0<\/span><\/p>\n<div class=\"img-preview-wrapper\"><img loading=\"lazy\" decoding=\"async\" class=\"alignnone wp-image-77029 size-full\" src=\"http:\/\/www.celttv.com.ar\/wp-content\/uploads\/2023\/06\/122.jpg\" alt=\"\" width=\"431\" height=\"411\" srcset=\"https:\/\/www.celttv.com.ar\/wp-content\/uploads\/2023\/06\/122.jpg 431w, https:\/\/www.celttv.com.ar\/wp-content\/uploads\/2023\/06\/122-300x286.jpg 300w\" sizes=\"auto, (max-width: 431px) 100vw, 431px\" \/><br \/>\n<button class=\"c27KHO0_n b_0 M_0 i_0 I_T y_Z2hYGcu A_6EqO c1AVi73_6FsP r_P C_q cvhIH6_T P_eo6\" tabindex=\"-1\" title=\"Descargar\" type=\"button\" data-test-id=\"icon-btn-download\"><\/button><\/div>\n<p class=\"yiv3730070242MsoNormal\">Volveremos a reunirnos el s\u00e1bado 24\u00a0 de 15 a 17.<\/p>\n<p class=\"yiv3730070242MsoNormal\"><span lang=\"ES\">Acercate con tu mate y con tus ganas. La actividad es gratuita.<\/span><\/p>\n<div class=\"img-preview-wrapper\"><img loading=\"lazy\" decoding=\"async\" class=\"alignnone wp-image-77031 size-full\" src=\"http:\/\/www.celttv.com.ar\/wp-content\/uploads\/2023\/06\/thum333bnail.jpg\" alt=\"\" width=\"540\" height=\"540\" srcset=\"https:\/\/www.celttv.com.ar\/wp-content\/uploads\/2023\/06\/thum333bnail.jpg 540w, https:\/\/www.celttv.com.ar\/wp-content\/uploads\/2023\/06\/thum333bnail-300x300.jpg 300w, https:\/\/www.celttv.com.ar\/wp-content\/uploads\/2023\/06\/thum333bnail-150x150.jpg 150w, https:\/\/www.celttv.com.ar\/wp-content\/uploads\/2023\/06\/thum333bnail-75x75.jpg 75w\" sizes=\"auto, (max-width: 540px) 100vw, 540px\" \/><\/div>\n","protected":false},"excerpt":{"rendered":"<p>El 17 de junio, en la Biblioteca Popular \u201cMariano Moreno\u201d, iniciamos el taller de confecci\u00f3n de alpargatas, con la participaci\u00f3n de vecino\/as que se acercaron con la expectativa de aprender a reparar sus zapatillas y\u00a0 confeccionar sus alpargatas. El encuentro se desarroll\u00f3 en un agradable clima de trabajo e intercambio\u00a0de saberes.\u00a0\u00a0 Volveremos a reunirnos el [&hellip;]<\/p>\n","protected":false},"author":3,"featured_media":77030,"comment_status":"closed","ping_status":"closed","sticky":false,"template":"","format":"standard","meta":{"footnotes":""},"categories":[55],"tags":[],"class_list":["post-77028","post","type-post","status-publish","format-standard","has-post-thumbnail","hentry","category-celt-tv-noticias"],"yoast_head":"<!-- This site is optimized with the Yoast SEO plugin v19.7.1 - https:\/\/yoast.com\/wordpress\/plugins\/seo\/ -->\n<title>Consejo Municipal de las Mujeres: Se inici\u00f3 el taller de confecci\u00f3n de alpargatas - CELTTV<\/title>\n<meta name=\"description\" content=\"Sitio web de noticias de la localidad de Tornquist, provincia de Buenos Aires, Rep\u00fablica Argentina. Contenido propio originado por periodistas de CELTTV, el canal de TV local de la Cooperativa El\u00e9ctrica de Tornquist. Turismo, Pol\u00edtica, Sociedad, Deporte, Cultura y todo el contenido de inter\u00e9s general que la gente del pueblo y la regi\u00f3n debe conocer.\" \/>\n<meta name=\"robots\" content=\"index, follow, max-snippet:-1, max-image-preview:large, max-video-preview:-1\" \/>\n<link rel=\"canonical\" href=\"https:\/\/www.celttv.com.ar\/index.php\/2023\/06\/21\/consejo-municipal-de-las-mujeres-se-inicio-el-taller-de-confeccion-de-alpargatas\/\" \/>\n<meta property=\"og:locale\" content=\"es_ES\" \/>\n<meta property=\"og:type\" content=\"article\" \/>\n<meta property=\"og:title\" content=\"Consejo Municipal de las Mujeres: Se inici\u00f3 el taller de confecci\u00f3n de alpargatas - CELTTV\" \/>\n<meta property=\"og:description\" content=\"Sitio web de noticias de la localidad de Tornquist, provincia de Buenos Aires, Rep\u00fablica Argentina. Contenido propio originado por periodistas de CELTTV, el canal de TV local de la Cooperativa El\u00e9ctrica de Tornquist. Turismo, Pol\u00edtica, Sociedad, Deporte, Cultura y todo el contenido de inter\u00e9s general que la gente del pueblo y la regi\u00f3n debe conocer.\" \/>\n<meta property=\"og:url\" content=\"https:\/\/www.celttv.com.ar\/index.php\/2023\/06\/21\/consejo-municipal-de-las-mujeres-se-inicio-el-taller-de-confeccion-de-alpargatas\/\" \/>\n<meta property=\"og:site_name\" content=\"CELTTV\" \/>\n<meta property=\"article:publisher\" content=\"https:\/\/www.facebook.com\/celtTV\/\" \/>\n<meta property=\"article:published_time\" content=\"2023-06-21T15:03:22+00:00\" \/>\n<meta property=\"og:image\" content=\"https:\/\/www.celttv.com.ar\/wp-content\/uploads\/2023\/06\/thumbnail.jpg\" \/>\n\t<meta property=\"og:image:width\" content=\"431\" \/>\n\t<meta property=\"og:image:height\" content=\"411\" \/>\n\t<meta property=\"og:image:type\" content=\"image\/jpeg\" \/>\n<meta name=\"author\" content=\"Rodrigo Sgammini\" \/>\n<meta name=\"twitter:card\" content=\"summary_large_image\" \/>\n<meta name=\"twitter:label1\" content=\"Escrito por\" \/>\n\t<meta name=\"twitter:data1\" content=\"Rodrigo Sgammini\" \/>\n<script type=\"application\/ld+json\" class=\"yoast-schema-graph\">{\"@context\":\"https:\/\/schema.org\",\"@graph\":[{\"@type\":\"NewsArticle\",\"@id\":\"https:\/\/www.celttv.com.ar\/index.php\/2023\/06\/21\/consejo-municipal-de-las-mujeres-se-inicio-el-taller-de-confeccion-de-alpargatas\/#article\",\"isPartOf\":{\"@id\":\"https:\/\/www.celttv.com.ar\/index.php\/2023\/06\/21\/consejo-municipal-de-las-mujeres-se-inicio-el-taller-de-confeccion-de-alpargatas\/\"},\"author\":{\"name\":\"Rodrigo Sgammini\",\"@id\":\"https:\/\/www.celttv.com.ar\/#\/schema\/person\/495be51d064edd971d8457f8f64eb172\"},\"headline\":\"Consejo Municipal de las Mujeres: Se inici\u00f3 el taller de confecci\u00f3n de alpargatas\",\"datePublished\":\"2023-06-21T15:03:22+00:00\",\"dateModified\":\"2023-06-21T15:03:22+00:00\",\"mainEntityOfPage\":{\"@id\":\"https:\/\/www.celttv.com.ar\/index.php\/2023\/06\/21\/consejo-municipal-de-las-mujeres-se-inicio-el-taller-de-confeccion-de-alpargatas\/\"},\"wordCount\":88,\"publisher\":{\"@id\":\"https:\/\/www.celttv.com.ar\/#organization\"},\"articleSection\":[\"Celt TV Noticias\"],\"inLanguage\":\"es\"},{\"@type\":\"WebPage\",\"@id\":\"https:\/\/www.celttv.com.ar\/index.php\/2023\/06\/21\/consejo-municipal-de-las-mujeres-se-inicio-el-taller-de-confeccion-de-alpargatas\/\",\"url\":\"https:\/\/www.celttv.com.ar\/index.php\/2023\/06\/21\/consejo-municipal-de-las-mujeres-se-inicio-el-taller-de-confeccion-de-alpargatas\/\",\"name\":\"Consejo Municipal de las Mujeres: Se inici\u00f3 el taller de confecci\u00f3n de alpargatas - CELTTV\",\"isPartOf\":{\"@id\":\"https:\/\/www.celttv.com.ar\/#website\"},\"datePublished\":\"2023-06-21T15:03:22+00:00\",\"dateModified\":\"2023-06-21T15:03:22+00:00\",\"description\":\"Sitio web de noticias de la localidad de Tornquist, provincia de Buenos Aires, Rep\u00fablica Argentina. Contenido propio originado por periodistas de CELTTV, el canal de TV local de la Cooperativa El\u00e9ctrica de Tornquist. Turismo, Pol\u00edtica, Sociedad, Deporte, Cultura y todo el contenido de inter\u00e9s general que la gente del pueblo y la regi\u00f3n debe conocer.\",\"breadcrumb\":{\"@id\":\"https:\/\/www.celttv.com.ar\/index.php\/2023\/06\/21\/consejo-municipal-de-las-mujeres-se-inicio-el-taller-de-confeccion-de-alpargatas\/#breadcrumb\"},\"inLanguage\":\"es\",\"potentialAction\":[{\"@type\":\"ReadAction\",\"target\":[\"https:\/\/www.celttv.com.ar\/index.php\/2023\/06\/21\/consejo-municipal-de-las-mujeres-se-inicio-el-taller-de-confeccion-de-alpargatas\/\"]}]},{\"@type\":\"BreadcrumbList\",\"@id\":\"https:\/\/www.celttv.com.ar\/index.php\/2023\/06\/21\/consejo-municipal-de-las-mujeres-se-inicio-el-taller-de-confeccion-de-alpargatas\/#breadcrumb\",\"itemListElement\":[{\"@type\":\"ListItem\",\"position\":1,\"name\":\"Inicio\",\"item\":\"https:\/\/www.celttv.com.ar\/\"},{\"@type\":\"ListItem\",\"position\":2,\"name\":\"Consejo Municipal de las Mujeres: Se inici\u00f3 el taller de confecci\u00f3n de alpargatas\"}]},{\"@type\":\"WebSite\",\"@id\":\"https:\/\/www.celttv.com.ar\/#website\",\"url\":\"https:\/\/www.celttv.com.ar\/\",\"name\":\"CELTTV\",\"description\":\"Cooperativa El\u00e9ctrica de Tornquist\",\"publisher\":{\"@id\":\"https:\/\/www.celttv.com.ar\/#organization\"},\"potentialAction\":[{\"@type\":\"SearchAction\",\"target\":{\"@type\":\"EntryPoint\",\"urlTemplate\":\"https:\/\/www.celttv.com.ar\/?s={search_term_string}\"},\"query-input\":\"required name=search_term_string\"}],\"inLanguage\":\"es\"},{\"@type\":\"Organization\",\"@id\":\"https:\/\/www.celttv.com.ar\/#organization\",\"name\":\"CELTTV\",\"url\":\"https:\/\/www.celttv.com.ar\/\",\"sameAs\":[\"https:\/\/www.youtube.com\/channel\/UCz_oIt8Hig64Ub-EmcNPIhg\",\"https:\/\/www.facebook.com\/celtTV\/\"],\"logo\":{\"@type\":\"ImageObject\",\"inLanguage\":\"es\",\"@id\":\"https:\/\/www.celttv.com.ar\/#\/schema\/logo\/image\/\",\"url\":\"http:\/\/www.celttv.com.ar\/wp-content\/uploads\/2022\/08\/logo-1.png\",\"contentUrl\":\"http:\/\/www.celttv.com.ar\/wp-content\/uploads\/2022\/08\/logo-1.png\",\"width\":461,\"height\":159,\"caption\":\"CELTTV\"},\"image\":{\"@id\":\"https:\/\/www.celttv.com.ar\/#\/schema\/logo\/image\/\"}},{\"@type\":\"Person\",\"@id\":\"https:\/\/www.celttv.com.ar\/#\/schema\/person\/495be51d064edd971d8457f8f64eb172\",\"name\":\"Rodrigo Sgammini\",\"image\":{\"@type\":\"ImageObject\",\"inLanguage\":\"es\",\"@id\":\"https:\/\/www.celttv.com.ar\/#\/schema\/person\/image\/\",\"url\":\"https:\/\/secure.gravatar.com\/avatar\/68f7848d42735e7a9276b47cd6e606327d88f521c51ae39d88888b76902e2987?s=96&d=mm&r=g\",\"contentUrl\":\"https:\/\/secure.gravatar.com\/avatar\/68f7848d42735e7a9276b47cd6e606327d88f521c51ae39d88888b76902e2987?s=96&d=mm&r=g\",\"caption\":\"Rodrigo Sgammini\"}}]}<\/script>\n<!-- \/ Yoast SEO plugin. -->","yoast_head_json":{"title":"Consejo Municipal de las Mujeres: Se inici\u00f3 el taller de confecci\u00f3n de alpargatas - CELTTV","description":"Sitio web de noticias de la localidad de Tornquist, provincia de Buenos Aires, Rep\u00fablica Argentina. Contenido propio originado por periodistas de CELTTV, el canal de TV local de la Cooperativa El\u00e9ctrica de Tornquist. Turismo, Pol\u00edtica, Sociedad, Deporte, Cultura y todo el contenido de inter\u00e9s general que la gente del pueblo y la regi\u00f3n debe conocer.","robots":{"index":"index","follow":"follow","max-snippet":"max-snippet:-1","max-image-preview":"max-image-preview:large","max-video-preview":"max-video-preview:-1"},"canonical":"https:\/\/www.celttv.com.ar\/index.php\/2023\/06\/21\/consejo-municipal-de-las-mujeres-se-inicio-el-taller-de-confeccion-de-alpargatas\/","og_locale":"es_ES","og_type":"article","og_title":"Consejo Municipal de las Mujeres: Se inici\u00f3 el taller de confecci\u00f3n de alpargatas - CELTTV","og_description":"Sitio web de noticias de la localidad de Tornquist, provincia de Buenos Aires, Rep\u00fablica Argentina. Contenido propio originado por periodistas de CELTTV, el canal de TV local de la Cooperativa El\u00e9ctrica de Tornquist. Turismo, Pol\u00edtica, Sociedad, Deporte, Cultura y todo el contenido de inter\u00e9s general que la gente del pueblo y la regi\u00f3n debe conocer.","og_url":"https:\/\/www.celttv.com.ar\/index.php\/2023\/06\/21\/consejo-municipal-de-las-mujeres-se-inicio-el-taller-de-confeccion-de-alpargatas\/","og_site_name":"CELTTV","article_publisher":"https:\/\/www.facebook.com\/celtTV\/","article_published_time":"2023-06-21T15:03:22+00:00","og_image":[{"width":431,"height":411,"url":"https:\/\/www.celttv.com.ar\/wp-content\/uploads\/2023\/06\/thumbnail.jpg","type":"image\/jpeg"}],"author":"Rodrigo Sgammini","twitter_card":"summary_large_image","twitter_misc":{"Escrito por":"Rodrigo Sgammini"},"schema":{"@context":"https:\/\/schema.org","@graph":[{"@type":"NewsArticle","@id":"https:\/\/www.celttv.com.ar\/index.php\/2023\/06\/21\/consejo-municipal-de-las-mujeres-se-inicio-el-taller-de-confeccion-de-alpargatas\/#article","isPartOf":{"@id":"https:\/\/www.celttv.com.ar\/index.php\/2023\/06\/21\/consejo-municipal-de-las-mujeres-se-inicio-el-taller-de-confeccion-de-alpargatas\/"},"author":{"name":"Rodrigo Sgammini","@id":"https:\/\/www.celttv.com.ar\/#\/schema\/person\/495be51d064edd971d8457f8f64eb172"},"headline":"Consejo Municipal de las Mujeres: Se inici\u00f3 el taller de confecci\u00f3n de alpargatas","datePublished":"2023-06-21T15:03:22+00:00","dateModified":"2023-06-21T15:03:22+00:00","mainEntityOfPage":{"@id":"https:\/\/www.celttv.com.ar\/index.php\/2023\/06\/21\/consejo-municipal-de-las-mujeres-se-inicio-el-taller-de-confeccion-de-alpargatas\/"},"wordCount":88,"publisher":{"@id":"https:\/\/www.celttv.com.ar\/#organization"},"articleSection":["Celt TV Noticias"],"inLanguage":"es"},{"@type":"WebPage","@id":"https:\/\/www.celttv.com.ar\/index.php\/2023\/06\/21\/consejo-municipal-de-las-mujeres-se-inicio-el-taller-de-confeccion-de-alpargatas\/","url":"https:\/\/www.celttv.com.ar\/index.php\/2023\/06\/21\/consejo-municipal-de-las-mujeres-se-inicio-el-taller-de-confeccion-de-alpargatas\/","name":"Consejo Municipal de las Mujeres: Se inici\u00f3 el taller de confecci\u00f3n de alpargatas - CELTTV","isPartOf":{"@id":"https:\/\/www.celttv.com.ar\/#website"},"datePublished":"2023-06-21T15:03:22+00:00","dateModified":"2023-06-21T15:03:22+00:00","description":"Sitio web de noticias de la localidad de Tornquist, provincia de Buenos Aires, Rep\u00fablica Argentina. Contenido propio originado por periodistas de CELTTV, el canal de TV local de la Cooperativa El\u00e9ctrica de Tornquist. Turismo, Pol\u00edtica, Sociedad, Deporte, Cultura y todo el contenido de inter\u00e9s general que la gente del pueblo y la regi\u00f3n debe conocer.","breadcrumb":{"@id":"https:\/\/www.celttv.com.ar\/index.php\/2023\/06\/21\/consejo-municipal-de-las-mujeres-se-inicio-el-taller-de-confeccion-de-alpargatas\/#breadcrumb"},"inLanguage":"es","potentialAction":[{"@type":"ReadAction","target":["https:\/\/www.celttv.com.ar\/index.php\/2023\/06\/21\/consejo-municipal-de-las-mujeres-se-inicio-el-taller-de-confeccion-de-alpargatas\/"]}]},{"@type":"BreadcrumbList","@id":"https:\/\/www.celttv.com.ar\/index.php\/2023\/06\/21\/consejo-municipal-de-las-mujeres-se-inicio-el-taller-de-confeccion-de-alpargatas\/#breadcrumb","itemListElement":[{"@type":"ListItem","position":1,"name":"Inicio","item":"https:\/\/www.celttv.com.ar\/"},{"@type":"ListItem","position":2,"name":"Consejo Municipal de las Mujeres: Se inici\u00f3 el taller de confecci\u00f3n de alpargatas"}]},{"@type":"WebSite","@id":"https:\/\/www.celttv.com.ar\/#website","url":"https:\/\/www.celttv.com.ar\/","name":"CELTTV","description":"Cooperativa El\u00e9ctrica de Tornquist","publisher":{"@id":"https:\/\/www.celttv.com.ar\/#organization"},"potentialAction":[{"@type":"SearchAction","target":{"@type":"EntryPoint","urlTemplate":"https:\/\/www.celttv.com.ar\/?s={search_term_string}"},"query-input":"required name=search_term_string"}],"inLanguage":"es"},{"@type":"Organization","@id":"https:\/\/www.celttv.com.ar\/#organization","name":"CELTTV","url":"https:\/\/www.celttv.com.ar\/","sameAs":["https:\/\/www.youtube.com\/channel\/UCz_oIt8Hig64Ub-EmcNPIhg","https:\/\/www.facebook.com\/celtTV\/"],"logo":{"@type":"ImageObject","inLanguage":"es","@id":"https:\/\/www.celttv.com.ar\/#\/schema\/logo\/image\/","url":"http:\/\/www.celttv.com.ar\/wp-content\/uploads\/2022\/08\/logo-1.png","contentUrl":"http:\/\/www.celttv.com.ar\/wp-content\/uploads\/2022\/08\/logo-1.png","width":461,"height":159,"caption":"CELTTV"},"image":{"@id":"https:\/\/www.celttv.com.ar\/#\/schema\/logo\/image\/"}},{"@type":"Person","@id":"https:\/\/www.celttv.com.ar\/#\/schema\/person\/495be51d064edd971d8457f8f64eb172","name":"Rodrigo Sgammini","image":{"@type":"ImageObject","inLanguage":"es","@id":"https:\/\/www.celttv.com.ar\/#\/schema\/person\/image\/","url":"https:\/\/secure.gravatar.com\/avatar\/68f7848d42735e7a9276b47cd6e606327d88f521c51ae39d88888b76902e2987?s=96&d=mm&r=g","contentUrl":"https:\/\/secure.gravatar.com\/avatar\/68f7848d42735e7a9276b47cd6e606327d88f521c51ae39d88888b76902e2987?s=96&d=mm&r=g","caption":"Rodrigo Sgammini"}}]}},"_links":{"self":[{"href":"https:\/\/www.celttv.com.ar\/index.php\/wp-json\/wp\/v2\/posts\/77028","targetHints":{"allow":["GET"]}}],"collection":[{"href":"https:\/\/www.celttv.com.ar\/index.php\/wp-json\/wp\/v2\/posts"}],"about":[{"href":"https:\/\/www.celttv.com.ar\/index.php\/wp-json\/wp\/v2\/types\/post"}],"author":[{"embeddable":true,"href":"https:\/\/www.celttv.com.ar\/index.php\/wp-json\/wp\/v2\/users\/3"}],"replies":[{"embeddable":true,"href":"https:\/\/www.celttv.com.ar\/index.php\/wp-json\/wp\/v2\/comments?post=77028"}],"version-history":[{"count":1,"href":"https:\/\/www.celttv.com.ar\/index.php\/wp-json\/wp\/v2\/posts\/77028\/revisions"}],"predecessor-version":[{"id":77032,"href":"https:\/\/www.celttv.com.ar\/index.php\/wp-json\/wp\/v2\/posts\/77028\/revisions\/77032"}],"wp:featuredmedia":[{"embeddable":true,"href":"https:\/\/www.celttv.com.ar\/index.php\/wp-json\/wp\/v2\/media\/77030"}],"wp:attachment":[{"href":"https:\/\/www.celttv.com.ar\/index.php\/wp-json\/wp\/v2\/media?parent=77028"}],"wp:term":[{"taxonomy":"category","embeddable":true,"href":"https:\/\/www.celttv.com.ar\/index.php\/wp-json\/wp\/v2\/categories?post=77028"},{"taxonomy":"post_tag","embeddable":true,"href":"https:\/\/www.celttv.com.ar\/index.php\/wp-json\/wp\/v2\/tags?post=77028"}],"curies":[{"name":"wp","href":"https:\/\/api.w.org\/{rel}","templated":true}]}}