{"id":77033,"date":"2023-06-21T16:09:50","date_gmt":"2023-06-21T19:09:50","guid":{"rendered":"http:\/\/www.celttv.com.ar\/?p=77033"},"modified":"2023-06-21T16:09:50","modified_gmt":"2023-06-21T19:09:50","slug":"alumnos-de-4-grado-del-cnsl-realizaron-la-promesa-a-la-bandera-videos","status":"publish","type":"post","link":"https:\/\/www.celttv.com.ar\/index.php\/2023\/06\/21\/alumnos-de-4-grado-del-cnsl-realizaron-la-promesa-a-la-bandera-videos\/","title":{"rendered":"Alumnos de 4\u00b0 grado del CNSL realizaron la promesa a la Bandera (Videos)"},"content":{"rendered":"<p>Con mucha emoci\u00f3n y un gran sentido patri\u00f3tico, alumnos de 4\u00b0 grado del Colegio Nuestra Se\u00f1ora de Luj\u00e1n realizaron la promesa a la Bandera, en un acto llevado a cabo en el SUM del establecimiento.<\/p>\n<p>Familiares y amigos acompa\u00f1aron a los alumnos de 4\u00b0 grado que, con un fuerte &#8220;si prometo&#8221;, asumieron su compromiso como argentinos ante la ense\u00f1a Nacional.<\/p>\n<p><em><strong>PROMESA A LA BANDERA<\/strong><\/em><\/p>\n<p><iframe loading=\"lazy\" title=\"2023 06 21 PROMESA A LA BANDERA DE LOS ALUMNOS DEL CNSL\" width=\"500\" height=\"281\" src=\"https:\/\/www.youtube.com\/embed\/nNGrE8zYKSs?feature=oembed\" frameborder=\"0\" allow=\"accelerometer; autoplay; clipboard-write; encrypted-media; gyroscope; picture-in-picture; web-share\" referrerpolicy=\"strict-origin-when-cross-origin\" allowfullscreen><\/iframe><\/p>\n<p><em><strong>PALABRAS ALUSIVAS AL D\u00cdA DE LA BANDERA\u00a0<\/strong><\/em><\/p>\n<p><iframe loading=\"lazy\" title=\"2023 06 21 PROMESA A LA BANDERA DE LOS ALUMNOS DEL CNSL   DISCURSO LAURA BARRENECHEA\" width=\"500\" height=\"281\" src=\"https:\/\/www.youtube.com\/embed\/St9RRMgfrJU?feature=oembed\" frameborder=\"0\" allow=\"accelerometer; autoplay; clipboard-write; encrypted-media; gyroscope; picture-in-picture; web-share\" referrerpolicy=\"strict-origin-when-cross-origin\" allowfullscreen><\/iframe><\/p>\n<p><em><strong>CANCI\u00d3N INTERPRETADA POR ALUMNOS DE 4\u00b0 Y 5\u00b0 GRADO<\/strong><\/em><\/p>\n<p><iframe loading=\"lazy\" title=\"2023 06 21 PROMESA A LA BANDERA DE LOS ALUMNOS DEL CNSL   CANCI\u00d3N ALUMNOS DE 4\u00ba GRADO\" width=\"500\" height=\"281\" src=\"https:\/\/www.youtube.com\/embed\/puSnfQItzpU?feature=oembed\" frameborder=\"0\" allow=\"accelerometer; autoplay; clipboard-write; encrypted-media; gyroscope; picture-in-picture; web-share\" referrerpolicy=\"strict-origin-when-cross-origin\" allowfullscreen><\/iframe><\/p>\n<p><img loading=\"lazy\" decoding=\"async\" class=\"alignnone wp-image-77034 size-large\" src=\"http:\/\/www.celttv.com.ar\/wp-content\/uploads\/2023\/06\/70e8711f-78a0-4c20-b13e-43d6a526506d-1024x487.jpg\" alt=\"\" width=\"1024\" height=\"487\" srcset=\"https:\/\/www.celttv.com.ar\/wp-content\/uploads\/2023\/06\/70e8711f-78a0-4c20-b13e-43d6a526506d-1024x487.jpg 1024w, https:\/\/www.celttv.com.ar\/wp-content\/uploads\/2023\/06\/70e8711f-78a0-4c20-b13e-43d6a526506d-300x143.jpg 300w, https:\/\/www.celttv.com.ar\/wp-content\/uploads\/2023\/06\/70e8711f-78a0-4c20-b13e-43d6a526506d-768x365.jpg 768w, https:\/\/www.celttv.com.ar\/wp-content\/uploads\/2023\/06\/70e8711f-78a0-4c20-b13e-43d6a526506d-1536x730.jpg 1536w, https:\/\/www.celttv.com.ar\/wp-content\/uploads\/2023\/06\/70e8711f-78a0-4c20-b13e-43d6a526506d-750x356.jpg 750w, https:\/\/www.celttv.com.ar\/wp-content\/uploads\/2023\/06\/70e8711f-78a0-4c20-b13e-43d6a526506d-1140x542.jpg 1140w, https:\/\/www.celttv.com.ar\/wp-content\/uploads\/2023\/06\/70e8711f-78a0-4c20-b13e-43d6a526506d.jpg 1589w\" sizes=\"auto, (max-width: 1024px) 100vw, 1024px\" \/> <img loading=\"lazy\" decoding=\"async\" class=\"alignnone wp-image-77035 size-large\" src=\"http:\/\/www.celttv.com.ar\/wp-content\/uploads\/2023\/06\/d52d4797-7e8f-4268-a793-b4547e8369ca-1024x768.jpg\" alt=\"\" width=\"1024\" height=\"768\" srcset=\"https:\/\/www.celttv.com.ar\/wp-content\/uploads\/2023\/06\/d52d4797-7e8f-4268-a793-b4547e8369ca-1024x768.jpg 1024w, https:\/\/www.celttv.com.ar\/wp-content\/uploads\/2023\/06\/d52d4797-7e8f-4268-a793-b4547e8369ca-300x225.jpg 300w, https:\/\/www.celttv.com.ar\/wp-content\/uploads\/2023\/06\/d52d4797-7e8f-4268-a793-b4547e8369ca-768x576.jpg 768w, https:\/\/www.celttv.com.ar\/wp-content\/uploads\/2023\/06\/d52d4797-7e8f-4268-a793-b4547e8369ca-1536x1152.jpg 1536w, https:\/\/www.celttv.com.ar\/wp-content\/uploads\/2023\/06\/d52d4797-7e8f-4268-a793-b4547e8369ca-750x563.jpg 750w, https:\/\/www.celttv.com.ar\/wp-content\/uploads\/2023\/06\/d52d4797-7e8f-4268-a793-b4547e8369ca-1140x855.jpg 1140w, https:\/\/www.celttv.com.ar\/wp-content\/uploads\/2023\/06\/d52d4797-7e8f-4268-a793-b4547e8369ca.jpg 1600w\" sizes=\"auto, (max-width: 1024px) 100vw, 1024px\" \/><\/p>\n","protected":false},"excerpt":{"rendered":"<p>Con mucha emoci\u00f3n y un gran sentido patri\u00f3tico, alumnos de 4\u00b0 grado del Colegio Nuestra Se\u00f1ora de Luj\u00e1n realizaron la promesa a la Bandera, en un acto llevado a cabo en el SUM del establecimiento. Familiares y amigos acompa\u00f1aron a los alumnos de 4\u00b0 grado que, con un fuerte &#8220;si prometo&#8221;, asumieron su compromiso como [&hellip;]<\/p>\n","protected":false},"author":3,"featured_media":77034,"comment_status":"closed","ping_status":"closed","sticky":false,"template":"","format":"standard","meta":{"footnotes":""},"categories":[55],"tags":[],"class_list":["post-77033","post","type-post","status-publish","format-standard","has-post-thumbnail","hentry","category-celt-tv-noticias"],"yoast_head":"<!-- This site is optimized with the Yoast SEO plugin v19.7.1 - https:\/\/yoast.com\/wordpress\/plugins\/seo\/ -->\n<title>Alumnos de 4\u00b0 grado del CNSL realizaron la promesa a la Bandera (Videos) - CELTTV<\/title>\n<meta name=\"description\" content=\"Sitio web de noticias de la localidad de Tornquist, provincia de Buenos Aires, Rep\u00fablica Argentina. Contenido propio originado por periodistas de CELTTV, el canal de TV local de la Cooperativa El\u00e9ctrica de Tornquist. Turismo, Pol\u00edtica, Sociedad, Deporte, Cultura y todo el contenido de inter\u00e9s general que la gente del pueblo y la regi\u00f3n debe conocer.\" \/>\n<meta name=\"robots\" content=\"index, follow, max-snippet:-1, max-image-preview:large, max-video-preview:-1\" \/>\n<link rel=\"canonical\" href=\"https:\/\/www.celttv.com.ar\/index.php\/2023\/06\/21\/alumnos-de-4-grado-del-cnsl-realizaron-la-promesa-a-la-bandera-videos\/\" \/>\n<meta property=\"og:locale\" content=\"es_ES\" \/>\n<meta property=\"og:type\" content=\"article\" \/>\n<meta property=\"og:title\" content=\"Alumnos de 4\u00b0 grado del CNSL realizaron la promesa a la Bandera (Videos) - CELTTV\" \/>\n<meta property=\"og:description\" content=\"Sitio web de noticias de la localidad de Tornquist, provincia de Buenos Aires, Rep\u00fablica Argentina. Contenido propio originado por periodistas de CELTTV, el canal de TV local de la Cooperativa El\u00e9ctrica de Tornquist. Turismo, Pol\u00edtica, Sociedad, Deporte, Cultura y todo el contenido de inter\u00e9s general que la gente del pueblo y la regi\u00f3n debe conocer.\" \/>\n<meta property=\"og:url\" content=\"https:\/\/www.celttv.com.ar\/index.php\/2023\/06\/21\/alumnos-de-4-grado-del-cnsl-realizaron-la-promesa-a-la-bandera-videos\/\" \/>\n<meta property=\"og:site_name\" content=\"CELTTV\" \/>\n<meta property=\"article:publisher\" content=\"https:\/\/www.facebook.com\/celtTV\/\" \/>\n<meta property=\"article:published_time\" content=\"2023-06-21T19:09:50+00:00\" \/>\n<meta property=\"og:image\" content=\"https:\/\/www.celttv.com.ar\/wp-content\/uploads\/2023\/06\/70e8711f-78a0-4c20-b13e-43d6a526506d.jpg\" \/>\n\t<meta property=\"og:image:width\" content=\"1589\" \/>\n\t<meta property=\"og:image:height\" content=\"755\" \/>\n\t<meta property=\"og:image:type\" content=\"image\/jpeg\" \/>\n<meta name=\"author\" content=\"Rodrigo Sgammini\" \/>\n<meta name=\"twitter:card\" content=\"summary_large_image\" \/>\n<meta name=\"twitter:label1\" content=\"Escrito por\" \/>\n\t<meta name=\"twitter:data1\" content=\"Rodrigo Sgammini\" \/>\n<script type=\"application\/ld+json\" class=\"yoast-schema-graph\">{\"@context\":\"https:\/\/schema.org\",\"@graph\":[{\"@type\":\"NewsArticle\",\"@id\":\"https:\/\/www.celttv.com.ar\/index.php\/2023\/06\/21\/alumnos-de-4-grado-del-cnsl-realizaron-la-promesa-a-la-bandera-videos\/#article\",\"isPartOf\":{\"@id\":\"https:\/\/www.celttv.com.ar\/index.php\/2023\/06\/21\/alumnos-de-4-grado-del-cnsl-realizaron-la-promesa-a-la-bandera-videos\/\"},\"author\":{\"name\":\"Rodrigo Sgammini\",\"@id\":\"https:\/\/www.celttv.com.ar\/#\/schema\/person\/495be51d064edd971d8457f8f64eb172\"},\"headline\":\"Alumnos de 4\u00b0 grado del CNSL realizaron la promesa a la Bandera (Videos)\",\"datePublished\":\"2023-06-21T19:09:50+00:00\",\"dateModified\":\"2023-06-21T19:09:50+00:00\",\"mainEntityOfPage\":{\"@id\":\"https:\/\/www.celttv.com.ar\/index.php\/2023\/06\/21\/alumnos-de-4-grado-del-cnsl-realizaron-la-promesa-a-la-bandera-videos\/\"},\"wordCount\":110,\"publisher\":{\"@id\":\"https:\/\/www.celttv.com.ar\/#organization\"},\"articleSection\":[\"Celt TV Noticias\"],\"inLanguage\":\"es\"},{\"@type\":\"WebPage\",\"@id\":\"https:\/\/www.celttv.com.ar\/index.php\/2023\/06\/21\/alumnos-de-4-grado-del-cnsl-realizaron-la-promesa-a-la-bandera-videos\/\",\"url\":\"https:\/\/www.celttv.com.ar\/index.php\/2023\/06\/21\/alumnos-de-4-grado-del-cnsl-realizaron-la-promesa-a-la-bandera-videos\/\",\"name\":\"Alumnos de 4\u00b0 grado del CNSL realizaron la promesa a la Bandera (Videos) - CELTTV\",\"isPartOf\":{\"@id\":\"https:\/\/www.celttv.com.ar\/#website\"},\"datePublished\":\"2023-06-21T19:09:50+00:00\",\"dateModified\":\"2023-06-21T19:09:50+00:00\",\"description\":\"Sitio web de noticias de la localidad de Tornquist, provincia de Buenos Aires, Rep\u00fablica Argentina. Contenido propio originado por periodistas de CELTTV, el canal de TV local de la Cooperativa El\u00e9ctrica de Tornquist. Turismo, Pol\u00edtica, Sociedad, Deporte, Cultura y todo el contenido de inter\u00e9s general que la gente del pueblo y la regi\u00f3n debe conocer.\",\"breadcrumb\":{\"@id\":\"https:\/\/www.celttv.com.ar\/index.php\/2023\/06\/21\/alumnos-de-4-grado-del-cnsl-realizaron-la-promesa-a-la-bandera-videos\/#breadcrumb\"},\"inLanguage\":\"es\",\"potentialAction\":[{\"@type\":\"ReadAction\",\"target\":[\"https:\/\/www.celttv.com.ar\/index.php\/2023\/06\/21\/alumnos-de-4-grado-del-cnsl-realizaron-la-promesa-a-la-bandera-videos\/\"]}]},{\"@type\":\"BreadcrumbList\",\"@id\":\"https:\/\/www.celttv.com.ar\/index.php\/2023\/06\/21\/alumnos-de-4-grado-del-cnsl-realizaron-la-promesa-a-la-bandera-videos\/#breadcrumb\",\"itemListElement\":[{\"@type\":\"ListItem\",\"position\":1,\"name\":\"Inicio\",\"item\":\"https:\/\/www.celttv.com.ar\/\"},{\"@type\":\"ListItem\",\"position\":2,\"name\":\"Alumnos de 4\u00b0 grado del CNSL realizaron la promesa a la Bandera (Videos)\"}]},{\"@type\":\"WebSite\",\"@id\":\"https:\/\/www.celttv.com.ar\/#website\",\"url\":\"https:\/\/www.celttv.com.ar\/\",\"name\":\"CELTTV\",\"description\":\"Cooperativa El\u00e9ctrica de Tornquist\",\"publisher\":{\"@id\":\"https:\/\/www.celttv.com.ar\/#organization\"},\"potentialAction\":[{\"@type\":\"SearchAction\",\"target\":{\"@type\":\"EntryPoint\",\"urlTemplate\":\"https:\/\/www.celttv.com.ar\/?s={search_term_string}\"},\"query-input\":\"required name=search_term_string\"}],\"inLanguage\":\"es\"},{\"@type\":\"Organization\",\"@id\":\"https:\/\/www.celttv.com.ar\/#organization\",\"name\":\"CELTTV\",\"url\":\"https:\/\/www.celttv.com.ar\/\",\"sameAs\":[\"https:\/\/www.youtube.com\/channel\/UCz_oIt8Hig64Ub-EmcNPIhg\",\"https:\/\/www.facebook.com\/celtTV\/\"],\"logo\":{\"@type\":\"ImageObject\",\"inLanguage\":\"es\",\"@id\":\"https:\/\/www.celttv.com.ar\/#\/schema\/logo\/image\/\",\"url\":\"http:\/\/www.celttv.com.ar\/wp-content\/uploads\/2022\/08\/logo-1.png\",\"contentUrl\":\"http:\/\/www.celttv.com.ar\/wp-content\/uploads\/2022\/08\/logo-1.png\",\"width\":461,\"height\":159,\"caption\":\"CELTTV\"},\"image\":{\"@id\":\"https:\/\/www.celttv.com.ar\/#\/schema\/logo\/image\/\"}},{\"@type\":\"Person\",\"@id\":\"https:\/\/www.celttv.com.ar\/#\/schema\/person\/495be51d064edd971d8457f8f64eb172\",\"name\":\"Rodrigo Sgammini\",\"image\":{\"@type\":\"ImageObject\",\"inLanguage\":\"es\",\"@id\":\"https:\/\/www.celttv.com.ar\/#\/schema\/person\/image\/\",\"url\":\"https:\/\/secure.gravatar.com\/avatar\/68f7848d42735e7a9276b47cd6e606327d88f521c51ae39d88888b76902e2987?s=96&d=mm&r=g\",\"contentUrl\":\"https:\/\/secure.gravatar.com\/avatar\/68f7848d42735e7a9276b47cd6e606327d88f521c51ae39d88888b76902e2987?s=96&d=mm&r=g\",\"caption\":\"Rodrigo Sgammini\"}}]}<\/script>\n<!-- \/ Yoast SEO plugin. -->","yoast_head_json":{"title":"Alumnos de 4\u00b0 grado del CNSL realizaron la promesa a la Bandera (Videos) - CELTTV","description":"Sitio web de noticias de la localidad de Tornquist, provincia de Buenos Aires, Rep\u00fablica Argentina. Contenido propio originado por periodistas de CELTTV, el canal de TV local de la Cooperativa El\u00e9ctrica de Tornquist. Turismo, Pol\u00edtica, Sociedad, Deporte, Cultura y todo el contenido de inter\u00e9s general que la gente del pueblo y la regi\u00f3n debe conocer.","robots":{"index":"index","follow":"follow","max-snippet":"max-snippet:-1","max-image-preview":"max-image-preview:large","max-video-preview":"max-video-preview:-1"},"canonical":"https:\/\/www.celttv.com.ar\/index.php\/2023\/06\/21\/alumnos-de-4-grado-del-cnsl-realizaron-la-promesa-a-la-bandera-videos\/","og_locale":"es_ES","og_type":"article","og_title":"Alumnos de 4\u00b0 grado del CNSL realizaron la promesa a la Bandera (Videos) - CELTTV","og_description":"Sitio web de noticias de la localidad de Tornquist, provincia de Buenos Aires, Rep\u00fablica Argentina. Contenido propio originado por periodistas de CELTTV, el canal de TV local de la Cooperativa El\u00e9ctrica de Tornquist. Turismo, Pol\u00edtica, Sociedad, Deporte, Cultura y todo el contenido de inter\u00e9s general que la gente del pueblo y la regi\u00f3n debe conocer.","og_url":"https:\/\/www.celttv.com.ar\/index.php\/2023\/06\/21\/alumnos-de-4-grado-del-cnsl-realizaron-la-promesa-a-la-bandera-videos\/","og_site_name":"CELTTV","article_publisher":"https:\/\/www.facebook.com\/celtTV\/","article_published_time":"2023-06-21T19:09:50+00:00","og_image":[{"width":1589,"height":755,"url":"https:\/\/www.celttv.com.ar\/wp-content\/uploads\/2023\/06\/70e8711f-78a0-4c20-b13e-43d6a526506d.jpg","type":"image\/jpeg"}],"author":"Rodrigo Sgammini","twitter_card":"summary_large_image","twitter_misc":{"Escrito por":"Rodrigo Sgammini"},"schema":{"@context":"https:\/\/schema.org","@graph":[{"@type":"NewsArticle","@id":"https:\/\/www.celttv.com.ar\/index.php\/2023\/06\/21\/alumnos-de-4-grado-del-cnsl-realizaron-la-promesa-a-la-bandera-videos\/#article","isPartOf":{"@id":"https:\/\/www.celttv.com.ar\/index.php\/2023\/06\/21\/alumnos-de-4-grado-del-cnsl-realizaron-la-promesa-a-la-bandera-videos\/"},"author":{"name":"Rodrigo Sgammini","@id":"https:\/\/www.celttv.com.ar\/#\/schema\/person\/495be51d064edd971d8457f8f64eb172"},"headline":"Alumnos de 4\u00b0 grado del CNSL realizaron la promesa a la Bandera (Videos)","datePublished":"2023-06-21T19:09:50+00:00","dateModified":"2023-06-21T19:09:50+00:00","mainEntityOfPage":{"@id":"https:\/\/www.celttv.com.ar\/index.php\/2023\/06\/21\/alumnos-de-4-grado-del-cnsl-realizaron-la-promesa-a-la-bandera-videos\/"},"wordCount":110,"publisher":{"@id":"https:\/\/www.celttv.com.ar\/#organization"},"articleSection":["Celt TV Noticias"],"inLanguage":"es"},{"@type":"WebPage","@id":"https:\/\/www.celttv.com.ar\/index.php\/2023\/06\/21\/alumnos-de-4-grado-del-cnsl-realizaron-la-promesa-a-la-bandera-videos\/","url":"https:\/\/www.celttv.com.ar\/index.php\/2023\/06\/21\/alumnos-de-4-grado-del-cnsl-realizaron-la-promesa-a-la-bandera-videos\/","name":"Alumnos de 4\u00b0 grado del CNSL realizaron la promesa a la Bandera (Videos) - CELTTV","isPartOf":{"@id":"https:\/\/www.celttv.com.ar\/#website"},"datePublished":"2023-06-21T19:09:50+00:00","dateModified":"2023-06-21T19:09:50+00:00","description":"Sitio web de noticias de la localidad de Tornquist, provincia de Buenos Aires, Rep\u00fablica Argentina. Contenido propio originado por periodistas de CELTTV, el canal de TV local de la Cooperativa El\u00e9ctrica de Tornquist. Turismo, Pol\u00edtica, Sociedad, Deporte, Cultura y todo el contenido de inter\u00e9s general que la gente del pueblo y la regi\u00f3n debe conocer.","breadcrumb":{"@id":"https:\/\/www.celttv.com.ar\/index.php\/2023\/06\/21\/alumnos-de-4-grado-del-cnsl-realizaron-la-promesa-a-la-bandera-videos\/#breadcrumb"},"inLanguage":"es","potentialAction":[{"@type":"ReadAction","target":["https:\/\/www.celttv.com.ar\/index.php\/2023\/06\/21\/alumnos-de-4-grado-del-cnsl-realizaron-la-promesa-a-la-bandera-videos\/"]}]},{"@type":"BreadcrumbList","@id":"https:\/\/www.celttv.com.ar\/index.php\/2023\/06\/21\/alumnos-de-4-grado-del-cnsl-realizaron-la-promesa-a-la-bandera-videos\/#breadcrumb","itemListElement":[{"@type":"ListItem","position":1,"name":"Inicio","item":"https:\/\/www.celttv.com.ar\/"},{"@type":"ListItem","position":2,"name":"Alumnos de 4\u00b0 grado del CNSL realizaron la promesa a la Bandera (Videos)"}]},{"@type":"WebSite","@id":"https:\/\/www.celttv.com.ar\/#website","url":"https:\/\/www.celttv.com.ar\/","name":"CELTTV","description":"Cooperativa El\u00e9ctrica de Tornquist","publisher":{"@id":"https:\/\/www.celttv.com.ar\/#organization"},"potentialAction":[{"@type":"SearchAction","target":{"@type":"EntryPoint","urlTemplate":"https:\/\/www.celttv.com.ar\/?s={search_term_string}"},"query-input":"required name=search_term_string"}],"inLanguage":"es"},{"@type":"Organization","@id":"https:\/\/www.celttv.com.ar\/#organization","name":"CELTTV","url":"https:\/\/www.celttv.com.ar\/","sameAs":["https:\/\/www.youtube.com\/channel\/UCz_oIt8Hig64Ub-EmcNPIhg","https:\/\/www.facebook.com\/celtTV\/"],"logo":{"@type":"ImageObject","inLanguage":"es","@id":"https:\/\/www.celttv.com.ar\/#\/schema\/logo\/image\/","url":"http:\/\/www.celttv.com.ar\/wp-content\/uploads\/2022\/08\/logo-1.png","contentUrl":"http:\/\/www.celttv.com.ar\/wp-content\/uploads\/2022\/08\/logo-1.png","width":461,"height":159,"caption":"CELTTV"},"image":{"@id":"https:\/\/www.celttv.com.ar\/#\/schema\/logo\/image\/"}},{"@type":"Person","@id":"https:\/\/www.celttv.com.ar\/#\/schema\/person\/495be51d064edd971d8457f8f64eb172","name":"Rodrigo Sgammini","image":{"@type":"ImageObject","inLanguage":"es","@id":"https:\/\/www.celttv.com.ar\/#\/schema\/person\/image\/","url":"https:\/\/secure.gravatar.com\/avatar\/68f7848d42735e7a9276b47cd6e606327d88f521c51ae39d88888b76902e2987?s=96&d=mm&r=g","contentUrl":"https:\/\/secure.gravatar.com\/avatar\/68f7848d42735e7a9276b47cd6e606327d88f521c51ae39d88888b76902e2987?s=96&d=mm&r=g","caption":"Rodrigo Sgammini"}}]}},"_links":{"self":[{"href":"https:\/\/www.celttv.com.ar\/index.php\/wp-json\/wp\/v2\/posts\/77033","targetHints":{"allow":["GET"]}}],"collection":[{"href":"https:\/\/www.celttv.com.ar\/index.php\/wp-json\/wp\/v2\/posts"}],"about":[{"href":"https:\/\/www.celttv.com.ar\/index.php\/wp-json\/wp\/v2\/types\/post"}],"author":[{"embeddable":true,"href":"https:\/\/www.celttv.com.ar\/index.php\/wp-json\/wp\/v2\/users\/3"}],"replies":[{"embeddable":true,"href":"https:\/\/www.celttv.com.ar\/index.php\/wp-json\/wp\/v2\/comments?post=77033"}],"version-history":[{"count":1,"href":"https:\/\/www.celttv.com.ar\/index.php\/wp-json\/wp\/v2\/posts\/77033\/revisions"}],"predecessor-version":[{"id":77036,"href":"https:\/\/www.celttv.com.ar\/index.php\/wp-json\/wp\/v2\/posts\/77033\/revisions\/77036"}],"wp:featuredmedia":[{"embeddable":true,"href":"https:\/\/www.celttv.com.ar\/index.php\/wp-json\/wp\/v2\/media\/77034"}],"wp:attachment":[{"href":"https:\/\/www.celttv.com.ar\/index.php\/wp-json\/wp\/v2\/media?parent=77033"}],"wp:term":[{"taxonomy":"category","embeddable":true,"href":"https:\/\/www.celttv.com.ar\/index.php\/wp-json\/wp\/v2\/categories?post=77033"},{"taxonomy":"post_tag","embeddable":true,"href":"https:\/\/www.celttv.com.ar\/index.php\/wp-json\/wp\/v2\/tags?post=77033"}],"curies":[{"name":"wp","href":"https:\/\/api.w.org\/{rel}","templated":true}]}}