{"id":77126,"date":"2023-06-24T21:17:20","date_gmt":"2023-06-25T00:17:20","guid":{"rendered":"http:\/\/www.celttv.com.ar\/?p=77126"},"modified":"2023-06-24T21:52:21","modified_gmt":"2023-06-25T00:52:21","slug":"la-lista-del-pro-encabezada-por-sebastian-bassi-que-participara-de-las-paso","status":"publish","type":"post","link":"https:\/\/www.celttv.com.ar\/index.php\/2023\/06\/24\/la-lista-del-pro-encabezada-por-sebastian-bassi-que-participara-de-las-paso\/","title":{"rendered":"La lista del PRO encabezada por Sebastian Bassi que participar\u00e1 de las PASO"},"content":{"rendered":"<p>Sebastian Bassi inscribi\u00f3 su lista para participar de las PASO 2023 por el Pro, dentro del espacio Juntos.<\/p>\n<p><img loading=\"lazy\" decoding=\"async\" class=\"alignnone wp-image-77134 size-full\" src=\"http:\/\/www.celttv.com.ar\/wp-content\/uploads\/2023\/06\/1-2.jpg\" alt=\"\" width=\"1080\" height=\"1080\" srcset=\"https:\/\/www.celttv.com.ar\/wp-content\/uploads\/2023\/06\/1-2.jpg 1080w, https:\/\/www.celttv.com.ar\/wp-content\/uploads\/2023\/06\/1-2-300x300.jpg 300w, https:\/\/www.celttv.com.ar\/wp-content\/uploads\/2023\/06\/1-2-1024x1024.jpg 1024w, https:\/\/www.celttv.com.ar\/wp-content\/uploads\/2023\/06\/1-2-150x150.jpg 150w, https:\/\/www.celttv.com.ar\/wp-content\/uploads\/2023\/06\/1-2-768x768.jpg 768w, https:\/\/www.celttv.com.ar\/wp-content\/uploads\/2023\/06\/1-2-75x75.jpg 75w, https:\/\/www.celttv.com.ar\/wp-content\/uploads\/2023\/06\/1-2-750x750.jpg 750w\" sizes=\"auto, (max-width: 1080px) 100vw, 1080px\" \/><\/p>\n<p><img loading=\"lazy\" decoding=\"async\" class=\"alignnone wp-image-77135 size-full\" src=\"http:\/\/www.celttv.com.ar\/wp-content\/uploads\/2023\/06\/2-3.jpg\" alt=\"\" width=\"1080\" height=\"1080\" srcset=\"https:\/\/www.celttv.com.ar\/wp-content\/uploads\/2023\/06\/2-3.jpg 1080w, https:\/\/www.celttv.com.ar\/wp-content\/uploads\/2023\/06\/2-3-300x300.jpg 300w, https:\/\/www.celttv.com.ar\/wp-content\/uploads\/2023\/06\/2-3-1024x1024.jpg 1024w, https:\/\/www.celttv.com.ar\/wp-content\/uploads\/2023\/06\/2-3-150x150.jpg 150w, https:\/\/www.celttv.com.ar\/wp-content\/uploads\/2023\/06\/2-3-768x768.jpg 768w, https:\/\/www.celttv.com.ar\/wp-content\/uploads\/2023\/06\/2-3-75x75.jpg 75w, https:\/\/www.celttv.com.ar\/wp-content\/uploads\/2023\/06\/2-3-750x750.jpg 750w\" sizes=\"auto, (max-width: 1080px) 100vw, 1080px\" \/><\/p>\n<p><img loading=\"lazy\" decoding=\"async\" class=\"alignnone wp-image-77137 size-full\" src=\"http:\/\/www.celttv.com.ar\/wp-content\/uploads\/2023\/06\/consejeros-escolaares-titulares.jpg\" alt=\"\" width=\"1080\" height=\"1080\" srcset=\"https:\/\/www.celttv.com.ar\/wp-content\/uploads\/2023\/06\/consejeros-escolaares-titulares.jpg 1080w, https:\/\/www.celttv.com.ar\/wp-content\/uploads\/2023\/06\/consejeros-escolaares-titulares-300x300.jpg 300w, https:\/\/www.celttv.com.ar\/wp-content\/uploads\/2023\/06\/consejeros-escolaares-titulares-1024x1024.jpg 1024w, https:\/\/www.celttv.com.ar\/wp-content\/uploads\/2023\/06\/consejeros-escolaares-titulares-150x150.jpg 150w, https:\/\/www.celttv.com.ar\/wp-content\/uploads\/2023\/06\/consejeros-escolaares-titulares-768x768.jpg 768w, https:\/\/www.celttv.com.ar\/wp-content\/uploads\/2023\/06\/consejeros-escolaares-titulares-75x75.jpg 75w, https:\/\/www.celttv.com.ar\/wp-content\/uploads\/2023\/06\/consejeros-escolaares-titulares-750x750.jpg 750w\" sizes=\"auto, (max-width: 1080px) 100vw, 1080px\" \/><\/p>\n<p><img loading=\"lazy\" decoding=\"async\" class=\"alignnone wp-image-77136 size-full\" src=\"http:\/\/www.celttv.com.ar\/wp-content\/uploads\/2023\/06\/3-3.jpg\" alt=\"\" width=\"1080\" height=\"1080\" srcset=\"https:\/\/www.celttv.com.ar\/wp-content\/uploads\/2023\/06\/3-3.jpg 1080w, https:\/\/www.celttv.com.ar\/wp-content\/uploads\/2023\/06\/3-3-300x300.jpg 300w, https:\/\/www.celttv.com.ar\/wp-content\/uploads\/2023\/06\/3-3-1024x1024.jpg 1024w, https:\/\/www.celttv.com.ar\/wp-content\/uploads\/2023\/06\/3-3-150x150.jpg 150w, https:\/\/www.celttv.com.ar\/wp-content\/uploads\/2023\/06\/3-3-768x768.jpg 768w, https:\/\/www.celttv.com.ar\/wp-content\/uploads\/2023\/06\/3-3-75x75.jpg 75w, https:\/\/www.celttv.com.ar\/wp-content\/uploads\/2023\/06\/3-3-750x750.jpg 750w\" sizes=\"auto, (max-width: 1080px) 100vw, 1080px\" \/><\/p>\n","protected":false},"excerpt":{"rendered":"<p>Sebastian Bassi inscribi\u00f3 su lista para participar de las PASO 2023 por el Pro, dentro del espacio Juntos.<\/p>\n","protected":false},"author":5,"featured_media":77131,"comment_status":"closed","ping_status":"closed","sticky":false,"template":"","format":"standard","meta":{"footnotes":""},"categories":[51,52,53],"tags":[944],"class_list":["post-77126","post","type-post","status-publish","format-standard","has-post-thumbnail","hentry","category-comunidad","category-destacadas","category-politica","tag-la-lista-del-pro-encabezada-por-sebastian-bassi-que-participara-de-las-paso"],"yoast_head":"<!-- This site is optimized with the Yoast SEO plugin v19.7.1 - https:\/\/yoast.com\/wordpress\/plugins\/seo\/ -->\n<title>La lista del PRO encabezada por Sebastian Bassi que participar\u00e1 de las PASO - CELTTV<\/title>\n<meta name=\"description\" content=\"Sitio web de noticias de la localidad de Tornquist, provincia de Buenos Aires, Rep\u00fablica Argentina. Contenido propio originado por periodistas de CELTTV, el canal de TV local de la Cooperativa El\u00e9ctrica de Tornquist. Turismo, Pol\u00edtica, Sociedad, Deporte, Cultura y todo el contenido de inter\u00e9s general que la gente del pueblo y la regi\u00f3n debe conocer.\" \/>\n<meta name=\"robots\" content=\"index, follow, max-snippet:-1, max-image-preview:large, max-video-preview:-1\" \/>\n<link rel=\"canonical\" href=\"https:\/\/www.celttv.com.ar\/index.php\/2023\/06\/24\/la-lista-del-pro-encabezada-por-sebastian-bassi-que-participara-de-las-paso\/\" \/>\n<meta property=\"og:locale\" content=\"es_ES\" \/>\n<meta property=\"og:type\" content=\"article\" \/>\n<meta property=\"og:title\" content=\"La lista del PRO encabezada por Sebastian Bassi que participar\u00e1 de las PASO - CELTTV\" \/>\n<meta property=\"og:description\" content=\"Sitio web de noticias de la localidad de Tornquist, provincia de Buenos Aires, Rep\u00fablica Argentina. Contenido propio originado por periodistas de CELTTV, el canal de TV local de la Cooperativa El\u00e9ctrica de Tornquist. Turismo, Pol\u00edtica, Sociedad, Deporte, Cultura y todo el contenido de inter\u00e9s general que la gente del pueblo y la regi\u00f3n debe conocer.\" \/>\n<meta property=\"og:url\" content=\"https:\/\/www.celttv.com.ar\/index.php\/2023\/06\/24\/la-lista-del-pro-encabezada-por-sebastian-bassi-que-participara-de-las-paso\/\" \/>\n<meta property=\"og:site_name\" content=\"CELTTV\" \/>\n<meta property=\"article:publisher\" content=\"https:\/\/www.facebook.com\/celtTV\/\" \/>\n<meta property=\"article:published_time\" content=\"2023-06-25T00:17:20+00:00\" \/>\n<meta property=\"article:modified_time\" content=\"2023-06-25T00:52:21+00:00\" \/>\n<meta property=\"og:image\" content=\"https:\/\/www.celttv.com.ar\/wp-content\/uploads\/2023\/06\/SEBASTIAN-BASSI.jpg\" \/>\n\t<meta property=\"og:image:width\" content=\"498\" \/>\n\t<meta property=\"og:image:height\" content=\"488\" \/>\n\t<meta property=\"og:image:type\" content=\"image\/jpeg\" \/>\n<meta name=\"author\" content=\"Miguel Herrada\" \/>\n<meta name=\"twitter:card\" content=\"summary_large_image\" \/>\n<meta name=\"twitter:label1\" content=\"Escrito por\" \/>\n\t<meta name=\"twitter:data1\" content=\"Miguel Herrada\" \/>\n<script type=\"application\/ld+json\" class=\"yoast-schema-graph\">{\"@context\":\"https:\/\/schema.org\",\"@graph\":[{\"@type\":\"NewsArticle\",\"@id\":\"https:\/\/www.celttv.com.ar\/index.php\/2023\/06\/24\/la-lista-del-pro-encabezada-por-sebastian-bassi-que-participara-de-las-paso\/#article\",\"isPartOf\":{\"@id\":\"https:\/\/www.celttv.com.ar\/index.php\/2023\/06\/24\/la-lista-del-pro-encabezada-por-sebastian-bassi-que-participara-de-las-paso\/\"},\"author\":{\"name\":\"Miguel Herrada\",\"@id\":\"https:\/\/www.celttv.com.ar\/#\/schema\/person\/9059dc91dc7204ef4182cdb65225f07d\"},\"headline\":\"La lista del PRO encabezada por Sebastian Bassi que participar\u00e1 de las PASO\",\"datePublished\":\"2023-06-25T00:17:20+00:00\",\"dateModified\":\"2023-06-25T00:52:21+00:00\",\"mainEntityOfPage\":{\"@id\":\"https:\/\/www.celttv.com.ar\/index.php\/2023\/06\/24\/la-lista-del-pro-encabezada-por-sebastian-bassi-que-participara-de-las-paso\/\"},\"wordCount\":30,\"publisher\":{\"@id\":\"https:\/\/www.celttv.com.ar\/#organization\"},\"keywords\":[\"La lista del PRO encabezada por Sebastian Bassi que participar\u00e1 de las PASO\"],\"articleSection\":[\"Comunidad\",\"Destacadas\",\"Pol\u00edtica\"],\"inLanguage\":\"es\"},{\"@type\":\"WebPage\",\"@id\":\"https:\/\/www.celttv.com.ar\/index.php\/2023\/06\/24\/la-lista-del-pro-encabezada-por-sebastian-bassi-que-participara-de-las-paso\/\",\"url\":\"https:\/\/www.celttv.com.ar\/index.php\/2023\/06\/24\/la-lista-del-pro-encabezada-por-sebastian-bassi-que-participara-de-las-paso\/\",\"name\":\"La lista del PRO encabezada por Sebastian Bassi que participar\u00e1 de las PASO - CELTTV\",\"isPartOf\":{\"@id\":\"https:\/\/www.celttv.com.ar\/#website\"},\"datePublished\":\"2023-06-25T00:17:20+00:00\",\"dateModified\":\"2023-06-25T00:52:21+00:00\",\"description\":\"Sitio web de noticias de la localidad de Tornquist, provincia de Buenos Aires, Rep\u00fablica Argentina. Contenido propio originado por periodistas de CELTTV, el canal de TV local de la Cooperativa El\u00e9ctrica de Tornquist. Turismo, Pol\u00edtica, Sociedad, Deporte, Cultura y todo el contenido de inter\u00e9s general que la gente del pueblo y la regi\u00f3n debe conocer.\",\"breadcrumb\":{\"@id\":\"https:\/\/www.celttv.com.ar\/index.php\/2023\/06\/24\/la-lista-del-pro-encabezada-por-sebastian-bassi-que-participara-de-las-paso\/#breadcrumb\"},\"inLanguage\":\"es\",\"potentialAction\":[{\"@type\":\"ReadAction\",\"target\":[\"https:\/\/www.celttv.com.ar\/index.php\/2023\/06\/24\/la-lista-del-pro-encabezada-por-sebastian-bassi-que-participara-de-las-paso\/\"]}]},{\"@type\":\"BreadcrumbList\",\"@id\":\"https:\/\/www.celttv.com.ar\/index.php\/2023\/06\/24\/la-lista-del-pro-encabezada-por-sebastian-bassi-que-participara-de-las-paso\/#breadcrumb\",\"itemListElement\":[{\"@type\":\"ListItem\",\"position\":1,\"name\":\"Inicio\",\"item\":\"https:\/\/www.celttv.com.ar\/\"},{\"@type\":\"ListItem\",\"position\":2,\"name\":\"La lista del PRO encabezada por Sebastian Bassi que participar\u00e1 de las PASO\"}]},{\"@type\":\"WebSite\",\"@id\":\"https:\/\/www.celttv.com.ar\/#website\",\"url\":\"https:\/\/www.celttv.com.ar\/\",\"name\":\"CELTTV\",\"description\":\"Cooperativa El\u00e9ctrica de Tornquist\",\"publisher\":{\"@id\":\"https:\/\/www.celttv.com.ar\/#organization\"},\"potentialAction\":[{\"@type\":\"SearchAction\",\"target\":{\"@type\":\"EntryPoint\",\"urlTemplate\":\"https:\/\/www.celttv.com.ar\/?s={search_term_string}\"},\"query-input\":\"required name=search_term_string\"}],\"inLanguage\":\"es\"},{\"@type\":\"Organization\",\"@id\":\"https:\/\/www.celttv.com.ar\/#organization\",\"name\":\"CELTTV\",\"url\":\"https:\/\/www.celttv.com.ar\/\",\"sameAs\":[\"https:\/\/www.youtube.com\/channel\/UCz_oIt8Hig64Ub-EmcNPIhg\",\"https:\/\/www.facebook.com\/celtTV\/\"],\"logo\":{\"@type\":\"ImageObject\",\"inLanguage\":\"es\",\"@id\":\"https:\/\/www.celttv.com.ar\/#\/schema\/logo\/image\/\",\"url\":\"http:\/\/www.celttv.com.ar\/wp-content\/uploads\/2022\/08\/logo-1.png\",\"contentUrl\":\"http:\/\/www.celttv.com.ar\/wp-content\/uploads\/2022\/08\/logo-1.png\",\"width\":461,\"height\":159,\"caption\":\"CELTTV\"},\"image\":{\"@id\":\"https:\/\/www.celttv.com.ar\/#\/schema\/logo\/image\/\"}},{\"@type\":\"Person\",\"@id\":\"https:\/\/www.celttv.com.ar\/#\/schema\/person\/9059dc91dc7204ef4182cdb65225f07d\",\"name\":\"Miguel Herrada\",\"image\":{\"@type\":\"ImageObject\",\"inLanguage\":\"es\",\"@id\":\"https:\/\/www.celttv.com.ar\/#\/schema\/person\/image\/\",\"url\":\"https:\/\/secure.gravatar.com\/avatar\/67724d5b3c716623ffd76bec7e45841a442ac3b456e914dbba90b0fad2b8e0b1?s=96&d=mm&r=g\",\"contentUrl\":\"https:\/\/secure.gravatar.com\/avatar\/67724d5b3c716623ffd76bec7e45841a442ac3b456e914dbba90b0fad2b8e0b1?s=96&d=mm&r=g\",\"caption\":\"Miguel Herrada\"}}]}<\/script>\n<!-- \/ Yoast SEO plugin. -->","yoast_head_json":{"title":"La lista del PRO encabezada por Sebastian Bassi que participar\u00e1 de las PASO - CELTTV","description":"Sitio web de noticias de la localidad de Tornquist, provincia de Buenos Aires, Rep\u00fablica Argentina. Contenido propio originado por periodistas de CELTTV, el canal de TV local de la Cooperativa El\u00e9ctrica de Tornquist. Turismo, Pol\u00edtica, Sociedad, Deporte, Cultura y todo el contenido de inter\u00e9s general que la gente del pueblo y la regi\u00f3n debe conocer.","robots":{"index":"index","follow":"follow","max-snippet":"max-snippet:-1","max-image-preview":"max-image-preview:large","max-video-preview":"max-video-preview:-1"},"canonical":"https:\/\/www.celttv.com.ar\/index.php\/2023\/06\/24\/la-lista-del-pro-encabezada-por-sebastian-bassi-que-participara-de-las-paso\/","og_locale":"es_ES","og_type":"article","og_title":"La lista del PRO encabezada por Sebastian Bassi que participar\u00e1 de las PASO - CELTTV","og_description":"Sitio web de noticias de la localidad de Tornquist, provincia de Buenos Aires, Rep\u00fablica Argentina. Contenido propio originado por periodistas de CELTTV, el canal de TV local de la Cooperativa El\u00e9ctrica de Tornquist. Turismo, Pol\u00edtica, Sociedad, Deporte, Cultura y todo el contenido de inter\u00e9s general que la gente del pueblo y la regi\u00f3n debe conocer.","og_url":"https:\/\/www.celttv.com.ar\/index.php\/2023\/06\/24\/la-lista-del-pro-encabezada-por-sebastian-bassi-que-participara-de-las-paso\/","og_site_name":"CELTTV","article_publisher":"https:\/\/www.facebook.com\/celtTV\/","article_published_time":"2023-06-25T00:17:20+00:00","article_modified_time":"2023-06-25T00:52:21+00:00","og_image":[{"width":498,"height":488,"url":"https:\/\/www.celttv.com.ar\/wp-content\/uploads\/2023\/06\/SEBASTIAN-BASSI.jpg","type":"image\/jpeg"}],"author":"Miguel Herrada","twitter_card":"summary_large_image","twitter_misc":{"Escrito por":"Miguel Herrada"},"schema":{"@context":"https:\/\/schema.org","@graph":[{"@type":"NewsArticle","@id":"https:\/\/www.celttv.com.ar\/index.php\/2023\/06\/24\/la-lista-del-pro-encabezada-por-sebastian-bassi-que-participara-de-las-paso\/#article","isPartOf":{"@id":"https:\/\/www.celttv.com.ar\/index.php\/2023\/06\/24\/la-lista-del-pro-encabezada-por-sebastian-bassi-que-participara-de-las-paso\/"},"author":{"name":"Miguel Herrada","@id":"https:\/\/www.celttv.com.ar\/#\/schema\/person\/9059dc91dc7204ef4182cdb65225f07d"},"headline":"La lista del PRO encabezada por Sebastian Bassi que participar\u00e1 de las PASO","datePublished":"2023-06-25T00:17:20+00:00","dateModified":"2023-06-25T00:52:21+00:00","mainEntityOfPage":{"@id":"https:\/\/www.celttv.com.ar\/index.php\/2023\/06\/24\/la-lista-del-pro-encabezada-por-sebastian-bassi-que-participara-de-las-paso\/"},"wordCount":30,"publisher":{"@id":"https:\/\/www.celttv.com.ar\/#organization"},"keywords":["La lista del PRO encabezada por Sebastian Bassi que participar\u00e1 de las PASO"],"articleSection":["Comunidad","Destacadas","Pol\u00edtica"],"inLanguage":"es"},{"@type":"WebPage","@id":"https:\/\/www.celttv.com.ar\/index.php\/2023\/06\/24\/la-lista-del-pro-encabezada-por-sebastian-bassi-que-participara-de-las-paso\/","url":"https:\/\/www.celttv.com.ar\/index.php\/2023\/06\/24\/la-lista-del-pro-encabezada-por-sebastian-bassi-que-participara-de-las-paso\/","name":"La lista del PRO encabezada por Sebastian Bassi que participar\u00e1 de las PASO - CELTTV","isPartOf":{"@id":"https:\/\/www.celttv.com.ar\/#website"},"datePublished":"2023-06-25T00:17:20+00:00","dateModified":"2023-06-25T00:52:21+00:00","description":"Sitio web de noticias de la localidad de Tornquist, provincia de Buenos Aires, Rep\u00fablica Argentina. Contenido propio originado por periodistas de CELTTV, el canal de TV local de la Cooperativa El\u00e9ctrica de Tornquist. Turismo, Pol\u00edtica, Sociedad, Deporte, Cultura y todo el contenido de inter\u00e9s general que la gente del pueblo y la regi\u00f3n debe conocer.","breadcrumb":{"@id":"https:\/\/www.celttv.com.ar\/index.php\/2023\/06\/24\/la-lista-del-pro-encabezada-por-sebastian-bassi-que-participara-de-las-paso\/#breadcrumb"},"inLanguage":"es","potentialAction":[{"@type":"ReadAction","target":["https:\/\/www.celttv.com.ar\/index.php\/2023\/06\/24\/la-lista-del-pro-encabezada-por-sebastian-bassi-que-participara-de-las-paso\/"]}]},{"@type":"BreadcrumbList","@id":"https:\/\/www.celttv.com.ar\/index.php\/2023\/06\/24\/la-lista-del-pro-encabezada-por-sebastian-bassi-que-participara-de-las-paso\/#breadcrumb","itemListElement":[{"@type":"ListItem","position":1,"name":"Inicio","item":"https:\/\/www.celttv.com.ar\/"},{"@type":"ListItem","position":2,"name":"La lista del PRO encabezada por Sebastian Bassi que participar\u00e1 de las PASO"}]},{"@type":"WebSite","@id":"https:\/\/www.celttv.com.ar\/#website","url":"https:\/\/www.celttv.com.ar\/","name":"CELTTV","description":"Cooperativa El\u00e9ctrica de Tornquist","publisher":{"@id":"https:\/\/www.celttv.com.ar\/#organization"},"potentialAction":[{"@type":"SearchAction","target":{"@type":"EntryPoint","urlTemplate":"https:\/\/www.celttv.com.ar\/?s={search_term_string}"},"query-input":"required name=search_term_string"}],"inLanguage":"es"},{"@type":"Organization","@id":"https:\/\/www.celttv.com.ar\/#organization","name":"CELTTV","url":"https:\/\/www.celttv.com.ar\/","sameAs":["https:\/\/www.youtube.com\/channel\/UCz_oIt8Hig64Ub-EmcNPIhg","https:\/\/www.facebook.com\/celtTV\/"],"logo":{"@type":"ImageObject","inLanguage":"es","@id":"https:\/\/www.celttv.com.ar\/#\/schema\/logo\/image\/","url":"http:\/\/www.celttv.com.ar\/wp-content\/uploads\/2022\/08\/logo-1.png","contentUrl":"http:\/\/www.celttv.com.ar\/wp-content\/uploads\/2022\/08\/logo-1.png","width":461,"height":159,"caption":"CELTTV"},"image":{"@id":"https:\/\/www.celttv.com.ar\/#\/schema\/logo\/image\/"}},{"@type":"Person","@id":"https:\/\/www.celttv.com.ar\/#\/schema\/person\/9059dc91dc7204ef4182cdb65225f07d","name":"Miguel Herrada","image":{"@type":"ImageObject","inLanguage":"es","@id":"https:\/\/www.celttv.com.ar\/#\/schema\/person\/image\/","url":"https:\/\/secure.gravatar.com\/avatar\/67724d5b3c716623ffd76bec7e45841a442ac3b456e914dbba90b0fad2b8e0b1?s=96&d=mm&r=g","contentUrl":"https:\/\/secure.gravatar.com\/avatar\/67724d5b3c716623ffd76bec7e45841a442ac3b456e914dbba90b0fad2b8e0b1?s=96&d=mm&r=g","caption":"Miguel Herrada"}}]}},"_links":{"self":[{"href":"https:\/\/www.celttv.com.ar\/index.php\/wp-json\/wp\/v2\/posts\/77126","targetHints":{"allow":["GET"]}}],"collection":[{"href":"https:\/\/www.celttv.com.ar\/index.php\/wp-json\/wp\/v2\/posts"}],"about":[{"href":"https:\/\/www.celttv.com.ar\/index.php\/wp-json\/wp\/v2\/types\/post"}],"author":[{"embeddable":true,"href":"https:\/\/www.celttv.com.ar\/index.php\/wp-json\/wp\/v2\/users\/5"}],"replies":[{"embeddable":true,"href":"https:\/\/www.celttv.com.ar\/index.php\/wp-json\/wp\/v2\/comments?post=77126"}],"version-history":[{"count":3,"href":"https:\/\/www.celttv.com.ar\/index.php\/wp-json\/wp\/v2\/posts\/77126\/revisions"}],"predecessor-version":[{"id":77138,"href":"https:\/\/www.celttv.com.ar\/index.php\/wp-json\/wp\/v2\/posts\/77126\/revisions\/77138"}],"wp:featuredmedia":[{"embeddable":true,"href":"https:\/\/www.celttv.com.ar\/index.php\/wp-json\/wp\/v2\/media\/77131"}],"wp:attachment":[{"href":"https:\/\/www.celttv.com.ar\/index.php\/wp-json\/wp\/v2\/media?parent=77126"}],"wp:term":[{"taxonomy":"category","embeddable":true,"href":"https:\/\/www.celttv.com.ar\/index.php\/wp-json\/wp\/v2\/categories?post=77126"},{"taxonomy":"post_tag","embeddable":true,"href":"https:\/\/www.celttv.com.ar\/index.php\/wp-json\/wp\/v2\/tags?post=77126"}],"curies":[{"name":"wp","href":"https:\/\/api.w.org\/{rel}","templated":true}]}}