{"id":77145,"date":"2023-06-25T12:18:43","date_gmt":"2023-06-25T15:18:43","guid":{"rendered":"http:\/\/www.celttv.com.ar\/?p=77145"},"modified":"2023-06-25T12:18:43","modified_gmt":"2023-06-25T15:18:43","slug":"manuel-castro-integrara-la-lista-de-pre-candidatos-a-senadores-provinciales","status":"publish","type":"post","link":"https:\/\/www.celttv.com.ar\/index.php\/2023\/06\/25\/manuel-castro-integrara-la-lista-de-pre-candidatos-a-senadores-provinciales\/","title":{"rendered":"Manuel Castro integrar\u00e1 la lista de pre candidatos a senadores provinciales"},"content":{"rendered":"<p>El actual secretario de HCD. integrar\u00e1 la lista de precandidatos a senadores provinciales que encabeza Nerina Neumann en la lista de Patricia Bullrich.<\/p>\n<p>En segundo t\u00e9rmino estar\u00e1 el dirigente del Pro Alex Campbell, oriundo de San Fernando, que actualmente es diputado provincial y fue subsecretario de Gobierno y Asuntos Municipales de la Provincia de Buenos Aires durante la gesti\u00f3n de Mar\u00eda Eugenia Vidal.<\/p>\n<p>El tercer puesto ser\u00e1 para la monzo\u00edsta Luz Bambaci, mientras que cuarto y quinto lugar corresponder\u00e1n a los amarillos bahienses Pablo Romera\u00a0 y Juliana Cendra (exconcejal).<\/p>\n<p>En estas elecciones se juegan 6 bancas de senadores y Juntos por el Cambio pone en juego 3.<\/p>\n<p><img loading=\"lazy\" decoding=\"async\" class=\"alignnone wp-image-77146 size-full\" src=\"http:\/\/www.celttv.com.ar\/wp-content\/uploads\/2023\/06\/REPRESENTACION-DE-LA-SEXTA-EN-SENADORES.jpg\" alt=\"\" width=\"467\" height=\"325\" srcset=\"https:\/\/www.celttv.com.ar\/wp-content\/uploads\/2023\/06\/REPRESENTACION-DE-LA-SEXTA-EN-SENADORES.jpg 467w, https:\/\/www.celttv.com.ar\/wp-content\/uploads\/2023\/06\/REPRESENTACION-DE-LA-SEXTA-EN-SENADORES-300x209.jpg 300w\" sizes=\"auto, (max-width: 467px) 100vw, 467px\" \/><\/p>\n<p><img loading=\"lazy\" decoding=\"async\" class=\"alignnone wp-image-77147 size-full\" src=\"http:\/\/www.celttv.com.ar\/wp-content\/uploads\/2023\/06\/secretario-del-hcd.jpg\" alt=\"\" width=\"307\" height=\"360\" srcset=\"https:\/\/www.celttv.com.ar\/wp-content\/uploads\/2023\/06\/secretario-del-hcd.jpg 307w, https:\/\/www.celttv.com.ar\/wp-content\/uploads\/2023\/06\/secretario-del-hcd-256x300.jpg 256w\" sizes=\"auto, (max-width: 307px) 100vw, 307px\" \/><\/p>\n","protected":false},"excerpt":{"rendered":"<p>El actual secretario de HCD. integrar\u00e1 la lista de precandidatos a senadores provinciales que encabeza Nerina Neumann en la lista de Patricia Bullrich. En segundo t\u00e9rmino estar\u00e1 el dirigente del Pro Alex Campbell, oriundo de San Fernando, que actualmente es diputado provincial y fue subsecretario de Gobierno y Asuntos Municipales de la Provincia de Buenos [&hellip;]<\/p>\n","protected":false},"author":5,"featured_media":77147,"comment_status":"closed","ping_status":"closed","sticky":false,"template":"","format":"standard","meta":{"footnotes":""},"categories":[51,52,53],"tags":[946],"class_list":["post-77145","post","type-post","status-publish","format-standard","has-post-thumbnail","hentry","category-comunidad","category-destacadas","category-politica","tag-manuel-castro-integrara-la-lista-de-pre-candidatos-a-senadores-provinciales"],"yoast_head":"<!-- This site is optimized with the Yoast SEO plugin v19.7.1 - https:\/\/yoast.com\/wordpress\/plugins\/seo\/ -->\n<title>Manuel Castro integrar\u00e1 la lista de pre candidatos a senadores provinciales - CELTTV<\/title>\n<meta name=\"description\" content=\"Sitio web de noticias de la localidad de Tornquist, provincia de Buenos Aires, Rep\u00fablica Argentina. Contenido propio originado por periodistas de CELTTV, el canal de TV local de la Cooperativa El\u00e9ctrica de Tornquist. Turismo, Pol\u00edtica, Sociedad, Deporte, Cultura y todo el contenido de inter\u00e9s general que la gente del pueblo y la regi\u00f3n debe conocer.\" \/>\n<meta name=\"robots\" content=\"index, follow, max-snippet:-1, max-image-preview:large, max-video-preview:-1\" \/>\n<link rel=\"canonical\" href=\"https:\/\/www.celttv.com.ar\/index.php\/2023\/06\/25\/manuel-castro-integrara-la-lista-de-pre-candidatos-a-senadores-provinciales\/\" \/>\n<meta property=\"og:locale\" content=\"es_ES\" \/>\n<meta property=\"og:type\" content=\"article\" \/>\n<meta property=\"og:title\" content=\"Manuel Castro integrar\u00e1 la lista de pre candidatos a senadores provinciales - CELTTV\" \/>\n<meta property=\"og:description\" content=\"Sitio web de noticias de la localidad de Tornquist, provincia de Buenos Aires, Rep\u00fablica Argentina. Contenido propio originado por periodistas de CELTTV, el canal de TV local de la Cooperativa El\u00e9ctrica de Tornquist. Turismo, Pol\u00edtica, Sociedad, Deporte, Cultura y todo el contenido de inter\u00e9s general que la gente del pueblo y la regi\u00f3n debe conocer.\" \/>\n<meta property=\"og:url\" content=\"https:\/\/www.celttv.com.ar\/index.php\/2023\/06\/25\/manuel-castro-integrara-la-lista-de-pre-candidatos-a-senadores-provinciales\/\" \/>\n<meta property=\"og:site_name\" content=\"CELTTV\" \/>\n<meta property=\"article:publisher\" content=\"https:\/\/www.facebook.com\/celtTV\/\" \/>\n<meta property=\"article:published_time\" content=\"2023-06-25T15:18:43+00:00\" \/>\n<meta property=\"og:image\" content=\"https:\/\/www.celttv.com.ar\/wp-content\/uploads\/2023\/06\/secretario-del-hcd.jpg\" \/>\n\t<meta property=\"og:image:width\" content=\"307\" \/>\n\t<meta property=\"og:image:height\" content=\"360\" \/>\n\t<meta property=\"og:image:type\" content=\"image\/jpeg\" \/>\n<meta name=\"author\" content=\"Miguel Herrada\" \/>\n<meta name=\"twitter:card\" content=\"summary_large_image\" \/>\n<meta name=\"twitter:label1\" content=\"Escrito por\" \/>\n\t<meta name=\"twitter:data1\" content=\"Miguel Herrada\" \/>\n\t<meta name=\"twitter:label2\" content=\"Tiempo de lectura\" \/>\n\t<meta name=\"twitter:data2\" content=\"1 minuto\" \/>\n<script type=\"application\/ld+json\" class=\"yoast-schema-graph\">{\"@context\":\"https:\/\/schema.org\",\"@graph\":[{\"@type\":\"NewsArticle\",\"@id\":\"https:\/\/www.celttv.com.ar\/index.php\/2023\/06\/25\/manuel-castro-integrara-la-lista-de-pre-candidatos-a-senadores-provinciales\/#article\",\"isPartOf\":{\"@id\":\"https:\/\/www.celttv.com.ar\/index.php\/2023\/06\/25\/manuel-castro-integrara-la-lista-de-pre-candidatos-a-senadores-provinciales\/\"},\"author\":{\"name\":\"Miguel Herrada\",\"@id\":\"https:\/\/www.celttv.com.ar\/#\/schema\/person\/9059dc91dc7204ef4182cdb65225f07d\"},\"headline\":\"Manuel Castro integrar\u00e1 la lista de pre candidatos a senadores provinciales\",\"datePublished\":\"2023-06-25T15:18:43+00:00\",\"dateModified\":\"2023-06-25T15:18:43+00:00\",\"mainEntityOfPage\":{\"@id\":\"https:\/\/www.celttv.com.ar\/index.php\/2023\/06\/25\/manuel-castro-integrara-la-lista-de-pre-candidatos-a-senadores-provinciales\/\"},\"wordCount\":121,\"publisher\":{\"@id\":\"https:\/\/www.celttv.com.ar\/#organization\"},\"keywords\":[\"Manuel Castro integrar\u00e1 la lista de pre candidatos a senadores provinciales\"],\"articleSection\":[\"Comunidad\",\"Destacadas\",\"Pol\u00edtica\"],\"inLanguage\":\"es\"},{\"@type\":\"WebPage\",\"@id\":\"https:\/\/www.celttv.com.ar\/index.php\/2023\/06\/25\/manuel-castro-integrara-la-lista-de-pre-candidatos-a-senadores-provinciales\/\",\"url\":\"https:\/\/www.celttv.com.ar\/index.php\/2023\/06\/25\/manuel-castro-integrara-la-lista-de-pre-candidatos-a-senadores-provinciales\/\",\"name\":\"Manuel Castro integrar\u00e1 la lista de pre candidatos a senadores provinciales - CELTTV\",\"isPartOf\":{\"@id\":\"https:\/\/www.celttv.com.ar\/#website\"},\"datePublished\":\"2023-06-25T15:18:43+00:00\",\"dateModified\":\"2023-06-25T15:18:43+00:00\",\"description\":\"Sitio web de noticias de la localidad de Tornquist, provincia de Buenos Aires, Rep\u00fablica Argentina. Contenido propio originado por periodistas de CELTTV, el canal de TV local de la Cooperativa El\u00e9ctrica de Tornquist. Turismo, Pol\u00edtica, Sociedad, Deporte, Cultura y todo el contenido de inter\u00e9s general que la gente del pueblo y la regi\u00f3n debe conocer.\",\"breadcrumb\":{\"@id\":\"https:\/\/www.celttv.com.ar\/index.php\/2023\/06\/25\/manuel-castro-integrara-la-lista-de-pre-candidatos-a-senadores-provinciales\/#breadcrumb\"},\"inLanguage\":\"es\",\"potentialAction\":[{\"@type\":\"ReadAction\",\"target\":[\"https:\/\/www.celttv.com.ar\/index.php\/2023\/06\/25\/manuel-castro-integrara-la-lista-de-pre-candidatos-a-senadores-provinciales\/\"]}]},{\"@type\":\"BreadcrumbList\",\"@id\":\"https:\/\/www.celttv.com.ar\/index.php\/2023\/06\/25\/manuel-castro-integrara-la-lista-de-pre-candidatos-a-senadores-provinciales\/#breadcrumb\",\"itemListElement\":[{\"@type\":\"ListItem\",\"position\":1,\"name\":\"Inicio\",\"item\":\"https:\/\/www.celttv.com.ar\/\"},{\"@type\":\"ListItem\",\"position\":2,\"name\":\"Manuel Castro integrar\u00e1 la lista de pre candidatos a senadores provinciales\"}]},{\"@type\":\"WebSite\",\"@id\":\"https:\/\/www.celttv.com.ar\/#website\",\"url\":\"https:\/\/www.celttv.com.ar\/\",\"name\":\"CELTTV\",\"description\":\"Cooperativa El\u00e9ctrica de Tornquist\",\"publisher\":{\"@id\":\"https:\/\/www.celttv.com.ar\/#organization\"},\"potentialAction\":[{\"@type\":\"SearchAction\",\"target\":{\"@type\":\"EntryPoint\",\"urlTemplate\":\"https:\/\/www.celttv.com.ar\/?s={search_term_string}\"},\"query-input\":\"required name=search_term_string\"}],\"inLanguage\":\"es\"},{\"@type\":\"Organization\",\"@id\":\"https:\/\/www.celttv.com.ar\/#organization\",\"name\":\"CELTTV\",\"url\":\"https:\/\/www.celttv.com.ar\/\",\"sameAs\":[\"https:\/\/www.youtube.com\/channel\/UCz_oIt8Hig64Ub-EmcNPIhg\",\"https:\/\/www.facebook.com\/celtTV\/\"],\"logo\":{\"@type\":\"ImageObject\",\"inLanguage\":\"es\",\"@id\":\"https:\/\/www.celttv.com.ar\/#\/schema\/logo\/image\/\",\"url\":\"http:\/\/www.celttv.com.ar\/wp-content\/uploads\/2022\/08\/logo-1.png\",\"contentUrl\":\"http:\/\/www.celttv.com.ar\/wp-content\/uploads\/2022\/08\/logo-1.png\",\"width\":461,\"height\":159,\"caption\":\"CELTTV\"},\"image\":{\"@id\":\"https:\/\/www.celttv.com.ar\/#\/schema\/logo\/image\/\"}},{\"@type\":\"Person\",\"@id\":\"https:\/\/www.celttv.com.ar\/#\/schema\/person\/9059dc91dc7204ef4182cdb65225f07d\",\"name\":\"Miguel Herrada\",\"image\":{\"@type\":\"ImageObject\",\"inLanguage\":\"es\",\"@id\":\"https:\/\/www.celttv.com.ar\/#\/schema\/person\/image\/\",\"url\":\"https:\/\/secure.gravatar.com\/avatar\/67724d5b3c716623ffd76bec7e45841a442ac3b456e914dbba90b0fad2b8e0b1?s=96&d=mm&r=g\",\"contentUrl\":\"https:\/\/secure.gravatar.com\/avatar\/67724d5b3c716623ffd76bec7e45841a442ac3b456e914dbba90b0fad2b8e0b1?s=96&d=mm&r=g\",\"caption\":\"Miguel Herrada\"}}]}<\/script>\n<!-- \/ Yoast SEO plugin. -->","yoast_head_json":{"title":"Manuel Castro integrar\u00e1 la lista de pre candidatos a senadores provinciales - CELTTV","description":"Sitio web de noticias de la localidad de Tornquist, provincia de Buenos Aires, Rep\u00fablica Argentina. Contenido propio originado por periodistas de CELTTV, el canal de TV local de la Cooperativa El\u00e9ctrica de Tornquist. Turismo, Pol\u00edtica, Sociedad, Deporte, Cultura y todo el contenido de inter\u00e9s general que la gente del pueblo y la regi\u00f3n debe conocer.","robots":{"index":"index","follow":"follow","max-snippet":"max-snippet:-1","max-image-preview":"max-image-preview:large","max-video-preview":"max-video-preview:-1"},"canonical":"https:\/\/www.celttv.com.ar\/index.php\/2023\/06\/25\/manuel-castro-integrara-la-lista-de-pre-candidatos-a-senadores-provinciales\/","og_locale":"es_ES","og_type":"article","og_title":"Manuel Castro integrar\u00e1 la lista de pre candidatos a senadores provinciales - CELTTV","og_description":"Sitio web de noticias de la localidad de Tornquist, provincia de Buenos Aires, Rep\u00fablica Argentina. Contenido propio originado por periodistas de CELTTV, el canal de TV local de la Cooperativa El\u00e9ctrica de Tornquist. Turismo, Pol\u00edtica, Sociedad, Deporte, Cultura y todo el contenido de inter\u00e9s general que la gente del pueblo y la regi\u00f3n debe conocer.","og_url":"https:\/\/www.celttv.com.ar\/index.php\/2023\/06\/25\/manuel-castro-integrara-la-lista-de-pre-candidatos-a-senadores-provinciales\/","og_site_name":"CELTTV","article_publisher":"https:\/\/www.facebook.com\/celtTV\/","article_published_time":"2023-06-25T15:18:43+00:00","og_image":[{"width":307,"height":360,"url":"https:\/\/www.celttv.com.ar\/wp-content\/uploads\/2023\/06\/secretario-del-hcd.jpg","type":"image\/jpeg"}],"author":"Miguel Herrada","twitter_card":"summary_large_image","twitter_misc":{"Escrito por":"Miguel Herrada","Tiempo de lectura":"1 minuto"},"schema":{"@context":"https:\/\/schema.org","@graph":[{"@type":"NewsArticle","@id":"https:\/\/www.celttv.com.ar\/index.php\/2023\/06\/25\/manuel-castro-integrara-la-lista-de-pre-candidatos-a-senadores-provinciales\/#article","isPartOf":{"@id":"https:\/\/www.celttv.com.ar\/index.php\/2023\/06\/25\/manuel-castro-integrara-la-lista-de-pre-candidatos-a-senadores-provinciales\/"},"author":{"name":"Miguel Herrada","@id":"https:\/\/www.celttv.com.ar\/#\/schema\/person\/9059dc91dc7204ef4182cdb65225f07d"},"headline":"Manuel Castro integrar\u00e1 la lista de pre candidatos a senadores provinciales","datePublished":"2023-06-25T15:18:43+00:00","dateModified":"2023-06-25T15:18:43+00:00","mainEntityOfPage":{"@id":"https:\/\/www.celttv.com.ar\/index.php\/2023\/06\/25\/manuel-castro-integrara-la-lista-de-pre-candidatos-a-senadores-provinciales\/"},"wordCount":121,"publisher":{"@id":"https:\/\/www.celttv.com.ar\/#organization"},"keywords":["Manuel Castro integrar\u00e1 la lista de pre candidatos a senadores provinciales"],"articleSection":["Comunidad","Destacadas","Pol\u00edtica"],"inLanguage":"es"},{"@type":"WebPage","@id":"https:\/\/www.celttv.com.ar\/index.php\/2023\/06\/25\/manuel-castro-integrara-la-lista-de-pre-candidatos-a-senadores-provinciales\/","url":"https:\/\/www.celttv.com.ar\/index.php\/2023\/06\/25\/manuel-castro-integrara-la-lista-de-pre-candidatos-a-senadores-provinciales\/","name":"Manuel Castro integrar\u00e1 la lista de pre candidatos a senadores provinciales - CELTTV","isPartOf":{"@id":"https:\/\/www.celttv.com.ar\/#website"},"datePublished":"2023-06-25T15:18:43+00:00","dateModified":"2023-06-25T15:18:43+00:00","description":"Sitio web de noticias de la localidad de Tornquist, provincia de Buenos Aires, Rep\u00fablica Argentina. Contenido propio originado por periodistas de CELTTV, el canal de TV local de la Cooperativa El\u00e9ctrica de Tornquist. Turismo, Pol\u00edtica, Sociedad, Deporte, Cultura y todo el contenido de inter\u00e9s general que la gente del pueblo y la regi\u00f3n debe conocer.","breadcrumb":{"@id":"https:\/\/www.celttv.com.ar\/index.php\/2023\/06\/25\/manuel-castro-integrara-la-lista-de-pre-candidatos-a-senadores-provinciales\/#breadcrumb"},"inLanguage":"es","potentialAction":[{"@type":"ReadAction","target":["https:\/\/www.celttv.com.ar\/index.php\/2023\/06\/25\/manuel-castro-integrara-la-lista-de-pre-candidatos-a-senadores-provinciales\/"]}]},{"@type":"BreadcrumbList","@id":"https:\/\/www.celttv.com.ar\/index.php\/2023\/06\/25\/manuel-castro-integrara-la-lista-de-pre-candidatos-a-senadores-provinciales\/#breadcrumb","itemListElement":[{"@type":"ListItem","position":1,"name":"Inicio","item":"https:\/\/www.celttv.com.ar\/"},{"@type":"ListItem","position":2,"name":"Manuel Castro integrar\u00e1 la lista de pre candidatos a senadores provinciales"}]},{"@type":"WebSite","@id":"https:\/\/www.celttv.com.ar\/#website","url":"https:\/\/www.celttv.com.ar\/","name":"CELTTV","description":"Cooperativa El\u00e9ctrica de Tornquist","publisher":{"@id":"https:\/\/www.celttv.com.ar\/#organization"},"potentialAction":[{"@type":"SearchAction","target":{"@type":"EntryPoint","urlTemplate":"https:\/\/www.celttv.com.ar\/?s={search_term_string}"},"query-input":"required name=search_term_string"}],"inLanguage":"es"},{"@type":"Organization","@id":"https:\/\/www.celttv.com.ar\/#organization","name":"CELTTV","url":"https:\/\/www.celttv.com.ar\/","sameAs":["https:\/\/www.youtube.com\/channel\/UCz_oIt8Hig64Ub-EmcNPIhg","https:\/\/www.facebook.com\/celtTV\/"],"logo":{"@type":"ImageObject","inLanguage":"es","@id":"https:\/\/www.celttv.com.ar\/#\/schema\/logo\/image\/","url":"http:\/\/www.celttv.com.ar\/wp-content\/uploads\/2022\/08\/logo-1.png","contentUrl":"http:\/\/www.celttv.com.ar\/wp-content\/uploads\/2022\/08\/logo-1.png","width":461,"height":159,"caption":"CELTTV"},"image":{"@id":"https:\/\/www.celttv.com.ar\/#\/schema\/logo\/image\/"}},{"@type":"Person","@id":"https:\/\/www.celttv.com.ar\/#\/schema\/person\/9059dc91dc7204ef4182cdb65225f07d","name":"Miguel Herrada","image":{"@type":"ImageObject","inLanguage":"es","@id":"https:\/\/www.celttv.com.ar\/#\/schema\/person\/image\/","url":"https:\/\/secure.gravatar.com\/avatar\/67724d5b3c716623ffd76bec7e45841a442ac3b456e914dbba90b0fad2b8e0b1?s=96&d=mm&r=g","contentUrl":"https:\/\/secure.gravatar.com\/avatar\/67724d5b3c716623ffd76bec7e45841a442ac3b456e914dbba90b0fad2b8e0b1?s=96&d=mm&r=g","caption":"Miguel Herrada"}}]}},"_links":{"self":[{"href":"https:\/\/www.celttv.com.ar\/index.php\/wp-json\/wp\/v2\/posts\/77145","targetHints":{"allow":["GET"]}}],"collection":[{"href":"https:\/\/www.celttv.com.ar\/index.php\/wp-json\/wp\/v2\/posts"}],"about":[{"href":"https:\/\/www.celttv.com.ar\/index.php\/wp-json\/wp\/v2\/types\/post"}],"author":[{"embeddable":true,"href":"https:\/\/www.celttv.com.ar\/index.php\/wp-json\/wp\/v2\/users\/5"}],"replies":[{"embeddable":true,"href":"https:\/\/www.celttv.com.ar\/index.php\/wp-json\/wp\/v2\/comments?post=77145"}],"version-history":[{"count":1,"href":"https:\/\/www.celttv.com.ar\/index.php\/wp-json\/wp\/v2\/posts\/77145\/revisions"}],"predecessor-version":[{"id":77148,"href":"https:\/\/www.celttv.com.ar\/index.php\/wp-json\/wp\/v2\/posts\/77145\/revisions\/77148"}],"wp:featuredmedia":[{"embeddable":true,"href":"https:\/\/www.celttv.com.ar\/index.php\/wp-json\/wp\/v2\/media\/77147"}],"wp:attachment":[{"href":"https:\/\/www.celttv.com.ar\/index.php\/wp-json\/wp\/v2\/media?parent=77145"}],"wp:term":[{"taxonomy":"category","embeddable":true,"href":"https:\/\/www.celttv.com.ar\/index.php\/wp-json\/wp\/v2\/categories?post=77145"},{"taxonomy":"post_tag","embeddable":true,"href":"https:\/\/www.celttv.com.ar\/index.php\/wp-json\/wp\/v2\/tags?post=77145"}],"curies":[{"name":"wp","href":"https:\/\/api.w.org\/{rel}","templated":true}]}}