{"id":77149,"date":"2023-06-25T18:11:19","date_gmt":"2023-06-25T21:11:19","guid":{"rendered":"http:\/\/www.celttv.com.ar\/?p=77149"},"modified":"2023-06-25T18:11:19","modified_gmt":"2023-06-25T21:11:19","slug":"gustavo-trankels-ira-por-union-por-la-patria-y-confirmo-su-lista-para-las-paso","status":"publish","type":"post","link":"https:\/\/www.celttv.com.ar\/index.php\/2023\/06\/25\/gustavo-trankels-ira-por-union-por-la-patria-y-confirmo-su-lista-para-las-paso\/","title":{"rendered":"Gustavo Trankels ir\u00e1 por Uni\u00f3n por la Patria y confirm\u00f3 su lista para las PASO"},"content":{"rendered":"<p>Gustavo Trankels ir\u00e1 por Uni\u00f3n por la Patria y confirm\u00f3 su lista para las PASO<\/p>\n<p><img loading=\"lazy\" decoding=\"async\" class=\"alignnone wp-image-77150 size-full\" src=\"http:\/\/www.celttv.com.ar\/wp-content\/uploads\/2023\/06\/trankels-soverchia.jpg\" alt=\"\" width=\"204\" height=\"142\" \/><\/p>\n<p>El ex intendente llevar\u00e1 como primer concejal a Carmen Soverchia<\/p>\n<p>Precandidatos Concejales Titulares.<br \/>\n1- Carmen Soverchia. (Tornquist).<br \/>\n2- Walter Taylor. (Tornquist).<br \/>\n3- Mar\u00eda Romero. (Sierra de la Ventana).<br \/>\n4- Matias Rojas. (Saldungaray).<br \/>\n5- Mar\u00eda Sol Salgado. (Villa Ventana).<br \/>\n6- Pablo Monteagudo. (Chasico).<br \/>\nPrecandidatos Concejales Suplentes.<br \/>\n1- Graciela Molina. (Sierra de la Ventana).<br \/>\n2- Ra\u00fal del R\u00edo. (Tornquist).<br \/>\n3- Sonia Sartore. (Tornquist).<br \/>\n4- Juan Carlos Gisler. (Tornquist).<br \/>\nPrecandidatos Consejeros Escolares Titulares.<br \/>\n1- Yessica Nazon. (Tornquist)<br \/>\n2- Luis Quintana. (Tornquist)<br \/>\nPrecandidatos Consejeros Escolares Suplentes.<br \/>\n1- Andrea Camus. (Tornquist).<br \/>\n2- Germ\u00e1n Maciel. (San Andr\u00e9s de la Sierra).<\/p>\n","protected":false},"excerpt":{"rendered":"<p>Gustavo Trankels ir\u00e1 por Uni\u00f3n por la Patria y confirm\u00f3 su lista para las PASO El ex intendente llevar\u00e1 como primer concejal a Carmen Soverchia Precandidatos Concejales Titulares. 1- Carmen Soverchia. (Tornquist). 2- Walter Taylor. (Tornquist). 3- Mar\u00eda Romero. (Sierra de la Ventana). 4- Matias Rojas. (Saldungaray). 5- Mar\u00eda Sol Salgado. (Villa Ventana). 6- Pablo [&hellip;]<\/p>\n","protected":false},"author":5,"featured_media":73498,"comment_status":"closed","ping_status":"closed","sticky":false,"template":"","format":"standard","meta":{"footnotes":""},"categories":[51,52,53],"tags":[947],"class_list":["post-77149","post","type-post","status-publish","format-standard","has-post-thumbnail","hentry","category-comunidad","category-destacadas","category-politica","tag-gustavo-trankels-ira-por-union-por-la-patria-y-confirmo-su-lista-para-las-paso"],"yoast_head":"<!-- This site is optimized with the Yoast SEO plugin v19.7.1 - https:\/\/yoast.com\/wordpress\/plugins\/seo\/ -->\n<title>Gustavo Trankels ir\u00e1 por Uni\u00f3n por la Patria y confirm\u00f3 su lista para las PASO - CELTTV<\/title>\n<meta name=\"description\" content=\"Sitio web de noticias de la localidad de Tornquist, provincia de Buenos Aires, Rep\u00fablica Argentina. Contenido propio originado por periodistas de CELTTV, el canal de TV local de la Cooperativa El\u00e9ctrica de Tornquist. Turismo, Pol\u00edtica, Sociedad, Deporte, Cultura y todo el contenido de inter\u00e9s general que la gente del pueblo y la regi\u00f3n debe conocer.\" \/>\n<meta name=\"robots\" content=\"index, follow, max-snippet:-1, max-image-preview:large, max-video-preview:-1\" \/>\n<link rel=\"canonical\" href=\"https:\/\/www.celttv.com.ar\/index.php\/2023\/06\/25\/gustavo-trankels-ira-por-union-por-la-patria-y-confirmo-su-lista-para-las-paso\/\" \/>\n<meta property=\"og:locale\" content=\"es_ES\" \/>\n<meta property=\"og:type\" content=\"article\" \/>\n<meta property=\"og:title\" content=\"Gustavo Trankels ir\u00e1 por Uni\u00f3n por la Patria y confirm\u00f3 su lista para las PASO - CELTTV\" \/>\n<meta property=\"og:description\" content=\"Sitio web de noticias de la localidad de Tornquist, provincia de Buenos Aires, Rep\u00fablica Argentina. Contenido propio originado por periodistas de CELTTV, el canal de TV local de la Cooperativa El\u00e9ctrica de Tornquist. Turismo, Pol\u00edtica, Sociedad, Deporte, Cultura y todo el contenido de inter\u00e9s general que la gente del pueblo y la regi\u00f3n debe conocer.\" \/>\n<meta property=\"og:url\" content=\"https:\/\/www.celttv.com.ar\/index.php\/2023\/06\/25\/gustavo-trankels-ira-por-union-por-la-patria-y-confirmo-su-lista-para-las-paso\/\" \/>\n<meta property=\"og:site_name\" content=\"CELTTV\" \/>\n<meta property=\"article:publisher\" content=\"https:\/\/www.facebook.com\/celtTV\/\" \/>\n<meta property=\"article:published_time\" content=\"2023-06-25T21:11:19+00:00\" \/>\n<meta property=\"og:image\" content=\"https:\/\/www.celttv.com.ar\/wp-content\/uploads\/2023\/02\/trankels-vial.jpg\" \/>\n\t<meta property=\"og:image:width\" content=\"936\" \/>\n\t<meta property=\"og:image:height\" content=\"612\" \/>\n\t<meta property=\"og:image:type\" content=\"image\/jpeg\" \/>\n<meta name=\"author\" content=\"Miguel Herrada\" \/>\n<meta name=\"twitter:card\" content=\"summary_large_image\" \/>\n<meta name=\"twitter:label1\" content=\"Escrito por\" \/>\n\t<meta name=\"twitter:data1\" content=\"Miguel Herrada\" \/>\n\t<meta name=\"twitter:label2\" content=\"Tiempo de lectura\" \/>\n\t<meta name=\"twitter:data2\" content=\"1 minuto\" \/>\n<script type=\"application\/ld+json\" class=\"yoast-schema-graph\">{\"@context\":\"https:\/\/schema.org\",\"@graph\":[{\"@type\":\"NewsArticle\",\"@id\":\"https:\/\/www.celttv.com.ar\/index.php\/2023\/06\/25\/gustavo-trankels-ira-por-union-por-la-patria-y-confirmo-su-lista-para-las-paso\/#article\",\"isPartOf\":{\"@id\":\"https:\/\/www.celttv.com.ar\/index.php\/2023\/06\/25\/gustavo-trankels-ira-por-union-por-la-patria-y-confirmo-su-lista-para-las-paso\/\"},\"author\":{\"name\":\"Miguel Herrada\",\"@id\":\"https:\/\/www.celttv.com.ar\/#\/schema\/person\/9059dc91dc7204ef4182cdb65225f07d\"},\"headline\":\"Gustavo Trankels ir\u00e1 por Uni\u00f3n por la Patria y confirm\u00f3 su lista para las PASO\",\"datePublished\":\"2023-06-25T21:11:19+00:00\",\"dateModified\":\"2023-06-25T21:11:19+00:00\",\"mainEntityOfPage\":{\"@id\":\"https:\/\/www.celttv.com.ar\/index.php\/2023\/06\/25\/gustavo-trankels-ira-por-union-por-la-patria-y-confirmo-su-lista-para-las-paso\/\"},\"wordCount\":132,\"publisher\":{\"@id\":\"https:\/\/www.celttv.com.ar\/#organization\"},\"keywords\":[\"Gustavo Trankels ir\u00e1 por Uni\u00f3n por la Patria y confirm\u00f3 su lista para las PASO\"],\"articleSection\":[\"Comunidad\",\"Destacadas\",\"Pol\u00edtica\"],\"inLanguage\":\"es\"},{\"@type\":\"WebPage\",\"@id\":\"https:\/\/www.celttv.com.ar\/index.php\/2023\/06\/25\/gustavo-trankels-ira-por-union-por-la-patria-y-confirmo-su-lista-para-las-paso\/\",\"url\":\"https:\/\/www.celttv.com.ar\/index.php\/2023\/06\/25\/gustavo-trankels-ira-por-union-por-la-patria-y-confirmo-su-lista-para-las-paso\/\",\"name\":\"Gustavo Trankels ir\u00e1 por Uni\u00f3n por la Patria y confirm\u00f3 su lista para las PASO - CELTTV\",\"isPartOf\":{\"@id\":\"https:\/\/www.celttv.com.ar\/#website\"},\"datePublished\":\"2023-06-25T21:11:19+00:00\",\"dateModified\":\"2023-06-25T21:11:19+00:00\",\"description\":\"Sitio web de noticias de la localidad de Tornquist, provincia de Buenos Aires, Rep\u00fablica Argentina. Contenido propio originado por periodistas de CELTTV, el canal de TV local de la Cooperativa El\u00e9ctrica de Tornquist. Turismo, Pol\u00edtica, Sociedad, Deporte, Cultura y todo el contenido de inter\u00e9s general que la gente del pueblo y la regi\u00f3n debe conocer.\",\"breadcrumb\":{\"@id\":\"https:\/\/www.celttv.com.ar\/index.php\/2023\/06\/25\/gustavo-trankels-ira-por-union-por-la-patria-y-confirmo-su-lista-para-las-paso\/#breadcrumb\"},\"inLanguage\":\"es\",\"potentialAction\":[{\"@type\":\"ReadAction\",\"target\":[\"https:\/\/www.celttv.com.ar\/index.php\/2023\/06\/25\/gustavo-trankels-ira-por-union-por-la-patria-y-confirmo-su-lista-para-las-paso\/\"]}]},{\"@type\":\"BreadcrumbList\",\"@id\":\"https:\/\/www.celttv.com.ar\/index.php\/2023\/06\/25\/gustavo-trankels-ira-por-union-por-la-patria-y-confirmo-su-lista-para-las-paso\/#breadcrumb\",\"itemListElement\":[{\"@type\":\"ListItem\",\"position\":1,\"name\":\"Inicio\",\"item\":\"https:\/\/www.celttv.com.ar\/\"},{\"@type\":\"ListItem\",\"position\":2,\"name\":\"Gustavo Trankels ir\u00e1 por Uni\u00f3n por la Patria y confirm\u00f3 su lista para las PASO\"}]},{\"@type\":\"WebSite\",\"@id\":\"https:\/\/www.celttv.com.ar\/#website\",\"url\":\"https:\/\/www.celttv.com.ar\/\",\"name\":\"CELTTV\",\"description\":\"Cooperativa El\u00e9ctrica de Tornquist\",\"publisher\":{\"@id\":\"https:\/\/www.celttv.com.ar\/#organization\"},\"potentialAction\":[{\"@type\":\"SearchAction\",\"target\":{\"@type\":\"EntryPoint\",\"urlTemplate\":\"https:\/\/www.celttv.com.ar\/?s={search_term_string}\"},\"query-input\":\"required name=search_term_string\"}],\"inLanguage\":\"es\"},{\"@type\":\"Organization\",\"@id\":\"https:\/\/www.celttv.com.ar\/#organization\",\"name\":\"CELTTV\",\"url\":\"https:\/\/www.celttv.com.ar\/\",\"sameAs\":[\"https:\/\/www.youtube.com\/channel\/UCz_oIt8Hig64Ub-EmcNPIhg\",\"https:\/\/www.facebook.com\/celtTV\/\"],\"logo\":{\"@type\":\"ImageObject\",\"inLanguage\":\"es\",\"@id\":\"https:\/\/www.celttv.com.ar\/#\/schema\/logo\/image\/\",\"url\":\"http:\/\/www.celttv.com.ar\/wp-content\/uploads\/2022\/08\/logo-1.png\",\"contentUrl\":\"http:\/\/www.celttv.com.ar\/wp-content\/uploads\/2022\/08\/logo-1.png\",\"width\":461,\"height\":159,\"caption\":\"CELTTV\"},\"image\":{\"@id\":\"https:\/\/www.celttv.com.ar\/#\/schema\/logo\/image\/\"}},{\"@type\":\"Person\",\"@id\":\"https:\/\/www.celttv.com.ar\/#\/schema\/person\/9059dc91dc7204ef4182cdb65225f07d\",\"name\":\"Miguel Herrada\",\"image\":{\"@type\":\"ImageObject\",\"inLanguage\":\"es\",\"@id\":\"https:\/\/www.celttv.com.ar\/#\/schema\/person\/image\/\",\"url\":\"https:\/\/secure.gravatar.com\/avatar\/67724d5b3c716623ffd76bec7e45841a442ac3b456e914dbba90b0fad2b8e0b1?s=96&d=mm&r=g\",\"contentUrl\":\"https:\/\/secure.gravatar.com\/avatar\/67724d5b3c716623ffd76bec7e45841a442ac3b456e914dbba90b0fad2b8e0b1?s=96&d=mm&r=g\",\"caption\":\"Miguel Herrada\"}}]}<\/script>\n<!-- \/ Yoast SEO plugin. -->","yoast_head_json":{"title":"Gustavo Trankels ir\u00e1 por Uni\u00f3n por la Patria y confirm\u00f3 su lista para las PASO - CELTTV","description":"Sitio web de noticias de la localidad de Tornquist, provincia de Buenos Aires, Rep\u00fablica Argentina. Contenido propio originado por periodistas de CELTTV, el canal de TV local de la Cooperativa El\u00e9ctrica de Tornquist. Turismo, Pol\u00edtica, Sociedad, Deporte, Cultura y todo el contenido de inter\u00e9s general que la gente del pueblo y la regi\u00f3n debe conocer.","robots":{"index":"index","follow":"follow","max-snippet":"max-snippet:-1","max-image-preview":"max-image-preview:large","max-video-preview":"max-video-preview:-1"},"canonical":"https:\/\/www.celttv.com.ar\/index.php\/2023\/06\/25\/gustavo-trankels-ira-por-union-por-la-patria-y-confirmo-su-lista-para-las-paso\/","og_locale":"es_ES","og_type":"article","og_title":"Gustavo Trankels ir\u00e1 por Uni\u00f3n por la Patria y confirm\u00f3 su lista para las PASO - CELTTV","og_description":"Sitio web de noticias de la localidad de Tornquist, provincia de Buenos Aires, Rep\u00fablica Argentina. Contenido propio originado por periodistas de CELTTV, el canal de TV local de la Cooperativa El\u00e9ctrica de Tornquist. Turismo, Pol\u00edtica, Sociedad, Deporte, Cultura y todo el contenido de inter\u00e9s general que la gente del pueblo y la regi\u00f3n debe conocer.","og_url":"https:\/\/www.celttv.com.ar\/index.php\/2023\/06\/25\/gustavo-trankels-ira-por-union-por-la-patria-y-confirmo-su-lista-para-las-paso\/","og_site_name":"CELTTV","article_publisher":"https:\/\/www.facebook.com\/celtTV\/","article_published_time":"2023-06-25T21:11:19+00:00","og_image":[{"width":936,"height":612,"url":"https:\/\/www.celttv.com.ar\/wp-content\/uploads\/2023\/02\/trankels-vial.jpg","type":"image\/jpeg"}],"author":"Miguel Herrada","twitter_card":"summary_large_image","twitter_misc":{"Escrito por":"Miguel Herrada","Tiempo de lectura":"1 minuto"},"schema":{"@context":"https:\/\/schema.org","@graph":[{"@type":"NewsArticle","@id":"https:\/\/www.celttv.com.ar\/index.php\/2023\/06\/25\/gustavo-trankels-ira-por-union-por-la-patria-y-confirmo-su-lista-para-las-paso\/#article","isPartOf":{"@id":"https:\/\/www.celttv.com.ar\/index.php\/2023\/06\/25\/gustavo-trankels-ira-por-union-por-la-patria-y-confirmo-su-lista-para-las-paso\/"},"author":{"name":"Miguel Herrada","@id":"https:\/\/www.celttv.com.ar\/#\/schema\/person\/9059dc91dc7204ef4182cdb65225f07d"},"headline":"Gustavo Trankels ir\u00e1 por Uni\u00f3n por la Patria y confirm\u00f3 su lista para las PASO","datePublished":"2023-06-25T21:11:19+00:00","dateModified":"2023-06-25T21:11:19+00:00","mainEntityOfPage":{"@id":"https:\/\/www.celttv.com.ar\/index.php\/2023\/06\/25\/gustavo-trankels-ira-por-union-por-la-patria-y-confirmo-su-lista-para-las-paso\/"},"wordCount":132,"publisher":{"@id":"https:\/\/www.celttv.com.ar\/#organization"},"keywords":["Gustavo Trankels ir\u00e1 por Uni\u00f3n por la Patria y confirm\u00f3 su lista para las PASO"],"articleSection":["Comunidad","Destacadas","Pol\u00edtica"],"inLanguage":"es"},{"@type":"WebPage","@id":"https:\/\/www.celttv.com.ar\/index.php\/2023\/06\/25\/gustavo-trankels-ira-por-union-por-la-patria-y-confirmo-su-lista-para-las-paso\/","url":"https:\/\/www.celttv.com.ar\/index.php\/2023\/06\/25\/gustavo-trankels-ira-por-union-por-la-patria-y-confirmo-su-lista-para-las-paso\/","name":"Gustavo Trankels ir\u00e1 por Uni\u00f3n por la Patria y confirm\u00f3 su lista para las PASO - CELTTV","isPartOf":{"@id":"https:\/\/www.celttv.com.ar\/#website"},"datePublished":"2023-06-25T21:11:19+00:00","dateModified":"2023-06-25T21:11:19+00:00","description":"Sitio web de noticias de la localidad de Tornquist, provincia de Buenos Aires, Rep\u00fablica Argentina. Contenido propio originado por periodistas de CELTTV, el canal de TV local de la Cooperativa El\u00e9ctrica de Tornquist. Turismo, Pol\u00edtica, Sociedad, Deporte, Cultura y todo el contenido de inter\u00e9s general que la gente del pueblo y la regi\u00f3n debe conocer.","breadcrumb":{"@id":"https:\/\/www.celttv.com.ar\/index.php\/2023\/06\/25\/gustavo-trankels-ira-por-union-por-la-patria-y-confirmo-su-lista-para-las-paso\/#breadcrumb"},"inLanguage":"es","potentialAction":[{"@type":"ReadAction","target":["https:\/\/www.celttv.com.ar\/index.php\/2023\/06\/25\/gustavo-trankels-ira-por-union-por-la-patria-y-confirmo-su-lista-para-las-paso\/"]}]},{"@type":"BreadcrumbList","@id":"https:\/\/www.celttv.com.ar\/index.php\/2023\/06\/25\/gustavo-trankels-ira-por-union-por-la-patria-y-confirmo-su-lista-para-las-paso\/#breadcrumb","itemListElement":[{"@type":"ListItem","position":1,"name":"Inicio","item":"https:\/\/www.celttv.com.ar\/"},{"@type":"ListItem","position":2,"name":"Gustavo Trankels ir\u00e1 por Uni\u00f3n por la Patria y confirm\u00f3 su lista para las PASO"}]},{"@type":"WebSite","@id":"https:\/\/www.celttv.com.ar\/#website","url":"https:\/\/www.celttv.com.ar\/","name":"CELTTV","description":"Cooperativa El\u00e9ctrica de Tornquist","publisher":{"@id":"https:\/\/www.celttv.com.ar\/#organization"},"potentialAction":[{"@type":"SearchAction","target":{"@type":"EntryPoint","urlTemplate":"https:\/\/www.celttv.com.ar\/?s={search_term_string}"},"query-input":"required name=search_term_string"}],"inLanguage":"es"},{"@type":"Organization","@id":"https:\/\/www.celttv.com.ar\/#organization","name":"CELTTV","url":"https:\/\/www.celttv.com.ar\/","sameAs":["https:\/\/www.youtube.com\/channel\/UCz_oIt8Hig64Ub-EmcNPIhg","https:\/\/www.facebook.com\/celtTV\/"],"logo":{"@type":"ImageObject","inLanguage":"es","@id":"https:\/\/www.celttv.com.ar\/#\/schema\/logo\/image\/","url":"http:\/\/www.celttv.com.ar\/wp-content\/uploads\/2022\/08\/logo-1.png","contentUrl":"http:\/\/www.celttv.com.ar\/wp-content\/uploads\/2022\/08\/logo-1.png","width":461,"height":159,"caption":"CELTTV"},"image":{"@id":"https:\/\/www.celttv.com.ar\/#\/schema\/logo\/image\/"}},{"@type":"Person","@id":"https:\/\/www.celttv.com.ar\/#\/schema\/person\/9059dc91dc7204ef4182cdb65225f07d","name":"Miguel Herrada","image":{"@type":"ImageObject","inLanguage":"es","@id":"https:\/\/www.celttv.com.ar\/#\/schema\/person\/image\/","url":"https:\/\/secure.gravatar.com\/avatar\/67724d5b3c716623ffd76bec7e45841a442ac3b456e914dbba90b0fad2b8e0b1?s=96&d=mm&r=g","contentUrl":"https:\/\/secure.gravatar.com\/avatar\/67724d5b3c716623ffd76bec7e45841a442ac3b456e914dbba90b0fad2b8e0b1?s=96&d=mm&r=g","caption":"Miguel Herrada"}}]}},"_links":{"self":[{"href":"https:\/\/www.celttv.com.ar\/index.php\/wp-json\/wp\/v2\/posts\/77149","targetHints":{"allow":["GET"]}}],"collection":[{"href":"https:\/\/www.celttv.com.ar\/index.php\/wp-json\/wp\/v2\/posts"}],"about":[{"href":"https:\/\/www.celttv.com.ar\/index.php\/wp-json\/wp\/v2\/types\/post"}],"author":[{"embeddable":true,"href":"https:\/\/www.celttv.com.ar\/index.php\/wp-json\/wp\/v2\/users\/5"}],"replies":[{"embeddable":true,"href":"https:\/\/www.celttv.com.ar\/index.php\/wp-json\/wp\/v2\/comments?post=77149"}],"version-history":[{"count":1,"href":"https:\/\/www.celttv.com.ar\/index.php\/wp-json\/wp\/v2\/posts\/77149\/revisions"}],"predecessor-version":[{"id":77151,"href":"https:\/\/www.celttv.com.ar\/index.php\/wp-json\/wp\/v2\/posts\/77149\/revisions\/77151"}],"wp:featuredmedia":[{"embeddable":true,"href":"https:\/\/www.celttv.com.ar\/index.php\/wp-json\/wp\/v2\/media\/73498"}],"wp:attachment":[{"href":"https:\/\/www.celttv.com.ar\/index.php\/wp-json\/wp\/v2\/media?parent=77149"}],"wp:term":[{"taxonomy":"category","embeddable":true,"href":"https:\/\/www.celttv.com.ar\/index.php\/wp-json\/wp\/v2\/categories?post=77149"},{"taxonomy":"post_tag","embeddable":true,"href":"https:\/\/www.celttv.com.ar\/index.php\/wp-json\/wp\/v2\/tags?post=77149"}],"curies":[{"name":"wp","href":"https:\/\/api.w.org\/{rel}","templated":true}]}}