{"id":77154,"date":"2023-06-25T21:34:58","date_gmt":"2023-06-26T00:34:58","guid":{"rendered":"http:\/\/www.celttv.com.ar\/?p=77154"},"modified":"2023-06-25T21:35:25","modified_gmt":"2023-06-26T00:35:25","slug":"importante-recibimiento-a-lara-vanoli-tras-su-participacion-en-elevate-championship-lationoamericana-realizado-en-chile","status":"publish","type":"post","link":"https:\/\/www.celttv.com.ar\/index.php\/2023\/06\/25\/importante-recibimiento-a-lara-vanoli-tras-su-participacion-en-elevate-championship-lationoamericana-realizado-en-chile\/","title":{"rendered":"Importante recibimiento a Lara Vanoli tras su participaci\u00f3n en \u201cElevate Championship Latinoamericana\u201d realizado en Chile"},"content":{"rendered":"<p>La tornquistense Lara Vanoli junto a Daiana Berl\u00edn fueron recibidas con una extensa caravana tras lograr una destacada participaci\u00f3n en el torneo internacional de acrobacias sobre telas realizado el 24 de Junio en Santiago de Chile.<\/p>\n<p>Lara particip\u00f3 de la competencia denominada \u201cElevate Championship Latinoamericana\u201d, donde compiti\u00f3 con m\u00e1s de 50 acr\u00f3batas procedentes de Per\u00fa, Colombia, Chile, Bolivia, Uruguay, Paraguay y Argentina, entre otros.<\/p>\n<p>Familiares, amigos y vecinos de la ciudad se reunieron en el paso a nivel de la Avenida Belgrano donde una camioneta de los bomberos voluntarios las esperaba para luego iniciar una recorrida por las calles c\u00e9ntricas de la ciudad.<\/p>\n<p>Agitando la bandera Argentina y la de &#8220;Abre tus Alas&#8221;, Lara y Daiana, a bordo de la camioneta de los bomberos, dieron rienda suelta a la alegr\u00eda y la emoci\u00f3n, esa misma sensaci\u00f3n que compartieron juntas en el podio en tierras chilenas.<\/p>\n<p>Las l\u00e1grimas de Lara y Daiana, ante el reconocimiento de su comunidad, fue el com\u00fan denominador del reencuentro con sus familiares y amigos, donde los abrazos y las muestras de cari\u00f1o hicieron que sea una noche inolvidable para todos. En especial para Lara y Daiana.<\/p>\n<p><iframe loading=\"lazy\" title=\"2023 06 25 LARA VANOLI Y DAIANA BERL\u00cdN   COMPETENCIA INTERNACIONAL   ABRE TUS ALAS\" width=\"500\" height=\"281\" src=\"https:\/\/www.youtube.com\/embed\/3n2O5ohMMGw?feature=oembed\" frameborder=\"0\" allow=\"accelerometer; autoplay; clipboard-write; encrypted-media; gyroscope; picture-in-picture; web-share\" referrerpolicy=\"strict-origin-when-cross-origin\" allowfullscreen><\/iframe><\/p>\n<p><em><strong>FOTOS DEL RECIBIMIENTO A LARA VANOLI Y DAIANA BERL\u00cdN<\/strong><\/em><\/p>\n<p><img loading=\"lazy\" decoding=\"async\" class=\"alignnone wp-image-77165 size-large\" src=\"http:\/\/www.celttv.com.ar\/wp-content\/uploads\/2023\/06\/WhatsApp-Image-2023-06-25-at-21.22.22-1024x576.jpeg\" alt=\"\" width=\"1024\" height=\"576\" srcset=\"https:\/\/www.celttv.com.ar\/wp-content\/uploads\/2023\/06\/WhatsApp-Image-2023-06-25-at-21.22.22-1024x576.jpeg 1024w, https:\/\/www.celttv.com.ar\/wp-content\/uploads\/2023\/06\/WhatsApp-Image-2023-06-25-at-21.22.22-300x169.jpeg 300w, https:\/\/www.celttv.com.ar\/wp-content\/uploads\/2023\/06\/WhatsApp-Image-2023-06-25-at-21.22.22-768x432.jpeg 768w, https:\/\/www.celttv.com.ar\/wp-content\/uploads\/2023\/06\/WhatsApp-Image-2023-06-25-at-21.22.22-1536x864.jpeg 1536w, https:\/\/www.celttv.com.ar\/wp-content\/uploads\/2023\/06\/WhatsApp-Image-2023-06-25-at-21.22.22-750x422.jpeg 750w, https:\/\/www.celttv.com.ar\/wp-content\/uploads\/2023\/06\/WhatsApp-Image-2023-06-25-at-21.22.22-1140x641.jpeg 1140w, https:\/\/www.celttv.com.ar\/wp-content\/uploads\/2023\/06\/WhatsApp-Image-2023-06-25-at-21.22.22.jpeg 1600w\" sizes=\"auto, (max-width: 1024px) 100vw, 1024px\" \/> <img loading=\"lazy\" decoding=\"async\" class=\"alignnone wp-image-77164 size-large\" src=\"http:\/\/www.celttv.com.ar\/wp-content\/uploads\/2023\/06\/WhatsApp-Image-2023-06-25-at-21.22.22-2-1024x576.jpeg\" alt=\"\" width=\"1024\" height=\"576\" srcset=\"https:\/\/www.celttv.com.ar\/wp-content\/uploads\/2023\/06\/WhatsApp-Image-2023-06-25-at-21.22.22-2-1024x576.jpeg 1024w, https:\/\/www.celttv.com.ar\/wp-content\/uploads\/2023\/06\/WhatsApp-Image-2023-06-25-at-21.22.22-2-300x169.jpeg 300w, https:\/\/www.celttv.com.ar\/wp-content\/uploads\/2023\/06\/WhatsApp-Image-2023-06-25-at-21.22.22-2-768x432.jpeg 768w, https:\/\/www.celttv.com.ar\/wp-content\/uploads\/2023\/06\/WhatsApp-Image-2023-06-25-at-21.22.22-2-1536x864.jpeg 1536w, https:\/\/www.celttv.com.ar\/wp-content\/uploads\/2023\/06\/WhatsApp-Image-2023-06-25-at-21.22.22-2-750x422.jpeg 750w, https:\/\/www.celttv.com.ar\/wp-content\/uploads\/2023\/06\/WhatsApp-Image-2023-06-25-at-21.22.22-2-1140x641.jpeg 1140w, https:\/\/www.celttv.com.ar\/wp-content\/uploads\/2023\/06\/WhatsApp-Image-2023-06-25-at-21.22.22-2.jpeg 1600w\" sizes=\"auto, (max-width: 1024px) 100vw, 1024px\" \/> <img loading=\"lazy\" decoding=\"async\" class=\"alignnone wp-image-77163 size-large\" src=\"http:\/\/www.celttv.com.ar\/wp-content\/uploads\/2023\/06\/WhatsApp-Image-2023-06-25-at-21.22.22-1-1024x576.jpeg\" alt=\"\" width=\"1024\" height=\"576\" srcset=\"https:\/\/www.celttv.com.ar\/wp-content\/uploads\/2023\/06\/WhatsApp-Image-2023-06-25-at-21.22.22-1-1024x576.jpeg 1024w, https:\/\/www.celttv.com.ar\/wp-content\/uploads\/2023\/06\/WhatsApp-Image-2023-06-25-at-21.22.22-1-300x169.jpeg 300w, https:\/\/www.celttv.com.ar\/wp-content\/uploads\/2023\/06\/WhatsApp-Image-2023-06-25-at-21.22.22-1-768x432.jpeg 768w, https:\/\/www.celttv.com.ar\/wp-content\/uploads\/2023\/06\/WhatsApp-Image-2023-06-25-at-21.22.22-1-1536x864.jpeg 1536w, https:\/\/www.celttv.com.ar\/wp-content\/uploads\/2023\/06\/WhatsApp-Image-2023-06-25-at-21.22.22-1-750x422.jpeg 750w, https:\/\/www.celttv.com.ar\/wp-content\/uploads\/2023\/06\/WhatsApp-Image-2023-06-25-at-21.22.22-1-1140x641.jpeg 1140w, https:\/\/www.celttv.com.ar\/wp-content\/uploads\/2023\/06\/WhatsApp-Image-2023-06-25-at-21.22.22-1.jpeg 1600w\" sizes=\"auto, (max-width: 1024px) 100vw, 1024px\" \/> <img loading=\"lazy\" decoding=\"async\" class=\"alignnone wp-image-77162 size-large\" src=\"http:\/\/www.celttv.com.ar\/wp-content\/uploads\/2023\/06\/WhatsApp-Image-2023-06-25-at-21.22.21-1-1024x576.jpeg\" alt=\"\" width=\"1024\" height=\"576\" srcset=\"https:\/\/www.celttv.com.ar\/wp-content\/uploads\/2023\/06\/WhatsApp-Image-2023-06-25-at-21.22.21-1-1024x576.jpeg 1024w, https:\/\/www.celttv.com.ar\/wp-content\/uploads\/2023\/06\/WhatsApp-Image-2023-06-25-at-21.22.21-1-300x169.jpeg 300w, https:\/\/www.celttv.com.ar\/wp-content\/uploads\/2023\/06\/WhatsApp-Image-2023-06-25-at-21.22.21-1-768x432.jpeg 768w, https:\/\/www.celttv.com.ar\/wp-content\/uploads\/2023\/06\/WhatsApp-Image-2023-06-25-at-21.22.21-1-1536x864.jpeg 1536w, https:\/\/www.celttv.com.ar\/wp-content\/uploads\/2023\/06\/WhatsApp-Image-2023-06-25-at-21.22.21-1-750x422.jpeg 750w, https:\/\/www.celttv.com.ar\/wp-content\/uploads\/2023\/06\/WhatsApp-Image-2023-06-25-at-21.22.21-1-1140x641.jpeg 1140w, https:\/\/www.celttv.com.ar\/wp-content\/uploads\/2023\/06\/WhatsApp-Image-2023-06-25-at-21.22.21-1.jpeg 1600w\" sizes=\"auto, (max-width: 1024px) 100vw, 1024px\" \/> <img loading=\"lazy\" decoding=\"async\" class=\"alignnone wp-image-77161 size-large\" src=\"http:\/\/www.celttv.com.ar\/wp-content\/uploads\/2023\/06\/WhatsApp-Image-2023-06-25-at-21.22.20-1024x576.jpeg\" alt=\"\" width=\"1024\" height=\"576\" srcset=\"https:\/\/www.celttv.com.ar\/wp-content\/uploads\/2023\/06\/WhatsApp-Image-2023-06-25-at-21.22.20-1024x576.jpeg 1024w, https:\/\/www.celttv.com.ar\/wp-content\/uploads\/2023\/06\/WhatsApp-Image-2023-06-25-at-21.22.20-300x169.jpeg 300w, https:\/\/www.celttv.com.ar\/wp-content\/uploads\/2023\/06\/WhatsApp-Image-2023-06-25-at-21.22.20-768x432.jpeg 768w, https:\/\/www.celttv.com.ar\/wp-content\/uploads\/2023\/06\/WhatsApp-Image-2023-06-25-at-21.22.20-1536x864.jpeg 1536w, https:\/\/www.celttv.com.ar\/wp-content\/uploads\/2023\/06\/WhatsApp-Image-2023-06-25-at-21.22.20-750x422.jpeg 750w, https:\/\/www.celttv.com.ar\/wp-content\/uploads\/2023\/06\/WhatsApp-Image-2023-06-25-at-21.22.20-1140x641.jpeg 1140w, https:\/\/www.celttv.com.ar\/wp-content\/uploads\/2023\/06\/WhatsApp-Image-2023-06-25-at-21.22.20.jpeg 1600w\" sizes=\"auto, (max-width: 1024px) 100vw, 1024px\" \/> <img loading=\"lazy\" decoding=\"async\" class=\"alignnone wp-image-77160 size-large\" src=\"http:\/\/www.celttv.com.ar\/wp-content\/uploads\/2023\/06\/WhatsApp-Image-2023-06-25-at-21.22.19-1024x576.jpeg\" alt=\"\" width=\"1024\" height=\"576\" srcset=\"https:\/\/www.celttv.com.ar\/wp-content\/uploads\/2023\/06\/WhatsApp-Image-2023-06-25-at-21.22.19-1024x576.jpeg 1024w, https:\/\/www.celttv.com.ar\/wp-content\/uploads\/2023\/06\/WhatsApp-Image-2023-06-25-at-21.22.19-300x169.jpeg 300w, https:\/\/www.celttv.com.ar\/wp-content\/uploads\/2023\/06\/WhatsApp-Image-2023-06-25-at-21.22.19-768x432.jpeg 768w, https:\/\/www.celttv.com.ar\/wp-content\/uploads\/2023\/06\/WhatsApp-Image-2023-06-25-at-21.22.19-1536x864.jpeg 1536w, https:\/\/www.celttv.com.ar\/wp-content\/uploads\/2023\/06\/WhatsApp-Image-2023-06-25-at-21.22.19-750x422.jpeg 750w, https:\/\/www.celttv.com.ar\/wp-content\/uploads\/2023\/06\/WhatsApp-Image-2023-06-25-at-21.22.19-1140x641.jpeg 1140w, https:\/\/www.celttv.com.ar\/wp-content\/uploads\/2023\/06\/WhatsApp-Image-2023-06-25-at-21.22.19.jpeg 1600w\" sizes=\"auto, (max-width: 1024px) 100vw, 1024px\" \/> <img loading=\"lazy\" decoding=\"async\" class=\"alignnone wp-image-77159 size-large\" src=\"http:\/\/www.celttv.com.ar\/wp-content\/uploads\/2023\/06\/WhatsApp-Image-2023-06-25-at-21.22.19-1-1024x576.jpeg\" alt=\"\" width=\"1024\" height=\"576\" srcset=\"https:\/\/www.celttv.com.ar\/wp-content\/uploads\/2023\/06\/WhatsApp-Image-2023-06-25-at-21.22.19-1-1024x576.jpeg 1024w, https:\/\/www.celttv.com.ar\/wp-content\/uploads\/2023\/06\/WhatsApp-Image-2023-06-25-at-21.22.19-1-300x169.jpeg 300w, https:\/\/www.celttv.com.ar\/wp-content\/uploads\/2023\/06\/WhatsApp-Image-2023-06-25-at-21.22.19-1-768x432.jpeg 768w, https:\/\/www.celttv.com.ar\/wp-content\/uploads\/2023\/06\/WhatsApp-Image-2023-06-25-at-21.22.19-1-1536x864.jpeg 1536w, https:\/\/www.celttv.com.ar\/wp-content\/uploads\/2023\/06\/WhatsApp-Image-2023-06-25-at-21.22.19-1-750x422.jpeg 750w, https:\/\/www.celttv.com.ar\/wp-content\/uploads\/2023\/06\/WhatsApp-Image-2023-06-25-at-21.22.19-1-1140x641.jpeg 1140w, https:\/\/www.celttv.com.ar\/wp-content\/uploads\/2023\/06\/WhatsApp-Image-2023-06-25-at-21.22.19-1.jpeg 1600w\" sizes=\"auto, (max-width: 1024px) 100vw, 1024px\" \/> <img loading=\"lazy\" decoding=\"async\" class=\"alignnone wp-image-77158 size-large\" src=\"http:\/\/www.celttv.com.ar\/wp-content\/uploads\/2023\/06\/WhatsApp-Image-2023-06-25-at-21.22.18-1024x576.jpeg\" alt=\"\" width=\"1024\" height=\"576\" srcset=\"https:\/\/www.celttv.com.ar\/wp-content\/uploads\/2023\/06\/WhatsApp-Image-2023-06-25-at-21.22.18-1024x576.jpeg 1024w, https:\/\/www.celttv.com.ar\/wp-content\/uploads\/2023\/06\/WhatsApp-Image-2023-06-25-at-21.22.18-300x169.jpeg 300w, https:\/\/www.celttv.com.ar\/wp-content\/uploads\/2023\/06\/WhatsApp-Image-2023-06-25-at-21.22.18-768x432.jpeg 768w, https:\/\/www.celttv.com.ar\/wp-content\/uploads\/2023\/06\/WhatsApp-Image-2023-06-25-at-21.22.18-1536x864.jpeg 1536w, https:\/\/www.celttv.com.ar\/wp-content\/uploads\/2023\/06\/WhatsApp-Image-2023-06-25-at-21.22.18-750x422.jpeg 750w, https:\/\/www.celttv.com.ar\/wp-content\/uploads\/2023\/06\/WhatsApp-Image-2023-06-25-at-21.22.18-1140x641.jpeg 1140w, https:\/\/www.celttv.com.ar\/wp-content\/uploads\/2023\/06\/WhatsApp-Image-2023-06-25-at-21.22.18.jpeg 1600w\" sizes=\"auto, (max-width: 1024px) 100vw, 1024px\" \/> <img loading=\"lazy\" decoding=\"async\" class=\"alignnone wp-image-77157 size-large\" src=\"http:\/\/www.celttv.com.ar\/wp-content\/uploads\/2023\/06\/WhatsApp-Image-2023-06-25-at-21.22.18-2-1024x576.jpeg\" alt=\"\" width=\"1024\" height=\"576\" srcset=\"https:\/\/www.celttv.com.ar\/wp-content\/uploads\/2023\/06\/WhatsApp-Image-2023-06-25-at-21.22.18-2-1024x576.jpeg 1024w, https:\/\/www.celttv.com.ar\/wp-content\/uploads\/2023\/06\/WhatsApp-Image-2023-06-25-at-21.22.18-2-300x169.jpeg 300w, https:\/\/www.celttv.com.ar\/wp-content\/uploads\/2023\/06\/WhatsApp-Image-2023-06-25-at-21.22.18-2-768x432.jpeg 768w, https:\/\/www.celttv.com.ar\/wp-content\/uploads\/2023\/06\/WhatsApp-Image-2023-06-25-at-21.22.18-2-1536x864.jpeg 1536w, https:\/\/www.celttv.com.ar\/wp-content\/uploads\/2023\/06\/WhatsApp-Image-2023-06-25-at-21.22.18-2-750x422.jpeg 750w, https:\/\/www.celttv.com.ar\/wp-content\/uploads\/2023\/06\/WhatsApp-Image-2023-06-25-at-21.22.18-2-1140x641.jpeg 1140w, https:\/\/www.celttv.com.ar\/wp-content\/uploads\/2023\/06\/WhatsApp-Image-2023-06-25-at-21.22.18-2.jpeg 1600w\" sizes=\"auto, (max-width: 1024px) 100vw, 1024px\" \/> <img loading=\"lazy\" decoding=\"async\" class=\"alignnone wp-image-77156 size-large\" src=\"http:\/\/www.celttv.com.ar\/wp-content\/uploads\/2023\/06\/WhatsApp-Image-2023-06-25-at-21.22.18-1-1024x576.jpeg\" alt=\"\" width=\"1024\" height=\"576\" srcset=\"https:\/\/www.celttv.com.ar\/wp-content\/uploads\/2023\/06\/WhatsApp-Image-2023-06-25-at-21.22.18-1-1024x576.jpeg 1024w, https:\/\/www.celttv.com.ar\/wp-content\/uploads\/2023\/06\/WhatsApp-Image-2023-06-25-at-21.22.18-1-300x169.jpeg 300w, https:\/\/www.celttv.com.ar\/wp-content\/uploads\/2023\/06\/WhatsApp-Image-2023-06-25-at-21.22.18-1-768x432.jpeg 768w, https:\/\/www.celttv.com.ar\/wp-content\/uploads\/2023\/06\/WhatsApp-Image-2023-06-25-at-21.22.18-1-1536x864.jpeg 1536w, https:\/\/www.celttv.com.ar\/wp-content\/uploads\/2023\/06\/WhatsApp-Image-2023-06-25-at-21.22.18-1-750x422.jpeg 750w, https:\/\/www.celttv.com.ar\/wp-content\/uploads\/2023\/06\/WhatsApp-Image-2023-06-25-at-21.22.18-1-1140x641.jpeg 1140w, https:\/\/www.celttv.com.ar\/wp-content\/uploads\/2023\/06\/WhatsApp-Image-2023-06-25-at-21.22.18-1.jpeg 1600w\" sizes=\"auto, (max-width: 1024px) 100vw, 1024px\" \/> <img loading=\"lazy\" decoding=\"async\" class=\"alignnone wp-image-77155 size-large\" src=\"http:\/\/www.celttv.com.ar\/wp-content\/uploads\/2023\/06\/WhatsApp-Image-2023-06-25-at-21.22.17-1024x576.jpeg\" alt=\"\" width=\"1024\" height=\"576\" srcset=\"https:\/\/www.celttv.com.ar\/wp-content\/uploads\/2023\/06\/WhatsApp-Image-2023-06-25-at-21.22.17-1024x576.jpeg 1024w, https:\/\/www.celttv.com.ar\/wp-content\/uploads\/2023\/06\/WhatsApp-Image-2023-06-25-at-21.22.17-300x169.jpeg 300w, https:\/\/www.celttv.com.ar\/wp-content\/uploads\/2023\/06\/WhatsApp-Image-2023-06-25-at-21.22.17-768x432.jpeg 768w, https:\/\/www.celttv.com.ar\/wp-content\/uploads\/2023\/06\/WhatsApp-Image-2023-06-25-at-21.22.17-1536x864.jpeg 1536w, https:\/\/www.celttv.com.ar\/wp-content\/uploads\/2023\/06\/WhatsApp-Image-2023-06-25-at-21.22.17-750x422.jpeg 750w, https:\/\/www.celttv.com.ar\/wp-content\/uploads\/2023\/06\/WhatsApp-Image-2023-06-25-at-21.22.17-1140x641.jpeg 1140w, https:\/\/www.celttv.com.ar\/wp-content\/uploads\/2023\/06\/WhatsApp-Image-2023-06-25-at-21.22.17.jpeg 1600w\" sizes=\"auto, (max-width: 1024px) 100vw, 1024px\" \/><\/p>\n<p>&nbsp;<\/p>\n<p>&nbsp;<\/p>\n<p>&nbsp;<\/p>\n<p>&nbsp;<\/p>\n","protected":false},"excerpt":{"rendered":"<p>La tornquistense Lara Vanoli junto a Daiana Berl\u00edn fueron recibidas con una extensa caravana tras lograr una destacada participaci\u00f3n en el torneo internacional de acrobacias sobre telas realizado el 24 de Junio en Santiago de Chile. Lara particip\u00f3 de la competencia denominada \u201cElevate Championship Latinoamericana\u201d, donde compiti\u00f3 con m\u00e1s de 50 acr\u00f3batas procedentes de Per\u00fa, [&hellip;]<\/p>\n","protected":false},"author":3,"featured_media":77157,"comment_status":"closed","ping_status":"closed","sticky":false,"template":"","format":"standard","meta":{"footnotes":""},"categories":[63],"tags":[],"class_list":["post-77154","post","type-post","status-publish","format-standard","has-post-thumbnail","hentry","category-magazine-sport"],"yoast_head":"<!-- This site is optimized with the Yoast SEO plugin v19.7.1 - https:\/\/yoast.com\/wordpress\/plugins\/seo\/ -->\n<title>Importante recibimiento a Lara Vanoli tras su participaci\u00f3n en \u201cElevate Championship Latinoamericana\u201d realizado en Chile - CELTTV<\/title>\n<meta name=\"description\" content=\"Sitio web de noticias de la localidad de Tornquist, provincia de Buenos Aires, Rep\u00fablica Argentina. Contenido propio originado por periodistas de CELTTV, el canal de TV local de la Cooperativa El\u00e9ctrica de Tornquist. Turismo, Pol\u00edtica, Sociedad, Deporte, Cultura y todo el contenido de inter\u00e9s general que la gente del pueblo y la regi\u00f3n debe conocer.\" \/>\n<meta name=\"robots\" content=\"index, follow, max-snippet:-1, max-image-preview:large, max-video-preview:-1\" \/>\n<link rel=\"canonical\" href=\"https:\/\/www.celttv.com.ar\/index.php\/2023\/06\/25\/importante-recibimiento-a-lara-vanoli-tras-su-participacion-en-elevate-championship-lationoamericana-realizado-en-chile\/\" \/>\n<meta property=\"og:locale\" content=\"es_ES\" \/>\n<meta property=\"og:type\" content=\"article\" \/>\n<meta property=\"og:title\" content=\"Importante recibimiento a Lara Vanoli tras su participaci\u00f3n en \u201cElevate Championship Latinoamericana\u201d realizado en Chile - CELTTV\" \/>\n<meta property=\"og:description\" content=\"Sitio web de noticias de la localidad de Tornquist, provincia de Buenos Aires, Rep\u00fablica Argentina. Contenido propio originado por periodistas de CELTTV, el canal de TV local de la Cooperativa El\u00e9ctrica de Tornquist. Turismo, Pol\u00edtica, Sociedad, Deporte, Cultura y todo el contenido de inter\u00e9s general que la gente del pueblo y la regi\u00f3n debe conocer.\" \/>\n<meta property=\"og:url\" content=\"https:\/\/www.celttv.com.ar\/index.php\/2023\/06\/25\/importante-recibimiento-a-lara-vanoli-tras-su-participacion-en-elevate-championship-lationoamericana-realizado-en-chile\/\" \/>\n<meta property=\"og:site_name\" content=\"CELTTV\" \/>\n<meta property=\"article:publisher\" content=\"https:\/\/www.facebook.com\/celtTV\/\" \/>\n<meta property=\"article:published_time\" content=\"2023-06-26T00:34:58+00:00\" \/>\n<meta property=\"article:modified_time\" content=\"2023-06-26T00:35:25+00:00\" \/>\n<meta property=\"og:image\" content=\"https:\/\/www.celttv.com.ar\/wp-content\/uploads\/2023\/06\/WhatsApp-Image-2023-06-25-at-21.22.18-2.jpeg\" \/>\n\t<meta property=\"og:image:width\" content=\"1600\" \/>\n\t<meta property=\"og:image:height\" content=\"900\" \/>\n\t<meta property=\"og:image:type\" content=\"image\/jpeg\" \/>\n<meta name=\"author\" content=\"Rodrigo Sgammini\" \/>\n<meta name=\"twitter:card\" content=\"summary_large_image\" \/>\n<meta name=\"twitter:label1\" content=\"Escrito por\" \/>\n\t<meta name=\"twitter:data1\" content=\"Rodrigo Sgammini\" \/>\n\t<meta name=\"twitter:label2\" content=\"Tiempo de lectura\" \/>\n\t<meta name=\"twitter:data2\" content=\"1 minuto\" \/>\n<script type=\"application\/ld+json\" class=\"yoast-schema-graph\">{\"@context\":\"https:\/\/schema.org\",\"@graph\":[{\"@type\":\"NewsArticle\",\"@id\":\"https:\/\/www.celttv.com.ar\/index.php\/2023\/06\/25\/importante-recibimiento-a-lara-vanoli-tras-su-participacion-en-elevate-championship-lationoamericana-realizado-en-chile\/#article\",\"isPartOf\":{\"@id\":\"https:\/\/www.celttv.com.ar\/index.php\/2023\/06\/25\/importante-recibimiento-a-lara-vanoli-tras-su-participacion-en-elevate-championship-lationoamericana-realizado-en-chile\/\"},\"author\":{\"name\":\"Rodrigo Sgammini\",\"@id\":\"https:\/\/www.celttv.com.ar\/#\/schema\/person\/495be51d064edd971d8457f8f64eb172\"},\"headline\":\"Importante recibimiento a Lara Vanoli tras su participaci\u00f3n en \u201cElevate Championship Latinoamericana\u201d realizado en Chile\",\"datePublished\":\"2023-06-26T00:34:58+00:00\",\"dateModified\":\"2023-06-26T00:35:25+00:00\",\"mainEntityOfPage\":{\"@id\":\"https:\/\/www.celttv.com.ar\/index.php\/2023\/06\/25\/importante-recibimiento-a-lara-vanoli-tras-su-participacion-en-elevate-championship-lationoamericana-realizado-en-chile\/\"},\"wordCount\":235,\"publisher\":{\"@id\":\"https:\/\/www.celttv.com.ar\/#organization\"},\"articleSection\":[\"Magazine Sport\"],\"inLanguage\":\"es\"},{\"@type\":\"WebPage\",\"@id\":\"https:\/\/www.celttv.com.ar\/index.php\/2023\/06\/25\/importante-recibimiento-a-lara-vanoli-tras-su-participacion-en-elevate-championship-lationoamericana-realizado-en-chile\/\",\"url\":\"https:\/\/www.celttv.com.ar\/index.php\/2023\/06\/25\/importante-recibimiento-a-lara-vanoli-tras-su-participacion-en-elevate-championship-lationoamericana-realizado-en-chile\/\",\"name\":\"Importante recibimiento a Lara Vanoli tras su participaci\u00f3n en \u201cElevate Championship Latinoamericana\u201d realizado en Chile - CELTTV\",\"isPartOf\":{\"@id\":\"https:\/\/www.celttv.com.ar\/#website\"},\"datePublished\":\"2023-06-26T00:34:58+00:00\",\"dateModified\":\"2023-06-26T00:35:25+00:00\",\"description\":\"Sitio web de noticias de la localidad de Tornquist, provincia de Buenos Aires, Rep\u00fablica Argentina. Contenido propio originado por periodistas de CELTTV, el canal de TV local de la Cooperativa El\u00e9ctrica de Tornquist. Turismo, Pol\u00edtica, Sociedad, Deporte, Cultura y todo el contenido de inter\u00e9s general que la gente del pueblo y la regi\u00f3n debe conocer.\",\"breadcrumb\":{\"@id\":\"https:\/\/www.celttv.com.ar\/index.php\/2023\/06\/25\/importante-recibimiento-a-lara-vanoli-tras-su-participacion-en-elevate-championship-lationoamericana-realizado-en-chile\/#breadcrumb\"},\"inLanguage\":\"es\",\"potentialAction\":[{\"@type\":\"ReadAction\",\"target\":[\"https:\/\/www.celttv.com.ar\/index.php\/2023\/06\/25\/importante-recibimiento-a-lara-vanoli-tras-su-participacion-en-elevate-championship-lationoamericana-realizado-en-chile\/\"]}]},{\"@type\":\"BreadcrumbList\",\"@id\":\"https:\/\/www.celttv.com.ar\/index.php\/2023\/06\/25\/importante-recibimiento-a-lara-vanoli-tras-su-participacion-en-elevate-championship-lationoamericana-realizado-en-chile\/#breadcrumb\",\"itemListElement\":[{\"@type\":\"ListItem\",\"position\":1,\"name\":\"Inicio\",\"item\":\"https:\/\/www.celttv.com.ar\/\"},{\"@type\":\"ListItem\",\"position\":2,\"name\":\"Importante recibimiento a Lara Vanoli tras su participaci\u00f3n en \u201cElevate Championship Latinoamericana\u201d realizado en Chile\"}]},{\"@type\":\"WebSite\",\"@id\":\"https:\/\/www.celttv.com.ar\/#website\",\"url\":\"https:\/\/www.celttv.com.ar\/\",\"name\":\"CELTTV\",\"description\":\"Cooperativa El\u00e9ctrica de Tornquist\",\"publisher\":{\"@id\":\"https:\/\/www.celttv.com.ar\/#organization\"},\"potentialAction\":[{\"@type\":\"SearchAction\",\"target\":{\"@type\":\"EntryPoint\",\"urlTemplate\":\"https:\/\/www.celttv.com.ar\/?s={search_term_string}\"},\"query-input\":\"required name=search_term_string\"}],\"inLanguage\":\"es\"},{\"@type\":\"Organization\",\"@id\":\"https:\/\/www.celttv.com.ar\/#organization\",\"name\":\"CELTTV\",\"url\":\"https:\/\/www.celttv.com.ar\/\",\"sameAs\":[\"https:\/\/www.youtube.com\/channel\/UCz_oIt8Hig64Ub-EmcNPIhg\",\"https:\/\/www.facebook.com\/celtTV\/\"],\"logo\":{\"@type\":\"ImageObject\",\"inLanguage\":\"es\",\"@id\":\"https:\/\/www.celttv.com.ar\/#\/schema\/logo\/image\/\",\"url\":\"http:\/\/www.celttv.com.ar\/wp-content\/uploads\/2022\/08\/logo-1.png\",\"contentUrl\":\"http:\/\/www.celttv.com.ar\/wp-content\/uploads\/2022\/08\/logo-1.png\",\"width\":461,\"height\":159,\"caption\":\"CELTTV\"},\"image\":{\"@id\":\"https:\/\/www.celttv.com.ar\/#\/schema\/logo\/image\/\"}},{\"@type\":\"Person\",\"@id\":\"https:\/\/www.celttv.com.ar\/#\/schema\/person\/495be51d064edd971d8457f8f64eb172\",\"name\":\"Rodrigo Sgammini\",\"image\":{\"@type\":\"ImageObject\",\"inLanguage\":\"es\",\"@id\":\"https:\/\/www.celttv.com.ar\/#\/schema\/person\/image\/\",\"url\":\"https:\/\/secure.gravatar.com\/avatar\/68f7848d42735e7a9276b47cd6e606327d88f521c51ae39d88888b76902e2987?s=96&d=mm&r=g\",\"contentUrl\":\"https:\/\/secure.gravatar.com\/avatar\/68f7848d42735e7a9276b47cd6e606327d88f521c51ae39d88888b76902e2987?s=96&d=mm&r=g\",\"caption\":\"Rodrigo Sgammini\"}}]}<\/script>\n<!-- \/ Yoast SEO plugin. -->","yoast_head_json":{"title":"Importante recibimiento a Lara Vanoli tras su participaci\u00f3n en \u201cElevate Championship Latinoamericana\u201d realizado en Chile - CELTTV","description":"Sitio web de noticias de la localidad de Tornquist, provincia de Buenos Aires, Rep\u00fablica Argentina. Contenido propio originado por periodistas de CELTTV, el canal de TV local de la Cooperativa El\u00e9ctrica de Tornquist. Turismo, Pol\u00edtica, Sociedad, Deporte, Cultura y todo el contenido de inter\u00e9s general que la gente del pueblo y la regi\u00f3n debe conocer.","robots":{"index":"index","follow":"follow","max-snippet":"max-snippet:-1","max-image-preview":"max-image-preview:large","max-video-preview":"max-video-preview:-1"},"canonical":"https:\/\/www.celttv.com.ar\/index.php\/2023\/06\/25\/importante-recibimiento-a-lara-vanoli-tras-su-participacion-en-elevate-championship-lationoamericana-realizado-en-chile\/","og_locale":"es_ES","og_type":"article","og_title":"Importante recibimiento a Lara Vanoli tras su participaci\u00f3n en \u201cElevate Championship Latinoamericana\u201d realizado en Chile - CELTTV","og_description":"Sitio web de noticias de la localidad de Tornquist, provincia de Buenos Aires, Rep\u00fablica Argentina. Contenido propio originado por periodistas de CELTTV, el canal de TV local de la Cooperativa El\u00e9ctrica de Tornquist. Turismo, Pol\u00edtica, Sociedad, Deporte, Cultura y todo el contenido de inter\u00e9s general que la gente del pueblo y la regi\u00f3n debe conocer.","og_url":"https:\/\/www.celttv.com.ar\/index.php\/2023\/06\/25\/importante-recibimiento-a-lara-vanoli-tras-su-participacion-en-elevate-championship-lationoamericana-realizado-en-chile\/","og_site_name":"CELTTV","article_publisher":"https:\/\/www.facebook.com\/celtTV\/","article_published_time":"2023-06-26T00:34:58+00:00","article_modified_time":"2023-06-26T00:35:25+00:00","og_image":[{"width":1600,"height":900,"url":"https:\/\/www.celttv.com.ar\/wp-content\/uploads\/2023\/06\/WhatsApp-Image-2023-06-25-at-21.22.18-2.jpeg","type":"image\/jpeg"}],"author":"Rodrigo Sgammini","twitter_card":"summary_large_image","twitter_misc":{"Escrito por":"Rodrigo Sgammini","Tiempo de lectura":"1 minuto"},"schema":{"@context":"https:\/\/schema.org","@graph":[{"@type":"NewsArticle","@id":"https:\/\/www.celttv.com.ar\/index.php\/2023\/06\/25\/importante-recibimiento-a-lara-vanoli-tras-su-participacion-en-elevate-championship-lationoamericana-realizado-en-chile\/#article","isPartOf":{"@id":"https:\/\/www.celttv.com.ar\/index.php\/2023\/06\/25\/importante-recibimiento-a-lara-vanoli-tras-su-participacion-en-elevate-championship-lationoamericana-realizado-en-chile\/"},"author":{"name":"Rodrigo Sgammini","@id":"https:\/\/www.celttv.com.ar\/#\/schema\/person\/495be51d064edd971d8457f8f64eb172"},"headline":"Importante recibimiento a Lara Vanoli tras su participaci\u00f3n en \u201cElevate Championship Latinoamericana\u201d realizado en Chile","datePublished":"2023-06-26T00:34:58+00:00","dateModified":"2023-06-26T00:35:25+00:00","mainEntityOfPage":{"@id":"https:\/\/www.celttv.com.ar\/index.php\/2023\/06\/25\/importante-recibimiento-a-lara-vanoli-tras-su-participacion-en-elevate-championship-lationoamericana-realizado-en-chile\/"},"wordCount":235,"publisher":{"@id":"https:\/\/www.celttv.com.ar\/#organization"},"articleSection":["Magazine Sport"],"inLanguage":"es"},{"@type":"WebPage","@id":"https:\/\/www.celttv.com.ar\/index.php\/2023\/06\/25\/importante-recibimiento-a-lara-vanoli-tras-su-participacion-en-elevate-championship-lationoamericana-realizado-en-chile\/","url":"https:\/\/www.celttv.com.ar\/index.php\/2023\/06\/25\/importante-recibimiento-a-lara-vanoli-tras-su-participacion-en-elevate-championship-lationoamericana-realizado-en-chile\/","name":"Importante recibimiento a Lara Vanoli tras su participaci\u00f3n en \u201cElevate Championship Latinoamericana\u201d realizado en Chile - CELTTV","isPartOf":{"@id":"https:\/\/www.celttv.com.ar\/#website"},"datePublished":"2023-06-26T00:34:58+00:00","dateModified":"2023-06-26T00:35:25+00:00","description":"Sitio web de noticias de la localidad de Tornquist, provincia de Buenos Aires, Rep\u00fablica Argentina. Contenido propio originado por periodistas de CELTTV, el canal de TV local de la Cooperativa El\u00e9ctrica de Tornquist. Turismo, Pol\u00edtica, Sociedad, Deporte, Cultura y todo el contenido de inter\u00e9s general que la gente del pueblo y la regi\u00f3n debe conocer.","breadcrumb":{"@id":"https:\/\/www.celttv.com.ar\/index.php\/2023\/06\/25\/importante-recibimiento-a-lara-vanoli-tras-su-participacion-en-elevate-championship-lationoamericana-realizado-en-chile\/#breadcrumb"},"inLanguage":"es","potentialAction":[{"@type":"ReadAction","target":["https:\/\/www.celttv.com.ar\/index.php\/2023\/06\/25\/importante-recibimiento-a-lara-vanoli-tras-su-participacion-en-elevate-championship-lationoamericana-realizado-en-chile\/"]}]},{"@type":"BreadcrumbList","@id":"https:\/\/www.celttv.com.ar\/index.php\/2023\/06\/25\/importante-recibimiento-a-lara-vanoli-tras-su-participacion-en-elevate-championship-lationoamericana-realizado-en-chile\/#breadcrumb","itemListElement":[{"@type":"ListItem","position":1,"name":"Inicio","item":"https:\/\/www.celttv.com.ar\/"},{"@type":"ListItem","position":2,"name":"Importante recibimiento a Lara Vanoli tras su participaci\u00f3n en \u201cElevate Championship Latinoamericana\u201d realizado en Chile"}]},{"@type":"WebSite","@id":"https:\/\/www.celttv.com.ar\/#website","url":"https:\/\/www.celttv.com.ar\/","name":"CELTTV","description":"Cooperativa El\u00e9ctrica de Tornquist","publisher":{"@id":"https:\/\/www.celttv.com.ar\/#organization"},"potentialAction":[{"@type":"SearchAction","target":{"@type":"EntryPoint","urlTemplate":"https:\/\/www.celttv.com.ar\/?s={search_term_string}"},"query-input":"required name=search_term_string"}],"inLanguage":"es"},{"@type":"Organization","@id":"https:\/\/www.celttv.com.ar\/#organization","name":"CELTTV","url":"https:\/\/www.celttv.com.ar\/","sameAs":["https:\/\/www.youtube.com\/channel\/UCz_oIt8Hig64Ub-EmcNPIhg","https:\/\/www.facebook.com\/celtTV\/"],"logo":{"@type":"ImageObject","inLanguage":"es","@id":"https:\/\/www.celttv.com.ar\/#\/schema\/logo\/image\/","url":"http:\/\/www.celttv.com.ar\/wp-content\/uploads\/2022\/08\/logo-1.png","contentUrl":"http:\/\/www.celttv.com.ar\/wp-content\/uploads\/2022\/08\/logo-1.png","width":461,"height":159,"caption":"CELTTV"},"image":{"@id":"https:\/\/www.celttv.com.ar\/#\/schema\/logo\/image\/"}},{"@type":"Person","@id":"https:\/\/www.celttv.com.ar\/#\/schema\/person\/495be51d064edd971d8457f8f64eb172","name":"Rodrigo Sgammini","image":{"@type":"ImageObject","inLanguage":"es","@id":"https:\/\/www.celttv.com.ar\/#\/schema\/person\/image\/","url":"https:\/\/secure.gravatar.com\/avatar\/68f7848d42735e7a9276b47cd6e606327d88f521c51ae39d88888b76902e2987?s=96&d=mm&r=g","contentUrl":"https:\/\/secure.gravatar.com\/avatar\/68f7848d42735e7a9276b47cd6e606327d88f521c51ae39d88888b76902e2987?s=96&d=mm&r=g","caption":"Rodrigo Sgammini"}}]}},"_links":{"self":[{"href":"https:\/\/www.celttv.com.ar\/index.php\/wp-json\/wp\/v2\/posts\/77154","targetHints":{"allow":["GET"]}}],"collection":[{"href":"https:\/\/www.celttv.com.ar\/index.php\/wp-json\/wp\/v2\/posts"}],"about":[{"href":"https:\/\/www.celttv.com.ar\/index.php\/wp-json\/wp\/v2\/types\/post"}],"author":[{"embeddable":true,"href":"https:\/\/www.celttv.com.ar\/index.php\/wp-json\/wp\/v2\/users\/3"}],"replies":[{"embeddable":true,"href":"https:\/\/www.celttv.com.ar\/index.php\/wp-json\/wp\/v2\/comments?post=77154"}],"version-history":[{"count":2,"href":"https:\/\/www.celttv.com.ar\/index.php\/wp-json\/wp\/v2\/posts\/77154\/revisions"}],"predecessor-version":[{"id":77167,"href":"https:\/\/www.celttv.com.ar\/index.php\/wp-json\/wp\/v2\/posts\/77154\/revisions\/77167"}],"wp:featuredmedia":[{"embeddable":true,"href":"https:\/\/www.celttv.com.ar\/index.php\/wp-json\/wp\/v2\/media\/77157"}],"wp:attachment":[{"href":"https:\/\/www.celttv.com.ar\/index.php\/wp-json\/wp\/v2\/media?parent=77154"}],"wp:term":[{"taxonomy":"category","embeddable":true,"href":"https:\/\/www.celttv.com.ar\/index.php\/wp-json\/wp\/v2\/categories?post=77154"},{"taxonomy":"post_tag","embeddable":true,"href":"https:\/\/www.celttv.com.ar\/index.php\/wp-json\/wp\/v2\/tags?post=77154"}],"curies":[{"name":"wp","href":"https:\/\/api.w.org\/{rel}","templated":true}]}}