{"id":77178,"date":"2023-06-26T18:52:02","date_gmt":"2023-06-26T21:52:02","guid":{"rendered":"http:\/\/www.celttv.com.ar\/?p=77178"},"modified":"2023-06-26T18:52:02","modified_gmt":"2023-06-26T21:52:02","slug":"juegos-bonaerenses-se-desarrollo-la-etapa-municipal-de-las-disciplinas-de-cultura","status":"publish","type":"post","link":"https:\/\/www.celttv.com.ar\/index.php\/2023\/06\/26\/juegos-bonaerenses-se-desarrollo-la-etapa-municipal-de-las-disciplinas-de-cultura\/","title":{"rendered":"Juegos Bonaerenses: Se desarroll\u00f3 la Etapa Municipal de las disciplinas de Cultura"},"content":{"rendered":"<p>Con una importante participaci\u00f3n en cada una de las actividades y asistentes de todas las localidades del distrito, el \u00faltimo viernes se desarroll\u00f3 la Etapa Municipal de Cultura de los Juegos Bonaerenses.<br \/>\nEl Teatro Municipal, la Biblioteca Popular \u2018Ernesto Tornquist\u2019 y la sede del Sindicato de Trabajadores municipales fueron los escenarios de la jornada, que clasific\u00f3 a diversos participantes a la etapa Regional.<br \/>\nA continuaci\u00f3n, los ganadores:<br \/>\n<strong>Danzas Folkloricas<\/strong><br \/>\nAdultos &#8211; Susana L\u00f3pez y Carlos Porsel<br \/>\nSub 15 &#8211; Luisina Mu\u00f1oz y Brisa Herrera<br \/>\nSub 18 &#8211; Morena Caballin y Tiziana Oro\u00f1o<br \/>\n<strong>Malambo<\/strong><br \/>\nSube 15 &#8211; Dante Villareal<br \/>\nSub 18 &#8211; Iara Parotti<br \/>\n<strong>Solista vocal<\/strong><br \/>\nAdultos<br \/>\n1er puesto &#8211; Carlos Porsel<br \/>\n2do puesto &#8211; Andrea Pagola<br \/>\n3er puesto &#8211; Marita Sanhueza<br \/>\n<strong>Juvenil<\/strong><br \/>\nSub 18 &#8211; Juan Ignacio Urbina<br \/>\nUniversitarios &#8211; Mar\u00eda Luj\u00e1n Hern\u00e1ndez<br \/>\nPCD &#8211; Jonathan Esmoli<br \/>\n<strong>Tango Adultos<\/strong>: Laura Zylbersztejm y Jorge Calolik<\/p>\n<p><strong>Conjunto Musical Rock:<\/strong> Mateo Marcolini, Juan Agust\u00edn Herrera, Maia masa, Leandro barrios, Alma Urriaga<\/p>\n<p><strong>Conjunto musical cumbia<\/strong><br \/>\n1\u00ba puesto &#8211; &#8220;Lo que pinte&#8221;: Alma Calabrese, Abril Cable, Clara Nori, Enzo Vigil y Yair Aguado Gonz\u00e1lez;<br \/>\n2\u00ba puesto &#8211; &#8220;Las Sinve&#8221;: Julia Ladirat, Valentina Pintos, Pasquare Telma, Alanis Bravo y Martina Rodr\u00edguez.<\/p>\n<p><strong>Cocineros Bonaerenses<\/strong><br \/>\nSub 15 plato principal: Valentina Pintos<br \/>\nSub 18 plato principal: Josefina Haspert<br \/>\nSub 15 postre: 1\u00ba puesto: Emma Graff, 2\u00ba puesto: Lucia Ramirez Gronda<\/p>\n<p><strong>Artes pl\u00e1sticas<\/strong><br \/>\nDibujo sub 15: 1\u00ba puesto Luzmila Luj\u00e1n Gonzalez; 2\u00ba puesto Tomas Ortiz; 3\u00ba puesto Sol Quiroga.<br \/>\nDibujo Sub 18: 1\u00ba puesto Roc\u00edo Grinchisky; 2\u00ba puesto Sofia Hoer;<br \/>\nDibujo Universitario: Milagros Echegoyen;<br \/>\nDibujo Adultos: Elsa Rosa Riveros;<br \/>\nDibujo PCD Gabriel Burgu\u00e9s.<br \/>\nPintura sub 15: \u00c1mbar Risso<br \/>\nPintura sub 18: Giovanna Marcolini<br \/>\nPintura Universitario: Milagros Echegoyen<br \/>\nPintura Adultos: Elsa Rosa Riveros<br \/>\nPintura PCD: Gabriel Burges<br \/>\nMural: Lara Martin y Teo Casanova<\/p>\n<p><strong>Literatura<\/strong><br \/>\nCuento sub 15: 1\u00ba puesto Iara Esp\u00edndola P\u00e9rez, 2\u00ba puesto Janna Bel\u00e9n Garre, 3\u00ba puesto Macarena Rosas.<br \/>\nCuento sub 18: 1\u00ba puesto Roc\u00edo Grinchisky, 2\u00ba puesto Axel Santiago Iba\u00f1ez Sandoval.<br \/>\nCuento adultos: Stella Mar\u00eda Mendez Villafa\u00f1e<br \/>\nPoes\u00eda sub 15: Janna Bel\u00e9n Garr\u00e9<br \/>\nPoes\u00eda Sub 18: Julieta Ortiz<br \/>\nPoes\u00eda Adultos: 1\u00ba puesto Andrea P\u00e1gola<\/p>\n<p><strong>Teatro<\/strong><br \/>\nJuvenil: 1er puesto &#8220;Nuestra versi\u00f3n de Macbeth&#8221; &#8211; Simona Martinez Moroncini, Delfina Raising, Emilia Ru y Victorio Ferrari.<br \/>\nTeatro Adultos: Maria Rosa Marasca, Stella Mar\u00eda Sepulveda;<br \/>\nArte Circense &#8220;A Gustas&#8221;: Malena Herrada y Maria Agustina Pelizza;<br \/>\nStand UP: Eloisa Flores Polac;<br \/>\nNarraci\u00f3n Oral PCD: Milagros Santa;<br \/>\nDanza Teatro: Claudia Macari, Ruben Polac, Gravilla Mafioli y Hugo Merkel.<\/p>\n<p><strong>Fotograf\u00eda<\/strong><br \/>\nFotografia categor\u00eda juvenil \u00danica: 1\u00ba puesto Carolina Di Biase<br \/>\nFotograf\u00eda Adultos mayores: 1\u00ba puesto Mabel Teira<br \/>\nFotograf\u00eda PCD: Gabriel Burgu\u00e9s<\/p>\n<p><strong>Video minuto<\/strong><br \/>\nJuvenil: 1\u00ba puesto Julieta Ortiz; 2\u00ba puesto Clara Rinc\u00f3n Giampieri<br \/>\nUniversitario: Agust\u00edn Ciancia<br \/>\n<strong>Free Style<\/strong><br \/>\nSub 15: Simon Garrieri<br \/>\nSub 18: Lucas Gomez Adorno<\/p>\n<p>Objeto tridimensional Juvenil: Dalma Dinotolo<br \/>\nObjeto tridimensional Universitario: Gianella Lambichi<br \/>\nBuscando a la mascota: Uriel de la Paz Alvarez<\/p>\n<p><img loading=\"lazy\" decoding=\"async\" class=\"alignnone wp-image-77179 size-full\" src=\"http:\/\/www.celttv.com.ar\/wp-content\/uploads\/2023\/06\/Cultura-Etap.-Municipal-1.jpeg\" alt=\"\" width=\"1024\" height=\"768\" srcset=\"https:\/\/www.celttv.com.ar\/wp-content\/uploads\/2023\/06\/Cultura-Etap.-Municipal-1.jpeg 1024w, https:\/\/www.celttv.com.ar\/wp-content\/uploads\/2023\/06\/Cultura-Etap.-Municipal-1-300x225.jpeg 300w, https:\/\/www.celttv.com.ar\/wp-content\/uploads\/2023\/06\/Cultura-Etap.-Municipal-1-768x576.jpeg 768w, https:\/\/www.celttv.com.ar\/wp-content\/uploads\/2023\/06\/Cultura-Etap.-Municipal-1-750x563.jpeg 750w\" sizes=\"auto, (max-width: 1024px) 100vw, 1024px\" \/> <img loading=\"lazy\" decoding=\"async\" class=\"alignnone wp-image-77180 size-large\" src=\"http:\/\/www.celttv.com.ar\/wp-content\/uploads\/2023\/06\/Cultura-Etap.-Municipal-2-1024x1024.jpeg\" alt=\"\" width=\"1024\" height=\"1024\" srcset=\"https:\/\/www.celttv.com.ar\/wp-content\/uploads\/2023\/06\/Cultura-Etap.-Municipal-2-1024x1024.jpeg 1024w, https:\/\/www.celttv.com.ar\/wp-content\/uploads\/2023\/06\/Cultura-Etap.-Municipal-2-300x300.jpeg 300w, https:\/\/www.celttv.com.ar\/wp-content\/uploads\/2023\/06\/Cultura-Etap.-Municipal-2-150x150.jpeg 150w, https:\/\/www.celttv.com.ar\/wp-content\/uploads\/2023\/06\/Cultura-Etap.-Municipal-2-768x768.jpeg 768w, https:\/\/www.celttv.com.ar\/wp-content\/uploads\/2023\/06\/Cultura-Etap.-Municipal-2-75x75.jpeg 75w, https:\/\/www.celttv.com.ar\/wp-content\/uploads\/2023\/06\/Cultura-Etap.-Municipal-2-750x750.jpeg 750w, https:\/\/www.celttv.com.ar\/wp-content\/uploads\/2023\/06\/Cultura-Etap.-Municipal-2-1140x1140.jpeg 1140w, https:\/\/www.celttv.com.ar\/wp-content\/uploads\/2023\/06\/Cultura-Etap.-Municipal-2.jpeg 1496w\" sizes=\"auto, (max-width: 1024px) 100vw, 1024px\" \/> <img loading=\"lazy\" decoding=\"async\" class=\"alignnone wp-image-77181 size-full\" src=\"http:\/\/www.celttv.com.ar\/wp-content\/uploads\/2023\/06\/Cultura-Etap.-Municipal-6.jpeg\" alt=\"\" width=\"1024\" height=\"768\" srcset=\"https:\/\/www.celttv.com.ar\/wp-content\/uploads\/2023\/06\/Cultura-Etap.-Municipal-6.jpeg 1024w, https:\/\/www.celttv.com.ar\/wp-content\/uploads\/2023\/06\/Cultura-Etap.-Municipal-6-300x225.jpeg 300w, https:\/\/www.celttv.com.ar\/wp-content\/uploads\/2023\/06\/Cultura-Etap.-Municipal-6-768x576.jpeg 768w, https:\/\/www.celttv.com.ar\/wp-content\/uploads\/2023\/06\/Cultura-Etap.-Municipal-6-750x563.jpeg 750w\" sizes=\"auto, (max-width: 1024px) 100vw, 1024px\" \/> <img loading=\"lazy\" decoding=\"async\" class=\"alignnone wp-image-77182 size-full\" src=\"http:\/\/www.celttv.com.ar\/wp-content\/uploads\/2023\/06\/Cultura-Etap.-Municipal-7.jpeg\" alt=\"\" width=\"1024\" height=\"768\" srcset=\"https:\/\/www.celttv.com.ar\/wp-content\/uploads\/2023\/06\/Cultura-Etap.-Municipal-7.jpeg 1024w, https:\/\/www.celttv.com.ar\/wp-content\/uploads\/2023\/06\/Cultura-Etap.-Municipal-7-300x225.jpeg 300w, https:\/\/www.celttv.com.ar\/wp-content\/uploads\/2023\/06\/Cultura-Etap.-Municipal-7-768x576.jpeg 768w, https:\/\/www.celttv.com.ar\/wp-content\/uploads\/2023\/06\/Cultura-Etap.-Municipal-7-750x563.jpeg 750w\" sizes=\"auto, (max-width: 1024px) 100vw, 1024px\" \/> <img loading=\"lazy\" decoding=\"async\" class=\"alignnone wp-image-77183 size-full\" src=\"http:\/\/www.celttv.com.ar\/wp-content\/uploads\/2023\/06\/Cultura-Etap.-Municipal-12.jpeg\" alt=\"\" width=\"1024\" height=\"768\" srcset=\"https:\/\/www.celttv.com.ar\/wp-content\/uploads\/2023\/06\/Cultura-Etap.-Municipal-12.jpeg 1024w, https:\/\/www.celttv.com.ar\/wp-content\/uploads\/2023\/06\/Cultura-Etap.-Municipal-12-300x225.jpeg 300w, https:\/\/www.celttv.com.ar\/wp-content\/uploads\/2023\/06\/Cultura-Etap.-Municipal-12-768x576.jpeg 768w, https:\/\/www.celttv.com.ar\/wp-content\/uploads\/2023\/06\/Cultura-Etap.-Municipal-12-750x563.jpeg 750w\" sizes=\"auto, (max-width: 1024px) 100vw, 1024px\" \/><\/p>\n","protected":false},"excerpt":{"rendered":"<p>Con una importante participaci\u00f3n en cada una de las actividades y asistentes de todas las localidades del distrito, el \u00faltimo viernes se desarroll\u00f3 la Etapa Municipal de Cultura de los Juegos Bonaerenses. El Teatro Municipal, la Biblioteca Popular \u2018Ernesto Tornquist\u2019 y la sede del Sindicato de Trabajadores municipales fueron los escenarios de la jornada, que [&hellip;]<\/p>\n","protected":false},"author":3,"featured_media":77182,"comment_status":"closed","ping_status":"closed","sticky":false,"template":"","format":"standard","meta":{"footnotes":""},"categories":[26],"tags":[],"class_list":["post-77178","post","type-post","status-publish","format-standard","has-post-thumbnail","hentry","category-culture"],"yoast_head":"<!-- This site is optimized with the Yoast SEO plugin v19.7.1 - https:\/\/yoast.com\/wordpress\/plugins\/seo\/ -->\n<title>Juegos Bonaerenses: Se desarroll\u00f3 la Etapa Municipal de las disciplinas de Cultura - CELTTV<\/title>\n<meta name=\"description\" content=\"Sitio web de noticias de la localidad de Tornquist, provincia de Buenos Aires, Rep\u00fablica Argentina. Contenido propio originado por periodistas de CELTTV, el canal de TV local de la Cooperativa El\u00e9ctrica de Tornquist. Turismo, Pol\u00edtica, Sociedad, Deporte, Cultura y todo el contenido de inter\u00e9s general que la gente del pueblo y la regi\u00f3n debe conocer.\" \/>\n<meta name=\"robots\" content=\"index, follow, max-snippet:-1, max-image-preview:large, max-video-preview:-1\" \/>\n<link rel=\"canonical\" href=\"https:\/\/www.celttv.com.ar\/index.php\/2023\/06\/26\/juegos-bonaerenses-se-desarrollo-la-etapa-municipal-de-las-disciplinas-de-cultura\/\" \/>\n<meta property=\"og:locale\" content=\"es_ES\" \/>\n<meta property=\"og:type\" content=\"article\" \/>\n<meta property=\"og:title\" content=\"Juegos Bonaerenses: Se desarroll\u00f3 la Etapa Municipal de las disciplinas de Cultura - CELTTV\" \/>\n<meta property=\"og:description\" content=\"Sitio web de noticias de la localidad de Tornquist, provincia de Buenos Aires, Rep\u00fablica Argentina. Contenido propio originado por periodistas de CELTTV, el canal de TV local de la Cooperativa El\u00e9ctrica de Tornquist. Turismo, Pol\u00edtica, Sociedad, Deporte, Cultura y todo el contenido de inter\u00e9s general que la gente del pueblo y la regi\u00f3n debe conocer.\" \/>\n<meta property=\"og:url\" content=\"https:\/\/www.celttv.com.ar\/index.php\/2023\/06\/26\/juegos-bonaerenses-se-desarrollo-la-etapa-municipal-de-las-disciplinas-de-cultura\/\" \/>\n<meta property=\"og:site_name\" content=\"CELTTV\" \/>\n<meta property=\"article:publisher\" content=\"https:\/\/www.facebook.com\/celtTV\/\" \/>\n<meta property=\"article:published_time\" content=\"2023-06-26T21:52:02+00:00\" \/>\n<meta property=\"og:image\" content=\"https:\/\/www.celttv.com.ar\/wp-content\/uploads\/2023\/06\/Cultura-Etap.-Municipal-7.jpeg\" \/>\n\t<meta property=\"og:image:width\" content=\"1024\" \/>\n\t<meta property=\"og:image:height\" content=\"768\" \/>\n\t<meta property=\"og:image:type\" content=\"image\/jpeg\" \/>\n<meta name=\"author\" content=\"Rodrigo Sgammini\" \/>\n<meta name=\"twitter:card\" content=\"summary_large_image\" \/>\n<meta name=\"twitter:label1\" content=\"Escrito por\" \/>\n\t<meta name=\"twitter:data1\" content=\"Rodrigo Sgammini\" \/>\n\t<meta name=\"twitter:label2\" content=\"Tiempo de lectura\" \/>\n\t<meta name=\"twitter:data2\" content=\"2 minutos\" \/>\n<script type=\"application\/ld+json\" class=\"yoast-schema-graph\">{\"@context\":\"https:\/\/schema.org\",\"@graph\":[{\"@type\":\"NewsArticle\",\"@id\":\"https:\/\/www.celttv.com.ar\/index.php\/2023\/06\/26\/juegos-bonaerenses-se-desarrollo-la-etapa-municipal-de-las-disciplinas-de-cultura\/#article\",\"isPartOf\":{\"@id\":\"https:\/\/www.celttv.com.ar\/index.php\/2023\/06\/26\/juegos-bonaerenses-se-desarrollo-la-etapa-municipal-de-las-disciplinas-de-cultura\/\"},\"author\":{\"name\":\"Rodrigo Sgammini\",\"@id\":\"https:\/\/www.celttv.com.ar\/#\/schema\/person\/495be51d064edd971d8457f8f64eb172\"},\"headline\":\"Juegos Bonaerenses: Se desarroll\u00f3 la Etapa Municipal de las disciplinas de Cultura\",\"datePublished\":\"2023-06-26T21:52:02+00:00\",\"dateModified\":\"2023-06-26T21:52:02+00:00\",\"mainEntityOfPage\":{\"@id\":\"https:\/\/www.celttv.com.ar\/index.php\/2023\/06\/26\/juegos-bonaerenses-se-desarrollo-la-etapa-municipal-de-las-disciplinas-de-cultura\/\"},\"wordCount\":482,\"publisher\":{\"@id\":\"https:\/\/www.celttv.com.ar\/#organization\"},\"articleSection\":[\"Culture\"],\"inLanguage\":\"es\"},{\"@type\":\"WebPage\",\"@id\":\"https:\/\/www.celttv.com.ar\/index.php\/2023\/06\/26\/juegos-bonaerenses-se-desarrollo-la-etapa-municipal-de-las-disciplinas-de-cultura\/\",\"url\":\"https:\/\/www.celttv.com.ar\/index.php\/2023\/06\/26\/juegos-bonaerenses-se-desarrollo-la-etapa-municipal-de-las-disciplinas-de-cultura\/\",\"name\":\"Juegos Bonaerenses: Se desarroll\u00f3 la Etapa Municipal de las disciplinas de Cultura - CELTTV\",\"isPartOf\":{\"@id\":\"https:\/\/www.celttv.com.ar\/#website\"},\"datePublished\":\"2023-06-26T21:52:02+00:00\",\"dateModified\":\"2023-06-26T21:52:02+00:00\",\"description\":\"Sitio web de noticias de la localidad de Tornquist, provincia de Buenos Aires, Rep\u00fablica Argentina. Contenido propio originado por periodistas de CELTTV, el canal de TV local de la Cooperativa El\u00e9ctrica de Tornquist. Turismo, Pol\u00edtica, Sociedad, Deporte, Cultura y todo el contenido de inter\u00e9s general que la gente del pueblo y la regi\u00f3n debe conocer.\",\"breadcrumb\":{\"@id\":\"https:\/\/www.celttv.com.ar\/index.php\/2023\/06\/26\/juegos-bonaerenses-se-desarrollo-la-etapa-municipal-de-las-disciplinas-de-cultura\/#breadcrumb\"},\"inLanguage\":\"es\",\"potentialAction\":[{\"@type\":\"ReadAction\",\"target\":[\"https:\/\/www.celttv.com.ar\/index.php\/2023\/06\/26\/juegos-bonaerenses-se-desarrollo-la-etapa-municipal-de-las-disciplinas-de-cultura\/\"]}]},{\"@type\":\"BreadcrumbList\",\"@id\":\"https:\/\/www.celttv.com.ar\/index.php\/2023\/06\/26\/juegos-bonaerenses-se-desarrollo-la-etapa-municipal-de-las-disciplinas-de-cultura\/#breadcrumb\",\"itemListElement\":[{\"@type\":\"ListItem\",\"position\":1,\"name\":\"Inicio\",\"item\":\"https:\/\/www.celttv.com.ar\/\"},{\"@type\":\"ListItem\",\"position\":2,\"name\":\"Juegos Bonaerenses: Se desarroll\u00f3 la Etapa Municipal de las disciplinas de Cultura\"}]},{\"@type\":\"WebSite\",\"@id\":\"https:\/\/www.celttv.com.ar\/#website\",\"url\":\"https:\/\/www.celttv.com.ar\/\",\"name\":\"CELTTV\",\"description\":\"Cooperativa El\u00e9ctrica de Tornquist\",\"publisher\":{\"@id\":\"https:\/\/www.celttv.com.ar\/#organization\"},\"potentialAction\":[{\"@type\":\"SearchAction\",\"target\":{\"@type\":\"EntryPoint\",\"urlTemplate\":\"https:\/\/www.celttv.com.ar\/?s={search_term_string}\"},\"query-input\":\"required name=search_term_string\"}],\"inLanguage\":\"es\"},{\"@type\":\"Organization\",\"@id\":\"https:\/\/www.celttv.com.ar\/#organization\",\"name\":\"CELTTV\",\"url\":\"https:\/\/www.celttv.com.ar\/\",\"sameAs\":[\"https:\/\/www.youtube.com\/channel\/UCz_oIt8Hig64Ub-EmcNPIhg\",\"https:\/\/www.facebook.com\/celtTV\/\"],\"logo\":{\"@type\":\"ImageObject\",\"inLanguage\":\"es\",\"@id\":\"https:\/\/www.celttv.com.ar\/#\/schema\/logo\/image\/\",\"url\":\"http:\/\/www.celttv.com.ar\/wp-content\/uploads\/2022\/08\/logo-1.png\",\"contentUrl\":\"http:\/\/www.celttv.com.ar\/wp-content\/uploads\/2022\/08\/logo-1.png\",\"width\":461,\"height\":159,\"caption\":\"CELTTV\"},\"image\":{\"@id\":\"https:\/\/www.celttv.com.ar\/#\/schema\/logo\/image\/\"}},{\"@type\":\"Person\",\"@id\":\"https:\/\/www.celttv.com.ar\/#\/schema\/person\/495be51d064edd971d8457f8f64eb172\",\"name\":\"Rodrigo Sgammini\",\"image\":{\"@type\":\"ImageObject\",\"inLanguage\":\"es\",\"@id\":\"https:\/\/www.celttv.com.ar\/#\/schema\/person\/image\/\",\"url\":\"https:\/\/secure.gravatar.com\/avatar\/68f7848d42735e7a9276b47cd6e606327d88f521c51ae39d88888b76902e2987?s=96&d=mm&r=g\",\"contentUrl\":\"https:\/\/secure.gravatar.com\/avatar\/68f7848d42735e7a9276b47cd6e606327d88f521c51ae39d88888b76902e2987?s=96&d=mm&r=g\",\"caption\":\"Rodrigo Sgammini\"}}]}<\/script>\n<!-- \/ Yoast SEO plugin. -->","yoast_head_json":{"title":"Juegos Bonaerenses: Se desarroll\u00f3 la Etapa Municipal de las disciplinas de Cultura - CELTTV","description":"Sitio web de noticias de la localidad de Tornquist, provincia de Buenos Aires, Rep\u00fablica Argentina. Contenido propio originado por periodistas de CELTTV, el canal de TV local de la Cooperativa El\u00e9ctrica de Tornquist. Turismo, Pol\u00edtica, Sociedad, Deporte, Cultura y todo el contenido de inter\u00e9s general que la gente del pueblo y la regi\u00f3n debe conocer.","robots":{"index":"index","follow":"follow","max-snippet":"max-snippet:-1","max-image-preview":"max-image-preview:large","max-video-preview":"max-video-preview:-1"},"canonical":"https:\/\/www.celttv.com.ar\/index.php\/2023\/06\/26\/juegos-bonaerenses-se-desarrollo-la-etapa-municipal-de-las-disciplinas-de-cultura\/","og_locale":"es_ES","og_type":"article","og_title":"Juegos Bonaerenses: Se desarroll\u00f3 la Etapa Municipal de las disciplinas de Cultura - CELTTV","og_description":"Sitio web de noticias de la localidad de Tornquist, provincia de Buenos Aires, Rep\u00fablica Argentina. Contenido propio originado por periodistas de CELTTV, el canal de TV local de la Cooperativa El\u00e9ctrica de Tornquist. Turismo, Pol\u00edtica, Sociedad, Deporte, Cultura y todo el contenido de inter\u00e9s general que la gente del pueblo y la regi\u00f3n debe conocer.","og_url":"https:\/\/www.celttv.com.ar\/index.php\/2023\/06\/26\/juegos-bonaerenses-se-desarrollo-la-etapa-municipal-de-las-disciplinas-de-cultura\/","og_site_name":"CELTTV","article_publisher":"https:\/\/www.facebook.com\/celtTV\/","article_published_time":"2023-06-26T21:52:02+00:00","og_image":[{"width":1024,"height":768,"url":"https:\/\/www.celttv.com.ar\/wp-content\/uploads\/2023\/06\/Cultura-Etap.-Municipal-7.jpeg","type":"image\/jpeg"}],"author":"Rodrigo Sgammini","twitter_card":"summary_large_image","twitter_misc":{"Escrito por":"Rodrigo Sgammini","Tiempo de lectura":"2 minutos"},"schema":{"@context":"https:\/\/schema.org","@graph":[{"@type":"NewsArticle","@id":"https:\/\/www.celttv.com.ar\/index.php\/2023\/06\/26\/juegos-bonaerenses-se-desarrollo-la-etapa-municipal-de-las-disciplinas-de-cultura\/#article","isPartOf":{"@id":"https:\/\/www.celttv.com.ar\/index.php\/2023\/06\/26\/juegos-bonaerenses-se-desarrollo-la-etapa-municipal-de-las-disciplinas-de-cultura\/"},"author":{"name":"Rodrigo Sgammini","@id":"https:\/\/www.celttv.com.ar\/#\/schema\/person\/495be51d064edd971d8457f8f64eb172"},"headline":"Juegos Bonaerenses: Se desarroll\u00f3 la Etapa Municipal de las disciplinas de Cultura","datePublished":"2023-06-26T21:52:02+00:00","dateModified":"2023-06-26T21:52:02+00:00","mainEntityOfPage":{"@id":"https:\/\/www.celttv.com.ar\/index.php\/2023\/06\/26\/juegos-bonaerenses-se-desarrollo-la-etapa-municipal-de-las-disciplinas-de-cultura\/"},"wordCount":482,"publisher":{"@id":"https:\/\/www.celttv.com.ar\/#organization"},"articleSection":["Culture"],"inLanguage":"es"},{"@type":"WebPage","@id":"https:\/\/www.celttv.com.ar\/index.php\/2023\/06\/26\/juegos-bonaerenses-se-desarrollo-la-etapa-municipal-de-las-disciplinas-de-cultura\/","url":"https:\/\/www.celttv.com.ar\/index.php\/2023\/06\/26\/juegos-bonaerenses-se-desarrollo-la-etapa-municipal-de-las-disciplinas-de-cultura\/","name":"Juegos Bonaerenses: Se desarroll\u00f3 la Etapa Municipal de las disciplinas de Cultura - CELTTV","isPartOf":{"@id":"https:\/\/www.celttv.com.ar\/#website"},"datePublished":"2023-06-26T21:52:02+00:00","dateModified":"2023-06-26T21:52:02+00:00","description":"Sitio web de noticias de la localidad de Tornquist, provincia de Buenos Aires, Rep\u00fablica Argentina. Contenido propio originado por periodistas de CELTTV, el canal de TV local de la Cooperativa El\u00e9ctrica de Tornquist. Turismo, Pol\u00edtica, Sociedad, Deporte, Cultura y todo el contenido de inter\u00e9s general que la gente del pueblo y la regi\u00f3n debe conocer.","breadcrumb":{"@id":"https:\/\/www.celttv.com.ar\/index.php\/2023\/06\/26\/juegos-bonaerenses-se-desarrollo-la-etapa-municipal-de-las-disciplinas-de-cultura\/#breadcrumb"},"inLanguage":"es","potentialAction":[{"@type":"ReadAction","target":["https:\/\/www.celttv.com.ar\/index.php\/2023\/06\/26\/juegos-bonaerenses-se-desarrollo-la-etapa-municipal-de-las-disciplinas-de-cultura\/"]}]},{"@type":"BreadcrumbList","@id":"https:\/\/www.celttv.com.ar\/index.php\/2023\/06\/26\/juegos-bonaerenses-se-desarrollo-la-etapa-municipal-de-las-disciplinas-de-cultura\/#breadcrumb","itemListElement":[{"@type":"ListItem","position":1,"name":"Inicio","item":"https:\/\/www.celttv.com.ar\/"},{"@type":"ListItem","position":2,"name":"Juegos Bonaerenses: Se desarroll\u00f3 la Etapa Municipal de las disciplinas de Cultura"}]},{"@type":"WebSite","@id":"https:\/\/www.celttv.com.ar\/#website","url":"https:\/\/www.celttv.com.ar\/","name":"CELTTV","description":"Cooperativa El\u00e9ctrica de Tornquist","publisher":{"@id":"https:\/\/www.celttv.com.ar\/#organization"},"potentialAction":[{"@type":"SearchAction","target":{"@type":"EntryPoint","urlTemplate":"https:\/\/www.celttv.com.ar\/?s={search_term_string}"},"query-input":"required name=search_term_string"}],"inLanguage":"es"},{"@type":"Organization","@id":"https:\/\/www.celttv.com.ar\/#organization","name":"CELTTV","url":"https:\/\/www.celttv.com.ar\/","sameAs":["https:\/\/www.youtube.com\/channel\/UCz_oIt8Hig64Ub-EmcNPIhg","https:\/\/www.facebook.com\/celtTV\/"],"logo":{"@type":"ImageObject","inLanguage":"es","@id":"https:\/\/www.celttv.com.ar\/#\/schema\/logo\/image\/","url":"http:\/\/www.celttv.com.ar\/wp-content\/uploads\/2022\/08\/logo-1.png","contentUrl":"http:\/\/www.celttv.com.ar\/wp-content\/uploads\/2022\/08\/logo-1.png","width":461,"height":159,"caption":"CELTTV"},"image":{"@id":"https:\/\/www.celttv.com.ar\/#\/schema\/logo\/image\/"}},{"@type":"Person","@id":"https:\/\/www.celttv.com.ar\/#\/schema\/person\/495be51d064edd971d8457f8f64eb172","name":"Rodrigo Sgammini","image":{"@type":"ImageObject","inLanguage":"es","@id":"https:\/\/www.celttv.com.ar\/#\/schema\/person\/image\/","url":"https:\/\/secure.gravatar.com\/avatar\/68f7848d42735e7a9276b47cd6e606327d88f521c51ae39d88888b76902e2987?s=96&d=mm&r=g","contentUrl":"https:\/\/secure.gravatar.com\/avatar\/68f7848d42735e7a9276b47cd6e606327d88f521c51ae39d88888b76902e2987?s=96&d=mm&r=g","caption":"Rodrigo Sgammini"}}]}},"_links":{"self":[{"href":"https:\/\/www.celttv.com.ar\/index.php\/wp-json\/wp\/v2\/posts\/77178","targetHints":{"allow":["GET"]}}],"collection":[{"href":"https:\/\/www.celttv.com.ar\/index.php\/wp-json\/wp\/v2\/posts"}],"about":[{"href":"https:\/\/www.celttv.com.ar\/index.php\/wp-json\/wp\/v2\/types\/post"}],"author":[{"embeddable":true,"href":"https:\/\/www.celttv.com.ar\/index.php\/wp-json\/wp\/v2\/users\/3"}],"replies":[{"embeddable":true,"href":"https:\/\/www.celttv.com.ar\/index.php\/wp-json\/wp\/v2\/comments?post=77178"}],"version-history":[{"count":1,"href":"https:\/\/www.celttv.com.ar\/index.php\/wp-json\/wp\/v2\/posts\/77178\/revisions"}],"predecessor-version":[{"id":77184,"href":"https:\/\/www.celttv.com.ar\/index.php\/wp-json\/wp\/v2\/posts\/77178\/revisions\/77184"}],"wp:featuredmedia":[{"embeddable":true,"href":"https:\/\/www.celttv.com.ar\/index.php\/wp-json\/wp\/v2\/media\/77182"}],"wp:attachment":[{"href":"https:\/\/www.celttv.com.ar\/index.php\/wp-json\/wp\/v2\/media?parent=77178"}],"wp:term":[{"taxonomy":"category","embeddable":true,"href":"https:\/\/www.celttv.com.ar\/index.php\/wp-json\/wp\/v2\/categories?post=77178"},{"taxonomy":"post_tag","embeddable":true,"href":"https:\/\/www.celttv.com.ar\/index.php\/wp-json\/wp\/v2\/tags?post=77178"}],"curies":[{"name":"wp","href":"https:\/\/api.w.org\/{rel}","templated":true}]}}