{"id":77278,"date":"2023-06-30T23:46:11","date_gmt":"2023-07-01T02:46:11","guid":{"rendered":"http:\/\/www.celttv.com.ar\/?p=77278"},"modified":"2023-07-01T00:01:00","modified_gmt":"2023-07-01T03:01:00","slug":"la-tornquistense-constanza-terruggi-gano-la-edicion-de-hoy-de-los-8-escalones-fotos-y-video","status":"publish","type":"post","link":"https:\/\/www.celttv.com.ar\/index.php\/2023\/06\/30\/la-tornquistense-constanza-terruggi-gano-la-edicion-de-hoy-de-los-8-escalones-fotos-y-video\/","title":{"rendered":"La tornquistense Constanza Terruggi gan\u00f3 la edici\u00f3n de hoy de Los 8 Escalones (fotos y video)"},"content":{"rendered":"<p>La tornquistense <strong>Constanza Terruggi<\/strong> gan\u00f3 la edici\u00f3n de hoy de Los 8 Escalones<\/p>\n<p>Con muy buena perfomance a lo largo del programa lleg\u00f3 a la final y con tres luces verdes de diferencia y se hizo acreedora a los 3 millones y el derecho a participar en el programa del pr\u00f3ximo lunes por 6 millones de pesos.<\/p>\n<p>La joven de 22 a\u00f1os, hace cinco que se radic\u00f3 en Buenos Aires y estudia Actuario, pero adem\u00e1s juega al Hockey en GEBA.<\/p>\n<p>En cada escal\u00f3n la joven de nuestra ciudad logr\u00f3 responder acertadamente a la mayor\u00eda de las preguntas mostrando su formaci\u00f3n en los distintos rubros pese al nerviosismo que significa de estar participando en uno de los programas mas vistos de la televisi\u00f3n argentina.<\/p>\n<p>&nbsp;<\/p>\n<p>En cada emisi\u00f3n de\u00a0<i>Los 8 escalones<\/i>\u00a0(El Trece),\u00a0<b>Guido Kaczka<\/b>\u00a0logra mantener a la audiencia activa frente al televisor con un<a href=\"https:\/\/www.infobae.com\/teleshow\/2023\/05\/10\/una-participante-sorprendio-a-guido-kaczka-y-el-no-supo-que-hacer-llamo-al-medico\/\" data-mrf-link=\"https:\/\/www.infobae.com\/teleshow\/2023\/05\/10\/una-participante-sorprendio-a-guido-kaczka-y-el-no-supo-que-hacer-llamo-al-medico\/\">\u00a0divertido juego de preguntas y respuestas<\/a>. En ese recorrido, el conductor indaga en las historias de vida de los participantes quienes buscan llevarse un importante premio en efectivo para cumplir con sus metas y sue\u00f1os. Y la f\u00f3rmula le da buenos dividendos, consagr\u00e1ndose a diario como lo m\u00e1s visto del canal y peleando punto a punto con la competencia.<\/p>\n<p>Fotos; Gentileza Lucia Ruppel y Horacio Marcolini<\/p>\n<p><img loading=\"lazy\" decoding=\"async\" class=\"alignnone wp-image-77279 size-full\" src=\"http:\/\/www.celttv.com.ar\/wp-content\/uploads\/2023\/06\/2f27aed5-fff9-46e2-97fc-ee2685cbf6db.jpg\" alt=\"\" width=\"720\" height=\"1280\" srcset=\"https:\/\/www.celttv.com.ar\/wp-content\/uploads\/2023\/06\/2f27aed5-fff9-46e2-97fc-ee2685cbf6db.jpg 720w, https:\/\/www.celttv.com.ar\/wp-content\/uploads\/2023\/06\/2f27aed5-fff9-46e2-97fc-ee2685cbf6db-169x300.jpg 169w, https:\/\/www.celttv.com.ar\/wp-content\/uploads\/2023\/06\/2f27aed5-fff9-46e2-97fc-ee2685cbf6db-576x1024.jpg 576w\" sizes=\"auto, (max-width: 720px) 100vw, 720px\" \/> <img loading=\"lazy\" decoding=\"async\" class=\"alignnone wp-image-77280 size-full\" src=\"http:\/\/www.celttv.com.ar\/wp-content\/uploads\/2023\/06\/0785da04-11f2-471a-b3b4-c244afd6a5ac.jpg\" alt=\"\" width=\"1280\" height=\"720\" srcset=\"https:\/\/www.celttv.com.ar\/wp-content\/uploads\/2023\/06\/0785da04-11f2-471a-b3b4-c244afd6a5ac.jpg 1280w, https:\/\/www.celttv.com.ar\/wp-content\/uploads\/2023\/06\/0785da04-11f2-471a-b3b4-c244afd6a5ac-300x169.jpg 300w, https:\/\/www.celttv.com.ar\/wp-content\/uploads\/2023\/06\/0785da04-11f2-471a-b3b4-c244afd6a5ac-1024x576.jpg 1024w, https:\/\/www.celttv.com.ar\/wp-content\/uploads\/2023\/06\/0785da04-11f2-471a-b3b4-c244afd6a5ac-768x432.jpg 768w, https:\/\/www.celttv.com.ar\/wp-content\/uploads\/2023\/06\/0785da04-11f2-471a-b3b4-c244afd6a5ac-750x422.jpg 750w, https:\/\/www.celttv.com.ar\/wp-content\/uploads\/2023\/06\/0785da04-11f2-471a-b3b4-c244afd6a5ac-1140x641.jpg 1140w\" sizes=\"auto, (max-width: 1280px) 100vw, 1280px\" \/> <img loading=\"lazy\" decoding=\"async\" class=\"alignnone wp-image-77281 size-full\" src=\"http:\/\/www.celttv.com.ar\/wp-content\/uploads\/2023\/06\/9912d63d-1bf6-4224-b1bc-9195898daeb3.jpg\" alt=\"\" width=\"720\" height=\"1280\" srcset=\"https:\/\/www.celttv.com.ar\/wp-content\/uploads\/2023\/06\/9912d63d-1bf6-4224-b1bc-9195898daeb3.jpg 720w, https:\/\/www.celttv.com.ar\/wp-content\/uploads\/2023\/06\/9912d63d-1bf6-4224-b1bc-9195898daeb3-169x300.jpg 169w, https:\/\/www.celttv.com.ar\/wp-content\/uploads\/2023\/06\/9912d63d-1bf6-4224-b1bc-9195898daeb3-576x1024.jpg 576w\" sizes=\"auto, (max-width: 720px) 100vw, 720px\" \/><\/p>\n<p><iframe loading=\"lazy\" title=\"Los 8 escalones de los 3 millones - Programa 30\/06\/23 - JURADO INVITADA: LUCIANA GEUNA\" width=\"500\" height=\"281\" src=\"https:\/\/www.youtube.com\/embed\/euaIWB3Rwtg?feature=oembed\" frameborder=\"0\" allow=\"accelerometer; autoplay; clipboard-write; encrypted-media; gyroscope; picture-in-picture; web-share\" referrerpolicy=\"strict-origin-when-cross-origin\" allowfullscreen><\/iframe><\/p>\n<p>&nbsp;<\/p>\n","protected":false},"excerpt":{"rendered":"<p>La tornquistense Constanza Terruggi gan\u00f3 la edici\u00f3n de hoy de Los 8 Escalones Con muy buena perfomance a lo largo del programa lleg\u00f3 a la final y con tres luces verdes de diferencia y se hizo acreedora a los 3 millones y el derecho a participar en el programa del pr\u00f3ximo lunes por 6 millones [&hellip;]<\/p>\n","protected":false},"author":5,"featured_media":77279,"comment_status":"closed","ping_status":"closed","sticky":false,"template":"","format":"standard","meta":{"footnotes":""},"categories":[51,26,52],"tags":[954],"class_list":["post-77278","post","type-post","status-publish","format-standard","has-post-thumbnail","hentry","category-comunidad","category-culture","category-destacadas","tag-la-tornquistense-constanza-terruggi-gano-la-edicion-de-hoy-de-los-8-escalones-fotos-y-video"],"yoast_head":"<!-- This site is optimized with the Yoast SEO plugin v19.7.1 - https:\/\/yoast.com\/wordpress\/plugins\/seo\/ -->\n<title>La tornquistense Constanza Terruggi gan\u00f3 la edici\u00f3n de hoy de Los 8 Escalones (fotos y video) - CELTTV<\/title>\n<meta name=\"description\" content=\"Sitio web de noticias de la localidad de Tornquist, provincia de Buenos Aires, Rep\u00fablica Argentina. Contenido propio originado por periodistas de CELTTV, el canal de TV local de la Cooperativa El\u00e9ctrica de Tornquist. Turismo, Pol\u00edtica, Sociedad, Deporte, Cultura y todo el contenido de inter\u00e9s general que la gente del pueblo y la regi\u00f3n debe conocer.\" \/>\n<meta name=\"robots\" content=\"index, follow, max-snippet:-1, max-image-preview:large, max-video-preview:-1\" \/>\n<link rel=\"canonical\" href=\"https:\/\/www.celttv.com.ar\/index.php\/2023\/06\/30\/la-tornquistense-constanza-terruggi-gano-la-edicion-de-hoy-de-los-8-escalones-fotos-y-video\/\" \/>\n<meta property=\"og:locale\" content=\"es_ES\" \/>\n<meta property=\"og:type\" content=\"article\" \/>\n<meta property=\"og:title\" content=\"La tornquistense Constanza Terruggi gan\u00f3 la edici\u00f3n de hoy de Los 8 Escalones (fotos y video) - CELTTV\" \/>\n<meta property=\"og:description\" content=\"Sitio web de noticias de la localidad de Tornquist, provincia de Buenos Aires, Rep\u00fablica Argentina. Contenido propio originado por periodistas de CELTTV, el canal de TV local de la Cooperativa El\u00e9ctrica de Tornquist. Turismo, Pol\u00edtica, Sociedad, Deporte, Cultura y todo el contenido de inter\u00e9s general que la gente del pueblo y la regi\u00f3n debe conocer.\" \/>\n<meta property=\"og:url\" content=\"https:\/\/www.celttv.com.ar\/index.php\/2023\/06\/30\/la-tornquistense-constanza-terruggi-gano-la-edicion-de-hoy-de-los-8-escalones-fotos-y-video\/\" \/>\n<meta property=\"og:site_name\" content=\"CELTTV\" \/>\n<meta property=\"article:publisher\" content=\"https:\/\/www.facebook.com\/celtTV\/\" \/>\n<meta property=\"article:published_time\" content=\"2023-07-01T02:46:11+00:00\" \/>\n<meta property=\"article:modified_time\" content=\"2023-07-01T03:01:00+00:00\" \/>\n<meta property=\"og:image\" content=\"https:\/\/www.celttv.com.ar\/wp-content\/uploads\/2023\/06\/2f27aed5-fff9-46e2-97fc-ee2685cbf6db.jpg\" \/>\n\t<meta property=\"og:image:width\" content=\"720\" \/>\n\t<meta property=\"og:image:height\" content=\"1280\" \/>\n\t<meta property=\"og:image:type\" content=\"image\/jpeg\" \/>\n<meta name=\"author\" content=\"Miguel Herrada\" \/>\n<meta name=\"twitter:card\" content=\"summary_large_image\" \/>\n<meta name=\"twitter:label1\" content=\"Escrito por\" \/>\n\t<meta name=\"twitter:data1\" content=\"Miguel Herrada\" \/>\n\t<meta name=\"twitter:label2\" content=\"Tiempo de lectura\" \/>\n\t<meta name=\"twitter:data2\" content=\"1 minuto\" \/>\n<script type=\"application\/ld+json\" class=\"yoast-schema-graph\">{\"@context\":\"https:\/\/schema.org\",\"@graph\":[{\"@type\":\"NewsArticle\",\"@id\":\"https:\/\/www.celttv.com.ar\/index.php\/2023\/06\/30\/la-tornquistense-constanza-terruggi-gano-la-edicion-de-hoy-de-los-8-escalones-fotos-y-video\/#article\",\"isPartOf\":{\"@id\":\"https:\/\/www.celttv.com.ar\/index.php\/2023\/06\/30\/la-tornquistense-constanza-terruggi-gano-la-edicion-de-hoy-de-los-8-escalones-fotos-y-video\/\"},\"author\":{\"name\":\"Miguel Herrada\",\"@id\":\"https:\/\/www.celttv.com.ar\/#\/schema\/person\/9059dc91dc7204ef4182cdb65225f07d\"},\"headline\":\"La tornquistense Constanza Terruggi gan\u00f3 la edici\u00f3n de hoy de Los 8 Escalones (fotos y video)\",\"datePublished\":\"2023-07-01T02:46:11+00:00\",\"dateModified\":\"2023-07-01T03:01:00+00:00\",\"mainEntityOfPage\":{\"@id\":\"https:\/\/www.celttv.com.ar\/index.php\/2023\/06\/30\/la-tornquistense-constanza-terruggi-gano-la-edicion-de-hoy-de-los-8-escalones-fotos-y-video\/\"},\"wordCount\":242,\"publisher\":{\"@id\":\"https:\/\/www.celttv.com.ar\/#organization\"},\"keywords\":[\"La tornquistense Constanza Terruggi gan\u00f3 la edici\u00f3n de hoy de Los 8 Escalones (fotos y video)\"],\"articleSection\":[\"Comunidad\",\"Culture\",\"Destacadas\"],\"inLanguage\":\"es\"},{\"@type\":\"WebPage\",\"@id\":\"https:\/\/www.celttv.com.ar\/index.php\/2023\/06\/30\/la-tornquistense-constanza-terruggi-gano-la-edicion-de-hoy-de-los-8-escalones-fotos-y-video\/\",\"url\":\"https:\/\/www.celttv.com.ar\/index.php\/2023\/06\/30\/la-tornquistense-constanza-terruggi-gano-la-edicion-de-hoy-de-los-8-escalones-fotos-y-video\/\",\"name\":\"La tornquistense Constanza Terruggi gan\u00f3 la edici\u00f3n de hoy de Los 8 Escalones (fotos y video) - CELTTV\",\"isPartOf\":{\"@id\":\"https:\/\/www.celttv.com.ar\/#website\"},\"datePublished\":\"2023-07-01T02:46:11+00:00\",\"dateModified\":\"2023-07-01T03:01:00+00:00\",\"description\":\"Sitio web de noticias de la localidad de Tornquist, provincia de Buenos Aires, Rep\u00fablica Argentina. Contenido propio originado por periodistas de CELTTV, el canal de TV local de la Cooperativa El\u00e9ctrica de Tornquist. Turismo, Pol\u00edtica, Sociedad, Deporte, Cultura y todo el contenido de inter\u00e9s general que la gente del pueblo y la regi\u00f3n debe conocer.\",\"breadcrumb\":{\"@id\":\"https:\/\/www.celttv.com.ar\/index.php\/2023\/06\/30\/la-tornquistense-constanza-terruggi-gano-la-edicion-de-hoy-de-los-8-escalones-fotos-y-video\/#breadcrumb\"},\"inLanguage\":\"es\",\"potentialAction\":[{\"@type\":\"ReadAction\",\"target\":[\"https:\/\/www.celttv.com.ar\/index.php\/2023\/06\/30\/la-tornquistense-constanza-terruggi-gano-la-edicion-de-hoy-de-los-8-escalones-fotos-y-video\/\"]}]},{\"@type\":\"BreadcrumbList\",\"@id\":\"https:\/\/www.celttv.com.ar\/index.php\/2023\/06\/30\/la-tornquistense-constanza-terruggi-gano-la-edicion-de-hoy-de-los-8-escalones-fotos-y-video\/#breadcrumb\",\"itemListElement\":[{\"@type\":\"ListItem\",\"position\":1,\"name\":\"Inicio\",\"item\":\"https:\/\/www.celttv.com.ar\/\"},{\"@type\":\"ListItem\",\"position\":2,\"name\":\"La tornquistense Constanza Terruggi gan\u00f3 la edici\u00f3n de hoy de Los 8 Escalones (fotos y video)\"}]},{\"@type\":\"WebSite\",\"@id\":\"https:\/\/www.celttv.com.ar\/#website\",\"url\":\"https:\/\/www.celttv.com.ar\/\",\"name\":\"CELTTV\",\"description\":\"Cooperativa El\u00e9ctrica de Tornquist\",\"publisher\":{\"@id\":\"https:\/\/www.celttv.com.ar\/#organization\"},\"potentialAction\":[{\"@type\":\"SearchAction\",\"target\":{\"@type\":\"EntryPoint\",\"urlTemplate\":\"https:\/\/www.celttv.com.ar\/?s={search_term_string}\"},\"query-input\":\"required name=search_term_string\"}],\"inLanguage\":\"es\"},{\"@type\":\"Organization\",\"@id\":\"https:\/\/www.celttv.com.ar\/#organization\",\"name\":\"CELTTV\",\"url\":\"https:\/\/www.celttv.com.ar\/\",\"sameAs\":[\"https:\/\/www.youtube.com\/channel\/UCz_oIt8Hig64Ub-EmcNPIhg\",\"https:\/\/www.facebook.com\/celtTV\/\"],\"logo\":{\"@type\":\"ImageObject\",\"inLanguage\":\"es\",\"@id\":\"https:\/\/www.celttv.com.ar\/#\/schema\/logo\/image\/\",\"url\":\"http:\/\/www.celttv.com.ar\/wp-content\/uploads\/2022\/08\/logo-1.png\",\"contentUrl\":\"http:\/\/www.celttv.com.ar\/wp-content\/uploads\/2022\/08\/logo-1.png\",\"width\":461,\"height\":159,\"caption\":\"CELTTV\"},\"image\":{\"@id\":\"https:\/\/www.celttv.com.ar\/#\/schema\/logo\/image\/\"}},{\"@type\":\"Person\",\"@id\":\"https:\/\/www.celttv.com.ar\/#\/schema\/person\/9059dc91dc7204ef4182cdb65225f07d\",\"name\":\"Miguel Herrada\",\"image\":{\"@type\":\"ImageObject\",\"inLanguage\":\"es\",\"@id\":\"https:\/\/www.celttv.com.ar\/#\/schema\/person\/image\/\",\"url\":\"https:\/\/secure.gravatar.com\/avatar\/67724d5b3c716623ffd76bec7e45841a442ac3b456e914dbba90b0fad2b8e0b1?s=96&d=mm&r=g\",\"contentUrl\":\"https:\/\/secure.gravatar.com\/avatar\/67724d5b3c716623ffd76bec7e45841a442ac3b456e914dbba90b0fad2b8e0b1?s=96&d=mm&r=g\",\"caption\":\"Miguel Herrada\"}}]}<\/script>\n<!-- \/ Yoast SEO plugin. -->","yoast_head_json":{"title":"La tornquistense Constanza Terruggi gan\u00f3 la edici\u00f3n de hoy de Los 8 Escalones (fotos y video) - CELTTV","description":"Sitio web de noticias de la localidad de Tornquist, provincia de Buenos Aires, Rep\u00fablica Argentina. Contenido propio originado por periodistas de CELTTV, el canal de TV local de la Cooperativa El\u00e9ctrica de Tornquist. Turismo, Pol\u00edtica, Sociedad, Deporte, Cultura y todo el contenido de inter\u00e9s general que la gente del pueblo y la regi\u00f3n debe conocer.","robots":{"index":"index","follow":"follow","max-snippet":"max-snippet:-1","max-image-preview":"max-image-preview:large","max-video-preview":"max-video-preview:-1"},"canonical":"https:\/\/www.celttv.com.ar\/index.php\/2023\/06\/30\/la-tornquistense-constanza-terruggi-gano-la-edicion-de-hoy-de-los-8-escalones-fotos-y-video\/","og_locale":"es_ES","og_type":"article","og_title":"La tornquistense Constanza Terruggi gan\u00f3 la edici\u00f3n de hoy de Los 8 Escalones (fotos y video) - CELTTV","og_description":"Sitio web de noticias de la localidad de Tornquist, provincia de Buenos Aires, Rep\u00fablica Argentina. Contenido propio originado por periodistas de CELTTV, el canal de TV local de la Cooperativa El\u00e9ctrica de Tornquist. Turismo, Pol\u00edtica, Sociedad, Deporte, Cultura y todo el contenido de inter\u00e9s general que la gente del pueblo y la regi\u00f3n debe conocer.","og_url":"https:\/\/www.celttv.com.ar\/index.php\/2023\/06\/30\/la-tornquistense-constanza-terruggi-gano-la-edicion-de-hoy-de-los-8-escalones-fotos-y-video\/","og_site_name":"CELTTV","article_publisher":"https:\/\/www.facebook.com\/celtTV\/","article_published_time":"2023-07-01T02:46:11+00:00","article_modified_time":"2023-07-01T03:01:00+00:00","og_image":[{"width":720,"height":1280,"url":"https:\/\/www.celttv.com.ar\/wp-content\/uploads\/2023\/06\/2f27aed5-fff9-46e2-97fc-ee2685cbf6db.jpg","type":"image\/jpeg"}],"author":"Miguel Herrada","twitter_card":"summary_large_image","twitter_misc":{"Escrito por":"Miguel Herrada","Tiempo de lectura":"1 minuto"},"schema":{"@context":"https:\/\/schema.org","@graph":[{"@type":"NewsArticle","@id":"https:\/\/www.celttv.com.ar\/index.php\/2023\/06\/30\/la-tornquistense-constanza-terruggi-gano-la-edicion-de-hoy-de-los-8-escalones-fotos-y-video\/#article","isPartOf":{"@id":"https:\/\/www.celttv.com.ar\/index.php\/2023\/06\/30\/la-tornquistense-constanza-terruggi-gano-la-edicion-de-hoy-de-los-8-escalones-fotos-y-video\/"},"author":{"name":"Miguel Herrada","@id":"https:\/\/www.celttv.com.ar\/#\/schema\/person\/9059dc91dc7204ef4182cdb65225f07d"},"headline":"La tornquistense Constanza Terruggi gan\u00f3 la edici\u00f3n de hoy de Los 8 Escalones (fotos y video)","datePublished":"2023-07-01T02:46:11+00:00","dateModified":"2023-07-01T03:01:00+00:00","mainEntityOfPage":{"@id":"https:\/\/www.celttv.com.ar\/index.php\/2023\/06\/30\/la-tornquistense-constanza-terruggi-gano-la-edicion-de-hoy-de-los-8-escalones-fotos-y-video\/"},"wordCount":242,"publisher":{"@id":"https:\/\/www.celttv.com.ar\/#organization"},"keywords":["La tornquistense Constanza Terruggi gan\u00f3 la edici\u00f3n de hoy de Los 8 Escalones (fotos y video)"],"articleSection":["Comunidad","Culture","Destacadas"],"inLanguage":"es"},{"@type":"WebPage","@id":"https:\/\/www.celttv.com.ar\/index.php\/2023\/06\/30\/la-tornquistense-constanza-terruggi-gano-la-edicion-de-hoy-de-los-8-escalones-fotos-y-video\/","url":"https:\/\/www.celttv.com.ar\/index.php\/2023\/06\/30\/la-tornquistense-constanza-terruggi-gano-la-edicion-de-hoy-de-los-8-escalones-fotos-y-video\/","name":"La tornquistense Constanza Terruggi gan\u00f3 la edici\u00f3n de hoy de Los 8 Escalones (fotos y video) - CELTTV","isPartOf":{"@id":"https:\/\/www.celttv.com.ar\/#website"},"datePublished":"2023-07-01T02:46:11+00:00","dateModified":"2023-07-01T03:01:00+00:00","description":"Sitio web de noticias de la localidad de Tornquist, provincia de Buenos Aires, Rep\u00fablica Argentina. Contenido propio originado por periodistas de CELTTV, el canal de TV local de la Cooperativa El\u00e9ctrica de Tornquist. Turismo, Pol\u00edtica, Sociedad, Deporte, Cultura y todo el contenido de inter\u00e9s general que la gente del pueblo y la regi\u00f3n debe conocer.","breadcrumb":{"@id":"https:\/\/www.celttv.com.ar\/index.php\/2023\/06\/30\/la-tornquistense-constanza-terruggi-gano-la-edicion-de-hoy-de-los-8-escalones-fotos-y-video\/#breadcrumb"},"inLanguage":"es","potentialAction":[{"@type":"ReadAction","target":["https:\/\/www.celttv.com.ar\/index.php\/2023\/06\/30\/la-tornquistense-constanza-terruggi-gano-la-edicion-de-hoy-de-los-8-escalones-fotos-y-video\/"]}]},{"@type":"BreadcrumbList","@id":"https:\/\/www.celttv.com.ar\/index.php\/2023\/06\/30\/la-tornquistense-constanza-terruggi-gano-la-edicion-de-hoy-de-los-8-escalones-fotos-y-video\/#breadcrumb","itemListElement":[{"@type":"ListItem","position":1,"name":"Inicio","item":"https:\/\/www.celttv.com.ar\/"},{"@type":"ListItem","position":2,"name":"La tornquistense Constanza Terruggi gan\u00f3 la edici\u00f3n de hoy de Los 8 Escalones (fotos y video)"}]},{"@type":"WebSite","@id":"https:\/\/www.celttv.com.ar\/#website","url":"https:\/\/www.celttv.com.ar\/","name":"CELTTV","description":"Cooperativa El\u00e9ctrica de Tornquist","publisher":{"@id":"https:\/\/www.celttv.com.ar\/#organization"},"potentialAction":[{"@type":"SearchAction","target":{"@type":"EntryPoint","urlTemplate":"https:\/\/www.celttv.com.ar\/?s={search_term_string}"},"query-input":"required name=search_term_string"}],"inLanguage":"es"},{"@type":"Organization","@id":"https:\/\/www.celttv.com.ar\/#organization","name":"CELTTV","url":"https:\/\/www.celttv.com.ar\/","sameAs":["https:\/\/www.youtube.com\/channel\/UCz_oIt8Hig64Ub-EmcNPIhg","https:\/\/www.facebook.com\/celtTV\/"],"logo":{"@type":"ImageObject","inLanguage":"es","@id":"https:\/\/www.celttv.com.ar\/#\/schema\/logo\/image\/","url":"http:\/\/www.celttv.com.ar\/wp-content\/uploads\/2022\/08\/logo-1.png","contentUrl":"http:\/\/www.celttv.com.ar\/wp-content\/uploads\/2022\/08\/logo-1.png","width":461,"height":159,"caption":"CELTTV"},"image":{"@id":"https:\/\/www.celttv.com.ar\/#\/schema\/logo\/image\/"}},{"@type":"Person","@id":"https:\/\/www.celttv.com.ar\/#\/schema\/person\/9059dc91dc7204ef4182cdb65225f07d","name":"Miguel Herrada","image":{"@type":"ImageObject","inLanguage":"es","@id":"https:\/\/www.celttv.com.ar\/#\/schema\/person\/image\/","url":"https:\/\/secure.gravatar.com\/avatar\/67724d5b3c716623ffd76bec7e45841a442ac3b456e914dbba90b0fad2b8e0b1?s=96&d=mm&r=g","contentUrl":"https:\/\/secure.gravatar.com\/avatar\/67724d5b3c716623ffd76bec7e45841a442ac3b456e914dbba90b0fad2b8e0b1?s=96&d=mm&r=g","caption":"Miguel Herrada"}}]}},"_links":{"self":[{"href":"https:\/\/www.celttv.com.ar\/index.php\/wp-json\/wp\/v2\/posts\/77278","targetHints":{"allow":["GET"]}}],"collection":[{"href":"https:\/\/www.celttv.com.ar\/index.php\/wp-json\/wp\/v2\/posts"}],"about":[{"href":"https:\/\/www.celttv.com.ar\/index.php\/wp-json\/wp\/v2\/types\/post"}],"author":[{"embeddable":true,"href":"https:\/\/www.celttv.com.ar\/index.php\/wp-json\/wp\/v2\/users\/5"}],"replies":[{"embeddable":true,"href":"https:\/\/www.celttv.com.ar\/index.php\/wp-json\/wp\/v2\/comments?post=77278"}],"version-history":[{"count":3,"href":"https:\/\/www.celttv.com.ar\/index.php\/wp-json\/wp\/v2\/posts\/77278\/revisions"}],"predecessor-version":[{"id":77284,"href":"https:\/\/www.celttv.com.ar\/index.php\/wp-json\/wp\/v2\/posts\/77278\/revisions\/77284"}],"wp:featuredmedia":[{"embeddable":true,"href":"https:\/\/www.celttv.com.ar\/index.php\/wp-json\/wp\/v2\/media\/77279"}],"wp:attachment":[{"href":"https:\/\/www.celttv.com.ar\/index.php\/wp-json\/wp\/v2\/media?parent=77278"}],"wp:term":[{"taxonomy":"category","embeddable":true,"href":"https:\/\/www.celttv.com.ar\/index.php\/wp-json\/wp\/v2\/categories?post=77278"},{"taxonomy":"post_tag","embeddable":true,"href":"https:\/\/www.celttv.com.ar\/index.php\/wp-json\/wp\/v2\/tags?post=77278"}],"curies":[{"name":"wp","href":"https:\/\/api.w.org\/{rel}","templated":true}]}}