{"id":77319,"date":"2023-07-03T18:55:51","date_gmt":"2023-07-03T21:55:51","guid":{"rendered":"http:\/\/www.celttv.com.ar\/?p=77319"},"modified":"2023-07-03T18:55:51","modified_gmt":"2023-07-03T21:55:51","slug":"hcd-la-asamblea-de-contribuyentes-aprobo-el-financiamiento-para-la-compra-de-dos-motoniveladoras-fotos-y-videos","status":"publish","type":"post","link":"https:\/\/www.celttv.com.ar\/index.php\/2023\/07\/03\/hcd-la-asamblea-de-contribuyentes-aprobo-el-financiamiento-para-la-compra-de-dos-motoniveladoras-fotos-y-videos\/","title":{"rendered":"HCD.: La Asamblea de Contribuyentes aprob\u00f3 el financiamiento para la compra de dos motoniveladoras (fotos y videos)"},"content":{"rendered":"<p>HONORABLE CONCEJO DELIBERANTE<\/p>\n<p>&nbsp;<\/p>\n<p><strong><u>INFORME DE LA\u00a0 ASAMBLEA DE CONCEJALES Y MAYORES CONTRIBUYENTES Y DE LA SESI\u00d3N EXTRAORDINARIA DE FECHA 30-06-23<\/u><\/strong><\/p>\n<p><strong><u>\u00a0<\/u><\/strong><\/p>\n<p>Convocados por Decreto N\u00ba 09\/23 el d\u00eda 30 de junio se realiz\u00f3 la Asamblea de Concejales y Mayores Contribuyentes para tratar el siguiente tema:<\/p>\n<p>&nbsp;<\/p>\n<ul>\n<li><u> <\/u><strong><u>N\u00ba 33\/23:<\/u><\/strong> &#8211; D.E. \u2013 Autoriza operaci\u00f3n de cr\u00e9dito y\/o financiamiento para la compra de dos motoniveladoras para la Comisi\u00f3n Asesora Vial Municipal.-<\/li>\n<\/ul>\n<p>&nbsp;<\/p>\n<p>Seg\u00fan el dictamen de la Asamblea de Concejales y Mayores Contribuyentes se aprueba por unanimidad la Ordenanza Definitiva N\u00ba 3654\/23 por la que se autoriza al Municipio de Tornquist, representado por el Intendente Municipal Sr. Sergio Fabi\u00e1n BORDONI, a concretar la operaci\u00f3n de cr\u00e9dito y\/o financiamiento hasta la suma de $ 98.360.000,00 (PESOS NOVENTA Y OCHO MILLONES TRESCIENTOS SESENTA MIL CON 00\/100), para la compra de dos (2) MOTONIVELADORA SEM 919 0 KM.<\/p>\n<p>El pr\u00e9stamo que se autoriza a contraer estar\u00e1 sujeto a las siguientes condiciones financieras:<\/p>\n<p><strong><u>Tipo de operaci\u00f3n<\/u><\/strong><strong>:<\/strong> pr\u00e9stamo amortizable a inter\u00e9s vencido.<\/p>\n<p><strong><u>Sistema de amortizaci\u00f3n<\/u><\/strong>: alem\u00e1n (cuotas de capital constantes).<\/p>\n<p><strong><u>Periodicidad de los servicios<\/u><\/strong><strong>:<\/strong> mensual.<\/p>\n<p><strong><u>Vencimiento de los servicios<\/u><\/strong><strong>:<\/strong> Las cuotas vencer\u00e1n el mismo d\u00eda de la efectivizaci\u00f3n del pr\u00e9stamo de los meses siguientes.<\/p>\n<p><strong><u>Plazo<\/u><\/strong><strong>: <\/strong>48 meses, con un per\u00edodo de gracia de doce (12) meses para el pago de capital. Los servicios de intereses ser\u00e1n pagaderos mensualmente desde el primer mes a partir de la efectivizaci\u00f3n.<\/p>\n<p><strong><u>Tasa de inter\u00e9s<\/u><\/strong><strong>: <\/strong>tasa fija 60% TNAV.<\/p>\n<p><strong><u>Forma de pago<\/u><\/strong><strong>:<\/strong> d\u00e9bito en cuenta corriente.<\/p>\n<p>La obligaci\u00f3n de pago que asume la Municipalidad ser\u00e1 \u00a0garantizada mediante la autorizaci\u00f3n del d\u00e9bito de los servicios correspondientes de su cuenta corriente y, en caso de insuficiencia de fondos, autorizar\u00e1 irrevocablemente al Banco a cancelar estos con los fondos provenientes del r\u00e9gimen de coparticipaci\u00f3n impositiva o aquel que lo reemplace, aun antes de su acreditaci\u00f3n en cuenta corriente. Luego de que se efectivicen las retenciones previstas por ley, se autoriza al Banco de la Provincia de Buenos Aires a retener las sumas necesarias para cubrir el pago de amortizaciones, intereses o cualquier otro gasto que se origine con motivo del presente pr\u00e9stamo. A pedido del Banco, esta garant\u00eda podr\u00e1 reemplazarse por la cesi\u00f3n de los derechos de la recaudaci\u00f3n de tasas municipales.<\/p>\n<p>&nbsp;<\/p>\n<p>Alocuciones de los Concejales y Mayores Contribuyentes:<\/p>\n<p>&nbsp;<\/p>\n<p>Concejal Elisabet Nori:<\/p>\n<p>\u201cBueno, en principio agradecer en nombre de nuestros Bloques la presencia, como siempre, de los Mayores Contribuyentes. En esta oportunidad tenemos Mayores Contribuyentes que realmente inician su labor como Mayores Contribuyentes, as\u00ed que les damos la bienvenida. Y nuevamente poner en evidencia la fundamental importancia \u00a0que tiene la participaci\u00f3n del ciudadano, y de implicarse en estos espacios de participaci\u00f3n que ofrece\u00a0 este organismo, el Honorable Concejo Deliberante. Lo consideramos esto fundamental \u00a0para afianzar los valores de la democracia, y aquellos valores del di\u00e1logo, el valor a la palabra de todos, de todos los vecinos, y a la \u00a0representatividad que tiene que tener este Cuerpo Legislativo. Y tambi\u00e9n bueno, \u00a0celebrar la futura compra de las 2 motoniveladoras para la Comisi\u00f3n Asesora Vial Municipal porque es sabido por todo el mundo \u00a0el estado de los caminos rurales, y la gran, gran necesidad \u00a0que tenemos de que estos caminos se hallan en condiciones, \u00a0en buenas condiciones, en las condiciones \u00f3ptimas para que la producci\u00f3n de nuestros campos pueda ser trasladada hacia los distintos lugares de comercializaci\u00f3n. As\u00ed que bueno, celebrar esto y bueno, y nuevamente gracias a los Myores Contribuyentes que hoy se acercaron. Nada m\u00e1s se\u00f1ora Presidente\u201d.<\/p>\n<p>&nbsp;<\/p>\n<p>Concejal Marcela Gimenez:<\/p>\n<p>\u201cSumarme al agradecimiento que realiz\u00f3 la Concejal Nori. Desde nuestro Bloque agradecemos a los Mayores Contribuyentes. Como ella dijo, \u00a0en una renovaci\u00f3n justamente, la primera Asamblea de Mayores Contribuyentes que tenemos en el a\u00f1o. Y la verdad es que estos espacios siempre son\u00a0 bienvenidos en la participaci\u00f3n ciudadana, y sobre todo porque como estamos hoy como sociedad, cuesta tanto integrar instituciones, \u00a0as\u00ed que cuesta much\u00edsimo m\u00e1s que los ciudadanos puedan participar de estas instancias en d\u00f3nde nosotros seguimos construyendo democracia. Este es el lugar para la participaci\u00f3n, \u00a0asique vuelvo a dar el agradecimiento a los Mayores Contribuyentes que se suman, y que nos apoyan en nuestra\u00a0 labor legislativa, \u00a0y sobre todo en temas tan, tan importantes como es el C\u00f3digo Tributario, el Presupuesto, \u00a0en d\u00f3nde ata\u00f1e justamente los recursos que son de todas y de todos nuestro Distrito, \u00a0y por supuesto con cuestiones tan importantes como\u00a0 lo que tiene que ver \u00bfno?, con lo que hacemos hoy, que es aprobar este cr\u00e9dito para\u00a0 que se puedan comprar m\u00e1quinas para los caminos rurales. Y teniendo en cuenta esto, en realidad para la \u00a0Comisi\u00f3n Vial, para arreglar los caminos rurales, y tambi\u00e9n para el municipio. Y teniendo \u00a0en cuenta esto sumo a lo que dijo la Concejal Nori, \u00a0me parece sumamente importante que la producci\u00f3n \u00a0pueda salir de los campos, \u00a0y por supuesto ser trasladada, \u00bfno?, \u00a0la materia prima pueda convertirse justamente en lo que nosotros necesitamos, que es el alimento y los recursos que tenemos como ciudadanos, como comunidad, como Distrito. Pero tambi\u00e9n los caminos rurales son un \u00a0lugar de tr\u00e1nsito de todos los ciudadanos y de todas las ciudadanas, y tambi\u00e9n los caminos rurales son lugares donde llegan nuestros \u00a0ni\u00f1os y nuestras ni\u00f1as a las escuelas y son lugares donde llegan los docentes y nuestros,\u00a0 maestro y nuestros profesores. Y tienen que estar en \u00f3ptimas condiciones para que ellos tambi\u00e9n tengan derecho a un acceso digno a la educaci\u00f3n, para que todos podamos transitar por nuestros \u00a0caminos y para que realmente nuestros caminos se vean en las condiciones necesarias que nuestro Distrito necesita. Sabemos que es un Distrito muy grande, que tiene muchos kil\u00f3metros de caminos rurales, que es dif\u00edcil mantenerlos, pero para eso est\u00e1 la Comisi\u00f3n Vial, y para eso est\u00e1 el Municipio, para hacerse cargo justamente de que todos tengamos acceso a esos caminos en condiciones, para la producci\u00f3n, pero tambi\u00e9n para la educaci\u00f3n. Eso por un lado, y por el otro lado bueno, volver a agradecer justamente,\u00a0 la participaci\u00f3n de los Mayores Contribuyentes. Nada m\u00e1s y muchas gracias\u201d.<\/p>\n<p>&nbsp;<\/p>\n<p>Mayor Contribuyente Paula Mu\u00f1oz:<\/p>\n<p>\u201cAgradecer a todos la bienvenida, y una sugerencia. En adelante, anexar al Expediente un informe t\u00e9cnico para que nosotros cuando vengamos o ustedes mismos tambi\u00e9n, tengan la seguridad de que alguien est\u00e1 certificando que la maquinaria que se compra tiene la capacidad necesaria para el trabajo para el cual se va a adquirir. Que no pase como ha pasado en otras oportunidades que se compra algo que es un monumento al olvido. Entonces, nada m\u00e1s, la sugerencia a eso. Much\u00edsimas gracias\u201d.<\/p>\n<p>&nbsp;<\/p>\n<p>Pasada la Asamblea, se realiz\u00f3 una Sesi\u00f3n Extraordinaria convocada por\u00a0 el Decreto N\u00ba 10\/23, a pedido del Intendente Municipal Sergio Bordoni, para tratar el siguiente tema:<\/p>\n<p>&nbsp;<\/p>\n<ul>\n<li><strong><u> N\u00ba 209\/23:<\/u><\/strong> &#8211; D.E. Autoriza la firma del Convenio entre el Ministerio de Infraestructura y Servicios P\u00fablicos de la Pcia. de Bs. As. y la Municipalidad de Tornquist.-<\/li>\n<\/ul>\n<p><strong><u>\u00a0<\/u><\/strong><\/p>\n<p>Se aprueba por unanimidad la Ordenanza N\u00ba 3655\/23 por la que se autoriza \u00a0la firma del Convenio entre el Ministerio de Infraestructura y Servicios P\u00fablicos de la Provincia de Buenos Aires representado por el Sr. Ministro NARDINI, Leandro Javier y la Municipalidad de Tornquist representada por el Intendente Municipal Sr. BORDONI, Sergio Fabian.<\/p>\n<p>A trav\u00e9s de este Convenio la Provincia de Buenos Aires, a trav\u00e9s del MINISTERIO otorgar\u00e1 al MUNICIPIO en concepto de subsidio, hasta la suma de pesos sesenta millones\u00a0 ($ 60.000.000) destinada a financiar la ejecuci\u00f3n del proyecto de obra p\u00fablica municipal \u201cAmpliaci\u00f3n de planta de GLP en la Localidad de Villa Ventana\u201d, en adelante denominado \u201cPROYECTO\u201d, el que se encuentra vinculado en el EX-2023-10662251- -GDEBA-DGALMIYSPGP. El presente Convenio se regir\u00e1 en todo por lo dispuesto por el Decreto N\u00b0 467\/07 y la RESO-2022-1271-GDEBA-MIYSPGP. El MUNICIPIO acepta sin reservas lo dispuesto en el presente Convenio y la mentada RESO-2022-1271-GDEBA-MIYSPGP.<\/p>\n<p>El \u00a0MUNICIPIO ser\u00e1 responsable exclusivo de la contrataci\u00f3n, ejecuci\u00f3n, inspecci\u00f3n y certificaci\u00f3n del \u201cPROYECTO\u201d, as\u00ed como de su posterior conservaci\u00f3n y mantenimiento.-<\/p>\n<p>HONORABLE CONCEJO DELIBERANTE.<\/p>\n<p><iframe loading=\"lazy\" title=\"2023 07 03 HCD 1   ELISABET NORI   MAYORES CONTRIBUYENTES\" width=\"500\" height=\"281\" src=\"https:\/\/www.youtube.com\/embed\/P8aBTTGHTJY?feature=oembed\" frameborder=\"0\" allow=\"accelerometer; autoplay; clipboard-write; encrypted-media; gyroscope; picture-in-picture; web-share\" referrerpolicy=\"strict-origin-when-cross-origin\" allowfullscreen><\/iframe><\/p>\n<p><iframe loading=\"lazy\" title=\"2023 07 03 HCD 2   MARCELA GIMENEZ   MAYORES CONTRIBUYENTES\" width=\"500\" height=\"281\" src=\"https:\/\/www.youtube.com\/embed\/ON1_Th3bpZE?feature=oembed\" frameborder=\"0\" allow=\"accelerometer; autoplay; clipboard-write; encrypted-media; gyroscope; picture-in-picture; web-share\" referrerpolicy=\"strict-origin-when-cross-origin\" allowfullscreen><\/iframe><\/p>\n<p><iframe loading=\"lazy\" title=\"2023 07 03 HCD 3   PAULA MU\u00d1OZ\" width=\"500\" height=\"281\" src=\"https:\/\/www.youtube.com\/embed\/Qucr1CSZuC4?feature=oembed\" frameborder=\"0\" allow=\"accelerometer; autoplay; clipboard-write; encrypted-media; gyroscope; picture-in-picture; web-share\" referrerpolicy=\"strict-origin-when-cross-origin\" allowfullscreen><\/iframe><\/p>\n<p><img loading=\"lazy\" decoding=\"async\" class=\"alignnone wp-image-77320 size-full\" src=\"http:\/\/www.celttv.com.ar\/wp-content\/uploads\/2023\/07\/WhatsApp-Image-2023-06-30-at-20.04.36.jpeg\" alt=\"\" width=\"1600\" height=\"1201\" srcset=\"https:\/\/www.celttv.com.ar\/wp-content\/uploads\/2023\/07\/WhatsApp-Image-2023-06-30-at-20.04.36.jpeg 1600w, https:\/\/www.celttv.com.ar\/wp-content\/uploads\/2023\/07\/WhatsApp-Image-2023-06-30-at-20.04.36-300x225.jpeg 300w, https:\/\/www.celttv.com.ar\/wp-content\/uploads\/2023\/07\/WhatsApp-Image-2023-06-30-at-20.04.36-1024x769.jpeg 1024w, https:\/\/www.celttv.com.ar\/wp-content\/uploads\/2023\/07\/WhatsApp-Image-2023-06-30-at-20.04.36-768x576.jpeg 768w, https:\/\/www.celttv.com.ar\/wp-content\/uploads\/2023\/07\/WhatsApp-Image-2023-06-30-at-20.04.36-1536x1153.jpeg 1536w, https:\/\/www.celttv.com.ar\/wp-content\/uploads\/2023\/07\/WhatsApp-Image-2023-06-30-at-20.04.36-750x563.jpeg 750w, https:\/\/www.celttv.com.ar\/wp-content\/uploads\/2023\/07\/WhatsApp-Image-2023-06-30-at-20.04.36-1140x856.jpeg 1140w\" sizes=\"auto, (max-width: 1600px) 100vw, 1600px\" \/> <img loading=\"lazy\" decoding=\"async\" class=\"alignnone wp-image-77321 size-full\" src=\"http:\/\/www.celttv.com.ar\/wp-content\/uploads\/2023\/07\/WhatsApp-Image-2023-06-30-at-20.04.37-1.jpeg\" alt=\"\" width=\"1201\" height=\"1600\" srcset=\"https:\/\/www.celttv.com.ar\/wp-content\/uploads\/2023\/07\/WhatsApp-Image-2023-06-30-at-20.04.37-1.jpeg 1201w, https:\/\/www.celttv.com.ar\/wp-content\/uploads\/2023\/07\/WhatsApp-Image-2023-06-30-at-20.04.37-1-225x300.jpeg 225w, https:\/\/www.celttv.com.ar\/wp-content\/uploads\/2023\/07\/WhatsApp-Image-2023-06-30-at-20.04.37-1-769x1024.jpeg 769w, https:\/\/www.celttv.com.ar\/wp-content\/uploads\/2023\/07\/WhatsApp-Image-2023-06-30-at-20.04.37-1-768x1023.jpeg 768w, https:\/\/www.celttv.com.ar\/wp-content\/uploads\/2023\/07\/WhatsApp-Image-2023-06-30-at-20.04.37-1-1153x1536.jpeg 1153w, https:\/\/www.celttv.com.ar\/wp-content\/uploads\/2023\/07\/WhatsApp-Image-2023-06-30-at-20.04.37-1-750x999.jpeg 750w, https:\/\/www.celttv.com.ar\/wp-content\/uploads\/2023\/07\/WhatsApp-Image-2023-06-30-at-20.04.37-1-1140x1519.jpeg 1140w\" sizes=\"auto, (max-width: 1201px) 100vw, 1201px\" \/> <img loading=\"lazy\" decoding=\"async\" class=\"alignnone wp-image-77322 size-full\" src=\"http:\/\/www.celttv.com.ar\/wp-content\/uploads\/2023\/07\/WhatsApp-Image-2023-06-30-at-20.04.37.jpeg\" alt=\"\" width=\"1201\" height=\"1600\" srcset=\"https:\/\/www.celttv.com.ar\/wp-content\/uploads\/2023\/07\/WhatsApp-Image-2023-06-30-at-20.04.37.jpeg 1201w, https:\/\/www.celttv.com.ar\/wp-content\/uploads\/2023\/07\/WhatsApp-Image-2023-06-30-at-20.04.37-225x300.jpeg 225w, https:\/\/www.celttv.com.ar\/wp-content\/uploads\/2023\/07\/WhatsApp-Image-2023-06-30-at-20.04.37-769x1024.jpeg 769w, https:\/\/www.celttv.com.ar\/wp-content\/uploads\/2023\/07\/WhatsApp-Image-2023-06-30-at-20.04.37-768x1023.jpeg 768w, https:\/\/www.celttv.com.ar\/wp-content\/uploads\/2023\/07\/WhatsApp-Image-2023-06-30-at-20.04.37-1153x1536.jpeg 1153w, https:\/\/www.celttv.com.ar\/wp-content\/uploads\/2023\/07\/WhatsApp-Image-2023-06-30-at-20.04.37-750x999.jpeg 750w, https:\/\/www.celttv.com.ar\/wp-content\/uploads\/2023\/07\/WhatsApp-Image-2023-06-30-at-20.04.37-1140x1519.jpeg 1140w\" sizes=\"auto, (max-width: 1201px) 100vw, 1201px\" \/> <img loading=\"lazy\" decoding=\"async\" class=\"alignnone wp-image-77323 size-full\" src=\"http:\/\/www.celttv.com.ar\/wp-content\/uploads\/2023\/07\/WhatsApp-Image-2023-06-30-at-20.04.53.jpeg\" alt=\"\" width=\"1599\" height=\"899\" srcset=\"https:\/\/www.celttv.com.ar\/wp-content\/uploads\/2023\/07\/WhatsApp-Image-2023-06-30-at-20.04.53.jpeg 1599w, https:\/\/www.celttv.com.ar\/wp-content\/uploads\/2023\/07\/WhatsApp-Image-2023-06-30-at-20.04.53-300x169.jpeg 300w, https:\/\/www.celttv.com.ar\/wp-content\/uploads\/2023\/07\/WhatsApp-Image-2023-06-30-at-20.04.53-1024x576.jpeg 1024w, https:\/\/www.celttv.com.ar\/wp-content\/uploads\/2023\/07\/WhatsApp-Image-2023-06-30-at-20.04.53-768x432.jpeg 768w, https:\/\/www.celttv.com.ar\/wp-content\/uploads\/2023\/07\/WhatsApp-Image-2023-06-30-at-20.04.53-1536x864.jpeg 1536w, https:\/\/www.celttv.com.ar\/wp-content\/uploads\/2023\/07\/WhatsApp-Image-2023-06-30-at-20.04.53-750x422.jpeg 750w, https:\/\/www.celttv.com.ar\/wp-content\/uploads\/2023\/07\/WhatsApp-Image-2023-06-30-at-20.04.53-1140x641.jpeg 1140w\" sizes=\"auto, (max-width: 1599px) 100vw, 1599px\" \/> <img loading=\"lazy\" decoding=\"async\" class=\"alignnone wp-image-77324 size-full\" src=\"http:\/\/www.celttv.com.ar\/wp-content\/uploads\/2023\/07\/WhatsApp-Image-2023-06-30-at-20.45.25.jpeg\" alt=\"\" width=\"1201\" height=\"1600\" srcset=\"https:\/\/www.celttv.com.ar\/wp-content\/uploads\/2023\/07\/WhatsApp-Image-2023-06-30-at-20.45.25.jpeg 1201w, https:\/\/www.celttv.com.ar\/wp-content\/uploads\/2023\/07\/WhatsApp-Image-2023-06-30-at-20.45.25-225x300.jpeg 225w, https:\/\/www.celttv.com.ar\/wp-content\/uploads\/2023\/07\/WhatsApp-Image-2023-06-30-at-20.45.25-769x1024.jpeg 769w, https:\/\/www.celttv.com.ar\/wp-content\/uploads\/2023\/07\/WhatsApp-Image-2023-06-30-at-20.45.25-768x1023.jpeg 768w, https:\/\/www.celttv.com.ar\/wp-content\/uploads\/2023\/07\/WhatsApp-Image-2023-06-30-at-20.45.25-1153x1536.jpeg 1153w, https:\/\/www.celttv.com.ar\/wp-content\/uploads\/2023\/07\/WhatsApp-Image-2023-06-30-at-20.45.25-750x999.jpeg 750w, https:\/\/www.celttv.com.ar\/wp-content\/uploads\/2023\/07\/WhatsApp-Image-2023-06-30-at-20.45.25-1140x1519.jpeg 1140w\" sizes=\"auto, (max-width: 1201px) 100vw, 1201px\" \/> <img loading=\"lazy\" decoding=\"async\" class=\"alignnone wp-image-77325 size-full\" src=\"http:\/\/www.celttv.com.ar\/wp-content\/uploads\/2023\/07\/WhatsApp-Image-2023-06-30-at-20.45.28-2.jpeg\" alt=\"\" width=\"1600\" height=\"1201\" srcset=\"https:\/\/www.celttv.com.ar\/wp-content\/uploads\/2023\/07\/WhatsApp-Image-2023-06-30-at-20.45.28-2.jpeg 1600w, https:\/\/www.celttv.com.ar\/wp-content\/uploads\/2023\/07\/WhatsApp-Image-2023-06-30-at-20.45.28-2-300x225.jpeg 300w, https:\/\/www.celttv.com.ar\/wp-content\/uploads\/2023\/07\/WhatsApp-Image-2023-06-30-at-20.45.28-2-1024x769.jpeg 1024w, https:\/\/www.celttv.com.ar\/wp-content\/uploads\/2023\/07\/WhatsApp-Image-2023-06-30-at-20.45.28-2-768x576.jpeg 768w, https:\/\/www.celttv.com.ar\/wp-content\/uploads\/2023\/07\/WhatsApp-Image-2023-06-30-at-20.45.28-2-1536x1153.jpeg 1536w, https:\/\/www.celttv.com.ar\/wp-content\/uploads\/2023\/07\/WhatsApp-Image-2023-06-30-at-20.45.28-2-750x563.jpeg 750w, https:\/\/www.celttv.com.ar\/wp-content\/uploads\/2023\/07\/WhatsApp-Image-2023-06-30-at-20.45.28-2-1140x856.jpeg 1140w\" sizes=\"auto, (max-width: 1600px) 100vw, 1600px\" \/> <img loading=\"lazy\" decoding=\"async\" class=\"alignnone wp-image-77326 size-full\" src=\"http:\/\/www.celttv.com.ar\/wp-content\/uploads\/2023\/07\/WhatsApp-Image-2023-06-30-at-20.45.28.jpeg\" alt=\"\" width=\"1600\" height=\"1201\" srcset=\"https:\/\/www.celttv.com.ar\/wp-content\/uploads\/2023\/07\/WhatsApp-Image-2023-06-30-at-20.45.28.jpeg 1600w, https:\/\/www.celttv.com.ar\/wp-content\/uploads\/2023\/07\/WhatsApp-Image-2023-06-30-at-20.45.28-300x225.jpeg 300w, https:\/\/www.celttv.com.ar\/wp-content\/uploads\/2023\/07\/WhatsApp-Image-2023-06-30-at-20.45.28-1024x769.jpeg 1024w, https:\/\/www.celttv.com.ar\/wp-content\/uploads\/2023\/07\/WhatsApp-Image-2023-06-30-at-20.45.28-768x576.jpeg 768w, https:\/\/www.celttv.com.ar\/wp-content\/uploads\/2023\/07\/WhatsApp-Image-2023-06-30-at-20.45.28-1536x1153.jpeg 1536w, https:\/\/www.celttv.com.ar\/wp-content\/uploads\/2023\/07\/WhatsApp-Image-2023-06-30-at-20.45.28-750x563.jpeg 750w, https:\/\/www.celttv.com.ar\/wp-content\/uploads\/2023\/07\/WhatsApp-Image-2023-06-30-at-20.45.28-1140x856.jpeg 1140w\" sizes=\"auto, (max-width: 1600px) 100vw, 1600px\" \/> <img loading=\"lazy\" decoding=\"async\" class=\"alignnone wp-image-77327 size-full\" src=\"http:\/\/www.celttv.com.ar\/wp-content\/uploads\/2023\/07\/WhatsApp-Image-2023-06-30-at-20.45.29.jpeg\" alt=\"\" width=\"1600\" height=\"1201\" srcset=\"https:\/\/www.celttv.com.ar\/wp-content\/uploads\/2023\/07\/WhatsApp-Image-2023-06-30-at-20.45.29.jpeg 1600w, https:\/\/www.celttv.com.ar\/wp-content\/uploads\/2023\/07\/WhatsApp-Image-2023-06-30-at-20.45.29-300x225.jpeg 300w, https:\/\/www.celttv.com.ar\/wp-content\/uploads\/2023\/07\/WhatsApp-Image-2023-06-30-at-20.45.29-1024x769.jpeg 1024w, https:\/\/www.celttv.com.ar\/wp-content\/uploads\/2023\/07\/WhatsApp-Image-2023-06-30-at-20.45.29-768x576.jpeg 768w, https:\/\/www.celttv.com.ar\/wp-content\/uploads\/2023\/07\/WhatsApp-Image-2023-06-30-at-20.45.29-1536x1153.jpeg 1536w, https:\/\/www.celttv.com.ar\/wp-content\/uploads\/2023\/07\/WhatsApp-Image-2023-06-30-at-20.45.29-750x563.jpeg 750w, https:\/\/www.celttv.com.ar\/wp-content\/uploads\/2023\/07\/WhatsApp-Image-2023-06-30-at-20.45.29-1140x856.jpeg 1140w\" sizes=\"auto, (max-width: 1600px) 100vw, 1600px\" \/><\/p>\n","protected":false},"excerpt":{"rendered":"<p>HONORABLE CONCEJO DELIBERANTE &nbsp; INFORME DE LA\u00a0 ASAMBLEA DE CONCEJALES Y MAYORES CONTRIBUYENTES Y DE LA SESI\u00d3N EXTRAORDINARIA DE FECHA 30-06-23 \u00a0 Convocados por Decreto N\u00ba 09\/23 el d\u00eda 30 de junio se realiz\u00f3 la Asamblea de Concejales y Mayores Contribuyentes para tratar el siguiente tema: &nbsp; N\u00ba 33\/23: &#8211; D.E. \u2013 Autoriza operaci\u00f3n de [&hellip;]<\/p>\n","protected":false},"author":5,"featured_media":77325,"comment_status":"closed","ping_status":"closed","sticky":false,"template":"","format":"standard","meta":{"footnotes":""},"categories":[51,52,59,53],"tags":[956],"class_list":["post-77319","post","type-post","status-publish","format-standard","has-post-thumbnail","hentry","category-comunidad","category-destacadas","category-municipales","category-politica","tag-hcd-la-asamblea-de-contribuyentes-aprobo-el-financiamiento-para-la-compra-de-dos-motoniveladoras-fotos-y-videos"],"yoast_head":"<!-- This site is optimized with the Yoast SEO plugin v19.7.1 - https:\/\/yoast.com\/wordpress\/plugins\/seo\/ -->\n<title>HCD.: La Asamblea de Contribuyentes aprob\u00f3 el financiamiento para la compra de dos motoniveladoras (fotos y videos) - CELTTV<\/title>\n<meta name=\"description\" content=\"Sitio web de noticias de la localidad de Tornquist, provincia de Buenos Aires, Rep\u00fablica Argentina. Contenido propio originado por periodistas de CELTTV, el canal de TV local de la Cooperativa El\u00e9ctrica de Tornquist. Turismo, Pol\u00edtica, Sociedad, Deporte, Cultura y todo el contenido de inter\u00e9s general que la gente del pueblo y la regi\u00f3n debe conocer.\" \/>\n<meta name=\"robots\" content=\"index, follow, max-snippet:-1, max-image-preview:large, max-video-preview:-1\" \/>\n<link rel=\"canonical\" href=\"https:\/\/www.celttv.com.ar\/index.php\/2023\/07\/03\/hcd-la-asamblea-de-contribuyentes-aprobo-el-financiamiento-para-la-compra-de-dos-motoniveladoras-fotos-y-videos\/\" \/>\n<meta property=\"og:locale\" content=\"es_ES\" \/>\n<meta property=\"og:type\" content=\"article\" \/>\n<meta property=\"og:title\" content=\"HCD.: La Asamblea de Contribuyentes aprob\u00f3 el financiamiento para la compra de dos motoniveladoras (fotos y videos) - CELTTV\" \/>\n<meta property=\"og:description\" content=\"Sitio web de noticias de la localidad de Tornquist, provincia de Buenos Aires, Rep\u00fablica Argentina. Contenido propio originado por periodistas de CELTTV, el canal de TV local de la Cooperativa El\u00e9ctrica de Tornquist. Turismo, Pol\u00edtica, Sociedad, Deporte, Cultura y todo el contenido de inter\u00e9s general que la gente del pueblo y la regi\u00f3n debe conocer.\" \/>\n<meta property=\"og:url\" content=\"https:\/\/www.celttv.com.ar\/index.php\/2023\/07\/03\/hcd-la-asamblea-de-contribuyentes-aprobo-el-financiamiento-para-la-compra-de-dos-motoniveladoras-fotos-y-videos\/\" \/>\n<meta property=\"og:site_name\" content=\"CELTTV\" \/>\n<meta property=\"article:publisher\" content=\"https:\/\/www.facebook.com\/celtTV\/\" \/>\n<meta property=\"article:published_time\" content=\"2023-07-03T21:55:51+00:00\" \/>\n<meta property=\"og:image\" content=\"https:\/\/www.celttv.com.ar\/wp-content\/uploads\/2023\/07\/WhatsApp-Image-2023-06-30-at-20.45.28-2.jpeg\" \/>\n\t<meta property=\"og:image:width\" content=\"1600\" \/>\n\t<meta property=\"og:image:height\" content=\"1201\" \/>\n\t<meta property=\"og:image:type\" content=\"image\/jpeg\" \/>\n<meta name=\"author\" content=\"Miguel Herrada\" \/>\n<meta name=\"twitter:card\" content=\"summary_large_image\" \/>\n<meta name=\"twitter:label1\" content=\"Escrito por\" \/>\n\t<meta name=\"twitter:data1\" content=\"Miguel Herrada\" \/>\n\t<meta name=\"twitter:label2\" content=\"Tiempo de lectura\" \/>\n\t<meta name=\"twitter:data2\" content=\"7 minutos\" \/>\n<script type=\"application\/ld+json\" class=\"yoast-schema-graph\">{\"@context\":\"https:\/\/schema.org\",\"@graph\":[{\"@type\":\"NewsArticle\",\"@id\":\"https:\/\/www.celttv.com.ar\/index.php\/2023\/07\/03\/hcd-la-asamblea-de-contribuyentes-aprobo-el-financiamiento-para-la-compra-de-dos-motoniveladoras-fotos-y-videos\/#article\",\"isPartOf\":{\"@id\":\"https:\/\/www.celttv.com.ar\/index.php\/2023\/07\/03\/hcd-la-asamblea-de-contribuyentes-aprobo-el-financiamiento-para-la-compra-de-dos-motoniveladoras-fotos-y-videos\/\"},\"author\":{\"name\":\"Miguel Herrada\",\"@id\":\"https:\/\/www.celttv.com.ar\/#\/schema\/person\/9059dc91dc7204ef4182cdb65225f07d\"},\"headline\":\"HCD.: La Asamblea de Contribuyentes aprob\u00f3 el financiamiento para la compra de dos motoniveladoras (fotos y videos)\",\"datePublished\":\"2023-07-03T21:55:51+00:00\",\"dateModified\":\"2023-07-03T21:55:51+00:00\",\"mainEntityOfPage\":{\"@id\":\"https:\/\/www.celttv.com.ar\/index.php\/2023\/07\/03\/hcd-la-asamblea-de-contribuyentes-aprobo-el-financiamiento-para-la-compra-de-dos-motoniveladoras-fotos-y-videos\/\"},\"wordCount\":1434,\"publisher\":{\"@id\":\"https:\/\/www.celttv.com.ar\/#organization\"},\"keywords\":[\"HCD.: La Asamblea de Contribuyentes aprob\u00f3 el financiamiento para la compra de dos motoniveladoras (fotos y videos)\"],\"articleSection\":[\"Comunidad\",\"Destacadas\",\"Municipales\",\"Pol\u00edtica\"],\"inLanguage\":\"es\"},{\"@type\":\"WebPage\",\"@id\":\"https:\/\/www.celttv.com.ar\/index.php\/2023\/07\/03\/hcd-la-asamblea-de-contribuyentes-aprobo-el-financiamiento-para-la-compra-de-dos-motoniveladoras-fotos-y-videos\/\",\"url\":\"https:\/\/www.celttv.com.ar\/index.php\/2023\/07\/03\/hcd-la-asamblea-de-contribuyentes-aprobo-el-financiamiento-para-la-compra-de-dos-motoniveladoras-fotos-y-videos\/\",\"name\":\"HCD.: La Asamblea de Contribuyentes aprob\u00f3 el financiamiento para la compra de dos motoniveladoras (fotos y videos) - CELTTV\",\"isPartOf\":{\"@id\":\"https:\/\/www.celttv.com.ar\/#website\"},\"datePublished\":\"2023-07-03T21:55:51+00:00\",\"dateModified\":\"2023-07-03T21:55:51+00:00\",\"description\":\"Sitio web de noticias de la localidad de Tornquist, provincia de Buenos Aires, Rep\u00fablica Argentina. Contenido propio originado por periodistas de CELTTV, el canal de TV local de la Cooperativa El\u00e9ctrica de Tornquist. Turismo, Pol\u00edtica, Sociedad, Deporte, Cultura y todo el contenido de inter\u00e9s general que la gente del pueblo y la regi\u00f3n debe conocer.\",\"breadcrumb\":{\"@id\":\"https:\/\/www.celttv.com.ar\/index.php\/2023\/07\/03\/hcd-la-asamblea-de-contribuyentes-aprobo-el-financiamiento-para-la-compra-de-dos-motoniveladoras-fotos-y-videos\/#breadcrumb\"},\"inLanguage\":\"es\",\"potentialAction\":[{\"@type\":\"ReadAction\",\"target\":[\"https:\/\/www.celttv.com.ar\/index.php\/2023\/07\/03\/hcd-la-asamblea-de-contribuyentes-aprobo-el-financiamiento-para-la-compra-de-dos-motoniveladoras-fotos-y-videos\/\"]}]},{\"@type\":\"BreadcrumbList\",\"@id\":\"https:\/\/www.celttv.com.ar\/index.php\/2023\/07\/03\/hcd-la-asamblea-de-contribuyentes-aprobo-el-financiamiento-para-la-compra-de-dos-motoniveladoras-fotos-y-videos\/#breadcrumb\",\"itemListElement\":[{\"@type\":\"ListItem\",\"position\":1,\"name\":\"Inicio\",\"item\":\"https:\/\/www.celttv.com.ar\/\"},{\"@type\":\"ListItem\",\"position\":2,\"name\":\"HCD.: La Asamblea de Contribuyentes aprob\u00f3 el financiamiento para la compra de dos motoniveladoras (fotos y videos)\"}]},{\"@type\":\"WebSite\",\"@id\":\"https:\/\/www.celttv.com.ar\/#website\",\"url\":\"https:\/\/www.celttv.com.ar\/\",\"name\":\"CELTTV\",\"description\":\"Cooperativa El\u00e9ctrica de Tornquist\",\"publisher\":{\"@id\":\"https:\/\/www.celttv.com.ar\/#organization\"},\"potentialAction\":[{\"@type\":\"SearchAction\",\"target\":{\"@type\":\"EntryPoint\",\"urlTemplate\":\"https:\/\/www.celttv.com.ar\/?s={search_term_string}\"},\"query-input\":\"required name=search_term_string\"}],\"inLanguage\":\"es\"},{\"@type\":\"Organization\",\"@id\":\"https:\/\/www.celttv.com.ar\/#organization\",\"name\":\"CELTTV\",\"url\":\"https:\/\/www.celttv.com.ar\/\",\"sameAs\":[\"https:\/\/www.youtube.com\/channel\/UCz_oIt8Hig64Ub-EmcNPIhg\",\"https:\/\/www.facebook.com\/celtTV\/\"],\"logo\":{\"@type\":\"ImageObject\",\"inLanguage\":\"es\",\"@id\":\"https:\/\/www.celttv.com.ar\/#\/schema\/logo\/image\/\",\"url\":\"http:\/\/www.celttv.com.ar\/wp-content\/uploads\/2022\/08\/logo-1.png\",\"contentUrl\":\"http:\/\/www.celttv.com.ar\/wp-content\/uploads\/2022\/08\/logo-1.png\",\"width\":461,\"height\":159,\"caption\":\"CELTTV\"},\"image\":{\"@id\":\"https:\/\/www.celttv.com.ar\/#\/schema\/logo\/image\/\"}},{\"@type\":\"Person\",\"@id\":\"https:\/\/www.celttv.com.ar\/#\/schema\/person\/9059dc91dc7204ef4182cdb65225f07d\",\"name\":\"Miguel Herrada\",\"image\":{\"@type\":\"ImageObject\",\"inLanguage\":\"es\",\"@id\":\"https:\/\/www.celttv.com.ar\/#\/schema\/person\/image\/\",\"url\":\"https:\/\/secure.gravatar.com\/avatar\/67724d5b3c716623ffd76bec7e45841a442ac3b456e914dbba90b0fad2b8e0b1?s=96&d=mm&r=g\",\"contentUrl\":\"https:\/\/secure.gravatar.com\/avatar\/67724d5b3c716623ffd76bec7e45841a442ac3b456e914dbba90b0fad2b8e0b1?s=96&d=mm&r=g\",\"caption\":\"Miguel Herrada\"}}]}<\/script>\n<!-- \/ Yoast SEO plugin. -->","yoast_head_json":{"title":"HCD.: La Asamblea de Contribuyentes aprob\u00f3 el financiamiento para la compra de dos motoniveladoras (fotos y videos) - CELTTV","description":"Sitio web de noticias de la localidad de Tornquist, provincia de Buenos Aires, Rep\u00fablica Argentina. Contenido propio originado por periodistas de CELTTV, el canal de TV local de la Cooperativa El\u00e9ctrica de Tornquist. Turismo, Pol\u00edtica, Sociedad, Deporte, Cultura y todo el contenido de inter\u00e9s general que la gente del pueblo y la regi\u00f3n debe conocer.","robots":{"index":"index","follow":"follow","max-snippet":"max-snippet:-1","max-image-preview":"max-image-preview:large","max-video-preview":"max-video-preview:-1"},"canonical":"https:\/\/www.celttv.com.ar\/index.php\/2023\/07\/03\/hcd-la-asamblea-de-contribuyentes-aprobo-el-financiamiento-para-la-compra-de-dos-motoniveladoras-fotos-y-videos\/","og_locale":"es_ES","og_type":"article","og_title":"HCD.: La Asamblea de Contribuyentes aprob\u00f3 el financiamiento para la compra de dos motoniveladoras (fotos y videos) - CELTTV","og_description":"Sitio web de noticias de la localidad de Tornquist, provincia de Buenos Aires, Rep\u00fablica Argentina. Contenido propio originado por periodistas de CELTTV, el canal de TV local de la Cooperativa El\u00e9ctrica de Tornquist. Turismo, Pol\u00edtica, Sociedad, Deporte, Cultura y todo el contenido de inter\u00e9s general que la gente del pueblo y la regi\u00f3n debe conocer.","og_url":"https:\/\/www.celttv.com.ar\/index.php\/2023\/07\/03\/hcd-la-asamblea-de-contribuyentes-aprobo-el-financiamiento-para-la-compra-de-dos-motoniveladoras-fotos-y-videos\/","og_site_name":"CELTTV","article_publisher":"https:\/\/www.facebook.com\/celtTV\/","article_published_time":"2023-07-03T21:55:51+00:00","og_image":[{"width":1600,"height":1201,"url":"https:\/\/www.celttv.com.ar\/wp-content\/uploads\/2023\/07\/WhatsApp-Image-2023-06-30-at-20.45.28-2.jpeg","type":"image\/jpeg"}],"author":"Miguel Herrada","twitter_card":"summary_large_image","twitter_misc":{"Escrito por":"Miguel Herrada","Tiempo de lectura":"7 minutos"},"schema":{"@context":"https:\/\/schema.org","@graph":[{"@type":"NewsArticle","@id":"https:\/\/www.celttv.com.ar\/index.php\/2023\/07\/03\/hcd-la-asamblea-de-contribuyentes-aprobo-el-financiamiento-para-la-compra-de-dos-motoniveladoras-fotos-y-videos\/#article","isPartOf":{"@id":"https:\/\/www.celttv.com.ar\/index.php\/2023\/07\/03\/hcd-la-asamblea-de-contribuyentes-aprobo-el-financiamiento-para-la-compra-de-dos-motoniveladoras-fotos-y-videos\/"},"author":{"name":"Miguel Herrada","@id":"https:\/\/www.celttv.com.ar\/#\/schema\/person\/9059dc91dc7204ef4182cdb65225f07d"},"headline":"HCD.: La Asamblea de Contribuyentes aprob\u00f3 el financiamiento para la compra de dos motoniveladoras (fotos y videos)","datePublished":"2023-07-03T21:55:51+00:00","dateModified":"2023-07-03T21:55:51+00:00","mainEntityOfPage":{"@id":"https:\/\/www.celttv.com.ar\/index.php\/2023\/07\/03\/hcd-la-asamblea-de-contribuyentes-aprobo-el-financiamiento-para-la-compra-de-dos-motoniveladoras-fotos-y-videos\/"},"wordCount":1434,"publisher":{"@id":"https:\/\/www.celttv.com.ar\/#organization"},"keywords":["HCD.: La Asamblea de Contribuyentes aprob\u00f3 el financiamiento para la compra de dos motoniveladoras (fotos y videos)"],"articleSection":["Comunidad","Destacadas","Municipales","Pol\u00edtica"],"inLanguage":"es"},{"@type":"WebPage","@id":"https:\/\/www.celttv.com.ar\/index.php\/2023\/07\/03\/hcd-la-asamblea-de-contribuyentes-aprobo-el-financiamiento-para-la-compra-de-dos-motoniveladoras-fotos-y-videos\/","url":"https:\/\/www.celttv.com.ar\/index.php\/2023\/07\/03\/hcd-la-asamblea-de-contribuyentes-aprobo-el-financiamiento-para-la-compra-de-dos-motoniveladoras-fotos-y-videos\/","name":"HCD.: La Asamblea de Contribuyentes aprob\u00f3 el financiamiento para la compra de dos motoniveladoras (fotos y videos) - CELTTV","isPartOf":{"@id":"https:\/\/www.celttv.com.ar\/#website"},"datePublished":"2023-07-03T21:55:51+00:00","dateModified":"2023-07-03T21:55:51+00:00","description":"Sitio web de noticias de la localidad de Tornquist, provincia de Buenos Aires, Rep\u00fablica Argentina. Contenido propio originado por periodistas de CELTTV, el canal de TV local de la Cooperativa El\u00e9ctrica de Tornquist. Turismo, Pol\u00edtica, Sociedad, Deporte, Cultura y todo el contenido de inter\u00e9s general que la gente del pueblo y la regi\u00f3n debe conocer.","breadcrumb":{"@id":"https:\/\/www.celttv.com.ar\/index.php\/2023\/07\/03\/hcd-la-asamblea-de-contribuyentes-aprobo-el-financiamiento-para-la-compra-de-dos-motoniveladoras-fotos-y-videos\/#breadcrumb"},"inLanguage":"es","potentialAction":[{"@type":"ReadAction","target":["https:\/\/www.celttv.com.ar\/index.php\/2023\/07\/03\/hcd-la-asamblea-de-contribuyentes-aprobo-el-financiamiento-para-la-compra-de-dos-motoniveladoras-fotos-y-videos\/"]}]},{"@type":"BreadcrumbList","@id":"https:\/\/www.celttv.com.ar\/index.php\/2023\/07\/03\/hcd-la-asamblea-de-contribuyentes-aprobo-el-financiamiento-para-la-compra-de-dos-motoniveladoras-fotos-y-videos\/#breadcrumb","itemListElement":[{"@type":"ListItem","position":1,"name":"Inicio","item":"https:\/\/www.celttv.com.ar\/"},{"@type":"ListItem","position":2,"name":"HCD.: La Asamblea de Contribuyentes aprob\u00f3 el financiamiento para la compra de dos motoniveladoras (fotos y videos)"}]},{"@type":"WebSite","@id":"https:\/\/www.celttv.com.ar\/#website","url":"https:\/\/www.celttv.com.ar\/","name":"CELTTV","description":"Cooperativa El\u00e9ctrica de Tornquist","publisher":{"@id":"https:\/\/www.celttv.com.ar\/#organization"},"potentialAction":[{"@type":"SearchAction","target":{"@type":"EntryPoint","urlTemplate":"https:\/\/www.celttv.com.ar\/?s={search_term_string}"},"query-input":"required name=search_term_string"}],"inLanguage":"es"},{"@type":"Organization","@id":"https:\/\/www.celttv.com.ar\/#organization","name":"CELTTV","url":"https:\/\/www.celttv.com.ar\/","sameAs":["https:\/\/www.youtube.com\/channel\/UCz_oIt8Hig64Ub-EmcNPIhg","https:\/\/www.facebook.com\/celtTV\/"],"logo":{"@type":"ImageObject","inLanguage":"es","@id":"https:\/\/www.celttv.com.ar\/#\/schema\/logo\/image\/","url":"http:\/\/www.celttv.com.ar\/wp-content\/uploads\/2022\/08\/logo-1.png","contentUrl":"http:\/\/www.celttv.com.ar\/wp-content\/uploads\/2022\/08\/logo-1.png","width":461,"height":159,"caption":"CELTTV"},"image":{"@id":"https:\/\/www.celttv.com.ar\/#\/schema\/logo\/image\/"}},{"@type":"Person","@id":"https:\/\/www.celttv.com.ar\/#\/schema\/person\/9059dc91dc7204ef4182cdb65225f07d","name":"Miguel Herrada","image":{"@type":"ImageObject","inLanguage":"es","@id":"https:\/\/www.celttv.com.ar\/#\/schema\/person\/image\/","url":"https:\/\/secure.gravatar.com\/avatar\/67724d5b3c716623ffd76bec7e45841a442ac3b456e914dbba90b0fad2b8e0b1?s=96&d=mm&r=g","contentUrl":"https:\/\/secure.gravatar.com\/avatar\/67724d5b3c716623ffd76bec7e45841a442ac3b456e914dbba90b0fad2b8e0b1?s=96&d=mm&r=g","caption":"Miguel Herrada"}}]}},"_links":{"self":[{"href":"https:\/\/www.celttv.com.ar\/index.php\/wp-json\/wp\/v2\/posts\/77319","targetHints":{"allow":["GET"]}}],"collection":[{"href":"https:\/\/www.celttv.com.ar\/index.php\/wp-json\/wp\/v2\/posts"}],"about":[{"href":"https:\/\/www.celttv.com.ar\/index.php\/wp-json\/wp\/v2\/types\/post"}],"author":[{"embeddable":true,"href":"https:\/\/www.celttv.com.ar\/index.php\/wp-json\/wp\/v2\/users\/5"}],"replies":[{"embeddable":true,"href":"https:\/\/www.celttv.com.ar\/index.php\/wp-json\/wp\/v2\/comments?post=77319"}],"version-history":[{"count":2,"href":"https:\/\/www.celttv.com.ar\/index.php\/wp-json\/wp\/v2\/posts\/77319\/revisions"}],"predecessor-version":[{"id":77329,"href":"https:\/\/www.celttv.com.ar\/index.php\/wp-json\/wp\/v2\/posts\/77319\/revisions\/77329"}],"wp:featuredmedia":[{"embeddable":true,"href":"https:\/\/www.celttv.com.ar\/index.php\/wp-json\/wp\/v2\/media\/77325"}],"wp:attachment":[{"href":"https:\/\/www.celttv.com.ar\/index.php\/wp-json\/wp\/v2\/media?parent=77319"}],"wp:term":[{"taxonomy":"category","embeddable":true,"href":"https:\/\/www.celttv.com.ar\/index.php\/wp-json\/wp\/v2\/categories?post=77319"},{"taxonomy":"post_tag","embeddable":true,"href":"https:\/\/www.celttv.com.ar\/index.php\/wp-json\/wp\/v2\/tags?post=77319"}],"curies":[{"name":"wp","href":"https:\/\/api.w.org\/{rel}","templated":true}]}}