{"id":77332,"date":"2023-07-04T17:15:01","date_gmt":"2023-07-04T20:15:01","guid":{"rendered":"http:\/\/www.celttv.com.ar\/?p=77332"},"modified":"2023-07-04T17:15:01","modified_gmt":"2023-07-04T20:15:01","slug":"junto-a-optimus-prime-y-bumblebee-merlina-llega-al-teatro-rodolfo-funke","status":"publish","type":"post","link":"https:\/\/www.celttv.com.ar\/index.php\/2023\/07\/04\/junto-a-optimus-prime-y-bumblebee-merlina-llega-al-teatro-rodolfo-funke\/","title":{"rendered":"Junto a Optimus Prime y Bumblebee, \u2018Merlina\u2019 llega al Teatro Rodolfo Funke"},"content":{"rendered":"<p><em>Una propuesta imperdible llega en vacaciones de invierno al Teatro Municipal \u2018Rodolfo Funke\u2019. Merlina, la famosa hija de Homero y Morticia Addams, se presenta en la vida real a trav\u00e9s de una obra dirigida al p\u00fablico infantil.<\/em><\/p>\n<p><em>Ser\u00e1 el domingo 23 de julio a partir de las 18 hs y las entradas, que tienen un valor de $3000, se encuentran a la venta en e<\/em>l teatro.<\/p>\n<p>En un entretenido show, Merlina compartir\u00e1 junto a su familia y sus amigos una tarde desopilante y divertida, llena de juegos y m\u00fasica. Adem\u00e1s, recibir\u00e1 la visita inesperada de unos amigos de otras galaxias: Optimus Prime y Bumblebee.<\/p>\n<p>Apta para todo p\u00fablico, la obra apuesta a la interacci\u00f3n con grandes y chicos a trav\u00e9s del feedback entre el p\u00fablico y los actores, apelando a un formato muy actual y frecuente en otros lugares del mundo.<\/p>\n<p><img loading=\"lazy\" decoding=\"async\" class=\"alignnone wp-image-77333 size-full\" src=\"http:\/\/www.celttv.com.ar\/wp-content\/uploads\/2023\/07\/Merlina-Tqt.jpeg\" alt=\"\" width=\"1200\" height=\"823\" srcset=\"https:\/\/www.celttv.com.ar\/wp-content\/uploads\/2023\/07\/Merlina-Tqt.jpeg 1200w, https:\/\/www.celttv.com.ar\/wp-content\/uploads\/2023\/07\/Merlina-Tqt-300x206.jpeg 300w, https:\/\/www.celttv.com.ar\/wp-content\/uploads\/2023\/07\/Merlina-Tqt-1024x702.jpeg 1024w, https:\/\/www.celttv.com.ar\/wp-content\/uploads\/2023\/07\/Merlina-Tqt-768x527.jpeg 768w, https:\/\/www.celttv.com.ar\/wp-content\/uploads\/2023\/07\/Merlina-Tqt-750x514.jpeg 750w, https:\/\/www.celttv.com.ar\/wp-content\/uploads\/2023\/07\/Merlina-Tqt-1140x782.jpeg 1140w\" sizes=\"auto, (max-width: 1200px) 100vw, 1200px\" \/><\/p>\n","protected":false},"excerpt":{"rendered":"<p>Una propuesta imperdible llega en vacaciones de invierno al Teatro Municipal \u2018Rodolfo Funke\u2019. Merlina, la famosa hija de Homero y Morticia Addams, se presenta en la vida real a trav\u00e9s de una obra dirigida al p\u00fablico infantil. Ser\u00e1 el domingo 23 de julio a partir de las 18 hs y las entradas, que tienen un [&hellip;]<\/p>\n","protected":false},"author":5,"featured_media":77333,"comment_status":"closed","ping_status":"closed","sticky":false,"template":"","format":"standard","meta":{"footnotes":""},"categories":[51,26,52,59,58],"tags":[958,957],"class_list":["post-77332","post","type-post","status-publish","format-standard","has-post-thumbnail","hentry","category-comunidad","category-culture","category-destacadas","category-municipales","category-turismo","tag-merlina-llega-al-teatro-rodolfo-funke","tag-junto-a-optimus-prime-y-bumblebee"],"yoast_head":"<!-- This site is optimized with the Yoast SEO plugin v19.7.1 - https:\/\/yoast.com\/wordpress\/plugins\/seo\/ -->\n<title>Junto a Optimus Prime y Bumblebee, \u2018Merlina\u2019 llega al Teatro Rodolfo Funke - CELTTV<\/title>\n<meta name=\"description\" content=\"Sitio web de noticias de la localidad de Tornquist, provincia de Buenos Aires, Rep\u00fablica Argentina. Contenido propio originado por periodistas de CELTTV, el canal de TV local de la Cooperativa El\u00e9ctrica de Tornquist. Turismo, Pol\u00edtica, Sociedad, Deporte, Cultura y todo el contenido de inter\u00e9s general que la gente del pueblo y la regi\u00f3n debe conocer.\" \/>\n<meta name=\"robots\" content=\"index, follow, max-snippet:-1, max-image-preview:large, max-video-preview:-1\" \/>\n<link rel=\"canonical\" href=\"https:\/\/www.celttv.com.ar\/index.php\/2023\/07\/04\/junto-a-optimus-prime-y-bumblebee-merlina-llega-al-teatro-rodolfo-funke\/\" \/>\n<meta property=\"og:locale\" content=\"es_ES\" \/>\n<meta property=\"og:type\" content=\"article\" \/>\n<meta property=\"og:title\" content=\"Junto a Optimus Prime y Bumblebee, \u2018Merlina\u2019 llega al Teatro Rodolfo Funke - CELTTV\" \/>\n<meta property=\"og:description\" content=\"Sitio web de noticias de la localidad de Tornquist, provincia de Buenos Aires, Rep\u00fablica Argentina. Contenido propio originado por periodistas de CELTTV, el canal de TV local de la Cooperativa El\u00e9ctrica de Tornquist. Turismo, Pol\u00edtica, Sociedad, Deporte, Cultura y todo el contenido de inter\u00e9s general que la gente del pueblo y la regi\u00f3n debe conocer.\" \/>\n<meta property=\"og:url\" content=\"https:\/\/www.celttv.com.ar\/index.php\/2023\/07\/04\/junto-a-optimus-prime-y-bumblebee-merlina-llega-al-teatro-rodolfo-funke\/\" \/>\n<meta property=\"og:site_name\" content=\"CELTTV\" \/>\n<meta property=\"article:publisher\" content=\"https:\/\/www.facebook.com\/celtTV\/\" \/>\n<meta property=\"article:published_time\" content=\"2023-07-04T20:15:01+00:00\" \/>\n<meta property=\"og:image\" content=\"https:\/\/www.celttv.com.ar\/wp-content\/uploads\/2023\/07\/Merlina-Tqt.jpeg\" \/>\n\t<meta property=\"og:image:width\" content=\"1200\" \/>\n\t<meta property=\"og:image:height\" content=\"823\" \/>\n\t<meta property=\"og:image:type\" content=\"image\/jpeg\" \/>\n<meta name=\"author\" content=\"Miguel Herrada\" \/>\n<meta name=\"twitter:card\" content=\"summary_large_image\" \/>\n<meta name=\"twitter:label1\" content=\"Escrito por\" \/>\n\t<meta name=\"twitter:data1\" content=\"Miguel Herrada\" \/>\n\t<meta name=\"twitter:label2\" content=\"Tiempo de lectura\" \/>\n\t<meta name=\"twitter:data2\" content=\"1 minuto\" \/>\n<script type=\"application\/ld+json\" class=\"yoast-schema-graph\">{\"@context\":\"https:\/\/schema.org\",\"@graph\":[{\"@type\":\"NewsArticle\",\"@id\":\"https:\/\/www.celttv.com.ar\/index.php\/2023\/07\/04\/junto-a-optimus-prime-y-bumblebee-merlina-llega-al-teatro-rodolfo-funke\/#article\",\"isPartOf\":{\"@id\":\"https:\/\/www.celttv.com.ar\/index.php\/2023\/07\/04\/junto-a-optimus-prime-y-bumblebee-merlina-llega-al-teatro-rodolfo-funke\/\"},\"author\":{\"name\":\"Miguel Herrada\",\"@id\":\"https:\/\/www.celttv.com.ar\/#\/schema\/person\/9059dc91dc7204ef4182cdb65225f07d\"},\"headline\":\"Junto a Optimus Prime y Bumblebee, \u2018Merlina\u2019 llega al Teatro Rodolfo Funke\",\"datePublished\":\"2023-07-04T20:15:01+00:00\",\"dateModified\":\"2023-07-04T20:15:01+00:00\",\"mainEntityOfPage\":{\"@id\":\"https:\/\/www.celttv.com.ar\/index.php\/2023\/07\/04\/junto-a-optimus-prime-y-bumblebee-merlina-llega-al-teatro-rodolfo-funke\/\"},\"wordCount\":158,\"publisher\":{\"@id\":\"https:\/\/www.celttv.com.ar\/#organization\"},\"keywords\":[\"\u2018Merlina\u2019 llega al Teatro Rodolfo Funke\",\"Junto a Optimus Prime y Bumblebee\"],\"articleSection\":[\"Comunidad\",\"Culture\",\"Destacadas\",\"Municipales\",\"Turismo\"],\"inLanguage\":\"es\"},{\"@type\":\"WebPage\",\"@id\":\"https:\/\/www.celttv.com.ar\/index.php\/2023\/07\/04\/junto-a-optimus-prime-y-bumblebee-merlina-llega-al-teatro-rodolfo-funke\/\",\"url\":\"https:\/\/www.celttv.com.ar\/index.php\/2023\/07\/04\/junto-a-optimus-prime-y-bumblebee-merlina-llega-al-teatro-rodolfo-funke\/\",\"name\":\"Junto a Optimus Prime y Bumblebee, \u2018Merlina\u2019 llega al Teatro Rodolfo Funke - CELTTV\",\"isPartOf\":{\"@id\":\"https:\/\/www.celttv.com.ar\/#website\"},\"datePublished\":\"2023-07-04T20:15:01+00:00\",\"dateModified\":\"2023-07-04T20:15:01+00:00\",\"description\":\"Sitio web de noticias de la localidad de Tornquist, provincia de Buenos Aires, Rep\u00fablica Argentina. Contenido propio originado por periodistas de CELTTV, el canal de TV local de la Cooperativa El\u00e9ctrica de Tornquist. Turismo, Pol\u00edtica, Sociedad, Deporte, Cultura y todo el contenido de inter\u00e9s general que la gente del pueblo y la regi\u00f3n debe conocer.\",\"breadcrumb\":{\"@id\":\"https:\/\/www.celttv.com.ar\/index.php\/2023\/07\/04\/junto-a-optimus-prime-y-bumblebee-merlina-llega-al-teatro-rodolfo-funke\/#breadcrumb\"},\"inLanguage\":\"es\",\"potentialAction\":[{\"@type\":\"ReadAction\",\"target\":[\"https:\/\/www.celttv.com.ar\/index.php\/2023\/07\/04\/junto-a-optimus-prime-y-bumblebee-merlina-llega-al-teatro-rodolfo-funke\/\"]}]},{\"@type\":\"BreadcrumbList\",\"@id\":\"https:\/\/www.celttv.com.ar\/index.php\/2023\/07\/04\/junto-a-optimus-prime-y-bumblebee-merlina-llega-al-teatro-rodolfo-funke\/#breadcrumb\",\"itemListElement\":[{\"@type\":\"ListItem\",\"position\":1,\"name\":\"Inicio\",\"item\":\"https:\/\/www.celttv.com.ar\/\"},{\"@type\":\"ListItem\",\"position\":2,\"name\":\"Junto a Optimus Prime y Bumblebee, \u2018Merlina\u2019 llega al Teatro Rodolfo Funke\"}]},{\"@type\":\"WebSite\",\"@id\":\"https:\/\/www.celttv.com.ar\/#website\",\"url\":\"https:\/\/www.celttv.com.ar\/\",\"name\":\"CELTTV\",\"description\":\"Cooperativa El\u00e9ctrica de Tornquist\",\"publisher\":{\"@id\":\"https:\/\/www.celttv.com.ar\/#organization\"},\"potentialAction\":[{\"@type\":\"SearchAction\",\"target\":{\"@type\":\"EntryPoint\",\"urlTemplate\":\"https:\/\/www.celttv.com.ar\/?s={search_term_string}\"},\"query-input\":\"required name=search_term_string\"}],\"inLanguage\":\"es\"},{\"@type\":\"Organization\",\"@id\":\"https:\/\/www.celttv.com.ar\/#organization\",\"name\":\"CELTTV\",\"url\":\"https:\/\/www.celttv.com.ar\/\",\"sameAs\":[\"https:\/\/www.youtube.com\/channel\/UCz_oIt8Hig64Ub-EmcNPIhg\",\"https:\/\/www.facebook.com\/celtTV\/\"],\"logo\":{\"@type\":\"ImageObject\",\"inLanguage\":\"es\",\"@id\":\"https:\/\/www.celttv.com.ar\/#\/schema\/logo\/image\/\",\"url\":\"http:\/\/www.celttv.com.ar\/wp-content\/uploads\/2022\/08\/logo-1.png\",\"contentUrl\":\"http:\/\/www.celttv.com.ar\/wp-content\/uploads\/2022\/08\/logo-1.png\",\"width\":461,\"height\":159,\"caption\":\"CELTTV\"},\"image\":{\"@id\":\"https:\/\/www.celttv.com.ar\/#\/schema\/logo\/image\/\"}},{\"@type\":\"Person\",\"@id\":\"https:\/\/www.celttv.com.ar\/#\/schema\/person\/9059dc91dc7204ef4182cdb65225f07d\",\"name\":\"Miguel Herrada\",\"image\":{\"@type\":\"ImageObject\",\"inLanguage\":\"es\",\"@id\":\"https:\/\/www.celttv.com.ar\/#\/schema\/person\/image\/\",\"url\":\"https:\/\/secure.gravatar.com\/avatar\/67724d5b3c716623ffd76bec7e45841a442ac3b456e914dbba90b0fad2b8e0b1?s=96&d=mm&r=g\",\"contentUrl\":\"https:\/\/secure.gravatar.com\/avatar\/67724d5b3c716623ffd76bec7e45841a442ac3b456e914dbba90b0fad2b8e0b1?s=96&d=mm&r=g\",\"caption\":\"Miguel Herrada\"}}]}<\/script>\n<!-- \/ Yoast SEO plugin. -->","yoast_head_json":{"title":"Junto a Optimus Prime y Bumblebee, \u2018Merlina\u2019 llega al Teatro Rodolfo Funke - CELTTV","description":"Sitio web de noticias de la localidad de Tornquist, provincia de Buenos Aires, Rep\u00fablica Argentina. Contenido propio originado por periodistas de CELTTV, el canal de TV local de la Cooperativa El\u00e9ctrica de Tornquist. Turismo, Pol\u00edtica, Sociedad, Deporte, Cultura y todo el contenido de inter\u00e9s general que la gente del pueblo y la regi\u00f3n debe conocer.","robots":{"index":"index","follow":"follow","max-snippet":"max-snippet:-1","max-image-preview":"max-image-preview:large","max-video-preview":"max-video-preview:-1"},"canonical":"https:\/\/www.celttv.com.ar\/index.php\/2023\/07\/04\/junto-a-optimus-prime-y-bumblebee-merlina-llega-al-teatro-rodolfo-funke\/","og_locale":"es_ES","og_type":"article","og_title":"Junto a Optimus Prime y Bumblebee, \u2018Merlina\u2019 llega al Teatro Rodolfo Funke - CELTTV","og_description":"Sitio web de noticias de la localidad de Tornquist, provincia de Buenos Aires, Rep\u00fablica Argentina. Contenido propio originado por periodistas de CELTTV, el canal de TV local de la Cooperativa El\u00e9ctrica de Tornquist. Turismo, Pol\u00edtica, Sociedad, Deporte, Cultura y todo el contenido de inter\u00e9s general que la gente del pueblo y la regi\u00f3n debe conocer.","og_url":"https:\/\/www.celttv.com.ar\/index.php\/2023\/07\/04\/junto-a-optimus-prime-y-bumblebee-merlina-llega-al-teatro-rodolfo-funke\/","og_site_name":"CELTTV","article_publisher":"https:\/\/www.facebook.com\/celtTV\/","article_published_time":"2023-07-04T20:15:01+00:00","og_image":[{"width":1200,"height":823,"url":"https:\/\/www.celttv.com.ar\/wp-content\/uploads\/2023\/07\/Merlina-Tqt.jpeg","type":"image\/jpeg"}],"author":"Miguel Herrada","twitter_card":"summary_large_image","twitter_misc":{"Escrito por":"Miguel Herrada","Tiempo de lectura":"1 minuto"},"schema":{"@context":"https:\/\/schema.org","@graph":[{"@type":"NewsArticle","@id":"https:\/\/www.celttv.com.ar\/index.php\/2023\/07\/04\/junto-a-optimus-prime-y-bumblebee-merlina-llega-al-teatro-rodolfo-funke\/#article","isPartOf":{"@id":"https:\/\/www.celttv.com.ar\/index.php\/2023\/07\/04\/junto-a-optimus-prime-y-bumblebee-merlina-llega-al-teatro-rodolfo-funke\/"},"author":{"name":"Miguel Herrada","@id":"https:\/\/www.celttv.com.ar\/#\/schema\/person\/9059dc91dc7204ef4182cdb65225f07d"},"headline":"Junto a Optimus Prime y Bumblebee, \u2018Merlina\u2019 llega al Teatro Rodolfo Funke","datePublished":"2023-07-04T20:15:01+00:00","dateModified":"2023-07-04T20:15:01+00:00","mainEntityOfPage":{"@id":"https:\/\/www.celttv.com.ar\/index.php\/2023\/07\/04\/junto-a-optimus-prime-y-bumblebee-merlina-llega-al-teatro-rodolfo-funke\/"},"wordCount":158,"publisher":{"@id":"https:\/\/www.celttv.com.ar\/#organization"},"keywords":["\u2018Merlina\u2019 llega al Teatro Rodolfo Funke","Junto a Optimus Prime y Bumblebee"],"articleSection":["Comunidad","Culture","Destacadas","Municipales","Turismo"],"inLanguage":"es"},{"@type":"WebPage","@id":"https:\/\/www.celttv.com.ar\/index.php\/2023\/07\/04\/junto-a-optimus-prime-y-bumblebee-merlina-llega-al-teatro-rodolfo-funke\/","url":"https:\/\/www.celttv.com.ar\/index.php\/2023\/07\/04\/junto-a-optimus-prime-y-bumblebee-merlina-llega-al-teatro-rodolfo-funke\/","name":"Junto a Optimus Prime y Bumblebee, \u2018Merlina\u2019 llega al Teatro Rodolfo Funke - CELTTV","isPartOf":{"@id":"https:\/\/www.celttv.com.ar\/#website"},"datePublished":"2023-07-04T20:15:01+00:00","dateModified":"2023-07-04T20:15:01+00:00","description":"Sitio web de noticias de la localidad de Tornquist, provincia de Buenos Aires, Rep\u00fablica Argentina. Contenido propio originado por periodistas de CELTTV, el canal de TV local de la Cooperativa El\u00e9ctrica de Tornquist. Turismo, Pol\u00edtica, Sociedad, Deporte, Cultura y todo el contenido de inter\u00e9s general que la gente del pueblo y la regi\u00f3n debe conocer.","breadcrumb":{"@id":"https:\/\/www.celttv.com.ar\/index.php\/2023\/07\/04\/junto-a-optimus-prime-y-bumblebee-merlina-llega-al-teatro-rodolfo-funke\/#breadcrumb"},"inLanguage":"es","potentialAction":[{"@type":"ReadAction","target":["https:\/\/www.celttv.com.ar\/index.php\/2023\/07\/04\/junto-a-optimus-prime-y-bumblebee-merlina-llega-al-teatro-rodolfo-funke\/"]}]},{"@type":"BreadcrumbList","@id":"https:\/\/www.celttv.com.ar\/index.php\/2023\/07\/04\/junto-a-optimus-prime-y-bumblebee-merlina-llega-al-teatro-rodolfo-funke\/#breadcrumb","itemListElement":[{"@type":"ListItem","position":1,"name":"Inicio","item":"https:\/\/www.celttv.com.ar\/"},{"@type":"ListItem","position":2,"name":"Junto a Optimus Prime y Bumblebee, \u2018Merlina\u2019 llega al Teatro Rodolfo Funke"}]},{"@type":"WebSite","@id":"https:\/\/www.celttv.com.ar\/#website","url":"https:\/\/www.celttv.com.ar\/","name":"CELTTV","description":"Cooperativa El\u00e9ctrica de Tornquist","publisher":{"@id":"https:\/\/www.celttv.com.ar\/#organization"},"potentialAction":[{"@type":"SearchAction","target":{"@type":"EntryPoint","urlTemplate":"https:\/\/www.celttv.com.ar\/?s={search_term_string}"},"query-input":"required name=search_term_string"}],"inLanguage":"es"},{"@type":"Organization","@id":"https:\/\/www.celttv.com.ar\/#organization","name":"CELTTV","url":"https:\/\/www.celttv.com.ar\/","sameAs":["https:\/\/www.youtube.com\/channel\/UCz_oIt8Hig64Ub-EmcNPIhg","https:\/\/www.facebook.com\/celtTV\/"],"logo":{"@type":"ImageObject","inLanguage":"es","@id":"https:\/\/www.celttv.com.ar\/#\/schema\/logo\/image\/","url":"http:\/\/www.celttv.com.ar\/wp-content\/uploads\/2022\/08\/logo-1.png","contentUrl":"http:\/\/www.celttv.com.ar\/wp-content\/uploads\/2022\/08\/logo-1.png","width":461,"height":159,"caption":"CELTTV"},"image":{"@id":"https:\/\/www.celttv.com.ar\/#\/schema\/logo\/image\/"}},{"@type":"Person","@id":"https:\/\/www.celttv.com.ar\/#\/schema\/person\/9059dc91dc7204ef4182cdb65225f07d","name":"Miguel Herrada","image":{"@type":"ImageObject","inLanguage":"es","@id":"https:\/\/www.celttv.com.ar\/#\/schema\/person\/image\/","url":"https:\/\/secure.gravatar.com\/avatar\/67724d5b3c716623ffd76bec7e45841a442ac3b456e914dbba90b0fad2b8e0b1?s=96&d=mm&r=g","contentUrl":"https:\/\/secure.gravatar.com\/avatar\/67724d5b3c716623ffd76bec7e45841a442ac3b456e914dbba90b0fad2b8e0b1?s=96&d=mm&r=g","caption":"Miguel Herrada"}}]}},"_links":{"self":[{"href":"https:\/\/www.celttv.com.ar\/index.php\/wp-json\/wp\/v2\/posts\/77332","targetHints":{"allow":["GET"]}}],"collection":[{"href":"https:\/\/www.celttv.com.ar\/index.php\/wp-json\/wp\/v2\/posts"}],"about":[{"href":"https:\/\/www.celttv.com.ar\/index.php\/wp-json\/wp\/v2\/types\/post"}],"author":[{"embeddable":true,"href":"https:\/\/www.celttv.com.ar\/index.php\/wp-json\/wp\/v2\/users\/5"}],"replies":[{"embeddable":true,"href":"https:\/\/www.celttv.com.ar\/index.php\/wp-json\/wp\/v2\/comments?post=77332"}],"version-history":[{"count":1,"href":"https:\/\/www.celttv.com.ar\/index.php\/wp-json\/wp\/v2\/posts\/77332\/revisions"}],"predecessor-version":[{"id":77334,"href":"https:\/\/www.celttv.com.ar\/index.php\/wp-json\/wp\/v2\/posts\/77332\/revisions\/77334"}],"wp:featuredmedia":[{"embeddable":true,"href":"https:\/\/www.celttv.com.ar\/index.php\/wp-json\/wp\/v2\/media\/77333"}],"wp:attachment":[{"href":"https:\/\/www.celttv.com.ar\/index.php\/wp-json\/wp\/v2\/media?parent=77332"}],"wp:term":[{"taxonomy":"category","embeddable":true,"href":"https:\/\/www.celttv.com.ar\/index.php\/wp-json\/wp\/v2\/categories?post=77332"},{"taxonomy":"post_tag","embeddable":true,"href":"https:\/\/www.celttv.com.ar\/index.php\/wp-json\/wp\/v2\/tags?post=77332"}],"curies":[{"name":"wp","href":"https:\/\/api.w.org\/{rel}","templated":true}]}}