{"id":77605,"date":"2023-07-11T18:39:42","date_gmt":"2023-07-11T21:39:42","guid":{"rendered":"http:\/\/www.celttv.com.ar\/?p=77605"},"modified":"2023-07-11T18:39:42","modified_gmt":"2023-07-11T21:39:42","slug":"todos-los-videos-del-acto-y-desfile-del-dia-de-la-independencia-realizado-en-sierra-de-la-ventana-videos","status":"publish","type":"post","link":"https:\/\/www.celttv.com.ar\/index.php\/2023\/07\/11\/todos-los-videos-del-acto-y-desfile-del-dia-de-la-independencia-realizado-en-sierra-de-la-ventana-videos\/","title":{"rendered":"Todos los videos del acto y desfile del D\u00eda de la Independencia realizado en Sierra de la Ventana (Videos)"},"content":{"rendered":"<p>Con una importante participaci\u00f3n de los vecinos e instituciones intermedias de Sierra de la Ventana y el distrito, se realiz\u00f3 el acto y desfile por las calles de la localidad serrana en el marco del 207\u00b0 aniversario del D\u00eda de la Independencia.<\/p>\n<p><iframe loading=\"lazy\" title=\"2023 07 10 ACTO POR EL 9 DE JULIO 1   MONSE\u00d1OR JORGE LUIS WAGNER\" width=\"500\" height=\"281\" src=\"https:\/\/www.youtube.com\/embed\/P90-NnrtoYM?feature=oembed\" frameborder=\"0\" allow=\"accelerometer; autoplay; clipboard-write; encrypted-media; gyroscope; picture-in-picture; web-share\" referrerpolicy=\"strict-origin-when-cross-origin\" allowfullscreen><\/iframe><\/p>\n<p><iframe loading=\"lazy\" title=\"2023 07 10 ACTO POR EL 9 DE JULIO 2   SERGIO BORDONI\" width=\"500\" height=\"281\" src=\"https:\/\/www.youtube.com\/embed\/fBSiqJMn580?feature=oembed\" frameborder=\"0\" allow=\"accelerometer; autoplay; clipboard-write; encrypted-media; gyroscope; picture-in-picture; web-share\" referrerpolicy=\"strict-origin-when-cross-origin\" allowfullscreen><\/iframe><\/p>\n<p><em><strong>PERIC\u00d3N NACIONAL\u00a0<\/strong><\/em><\/p>\n<p><iframe loading=\"lazy\" title=\"2023 07 10 ACTO POR EL 9 DE JULIO 3   PERICON\" width=\"500\" height=\"281\" src=\"https:\/\/www.youtube.com\/embed\/kozI-Ryvjes?feature=oembed\" frameborder=\"0\" allow=\"accelerometer; autoplay; clipboard-write; encrypted-media; gyroscope; picture-in-picture; web-share\" referrerpolicy=\"strict-origin-when-cross-origin\" allowfullscreen><\/iframe><\/p>\n<p><em><strong>DESFILE\u00a0<\/strong><\/em><\/p>\n<p><iframe loading=\"lazy\" title=\"2023 07 10 ACTO POR EL 9 DE JULIO 4   DESFILE\" width=\"500\" height=\"281\" src=\"https:\/\/www.youtube.com\/embed\/_my0LnanGNA?feature=oembed\" frameborder=\"0\" allow=\"accelerometer; autoplay; clipboard-write; encrypted-media; gyroscope; picture-in-picture; web-share\" referrerpolicy=\"strict-origin-when-cross-origin\" allowfullscreen><\/iframe><\/p>\n","protected":false},"excerpt":{"rendered":"<p>Con una importante participaci\u00f3n de los vecinos e instituciones intermedias de Sierra de la Ventana y el distrito, se realiz\u00f3 el acto y desfile por las calles de la localidad serrana en el marco del 207\u00b0 aniversario del D\u00eda de la Independencia. PERIC\u00d3N NACIONAL\u00a0 DESFILE\u00a0<\/p>\n","protected":false},"author":3,"featured_media":77606,"comment_status":"closed","ping_status":"closed","sticky":false,"template":"","format":"standard","meta":{"footnotes":""},"categories":[55],"tags":[],"class_list":["post-77605","post","type-post","status-publish","format-standard","has-post-thumbnail","hentry","category-celt-tv-noticias"],"yoast_head":"<!-- This site is optimized with the Yoast SEO plugin v19.7.1 - https:\/\/yoast.com\/wordpress\/plugins\/seo\/ -->\n<title>Todos los videos del acto y desfile del D\u00eda de la Independencia realizado en Sierra de la Ventana (Videos) - CELTTV<\/title>\n<meta name=\"description\" content=\"Sitio web de noticias de la localidad de Tornquist, provincia de Buenos Aires, Rep\u00fablica Argentina. Contenido propio originado por periodistas de CELTTV, el canal de TV local de la Cooperativa El\u00e9ctrica de Tornquist. Turismo, Pol\u00edtica, Sociedad, Deporte, Cultura y todo el contenido de inter\u00e9s general que la gente del pueblo y la regi\u00f3n debe conocer.\" \/>\n<meta name=\"robots\" content=\"index, follow, max-snippet:-1, max-image-preview:large, max-video-preview:-1\" \/>\n<link rel=\"canonical\" href=\"https:\/\/www.celttv.com.ar\/index.php\/2023\/07\/11\/todos-los-videos-del-acto-y-desfile-del-dia-de-la-independencia-realizado-en-sierra-de-la-ventana-videos\/\" \/>\n<meta property=\"og:locale\" content=\"es_ES\" \/>\n<meta property=\"og:type\" content=\"article\" \/>\n<meta property=\"og:title\" content=\"Todos los videos del acto y desfile del D\u00eda de la Independencia realizado en Sierra de la Ventana (Videos) - CELTTV\" \/>\n<meta property=\"og:description\" content=\"Sitio web de noticias de la localidad de Tornquist, provincia de Buenos Aires, Rep\u00fablica Argentina. Contenido propio originado por periodistas de CELTTV, el canal de TV local de la Cooperativa El\u00e9ctrica de Tornquist. Turismo, Pol\u00edtica, Sociedad, Deporte, Cultura y todo el contenido de inter\u00e9s general que la gente del pueblo y la regi\u00f3n debe conocer.\" \/>\n<meta property=\"og:url\" content=\"https:\/\/www.celttv.com.ar\/index.php\/2023\/07\/11\/todos-los-videos-del-acto-y-desfile-del-dia-de-la-independencia-realizado-en-sierra-de-la-ventana-videos\/\" \/>\n<meta property=\"og:site_name\" content=\"CELTTV\" \/>\n<meta property=\"article:publisher\" content=\"https:\/\/www.facebook.com\/celtTV\/\" \/>\n<meta property=\"article:published_time\" content=\"2023-07-11T21:39:42+00:00\" \/>\n<meta property=\"og:image\" content=\"https:\/\/www.celttv.com.ar\/wp-content\/uploads\/2023\/07\/IMG_0700-Medium-1140x760-1.jpg\" \/>\n\t<meta property=\"og:image:width\" content=\"1140\" \/>\n\t<meta property=\"og:image:height\" content=\"760\" \/>\n\t<meta property=\"og:image:type\" content=\"image\/jpeg\" \/>\n<meta name=\"author\" content=\"Rodrigo Sgammini\" \/>\n<meta name=\"twitter:card\" content=\"summary_large_image\" \/>\n<meta name=\"twitter:label1\" content=\"Escrito por\" \/>\n\t<meta name=\"twitter:data1\" content=\"Rodrigo Sgammini\" \/>\n<script type=\"application\/ld+json\" class=\"yoast-schema-graph\">{\"@context\":\"https:\/\/schema.org\",\"@graph\":[{\"@type\":\"NewsArticle\",\"@id\":\"https:\/\/www.celttv.com.ar\/index.php\/2023\/07\/11\/todos-los-videos-del-acto-y-desfile-del-dia-de-la-independencia-realizado-en-sierra-de-la-ventana-videos\/#article\",\"isPartOf\":{\"@id\":\"https:\/\/www.celttv.com.ar\/index.php\/2023\/07\/11\/todos-los-videos-del-acto-y-desfile-del-dia-de-la-independencia-realizado-en-sierra-de-la-ventana-videos\/\"},\"author\":{\"name\":\"Rodrigo Sgammini\",\"@id\":\"https:\/\/www.celttv.com.ar\/#\/schema\/person\/495be51d064edd971d8457f8f64eb172\"},\"headline\":\"Todos los videos del acto y desfile del D\u00eda de la Independencia realizado en Sierra de la Ventana (Videos)\",\"datePublished\":\"2023-07-11T21:39:42+00:00\",\"dateModified\":\"2023-07-11T21:39:42+00:00\",\"mainEntityOfPage\":{\"@id\":\"https:\/\/www.celttv.com.ar\/index.php\/2023\/07\/11\/todos-los-videos-del-acto-y-desfile-del-dia-de-la-independencia-realizado-en-sierra-de-la-ventana-videos\/\"},\"wordCount\":85,\"publisher\":{\"@id\":\"https:\/\/www.celttv.com.ar\/#organization\"},\"articleSection\":[\"Celt TV Noticias\"],\"inLanguage\":\"es\"},{\"@type\":\"WebPage\",\"@id\":\"https:\/\/www.celttv.com.ar\/index.php\/2023\/07\/11\/todos-los-videos-del-acto-y-desfile-del-dia-de-la-independencia-realizado-en-sierra-de-la-ventana-videos\/\",\"url\":\"https:\/\/www.celttv.com.ar\/index.php\/2023\/07\/11\/todos-los-videos-del-acto-y-desfile-del-dia-de-la-independencia-realizado-en-sierra-de-la-ventana-videos\/\",\"name\":\"Todos los videos del acto y desfile del D\u00eda de la Independencia realizado en Sierra de la Ventana (Videos) - CELTTV\",\"isPartOf\":{\"@id\":\"https:\/\/www.celttv.com.ar\/#website\"},\"datePublished\":\"2023-07-11T21:39:42+00:00\",\"dateModified\":\"2023-07-11T21:39:42+00:00\",\"description\":\"Sitio web de noticias de la localidad de Tornquist, provincia de Buenos Aires, Rep\u00fablica Argentina. Contenido propio originado por periodistas de CELTTV, el canal de TV local de la Cooperativa El\u00e9ctrica de Tornquist. Turismo, Pol\u00edtica, Sociedad, Deporte, Cultura y todo el contenido de inter\u00e9s general que la gente del pueblo y la regi\u00f3n debe conocer.\",\"breadcrumb\":{\"@id\":\"https:\/\/www.celttv.com.ar\/index.php\/2023\/07\/11\/todos-los-videos-del-acto-y-desfile-del-dia-de-la-independencia-realizado-en-sierra-de-la-ventana-videos\/#breadcrumb\"},\"inLanguage\":\"es\",\"potentialAction\":[{\"@type\":\"ReadAction\",\"target\":[\"https:\/\/www.celttv.com.ar\/index.php\/2023\/07\/11\/todos-los-videos-del-acto-y-desfile-del-dia-de-la-independencia-realizado-en-sierra-de-la-ventana-videos\/\"]}]},{\"@type\":\"BreadcrumbList\",\"@id\":\"https:\/\/www.celttv.com.ar\/index.php\/2023\/07\/11\/todos-los-videos-del-acto-y-desfile-del-dia-de-la-independencia-realizado-en-sierra-de-la-ventana-videos\/#breadcrumb\",\"itemListElement\":[{\"@type\":\"ListItem\",\"position\":1,\"name\":\"Inicio\",\"item\":\"https:\/\/www.celttv.com.ar\/\"},{\"@type\":\"ListItem\",\"position\":2,\"name\":\"Todos los videos del acto y desfile del D\u00eda de la Independencia realizado en Sierra de la Ventana (Videos)\"}]},{\"@type\":\"WebSite\",\"@id\":\"https:\/\/www.celttv.com.ar\/#website\",\"url\":\"https:\/\/www.celttv.com.ar\/\",\"name\":\"CELTTV\",\"description\":\"Cooperativa El\u00e9ctrica de Tornquist\",\"publisher\":{\"@id\":\"https:\/\/www.celttv.com.ar\/#organization\"},\"potentialAction\":[{\"@type\":\"SearchAction\",\"target\":{\"@type\":\"EntryPoint\",\"urlTemplate\":\"https:\/\/www.celttv.com.ar\/?s={search_term_string}\"},\"query-input\":\"required name=search_term_string\"}],\"inLanguage\":\"es\"},{\"@type\":\"Organization\",\"@id\":\"https:\/\/www.celttv.com.ar\/#organization\",\"name\":\"CELTTV\",\"url\":\"https:\/\/www.celttv.com.ar\/\",\"sameAs\":[\"https:\/\/www.youtube.com\/channel\/UCz_oIt8Hig64Ub-EmcNPIhg\",\"https:\/\/www.facebook.com\/celtTV\/\"],\"logo\":{\"@type\":\"ImageObject\",\"inLanguage\":\"es\",\"@id\":\"https:\/\/www.celttv.com.ar\/#\/schema\/logo\/image\/\",\"url\":\"http:\/\/www.celttv.com.ar\/wp-content\/uploads\/2022\/08\/logo-1.png\",\"contentUrl\":\"http:\/\/www.celttv.com.ar\/wp-content\/uploads\/2022\/08\/logo-1.png\",\"width\":461,\"height\":159,\"caption\":\"CELTTV\"},\"image\":{\"@id\":\"https:\/\/www.celttv.com.ar\/#\/schema\/logo\/image\/\"}},{\"@type\":\"Person\",\"@id\":\"https:\/\/www.celttv.com.ar\/#\/schema\/person\/495be51d064edd971d8457f8f64eb172\",\"name\":\"Rodrigo Sgammini\",\"image\":{\"@type\":\"ImageObject\",\"inLanguage\":\"es\",\"@id\":\"https:\/\/www.celttv.com.ar\/#\/schema\/person\/image\/\",\"url\":\"https:\/\/secure.gravatar.com\/avatar\/68f7848d42735e7a9276b47cd6e606327d88f521c51ae39d88888b76902e2987?s=96&d=mm&r=g\",\"contentUrl\":\"https:\/\/secure.gravatar.com\/avatar\/68f7848d42735e7a9276b47cd6e606327d88f521c51ae39d88888b76902e2987?s=96&d=mm&r=g\",\"caption\":\"Rodrigo Sgammini\"}}]}<\/script>\n<!-- \/ Yoast SEO plugin. -->","yoast_head_json":{"title":"Todos los videos del acto y desfile del D\u00eda de la Independencia realizado en Sierra de la Ventana (Videos) - CELTTV","description":"Sitio web de noticias de la localidad de Tornquist, provincia de Buenos Aires, Rep\u00fablica Argentina. Contenido propio originado por periodistas de CELTTV, el canal de TV local de la Cooperativa El\u00e9ctrica de Tornquist. Turismo, Pol\u00edtica, Sociedad, Deporte, Cultura y todo el contenido de inter\u00e9s general que la gente del pueblo y la regi\u00f3n debe conocer.","robots":{"index":"index","follow":"follow","max-snippet":"max-snippet:-1","max-image-preview":"max-image-preview:large","max-video-preview":"max-video-preview:-1"},"canonical":"https:\/\/www.celttv.com.ar\/index.php\/2023\/07\/11\/todos-los-videos-del-acto-y-desfile-del-dia-de-la-independencia-realizado-en-sierra-de-la-ventana-videos\/","og_locale":"es_ES","og_type":"article","og_title":"Todos los videos del acto y desfile del D\u00eda de la Independencia realizado en Sierra de la Ventana (Videos) - CELTTV","og_description":"Sitio web de noticias de la localidad de Tornquist, provincia de Buenos Aires, Rep\u00fablica Argentina. Contenido propio originado por periodistas de CELTTV, el canal de TV local de la Cooperativa El\u00e9ctrica de Tornquist. Turismo, Pol\u00edtica, Sociedad, Deporte, Cultura y todo el contenido de inter\u00e9s general que la gente del pueblo y la regi\u00f3n debe conocer.","og_url":"https:\/\/www.celttv.com.ar\/index.php\/2023\/07\/11\/todos-los-videos-del-acto-y-desfile-del-dia-de-la-independencia-realizado-en-sierra-de-la-ventana-videos\/","og_site_name":"CELTTV","article_publisher":"https:\/\/www.facebook.com\/celtTV\/","article_published_time":"2023-07-11T21:39:42+00:00","og_image":[{"width":1140,"height":760,"url":"https:\/\/www.celttv.com.ar\/wp-content\/uploads\/2023\/07\/IMG_0700-Medium-1140x760-1.jpg","type":"image\/jpeg"}],"author":"Rodrigo Sgammini","twitter_card":"summary_large_image","twitter_misc":{"Escrito por":"Rodrigo Sgammini"},"schema":{"@context":"https:\/\/schema.org","@graph":[{"@type":"NewsArticle","@id":"https:\/\/www.celttv.com.ar\/index.php\/2023\/07\/11\/todos-los-videos-del-acto-y-desfile-del-dia-de-la-independencia-realizado-en-sierra-de-la-ventana-videos\/#article","isPartOf":{"@id":"https:\/\/www.celttv.com.ar\/index.php\/2023\/07\/11\/todos-los-videos-del-acto-y-desfile-del-dia-de-la-independencia-realizado-en-sierra-de-la-ventana-videos\/"},"author":{"name":"Rodrigo Sgammini","@id":"https:\/\/www.celttv.com.ar\/#\/schema\/person\/495be51d064edd971d8457f8f64eb172"},"headline":"Todos los videos del acto y desfile del D\u00eda de la Independencia realizado en Sierra de la Ventana (Videos)","datePublished":"2023-07-11T21:39:42+00:00","dateModified":"2023-07-11T21:39:42+00:00","mainEntityOfPage":{"@id":"https:\/\/www.celttv.com.ar\/index.php\/2023\/07\/11\/todos-los-videos-del-acto-y-desfile-del-dia-de-la-independencia-realizado-en-sierra-de-la-ventana-videos\/"},"wordCount":85,"publisher":{"@id":"https:\/\/www.celttv.com.ar\/#organization"},"articleSection":["Celt TV Noticias"],"inLanguage":"es"},{"@type":"WebPage","@id":"https:\/\/www.celttv.com.ar\/index.php\/2023\/07\/11\/todos-los-videos-del-acto-y-desfile-del-dia-de-la-independencia-realizado-en-sierra-de-la-ventana-videos\/","url":"https:\/\/www.celttv.com.ar\/index.php\/2023\/07\/11\/todos-los-videos-del-acto-y-desfile-del-dia-de-la-independencia-realizado-en-sierra-de-la-ventana-videos\/","name":"Todos los videos del acto y desfile del D\u00eda de la Independencia realizado en Sierra de la Ventana (Videos) - CELTTV","isPartOf":{"@id":"https:\/\/www.celttv.com.ar\/#website"},"datePublished":"2023-07-11T21:39:42+00:00","dateModified":"2023-07-11T21:39:42+00:00","description":"Sitio web de noticias de la localidad de Tornquist, provincia de Buenos Aires, Rep\u00fablica Argentina. Contenido propio originado por periodistas de CELTTV, el canal de TV local de la Cooperativa El\u00e9ctrica de Tornquist. Turismo, Pol\u00edtica, Sociedad, Deporte, Cultura y todo el contenido de inter\u00e9s general que la gente del pueblo y la regi\u00f3n debe conocer.","breadcrumb":{"@id":"https:\/\/www.celttv.com.ar\/index.php\/2023\/07\/11\/todos-los-videos-del-acto-y-desfile-del-dia-de-la-independencia-realizado-en-sierra-de-la-ventana-videos\/#breadcrumb"},"inLanguage":"es","potentialAction":[{"@type":"ReadAction","target":["https:\/\/www.celttv.com.ar\/index.php\/2023\/07\/11\/todos-los-videos-del-acto-y-desfile-del-dia-de-la-independencia-realizado-en-sierra-de-la-ventana-videos\/"]}]},{"@type":"BreadcrumbList","@id":"https:\/\/www.celttv.com.ar\/index.php\/2023\/07\/11\/todos-los-videos-del-acto-y-desfile-del-dia-de-la-independencia-realizado-en-sierra-de-la-ventana-videos\/#breadcrumb","itemListElement":[{"@type":"ListItem","position":1,"name":"Inicio","item":"https:\/\/www.celttv.com.ar\/"},{"@type":"ListItem","position":2,"name":"Todos los videos del acto y desfile del D\u00eda de la Independencia realizado en Sierra de la Ventana (Videos)"}]},{"@type":"WebSite","@id":"https:\/\/www.celttv.com.ar\/#website","url":"https:\/\/www.celttv.com.ar\/","name":"CELTTV","description":"Cooperativa El\u00e9ctrica de Tornquist","publisher":{"@id":"https:\/\/www.celttv.com.ar\/#organization"},"potentialAction":[{"@type":"SearchAction","target":{"@type":"EntryPoint","urlTemplate":"https:\/\/www.celttv.com.ar\/?s={search_term_string}"},"query-input":"required name=search_term_string"}],"inLanguage":"es"},{"@type":"Organization","@id":"https:\/\/www.celttv.com.ar\/#organization","name":"CELTTV","url":"https:\/\/www.celttv.com.ar\/","sameAs":["https:\/\/www.youtube.com\/channel\/UCz_oIt8Hig64Ub-EmcNPIhg","https:\/\/www.facebook.com\/celtTV\/"],"logo":{"@type":"ImageObject","inLanguage":"es","@id":"https:\/\/www.celttv.com.ar\/#\/schema\/logo\/image\/","url":"http:\/\/www.celttv.com.ar\/wp-content\/uploads\/2022\/08\/logo-1.png","contentUrl":"http:\/\/www.celttv.com.ar\/wp-content\/uploads\/2022\/08\/logo-1.png","width":461,"height":159,"caption":"CELTTV"},"image":{"@id":"https:\/\/www.celttv.com.ar\/#\/schema\/logo\/image\/"}},{"@type":"Person","@id":"https:\/\/www.celttv.com.ar\/#\/schema\/person\/495be51d064edd971d8457f8f64eb172","name":"Rodrigo Sgammini","image":{"@type":"ImageObject","inLanguage":"es","@id":"https:\/\/www.celttv.com.ar\/#\/schema\/person\/image\/","url":"https:\/\/secure.gravatar.com\/avatar\/68f7848d42735e7a9276b47cd6e606327d88f521c51ae39d88888b76902e2987?s=96&d=mm&r=g","contentUrl":"https:\/\/secure.gravatar.com\/avatar\/68f7848d42735e7a9276b47cd6e606327d88f521c51ae39d88888b76902e2987?s=96&d=mm&r=g","caption":"Rodrigo Sgammini"}}]}},"_links":{"self":[{"href":"https:\/\/www.celttv.com.ar\/index.php\/wp-json\/wp\/v2\/posts\/77605","targetHints":{"allow":["GET"]}}],"collection":[{"href":"https:\/\/www.celttv.com.ar\/index.php\/wp-json\/wp\/v2\/posts"}],"about":[{"href":"https:\/\/www.celttv.com.ar\/index.php\/wp-json\/wp\/v2\/types\/post"}],"author":[{"embeddable":true,"href":"https:\/\/www.celttv.com.ar\/index.php\/wp-json\/wp\/v2\/users\/3"}],"replies":[{"embeddable":true,"href":"https:\/\/www.celttv.com.ar\/index.php\/wp-json\/wp\/v2\/comments?post=77605"}],"version-history":[{"count":1,"href":"https:\/\/www.celttv.com.ar\/index.php\/wp-json\/wp\/v2\/posts\/77605\/revisions"}],"predecessor-version":[{"id":77607,"href":"https:\/\/www.celttv.com.ar\/index.php\/wp-json\/wp\/v2\/posts\/77605\/revisions\/77607"}],"wp:featuredmedia":[{"embeddable":true,"href":"https:\/\/www.celttv.com.ar\/index.php\/wp-json\/wp\/v2\/media\/77606"}],"wp:attachment":[{"href":"https:\/\/www.celttv.com.ar\/index.php\/wp-json\/wp\/v2\/media?parent=77605"}],"wp:term":[{"taxonomy":"category","embeddable":true,"href":"https:\/\/www.celttv.com.ar\/index.php\/wp-json\/wp\/v2\/categories?post=77605"},{"taxonomy":"post_tag","embeddable":true,"href":"https:\/\/www.celttv.com.ar\/index.php\/wp-json\/wp\/v2\/tags?post=77605"}],"curies":[{"name":"wp","href":"https:\/\/api.w.org\/{rel}","templated":true}]}}