{"id":7777,"date":"2012-08-18T00:48:07","date_gmt":"2012-08-18T00:48:07","guid":{"rendered":"http:\/\/www.tvcnoticias.com.ar\/?p=7777"},"modified":"2012-08-18T00:48:07","modified_gmt":"2012-08-18T00:48:07","slug":"tornquist-presente-en-una-importante-agenda-de-trabajo-con-el-ministro-de-bido-la-opinion-del-intendente-municipal","status":"publish","type":"post","link":"https:\/\/www.celttv.com.ar\/index.php\/2012\/08\/18\/tornquist-presente-en-una-importante-agenda-de-trabajo-con-el-ministro-de-bido-la-opinion-del-intendente-municipal\/","title":{"rendered":"TORNQUIST PRESENTE EN UNA IMPORTANTE AGENDA DE TRABAJO CON EL MINISTRO DE VIDO (La opini\u00f3n del Intendente Municipal)"},"content":{"rendered":"<p><span style=\"font-size: xx-large;\">\u00a0<\/span><\/p>\n<div><span style=\"font-size: xx-large;\">\u00a0<\/span>\u00a0<\/div>\n<p>\u00a0<\/p>\n<div id=\"_mcePaste\" class=\"mcePaste\" style=\"left: -10000px; overflow: hidden; width: 1px; position: absolute; top: 0px; height: 1px;\">\ufeff<\/div>\n<p>La mejora del corredor tur\u00edstico, la ejecuci\u00f3n de obras de infraestructura b\u00e1sica, la construcci\u00f3n de viviendas, el acondicionamiento de espacios p\u00fablicos, la implementaci\u00f3n de la Televisi\u00f3n Digital Abierta (TDA) y el fortalecimiento cultural del distrito fueron los ejes principales del pedido de obras que el intendente municipal, licenciado Gustavo Trankels, present\u00f3 frente al ministro de Planificaci\u00f3n Federal, Inversi\u00f3n P\u00fablica y Servicios, Julio De Vido, en el marco de un encuentro sostenido con jefes comunales de la Sexta Secci\u00f3n Electoral en el Sal\u00f3n Belgrano del Palacio de Hacienda.<br \/>\n\u00a0\u00a0 El titular distrital realiz\u00f3 una alocuci\u00f3n de aproximadamente 10 minutos, durante la cual, adem\u00e1s de plantear la demandas existentes en infraestructura y las ejecuciones que podr\u00edan incluirse dentro del plan que <strong>se<\/strong> elaborar\u00e1 para el bienio 2012-2013, realiz\u00f3 una breve descripci\u00f3n sobre la actualidad del partido.<br \/>\n\u00a0\u00a0 \u201cNuestro distrito es muy amplio, con m\u00e1s de 418 mil hect\u00e1reas de extensi\u00f3n, con 10 localidades, siete centros urbanos y 3 rurales, que hace que la demanda en servicio y equipamiento sea muy diverso y de mayor complejidad\u201d, destac\u00f3 el intendente en el inicio de su exposici\u00f3n, antes de describir el importante listado de obras solicitadas y repasar las que se encuentran en ejecuci\u00f3n o comprometidas por parte del Estado Nacional.<br \/>\n\u00a0\u00a0 Tanto los proyectos presentados por Trankels como los del resto de los jefes comunales ser\u00e1n analizados por los equipos del ministerio, que le otorgar\u00e1n prioridad a aquellos que tengan una demanda intensiva de mano de obra y que beneficien a la mayor cantidad de gente posible.<br \/>\n\u00a0\u00a0 Entre las obras solicitadas figuran la construcci\u00f3n de desag\u00fces cloacales para la localidad de Saldungaray y la extensi\u00f3n de los mismos en la ciudad cabecera; obras de gas, cord\u00f3n cuneta e iluminaci\u00f3n para diferentes barrios del distrito; construcci\u00f3n de viviendas y la repavimentaci\u00f3n de la ruta provincial 72, en el tramo entre Saldungaray y Sierra de la Ventana, y de las colectoras de la avenida principal de Sierra de la Ventana.<br \/>\n\u00a0\u00a0 Tambi\u00e9n incluy\u00f3 la segunda etapa del edificio de la Escuela Agropecuaria de Villa Ventana, infraestructura para el Sector Agroindustrial Planificado, obras para provisi\u00f3n de agua potable en Tornquist, equipamiento para el Teatro Municipal \u201cRodolfo Funke\u201d, la ampliaci\u00f3n del Geri\u00e1trico Municipal y el fortalecimiento del plan de Residuos S\u00f3lidos Urbanos.<br \/>\n\u00a0\u00a0 Finalmente, se solicit\u00f3 la posibilidad de incorporar la segunda etapa de remodelaci\u00f3n de la Plaza \u201cErnesto Tornquist\u201d, una senda peatonal hacia el Centro de Formaci\u00f3n Profesional, la construcci\u00f3n de un Centro Cultural para Sierra de la Ventana y la Casa de la Cultura en Tornquist y la posibilidad de contar con el servicio de Televisi\u00f3n Digital Abierta.<br \/>\n\u00a0\u00a0 Antes de finalizar la presentaci\u00f3n, Trankels pidi\u00f3 por la pavimentaci\u00f3n de la ruta provincial 76, entre el acceso a Tornquist y Chasic\u00f3.<br \/>\n\u00a0\u00a0 \u201cComo la presidenta Cristina Fern\u00e1ndez nos devolvi\u00f3 la esperanza a todos, quiero plantear una obra que no est\u00e1 relacionada con este plan: la vinculaci\u00f3n del este con el oeste del distrito, uniendo las rutas nacionales 33 y 35\u201d, explic\u00f3 el intendente.<br \/>\n\u00a0\u00a0 \u201cEs un viejo anhelo poderlo lograr. Vincular\u00eda a la zona m\u00e1s afectada clim\u00e1ticamente del distrito, generando la posibilidad de nuevos emprendimientos y mejorando la accesibilidad a toda la regi\u00f3n del Puerto de Bah\u00eda Blanca. S\u00e9 que se trata de un anhelo muy grande, pero antes de que asumieran N\u00e9stor y Cristina hab\u00eda obras que s\u00f3lo ocupaban un lugar en nuestros sue\u00f1os y hoy las vemos al alcance de las manos\u201d, cerr\u00f3.<br \/>\n\u00a0\u00a0 El listado definitivo de obras, que comenzar\u00edan a ejecutarse en diciembre, se conocer\u00e1 en futuras reuniones programadas para las pr\u00f3ximas semanas.<br \/>\n\u00a0\u00a0 El intendente Trankels estuvo acompa\u00f1ado por el secretario de Gobierno y Hacienda, Guillermo L\u00f6ffler; la secretaria de Obras y Servicios P\u00fablicos, Anabella Madue\u00f1a; y el subsecretario de Asuntos Legales, afectado al \u00e1rea de Obras P\u00fablicas, Ignacio Bethchold.<br \/>\n\u00a0\u00a0 Los otros intendentes de la regi\u00f3n que participaron fueron Jos\u00e9 Mart\u00ednez (Adolfo Gonzales Chaves), Gustavo Bevilacqua (Bah\u00eda Blanca), Jabier Garc\u00e9s (Patagones), Ricardo Moccero (Coronel Su\u00e1rez), Juan Carlos Pellita (General La Madrid), N\u00e9stor \u00c1lvarez (Guamin\u00ed), Alfredo Fisher (Laprida), Marcos Fern\u00e1ndez (Monte Hermoso), Alejandro Corvatta (Saavedra), Roberto Alvarez (Tres Lomas) y Patricia Cobello (Villarino). Adem\u00e1s, en representaci\u00f3n de N\u00e9stor Starc (Coronel Rosales), estuvo la secretaria de Obras y Servicios, Liliana Pereyra Huerta.<br \/>\n\u00a0\u00a0 En sus exposiciones, los jefes comunales presentaron proyectos vinculados a agua potable, desag\u00fces cloacales, redes de gas, construcci\u00f3n y mejoramiento de viviendas, reparaci\u00f3n y ampliaci\u00f3n de plazas, accesos, polideportivos, espacios recreativos, tratamiento de residuos, ampliaci\u00f3n de hospitales y centros de salud, escuelas, pavimento.<br \/>\n\u00a0\u00a0 \u201cDurante la exposici\u00f3n de cada uno de los intendentes, estuvimos trabajando muy fuertemente en\u00a0 la generaci\u00f3n de puestos de trabajo y de soluci\u00f3n de infraestructura de los pueblos, que es la infraestructura que venimos planificando durante todos estos a\u00f1os,\u00a0 de acuerdo a lo que determin\u00f3 la presidenta Cristina Fern\u00e1ndez y el contexto econ\u00f3mico internacional\u201d, asegur\u00f3 De Vido.<br \/>\n\u00a0\u00a0 \u201cEn estas reuniones hemos atendido a m\u00e1s de 88 intendentes. La cantidad de poblaci\u00f3n con la que hemos estado reunida en t\u00e9rminos de sus representantes leg\u00edtimos que son los intendentes est\u00e1 en el orden de los 11 millones y medio de habitantes\u201d, a\u00f1adi\u00f3.<br \/>\n\u00a0\u00a0 \u201cUnos creen que es posible volver al modelo de 2001. Ese modelo fracas\u00f3 rotundamente y nadie est\u00e1 dispuesto a negociar el retorno al a\u00f1o 2001, porque el modelo es innegociable. Muchos se ponen nerviosos, el modelo es innegociable porque nadie est\u00e1 dispuesto a perder lo que obtuvo durante estos a\u00f1os, la inclusi\u00f3n que genera este modelo\u201d, ampli\u00f3.<br \/>\n\u00a0\u00a0 Por parte del Ministerio de Planificaci\u00f3n estuvieron el secretario de Determinantes de la Salud y Relaciones Sanitarias de la Naci\u00f3n, Eduardo Mario Bustos Villar;\u00a0 el secretario\u00a0 de Obras P\u00fablicas, Jos\u00e9 L\u00f3pez; el secretario de Trasporte, Alejandro Ramos; el subsecretario de Coordinaci\u00f3n de Pol\u00edtica Ambiental de la Secretaria de Ambiente y Desarrollo Sustentable, Ariel L\u00f3pez;\u00a0 el subsecretario de Recursos H\u00eddricos, Edgardo Bortolozzi; el subsecretario de Obras P\u00fablicas, Abel Fatala; el Administrador de la Direcci\u00f3n Nacional de Vialidad (DNV), Nelson Periotti, y\u00a0 el Coordinador General de la Unidad de Coordinaci\u00f3n de Programas y Proyectos con Financiamiento Externo, Pablo Abal Medina.<\/p>\n<h5 style=\"text-align: justify;\">httpv:\/\/www.youtube.com\/watch?v=XqeJPgU4lr8<\/h5>\n<p style=\"text-align: justify;\">\u00a0<\/p>\n","protected":false},"excerpt":{"rendered":"<p>\u00a0 \u00a0\u00a0 \u00a0 \ufeff La mejora del corredor tur\u00edstico, la ejecuci\u00f3n de obras de infraestructura b\u00e1sica, la construcci\u00f3n de viviendas, el acondicionamiento de espacios p\u00fablicos, la implementaci\u00f3n de la Televisi\u00f3n Digital Abierta (TDA) y el fortalecimiento cultural del distrito fueron los ejes principales del pedido de obras que el intendente municipal, licenciado Gustavo Trankels, present\u00f3 [&hellip;]<\/p>\n","protected":false},"author":1,"featured_media":0,"comment_status":"closed","ping_status":"open","sticky":false,"template":"","format":"standard","meta":{"footnotes":""},"categories":[52,53,64],"tags":[],"class_list":["post-7777","post","type-post","status-publish","format-standard","hentry","category-destacadas","category-politica","category-videos-destacados"],"yoast_head":"<!-- This site is optimized with the Yoast SEO plugin v19.7.1 - https:\/\/yoast.com\/wordpress\/plugins\/seo\/ -->\n<title>TORNQUIST PRESENTE EN UNA IMPORTANTE AGENDA DE TRABAJO CON EL MINISTRO DE VIDO (La opini\u00f3n del Intendente Municipal) - CELTTV<\/title>\n<meta name=\"description\" content=\"Sitio web de noticias de la localidad de Tornquist, provincia de Buenos Aires, Rep\u00fablica Argentina. Contenido propio originado por periodistas de CELTTV, el canal de TV local de la Cooperativa El\u00e9ctrica de Tornquist. Turismo, Pol\u00edtica, Sociedad, Deporte, Cultura y todo el contenido de inter\u00e9s general que la gente del pueblo y la regi\u00f3n debe conocer.\" \/>\n<meta name=\"robots\" content=\"index, follow, max-snippet:-1, max-image-preview:large, max-video-preview:-1\" \/>\n<link rel=\"canonical\" href=\"https:\/\/www.celttv.com.ar\/index.php\/2012\/08\/18\/tornquist-presente-en-una-importante-agenda-de-trabajo-con-el-ministro-de-bido-la-opinion-del-intendente-municipal\/\" \/>\n<meta property=\"og:locale\" content=\"es_ES\" \/>\n<meta property=\"og:type\" content=\"article\" \/>\n<meta property=\"og:title\" content=\"TORNQUIST PRESENTE EN UNA IMPORTANTE AGENDA DE TRABAJO CON EL MINISTRO DE VIDO (La opini\u00f3n del Intendente Municipal) - CELTTV\" \/>\n<meta property=\"og:description\" content=\"Sitio web de noticias de la localidad de Tornquist, provincia de Buenos Aires, Rep\u00fablica Argentina. Contenido propio originado por periodistas de CELTTV, el canal de TV local de la Cooperativa El\u00e9ctrica de Tornquist. Turismo, Pol\u00edtica, Sociedad, Deporte, Cultura y todo el contenido de inter\u00e9s general que la gente del pueblo y la regi\u00f3n debe conocer.\" \/>\n<meta property=\"og:url\" content=\"https:\/\/www.celttv.com.ar\/index.php\/2012\/08\/18\/tornquist-presente-en-una-importante-agenda-de-trabajo-con-el-ministro-de-bido-la-opinion-del-intendente-municipal\/\" \/>\n<meta property=\"og:site_name\" content=\"CELTTV\" \/>\n<meta property=\"article:publisher\" content=\"https:\/\/www.facebook.com\/celtTV\/\" \/>\n<meta property=\"article:published_time\" content=\"2012-08-18T00:48:07+00:00\" \/>\n<meta name=\"author\" content=\"ulises\" \/>\n<meta name=\"twitter:card\" content=\"summary_large_image\" \/>\n<meta name=\"twitter:label1\" content=\"Escrito por\" \/>\n\t<meta name=\"twitter:data1\" content=\"ulises\" \/>\n\t<meta name=\"twitter:label2\" content=\"Tiempo de lectura\" \/>\n\t<meta name=\"twitter:data2\" content=\"5 minutos\" \/>\n<script type=\"application\/ld+json\" class=\"yoast-schema-graph\">{\"@context\":\"https:\/\/schema.org\",\"@graph\":[{\"@type\":\"NewsArticle\",\"@id\":\"https:\/\/www.celttv.com.ar\/index.php\/2012\/08\/18\/tornquist-presente-en-una-importante-agenda-de-trabajo-con-el-ministro-de-bido-la-opinion-del-intendente-municipal\/#article\",\"isPartOf\":{\"@id\":\"https:\/\/www.celttv.com.ar\/index.php\/2012\/08\/18\/tornquist-presente-en-una-importante-agenda-de-trabajo-con-el-ministro-de-bido-la-opinion-del-intendente-municipal\/\"},\"author\":{\"name\":\"ulises\",\"@id\":\"https:\/\/www.celttv.com.ar\/#\/schema\/person\/6d99c072dba59953809c81446e9d0ace\"},\"headline\":\"TORNQUIST PRESENTE EN UNA IMPORTANTE AGENDA DE TRABAJO CON EL MINISTRO DE VIDO (La opini\u00f3n del Intendente Municipal)\",\"datePublished\":\"2012-08-18T00:48:07+00:00\",\"dateModified\":\"2012-08-18T00:48:07+00:00\",\"mainEntityOfPage\":{\"@id\":\"https:\/\/www.celttv.com.ar\/index.php\/2012\/08\/18\/tornquist-presente-en-una-importante-agenda-de-trabajo-con-el-ministro-de-bido-la-opinion-del-intendente-municipal\/\"},\"wordCount\":1101,\"publisher\":{\"@id\":\"https:\/\/www.celttv.com.ar\/#organization\"},\"articleSection\":[\"Destacadas\",\"Pol\u00edtica\",\"Videos Destacados\"],\"inLanguage\":\"es\"},{\"@type\":\"WebPage\",\"@id\":\"https:\/\/www.celttv.com.ar\/index.php\/2012\/08\/18\/tornquist-presente-en-una-importante-agenda-de-trabajo-con-el-ministro-de-bido-la-opinion-del-intendente-municipal\/\",\"url\":\"https:\/\/www.celttv.com.ar\/index.php\/2012\/08\/18\/tornquist-presente-en-una-importante-agenda-de-trabajo-con-el-ministro-de-bido-la-opinion-del-intendente-municipal\/\",\"name\":\"TORNQUIST PRESENTE EN UNA IMPORTANTE AGENDA DE TRABAJO CON EL MINISTRO DE VIDO (La opini\u00f3n del Intendente Municipal) - CELTTV\",\"isPartOf\":{\"@id\":\"https:\/\/www.celttv.com.ar\/#website\"},\"datePublished\":\"2012-08-18T00:48:07+00:00\",\"dateModified\":\"2012-08-18T00:48:07+00:00\",\"description\":\"Sitio web de noticias de la localidad de Tornquist, provincia de Buenos Aires, Rep\u00fablica Argentina. Contenido propio originado por periodistas de CELTTV, el canal de TV local de la Cooperativa El\u00e9ctrica de Tornquist. Turismo, Pol\u00edtica, Sociedad, Deporte, Cultura y todo el contenido de inter\u00e9s general que la gente del pueblo y la regi\u00f3n debe conocer.\",\"breadcrumb\":{\"@id\":\"https:\/\/www.celttv.com.ar\/index.php\/2012\/08\/18\/tornquist-presente-en-una-importante-agenda-de-trabajo-con-el-ministro-de-bido-la-opinion-del-intendente-municipal\/#breadcrumb\"},\"inLanguage\":\"es\",\"potentialAction\":[{\"@type\":\"ReadAction\",\"target\":[\"https:\/\/www.celttv.com.ar\/index.php\/2012\/08\/18\/tornquist-presente-en-una-importante-agenda-de-trabajo-con-el-ministro-de-bido-la-opinion-del-intendente-municipal\/\"]}]},{\"@type\":\"BreadcrumbList\",\"@id\":\"https:\/\/www.celttv.com.ar\/index.php\/2012\/08\/18\/tornquist-presente-en-una-importante-agenda-de-trabajo-con-el-ministro-de-bido-la-opinion-del-intendente-municipal\/#breadcrumb\",\"itemListElement\":[{\"@type\":\"ListItem\",\"position\":1,\"name\":\"Inicio\",\"item\":\"https:\/\/www.celttv.com.ar\/\"},{\"@type\":\"ListItem\",\"position\":2,\"name\":\"TORNQUIST PRESENTE EN UNA IMPORTANTE AGENDA DE TRABAJO CON EL MINISTRO DE VIDO (La opini\u00f3n del Intendente Municipal)\"}]},{\"@type\":\"WebSite\",\"@id\":\"https:\/\/www.celttv.com.ar\/#website\",\"url\":\"https:\/\/www.celttv.com.ar\/\",\"name\":\"CELTTV\",\"description\":\"Cooperativa El\u00e9ctrica de Tornquist\",\"publisher\":{\"@id\":\"https:\/\/www.celttv.com.ar\/#organization\"},\"potentialAction\":[{\"@type\":\"SearchAction\",\"target\":{\"@type\":\"EntryPoint\",\"urlTemplate\":\"https:\/\/www.celttv.com.ar\/?s={search_term_string}\"},\"query-input\":\"required name=search_term_string\"}],\"inLanguage\":\"es\"},{\"@type\":\"Organization\",\"@id\":\"https:\/\/www.celttv.com.ar\/#organization\",\"name\":\"CELTTV\",\"url\":\"https:\/\/www.celttv.com.ar\/\",\"sameAs\":[\"https:\/\/www.youtube.com\/channel\/UCz_oIt8Hig64Ub-EmcNPIhg\",\"https:\/\/www.facebook.com\/celtTV\/\"],\"logo\":{\"@type\":\"ImageObject\",\"inLanguage\":\"es\",\"@id\":\"https:\/\/www.celttv.com.ar\/#\/schema\/logo\/image\/\",\"url\":\"http:\/\/www.celttv.com.ar\/wp-content\/uploads\/2022\/08\/logo-1.png\",\"contentUrl\":\"http:\/\/www.celttv.com.ar\/wp-content\/uploads\/2022\/08\/logo-1.png\",\"width\":461,\"height\":159,\"caption\":\"CELTTV\"},\"image\":{\"@id\":\"https:\/\/www.celttv.com.ar\/#\/schema\/logo\/image\/\"}},{\"@type\":\"Person\",\"@id\":\"https:\/\/www.celttv.com.ar\/#\/schema\/person\/6d99c072dba59953809c81446e9d0ace\",\"name\":\"ulises\",\"image\":{\"@type\":\"ImageObject\",\"inLanguage\":\"es\",\"@id\":\"https:\/\/www.celttv.com.ar\/#\/schema\/person\/image\/\",\"url\":\"https:\/\/secure.gravatar.com\/avatar\/7f2c48bdc33b30088f941fb6082e555f2874c98e20cb159d7b92b50eadfce793?s=96&d=mm&r=g\",\"contentUrl\":\"https:\/\/secure.gravatar.com\/avatar\/7f2c48bdc33b30088f941fb6082e555f2874c98e20cb159d7b92b50eadfce793?s=96&d=mm&r=g\",\"caption\":\"ulises\"},\"sameAs\":[\"http:\/\/www.celttv.com.ar\"]}]}<\/script>\n<!-- \/ Yoast SEO plugin. -->","yoast_head_json":{"title":"TORNQUIST PRESENTE EN UNA IMPORTANTE AGENDA DE TRABAJO CON EL MINISTRO DE VIDO (La opini\u00f3n del Intendente Municipal) - CELTTV","description":"Sitio web de noticias de la localidad de Tornquist, provincia de Buenos Aires, Rep\u00fablica Argentina. Contenido propio originado por periodistas de CELTTV, el canal de TV local de la Cooperativa El\u00e9ctrica de Tornquist. Turismo, Pol\u00edtica, Sociedad, Deporte, Cultura y todo el contenido de inter\u00e9s general que la gente del pueblo y la regi\u00f3n debe conocer.","robots":{"index":"index","follow":"follow","max-snippet":"max-snippet:-1","max-image-preview":"max-image-preview:large","max-video-preview":"max-video-preview:-1"},"canonical":"https:\/\/www.celttv.com.ar\/index.php\/2012\/08\/18\/tornquist-presente-en-una-importante-agenda-de-trabajo-con-el-ministro-de-bido-la-opinion-del-intendente-municipal\/","og_locale":"es_ES","og_type":"article","og_title":"TORNQUIST PRESENTE EN UNA IMPORTANTE AGENDA DE TRABAJO CON EL MINISTRO DE VIDO (La opini\u00f3n del Intendente Municipal) - CELTTV","og_description":"Sitio web de noticias de la localidad de Tornquist, provincia de Buenos Aires, Rep\u00fablica Argentina. Contenido propio originado por periodistas de CELTTV, el canal de TV local de la Cooperativa El\u00e9ctrica de Tornquist. Turismo, Pol\u00edtica, Sociedad, Deporte, Cultura y todo el contenido de inter\u00e9s general que la gente del pueblo y la regi\u00f3n debe conocer.","og_url":"https:\/\/www.celttv.com.ar\/index.php\/2012\/08\/18\/tornquist-presente-en-una-importante-agenda-de-trabajo-con-el-ministro-de-bido-la-opinion-del-intendente-municipal\/","og_site_name":"CELTTV","article_publisher":"https:\/\/www.facebook.com\/celtTV\/","article_published_time":"2012-08-18T00:48:07+00:00","author":"ulises","twitter_card":"summary_large_image","twitter_misc":{"Escrito por":"ulises","Tiempo de lectura":"5 minutos"},"schema":{"@context":"https:\/\/schema.org","@graph":[{"@type":"NewsArticle","@id":"https:\/\/www.celttv.com.ar\/index.php\/2012\/08\/18\/tornquist-presente-en-una-importante-agenda-de-trabajo-con-el-ministro-de-bido-la-opinion-del-intendente-municipal\/#article","isPartOf":{"@id":"https:\/\/www.celttv.com.ar\/index.php\/2012\/08\/18\/tornquist-presente-en-una-importante-agenda-de-trabajo-con-el-ministro-de-bido-la-opinion-del-intendente-municipal\/"},"author":{"name":"ulises","@id":"https:\/\/www.celttv.com.ar\/#\/schema\/person\/6d99c072dba59953809c81446e9d0ace"},"headline":"TORNQUIST PRESENTE EN UNA IMPORTANTE AGENDA DE TRABAJO CON EL MINISTRO DE VIDO (La opini\u00f3n del Intendente Municipal)","datePublished":"2012-08-18T00:48:07+00:00","dateModified":"2012-08-18T00:48:07+00:00","mainEntityOfPage":{"@id":"https:\/\/www.celttv.com.ar\/index.php\/2012\/08\/18\/tornquist-presente-en-una-importante-agenda-de-trabajo-con-el-ministro-de-bido-la-opinion-del-intendente-municipal\/"},"wordCount":1101,"publisher":{"@id":"https:\/\/www.celttv.com.ar\/#organization"},"articleSection":["Destacadas","Pol\u00edtica","Videos Destacados"],"inLanguage":"es"},{"@type":"WebPage","@id":"https:\/\/www.celttv.com.ar\/index.php\/2012\/08\/18\/tornquist-presente-en-una-importante-agenda-de-trabajo-con-el-ministro-de-bido-la-opinion-del-intendente-municipal\/","url":"https:\/\/www.celttv.com.ar\/index.php\/2012\/08\/18\/tornquist-presente-en-una-importante-agenda-de-trabajo-con-el-ministro-de-bido-la-opinion-del-intendente-municipal\/","name":"TORNQUIST PRESENTE EN UNA IMPORTANTE AGENDA DE TRABAJO CON EL MINISTRO DE VIDO (La opini\u00f3n del Intendente Municipal) - CELTTV","isPartOf":{"@id":"https:\/\/www.celttv.com.ar\/#website"},"datePublished":"2012-08-18T00:48:07+00:00","dateModified":"2012-08-18T00:48:07+00:00","description":"Sitio web de noticias de la localidad de Tornquist, provincia de Buenos Aires, Rep\u00fablica Argentina. Contenido propio originado por periodistas de CELTTV, el canal de TV local de la Cooperativa El\u00e9ctrica de Tornquist. Turismo, Pol\u00edtica, Sociedad, Deporte, Cultura y todo el contenido de inter\u00e9s general que la gente del pueblo y la regi\u00f3n debe conocer.","breadcrumb":{"@id":"https:\/\/www.celttv.com.ar\/index.php\/2012\/08\/18\/tornquist-presente-en-una-importante-agenda-de-trabajo-con-el-ministro-de-bido-la-opinion-del-intendente-municipal\/#breadcrumb"},"inLanguage":"es","potentialAction":[{"@type":"ReadAction","target":["https:\/\/www.celttv.com.ar\/index.php\/2012\/08\/18\/tornquist-presente-en-una-importante-agenda-de-trabajo-con-el-ministro-de-bido-la-opinion-del-intendente-municipal\/"]}]},{"@type":"BreadcrumbList","@id":"https:\/\/www.celttv.com.ar\/index.php\/2012\/08\/18\/tornquist-presente-en-una-importante-agenda-de-trabajo-con-el-ministro-de-bido-la-opinion-del-intendente-municipal\/#breadcrumb","itemListElement":[{"@type":"ListItem","position":1,"name":"Inicio","item":"https:\/\/www.celttv.com.ar\/"},{"@type":"ListItem","position":2,"name":"TORNQUIST PRESENTE EN UNA IMPORTANTE AGENDA DE TRABAJO CON EL MINISTRO DE VIDO (La opini\u00f3n del Intendente Municipal)"}]},{"@type":"WebSite","@id":"https:\/\/www.celttv.com.ar\/#website","url":"https:\/\/www.celttv.com.ar\/","name":"CELTTV","description":"Cooperativa El\u00e9ctrica de Tornquist","publisher":{"@id":"https:\/\/www.celttv.com.ar\/#organization"},"potentialAction":[{"@type":"SearchAction","target":{"@type":"EntryPoint","urlTemplate":"https:\/\/www.celttv.com.ar\/?s={search_term_string}"},"query-input":"required name=search_term_string"}],"inLanguage":"es"},{"@type":"Organization","@id":"https:\/\/www.celttv.com.ar\/#organization","name":"CELTTV","url":"https:\/\/www.celttv.com.ar\/","sameAs":["https:\/\/www.youtube.com\/channel\/UCz_oIt8Hig64Ub-EmcNPIhg","https:\/\/www.facebook.com\/celtTV\/"],"logo":{"@type":"ImageObject","inLanguage":"es","@id":"https:\/\/www.celttv.com.ar\/#\/schema\/logo\/image\/","url":"http:\/\/www.celttv.com.ar\/wp-content\/uploads\/2022\/08\/logo-1.png","contentUrl":"http:\/\/www.celttv.com.ar\/wp-content\/uploads\/2022\/08\/logo-1.png","width":461,"height":159,"caption":"CELTTV"},"image":{"@id":"https:\/\/www.celttv.com.ar\/#\/schema\/logo\/image\/"}},{"@type":"Person","@id":"https:\/\/www.celttv.com.ar\/#\/schema\/person\/6d99c072dba59953809c81446e9d0ace","name":"ulises","image":{"@type":"ImageObject","inLanguage":"es","@id":"https:\/\/www.celttv.com.ar\/#\/schema\/person\/image\/","url":"https:\/\/secure.gravatar.com\/avatar\/7f2c48bdc33b30088f941fb6082e555f2874c98e20cb159d7b92b50eadfce793?s=96&d=mm&r=g","contentUrl":"https:\/\/secure.gravatar.com\/avatar\/7f2c48bdc33b30088f941fb6082e555f2874c98e20cb159d7b92b50eadfce793?s=96&d=mm&r=g","caption":"ulises"},"sameAs":["http:\/\/www.celttv.com.ar"]}]}},"_links":{"self":[{"href":"https:\/\/www.celttv.com.ar\/index.php\/wp-json\/wp\/v2\/posts\/7777","targetHints":{"allow":["GET"]}}],"collection":[{"href":"https:\/\/www.celttv.com.ar\/index.php\/wp-json\/wp\/v2\/posts"}],"about":[{"href":"https:\/\/www.celttv.com.ar\/index.php\/wp-json\/wp\/v2\/types\/post"}],"author":[{"embeddable":true,"href":"https:\/\/www.celttv.com.ar\/index.php\/wp-json\/wp\/v2\/users\/1"}],"replies":[{"embeddable":true,"href":"https:\/\/www.celttv.com.ar\/index.php\/wp-json\/wp\/v2\/comments?post=7777"}],"version-history":[{"count":0,"href":"https:\/\/www.celttv.com.ar\/index.php\/wp-json\/wp\/v2\/posts\/7777\/revisions"}],"wp:attachment":[{"href":"https:\/\/www.celttv.com.ar\/index.php\/wp-json\/wp\/v2\/media?parent=7777"}],"wp:term":[{"taxonomy":"category","embeddable":true,"href":"https:\/\/www.celttv.com.ar\/index.php\/wp-json\/wp\/v2\/categories?post=7777"},{"taxonomy":"post_tag","embeddable":true,"href":"https:\/\/www.celttv.com.ar\/index.php\/wp-json\/wp\/v2\/tags?post=7777"}],"curies":[{"name":"wp","href":"https:\/\/api.w.org\/{rel}","templated":true}]}}