{"id":78037,"date":"2023-07-31T18:01:47","date_gmt":"2023-07-31T21:01:47","guid":{"rendered":"http:\/\/www.celttv.com.ar\/?p=78037"},"modified":"2023-07-31T18:01:47","modified_gmt":"2023-07-31T21:01:47","slug":"los-bomberos-fueron-convocados-por-un-principio-de-incendio-de-un-automovil","status":"publish","type":"post","link":"https:\/\/www.celttv.com.ar\/index.php\/2023\/07\/31\/los-bomberos-fueron-convocados-por-un-principio-de-incendio-de-un-automovil\/","title":{"rendered":"Los bomberos fueron convocados por un principio de incendio de un autom\u00f3vil"},"content":{"rendered":"<p>Los Bomberos Voluntarios de Tornquist acudieron por un llamado de un principio de un auto Fiat 147 que sal\u00eda del camino que conduce al taller de la familia Picado.<\/p>\n<p>Los servidores p\u00fablicos concurrieron al lugar, y se constat\u00f3 que el foco \u00edgneo estaba extinguido y que el veh\u00edculo es propiedad de la familia. Afortunadamente, no se registraron heridos ni lesionados.<\/p>\n<p>Info y fotos: CELTTV Noticias, Bomberos Voluntarios de Tornquist y Noticias Tornquist<\/p>\n<p>&nbsp;<\/p>\n<p><img loading=\"lazy\" decoding=\"async\" class=\"alignnone wp-image-78038 size-full\" src=\"http:\/\/www.celttv.com.ar\/wp-content\/uploads\/2023\/07\/0accb79e-4337-4458-a67f-58311a1b38e3.jpg\" alt=\"\" width=\"576\" height=\"1280\" srcset=\"https:\/\/www.celttv.com.ar\/wp-content\/uploads\/2023\/07\/0accb79e-4337-4458-a67f-58311a1b38e3.jpg 576w, https:\/\/www.celttv.com.ar\/wp-content\/uploads\/2023\/07\/0accb79e-4337-4458-a67f-58311a1b38e3-135x300.jpg 135w, https:\/\/www.celttv.com.ar\/wp-content\/uploads\/2023\/07\/0accb79e-4337-4458-a67f-58311a1b38e3-461x1024.jpg 461w\" sizes=\"auto, (max-width: 576px) 100vw, 576px\" \/> <img loading=\"lazy\" decoding=\"async\" class=\"alignnone wp-image-78039 size-full\" src=\"http:\/\/www.celttv.com.ar\/wp-content\/uploads\/2023\/07\/1eadd137-7e3d-4d6d-b3a3-4c372476c297.jpg\" alt=\"\" width=\"576\" height=\"1280\" srcset=\"https:\/\/www.celttv.com.ar\/wp-content\/uploads\/2023\/07\/1eadd137-7e3d-4d6d-b3a3-4c372476c297.jpg 576w, https:\/\/www.celttv.com.ar\/wp-content\/uploads\/2023\/07\/1eadd137-7e3d-4d6d-b3a3-4c372476c297-135x300.jpg 135w, https:\/\/www.celttv.com.ar\/wp-content\/uploads\/2023\/07\/1eadd137-7e3d-4d6d-b3a3-4c372476c297-461x1024.jpg 461w\" sizes=\"auto, (max-width: 576px) 100vw, 576px\" \/> <img loading=\"lazy\" decoding=\"async\" class=\"alignnone wp-image-78040 size-full\" src=\"http:\/\/www.celttv.com.ar\/wp-content\/uploads\/2023\/07\/5e44b81b-5b83-417a-9111-e069bcb25bcc.jpg\" alt=\"\" width=\"576\" height=\"1280\" srcset=\"https:\/\/www.celttv.com.ar\/wp-content\/uploads\/2023\/07\/5e44b81b-5b83-417a-9111-e069bcb25bcc.jpg 576w, https:\/\/www.celttv.com.ar\/wp-content\/uploads\/2023\/07\/5e44b81b-5b83-417a-9111-e069bcb25bcc-135x300.jpg 135w, https:\/\/www.celttv.com.ar\/wp-content\/uploads\/2023\/07\/5e44b81b-5b83-417a-9111-e069bcb25bcc-461x1024.jpg 461w\" sizes=\"auto, (max-width: 576px) 100vw, 576px\" \/> <img loading=\"lazy\" decoding=\"async\" class=\"alignnone wp-image-78041 size-full\" src=\"http:\/\/www.celttv.com.ar\/wp-content\/uploads\/2023\/07\/whatsapp-image-20230731-at-17.12.04.jpeg_1600.jpeg\" alt=\"\" width=\"1600\" height=\"900\" srcset=\"https:\/\/www.celttv.com.ar\/wp-content\/uploads\/2023\/07\/whatsapp-image-20230731-at-17.12.04.jpeg_1600.jpeg 1600w, https:\/\/www.celttv.com.ar\/wp-content\/uploads\/2023\/07\/whatsapp-image-20230731-at-17.12.04.jpeg_1600-300x169.jpeg 300w, https:\/\/www.celttv.com.ar\/wp-content\/uploads\/2023\/07\/whatsapp-image-20230731-at-17.12.04.jpeg_1600-1024x576.jpeg 1024w, https:\/\/www.celttv.com.ar\/wp-content\/uploads\/2023\/07\/whatsapp-image-20230731-at-17.12.04.jpeg_1600-768x432.jpeg 768w, https:\/\/www.celttv.com.ar\/wp-content\/uploads\/2023\/07\/whatsapp-image-20230731-at-17.12.04.jpeg_1600-1536x864.jpeg 1536w, https:\/\/www.celttv.com.ar\/wp-content\/uploads\/2023\/07\/whatsapp-image-20230731-at-17.12.04.jpeg_1600-750x422.jpeg 750w, https:\/\/www.celttv.com.ar\/wp-content\/uploads\/2023\/07\/whatsapp-image-20230731-at-17.12.04.jpeg_1600-1140x641.jpeg 1140w\" sizes=\"auto, (max-width: 1600px) 100vw, 1600px\" \/> <img loading=\"lazy\" decoding=\"async\" class=\"alignnone wp-image-78042 size-full\" src=\"http:\/\/www.celttv.com.ar\/wp-content\/uploads\/2023\/07\/whatsapp-image-20230731-at-17.12.04-1.jpeg_1600.jpeg\" alt=\"\" width=\"1600\" height=\"900\" srcset=\"https:\/\/www.celttv.com.ar\/wp-content\/uploads\/2023\/07\/whatsapp-image-20230731-at-17.12.04-1.jpeg_1600.jpeg 1600w, https:\/\/www.celttv.com.ar\/wp-content\/uploads\/2023\/07\/whatsapp-image-20230731-at-17.12.04-1.jpeg_1600-300x169.jpeg 300w, https:\/\/www.celttv.com.ar\/wp-content\/uploads\/2023\/07\/whatsapp-image-20230731-at-17.12.04-1.jpeg_1600-1024x576.jpeg 1024w, https:\/\/www.celttv.com.ar\/wp-content\/uploads\/2023\/07\/whatsapp-image-20230731-at-17.12.04-1.jpeg_1600-768x432.jpeg 768w, https:\/\/www.celttv.com.ar\/wp-content\/uploads\/2023\/07\/whatsapp-image-20230731-at-17.12.04-1.jpeg_1600-1536x864.jpeg 1536w, https:\/\/www.celttv.com.ar\/wp-content\/uploads\/2023\/07\/whatsapp-image-20230731-at-17.12.04-1.jpeg_1600-750x422.jpeg 750w, https:\/\/www.celttv.com.ar\/wp-content\/uploads\/2023\/07\/whatsapp-image-20230731-at-17.12.04-1.jpeg_1600-1140x641.jpeg 1140w\" sizes=\"auto, (max-width: 1600px) 100vw, 1600px\" \/> <img loading=\"lazy\" decoding=\"async\" class=\"alignnone wp-image-78043 size-full\" src=\"http:\/\/www.celttv.com.ar\/wp-content\/uploads\/2023\/07\/whatsapp-image-20230731-at-17.12.05-1.jpeg_1600.jpeg\" alt=\"\" width=\"1600\" height=\"900\" srcset=\"https:\/\/www.celttv.com.ar\/wp-content\/uploads\/2023\/07\/whatsapp-image-20230731-at-17.12.05-1.jpeg_1600.jpeg 1600w, https:\/\/www.celttv.com.ar\/wp-content\/uploads\/2023\/07\/whatsapp-image-20230731-at-17.12.05-1.jpeg_1600-300x169.jpeg 300w, https:\/\/www.celttv.com.ar\/wp-content\/uploads\/2023\/07\/whatsapp-image-20230731-at-17.12.05-1.jpeg_1600-1024x576.jpeg 1024w, https:\/\/www.celttv.com.ar\/wp-content\/uploads\/2023\/07\/whatsapp-image-20230731-at-17.12.05-1.jpeg_1600-768x432.jpeg 768w, https:\/\/www.celttv.com.ar\/wp-content\/uploads\/2023\/07\/whatsapp-image-20230731-at-17.12.05-1.jpeg_1600-1536x864.jpeg 1536w, https:\/\/www.celttv.com.ar\/wp-content\/uploads\/2023\/07\/whatsapp-image-20230731-at-17.12.05-1.jpeg_1600-750x422.jpeg 750w, https:\/\/www.celttv.com.ar\/wp-content\/uploads\/2023\/07\/whatsapp-image-20230731-at-17.12.05-1.jpeg_1600-1140x641.jpeg 1140w\" sizes=\"auto, (max-width: 1600px) 100vw, 1600px\" \/><\/p>\n<p>&nbsp;<\/p>\n","protected":false},"excerpt":{"rendered":"<p>Los Bomberos Voluntarios de Tornquist acudieron por un llamado de un principio de un auto Fiat 147 que sal\u00eda del camino que conduce al taller de la familia Picado. Los servidores p\u00fablicos concurrieron al lugar, y se constat\u00f3 que el foco \u00edgneo estaba extinguido y que el veh\u00edculo es propiedad de la familia. Afortunadamente, no [&hellip;]<\/p>\n","protected":false},"author":5,"featured_media":78042,"comment_status":"closed","ping_status":"closed","sticky":false,"template":"","format":"standard","meta":{"footnotes":""},"categories":[51,52,61],"tags":[],"class_list":["post-78037","post","type-post","status-publish","format-standard","has-post-thumbnail","hentry","category-comunidad","category-destacadas","category-policiales"],"yoast_head":"<!-- This site is optimized with the Yoast SEO plugin v19.7.1 - https:\/\/yoast.com\/wordpress\/plugins\/seo\/ -->\n<title>Los bomberos fueron convocados por un principio de incendio de un autom\u00f3vil - CELTTV<\/title>\n<meta name=\"description\" content=\"Sitio web de noticias de la localidad de Tornquist, provincia de Buenos Aires, Rep\u00fablica Argentina. Contenido propio originado por periodistas de CELTTV, el canal de TV local de la Cooperativa El\u00e9ctrica de Tornquist. Turismo, Pol\u00edtica, Sociedad, Deporte, Cultura y todo el contenido de inter\u00e9s general que la gente del pueblo y la regi\u00f3n debe conocer.\" \/>\n<meta name=\"robots\" content=\"index, follow, max-snippet:-1, max-image-preview:large, max-video-preview:-1\" \/>\n<link rel=\"canonical\" href=\"https:\/\/www.celttv.com.ar\/index.php\/2023\/07\/31\/los-bomberos-fueron-convocados-por-un-principio-de-incendio-de-un-automovil\/\" \/>\n<meta property=\"og:locale\" content=\"es_ES\" \/>\n<meta property=\"og:type\" content=\"article\" \/>\n<meta property=\"og:title\" content=\"Los bomberos fueron convocados por un principio de incendio de un autom\u00f3vil - CELTTV\" \/>\n<meta property=\"og:description\" content=\"Sitio web de noticias de la localidad de Tornquist, provincia de Buenos Aires, Rep\u00fablica Argentina. Contenido propio originado por periodistas de CELTTV, el canal de TV local de la Cooperativa El\u00e9ctrica de Tornquist. Turismo, Pol\u00edtica, Sociedad, Deporte, Cultura y todo el contenido de inter\u00e9s general que la gente del pueblo y la regi\u00f3n debe conocer.\" \/>\n<meta property=\"og:url\" content=\"https:\/\/www.celttv.com.ar\/index.php\/2023\/07\/31\/los-bomberos-fueron-convocados-por-un-principio-de-incendio-de-un-automovil\/\" \/>\n<meta property=\"og:site_name\" content=\"CELTTV\" \/>\n<meta property=\"article:publisher\" content=\"https:\/\/www.facebook.com\/celtTV\/\" \/>\n<meta property=\"article:published_time\" content=\"2023-07-31T21:01:47+00:00\" \/>\n<meta property=\"og:image\" content=\"https:\/\/www.celttv.com.ar\/wp-content\/uploads\/2023\/07\/whatsapp-image-20230731-at-17.12.04-1.jpeg_1600.jpeg\" \/>\n\t<meta property=\"og:image:width\" content=\"1600\" \/>\n\t<meta property=\"og:image:height\" content=\"900\" \/>\n\t<meta property=\"og:image:type\" content=\"image\/jpeg\" \/>\n<meta name=\"author\" content=\"Miguel Herrada\" \/>\n<meta name=\"twitter:card\" content=\"summary_large_image\" \/>\n<meta name=\"twitter:label1\" content=\"Escrito por\" \/>\n\t<meta name=\"twitter:data1\" content=\"Miguel Herrada\" \/>\n<script type=\"application\/ld+json\" class=\"yoast-schema-graph\">{\"@context\":\"https:\/\/schema.org\",\"@graph\":[{\"@type\":\"NewsArticle\",\"@id\":\"https:\/\/www.celttv.com.ar\/index.php\/2023\/07\/31\/los-bomberos-fueron-convocados-por-un-principio-de-incendio-de-un-automovil\/#article\",\"isPartOf\":{\"@id\":\"https:\/\/www.celttv.com.ar\/index.php\/2023\/07\/31\/los-bomberos-fueron-convocados-por-un-principio-de-incendio-de-un-automovil\/\"},\"author\":{\"name\":\"Miguel Herrada\",\"@id\":\"https:\/\/www.celttv.com.ar\/#\/schema\/person\/9059dc91dc7204ef4182cdb65225f07d\"},\"headline\":\"Los bomberos fueron convocados por un principio de incendio de un autom\u00f3vil\",\"datePublished\":\"2023-07-31T21:01:47+00:00\",\"dateModified\":\"2023-07-31T21:01:47+00:00\",\"mainEntityOfPage\":{\"@id\":\"https:\/\/www.celttv.com.ar\/index.php\/2023\/07\/31\/los-bomberos-fueron-convocados-por-un-principio-de-incendio-de-un-automovil\/\"},\"wordCount\":89,\"publisher\":{\"@id\":\"https:\/\/www.celttv.com.ar\/#organization\"},\"articleSection\":[\"Comunidad\",\"Destacadas\",\"Policiales\"],\"inLanguage\":\"es\"},{\"@type\":\"WebPage\",\"@id\":\"https:\/\/www.celttv.com.ar\/index.php\/2023\/07\/31\/los-bomberos-fueron-convocados-por-un-principio-de-incendio-de-un-automovil\/\",\"url\":\"https:\/\/www.celttv.com.ar\/index.php\/2023\/07\/31\/los-bomberos-fueron-convocados-por-un-principio-de-incendio-de-un-automovil\/\",\"name\":\"Los bomberos fueron convocados por un principio de incendio de un autom\u00f3vil - CELTTV\",\"isPartOf\":{\"@id\":\"https:\/\/www.celttv.com.ar\/#website\"},\"datePublished\":\"2023-07-31T21:01:47+00:00\",\"dateModified\":\"2023-07-31T21:01:47+00:00\",\"description\":\"Sitio web de noticias de la localidad de Tornquist, provincia de Buenos Aires, Rep\u00fablica Argentina. Contenido propio originado por periodistas de CELTTV, el canal de TV local de la Cooperativa El\u00e9ctrica de Tornquist. Turismo, Pol\u00edtica, Sociedad, Deporte, Cultura y todo el contenido de inter\u00e9s general que la gente del pueblo y la regi\u00f3n debe conocer.\",\"breadcrumb\":{\"@id\":\"https:\/\/www.celttv.com.ar\/index.php\/2023\/07\/31\/los-bomberos-fueron-convocados-por-un-principio-de-incendio-de-un-automovil\/#breadcrumb\"},\"inLanguage\":\"es\",\"potentialAction\":[{\"@type\":\"ReadAction\",\"target\":[\"https:\/\/www.celttv.com.ar\/index.php\/2023\/07\/31\/los-bomberos-fueron-convocados-por-un-principio-de-incendio-de-un-automovil\/\"]}]},{\"@type\":\"BreadcrumbList\",\"@id\":\"https:\/\/www.celttv.com.ar\/index.php\/2023\/07\/31\/los-bomberos-fueron-convocados-por-un-principio-de-incendio-de-un-automovil\/#breadcrumb\",\"itemListElement\":[{\"@type\":\"ListItem\",\"position\":1,\"name\":\"Inicio\",\"item\":\"https:\/\/www.celttv.com.ar\/\"},{\"@type\":\"ListItem\",\"position\":2,\"name\":\"Los bomberos fueron convocados por un principio de incendio de un autom\u00f3vil\"}]},{\"@type\":\"WebSite\",\"@id\":\"https:\/\/www.celttv.com.ar\/#website\",\"url\":\"https:\/\/www.celttv.com.ar\/\",\"name\":\"CELTTV\",\"description\":\"Cooperativa El\u00e9ctrica de Tornquist\",\"publisher\":{\"@id\":\"https:\/\/www.celttv.com.ar\/#organization\"},\"potentialAction\":[{\"@type\":\"SearchAction\",\"target\":{\"@type\":\"EntryPoint\",\"urlTemplate\":\"https:\/\/www.celttv.com.ar\/?s={search_term_string}\"},\"query-input\":\"required name=search_term_string\"}],\"inLanguage\":\"es\"},{\"@type\":\"Organization\",\"@id\":\"https:\/\/www.celttv.com.ar\/#organization\",\"name\":\"CELTTV\",\"url\":\"https:\/\/www.celttv.com.ar\/\",\"sameAs\":[\"https:\/\/www.youtube.com\/channel\/UCz_oIt8Hig64Ub-EmcNPIhg\",\"https:\/\/www.facebook.com\/celtTV\/\"],\"logo\":{\"@type\":\"ImageObject\",\"inLanguage\":\"es\",\"@id\":\"https:\/\/www.celttv.com.ar\/#\/schema\/logo\/image\/\",\"url\":\"http:\/\/www.celttv.com.ar\/wp-content\/uploads\/2022\/08\/logo-1.png\",\"contentUrl\":\"http:\/\/www.celttv.com.ar\/wp-content\/uploads\/2022\/08\/logo-1.png\",\"width\":461,\"height\":159,\"caption\":\"CELTTV\"},\"image\":{\"@id\":\"https:\/\/www.celttv.com.ar\/#\/schema\/logo\/image\/\"}},{\"@type\":\"Person\",\"@id\":\"https:\/\/www.celttv.com.ar\/#\/schema\/person\/9059dc91dc7204ef4182cdb65225f07d\",\"name\":\"Miguel Herrada\",\"image\":{\"@type\":\"ImageObject\",\"inLanguage\":\"es\",\"@id\":\"https:\/\/www.celttv.com.ar\/#\/schema\/person\/image\/\",\"url\":\"https:\/\/secure.gravatar.com\/avatar\/67724d5b3c716623ffd76bec7e45841a442ac3b456e914dbba90b0fad2b8e0b1?s=96&d=mm&r=g\",\"contentUrl\":\"https:\/\/secure.gravatar.com\/avatar\/67724d5b3c716623ffd76bec7e45841a442ac3b456e914dbba90b0fad2b8e0b1?s=96&d=mm&r=g\",\"caption\":\"Miguel Herrada\"}}]}<\/script>\n<!-- \/ Yoast SEO plugin. -->","yoast_head_json":{"title":"Los bomberos fueron convocados por un principio de incendio de un autom\u00f3vil - CELTTV","description":"Sitio web de noticias de la localidad de Tornquist, provincia de Buenos Aires, Rep\u00fablica Argentina. Contenido propio originado por periodistas de CELTTV, el canal de TV local de la Cooperativa El\u00e9ctrica de Tornquist. Turismo, Pol\u00edtica, Sociedad, Deporte, Cultura y todo el contenido de inter\u00e9s general que la gente del pueblo y la regi\u00f3n debe conocer.","robots":{"index":"index","follow":"follow","max-snippet":"max-snippet:-1","max-image-preview":"max-image-preview:large","max-video-preview":"max-video-preview:-1"},"canonical":"https:\/\/www.celttv.com.ar\/index.php\/2023\/07\/31\/los-bomberos-fueron-convocados-por-un-principio-de-incendio-de-un-automovil\/","og_locale":"es_ES","og_type":"article","og_title":"Los bomberos fueron convocados por un principio de incendio de un autom\u00f3vil - CELTTV","og_description":"Sitio web de noticias de la localidad de Tornquist, provincia de Buenos Aires, Rep\u00fablica Argentina. Contenido propio originado por periodistas de CELTTV, el canal de TV local de la Cooperativa El\u00e9ctrica de Tornquist. Turismo, Pol\u00edtica, Sociedad, Deporte, Cultura y todo el contenido de inter\u00e9s general que la gente del pueblo y la regi\u00f3n debe conocer.","og_url":"https:\/\/www.celttv.com.ar\/index.php\/2023\/07\/31\/los-bomberos-fueron-convocados-por-un-principio-de-incendio-de-un-automovil\/","og_site_name":"CELTTV","article_publisher":"https:\/\/www.facebook.com\/celtTV\/","article_published_time":"2023-07-31T21:01:47+00:00","og_image":[{"width":1600,"height":900,"url":"https:\/\/www.celttv.com.ar\/wp-content\/uploads\/2023\/07\/whatsapp-image-20230731-at-17.12.04-1.jpeg_1600.jpeg","type":"image\/jpeg"}],"author":"Miguel Herrada","twitter_card":"summary_large_image","twitter_misc":{"Escrito por":"Miguel Herrada"},"schema":{"@context":"https:\/\/schema.org","@graph":[{"@type":"NewsArticle","@id":"https:\/\/www.celttv.com.ar\/index.php\/2023\/07\/31\/los-bomberos-fueron-convocados-por-un-principio-de-incendio-de-un-automovil\/#article","isPartOf":{"@id":"https:\/\/www.celttv.com.ar\/index.php\/2023\/07\/31\/los-bomberos-fueron-convocados-por-un-principio-de-incendio-de-un-automovil\/"},"author":{"name":"Miguel Herrada","@id":"https:\/\/www.celttv.com.ar\/#\/schema\/person\/9059dc91dc7204ef4182cdb65225f07d"},"headline":"Los bomberos fueron convocados por un principio de incendio de un autom\u00f3vil","datePublished":"2023-07-31T21:01:47+00:00","dateModified":"2023-07-31T21:01:47+00:00","mainEntityOfPage":{"@id":"https:\/\/www.celttv.com.ar\/index.php\/2023\/07\/31\/los-bomberos-fueron-convocados-por-un-principio-de-incendio-de-un-automovil\/"},"wordCount":89,"publisher":{"@id":"https:\/\/www.celttv.com.ar\/#organization"},"articleSection":["Comunidad","Destacadas","Policiales"],"inLanguage":"es"},{"@type":"WebPage","@id":"https:\/\/www.celttv.com.ar\/index.php\/2023\/07\/31\/los-bomberos-fueron-convocados-por-un-principio-de-incendio-de-un-automovil\/","url":"https:\/\/www.celttv.com.ar\/index.php\/2023\/07\/31\/los-bomberos-fueron-convocados-por-un-principio-de-incendio-de-un-automovil\/","name":"Los bomberos fueron convocados por un principio de incendio de un autom\u00f3vil - CELTTV","isPartOf":{"@id":"https:\/\/www.celttv.com.ar\/#website"},"datePublished":"2023-07-31T21:01:47+00:00","dateModified":"2023-07-31T21:01:47+00:00","description":"Sitio web de noticias de la localidad de Tornquist, provincia de Buenos Aires, Rep\u00fablica Argentina. Contenido propio originado por periodistas de CELTTV, el canal de TV local de la Cooperativa El\u00e9ctrica de Tornquist. Turismo, Pol\u00edtica, Sociedad, Deporte, Cultura y todo el contenido de inter\u00e9s general que la gente del pueblo y la regi\u00f3n debe conocer.","breadcrumb":{"@id":"https:\/\/www.celttv.com.ar\/index.php\/2023\/07\/31\/los-bomberos-fueron-convocados-por-un-principio-de-incendio-de-un-automovil\/#breadcrumb"},"inLanguage":"es","potentialAction":[{"@type":"ReadAction","target":["https:\/\/www.celttv.com.ar\/index.php\/2023\/07\/31\/los-bomberos-fueron-convocados-por-un-principio-de-incendio-de-un-automovil\/"]}]},{"@type":"BreadcrumbList","@id":"https:\/\/www.celttv.com.ar\/index.php\/2023\/07\/31\/los-bomberos-fueron-convocados-por-un-principio-de-incendio-de-un-automovil\/#breadcrumb","itemListElement":[{"@type":"ListItem","position":1,"name":"Inicio","item":"https:\/\/www.celttv.com.ar\/"},{"@type":"ListItem","position":2,"name":"Los bomberos fueron convocados por un principio de incendio de un autom\u00f3vil"}]},{"@type":"WebSite","@id":"https:\/\/www.celttv.com.ar\/#website","url":"https:\/\/www.celttv.com.ar\/","name":"CELTTV","description":"Cooperativa El\u00e9ctrica de Tornquist","publisher":{"@id":"https:\/\/www.celttv.com.ar\/#organization"},"potentialAction":[{"@type":"SearchAction","target":{"@type":"EntryPoint","urlTemplate":"https:\/\/www.celttv.com.ar\/?s={search_term_string}"},"query-input":"required name=search_term_string"}],"inLanguage":"es"},{"@type":"Organization","@id":"https:\/\/www.celttv.com.ar\/#organization","name":"CELTTV","url":"https:\/\/www.celttv.com.ar\/","sameAs":["https:\/\/www.youtube.com\/channel\/UCz_oIt8Hig64Ub-EmcNPIhg","https:\/\/www.facebook.com\/celtTV\/"],"logo":{"@type":"ImageObject","inLanguage":"es","@id":"https:\/\/www.celttv.com.ar\/#\/schema\/logo\/image\/","url":"http:\/\/www.celttv.com.ar\/wp-content\/uploads\/2022\/08\/logo-1.png","contentUrl":"http:\/\/www.celttv.com.ar\/wp-content\/uploads\/2022\/08\/logo-1.png","width":461,"height":159,"caption":"CELTTV"},"image":{"@id":"https:\/\/www.celttv.com.ar\/#\/schema\/logo\/image\/"}},{"@type":"Person","@id":"https:\/\/www.celttv.com.ar\/#\/schema\/person\/9059dc91dc7204ef4182cdb65225f07d","name":"Miguel Herrada","image":{"@type":"ImageObject","inLanguage":"es","@id":"https:\/\/www.celttv.com.ar\/#\/schema\/person\/image\/","url":"https:\/\/secure.gravatar.com\/avatar\/67724d5b3c716623ffd76bec7e45841a442ac3b456e914dbba90b0fad2b8e0b1?s=96&d=mm&r=g","contentUrl":"https:\/\/secure.gravatar.com\/avatar\/67724d5b3c716623ffd76bec7e45841a442ac3b456e914dbba90b0fad2b8e0b1?s=96&d=mm&r=g","caption":"Miguel Herrada"}}]}},"_links":{"self":[{"href":"https:\/\/www.celttv.com.ar\/index.php\/wp-json\/wp\/v2\/posts\/78037","targetHints":{"allow":["GET"]}}],"collection":[{"href":"https:\/\/www.celttv.com.ar\/index.php\/wp-json\/wp\/v2\/posts"}],"about":[{"href":"https:\/\/www.celttv.com.ar\/index.php\/wp-json\/wp\/v2\/types\/post"}],"author":[{"embeddable":true,"href":"https:\/\/www.celttv.com.ar\/index.php\/wp-json\/wp\/v2\/users\/5"}],"replies":[{"embeddable":true,"href":"https:\/\/www.celttv.com.ar\/index.php\/wp-json\/wp\/v2\/comments?post=78037"}],"version-history":[{"count":1,"href":"https:\/\/www.celttv.com.ar\/index.php\/wp-json\/wp\/v2\/posts\/78037\/revisions"}],"predecessor-version":[{"id":78044,"href":"https:\/\/www.celttv.com.ar\/index.php\/wp-json\/wp\/v2\/posts\/78037\/revisions\/78044"}],"wp:featuredmedia":[{"embeddable":true,"href":"https:\/\/www.celttv.com.ar\/index.php\/wp-json\/wp\/v2\/media\/78042"}],"wp:attachment":[{"href":"https:\/\/www.celttv.com.ar\/index.php\/wp-json\/wp\/v2\/media?parent=78037"}],"wp:term":[{"taxonomy":"category","embeddable":true,"href":"https:\/\/www.celttv.com.ar\/index.php\/wp-json\/wp\/v2\/categories?post=78037"},{"taxonomy":"post_tag","embeddable":true,"href":"https:\/\/www.celttv.com.ar\/index.php\/wp-json\/wp\/v2\/tags?post=78037"}],"curies":[{"name":"wp","href":"https:\/\/api.w.org\/{rel}","templated":true}]}}