{"id":78045,"date":"2023-07-31T23:56:18","date_gmt":"2023-08-01T02:56:18","guid":{"rendered":"http:\/\/www.celttv.com.ar\/?p=78045"},"modified":"2023-07-31T23:56:18","modified_gmt":"2023-08-01T02:56:18","slug":"el-diputado-alex-campbell-hizo-entrega-de-un-ejemplar-de-su-libro-a-la-ex-intendente-marisa-kugler-fotos-y-video","status":"publish","type":"post","link":"https:\/\/www.celttv.com.ar\/index.php\/2023\/07\/31\/el-diputado-alex-campbell-hizo-entrega-de-un-ejemplar-de-su-libro-a-la-ex-intendente-marisa-kugler-fotos-y-video\/","title":{"rendered":"El Diputado Alex Campbell hizo entrega de un ejemplar de su libro a la ex intendente Marisa Kugler (FOTOS Y VIDEO)"},"content":{"rendered":"<h5>En su visita a Tornquist el Diputado Alex Campbell hizo entrega de un ejemplar de su libro &#8220;Retomar el Camino&#8221; a la ex intendente y diputada provincial Mar\u00eda Luisa Kugler de Morteo.<\/h5>\n<h5 id=\"result-es\" class=\"text-justify py-5\"><a id=\"i-0\" class=\"frase_link\" title=\"Hac\u00e9 click para ver esta frase en el video\" href=\"https:\/\/youtube.com\/watch?v=z_O0vuE-kwQ&amp;feature=youtu.be&amp;t=0\" target=\"_blank\" rel=\"noopener\" data-toggle=\"tooltip\">&#8220;Un honor contar en principio con Marisa <\/a><a id=\"i-1\" class=\"frase_link\" title=\"Hac\u00e9 click para ver esta frase en el video\" href=\"https:\/\/youtube.com\/watch?v=z_O0vuE-kwQ&amp;feature=youtu.be&amp;t=3\" target=\"_blank\" rel=\"noopener\" data-toggle=\"tooltip\">con \u00c1lex con Pepe basualdo En esta\u00a0<\/a><a id=\"i-2\" class=\"frase_link\" title=\"Hac\u00e9 click para ver esta frase en el video\" href=\"https:\/\/youtube.com\/watch?v=z_O0vuE-kwQ&amp;feature=youtu.be&amp;t=7\" target=\"_blank\" rel=\"noopener\" data-toggle=\"tooltip\">actividad propia de la \u00e9poca de campa\u00f1a\u00a0<\/a><a id=\"i-3\" class=\"frase_link\" title=\"Hac\u00e9 click para ver esta frase en el video\" href=\"https:\/\/youtube.com\/watch?v=z_O0vuE-kwQ&amp;feature=youtu.be&amp;t=9\" target=\"_blank\" rel=\"noopener\" data-toggle=\"tooltip\">pero que siempre han estado ellos y lo\u00a0<\/a><a id=\"i-4\" class=\"frase_link\" title=\"Hac\u00e9 click para ver esta frase en el video\" href=\"https:\/\/youtube.com\/watch?v=z_O0vuE-kwQ&amp;feature=youtu.be&amp;t=12\" target=\"_blank\" rel=\"noopener\" data-toggle=\"tooltip\">van a seguir estando simplemente\u00a0<\/a><a id=\"i-5\" class=\"frase_link\" title=\"Hac\u00e9 click para ver esta frase en el video\" href=\"https:\/\/youtube.com\/watch?v=z_O0vuE-kwQ&amp;feature=youtu.be&amp;t=14\" target=\"_blank\" rel=\"noopener\" data-toggle=\"tooltip\">agradecerles Alex nos ha tra\u00eddo su\u00a0<\/a><a id=\"i-6\" class=\"frase_link\" title=\"Hac\u00e9 click para ver esta frase en el video\" href=\"https:\/\/youtube.com\/watch?v=z_O0vuE-kwQ&amp;feature=youtu.be&amp;t=17\" target=\"_blank\" rel=\"noopener\" data-toggle=\"tooltip\">\u00faltimo libro que ha presentado, lo ha <\/a><a id=\"i-7\" class=\"frase_link\" title=\"Hac\u00e9 click para ver esta frase en el video\" href=\"https:\/\/youtube.com\/watch?v=z_O0vuE-kwQ&amp;feature=youtu.be&amp;t=19\" target=\"_blank\" rel=\"noopener\" data-toggle=\"tooltip\">hecho mucho esfuerzo con mucha vocaci\u00f3n\u00a0<\/a><a id=\"i-8\" class=\"frase_link\" title=\"Hac\u00e9 click para ver esta frase en el video\" href=\"https:\/\/youtube.com\/watch?v=z_O0vuE-kwQ&amp;feature=youtu.be&amp;t=22\" target=\"_blank\" rel=\"noopener\" data-toggle=\"tooltip\">y que nos propone realmente retomar el\u00a0<\/a><a id=\"i-9\" class=\"frase_link\" title=\"Hac\u00e9 click para ver esta frase en el video\" href=\"https:\/\/youtube.com\/watch?v=z_O0vuE-kwQ&amp;feature=youtu.be&amp;t=24\" target=\"_blank\" rel=\"noopener\" data-toggle=\"tooltip\">camino de los valores de la palabra de\u00a0<\/a><a id=\"i-10\" class=\"frase_link\" title=\"Hac\u00e9 click para ver esta frase en el video\" href=\"https:\/\/youtube.com\/watch?v=z_O0vuE-kwQ&amp;feature=youtu.be&amp;t=27\" target=\"_blank\" rel=\"noopener\" data-toggle=\"tooltip\">la justicia y saber que la pol\u00edtica es\u00a0<\/a><a id=\"i-11\" class=\"frase_link\" title=\"Hac\u00e9 click para ver esta frase en el video\" href=\"https:\/\/youtube.com\/watch?v=z_O0vuE-kwQ&amp;feature=youtu.be&amp;t=30\" target=\"_blank\" rel=\"noopener\" data-toggle=\"tooltip\">un servicio y podemos y tenemos que\u00a0<\/a><a id=\"i-12\" class=\"frase_link\" title=\"Hac\u00e9 click para ver esta frase en el video\" href=\"https:\/\/youtube.com\/watch?v=z_O0vuE-kwQ&amp;feature=youtu.be&amp;t=33\" target=\"_blank\" rel=\"noopener\" data-toggle=\"tooltip\">demostrarlo con hechos no con palabras\u00a0<\/a><a id=\"i-13\" class=\"frase_link\" title=\"Hac\u00e9 click para ver esta frase en el video\" href=\"https:\/\/youtube.com\/watch?v=z_O0vuE-kwQ&amp;feature=youtu.be&amp;t=35\" target=\"_blank\" rel=\"noopener\" data-toggle=\"tooltip\">ni con buenos discursos vamos en esa\u00a0<\/a><a id=\"i-14\" class=\"frase_link\" title=\"Hac\u00e9 click para ver esta frase en el video\" href=\"https:\/\/youtube.com\/watch?v=z_O0vuE-kwQ&amp;feature=youtu.be&amp;t=37\" target=\"_blank\" rel=\"noopener\" data-toggle=\"tooltip\">l\u00ednea porque as\u00ed lo sentimos<\/a>&#8221; dijo Sebastian Bassi, el pre candidato a Intendente del PRO.<\/h5>\n<h5 class=\"text-justify py-5\">&#8220;A<a id=\"i-16\" class=\"frase_link\" title=\"Hac\u00e9 click para ver esta frase en el video\" href=\"https:\/\/youtube.com\/watch?v=z_O0vuE-kwQ&amp;feature=youtu.be&amp;t=42\" target=\"_blank\" rel=\"noopener\" data-toggle=\"tooltip\">provecho para\u00a0<\/a><a id=\"i-17\" class=\"frase_link\" title=\"Hac\u00e9 click para ver esta frase en el video\" href=\"https:\/\/youtube.com\/watch?v=z_O0vuE-kwQ&amp;feature=youtu.be&amp;t=45\" target=\"_blank\" rel=\"noopener\" data-toggle=\"tooltip\">decirle a los medios de comunicaci\u00f3n que\u00a0<\/a><a id=\"i-18\" class=\"frase_link\" title=\"Hac\u00e9 click para ver esta frase en el video\" href=\"https:\/\/youtube.com\/watch?v=z_O0vuE-kwQ&amp;feature=youtu.be&amp;t=46\" target=\"_blank\" rel=\"noopener\" data-toggle=\"tooltip\">ac\u00e1 <\/a><a id=\"i-19\" class=\"frase_link\" title=\"Hac\u00e9 click para ver esta frase en el video\" href=\"https:\/\/youtube.com\/watch?v=z_O0vuE-kwQ&amp;feature=youtu.be&amp;t=49\" target=\"_blank\" rel=\"noopener\" data-toggle=\"tooltip\">\u00a0tenemos la suerte con contar <\/a><a id=\"i-20\" class=\"frase_link\" title=\"Hac\u00e9 click para ver esta frase en el video\" href=\"https:\/\/youtube.com\/watch?v=z_O0vuE-kwQ&amp;feature=youtu.be&amp;t=52\" target=\"_blank\" rel=\"noopener\" data-toggle=\"tooltip\">con Marisa (Kugler) que fue la primera intendente <\/a><a id=\"i-21\" class=\"frase_link\" title=\"Hac\u00e9 click para ver esta frase en el video\" href=\"https:\/\/youtube.com\/watch?v=z_O0vuE-kwQ&amp;feature=youtu.be&amp;t=54\" target=\"_blank\" rel=\"noopener\" data-toggle=\"tooltip\">Mujer que tuvo la provincia de Buenos\u00a0<\/a><a id=\"i-22\" class=\"frase_link\" title=\"Hac\u00e9 click para ver esta frase en el video\" href=\"https:\/\/youtube.com\/watch?v=z_O0vuE-kwQ&amp;feature=youtu.be&amp;t=56\" target=\"_blank\" rel=\"noopener\" data-toggle=\"tooltip\">Aires.<\/a><\/h5>\n<h5 class=\"text-justify py-5\"><a id=\"i-23\" class=\"frase_link\" title=\"Hac\u00e9 click para ver esta frase en el video\" href=\"https:\/\/youtube.com\/watch?v=z_O0vuE-kwQ&amp;feature=youtu.be&amp;t=57\" target=\"_blank\" rel=\"noopener\" data-toggle=\"tooltip\">&#8221; <\/a><a id=\"i-24\" class=\"frase_link\" title=\"Hac\u00e9 click para ver esta frase en el video\" href=\"https:\/\/youtube.com\/watch?v=z_O0vuE-kwQ&amp;feature=youtu.be&amp;t=60\" target=\"_blank\" rel=\"noopener\" data-toggle=\"tooltip\">22 municipios nada m\u00e1s tuvieron la\u00a0<\/a><a id=\"i-25\" class=\"frase_link\" title=\"Hac\u00e9 click para ver esta frase en el video\" href=\"https:\/\/youtube.com\/watch?v=z_O0vuE-kwQ&amp;feature=youtu.be&amp;t=63\" target=\"_blank\" rel=\"noopener\" data-toggle=\"tooltip\">posibilidad de intendente mujer y creo que t<\/a><a id=\"i-26\" class=\"frase_link\" title=\"Hac\u00e9 click para ver esta frase en el video\" href=\"https:\/\/youtube.com\/watch?v=z_O0vuE-kwQ&amp;feature=youtu.be&amp;t=66\" target=\"_blank\" rel=\"noopener\" data-toggle=\"tooltip\">enemos que trabajar y tenemos\u00a0<\/a><a id=\"i-27\" class=\"frase_link\" title=\"Hac\u00e9 click para ver esta frase en el video\" href=\"https:\/\/youtube.com\/watch?v=z_O0vuE-kwQ&amp;feature=youtu.be&amp;t=68\" target=\"_blank\" rel=\"noopener\" data-toggle=\"tooltip\">que darle m\u00e1s lugar a la mujer en la\u00a0<\/a><a id=\"i-28\" class=\"frase_link\" title=\"Hac\u00e9 click para ver esta frase en el video\" href=\"https:\/\/youtube.com\/watch?v=z_O0vuE-kwQ&amp;feature=youtu.be&amp;t=70\" target=\"_blank\" rel=\"noopener\" data-toggle=\"tooltip\">pol\u00edtica y ojal\u00e1 que los 135 municipios\u00a0<\/a><a id=\"i-29\" class=\"frase_link\" title=\"Hac\u00e9 click para ver esta frase en el video\" href=\"https:\/\/youtube.com\/watch?v=z_O0vuE-kwQ&amp;feature=youtu.be&amp;t=73\" target=\"_blank\" rel=\"noopener\" data-toggle=\"tooltip\">tengan la posibilidad de tener una mujer\u00a0<\/a><a id=\"i-30\" class=\"frase_link\" title=\"Hac\u00e9 click para ver esta frase en el video\" href=\"https:\/\/youtube.com\/watch?v=z_O0vuE-kwQ&amp;feature=youtu.be&amp;t=74\" target=\"_blank\" rel=\"noopener\" data-toggle=\"tooltip\">intendenta a lo largo de los pr\u00f3ximos\u00a0<\/a><a id=\"i-31\" class=\"frase_link\" title=\"Hac\u00e9 click para ver esta frase en el video\" href=\"https:\/\/youtube.com\/watch?v=z_O0vuE-kwQ&amp;feature=youtu.be&amp;t=77\" target=\"_blank\" rel=\"noopener\" data-toggle=\"tooltip\">a\u00f1os&#8221; dijo Alex Campbell en el momento de hacer entrega de un ejemplar de su libro titulado &#8220;Retomar el Camino&#8221; a la ex intendente Marisa Kugler.<\/a><\/h5>\n<h5 class=\"text-justify py-5\"><a id=\"i-31\" class=\"frase_link\" title=\"Hac\u00e9 click para ver esta frase en el video\" href=\"https:\/\/youtube.com\/watch?v=z_O0vuE-kwQ&amp;feature=youtu.be&amp;t=77\" target=\"_blank\" rel=\"noopener\" data-toggle=\"tooltip\"> &#8220;Gracias Marisa por el <\/a><a id=\"i-32\" class=\"frase_link\" title=\"Hac\u00e9 click para ver esta frase en el video\" href=\"https:\/\/youtube.com\/watch?v=z_O0vuE-kwQ&amp;feature=youtu.be&amp;t=79\" target=\"_blank\" rel=\"noopener\" data-toggle=\"tooltip\">ejemplo gracias por por tu trabajo\u00a0<\/a><a id=\"i-33\" class=\"frase_link\" title=\"Hac\u00e9 click para ver esta frase en el video\" href=\"https:\/\/youtube.com\/watch?v=z_O0vuE-kwQ&amp;feature=youtu.be&amp;t=81\" target=\"_blank\" rel=\"noopener\" data-toggle=\"tooltip\">durante muchos a\u00f1os y por un trabajo por\u00a0<\/a><a id=\"i-34\" class=\"frase_link\" title=\"Hac\u00e9 click para ver esta frase en el video\" href=\"https:\/\/youtube.com\/watch?v=z_O0vuE-kwQ&amp;feature=youtu.be&amp;t=83\" target=\"_blank\" rel=\"noopener\" data-toggle=\"tooltip\">tu ciudad y por ser un ejemplo en en la\u00a0<\/a><a id=\"i-35\" class=\"frase_link\" title=\"Hac\u00e9 click para ver esta frase en el video\" href=\"https:\/\/youtube.com\/watch?v=z_O0vuE-kwQ&amp;feature=youtu.be&amp;t=87\" target=\"_blank\" rel=\"noopener\" data-toggle=\"tooltip\">lucha de las mujeres en pol\u00edtica y\u00a0<\/a><a id=\"i-36\" class=\"frase_link\" title=\"Hac\u00e9 click para ver esta frase en el video\" href=\"https:\/\/youtube.com\/watch?v=z_O0vuE-kwQ&amp;feature=youtu.be&amp;t=89\" target=\"_blank\" rel=\"noopener\" data-toggle=\"tooltip\">porque haya muchas m\u00e1s mujeres como vos\u00a0<\/a><a id=\"i-37\" class=\"frase_link\" title=\"Hac\u00e9 click para ver esta frase en el video\" href=\"https:\/\/youtube.com\/watch?v=z_O0vuE-kwQ&amp;feature=youtu.be&amp;t=91\" target=\"_blank\" rel=\"noopener\" data-toggle=\"tooltip\">en la pol\u00edtica de la provincia de Buenos\u00a0<\/a><a id=\"i-38\" class=\"frase_link\" title=\"Hac\u00e9 click para ver esta frase en el video\" href=\"https:\/\/youtube.com\/watch?v=z_O0vuE-kwQ&amp;feature=youtu.be&amp;t=93\" target=\"_blank\" rel=\"noopener\" data-toggle=\"tooltip\">Aires&#8221; sostuvo el precandidato a senador provincial.<\/a><\/h5>\n<h5 id=\"result-es\" class=\"text-justify py-5\"><a id=\"i-0\" class=\"frase_link\" title=\"Hac\u00e9 click para ver esta frase en el video\" href=\"https:\/\/youtube.com\/watch?v=HvMeUTmjGME&amp;feature=youtu.be&amp;t=0\" target=\"_blank\" rel=\"noopener\" data-toggle=\"tooltip\">&#8220;Quiero agradecer que me hayan <\/a><a id=\"i-1\" class=\"frase_link\" title=\"Hac\u00e9 click para ver esta frase en el video\" href=\"https:\/\/youtube.com\/watch?v=HvMeUTmjGME&amp;feature=youtu.be&amp;t=2\" target=\"_blank\" rel=\"noopener\" data-toggle=\"tooltip\">invitado para<\/a><a id=\"i-2\" class=\"frase_link\" title=\"Hac\u00e9 click para ver esta frase en el video\" href=\"https:\/\/youtube.com\/watch?v=HvMeUTmjGME&amp;feature=youtu.be&amp;t=5\" target=\"_blank\" rel=\"noopener\" data-toggle=\"tooltip\">\u00a0entregarme un libro\u00a0<\/a><a id=\"i-3\" class=\"frase_link\" title=\"Hac\u00e9 click para ver esta frase en el video\" href=\"https:\/\/youtube.com\/watch?v=HvMeUTmjGME&amp;feature=youtu.be&amp;t=7\" target=\"_blank\" rel=\"noopener\" data-toggle=\"tooltip\">escrito por por alguien que estuvo en el\u00a0<\/a><a id=\"i-4\" class=\"frase_link\" title=\"Hac\u00e9 click para ver esta frase en el video\" href=\"https:\/\/youtube.com\/watch?v=HvMeUTmjGME&amp;feature=youtu.be&amp;t=11\" target=\"_blank\" rel=\"noopener\" data-toggle=\"tooltip\">gobierno de la provincia de Buenos Aires\u00a0<\/a><a id=\"i-5\" class=\"frase_link\" title=\"Hac\u00e9 click para ver esta frase en el video\" href=\"https:\/\/youtube.com\/watch?v=HvMeUTmjGME&amp;feature=youtu.be&amp;t=12\" target=\"_blank\" rel=\"noopener\" data-toggle=\"tooltip\">y dedicarmelo para m\u00ed es un orgullo <\/a>y<a id=\"i-6\" class=\"frase_link\" title=\"Hac\u00e9 click para ver esta frase en el video\" href=\"https:\/\/youtube.com\/watch?v=HvMeUTmjGME&amp;feature=youtu.be&amp;t=17\" target=\"_blank\" rel=\"noopener\" data-toggle=\"tooltip\">\u00a0es un orgullo haber sido la primera\u00a0<\/a><a id=\"i-7\" class=\"frase_link\" title=\"Hac\u00e9 click para ver esta frase en el video\" href=\"https:\/\/youtube.com\/watch?v=HvMeUTmjGME&amp;feature=youtu.be&amp;t=19\" target=\"_blank\" rel=\"noopener\" data-toggle=\"tooltip\">intendente mujer de la provincia de\u00a0<\/a><a id=\"i-8\" class=\"frase_link\" title=\"Hac\u00e9 click para ver esta frase en el video\" href=\"https:\/\/youtube.com\/watch?v=HvMeUTmjGME&amp;feature=youtu.be&amp;t=21\" target=\"_blank\" rel=\"noopener\" data-toggle=\"tooltip\">Buenos Aires lo hice con toda mi\u00a0<\/a><a id=\"i-9\" class=\"frase_link\" title=\"Hac\u00e9 click para ver esta frase en el video\" href=\"https:\/\/youtube.com\/watch?v=HvMeUTmjGME&amp;feature=youtu.be&amp;t=24\" target=\"_blank\" rel=\"noopener\" data-toggle=\"tooltip\">dedicaci\u00f3n y todo me afecto y puse todas <\/a><a id=\"i-10\" class=\"frase_link\" title=\"Hac\u00e9 click para ver esta frase en el video\" href=\"https:\/\/youtube.com\/watch?v=HvMeUTmjGME&amp;feature=youtu.be&amp;t=27\" target=\"_blank\" rel=\"noopener\" data-toggle=\"tooltip\">las ganas, a pesar de eso perd\u00ed la <\/a>elecci\u00f3n<a id=\"i-11\" class=\"frase_link\" title=\"Hac\u00e9 click para ver esta frase en el video\" href=\"https:\/\/youtube.com\/watch?v=HvMeUTmjGME&amp;feature=youtu.be&amp;t=31\" target=\"_blank\" rel=\"noopener\" data-toggle=\"tooltip\"> por algunos votitos, pero no <\/a><a id=\"i-12\" class=\"frase_link\" title=\"Hac\u00e9 click para ver esta frase en el video\" href=\"https:\/\/youtube.com\/watch?v=HvMeUTmjGME&amp;feature=youtu.be&amp;t=33\" target=\"_blank\" rel=\"noopener\" data-toggle=\"tooltip\">importa me sirvi\u00f3 mucho de experiencia y\u00a0<\/a><a id=\"i-13\" class=\"frase_link\" title=\"Hac\u00e9 click para ver esta frase en el video\" href=\"https:\/\/youtube.com\/watch?v=HvMeUTmjGME&amp;feature=youtu.be&amp;t=35\" target=\"_blank\" rel=\"noopener\" data-toggle=\"tooltip\">despu\u00e9s fui\u00a0 encabezando la lista de <\/a><a id=\"i-14\" class=\"frase_link\" title=\"Hac\u00e9 click para ver esta frase en el video\" href=\"https:\/\/youtube.com\/watch?v=HvMeUTmjGME&amp;feature=youtu.be&amp;t=37\" target=\"_blank\" rel=\"noopener\" data-toggle=\"tooltip\">diputados&#8221; Explic\u00f3 Marisa Kugler<\/a><\/h5>\n<h5 class=\"text-justify py-5\"><a id=\"i-14\" class=\"frase_link\" title=\"Hac\u00e9 click para ver esta frase en el video\" href=\"https:\/\/youtube.com\/watch?v=HvMeUTmjGME&amp;feature=youtu.be&amp;t=37\" target=\"_blank\" rel=\"noopener\" data-toggle=\"tooltip\"> &#8220;Yo les agradezco de <\/a><a id=\"i-15\" class=\"frase_link\" title=\"Hac\u00e9 click para ver esta frase en el video\" href=\"https:\/\/youtube.com\/watch?v=HvMeUTmjGME&amp;feature=youtu.be&amp;t=40\" target=\"_blank\" rel=\"noopener\" data-toggle=\"tooltip\">coraz\u00f3n que me hayan invitado; <\/a><a id=\"i-16\" class=\"frase_link\" title=\"Hac\u00e9 click para ver esta frase en el video\" href=\"https:\/\/youtube.com\/watch?v=HvMeUTmjGME&amp;feature=youtu.be&amp;t=42\" target=\"_blank\" rel=\"noopener\" data-toggle=\"tooltip\">ustedes son la parte del Pro, Yo soy de <\/a><a id=\"i-17\" class=\"frase_link\" title=\"Hac\u00e9 click para ver esta frase en el video\" href=\"https:\/\/youtube.com\/watch?v=HvMeUTmjGME&amp;feature=youtu.be&amp;t=45\" target=\"_blank\" rel=\"noopener\" data-toggle=\"tooltip\">la Uni\u00f3n C\u00edvica Radical, as\u00ed que les pido <\/a><a id=\"i-18\" class=\"frase_link\" title=\"Hac\u00e9 click para ver esta frase en el video\" href=\"https:\/\/youtube.com\/watch?v=HvMeUTmjGME&amp;feature=youtu.be&amp;t=49\" target=\"_blank\" rel=\"noopener\" data-toggle=\"tooltip\">por favor que, despu\u00e9s que pase todo, nos <\/a><a id=\"i-19\" class=\"frase_link\" title=\"Hac\u00e9 click para ver esta frase en el video\" href=\"https:\/\/youtube.com\/watch?v=HvMeUTmjGME&amp;feature=youtu.be&amp;t=52\" target=\"_blank\" rel=\"noopener\" data-toggle=\"tooltip\">unamos todos. El que pierde apoya y el <\/a><a id=\"i-20\" class=\"frase_link\" title=\"Hac\u00e9 click para ver esta frase en el video\" href=\"https:\/\/youtube.com\/watch?v=HvMeUTmjGME&amp;feature=youtu.be&amp;t=56\" target=\"_blank\" rel=\"noopener\" data-toggle=\"tooltip\">que gana va de candidato&#8221; augur\u00f3 la ex intendente<\/a><\/h5>\n<h5 class=\"text-justify py-5\">&#8220;Que <a id=\"i-27\" class=\"frase_link\" title=\"Hac\u00e9 click para ver esta frase en el video\" href=\"https:\/\/youtube.com\/watch?v=HvMeUTmjGME&amp;feature=youtu.be&amp;t=77\" target=\"_blank\" rel=\"noopener\" data-toggle=\"tooltip\">est\u00e9n\u00a0<\/a><a id=\"i-28\" class=\"frase_link\" title=\"Hac\u00e9 click para ver esta frase en el video\" href=\"https:\/\/youtube.com\/watch?v=HvMeUTmjGME&amp;feature=youtu.be&amp;t=81\" target=\"_blank\" rel=\"noopener\" data-toggle=\"tooltip\">realmente Unidos y salgan a trabajar, <\/a><a id=\"i-29\" class=\"frase_link\" title=\"Hac\u00e9 click para ver esta frase en el video\" href=\"https:\/\/youtube.com\/watch?v=HvMeUTmjGME&amp;feature=youtu.be&amp;t=83\" target=\"_blank\" rel=\"noopener\" data-toggle=\"tooltip\">la gente necesita trabajo honestidad\u00a0<\/a><a id=\"i-30\" class=\"frase_link\" title=\"Hac\u00e9 click para ver esta frase en el video\" href=\"https:\/\/youtube.com\/watch?v=HvMeUTmjGME&amp;feature=youtu.be&amp;t=87\" target=\"_blank\" rel=\"noopener\" data-toggle=\"tooltip\">dedicaci\u00f3n y mucho esfuerzo porque el\u00a0<\/a><a id=\"i-31\" class=\"frase_link\" title=\"Hac\u00e9 click para ver esta frase en el video\" href=\"https:\/\/youtube.com\/watch?v=HvMeUTmjGME&amp;feature=youtu.be&amp;t=91\" target=\"_blank\" rel=\"noopener\" data-toggle=\"tooltip\">pa\u00eds nos llama a que seamos unidos&#8221; subray\u00f3 Marisa Kugler<\/a><\/h5>\n<p><strong>NOTA COMPLETA DE CELTTV NOTICIAS<\/strong><\/p>\n<p><iframe loading=\"lazy\" title=\"2023 07 31 ENTREGA DE LIBRO CAMPBELL 1 SEBASTIAN BASSI ALEX CAMPBELL\" width=\"500\" height=\"281\" src=\"https:\/\/www.youtube.com\/embed\/z_O0vuE-kwQ?feature=oembed\" frameborder=\"0\" allow=\"accelerometer; autoplay; clipboard-write; encrypted-media; gyroscope; picture-in-picture; web-share\" referrerpolicy=\"strict-origin-when-cross-origin\" allowfullscreen><\/iframe><\/p>\n<p><iframe loading=\"lazy\" title=\"2023 07 31 ENTREGA DE LIBRO CAMPBELL 2 MARISA KUGLER\" width=\"500\" height=\"281\" src=\"https:\/\/www.youtube.com\/embed\/HvMeUTmjGME?feature=oembed\" frameborder=\"0\" allow=\"accelerometer; autoplay; clipboard-write; encrypted-media; gyroscope; picture-in-picture; web-share\" referrerpolicy=\"strict-origin-when-cross-origin\" allowfullscreen><\/iframe><\/p>\n<p><img loading=\"lazy\" decoding=\"async\" class=\"alignnone wp-image-78047 size-full\" src=\"http:\/\/www.celttv.com.ar\/wp-content\/uploads\/2023\/07\/IMG_0795-Medium-1.jpg\" alt=\"\" width=\"1152\" height=\"768\" srcset=\"https:\/\/www.celttv.com.ar\/wp-content\/uploads\/2023\/07\/IMG_0795-Medium-1.jpg 1152w, https:\/\/www.celttv.com.ar\/wp-content\/uploads\/2023\/07\/IMG_0795-Medium-1-300x200.jpg 300w, https:\/\/www.celttv.com.ar\/wp-content\/uploads\/2023\/07\/IMG_0795-Medium-1-1024x683.jpg 1024w, https:\/\/www.celttv.com.ar\/wp-content\/uploads\/2023\/07\/IMG_0795-Medium-1-768x512.jpg 768w, https:\/\/www.celttv.com.ar\/wp-content\/uploads\/2023\/07\/IMG_0795-Medium-1-750x500.jpg 750w, https:\/\/www.celttv.com.ar\/wp-content\/uploads\/2023\/07\/IMG_0795-Medium-1-1140x760.jpg 1140w\" sizes=\"auto, (max-width: 1152px) 100vw, 1152px\" \/> <img loading=\"lazy\" decoding=\"async\" class=\"alignnone wp-image-78049 size-full\" src=\"http:\/\/www.celttv.com.ar\/wp-content\/uploads\/2023\/07\/IMG_0797-Medium.jpg\" alt=\"\" width=\"1152\" height=\"768\" srcset=\"https:\/\/www.celttv.com.ar\/wp-content\/uploads\/2023\/07\/IMG_0797-Medium.jpg 1152w, https:\/\/www.celttv.com.ar\/wp-content\/uploads\/2023\/07\/IMG_0797-Medium-300x200.jpg 300w, https:\/\/www.celttv.com.ar\/wp-content\/uploads\/2023\/07\/IMG_0797-Medium-1024x683.jpg 1024w, https:\/\/www.celttv.com.ar\/wp-content\/uploads\/2023\/07\/IMG_0797-Medium-768x512.jpg 768w, https:\/\/www.celttv.com.ar\/wp-content\/uploads\/2023\/07\/IMG_0797-Medium-750x500.jpg 750w, https:\/\/www.celttv.com.ar\/wp-content\/uploads\/2023\/07\/IMG_0797-Medium-1140x760.jpg 1140w\" sizes=\"auto, (max-width: 1152px) 100vw, 1152px\" \/> <img loading=\"lazy\" decoding=\"async\" class=\"alignnone wp-image-78051 size-full\" src=\"http:\/\/www.celttv.com.ar\/wp-content\/uploads\/2023\/07\/IMG_0799-Medium.jpg\" alt=\"\" width=\"1152\" height=\"768\" srcset=\"https:\/\/www.celttv.com.ar\/wp-content\/uploads\/2023\/07\/IMG_0799-Medium.jpg 1152w, https:\/\/www.celttv.com.ar\/wp-content\/uploads\/2023\/07\/IMG_0799-Medium-300x200.jpg 300w, https:\/\/www.celttv.com.ar\/wp-content\/uploads\/2023\/07\/IMG_0799-Medium-1024x683.jpg 1024w, https:\/\/www.celttv.com.ar\/wp-content\/uploads\/2023\/07\/IMG_0799-Medium-768x512.jpg 768w, https:\/\/www.celttv.com.ar\/wp-content\/uploads\/2023\/07\/IMG_0799-Medium-750x500.jpg 750w, https:\/\/www.celttv.com.ar\/wp-content\/uploads\/2023\/07\/IMG_0799-Medium-1140x760.jpg 1140w\" sizes=\"auto, (max-width: 1152px) 100vw, 1152px\" \/> <img loading=\"lazy\" decoding=\"async\" class=\"alignnone wp-image-78053 size-full\" src=\"http:\/\/www.celttv.com.ar\/wp-content\/uploads\/2023\/07\/IMG_0801-Medium.jpg\" alt=\"\" width=\"1152\" height=\"768\" srcset=\"https:\/\/www.celttv.com.ar\/wp-content\/uploads\/2023\/07\/IMG_0801-Medium.jpg 1152w, https:\/\/www.celttv.com.ar\/wp-content\/uploads\/2023\/07\/IMG_0801-Medium-300x200.jpg 300w, https:\/\/www.celttv.com.ar\/wp-content\/uploads\/2023\/07\/IMG_0801-Medium-1024x683.jpg 1024w, https:\/\/www.celttv.com.ar\/wp-content\/uploads\/2023\/07\/IMG_0801-Medium-768x512.jpg 768w, https:\/\/www.celttv.com.ar\/wp-content\/uploads\/2023\/07\/IMG_0801-Medium-750x500.jpg 750w, https:\/\/www.celttv.com.ar\/wp-content\/uploads\/2023\/07\/IMG_0801-Medium-1140x760.jpg 1140w\" sizes=\"auto, (max-width: 1152px) 100vw, 1152px\" \/><\/p>\n","protected":false},"excerpt":{"rendered":"<p>En su visita a Tornquist el Diputado Alex Campbell hizo entrega de un ejemplar de su libro &#8220;Retomar el Camino&#8221; a la ex intendente y diputada provincial Mar\u00eda Luisa Kugler de Morteo. &#8220;Un honor contar en principio con Marisa con \u00c1lex con Pepe basualdo En esta\u00a0actividad propia de la \u00e9poca de campa\u00f1a\u00a0pero que siempre han [&hellip;]<\/p>\n","protected":false},"author":5,"featured_media":78046,"comment_status":"closed","ping_status":"closed","sticky":false,"template":"","format":"standard","meta":{"footnotes":""},"categories":[51,52,53],"tags":[],"class_list":["post-78045","post","type-post","status-publish","format-standard","has-post-thumbnail","hentry","category-comunidad","category-destacadas","category-politica"],"yoast_head":"<!-- This site is optimized with the Yoast SEO plugin v19.7.1 - https:\/\/yoast.com\/wordpress\/plugins\/seo\/ -->\n<title>El Diputado Alex Campbell hizo entrega de un ejemplar de su libro a la ex intendente Marisa Kugler (FOTOS Y VIDEO) - CELTTV<\/title>\n<meta name=\"description\" content=\"Sitio web de noticias de la localidad de Tornquist, provincia de Buenos Aires, Rep\u00fablica Argentina. Contenido propio originado por periodistas de CELTTV, el canal de TV local de la Cooperativa El\u00e9ctrica de Tornquist. Turismo, Pol\u00edtica, Sociedad, Deporte, Cultura y todo el contenido de inter\u00e9s general que la gente del pueblo y la regi\u00f3n debe conocer.\" \/>\n<meta name=\"robots\" content=\"index, follow, max-snippet:-1, max-image-preview:large, max-video-preview:-1\" \/>\n<link rel=\"canonical\" href=\"https:\/\/www.celttv.com.ar\/index.php\/2023\/07\/31\/el-diputado-alex-campbell-hizo-entrega-de-un-ejemplar-de-su-libro-a-la-ex-intendente-marisa-kugler-fotos-y-video\/\" \/>\n<meta property=\"og:locale\" content=\"es_ES\" \/>\n<meta property=\"og:type\" content=\"article\" \/>\n<meta property=\"og:title\" content=\"El Diputado Alex Campbell hizo entrega de un ejemplar de su libro a la ex intendente Marisa Kugler (FOTOS Y VIDEO) - CELTTV\" \/>\n<meta property=\"og:description\" content=\"Sitio web de noticias de la localidad de Tornquist, provincia de Buenos Aires, Rep\u00fablica Argentina. Contenido propio originado por periodistas de CELTTV, el canal de TV local de la Cooperativa El\u00e9ctrica de Tornquist. Turismo, Pol\u00edtica, Sociedad, Deporte, Cultura y todo el contenido de inter\u00e9s general que la gente del pueblo y la regi\u00f3n debe conocer.\" \/>\n<meta property=\"og:url\" content=\"https:\/\/www.celttv.com.ar\/index.php\/2023\/07\/31\/el-diputado-alex-campbell-hizo-entrega-de-un-ejemplar-de-su-libro-a-la-ex-intendente-marisa-kugler-fotos-y-video\/\" \/>\n<meta property=\"og:site_name\" content=\"CELTTV\" \/>\n<meta property=\"article:publisher\" content=\"https:\/\/www.facebook.com\/celtTV\/\" \/>\n<meta property=\"article:published_time\" content=\"2023-08-01T02:56:18+00:00\" \/>\n<meta property=\"og:image\" content=\"https:\/\/www.celttv.com.ar\/wp-content\/uploads\/2023\/07\/IMG_0795-Medium.jpg\" \/>\n\t<meta property=\"og:image:width\" content=\"1152\" \/>\n\t<meta property=\"og:image:height\" content=\"768\" \/>\n\t<meta property=\"og:image:type\" content=\"image\/jpeg\" \/>\n<meta name=\"author\" content=\"Miguel Herrada\" \/>\n<meta name=\"twitter:card\" content=\"summary_large_image\" \/>\n<meta name=\"twitter:label1\" content=\"Escrito por\" \/>\n\t<meta name=\"twitter:data1\" content=\"Miguel Herrada\" \/>\n\t<meta name=\"twitter:label2\" content=\"Tiempo de lectura\" \/>\n\t<meta name=\"twitter:data2\" content=\"3 minutos\" \/>\n<script type=\"application\/ld+json\" class=\"yoast-schema-graph\">{\"@context\":\"https:\/\/schema.org\",\"@graph\":[{\"@type\":\"NewsArticle\",\"@id\":\"https:\/\/www.celttv.com.ar\/index.php\/2023\/07\/31\/el-diputado-alex-campbell-hizo-entrega-de-un-ejemplar-de-su-libro-a-la-ex-intendente-marisa-kugler-fotos-y-video\/#article\",\"isPartOf\":{\"@id\":\"https:\/\/www.celttv.com.ar\/index.php\/2023\/07\/31\/el-diputado-alex-campbell-hizo-entrega-de-un-ejemplar-de-su-libro-a-la-ex-intendente-marisa-kugler-fotos-y-video\/\"},\"author\":{\"name\":\"Miguel Herrada\",\"@id\":\"https:\/\/www.celttv.com.ar\/#\/schema\/person\/9059dc91dc7204ef4182cdb65225f07d\"},\"headline\":\"El Diputado Alex Campbell hizo entrega de un ejemplar de su libro a la ex intendente Marisa Kugler (FOTOS Y VIDEO)\",\"datePublished\":\"2023-08-01T02:56:18+00:00\",\"dateModified\":\"2023-08-01T02:56:18+00:00\",\"mainEntityOfPage\":{\"@id\":\"https:\/\/www.celttv.com.ar\/index.php\/2023\/07\/31\/el-diputado-alex-campbell-hizo-entrega-de-un-ejemplar-de-su-libro-a-la-ex-intendente-marisa-kugler-fotos-y-video\/\"},\"wordCount\":537,\"publisher\":{\"@id\":\"https:\/\/www.celttv.com.ar\/#organization\"},\"articleSection\":[\"Comunidad\",\"Destacadas\",\"Pol\u00edtica\"],\"inLanguage\":\"es\"},{\"@type\":\"WebPage\",\"@id\":\"https:\/\/www.celttv.com.ar\/index.php\/2023\/07\/31\/el-diputado-alex-campbell-hizo-entrega-de-un-ejemplar-de-su-libro-a-la-ex-intendente-marisa-kugler-fotos-y-video\/\",\"url\":\"https:\/\/www.celttv.com.ar\/index.php\/2023\/07\/31\/el-diputado-alex-campbell-hizo-entrega-de-un-ejemplar-de-su-libro-a-la-ex-intendente-marisa-kugler-fotos-y-video\/\",\"name\":\"El Diputado Alex Campbell hizo entrega de un ejemplar de su libro a la ex intendente Marisa Kugler (FOTOS Y VIDEO) - CELTTV\",\"isPartOf\":{\"@id\":\"https:\/\/www.celttv.com.ar\/#website\"},\"datePublished\":\"2023-08-01T02:56:18+00:00\",\"dateModified\":\"2023-08-01T02:56:18+00:00\",\"description\":\"Sitio web de noticias de la localidad de Tornquist, provincia de Buenos Aires, Rep\u00fablica Argentina. Contenido propio originado por periodistas de CELTTV, el canal de TV local de la Cooperativa El\u00e9ctrica de Tornquist. Turismo, Pol\u00edtica, Sociedad, Deporte, Cultura y todo el contenido de inter\u00e9s general que la gente del pueblo y la regi\u00f3n debe conocer.\",\"breadcrumb\":{\"@id\":\"https:\/\/www.celttv.com.ar\/index.php\/2023\/07\/31\/el-diputado-alex-campbell-hizo-entrega-de-un-ejemplar-de-su-libro-a-la-ex-intendente-marisa-kugler-fotos-y-video\/#breadcrumb\"},\"inLanguage\":\"es\",\"potentialAction\":[{\"@type\":\"ReadAction\",\"target\":[\"https:\/\/www.celttv.com.ar\/index.php\/2023\/07\/31\/el-diputado-alex-campbell-hizo-entrega-de-un-ejemplar-de-su-libro-a-la-ex-intendente-marisa-kugler-fotos-y-video\/\"]}]},{\"@type\":\"BreadcrumbList\",\"@id\":\"https:\/\/www.celttv.com.ar\/index.php\/2023\/07\/31\/el-diputado-alex-campbell-hizo-entrega-de-un-ejemplar-de-su-libro-a-la-ex-intendente-marisa-kugler-fotos-y-video\/#breadcrumb\",\"itemListElement\":[{\"@type\":\"ListItem\",\"position\":1,\"name\":\"Inicio\",\"item\":\"https:\/\/www.celttv.com.ar\/\"},{\"@type\":\"ListItem\",\"position\":2,\"name\":\"El Diputado Alex Campbell hizo entrega de un ejemplar de su libro a la ex intendente Marisa Kugler (FOTOS Y VIDEO)\"}]},{\"@type\":\"WebSite\",\"@id\":\"https:\/\/www.celttv.com.ar\/#website\",\"url\":\"https:\/\/www.celttv.com.ar\/\",\"name\":\"CELTTV\",\"description\":\"Cooperativa El\u00e9ctrica de Tornquist\",\"publisher\":{\"@id\":\"https:\/\/www.celttv.com.ar\/#organization\"},\"potentialAction\":[{\"@type\":\"SearchAction\",\"target\":{\"@type\":\"EntryPoint\",\"urlTemplate\":\"https:\/\/www.celttv.com.ar\/?s={search_term_string}\"},\"query-input\":\"required name=search_term_string\"}],\"inLanguage\":\"es\"},{\"@type\":\"Organization\",\"@id\":\"https:\/\/www.celttv.com.ar\/#organization\",\"name\":\"CELTTV\",\"url\":\"https:\/\/www.celttv.com.ar\/\",\"sameAs\":[\"https:\/\/www.youtube.com\/channel\/UCz_oIt8Hig64Ub-EmcNPIhg\",\"https:\/\/www.facebook.com\/celtTV\/\"],\"logo\":{\"@type\":\"ImageObject\",\"inLanguage\":\"es\",\"@id\":\"https:\/\/www.celttv.com.ar\/#\/schema\/logo\/image\/\",\"url\":\"http:\/\/www.celttv.com.ar\/wp-content\/uploads\/2022\/08\/logo-1.png\",\"contentUrl\":\"http:\/\/www.celttv.com.ar\/wp-content\/uploads\/2022\/08\/logo-1.png\",\"width\":461,\"height\":159,\"caption\":\"CELTTV\"},\"image\":{\"@id\":\"https:\/\/www.celttv.com.ar\/#\/schema\/logo\/image\/\"}},{\"@type\":\"Person\",\"@id\":\"https:\/\/www.celttv.com.ar\/#\/schema\/person\/9059dc91dc7204ef4182cdb65225f07d\",\"name\":\"Miguel Herrada\",\"image\":{\"@type\":\"ImageObject\",\"inLanguage\":\"es\",\"@id\":\"https:\/\/www.celttv.com.ar\/#\/schema\/person\/image\/\",\"url\":\"https:\/\/secure.gravatar.com\/avatar\/67724d5b3c716623ffd76bec7e45841a442ac3b456e914dbba90b0fad2b8e0b1?s=96&d=mm&r=g\",\"contentUrl\":\"https:\/\/secure.gravatar.com\/avatar\/67724d5b3c716623ffd76bec7e45841a442ac3b456e914dbba90b0fad2b8e0b1?s=96&d=mm&r=g\",\"caption\":\"Miguel Herrada\"}}]}<\/script>\n<!-- \/ Yoast SEO plugin. -->","yoast_head_json":{"title":"El Diputado Alex Campbell hizo entrega de un ejemplar de su libro a la ex intendente Marisa Kugler (FOTOS Y VIDEO) - CELTTV","description":"Sitio web de noticias de la localidad de Tornquist, provincia de Buenos Aires, Rep\u00fablica Argentina. Contenido propio originado por periodistas de CELTTV, el canal de TV local de la Cooperativa El\u00e9ctrica de Tornquist. Turismo, Pol\u00edtica, Sociedad, Deporte, Cultura y todo el contenido de inter\u00e9s general que la gente del pueblo y la regi\u00f3n debe conocer.","robots":{"index":"index","follow":"follow","max-snippet":"max-snippet:-1","max-image-preview":"max-image-preview:large","max-video-preview":"max-video-preview:-1"},"canonical":"https:\/\/www.celttv.com.ar\/index.php\/2023\/07\/31\/el-diputado-alex-campbell-hizo-entrega-de-un-ejemplar-de-su-libro-a-la-ex-intendente-marisa-kugler-fotos-y-video\/","og_locale":"es_ES","og_type":"article","og_title":"El Diputado Alex Campbell hizo entrega de un ejemplar de su libro a la ex intendente Marisa Kugler (FOTOS Y VIDEO) - CELTTV","og_description":"Sitio web de noticias de la localidad de Tornquist, provincia de Buenos Aires, Rep\u00fablica Argentina. Contenido propio originado por periodistas de CELTTV, el canal de TV local de la Cooperativa El\u00e9ctrica de Tornquist. Turismo, Pol\u00edtica, Sociedad, Deporte, Cultura y todo el contenido de inter\u00e9s general que la gente del pueblo y la regi\u00f3n debe conocer.","og_url":"https:\/\/www.celttv.com.ar\/index.php\/2023\/07\/31\/el-diputado-alex-campbell-hizo-entrega-de-un-ejemplar-de-su-libro-a-la-ex-intendente-marisa-kugler-fotos-y-video\/","og_site_name":"CELTTV","article_publisher":"https:\/\/www.facebook.com\/celtTV\/","article_published_time":"2023-08-01T02:56:18+00:00","og_image":[{"width":1152,"height":768,"url":"https:\/\/www.celttv.com.ar\/wp-content\/uploads\/2023\/07\/IMG_0795-Medium.jpg","type":"image\/jpeg"}],"author":"Miguel Herrada","twitter_card":"summary_large_image","twitter_misc":{"Escrito por":"Miguel Herrada","Tiempo de lectura":"3 minutos"},"schema":{"@context":"https:\/\/schema.org","@graph":[{"@type":"NewsArticle","@id":"https:\/\/www.celttv.com.ar\/index.php\/2023\/07\/31\/el-diputado-alex-campbell-hizo-entrega-de-un-ejemplar-de-su-libro-a-la-ex-intendente-marisa-kugler-fotos-y-video\/#article","isPartOf":{"@id":"https:\/\/www.celttv.com.ar\/index.php\/2023\/07\/31\/el-diputado-alex-campbell-hizo-entrega-de-un-ejemplar-de-su-libro-a-la-ex-intendente-marisa-kugler-fotos-y-video\/"},"author":{"name":"Miguel Herrada","@id":"https:\/\/www.celttv.com.ar\/#\/schema\/person\/9059dc91dc7204ef4182cdb65225f07d"},"headline":"El Diputado Alex Campbell hizo entrega de un ejemplar de su libro a la ex intendente Marisa Kugler (FOTOS Y VIDEO)","datePublished":"2023-08-01T02:56:18+00:00","dateModified":"2023-08-01T02:56:18+00:00","mainEntityOfPage":{"@id":"https:\/\/www.celttv.com.ar\/index.php\/2023\/07\/31\/el-diputado-alex-campbell-hizo-entrega-de-un-ejemplar-de-su-libro-a-la-ex-intendente-marisa-kugler-fotos-y-video\/"},"wordCount":537,"publisher":{"@id":"https:\/\/www.celttv.com.ar\/#organization"},"articleSection":["Comunidad","Destacadas","Pol\u00edtica"],"inLanguage":"es"},{"@type":"WebPage","@id":"https:\/\/www.celttv.com.ar\/index.php\/2023\/07\/31\/el-diputado-alex-campbell-hizo-entrega-de-un-ejemplar-de-su-libro-a-la-ex-intendente-marisa-kugler-fotos-y-video\/","url":"https:\/\/www.celttv.com.ar\/index.php\/2023\/07\/31\/el-diputado-alex-campbell-hizo-entrega-de-un-ejemplar-de-su-libro-a-la-ex-intendente-marisa-kugler-fotos-y-video\/","name":"El Diputado Alex Campbell hizo entrega de un ejemplar de su libro a la ex intendente Marisa Kugler (FOTOS Y VIDEO) - CELTTV","isPartOf":{"@id":"https:\/\/www.celttv.com.ar\/#website"},"datePublished":"2023-08-01T02:56:18+00:00","dateModified":"2023-08-01T02:56:18+00:00","description":"Sitio web de noticias de la localidad de Tornquist, provincia de Buenos Aires, Rep\u00fablica Argentina. Contenido propio originado por periodistas de CELTTV, el canal de TV local de la Cooperativa El\u00e9ctrica de Tornquist. Turismo, Pol\u00edtica, Sociedad, Deporte, Cultura y todo el contenido de inter\u00e9s general que la gente del pueblo y la regi\u00f3n debe conocer.","breadcrumb":{"@id":"https:\/\/www.celttv.com.ar\/index.php\/2023\/07\/31\/el-diputado-alex-campbell-hizo-entrega-de-un-ejemplar-de-su-libro-a-la-ex-intendente-marisa-kugler-fotos-y-video\/#breadcrumb"},"inLanguage":"es","potentialAction":[{"@type":"ReadAction","target":["https:\/\/www.celttv.com.ar\/index.php\/2023\/07\/31\/el-diputado-alex-campbell-hizo-entrega-de-un-ejemplar-de-su-libro-a-la-ex-intendente-marisa-kugler-fotos-y-video\/"]}]},{"@type":"BreadcrumbList","@id":"https:\/\/www.celttv.com.ar\/index.php\/2023\/07\/31\/el-diputado-alex-campbell-hizo-entrega-de-un-ejemplar-de-su-libro-a-la-ex-intendente-marisa-kugler-fotos-y-video\/#breadcrumb","itemListElement":[{"@type":"ListItem","position":1,"name":"Inicio","item":"https:\/\/www.celttv.com.ar\/"},{"@type":"ListItem","position":2,"name":"El Diputado Alex Campbell hizo entrega de un ejemplar de su libro a la ex intendente Marisa Kugler (FOTOS Y VIDEO)"}]},{"@type":"WebSite","@id":"https:\/\/www.celttv.com.ar\/#website","url":"https:\/\/www.celttv.com.ar\/","name":"CELTTV","description":"Cooperativa El\u00e9ctrica de Tornquist","publisher":{"@id":"https:\/\/www.celttv.com.ar\/#organization"},"potentialAction":[{"@type":"SearchAction","target":{"@type":"EntryPoint","urlTemplate":"https:\/\/www.celttv.com.ar\/?s={search_term_string}"},"query-input":"required name=search_term_string"}],"inLanguage":"es"},{"@type":"Organization","@id":"https:\/\/www.celttv.com.ar\/#organization","name":"CELTTV","url":"https:\/\/www.celttv.com.ar\/","sameAs":["https:\/\/www.youtube.com\/channel\/UCz_oIt8Hig64Ub-EmcNPIhg","https:\/\/www.facebook.com\/celtTV\/"],"logo":{"@type":"ImageObject","inLanguage":"es","@id":"https:\/\/www.celttv.com.ar\/#\/schema\/logo\/image\/","url":"http:\/\/www.celttv.com.ar\/wp-content\/uploads\/2022\/08\/logo-1.png","contentUrl":"http:\/\/www.celttv.com.ar\/wp-content\/uploads\/2022\/08\/logo-1.png","width":461,"height":159,"caption":"CELTTV"},"image":{"@id":"https:\/\/www.celttv.com.ar\/#\/schema\/logo\/image\/"}},{"@type":"Person","@id":"https:\/\/www.celttv.com.ar\/#\/schema\/person\/9059dc91dc7204ef4182cdb65225f07d","name":"Miguel Herrada","image":{"@type":"ImageObject","inLanguage":"es","@id":"https:\/\/www.celttv.com.ar\/#\/schema\/person\/image\/","url":"https:\/\/secure.gravatar.com\/avatar\/67724d5b3c716623ffd76bec7e45841a442ac3b456e914dbba90b0fad2b8e0b1?s=96&d=mm&r=g","contentUrl":"https:\/\/secure.gravatar.com\/avatar\/67724d5b3c716623ffd76bec7e45841a442ac3b456e914dbba90b0fad2b8e0b1?s=96&d=mm&r=g","caption":"Miguel Herrada"}}]}},"_links":{"self":[{"href":"https:\/\/www.celttv.com.ar\/index.php\/wp-json\/wp\/v2\/posts\/78045","targetHints":{"allow":["GET"]}}],"collection":[{"href":"https:\/\/www.celttv.com.ar\/index.php\/wp-json\/wp\/v2\/posts"}],"about":[{"href":"https:\/\/www.celttv.com.ar\/index.php\/wp-json\/wp\/v2\/types\/post"}],"author":[{"embeddable":true,"href":"https:\/\/www.celttv.com.ar\/index.php\/wp-json\/wp\/v2\/users\/5"}],"replies":[{"embeddable":true,"href":"https:\/\/www.celttv.com.ar\/index.php\/wp-json\/wp\/v2\/comments?post=78045"}],"version-history":[{"count":1,"href":"https:\/\/www.celttv.com.ar\/index.php\/wp-json\/wp\/v2\/posts\/78045\/revisions"}],"predecessor-version":[{"id":78054,"href":"https:\/\/www.celttv.com.ar\/index.php\/wp-json\/wp\/v2\/posts\/78045\/revisions\/78054"}],"wp:featuredmedia":[{"embeddable":true,"href":"https:\/\/www.celttv.com.ar\/index.php\/wp-json\/wp\/v2\/media\/78046"}],"wp:attachment":[{"href":"https:\/\/www.celttv.com.ar\/index.php\/wp-json\/wp\/v2\/media?parent=78045"}],"wp:term":[{"taxonomy":"category","embeddable":true,"href":"https:\/\/www.celttv.com.ar\/index.php\/wp-json\/wp\/v2\/categories?post=78045"},{"taxonomy":"post_tag","embeddable":true,"href":"https:\/\/www.celttv.com.ar\/index.php\/wp-json\/wp\/v2\/tags?post=78045"}],"curies":[{"name":"wp","href":"https:\/\/api.w.org\/{rel}","templated":true}]}}