{"id":78093,"date":"2023-08-02T11:20:53","date_gmt":"2023-08-02T14:20:53","guid":{"rendered":"http:\/\/www.celttv.com.ar\/?p=78093"},"modified":"2023-08-02T11:20:53","modified_gmt":"2023-08-02T14:20:53","slug":"el-hcd-reconocio-la-tarea-de-juan-carlos-brugniere-por-su-compromiso-con-los-ninos-del-distrito-videos","status":"publish","type":"post","link":"https:\/\/www.celttv.com.ar\/index.php\/2023\/08\/02\/el-hcd-reconocio-la-tarea-de-juan-carlos-brugniere-por-su-compromiso-con-los-ninos-del-distrito-videos\/","title":{"rendered":"El HCD reconoci\u00f3 la tarea de Juan Carlos Brugniere por su compromiso con los ni\u00f1os del distrito (Videos)"},"content":{"rendered":"<p>El Honorable Concejo Deliberante reconoci\u00f3 al vecino Juan Carlos Brugniere por su trabajo y compromiso con los ni\u00f1os del distrito.<\/p>\n<p>Creador junto a vecinos de la ciudad del Festival Regional Uni\u00f3n del Ni\u00f1o, Juan Carlos siempre se preocup\u00f3 y ocup\u00f3 de que los ni\u00f1os puedan festejar su d\u00eda durante m\u00e1s de 40 a\u00f1os.<\/p>\n<p>Como bonus track, Juan Carlos supo darle vida durante todas las ediciones al m\u00edtico Sargento Garc\u00eda y tambi\u00e9n a otros personajes infantiles como Margarito Terer\u00e9 y Homero Simpsons.<\/p>\n<p>Cada edici\u00f3n, siempre estuvo acompa\u00f1ado por una gran troup de payasos que lo han acompa\u00f1ado durante cada edici\u00f3n del festival.<\/p>\n<p><em><strong>LECTURA DE LA RESOLUCI\u00d3N<\/strong><\/em><\/p>\n<p><iframe loading=\"lazy\" title=\"2023 08 02 RECONOCIMIENTO DEL HCD A JUAN CARLOS BRUGNIERE 1 LECTURA DE RESOLUCION\" width=\"500\" height=\"281\" src=\"https:\/\/www.youtube.com\/embed\/yWMfemG0Oi8?feature=oembed\" frameborder=\"0\" allow=\"accelerometer; autoplay; clipboard-write; encrypted-media; gyroscope; picture-in-picture; web-share\" referrerpolicy=\"strict-origin-when-cross-origin\" allowfullscreen><\/iframe><\/p>\n<p><em><strong>ALOCUCI\u00d3N DE JUAN CARLOS BRUGNIERE<\/strong><\/em><\/p>\n<p><iframe loading=\"lazy\" title=\"2023 08 02 RECONOCIMIENTO DEL HCD A JUAN CARLOS BRUGNIERE 2 ALOCUCION JUAN CARLOS BRUGNIERE\" width=\"500\" height=\"281\" src=\"https:\/\/www.youtube.com\/embed\/168F9vZDBHc?feature=oembed\" frameborder=\"0\" allow=\"accelerometer; autoplay; clipboard-write; encrypted-media; gyroscope; picture-in-picture; web-share\" referrerpolicy=\"strict-origin-when-cross-origin\" allowfullscreen><\/iframe><\/p>\n<p><em><strong>ENTREVISTA A JUAN CARLOS BRUGNIERE<\/strong><\/em><\/p>\n<p><iframe loading=\"lazy\" title=\"2023 08 02 RECONOCIMIENTO DEL HCD A JUAN CARLOS BRUGNIERE 6 NOTA A JUAN CARLOS BRUGNIERE\" width=\"500\" height=\"281\" src=\"https:\/\/www.youtube.com\/embed\/gwOIqcv7_js?feature=oembed\" frameborder=\"0\" allow=\"accelerometer; autoplay; clipboard-write; encrypted-media; gyroscope; picture-in-picture; web-share\" referrerpolicy=\"strict-origin-when-cross-origin\" allowfullscreen><\/iframe><\/p>\n<p><em><strong>ALOCUCI\u00d3N DE EDILES<\/strong><\/em><\/p>\n<p><iframe loading=\"lazy\" title=\"2023 08 02 RECONOCIMIENTO DEL HCD A JUAN CARLOS BRUGNIERE 3 ALOCUCION MARCELA GIMENEZ\" width=\"500\" height=\"281\" src=\"https:\/\/www.youtube.com\/embed\/hzO2GB9wGYk?feature=oembed\" frameborder=\"0\" allow=\"accelerometer; autoplay; clipboard-write; encrypted-media; gyroscope; picture-in-picture; web-share\" referrerpolicy=\"strict-origin-when-cross-origin\" allowfullscreen><\/iframe><\/p>\n<p><iframe loading=\"lazy\" title=\"2023 08 02 RECONOCIMIENTO DEL HCD A JUAN CARLOS BRUGNIERE 4 ALOCUCION LUIS CASTRO\" width=\"500\" height=\"281\" src=\"https:\/\/www.youtube.com\/embed\/DvZxN7Rm4qE?feature=oembed\" frameborder=\"0\" allow=\"accelerometer; autoplay; clipboard-write; encrypted-media; gyroscope; picture-in-picture; web-share\" referrerpolicy=\"strict-origin-when-cross-origin\" allowfullscreen><\/iframe><\/p>\n<p><iframe loading=\"lazy\" title=\"2023 08 02 RECONOCIMIENTO DEL HCD A JUAN CARLOS BRUGNIERE 5 ALOCUCION LEANDRO GUERRERO\" width=\"500\" height=\"281\" src=\"https:\/\/www.youtube.com\/embed\/muo-LKy7CkU?feature=oembed\" frameborder=\"0\" allow=\"accelerometer; autoplay; clipboard-write; encrypted-media; gyroscope; picture-in-picture; web-share\" referrerpolicy=\"strict-origin-when-cross-origin\" allowfullscreen><\/iframe><\/p>\n<p>&nbsp;<\/p>\n","protected":false},"excerpt":{"rendered":"<p>El Honorable Concejo Deliberante reconoci\u00f3 al vecino Juan Carlos Brugniere por su trabajo y compromiso con los ni\u00f1os del distrito. Creador junto a vecinos de la ciudad del Festival Regional Uni\u00f3n del Ni\u00f1o, Juan Carlos siempre se preocup\u00f3 y ocup\u00f3 de que los ni\u00f1os puedan festejar su d\u00eda durante m\u00e1s de 40 a\u00f1os. Como bonus [&hellip;]<\/p>\n","protected":false},"author":3,"featured_media":78094,"comment_status":"closed","ping_status":"closed","sticky":false,"template":"","format":"standard","meta":{"footnotes":""},"categories":[55],"tags":[],"class_list":["post-78093","post","type-post","status-publish","format-standard","has-post-thumbnail","hentry","category-celt-tv-noticias"],"yoast_head":"<!-- This site is optimized with the Yoast SEO plugin v19.7.1 - https:\/\/yoast.com\/wordpress\/plugins\/seo\/ -->\n<title>El HCD reconoci\u00f3 la tarea de Juan Carlos Brugniere por su compromiso con los ni\u00f1os del distrito (Videos) - CELTTV<\/title>\n<meta name=\"description\" content=\"Sitio web de noticias de la localidad de Tornquist, provincia de Buenos Aires, Rep\u00fablica Argentina. Contenido propio originado por periodistas de CELTTV, el canal de TV local de la Cooperativa El\u00e9ctrica de Tornquist. Turismo, Pol\u00edtica, Sociedad, Deporte, Cultura y todo el contenido de inter\u00e9s general que la gente del pueblo y la regi\u00f3n debe conocer.\" \/>\n<meta name=\"robots\" content=\"index, follow, max-snippet:-1, max-image-preview:large, max-video-preview:-1\" \/>\n<link rel=\"canonical\" href=\"https:\/\/www.celttv.com.ar\/index.php\/2023\/08\/02\/el-hcd-reconocio-la-tarea-de-juan-carlos-brugniere-por-su-compromiso-con-los-ninos-del-distrito-videos\/\" \/>\n<meta property=\"og:locale\" content=\"es_ES\" \/>\n<meta property=\"og:type\" content=\"article\" \/>\n<meta property=\"og:title\" content=\"El HCD reconoci\u00f3 la tarea de Juan Carlos Brugniere por su compromiso con los ni\u00f1os del distrito (Videos) - CELTTV\" \/>\n<meta property=\"og:description\" content=\"Sitio web de noticias de la localidad de Tornquist, provincia de Buenos Aires, Rep\u00fablica Argentina. Contenido propio originado por periodistas de CELTTV, el canal de TV local de la Cooperativa El\u00e9ctrica de Tornquist. Turismo, Pol\u00edtica, Sociedad, Deporte, Cultura y todo el contenido de inter\u00e9s general que la gente del pueblo y la regi\u00f3n debe conocer.\" \/>\n<meta property=\"og:url\" content=\"https:\/\/www.celttv.com.ar\/index.php\/2023\/08\/02\/el-hcd-reconocio-la-tarea-de-juan-carlos-brugniere-por-su-compromiso-con-los-ninos-del-distrito-videos\/\" \/>\n<meta property=\"og:site_name\" content=\"CELTTV\" \/>\n<meta property=\"article:publisher\" content=\"https:\/\/www.facebook.com\/celtTV\/\" \/>\n<meta property=\"article:published_time\" content=\"2023-08-02T14:20:53+00:00\" \/>\n<meta property=\"og:image\" content=\"https:\/\/www.celttv.com.ar\/wp-content\/uploads\/2023\/08\/362294508_181907188231497_1059898969544060561_n.jpg\" \/>\n\t<meta property=\"og:image:width\" content=\"1080\" \/>\n\t<meta property=\"og:image:height\" content=\"608\" \/>\n\t<meta property=\"og:image:type\" content=\"image\/jpeg\" \/>\n<meta name=\"author\" content=\"Rodrigo Sgammini\" \/>\n<meta name=\"twitter:card\" content=\"summary_large_image\" \/>\n<meta name=\"twitter:label1\" content=\"Escrito por\" \/>\n\t<meta name=\"twitter:data1\" content=\"Rodrigo Sgammini\" \/>\n\t<meta name=\"twitter:label2\" content=\"Tiempo de lectura\" \/>\n\t<meta name=\"twitter:data2\" content=\"1 minuto\" \/>\n<script type=\"application\/ld+json\" class=\"yoast-schema-graph\">{\"@context\":\"https:\/\/schema.org\",\"@graph\":[{\"@type\":\"NewsArticle\",\"@id\":\"https:\/\/www.celttv.com.ar\/index.php\/2023\/08\/02\/el-hcd-reconocio-la-tarea-de-juan-carlos-brugniere-por-su-compromiso-con-los-ninos-del-distrito-videos\/#article\",\"isPartOf\":{\"@id\":\"https:\/\/www.celttv.com.ar\/index.php\/2023\/08\/02\/el-hcd-reconocio-la-tarea-de-juan-carlos-brugniere-por-su-compromiso-con-los-ninos-del-distrito-videos\/\"},\"author\":{\"name\":\"Rodrigo Sgammini\",\"@id\":\"https:\/\/www.celttv.com.ar\/#\/schema\/person\/495be51d064edd971d8457f8f64eb172\"},\"headline\":\"El HCD reconoci\u00f3 la tarea de Juan Carlos Brugniere por su compromiso con los ni\u00f1os del distrito (Videos)\",\"datePublished\":\"2023-08-02T14:20:53+00:00\",\"dateModified\":\"2023-08-02T14:20:53+00:00\",\"mainEntityOfPage\":{\"@id\":\"https:\/\/www.celttv.com.ar\/index.php\/2023\/08\/02\/el-hcd-reconocio-la-tarea-de-juan-carlos-brugniere-por-su-compromiso-con-los-ninos-del-distrito-videos\/\"},\"wordCount\":186,\"publisher\":{\"@id\":\"https:\/\/www.celttv.com.ar\/#organization\"},\"articleSection\":[\"Celt TV Noticias\"],\"inLanguage\":\"es\"},{\"@type\":\"WebPage\",\"@id\":\"https:\/\/www.celttv.com.ar\/index.php\/2023\/08\/02\/el-hcd-reconocio-la-tarea-de-juan-carlos-brugniere-por-su-compromiso-con-los-ninos-del-distrito-videos\/\",\"url\":\"https:\/\/www.celttv.com.ar\/index.php\/2023\/08\/02\/el-hcd-reconocio-la-tarea-de-juan-carlos-brugniere-por-su-compromiso-con-los-ninos-del-distrito-videos\/\",\"name\":\"El HCD reconoci\u00f3 la tarea de Juan Carlos Brugniere por su compromiso con los ni\u00f1os del distrito (Videos) - CELTTV\",\"isPartOf\":{\"@id\":\"https:\/\/www.celttv.com.ar\/#website\"},\"datePublished\":\"2023-08-02T14:20:53+00:00\",\"dateModified\":\"2023-08-02T14:20:53+00:00\",\"description\":\"Sitio web de noticias de la localidad de Tornquist, provincia de Buenos Aires, Rep\u00fablica Argentina. Contenido propio originado por periodistas de CELTTV, el canal de TV local de la Cooperativa El\u00e9ctrica de Tornquist. Turismo, Pol\u00edtica, Sociedad, Deporte, Cultura y todo el contenido de inter\u00e9s general que la gente del pueblo y la regi\u00f3n debe conocer.\",\"breadcrumb\":{\"@id\":\"https:\/\/www.celttv.com.ar\/index.php\/2023\/08\/02\/el-hcd-reconocio-la-tarea-de-juan-carlos-brugniere-por-su-compromiso-con-los-ninos-del-distrito-videos\/#breadcrumb\"},\"inLanguage\":\"es\",\"potentialAction\":[{\"@type\":\"ReadAction\",\"target\":[\"https:\/\/www.celttv.com.ar\/index.php\/2023\/08\/02\/el-hcd-reconocio-la-tarea-de-juan-carlos-brugniere-por-su-compromiso-con-los-ninos-del-distrito-videos\/\"]}]},{\"@type\":\"BreadcrumbList\",\"@id\":\"https:\/\/www.celttv.com.ar\/index.php\/2023\/08\/02\/el-hcd-reconocio-la-tarea-de-juan-carlos-brugniere-por-su-compromiso-con-los-ninos-del-distrito-videos\/#breadcrumb\",\"itemListElement\":[{\"@type\":\"ListItem\",\"position\":1,\"name\":\"Inicio\",\"item\":\"https:\/\/www.celttv.com.ar\/\"},{\"@type\":\"ListItem\",\"position\":2,\"name\":\"El HCD reconoci\u00f3 la tarea de Juan Carlos Brugniere por su compromiso con los ni\u00f1os del distrito (Videos)\"}]},{\"@type\":\"WebSite\",\"@id\":\"https:\/\/www.celttv.com.ar\/#website\",\"url\":\"https:\/\/www.celttv.com.ar\/\",\"name\":\"CELTTV\",\"description\":\"Cooperativa El\u00e9ctrica de Tornquist\",\"publisher\":{\"@id\":\"https:\/\/www.celttv.com.ar\/#organization\"},\"potentialAction\":[{\"@type\":\"SearchAction\",\"target\":{\"@type\":\"EntryPoint\",\"urlTemplate\":\"https:\/\/www.celttv.com.ar\/?s={search_term_string}\"},\"query-input\":\"required name=search_term_string\"}],\"inLanguage\":\"es\"},{\"@type\":\"Organization\",\"@id\":\"https:\/\/www.celttv.com.ar\/#organization\",\"name\":\"CELTTV\",\"url\":\"https:\/\/www.celttv.com.ar\/\",\"sameAs\":[\"https:\/\/www.youtube.com\/channel\/UCz_oIt8Hig64Ub-EmcNPIhg\",\"https:\/\/www.facebook.com\/celtTV\/\"],\"logo\":{\"@type\":\"ImageObject\",\"inLanguage\":\"es\",\"@id\":\"https:\/\/www.celttv.com.ar\/#\/schema\/logo\/image\/\",\"url\":\"http:\/\/www.celttv.com.ar\/wp-content\/uploads\/2022\/08\/logo-1.png\",\"contentUrl\":\"http:\/\/www.celttv.com.ar\/wp-content\/uploads\/2022\/08\/logo-1.png\",\"width\":461,\"height\":159,\"caption\":\"CELTTV\"},\"image\":{\"@id\":\"https:\/\/www.celttv.com.ar\/#\/schema\/logo\/image\/\"}},{\"@type\":\"Person\",\"@id\":\"https:\/\/www.celttv.com.ar\/#\/schema\/person\/495be51d064edd971d8457f8f64eb172\",\"name\":\"Rodrigo Sgammini\",\"image\":{\"@type\":\"ImageObject\",\"inLanguage\":\"es\",\"@id\":\"https:\/\/www.celttv.com.ar\/#\/schema\/person\/image\/\",\"url\":\"https:\/\/secure.gravatar.com\/avatar\/68f7848d42735e7a9276b47cd6e606327d88f521c51ae39d88888b76902e2987?s=96&d=mm&r=g\",\"contentUrl\":\"https:\/\/secure.gravatar.com\/avatar\/68f7848d42735e7a9276b47cd6e606327d88f521c51ae39d88888b76902e2987?s=96&d=mm&r=g\",\"caption\":\"Rodrigo Sgammini\"}}]}<\/script>\n<!-- \/ Yoast SEO plugin. -->","yoast_head_json":{"title":"El HCD reconoci\u00f3 la tarea de Juan Carlos Brugniere por su compromiso con los ni\u00f1os del distrito (Videos) - CELTTV","description":"Sitio web de noticias de la localidad de Tornquist, provincia de Buenos Aires, Rep\u00fablica Argentina. Contenido propio originado por periodistas de CELTTV, el canal de TV local de la Cooperativa El\u00e9ctrica de Tornquist. Turismo, Pol\u00edtica, Sociedad, Deporte, Cultura y todo el contenido de inter\u00e9s general que la gente del pueblo y la regi\u00f3n debe conocer.","robots":{"index":"index","follow":"follow","max-snippet":"max-snippet:-1","max-image-preview":"max-image-preview:large","max-video-preview":"max-video-preview:-1"},"canonical":"https:\/\/www.celttv.com.ar\/index.php\/2023\/08\/02\/el-hcd-reconocio-la-tarea-de-juan-carlos-brugniere-por-su-compromiso-con-los-ninos-del-distrito-videos\/","og_locale":"es_ES","og_type":"article","og_title":"El HCD reconoci\u00f3 la tarea de Juan Carlos Brugniere por su compromiso con los ni\u00f1os del distrito (Videos) - CELTTV","og_description":"Sitio web de noticias de la localidad de Tornquist, provincia de Buenos Aires, Rep\u00fablica Argentina. Contenido propio originado por periodistas de CELTTV, el canal de TV local de la Cooperativa El\u00e9ctrica de Tornquist. Turismo, Pol\u00edtica, Sociedad, Deporte, Cultura y todo el contenido de inter\u00e9s general que la gente del pueblo y la regi\u00f3n debe conocer.","og_url":"https:\/\/www.celttv.com.ar\/index.php\/2023\/08\/02\/el-hcd-reconocio-la-tarea-de-juan-carlos-brugniere-por-su-compromiso-con-los-ninos-del-distrito-videos\/","og_site_name":"CELTTV","article_publisher":"https:\/\/www.facebook.com\/celtTV\/","article_published_time":"2023-08-02T14:20:53+00:00","og_image":[{"width":1080,"height":608,"url":"https:\/\/www.celttv.com.ar\/wp-content\/uploads\/2023\/08\/362294508_181907188231497_1059898969544060561_n.jpg","type":"image\/jpeg"}],"author":"Rodrigo Sgammini","twitter_card":"summary_large_image","twitter_misc":{"Escrito por":"Rodrigo Sgammini","Tiempo de lectura":"1 minuto"},"schema":{"@context":"https:\/\/schema.org","@graph":[{"@type":"NewsArticle","@id":"https:\/\/www.celttv.com.ar\/index.php\/2023\/08\/02\/el-hcd-reconocio-la-tarea-de-juan-carlos-brugniere-por-su-compromiso-con-los-ninos-del-distrito-videos\/#article","isPartOf":{"@id":"https:\/\/www.celttv.com.ar\/index.php\/2023\/08\/02\/el-hcd-reconocio-la-tarea-de-juan-carlos-brugniere-por-su-compromiso-con-los-ninos-del-distrito-videos\/"},"author":{"name":"Rodrigo Sgammini","@id":"https:\/\/www.celttv.com.ar\/#\/schema\/person\/495be51d064edd971d8457f8f64eb172"},"headline":"El HCD reconoci\u00f3 la tarea de Juan Carlos Brugniere por su compromiso con los ni\u00f1os del distrito (Videos)","datePublished":"2023-08-02T14:20:53+00:00","dateModified":"2023-08-02T14:20:53+00:00","mainEntityOfPage":{"@id":"https:\/\/www.celttv.com.ar\/index.php\/2023\/08\/02\/el-hcd-reconocio-la-tarea-de-juan-carlos-brugniere-por-su-compromiso-con-los-ninos-del-distrito-videos\/"},"wordCount":186,"publisher":{"@id":"https:\/\/www.celttv.com.ar\/#organization"},"articleSection":["Celt TV Noticias"],"inLanguage":"es"},{"@type":"WebPage","@id":"https:\/\/www.celttv.com.ar\/index.php\/2023\/08\/02\/el-hcd-reconocio-la-tarea-de-juan-carlos-brugniere-por-su-compromiso-con-los-ninos-del-distrito-videos\/","url":"https:\/\/www.celttv.com.ar\/index.php\/2023\/08\/02\/el-hcd-reconocio-la-tarea-de-juan-carlos-brugniere-por-su-compromiso-con-los-ninos-del-distrito-videos\/","name":"El HCD reconoci\u00f3 la tarea de Juan Carlos Brugniere por su compromiso con los ni\u00f1os del distrito (Videos) - CELTTV","isPartOf":{"@id":"https:\/\/www.celttv.com.ar\/#website"},"datePublished":"2023-08-02T14:20:53+00:00","dateModified":"2023-08-02T14:20:53+00:00","description":"Sitio web de noticias de la localidad de Tornquist, provincia de Buenos Aires, Rep\u00fablica Argentina. Contenido propio originado por periodistas de CELTTV, el canal de TV local de la Cooperativa El\u00e9ctrica de Tornquist. Turismo, Pol\u00edtica, Sociedad, Deporte, Cultura y todo el contenido de inter\u00e9s general que la gente del pueblo y la regi\u00f3n debe conocer.","breadcrumb":{"@id":"https:\/\/www.celttv.com.ar\/index.php\/2023\/08\/02\/el-hcd-reconocio-la-tarea-de-juan-carlos-brugniere-por-su-compromiso-con-los-ninos-del-distrito-videos\/#breadcrumb"},"inLanguage":"es","potentialAction":[{"@type":"ReadAction","target":["https:\/\/www.celttv.com.ar\/index.php\/2023\/08\/02\/el-hcd-reconocio-la-tarea-de-juan-carlos-brugniere-por-su-compromiso-con-los-ninos-del-distrito-videos\/"]}]},{"@type":"BreadcrumbList","@id":"https:\/\/www.celttv.com.ar\/index.php\/2023\/08\/02\/el-hcd-reconocio-la-tarea-de-juan-carlos-brugniere-por-su-compromiso-con-los-ninos-del-distrito-videos\/#breadcrumb","itemListElement":[{"@type":"ListItem","position":1,"name":"Inicio","item":"https:\/\/www.celttv.com.ar\/"},{"@type":"ListItem","position":2,"name":"El HCD reconoci\u00f3 la tarea de Juan Carlos Brugniere por su compromiso con los ni\u00f1os del distrito (Videos)"}]},{"@type":"WebSite","@id":"https:\/\/www.celttv.com.ar\/#website","url":"https:\/\/www.celttv.com.ar\/","name":"CELTTV","description":"Cooperativa El\u00e9ctrica de Tornquist","publisher":{"@id":"https:\/\/www.celttv.com.ar\/#organization"},"potentialAction":[{"@type":"SearchAction","target":{"@type":"EntryPoint","urlTemplate":"https:\/\/www.celttv.com.ar\/?s={search_term_string}"},"query-input":"required name=search_term_string"}],"inLanguage":"es"},{"@type":"Organization","@id":"https:\/\/www.celttv.com.ar\/#organization","name":"CELTTV","url":"https:\/\/www.celttv.com.ar\/","sameAs":["https:\/\/www.youtube.com\/channel\/UCz_oIt8Hig64Ub-EmcNPIhg","https:\/\/www.facebook.com\/celtTV\/"],"logo":{"@type":"ImageObject","inLanguage":"es","@id":"https:\/\/www.celttv.com.ar\/#\/schema\/logo\/image\/","url":"http:\/\/www.celttv.com.ar\/wp-content\/uploads\/2022\/08\/logo-1.png","contentUrl":"http:\/\/www.celttv.com.ar\/wp-content\/uploads\/2022\/08\/logo-1.png","width":461,"height":159,"caption":"CELTTV"},"image":{"@id":"https:\/\/www.celttv.com.ar\/#\/schema\/logo\/image\/"}},{"@type":"Person","@id":"https:\/\/www.celttv.com.ar\/#\/schema\/person\/495be51d064edd971d8457f8f64eb172","name":"Rodrigo Sgammini","image":{"@type":"ImageObject","inLanguage":"es","@id":"https:\/\/www.celttv.com.ar\/#\/schema\/person\/image\/","url":"https:\/\/secure.gravatar.com\/avatar\/68f7848d42735e7a9276b47cd6e606327d88f521c51ae39d88888b76902e2987?s=96&d=mm&r=g","contentUrl":"https:\/\/secure.gravatar.com\/avatar\/68f7848d42735e7a9276b47cd6e606327d88f521c51ae39d88888b76902e2987?s=96&d=mm&r=g","caption":"Rodrigo Sgammini"}}]}},"_links":{"self":[{"href":"https:\/\/www.celttv.com.ar\/index.php\/wp-json\/wp\/v2\/posts\/78093","targetHints":{"allow":["GET"]}}],"collection":[{"href":"https:\/\/www.celttv.com.ar\/index.php\/wp-json\/wp\/v2\/posts"}],"about":[{"href":"https:\/\/www.celttv.com.ar\/index.php\/wp-json\/wp\/v2\/types\/post"}],"author":[{"embeddable":true,"href":"https:\/\/www.celttv.com.ar\/index.php\/wp-json\/wp\/v2\/users\/3"}],"replies":[{"embeddable":true,"href":"https:\/\/www.celttv.com.ar\/index.php\/wp-json\/wp\/v2\/comments?post=78093"}],"version-history":[{"count":1,"href":"https:\/\/www.celttv.com.ar\/index.php\/wp-json\/wp\/v2\/posts\/78093\/revisions"}],"predecessor-version":[{"id":78095,"href":"https:\/\/www.celttv.com.ar\/index.php\/wp-json\/wp\/v2\/posts\/78093\/revisions\/78095"}],"wp:featuredmedia":[{"embeddable":true,"href":"https:\/\/www.celttv.com.ar\/index.php\/wp-json\/wp\/v2\/media\/78094"}],"wp:attachment":[{"href":"https:\/\/www.celttv.com.ar\/index.php\/wp-json\/wp\/v2\/media?parent=78093"}],"wp:term":[{"taxonomy":"category","embeddable":true,"href":"https:\/\/www.celttv.com.ar\/index.php\/wp-json\/wp\/v2\/categories?post=78093"},{"taxonomy":"post_tag","embeddable":true,"href":"https:\/\/www.celttv.com.ar\/index.php\/wp-json\/wp\/v2\/tags?post=78093"}],"curies":[{"name":"wp","href":"https:\/\/api.w.org\/{rel}","templated":true}]}}