{"id":7818,"date":"2012-08-21T22:21:05","date_gmt":"2012-08-21T22:21:05","guid":{"rendered":"http:\/\/www.tvcnoticias.com.ar\/?p=7818"},"modified":"2012-08-21T22:21:05","modified_gmt":"2012-08-21T22:21:05","slug":"tornquist-cerca-de-un-paso-trascendental-en-materia-turistica","status":"publish","type":"post","link":"https:\/\/www.celttv.com.ar\/index.php\/2012\/08\/21\/tornquist-cerca-de-un-paso-trascendental-en-materia-turistica\/","title":{"rendered":"TORNQUIST CERCA DE UN PASO TRASCENDENTAL EN MATERIA TURISTICA"},"content":{"rendered":"<p>\u00a0<br \/>\nLa posibilidad de certificar Directrices de Gesti\u00f3n Tur\u00edstica no parece una meta tan lejana. El trabajo que en este sentido viene desarrollando el equipo de la Direcci\u00f3n de Turismo de la Municipalidad de Tornquist, conducido por la licenciada Yanina Torres, fue sometido a una exhaustiva evaluaci\u00f3n durante las dos \u00faltimas jornadas.<br \/>\n\u00a0 La tarea de control y an\u00e1lisis fue efectuado por N\u00e9stor Bardeci, director de Calidad Tur\u00edstica de la Secretar\u00eda de Turismo de la Provincia de Buenos Aires, y el licenciado Ezequiel Gliubizzi, t\u00e9cnico implementador del Programa Directrices de Gesti\u00f3n Tur\u00edstica Municipal. Dentro de un plazo no superior a los 30 d\u00edas se sabr\u00e1 si el distrito de Tornquist se convierte en el primero de la Provincia de Buenos Aires en conseguir la meta.<br \/>\n\u00a0\u00a0 \u201cEsto es important\u00edsimo no solamente como gesti\u00f3n sino por lo que implicar\u00e1 para todos los prestadores tur\u00edsticos y quienes elijan nuestra Comarca para venir a disfrutar. Este es un nuevo paso hacia un gran anhelo, por eso quiero agradecer la presencia de los equipos del Ministerio de la Naci\u00f3n, que conduce Enrique Meyer, y de la Secretar\u00eda de Turismo de la Provincia, a cargo de Ignacio Crotto, que brindaron un acompa\u00f1amiento fundamental\u201d, destac\u00f3 el intendente municipal, licenciado Gustavo Trankels.<br \/>\n\u00a0\u00a0 \u201cDebo destacar el gran trabajo de campo que est\u00e1 realizando la Direcci\u00f3n de Turismo, con Yanina Torres y todos los chicos que integran el \u00e1rea. Est\u00e1n haciendo un gran esfuerzo para que como gesti\u00f3n municipal podamos acceder a este programa\u201d, a\u00f1adi\u00f3.<br \/>\n\u00a0\u00a0 Trankels recalc\u00f3 la trascendencia de proponerse una meta tan alta al momento de hablar de calidad tur\u00edstica.<br \/>\n\u00a0\u00a0 \u201cEntendemos que una mejora en la gesti\u00f3n se traducir\u00e1 en una mejora en la atenci\u00f3n de quienes nos visitan. Y si los atendemos bien, seguramente volver\u00e1n y generar\u00e1n trabajo para nuestra gente. Es fundamental, porque nuestra idea para el futuro cercano es tomar el ejemplo de la Direcci\u00f3n de Turismo y replicarlo en otras \u00e1reas de la comuna\u201d, se\u00f1al\u00f3.<br \/>\n\u00a0\u00a0 El pr\u00f3ximo paso estar\u00e1 a cargo del Ministerio de Turismo de la Naci\u00f3n, cuyo equipo t\u00e9cnico deber\u00e1 analizar los 8 ejes propuestos y las 61 directrices evaluadas para tomar la decisi\u00f3n final.<br \/>\n\u00a0\u00a0 \u201cEstamos muy satisfechos. Ojal\u00e1 los resultados sean los mejores y que certifiquemos, aunque habl\u00e1bamos con N\u00e9stor y Ezequiel que lo importante son todas las mejoras que pudimos lograr y que seguiremos aplicando, porque las directrices son muy amplias y existen diferentes tem\u00e1ticas que no se pueden alcanzar en tres meses\u201d, asegur\u00f3 Yanina Torres.<br \/>\n\u00a0\u00a0 \u201cDebimos trabajar con la estad\u00edstica, la organizaci\u00f3n de la documentaci\u00f3n interna, la mejorar de la comunicaci\u00f3n con los prestadores tur\u00edsticos, tratar de establecer mayores relaciones en cuanto a investigaci\u00f3n y desarrollo de las unidades acad\u00e9micas, observar las necesidades de capacitaci\u00f3n, implementar un nuevo sistema de reclamos y sugerencias, mejorar la folleter\u00eda\u2026 Fueron diferentes mejoras que debieron concretarse analizando las directrices, trabajando sobre cada una de ellas\u201d, explic\u00f3.<br \/>\n\u00a0\u00a0 La Comarca Tur\u00edstica Sierras de la Ventana contin\u00faa trabajando en pos de afianzarse como destino tur\u00edstico. El intenso trabajo efectuado en el marco de este programa es un claro ejemplo.<\/p>\n","protected":false},"excerpt":{"rendered":"<p>\u00a0 La posibilidad de certificar Directrices de Gesti\u00f3n Tur\u00edstica no parece una meta tan lejana. El trabajo que en este sentido viene desarrollando el equipo de la Direcci\u00f3n de Turismo de la Municipalidad de Tornquist, conducido por la licenciada Yanina Torres, fue sometido a una exhaustiva evaluaci\u00f3n durante las dos \u00faltimas jornadas. \u00a0 La tarea [&hellip;]<\/p>\n","protected":false},"author":1,"featured_media":0,"comment_status":"closed","ping_status":"open","sticky":false,"template":"","format":"standard","meta":{"footnotes":""},"categories":[52,53],"tags":[],"class_list":["post-7818","post","type-post","status-publish","format-standard","hentry","category-destacadas","category-politica"],"yoast_head":"<!-- This site is optimized with the Yoast SEO plugin v19.7.1 - https:\/\/yoast.com\/wordpress\/plugins\/seo\/ -->\n<title>TORNQUIST CERCA DE UN PASO TRASCENDENTAL EN MATERIA TURISTICA - CELTTV<\/title>\n<meta name=\"description\" content=\"Sitio web de noticias de la localidad de Tornquist, provincia de Buenos Aires, Rep\u00fablica Argentina. Contenido propio originado por periodistas de CELTTV, el canal de TV local de la Cooperativa El\u00e9ctrica de Tornquist. Turismo, Pol\u00edtica, Sociedad, Deporte, Cultura y todo el contenido de inter\u00e9s general que la gente del pueblo y la regi\u00f3n debe conocer.\" \/>\n<meta name=\"robots\" content=\"index, follow, max-snippet:-1, max-image-preview:large, max-video-preview:-1\" \/>\n<link rel=\"canonical\" href=\"https:\/\/www.celttv.com.ar\/index.php\/2012\/08\/21\/tornquist-cerca-de-un-paso-trascendental-en-materia-turistica\/\" \/>\n<meta property=\"og:locale\" content=\"es_ES\" \/>\n<meta property=\"og:type\" content=\"article\" \/>\n<meta property=\"og:title\" content=\"TORNQUIST CERCA DE UN PASO TRASCENDENTAL EN MATERIA TURISTICA - CELTTV\" \/>\n<meta property=\"og:description\" content=\"Sitio web de noticias de la localidad de Tornquist, provincia de Buenos Aires, Rep\u00fablica Argentina. Contenido propio originado por periodistas de CELTTV, el canal de TV local de la Cooperativa El\u00e9ctrica de Tornquist. Turismo, Pol\u00edtica, Sociedad, Deporte, Cultura y todo el contenido de inter\u00e9s general que la gente del pueblo y la regi\u00f3n debe conocer.\" \/>\n<meta property=\"og:url\" content=\"https:\/\/www.celttv.com.ar\/index.php\/2012\/08\/21\/tornquist-cerca-de-un-paso-trascendental-en-materia-turistica\/\" \/>\n<meta property=\"og:site_name\" content=\"CELTTV\" \/>\n<meta property=\"article:publisher\" content=\"https:\/\/www.facebook.com\/celtTV\/\" \/>\n<meta property=\"article:published_time\" content=\"2012-08-21T22:21:05+00:00\" \/>\n<meta name=\"author\" content=\"ulises\" \/>\n<meta name=\"twitter:card\" content=\"summary_large_image\" \/>\n<meta name=\"twitter:label1\" content=\"Escrito por\" \/>\n\t<meta name=\"twitter:data1\" content=\"ulises\" \/>\n\t<meta name=\"twitter:label2\" content=\"Tiempo de lectura\" \/>\n\t<meta name=\"twitter:data2\" content=\"3 minutos\" \/>\n<script type=\"application\/ld+json\" class=\"yoast-schema-graph\">{\"@context\":\"https:\/\/schema.org\",\"@graph\":[{\"@type\":\"NewsArticle\",\"@id\":\"https:\/\/www.celttv.com.ar\/index.php\/2012\/08\/21\/tornquist-cerca-de-un-paso-trascendental-en-materia-turistica\/#article\",\"isPartOf\":{\"@id\":\"https:\/\/www.celttv.com.ar\/index.php\/2012\/08\/21\/tornquist-cerca-de-un-paso-trascendental-en-materia-turistica\/\"},\"author\":{\"name\":\"ulises\",\"@id\":\"https:\/\/www.celttv.com.ar\/#\/schema\/person\/6d99c072dba59953809c81446e9d0ace\"},\"headline\":\"TORNQUIST CERCA DE UN PASO TRASCENDENTAL EN MATERIA TURISTICA\",\"datePublished\":\"2012-08-21T22:21:05+00:00\",\"dateModified\":\"2012-08-21T22:21:05+00:00\",\"mainEntityOfPage\":{\"@id\":\"https:\/\/www.celttv.com.ar\/index.php\/2012\/08\/21\/tornquist-cerca-de-un-paso-trascendental-en-materia-turistica\/\"},\"wordCount\":559,\"publisher\":{\"@id\":\"https:\/\/www.celttv.com.ar\/#organization\"},\"articleSection\":[\"Destacadas\",\"Pol\u00edtica\"],\"inLanguage\":\"es\"},{\"@type\":\"WebPage\",\"@id\":\"https:\/\/www.celttv.com.ar\/index.php\/2012\/08\/21\/tornquist-cerca-de-un-paso-trascendental-en-materia-turistica\/\",\"url\":\"https:\/\/www.celttv.com.ar\/index.php\/2012\/08\/21\/tornquist-cerca-de-un-paso-trascendental-en-materia-turistica\/\",\"name\":\"TORNQUIST CERCA DE UN PASO TRASCENDENTAL EN MATERIA TURISTICA - CELTTV\",\"isPartOf\":{\"@id\":\"https:\/\/www.celttv.com.ar\/#website\"},\"datePublished\":\"2012-08-21T22:21:05+00:00\",\"dateModified\":\"2012-08-21T22:21:05+00:00\",\"description\":\"Sitio web de noticias de la localidad de Tornquist, provincia de Buenos Aires, Rep\u00fablica Argentina. Contenido propio originado por periodistas de CELTTV, el canal de TV local de la Cooperativa El\u00e9ctrica de Tornquist. Turismo, Pol\u00edtica, Sociedad, Deporte, Cultura y todo el contenido de inter\u00e9s general que la gente del pueblo y la regi\u00f3n debe conocer.\",\"breadcrumb\":{\"@id\":\"https:\/\/www.celttv.com.ar\/index.php\/2012\/08\/21\/tornquist-cerca-de-un-paso-trascendental-en-materia-turistica\/#breadcrumb\"},\"inLanguage\":\"es\",\"potentialAction\":[{\"@type\":\"ReadAction\",\"target\":[\"https:\/\/www.celttv.com.ar\/index.php\/2012\/08\/21\/tornquist-cerca-de-un-paso-trascendental-en-materia-turistica\/\"]}]},{\"@type\":\"BreadcrumbList\",\"@id\":\"https:\/\/www.celttv.com.ar\/index.php\/2012\/08\/21\/tornquist-cerca-de-un-paso-trascendental-en-materia-turistica\/#breadcrumb\",\"itemListElement\":[{\"@type\":\"ListItem\",\"position\":1,\"name\":\"Inicio\",\"item\":\"https:\/\/www.celttv.com.ar\/\"},{\"@type\":\"ListItem\",\"position\":2,\"name\":\"TORNQUIST CERCA DE UN PASO TRASCENDENTAL EN MATERIA TURISTICA\"}]},{\"@type\":\"WebSite\",\"@id\":\"https:\/\/www.celttv.com.ar\/#website\",\"url\":\"https:\/\/www.celttv.com.ar\/\",\"name\":\"CELTTV\",\"description\":\"Cooperativa El\u00e9ctrica de Tornquist\",\"publisher\":{\"@id\":\"https:\/\/www.celttv.com.ar\/#organization\"},\"potentialAction\":[{\"@type\":\"SearchAction\",\"target\":{\"@type\":\"EntryPoint\",\"urlTemplate\":\"https:\/\/www.celttv.com.ar\/?s={search_term_string}\"},\"query-input\":\"required name=search_term_string\"}],\"inLanguage\":\"es\"},{\"@type\":\"Organization\",\"@id\":\"https:\/\/www.celttv.com.ar\/#organization\",\"name\":\"CELTTV\",\"url\":\"https:\/\/www.celttv.com.ar\/\",\"sameAs\":[\"https:\/\/www.youtube.com\/channel\/UCz_oIt8Hig64Ub-EmcNPIhg\",\"https:\/\/www.facebook.com\/celtTV\/\"],\"logo\":{\"@type\":\"ImageObject\",\"inLanguage\":\"es\",\"@id\":\"https:\/\/www.celttv.com.ar\/#\/schema\/logo\/image\/\",\"url\":\"http:\/\/www.celttv.com.ar\/wp-content\/uploads\/2022\/08\/logo-1.png\",\"contentUrl\":\"http:\/\/www.celttv.com.ar\/wp-content\/uploads\/2022\/08\/logo-1.png\",\"width\":461,\"height\":159,\"caption\":\"CELTTV\"},\"image\":{\"@id\":\"https:\/\/www.celttv.com.ar\/#\/schema\/logo\/image\/\"}},{\"@type\":\"Person\",\"@id\":\"https:\/\/www.celttv.com.ar\/#\/schema\/person\/6d99c072dba59953809c81446e9d0ace\",\"name\":\"ulises\",\"image\":{\"@type\":\"ImageObject\",\"inLanguage\":\"es\",\"@id\":\"https:\/\/www.celttv.com.ar\/#\/schema\/person\/image\/\",\"url\":\"https:\/\/secure.gravatar.com\/avatar\/7f2c48bdc33b30088f941fb6082e555f2874c98e20cb159d7b92b50eadfce793?s=96&d=mm&r=g\",\"contentUrl\":\"https:\/\/secure.gravatar.com\/avatar\/7f2c48bdc33b30088f941fb6082e555f2874c98e20cb159d7b92b50eadfce793?s=96&d=mm&r=g\",\"caption\":\"ulises\"},\"sameAs\":[\"http:\/\/www.celttv.com.ar\"]}]}<\/script>\n<!-- \/ Yoast SEO plugin. -->","yoast_head_json":{"title":"TORNQUIST CERCA DE UN PASO TRASCENDENTAL EN MATERIA TURISTICA - CELTTV","description":"Sitio web de noticias de la localidad de Tornquist, provincia de Buenos Aires, Rep\u00fablica Argentina. Contenido propio originado por periodistas de CELTTV, el canal de TV local de la Cooperativa El\u00e9ctrica de Tornquist. Turismo, Pol\u00edtica, Sociedad, Deporte, Cultura y todo el contenido de inter\u00e9s general que la gente del pueblo y la regi\u00f3n debe conocer.","robots":{"index":"index","follow":"follow","max-snippet":"max-snippet:-1","max-image-preview":"max-image-preview:large","max-video-preview":"max-video-preview:-1"},"canonical":"https:\/\/www.celttv.com.ar\/index.php\/2012\/08\/21\/tornquist-cerca-de-un-paso-trascendental-en-materia-turistica\/","og_locale":"es_ES","og_type":"article","og_title":"TORNQUIST CERCA DE UN PASO TRASCENDENTAL EN MATERIA TURISTICA - CELTTV","og_description":"Sitio web de noticias de la localidad de Tornquist, provincia de Buenos Aires, Rep\u00fablica Argentina. Contenido propio originado por periodistas de CELTTV, el canal de TV local de la Cooperativa El\u00e9ctrica de Tornquist. Turismo, Pol\u00edtica, Sociedad, Deporte, Cultura y todo el contenido de inter\u00e9s general que la gente del pueblo y la regi\u00f3n debe conocer.","og_url":"https:\/\/www.celttv.com.ar\/index.php\/2012\/08\/21\/tornquist-cerca-de-un-paso-trascendental-en-materia-turistica\/","og_site_name":"CELTTV","article_publisher":"https:\/\/www.facebook.com\/celtTV\/","article_published_time":"2012-08-21T22:21:05+00:00","author":"ulises","twitter_card":"summary_large_image","twitter_misc":{"Escrito por":"ulises","Tiempo de lectura":"3 minutos"},"schema":{"@context":"https:\/\/schema.org","@graph":[{"@type":"NewsArticle","@id":"https:\/\/www.celttv.com.ar\/index.php\/2012\/08\/21\/tornquist-cerca-de-un-paso-trascendental-en-materia-turistica\/#article","isPartOf":{"@id":"https:\/\/www.celttv.com.ar\/index.php\/2012\/08\/21\/tornquist-cerca-de-un-paso-trascendental-en-materia-turistica\/"},"author":{"name":"ulises","@id":"https:\/\/www.celttv.com.ar\/#\/schema\/person\/6d99c072dba59953809c81446e9d0ace"},"headline":"TORNQUIST CERCA DE UN PASO TRASCENDENTAL EN MATERIA TURISTICA","datePublished":"2012-08-21T22:21:05+00:00","dateModified":"2012-08-21T22:21:05+00:00","mainEntityOfPage":{"@id":"https:\/\/www.celttv.com.ar\/index.php\/2012\/08\/21\/tornquist-cerca-de-un-paso-trascendental-en-materia-turistica\/"},"wordCount":559,"publisher":{"@id":"https:\/\/www.celttv.com.ar\/#organization"},"articleSection":["Destacadas","Pol\u00edtica"],"inLanguage":"es"},{"@type":"WebPage","@id":"https:\/\/www.celttv.com.ar\/index.php\/2012\/08\/21\/tornquist-cerca-de-un-paso-trascendental-en-materia-turistica\/","url":"https:\/\/www.celttv.com.ar\/index.php\/2012\/08\/21\/tornquist-cerca-de-un-paso-trascendental-en-materia-turistica\/","name":"TORNQUIST CERCA DE UN PASO TRASCENDENTAL EN MATERIA TURISTICA - CELTTV","isPartOf":{"@id":"https:\/\/www.celttv.com.ar\/#website"},"datePublished":"2012-08-21T22:21:05+00:00","dateModified":"2012-08-21T22:21:05+00:00","description":"Sitio web de noticias de la localidad de Tornquist, provincia de Buenos Aires, Rep\u00fablica Argentina. Contenido propio originado por periodistas de CELTTV, el canal de TV local de la Cooperativa El\u00e9ctrica de Tornquist. Turismo, Pol\u00edtica, Sociedad, Deporte, Cultura y todo el contenido de inter\u00e9s general que la gente del pueblo y la regi\u00f3n debe conocer.","breadcrumb":{"@id":"https:\/\/www.celttv.com.ar\/index.php\/2012\/08\/21\/tornquist-cerca-de-un-paso-trascendental-en-materia-turistica\/#breadcrumb"},"inLanguage":"es","potentialAction":[{"@type":"ReadAction","target":["https:\/\/www.celttv.com.ar\/index.php\/2012\/08\/21\/tornquist-cerca-de-un-paso-trascendental-en-materia-turistica\/"]}]},{"@type":"BreadcrumbList","@id":"https:\/\/www.celttv.com.ar\/index.php\/2012\/08\/21\/tornquist-cerca-de-un-paso-trascendental-en-materia-turistica\/#breadcrumb","itemListElement":[{"@type":"ListItem","position":1,"name":"Inicio","item":"https:\/\/www.celttv.com.ar\/"},{"@type":"ListItem","position":2,"name":"TORNQUIST CERCA DE UN PASO TRASCENDENTAL EN MATERIA TURISTICA"}]},{"@type":"WebSite","@id":"https:\/\/www.celttv.com.ar\/#website","url":"https:\/\/www.celttv.com.ar\/","name":"CELTTV","description":"Cooperativa El\u00e9ctrica de Tornquist","publisher":{"@id":"https:\/\/www.celttv.com.ar\/#organization"},"potentialAction":[{"@type":"SearchAction","target":{"@type":"EntryPoint","urlTemplate":"https:\/\/www.celttv.com.ar\/?s={search_term_string}"},"query-input":"required name=search_term_string"}],"inLanguage":"es"},{"@type":"Organization","@id":"https:\/\/www.celttv.com.ar\/#organization","name":"CELTTV","url":"https:\/\/www.celttv.com.ar\/","sameAs":["https:\/\/www.youtube.com\/channel\/UCz_oIt8Hig64Ub-EmcNPIhg","https:\/\/www.facebook.com\/celtTV\/"],"logo":{"@type":"ImageObject","inLanguage":"es","@id":"https:\/\/www.celttv.com.ar\/#\/schema\/logo\/image\/","url":"http:\/\/www.celttv.com.ar\/wp-content\/uploads\/2022\/08\/logo-1.png","contentUrl":"http:\/\/www.celttv.com.ar\/wp-content\/uploads\/2022\/08\/logo-1.png","width":461,"height":159,"caption":"CELTTV"},"image":{"@id":"https:\/\/www.celttv.com.ar\/#\/schema\/logo\/image\/"}},{"@type":"Person","@id":"https:\/\/www.celttv.com.ar\/#\/schema\/person\/6d99c072dba59953809c81446e9d0ace","name":"ulises","image":{"@type":"ImageObject","inLanguage":"es","@id":"https:\/\/www.celttv.com.ar\/#\/schema\/person\/image\/","url":"https:\/\/secure.gravatar.com\/avatar\/7f2c48bdc33b30088f941fb6082e555f2874c98e20cb159d7b92b50eadfce793?s=96&d=mm&r=g","contentUrl":"https:\/\/secure.gravatar.com\/avatar\/7f2c48bdc33b30088f941fb6082e555f2874c98e20cb159d7b92b50eadfce793?s=96&d=mm&r=g","caption":"ulises"},"sameAs":["http:\/\/www.celttv.com.ar"]}]}},"_links":{"self":[{"href":"https:\/\/www.celttv.com.ar\/index.php\/wp-json\/wp\/v2\/posts\/7818","targetHints":{"allow":["GET"]}}],"collection":[{"href":"https:\/\/www.celttv.com.ar\/index.php\/wp-json\/wp\/v2\/posts"}],"about":[{"href":"https:\/\/www.celttv.com.ar\/index.php\/wp-json\/wp\/v2\/types\/post"}],"author":[{"embeddable":true,"href":"https:\/\/www.celttv.com.ar\/index.php\/wp-json\/wp\/v2\/users\/1"}],"replies":[{"embeddable":true,"href":"https:\/\/www.celttv.com.ar\/index.php\/wp-json\/wp\/v2\/comments?post=7818"}],"version-history":[{"count":0,"href":"https:\/\/www.celttv.com.ar\/index.php\/wp-json\/wp\/v2\/posts\/7818\/revisions"}],"wp:attachment":[{"href":"https:\/\/www.celttv.com.ar\/index.php\/wp-json\/wp\/v2\/media?parent=7818"}],"wp:term":[{"taxonomy":"category","embeddable":true,"href":"https:\/\/www.celttv.com.ar\/index.php\/wp-json\/wp\/v2\/categories?post=7818"},{"taxonomy":"post_tag","embeddable":true,"href":"https:\/\/www.celttv.com.ar\/index.php\/wp-json\/wp\/v2\/tags?post=7818"}],"curies":[{"name":"wp","href":"https:\/\/api.w.org\/{rel}","templated":true}]}}