{"id":78188,"date":"2023-08-07T21:29:35","date_gmt":"2023-08-08T00:29:35","guid":{"rendered":"http:\/\/www.celttv.com.ar\/?p=78188"},"modified":"2023-08-07T21:29:35","modified_gmt":"2023-08-08T00:29:35","slug":"la-celt-informo-que-no-tiene-programados-cortes-del-servicio-electrico-en-su-area-de-concesion","status":"publish","type":"post","link":"https:\/\/www.celttv.com.ar\/index.php\/2023\/08\/07\/la-celt-informo-que-no-tiene-programados-cortes-del-servicio-electrico-en-su-area-de-concesion\/","title":{"rendered":"La CELT. inform\u00f3 que no tiene programados cortes del servicio el\u00e9ctrico en su \u00e1rea de concesi\u00f3n"},"content":{"rendered":"<p>La Cooperativa El\u00e9ctrica Ltda de Tornquist comunica que ante varias consultas de usuarios al respecto, la CELT no tiene programado corte alguno en el servicio el\u00e9ctrico en ning\u00fan sector de su \u00e1rea de concesi\u00f3n y no solicita por tel\u00e9fono datos particulares a los usuarios.<\/p>\n<p>Por consultas comunicarse al TE: 291 4941008 &#8211; 2914941142.<\/p>\n<p><img loading=\"lazy\" decoding=\"async\" class=\"alignnone wp-image-70796 size-full\" src=\"http:\/\/www.celttv.com.ar\/wp-content\/uploads\/2022\/10\/placa-celt.jpg\" alt=\"\" width=\"859\" height=\"426\" srcset=\"https:\/\/www.celttv.com.ar\/wp-content\/uploads\/2022\/10\/placa-celt.jpg 859w, https:\/\/www.celttv.com.ar\/wp-content\/uploads\/2022\/10\/placa-celt-300x149.jpg 300w, https:\/\/www.celttv.com.ar\/wp-content\/uploads\/2022\/10\/placa-celt-768x381.jpg 768w, https:\/\/www.celttv.com.ar\/wp-content\/uploads\/2022\/10\/placa-celt-360x180.jpg 360w, https:\/\/www.celttv.com.ar\/wp-content\/uploads\/2022\/10\/placa-celt-750x372.jpg 750w\" sizes=\"auto, (max-width: 859px) 100vw, 859px\" \/><\/p>\n","protected":false},"excerpt":{"rendered":"<p>La Cooperativa El\u00e9ctrica Ltda de Tornquist comunica que ante varias consultas de usuarios al respecto, la CELT no tiene programado corte alguno en el servicio el\u00e9ctrico en ning\u00fan sector de su \u00e1rea de concesi\u00f3n y no solicita por tel\u00e9fono datos particulares a los usuarios. Por consultas comunicarse al TE: 291 4941008 &#8211; 2914941142.<\/p>\n","protected":false},"author":5,"featured_media":70796,"comment_status":"closed","ping_status":"closed","sticky":false,"template":"","format":"standard","meta":{"footnotes":""},"categories":[51,52],"tags":[],"class_list":["post-78188","post","type-post","status-publish","format-standard","has-post-thumbnail","hentry","category-comunidad","category-destacadas"],"yoast_head":"<!-- This site is optimized with the Yoast SEO plugin v19.7.1 - https:\/\/yoast.com\/wordpress\/plugins\/seo\/ -->\n<title>La CELT. inform\u00f3 que no tiene programados cortes del servicio el\u00e9ctrico en su \u00e1rea de concesi\u00f3n - CELTTV<\/title>\n<meta name=\"description\" content=\"Sitio web de noticias de la localidad de Tornquist, provincia de Buenos Aires, Rep\u00fablica Argentina. Contenido propio originado por periodistas de CELTTV, el canal de TV local de la Cooperativa El\u00e9ctrica de Tornquist. Turismo, Pol\u00edtica, Sociedad, Deporte, Cultura y todo el contenido de inter\u00e9s general que la gente del pueblo y la regi\u00f3n debe conocer.\" \/>\n<meta name=\"robots\" content=\"index, follow, max-snippet:-1, max-image-preview:large, max-video-preview:-1\" \/>\n<link rel=\"canonical\" href=\"https:\/\/www.celttv.com.ar\/index.php\/2023\/08\/07\/la-celt-informo-que-no-tiene-programados-cortes-del-servicio-electrico-en-su-area-de-concesion\/\" \/>\n<meta property=\"og:locale\" content=\"es_ES\" \/>\n<meta property=\"og:type\" content=\"article\" \/>\n<meta property=\"og:title\" content=\"La CELT. inform\u00f3 que no tiene programados cortes del servicio el\u00e9ctrico en su \u00e1rea de concesi\u00f3n - CELTTV\" \/>\n<meta property=\"og:description\" content=\"Sitio web de noticias de la localidad de Tornquist, provincia de Buenos Aires, Rep\u00fablica Argentina. Contenido propio originado por periodistas de CELTTV, el canal de TV local de la Cooperativa El\u00e9ctrica de Tornquist. Turismo, Pol\u00edtica, Sociedad, Deporte, Cultura y todo el contenido de inter\u00e9s general que la gente del pueblo y la regi\u00f3n debe conocer.\" \/>\n<meta property=\"og:url\" content=\"https:\/\/www.celttv.com.ar\/index.php\/2023\/08\/07\/la-celt-informo-que-no-tiene-programados-cortes-del-servicio-electrico-en-su-area-de-concesion\/\" \/>\n<meta property=\"og:site_name\" content=\"CELTTV\" \/>\n<meta property=\"article:publisher\" content=\"https:\/\/www.facebook.com\/celtTV\/\" \/>\n<meta property=\"article:published_time\" content=\"2023-08-08T00:29:35+00:00\" \/>\n<meta property=\"og:image\" content=\"https:\/\/www.celttv.com.ar\/wp-content\/uploads\/2022\/10\/placa-celt.jpg\" \/>\n\t<meta property=\"og:image:width\" content=\"859\" \/>\n\t<meta property=\"og:image:height\" content=\"426\" \/>\n\t<meta property=\"og:image:type\" content=\"image\/jpeg\" \/>\n<meta name=\"author\" content=\"Miguel Herrada\" \/>\n<meta name=\"twitter:card\" content=\"summary_large_image\" \/>\n<meta name=\"twitter:label1\" content=\"Escrito por\" \/>\n\t<meta name=\"twitter:data1\" content=\"Miguel Herrada\" \/>\n<script type=\"application\/ld+json\" class=\"yoast-schema-graph\">{\"@context\":\"https:\/\/schema.org\",\"@graph\":[{\"@type\":\"NewsArticle\",\"@id\":\"https:\/\/www.celttv.com.ar\/index.php\/2023\/08\/07\/la-celt-informo-que-no-tiene-programados-cortes-del-servicio-electrico-en-su-area-de-concesion\/#article\",\"isPartOf\":{\"@id\":\"https:\/\/www.celttv.com.ar\/index.php\/2023\/08\/07\/la-celt-informo-que-no-tiene-programados-cortes-del-servicio-electrico-en-su-area-de-concesion\/\"},\"author\":{\"name\":\"Miguel Herrada\",\"@id\":\"https:\/\/www.celttv.com.ar\/#\/schema\/person\/9059dc91dc7204ef4182cdb65225f07d\"},\"headline\":\"La CELT. inform\u00f3 que no tiene programados cortes del servicio el\u00e9ctrico en su \u00e1rea de concesi\u00f3n\",\"datePublished\":\"2023-08-08T00:29:35+00:00\",\"dateModified\":\"2023-08-08T00:29:35+00:00\",\"mainEntityOfPage\":{\"@id\":\"https:\/\/www.celttv.com.ar\/index.php\/2023\/08\/07\/la-celt-informo-que-no-tiene-programados-cortes-del-servicio-electrico-en-su-area-de-concesion\/\"},\"wordCount\":73,\"publisher\":{\"@id\":\"https:\/\/www.celttv.com.ar\/#organization\"},\"articleSection\":[\"Comunidad\",\"Destacadas\"],\"inLanguage\":\"es\"},{\"@type\":\"WebPage\",\"@id\":\"https:\/\/www.celttv.com.ar\/index.php\/2023\/08\/07\/la-celt-informo-que-no-tiene-programados-cortes-del-servicio-electrico-en-su-area-de-concesion\/\",\"url\":\"https:\/\/www.celttv.com.ar\/index.php\/2023\/08\/07\/la-celt-informo-que-no-tiene-programados-cortes-del-servicio-electrico-en-su-area-de-concesion\/\",\"name\":\"La CELT. inform\u00f3 que no tiene programados cortes del servicio el\u00e9ctrico en su \u00e1rea de concesi\u00f3n - CELTTV\",\"isPartOf\":{\"@id\":\"https:\/\/www.celttv.com.ar\/#website\"},\"datePublished\":\"2023-08-08T00:29:35+00:00\",\"dateModified\":\"2023-08-08T00:29:35+00:00\",\"description\":\"Sitio web de noticias de la localidad de Tornquist, provincia de Buenos Aires, Rep\u00fablica Argentina. Contenido propio originado por periodistas de CELTTV, el canal de TV local de la Cooperativa El\u00e9ctrica de Tornquist. Turismo, Pol\u00edtica, Sociedad, Deporte, Cultura y todo el contenido de inter\u00e9s general que la gente del pueblo y la regi\u00f3n debe conocer.\",\"breadcrumb\":{\"@id\":\"https:\/\/www.celttv.com.ar\/index.php\/2023\/08\/07\/la-celt-informo-que-no-tiene-programados-cortes-del-servicio-electrico-en-su-area-de-concesion\/#breadcrumb\"},\"inLanguage\":\"es\",\"potentialAction\":[{\"@type\":\"ReadAction\",\"target\":[\"https:\/\/www.celttv.com.ar\/index.php\/2023\/08\/07\/la-celt-informo-que-no-tiene-programados-cortes-del-servicio-electrico-en-su-area-de-concesion\/\"]}]},{\"@type\":\"BreadcrumbList\",\"@id\":\"https:\/\/www.celttv.com.ar\/index.php\/2023\/08\/07\/la-celt-informo-que-no-tiene-programados-cortes-del-servicio-electrico-en-su-area-de-concesion\/#breadcrumb\",\"itemListElement\":[{\"@type\":\"ListItem\",\"position\":1,\"name\":\"Inicio\",\"item\":\"https:\/\/www.celttv.com.ar\/\"},{\"@type\":\"ListItem\",\"position\":2,\"name\":\"La CELT. inform\u00f3 que no tiene programados cortes del servicio el\u00e9ctrico en su \u00e1rea de concesi\u00f3n\"}]},{\"@type\":\"WebSite\",\"@id\":\"https:\/\/www.celttv.com.ar\/#website\",\"url\":\"https:\/\/www.celttv.com.ar\/\",\"name\":\"CELTTV\",\"description\":\"Cooperativa El\u00e9ctrica de Tornquist\",\"publisher\":{\"@id\":\"https:\/\/www.celttv.com.ar\/#organization\"},\"potentialAction\":[{\"@type\":\"SearchAction\",\"target\":{\"@type\":\"EntryPoint\",\"urlTemplate\":\"https:\/\/www.celttv.com.ar\/?s={search_term_string}\"},\"query-input\":\"required name=search_term_string\"}],\"inLanguage\":\"es\"},{\"@type\":\"Organization\",\"@id\":\"https:\/\/www.celttv.com.ar\/#organization\",\"name\":\"CELTTV\",\"url\":\"https:\/\/www.celttv.com.ar\/\",\"sameAs\":[\"https:\/\/www.youtube.com\/channel\/UCz_oIt8Hig64Ub-EmcNPIhg\",\"https:\/\/www.facebook.com\/celtTV\/\"],\"logo\":{\"@type\":\"ImageObject\",\"inLanguage\":\"es\",\"@id\":\"https:\/\/www.celttv.com.ar\/#\/schema\/logo\/image\/\",\"url\":\"http:\/\/www.celttv.com.ar\/wp-content\/uploads\/2022\/08\/logo-1.png\",\"contentUrl\":\"http:\/\/www.celttv.com.ar\/wp-content\/uploads\/2022\/08\/logo-1.png\",\"width\":461,\"height\":159,\"caption\":\"CELTTV\"},\"image\":{\"@id\":\"https:\/\/www.celttv.com.ar\/#\/schema\/logo\/image\/\"}},{\"@type\":\"Person\",\"@id\":\"https:\/\/www.celttv.com.ar\/#\/schema\/person\/9059dc91dc7204ef4182cdb65225f07d\",\"name\":\"Miguel Herrada\",\"image\":{\"@type\":\"ImageObject\",\"inLanguage\":\"es\",\"@id\":\"https:\/\/www.celttv.com.ar\/#\/schema\/person\/image\/\",\"url\":\"https:\/\/secure.gravatar.com\/avatar\/67724d5b3c716623ffd76bec7e45841a442ac3b456e914dbba90b0fad2b8e0b1?s=96&d=mm&r=g\",\"contentUrl\":\"https:\/\/secure.gravatar.com\/avatar\/67724d5b3c716623ffd76bec7e45841a442ac3b456e914dbba90b0fad2b8e0b1?s=96&d=mm&r=g\",\"caption\":\"Miguel Herrada\"}}]}<\/script>\n<!-- \/ Yoast SEO plugin. -->","yoast_head_json":{"title":"La CELT. inform\u00f3 que no tiene programados cortes del servicio el\u00e9ctrico en su \u00e1rea de concesi\u00f3n - CELTTV","description":"Sitio web de noticias de la localidad de Tornquist, provincia de Buenos Aires, Rep\u00fablica Argentina. Contenido propio originado por periodistas de CELTTV, el canal de TV local de la Cooperativa El\u00e9ctrica de Tornquist. Turismo, Pol\u00edtica, Sociedad, Deporte, Cultura y todo el contenido de inter\u00e9s general que la gente del pueblo y la regi\u00f3n debe conocer.","robots":{"index":"index","follow":"follow","max-snippet":"max-snippet:-1","max-image-preview":"max-image-preview:large","max-video-preview":"max-video-preview:-1"},"canonical":"https:\/\/www.celttv.com.ar\/index.php\/2023\/08\/07\/la-celt-informo-que-no-tiene-programados-cortes-del-servicio-electrico-en-su-area-de-concesion\/","og_locale":"es_ES","og_type":"article","og_title":"La CELT. inform\u00f3 que no tiene programados cortes del servicio el\u00e9ctrico en su \u00e1rea de concesi\u00f3n - CELTTV","og_description":"Sitio web de noticias de la localidad de Tornquist, provincia de Buenos Aires, Rep\u00fablica Argentina. Contenido propio originado por periodistas de CELTTV, el canal de TV local de la Cooperativa El\u00e9ctrica de Tornquist. Turismo, Pol\u00edtica, Sociedad, Deporte, Cultura y todo el contenido de inter\u00e9s general que la gente del pueblo y la regi\u00f3n debe conocer.","og_url":"https:\/\/www.celttv.com.ar\/index.php\/2023\/08\/07\/la-celt-informo-que-no-tiene-programados-cortes-del-servicio-electrico-en-su-area-de-concesion\/","og_site_name":"CELTTV","article_publisher":"https:\/\/www.facebook.com\/celtTV\/","article_published_time":"2023-08-08T00:29:35+00:00","og_image":[{"width":859,"height":426,"url":"https:\/\/www.celttv.com.ar\/wp-content\/uploads\/2022\/10\/placa-celt.jpg","type":"image\/jpeg"}],"author":"Miguel Herrada","twitter_card":"summary_large_image","twitter_misc":{"Escrito por":"Miguel Herrada"},"schema":{"@context":"https:\/\/schema.org","@graph":[{"@type":"NewsArticle","@id":"https:\/\/www.celttv.com.ar\/index.php\/2023\/08\/07\/la-celt-informo-que-no-tiene-programados-cortes-del-servicio-electrico-en-su-area-de-concesion\/#article","isPartOf":{"@id":"https:\/\/www.celttv.com.ar\/index.php\/2023\/08\/07\/la-celt-informo-que-no-tiene-programados-cortes-del-servicio-electrico-en-su-area-de-concesion\/"},"author":{"name":"Miguel Herrada","@id":"https:\/\/www.celttv.com.ar\/#\/schema\/person\/9059dc91dc7204ef4182cdb65225f07d"},"headline":"La CELT. inform\u00f3 que no tiene programados cortes del servicio el\u00e9ctrico en su \u00e1rea de concesi\u00f3n","datePublished":"2023-08-08T00:29:35+00:00","dateModified":"2023-08-08T00:29:35+00:00","mainEntityOfPage":{"@id":"https:\/\/www.celttv.com.ar\/index.php\/2023\/08\/07\/la-celt-informo-que-no-tiene-programados-cortes-del-servicio-electrico-en-su-area-de-concesion\/"},"wordCount":73,"publisher":{"@id":"https:\/\/www.celttv.com.ar\/#organization"},"articleSection":["Comunidad","Destacadas"],"inLanguage":"es"},{"@type":"WebPage","@id":"https:\/\/www.celttv.com.ar\/index.php\/2023\/08\/07\/la-celt-informo-que-no-tiene-programados-cortes-del-servicio-electrico-en-su-area-de-concesion\/","url":"https:\/\/www.celttv.com.ar\/index.php\/2023\/08\/07\/la-celt-informo-que-no-tiene-programados-cortes-del-servicio-electrico-en-su-area-de-concesion\/","name":"La CELT. inform\u00f3 que no tiene programados cortes del servicio el\u00e9ctrico en su \u00e1rea de concesi\u00f3n - CELTTV","isPartOf":{"@id":"https:\/\/www.celttv.com.ar\/#website"},"datePublished":"2023-08-08T00:29:35+00:00","dateModified":"2023-08-08T00:29:35+00:00","description":"Sitio web de noticias de la localidad de Tornquist, provincia de Buenos Aires, Rep\u00fablica Argentina. Contenido propio originado por periodistas de CELTTV, el canal de TV local de la Cooperativa El\u00e9ctrica de Tornquist. Turismo, Pol\u00edtica, Sociedad, Deporte, Cultura y todo el contenido de inter\u00e9s general que la gente del pueblo y la regi\u00f3n debe conocer.","breadcrumb":{"@id":"https:\/\/www.celttv.com.ar\/index.php\/2023\/08\/07\/la-celt-informo-que-no-tiene-programados-cortes-del-servicio-electrico-en-su-area-de-concesion\/#breadcrumb"},"inLanguage":"es","potentialAction":[{"@type":"ReadAction","target":["https:\/\/www.celttv.com.ar\/index.php\/2023\/08\/07\/la-celt-informo-que-no-tiene-programados-cortes-del-servicio-electrico-en-su-area-de-concesion\/"]}]},{"@type":"BreadcrumbList","@id":"https:\/\/www.celttv.com.ar\/index.php\/2023\/08\/07\/la-celt-informo-que-no-tiene-programados-cortes-del-servicio-electrico-en-su-area-de-concesion\/#breadcrumb","itemListElement":[{"@type":"ListItem","position":1,"name":"Inicio","item":"https:\/\/www.celttv.com.ar\/"},{"@type":"ListItem","position":2,"name":"La CELT. inform\u00f3 que no tiene programados cortes del servicio el\u00e9ctrico en su \u00e1rea de concesi\u00f3n"}]},{"@type":"WebSite","@id":"https:\/\/www.celttv.com.ar\/#website","url":"https:\/\/www.celttv.com.ar\/","name":"CELTTV","description":"Cooperativa El\u00e9ctrica de Tornquist","publisher":{"@id":"https:\/\/www.celttv.com.ar\/#organization"},"potentialAction":[{"@type":"SearchAction","target":{"@type":"EntryPoint","urlTemplate":"https:\/\/www.celttv.com.ar\/?s={search_term_string}"},"query-input":"required name=search_term_string"}],"inLanguage":"es"},{"@type":"Organization","@id":"https:\/\/www.celttv.com.ar\/#organization","name":"CELTTV","url":"https:\/\/www.celttv.com.ar\/","sameAs":["https:\/\/www.youtube.com\/channel\/UCz_oIt8Hig64Ub-EmcNPIhg","https:\/\/www.facebook.com\/celtTV\/"],"logo":{"@type":"ImageObject","inLanguage":"es","@id":"https:\/\/www.celttv.com.ar\/#\/schema\/logo\/image\/","url":"http:\/\/www.celttv.com.ar\/wp-content\/uploads\/2022\/08\/logo-1.png","contentUrl":"http:\/\/www.celttv.com.ar\/wp-content\/uploads\/2022\/08\/logo-1.png","width":461,"height":159,"caption":"CELTTV"},"image":{"@id":"https:\/\/www.celttv.com.ar\/#\/schema\/logo\/image\/"}},{"@type":"Person","@id":"https:\/\/www.celttv.com.ar\/#\/schema\/person\/9059dc91dc7204ef4182cdb65225f07d","name":"Miguel Herrada","image":{"@type":"ImageObject","inLanguage":"es","@id":"https:\/\/www.celttv.com.ar\/#\/schema\/person\/image\/","url":"https:\/\/secure.gravatar.com\/avatar\/67724d5b3c716623ffd76bec7e45841a442ac3b456e914dbba90b0fad2b8e0b1?s=96&d=mm&r=g","contentUrl":"https:\/\/secure.gravatar.com\/avatar\/67724d5b3c716623ffd76bec7e45841a442ac3b456e914dbba90b0fad2b8e0b1?s=96&d=mm&r=g","caption":"Miguel Herrada"}}]}},"_links":{"self":[{"href":"https:\/\/www.celttv.com.ar\/index.php\/wp-json\/wp\/v2\/posts\/78188","targetHints":{"allow":["GET"]}}],"collection":[{"href":"https:\/\/www.celttv.com.ar\/index.php\/wp-json\/wp\/v2\/posts"}],"about":[{"href":"https:\/\/www.celttv.com.ar\/index.php\/wp-json\/wp\/v2\/types\/post"}],"author":[{"embeddable":true,"href":"https:\/\/www.celttv.com.ar\/index.php\/wp-json\/wp\/v2\/users\/5"}],"replies":[{"embeddable":true,"href":"https:\/\/www.celttv.com.ar\/index.php\/wp-json\/wp\/v2\/comments?post=78188"}],"version-history":[{"count":1,"href":"https:\/\/www.celttv.com.ar\/index.php\/wp-json\/wp\/v2\/posts\/78188\/revisions"}],"predecessor-version":[{"id":78189,"href":"https:\/\/www.celttv.com.ar\/index.php\/wp-json\/wp\/v2\/posts\/78188\/revisions\/78189"}],"wp:featuredmedia":[{"embeddable":true,"href":"https:\/\/www.celttv.com.ar\/index.php\/wp-json\/wp\/v2\/media\/70796"}],"wp:attachment":[{"href":"https:\/\/www.celttv.com.ar\/index.php\/wp-json\/wp\/v2\/media?parent=78188"}],"wp:term":[{"taxonomy":"category","embeddable":true,"href":"https:\/\/www.celttv.com.ar\/index.php\/wp-json\/wp\/v2\/categories?post=78188"},{"taxonomy":"post_tag","embeddable":true,"href":"https:\/\/www.celttv.com.ar\/index.php\/wp-json\/wp\/v2\/tags?post=78188"}],"curies":[{"name":"wp","href":"https:\/\/api.w.org\/{rel}","templated":true}]}}