{"id":78321,"date":"2023-08-14T01:08:16","date_gmt":"2023-08-14T04:08:16","guid":{"rendered":"http:\/\/www.celttv.com.ar\/?p=78321"},"modified":"2023-08-14T01:15:44","modified_gmt":"2023-08-14T04:15:44","slug":"sergio-bordoni-union-por-a-patria-federico-labarthe-jxc-y-mario-rodriguez-la-libertad-avanza-iran-por-el-sillon-de-lainez","status":"publish","type":"post","link":"https:\/\/www.celttv.com.ar\/index.php\/2023\/08\/14\/sergio-bordoni-union-por-a-patria-federico-labarthe-jxc-y-mario-rodriguez-la-libertad-avanza-iran-por-el-sillon-de-lainez\/","title":{"rendered":"Sergio Bordoni (Uni\u00f3n por la patria), Federico Labarthe (JxC) y Mario Rodriguez (La Libertad Avanza) ir\u00e1n por el sill\u00f3n de Lainez"},"content":{"rendered":"<p>Fueron escrutadas todas las mesas del distrito y de esta manera Sergio Bordoni, Federico Labarthe y Mario Rodriguez competir\u00e1n por un lugar en el sill\u00f3n de Lainez que los convertir\u00e1 en nuevo intendente del distrito de Tornquist.<\/p>\n<p>Resultados finales:<\/p>\n<p>Celt TV (Centro Computos)<\/p>\n<p>Distrito total:<\/p>\n<p><img loading=\"lazy\" decoding=\"async\" src=\"https:\/\/www.noticiastornquist.com.ar\/adjuntos\/600\/oriii.png\" alt=\"\" width=\"740\" height=\"402\" \/><\/p>\n<p><img loading=\"lazy\" decoding=\"async\" src=\"https:\/\/www.noticiastornquist.com.ar\/adjuntos\/600\/1-9.png\" alt=\"\" width=\"738\" height=\"76\" \/><\/p>\n<p>Resultados en Tornquist:<\/p>\n<p><img loading=\"lazy\" decoding=\"async\" src=\"https:\/\/www.noticiastornquist.com.ar\/adjuntos\/600\/tornquist-1.png\" alt=\"\" width=\"746\" height=\"545\" \/><\/p>\n<p>Resultados en Sierra de la Ventana:<\/p>\n<p><img loading=\"lazy\" decoding=\"async\" src=\"https:\/\/www.noticiastornquist.com.ar\/adjuntos\/600\/sierra-1.png\" alt=\"\" width=\"742\" height=\"538\" \/><\/p>\n<p>Resultados de Saldungaray:<\/p>\n<p><img loading=\"lazy\" decoding=\"async\" src=\"https:\/\/www.noticiastornquist.com.ar\/adjuntos\/600\/saldung.png\" alt=\"\" width=\"743\" height=\"531\" \/><\/p>\n<p>Resultados Chasic\u00f3:<\/p>\n<p><img loading=\"lazy\" decoding=\"async\" src=\"https:\/\/www.noticiastornquist.com.ar\/adjuntos\/600\/chasico.png\" alt=\"\" width=\"734\" height=\"512\" \/><\/p>\n<p>Resultados en Tres Picos:<\/p>\n<p><img loading=\"lazy\" decoding=\"async\" src=\"https:\/\/www.noticiastornquist.com.ar\/adjuntos\/600\/trespicos.png\" alt=\"\" width=\"744\" height=\"528\" \/><\/p>\n<p>Resultados Villa Ventana:<\/p>\n<p><img loading=\"lazy\" decoding=\"async\" src=\"https:\/\/www.noticiastornquist.com.ar\/adjuntos\/600\/villaventna.png\" alt=\"\" width=\"726\" height=\"474\" \/><\/p>\n<p>Resultados a Presidente:<\/p>\n<p><img loading=\"lazy\" decoding=\"async\" src=\"https:\/\/www.noticiastornquist.com.ar\/adjuntos\/600\/presi.png\" alt=\"\" width=\"730\" height=\"504\" \/><\/p>\n<p>Resultados Gobernadores:<\/p>\n<p><img loading=\"lazy\" decoding=\"async\" src=\"https:\/\/www.noticiastornquist.com.ar\/adjuntos\/600\/gober1.png\" alt=\"\" width=\"657\" height=\"276\" \/><\/p>\n<p><img loading=\"lazy\" decoding=\"async\" src=\"https:\/\/www.noticiastornquist.com.ar\/adjuntos\/600\/gober2.png\" alt=\"\" width=\"654\" height=\"299\" \/><\/p>\n<p><img loading=\"lazy\" decoding=\"async\" src=\"https:\/\/www.noticiastornquist.com.ar\/adjuntos\/600\/gober.png\" alt=\"\" width=\"271\" height=\"326\" \/><\/p>\n","protected":false},"excerpt":{"rendered":"<p>Fueron escrutadas todas las mesas del distrito y de esta manera Sergio Bordoni, Federico Labarthe y Mario Rodriguez competir\u00e1n por un lugar en el sill\u00f3n de Lainez que los convertir\u00e1 en nuevo intendente del distrito de Tornquist. Resultados finales: Celt TV (Centro Computos) Distrito total: Resultados en Tornquist: Resultados en Sierra de la Ventana: Resultados [&hellip;]<\/p>\n","protected":false},"author":5,"featured_media":78322,"comment_status":"closed","ping_status":"closed","sticky":false,"template":"","format":"standard","meta":{"footnotes":""},"categories":[51,52,53],"tags":[],"class_list":["post-78321","post","type-post","status-publish","format-standard","has-post-thumbnail","hentry","category-comunidad","category-destacadas","category-politica"],"yoast_head":"<!-- This site is optimized with the Yoast SEO plugin v19.7.1 - https:\/\/yoast.com\/wordpress\/plugins\/seo\/ -->\n<title>Sergio Bordoni (Uni\u00f3n por la patria), Federico Labarthe (JxC) y Mario Rodriguez (La Libertad Avanza) ir\u00e1n por el sill\u00f3n de Lainez - CELTTV<\/title>\n<meta name=\"description\" content=\"Sitio web de noticias de la localidad de Tornquist, provincia de Buenos Aires, Rep\u00fablica Argentina. Contenido propio originado por periodistas de CELTTV, el canal de TV local de la Cooperativa El\u00e9ctrica de Tornquist. Turismo, Pol\u00edtica, Sociedad, Deporte, Cultura y todo el contenido de inter\u00e9s general que la gente del pueblo y la regi\u00f3n debe conocer.\" \/>\n<meta name=\"robots\" content=\"index, follow, max-snippet:-1, max-image-preview:large, max-video-preview:-1\" \/>\n<link rel=\"canonical\" href=\"https:\/\/www.celttv.com.ar\/index.php\/2023\/08\/14\/sergio-bordoni-union-por-a-patria-federico-labarthe-jxc-y-mario-rodriguez-la-libertad-avanza-iran-por-el-sillon-de-lainez\/\" \/>\n<meta property=\"og:locale\" content=\"es_ES\" \/>\n<meta property=\"og:type\" content=\"article\" \/>\n<meta property=\"og:title\" content=\"Sergio Bordoni (Uni\u00f3n por la patria), Federico Labarthe (JxC) y Mario Rodriguez (La Libertad Avanza) ir\u00e1n por el sill\u00f3n de Lainez - CELTTV\" \/>\n<meta property=\"og:description\" content=\"Sitio web de noticias de la localidad de Tornquist, provincia de Buenos Aires, Rep\u00fablica Argentina. Contenido propio originado por periodistas de CELTTV, el canal de TV local de la Cooperativa El\u00e9ctrica de Tornquist. Turismo, Pol\u00edtica, Sociedad, Deporte, Cultura y todo el contenido de inter\u00e9s general que la gente del pueblo y la regi\u00f3n debe conocer.\" \/>\n<meta property=\"og:url\" content=\"https:\/\/www.celttv.com.ar\/index.php\/2023\/08\/14\/sergio-bordoni-union-por-a-patria-federico-labarthe-jxc-y-mario-rodriguez-la-libertad-avanza-iran-por-el-sillon-de-lainez\/\" \/>\n<meta property=\"og:site_name\" content=\"CELTTV\" \/>\n<meta property=\"article:publisher\" content=\"https:\/\/www.facebook.com\/celtTV\/\" \/>\n<meta property=\"article:published_time\" content=\"2023-08-14T04:08:16+00:00\" \/>\n<meta property=\"article:modified_time\" content=\"2023-08-14T04:15:44+00:00\" \/>\n<meta property=\"og:image\" content=\"https:\/\/www.celttv.com.ar\/wp-content\/uploads\/2023\/08\/reesultado-final.jpg\" \/>\n\t<meta property=\"og:image:width\" content=\"616\" \/>\n\t<meta property=\"og:image:height\" content=\"536\" \/>\n\t<meta property=\"og:image:type\" content=\"image\/jpeg\" \/>\n<meta name=\"author\" content=\"Miguel Herrada\" \/>\n<meta name=\"twitter:card\" content=\"summary_large_image\" \/>\n<meta name=\"twitter:label1\" content=\"Escrito por\" \/>\n\t<meta name=\"twitter:data1\" content=\"Miguel Herrada\" \/>\n<script type=\"application\/ld+json\" class=\"yoast-schema-graph\">{\"@context\":\"https:\/\/schema.org\",\"@graph\":[{\"@type\":\"NewsArticle\",\"@id\":\"https:\/\/www.celttv.com.ar\/index.php\/2023\/08\/14\/sergio-bordoni-union-por-a-patria-federico-labarthe-jxc-y-mario-rodriguez-la-libertad-avanza-iran-por-el-sillon-de-lainez\/#article\",\"isPartOf\":{\"@id\":\"https:\/\/www.celttv.com.ar\/index.php\/2023\/08\/14\/sergio-bordoni-union-por-a-patria-federico-labarthe-jxc-y-mario-rodriguez-la-libertad-avanza-iran-por-el-sillon-de-lainez\/\"},\"author\":{\"name\":\"Miguel Herrada\",\"@id\":\"https:\/\/www.celttv.com.ar\/#\/schema\/person\/9059dc91dc7204ef4182cdb65225f07d\"},\"headline\":\"Sergio Bordoni (Uni\u00f3n por la patria), Federico Labarthe (JxC) y Mario Rodriguez (La Libertad Avanza) ir\u00e1n por el sill\u00f3n de Lainez\",\"datePublished\":\"2023-08-14T04:08:16+00:00\",\"dateModified\":\"2023-08-14T04:15:44+00:00\",\"mainEntityOfPage\":{\"@id\":\"https:\/\/www.celttv.com.ar\/index.php\/2023\/08\/14\/sergio-bordoni-union-por-a-patria-federico-labarthe-jxc-y-mario-rodriguez-la-libertad-avanza-iran-por-el-sillon-de-lainez\/\"},\"wordCount\":97,\"publisher\":{\"@id\":\"https:\/\/www.celttv.com.ar\/#organization\"},\"articleSection\":[\"Comunidad\",\"Destacadas\",\"Pol\u00edtica\"],\"inLanguage\":\"es\"},{\"@type\":\"WebPage\",\"@id\":\"https:\/\/www.celttv.com.ar\/index.php\/2023\/08\/14\/sergio-bordoni-union-por-a-patria-federico-labarthe-jxc-y-mario-rodriguez-la-libertad-avanza-iran-por-el-sillon-de-lainez\/\",\"url\":\"https:\/\/www.celttv.com.ar\/index.php\/2023\/08\/14\/sergio-bordoni-union-por-a-patria-federico-labarthe-jxc-y-mario-rodriguez-la-libertad-avanza-iran-por-el-sillon-de-lainez\/\",\"name\":\"Sergio Bordoni (Uni\u00f3n por la patria), Federico Labarthe (JxC) y Mario Rodriguez (La Libertad Avanza) ir\u00e1n por el sill\u00f3n de Lainez - CELTTV\",\"isPartOf\":{\"@id\":\"https:\/\/www.celttv.com.ar\/#website\"},\"datePublished\":\"2023-08-14T04:08:16+00:00\",\"dateModified\":\"2023-08-14T04:15:44+00:00\",\"description\":\"Sitio web de noticias de la localidad de Tornquist, provincia de Buenos Aires, Rep\u00fablica Argentina. Contenido propio originado por periodistas de CELTTV, el canal de TV local de la Cooperativa El\u00e9ctrica de Tornquist. Turismo, Pol\u00edtica, Sociedad, Deporte, Cultura y todo el contenido de inter\u00e9s general que la gente del pueblo y la regi\u00f3n debe conocer.\",\"breadcrumb\":{\"@id\":\"https:\/\/www.celttv.com.ar\/index.php\/2023\/08\/14\/sergio-bordoni-union-por-a-patria-federico-labarthe-jxc-y-mario-rodriguez-la-libertad-avanza-iran-por-el-sillon-de-lainez\/#breadcrumb\"},\"inLanguage\":\"es\",\"potentialAction\":[{\"@type\":\"ReadAction\",\"target\":[\"https:\/\/www.celttv.com.ar\/index.php\/2023\/08\/14\/sergio-bordoni-union-por-a-patria-federico-labarthe-jxc-y-mario-rodriguez-la-libertad-avanza-iran-por-el-sillon-de-lainez\/\"]}]},{\"@type\":\"BreadcrumbList\",\"@id\":\"https:\/\/www.celttv.com.ar\/index.php\/2023\/08\/14\/sergio-bordoni-union-por-a-patria-federico-labarthe-jxc-y-mario-rodriguez-la-libertad-avanza-iran-por-el-sillon-de-lainez\/#breadcrumb\",\"itemListElement\":[{\"@type\":\"ListItem\",\"position\":1,\"name\":\"Inicio\",\"item\":\"https:\/\/www.celttv.com.ar\/\"},{\"@type\":\"ListItem\",\"position\":2,\"name\":\"Sergio Bordoni (Uni\u00f3n por la patria), Federico Labarthe (JxC) y Mario Rodriguez (La Libertad Avanza) ir\u00e1n por el sill\u00f3n de Lainez\"}]},{\"@type\":\"WebSite\",\"@id\":\"https:\/\/www.celttv.com.ar\/#website\",\"url\":\"https:\/\/www.celttv.com.ar\/\",\"name\":\"CELTTV\",\"description\":\"Cooperativa El\u00e9ctrica de Tornquist\",\"publisher\":{\"@id\":\"https:\/\/www.celttv.com.ar\/#organization\"},\"potentialAction\":[{\"@type\":\"SearchAction\",\"target\":{\"@type\":\"EntryPoint\",\"urlTemplate\":\"https:\/\/www.celttv.com.ar\/?s={search_term_string}\"},\"query-input\":\"required name=search_term_string\"}],\"inLanguage\":\"es\"},{\"@type\":\"Organization\",\"@id\":\"https:\/\/www.celttv.com.ar\/#organization\",\"name\":\"CELTTV\",\"url\":\"https:\/\/www.celttv.com.ar\/\",\"sameAs\":[\"https:\/\/www.youtube.com\/channel\/UCz_oIt8Hig64Ub-EmcNPIhg\",\"https:\/\/www.facebook.com\/celtTV\/\"],\"logo\":{\"@type\":\"ImageObject\",\"inLanguage\":\"es\",\"@id\":\"https:\/\/www.celttv.com.ar\/#\/schema\/logo\/image\/\",\"url\":\"http:\/\/www.celttv.com.ar\/wp-content\/uploads\/2022\/08\/logo-1.png\",\"contentUrl\":\"http:\/\/www.celttv.com.ar\/wp-content\/uploads\/2022\/08\/logo-1.png\",\"width\":461,\"height\":159,\"caption\":\"CELTTV\"},\"image\":{\"@id\":\"https:\/\/www.celttv.com.ar\/#\/schema\/logo\/image\/\"}},{\"@type\":\"Person\",\"@id\":\"https:\/\/www.celttv.com.ar\/#\/schema\/person\/9059dc91dc7204ef4182cdb65225f07d\",\"name\":\"Miguel Herrada\",\"image\":{\"@type\":\"ImageObject\",\"inLanguage\":\"es\",\"@id\":\"https:\/\/www.celttv.com.ar\/#\/schema\/person\/image\/\",\"url\":\"https:\/\/secure.gravatar.com\/avatar\/67724d5b3c716623ffd76bec7e45841a442ac3b456e914dbba90b0fad2b8e0b1?s=96&d=mm&r=g\",\"contentUrl\":\"https:\/\/secure.gravatar.com\/avatar\/67724d5b3c716623ffd76bec7e45841a442ac3b456e914dbba90b0fad2b8e0b1?s=96&d=mm&r=g\",\"caption\":\"Miguel Herrada\"}}]}<\/script>\n<!-- \/ Yoast SEO plugin. -->","yoast_head_json":{"title":"Sergio Bordoni (Uni\u00f3n por la patria), Federico Labarthe (JxC) y Mario Rodriguez (La Libertad Avanza) ir\u00e1n por el sill\u00f3n de Lainez - CELTTV","description":"Sitio web de noticias de la localidad de Tornquist, provincia de Buenos Aires, Rep\u00fablica Argentina. Contenido propio originado por periodistas de CELTTV, el canal de TV local de la Cooperativa El\u00e9ctrica de Tornquist. Turismo, Pol\u00edtica, Sociedad, Deporte, Cultura y todo el contenido de inter\u00e9s general que la gente del pueblo y la regi\u00f3n debe conocer.","robots":{"index":"index","follow":"follow","max-snippet":"max-snippet:-1","max-image-preview":"max-image-preview:large","max-video-preview":"max-video-preview:-1"},"canonical":"https:\/\/www.celttv.com.ar\/index.php\/2023\/08\/14\/sergio-bordoni-union-por-a-patria-federico-labarthe-jxc-y-mario-rodriguez-la-libertad-avanza-iran-por-el-sillon-de-lainez\/","og_locale":"es_ES","og_type":"article","og_title":"Sergio Bordoni (Uni\u00f3n por la patria), Federico Labarthe (JxC) y Mario Rodriguez (La Libertad Avanza) ir\u00e1n por el sill\u00f3n de Lainez - CELTTV","og_description":"Sitio web de noticias de la localidad de Tornquist, provincia de Buenos Aires, Rep\u00fablica Argentina. Contenido propio originado por periodistas de CELTTV, el canal de TV local de la Cooperativa El\u00e9ctrica de Tornquist. Turismo, Pol\u00edtica, Sociedad, Deporte, Cultura y todo el contenido de inter\u00e9s general que la gente del pueblo y la regi\u00f3n debe conocer.","og_url":"https:\/\/www.celttv.com.ar\/index.php\/2023\/08\/14\/sergio-bordoni-union-por-a-patria-federico-labarthe-jxc-y-mario-rodriguez-la-libertad-avanza-iran-por-el-sillon-de-lainez\/","og_site_name":"CELTTV","article_publisher":"https:\/\/www.facebook.com\/celtTV\/","article_published_time":"2023-08-14T04:08:16+00:00","article_modified_time":"2023-08-14T04:15:44+00:00","og_image":[{"width":616,"height":536,"url":"https:\/\/www.celttv.com.ar\/wp-content\/uploads\/2023\/08\/reesultado-final.jpg","type":"image\/jpeg"}],"author":"Miguel Herrada","twitter_card":"summary_large_image","twitter_misc":{"Escrito por":"Miguel Herrada"},"schema":{"@context":"https:\/\/schema.org","@graph":[{"@type":"NewsArticle","@id":"https:\/\/www.celttv.com.ar\/index.php\/2023\/08\/14\/sergio-bordoni-union-por-a-patria-federico-labarthe-jxc-y-mario-rodriguez-la-libertad-avanza-iran-por-el-sillon-de-lainez\/#article","isPartOf":{"@id":"https:\/\/www.celttv.com.ar\/index.php\/2023\/08\/14\/sergio-bordoni-union-por-a-patria-federico-labarthe-jxc-y-mario-rodriguez-la-libertad-avanza-iran-por-el-sillon-de-lainez\/"},"author":{"name":"Miguel Herrada","@id":"https:\/\/www.celttv.com.ar\/#\/schema\/person\/9059dc91dc7204ef4182cdb65225f07d"},"headline":"Sergio Bordoni (Uni\u00f3n por la patria), Federico Labarthe (JxC) y Mario Rodriguez (La Libertad Avanza) ir\u00e1n por el sill\u00f3n de Lainez","datePublished":"2023-08-14T04:08:16+00:00","dateModified":"2023-08-14T04:15:44+00:00","mainEntityOfPage":{"@id":"https:\/\/www.celttv.com.ar\/index.php\/2023\/08\/14\/sergio-bordoni-union-por-a-patria-federico-labarthe-jxc-y-mario-rodriguez-la-libertad-avanza-iran-por-el-sillon-de-lainez\/"},"wordCount":97,"publisher":{"@id":"https:\/\/www.celttv.com.ar\/#organization"},"articleSection":["Comunidad","Destacadas","Pol\u00edtica"],"inLanguage":"es"},{"@type":"WebPage","@id":"https:\/\/www.celttv.com.ar\/index.php\/2023\/08\/14\/sergio-bordoni-union-por-a-patria-federico-labarthe-jxc-y-mario-rodriguez-la-libertad-avanza-iran-por-el-sillon-de-lainez\/","url":"https:\/\/www.celttv.com.ar\/index.php\/2023\/08\/14\/sergio-bordoni-union-por-a-patria-federico-labarthe-jxc-y-mario-rodriguez-la-libertad-avanza-iran-por-el-sillon-de-lainez\/","name":"Sergio Bordoni (Uni\u00f3n por la patria), Federico Labarthe (JxC) y Mario Rodriguez (La Libertad Avanza) ir\u00e1n por el sill\u00f3n de Lainez - CELTTV","isPartOf":{"@id":"https:\/\/www.celttv.com.ar\/#website"},"datePublished":"2023-08-14T04:08:16+00:00","dateModified":"2023-08-14T04:15:44+00:00","description":"Sitio web de noticias de la localidad de Tornquist, provincia de Buenos Aires, Rep\u00fablica Argentina. Contenido propio originado por periodistas de CELTTV, el canal de TV local de la Cooperativa El\u00e9ctrica de Tornquist. Turismo, Pol\u00edtica, Sociedad, Deporte, Cultura y todo el contenido de inter\u00e9s general que la gente del pueblo y la regi\u00f3n debe conocer.","breadcrumb":{"@id":"https:\/\/www.celttv.com.ar\/index.php\/2023\/08\/14\/sergio-bordoni-union-por-a-patria-federico-labarthe-jxc-y-mario-rodriguez-la-libertad-avanza-iran-por-el-sillon-de-lainez\/#breadcrumb"},"inLanguage":"es","potentialAction":[{"@type":"ReadAction","target":["https:\/\/www.celttv.com.ar\/index.php\/2023\/08\/14\/sergio-bordoni-union-por-a-patria-federico-labarthe-jxc-y-mario-rodriguez-la-libertad-avanza-iran-por-el-sillon-de-lainez\/"]}]},{"@type":"BreadcrumbList","@id":"https:\/\/www.celttv.com.ar\/index.php\/2023\/08\/14\/sergio-bordoni-union-por-a-patria-federico-labarthe-jxc-y-mario-rodriguez-la-libertad-avanza-iran-por-el-sillon-de-lainez\/#breadcrumb","itemListElement":[{"@type":"ListItem","position":1,"name":"Inicio","item":"https:\/\/www.celttv.com.ar\/"},{"@type":"ListItem","position":2,"name":"Sergio Bordoni (Uni\u00f3n por la patria), Federico Labarthe (JxC) y Mario Rodriguez (La Libertad Avanza) ir\u00e1n por el sill\u00f3n de Lainez"}]},{"@type":"WebSite","@id":"https:\/\/www.celttv.com.ar\/#website","url":"https:\/\/www.celttv.com.ar\/","name":"CELTTV","description":"Cooperativa El\u00e9ctrica de Tornquist","publisher":{"@id":"https:\/\/www.celttv.com.ar\/#organization"},"potentialAction":[{"@type":"SearchAction","target":{"@type":"EntryPoint","urlTemplate":"https:\/\/www.celttv.com.ar\/?s={search_term_string}"},"query-input":"required name=search_term_string"}],"inLanguage":"es"},{"@type":"Organization","@id":"https:\/\/www.celttv.com.ar\/#organization","name":"CELTTV","url":"https:\/\/www.celttv.com.ar\/","sameAs":["https:\/\/www.youtube.com\/channel\/UCz_oIt8Hig64Ub-EmcNPIhg","https:\/\/www.facebook.com\/celtTV\/"],"logo":{"@type":"ImageObject","inLanguage":"es","@id":"https:\/\/www.celttv.com.ar\/#\/schema\/logo\/image\/","url":"http:\/\/www.celttv.com.ar\/wp-content\/uploads\/2022\/08\/logo-1.png","contentUrl":"http:\/\/www.celttv.com.ar\/wp-content\/uploads\/2022\/08\/logo-1.png","width":461,"height":159,"caption":"CELTTV"},"image":{"@id":"https:\/\/www.celttv.com.ar\/#\/schema\/logo\/image\/"}},{"@type":"Person","@id":"https:\/\/www.celttv.com.ar\/#\/schema\/person\/9059dc91dc7204ef4182cdb65225f07d","name":"Miguel Herrada","image":{"@type":"ImageObject","inLanguage":"es","@id":"https:\/\/www.celttv.com.ar\/#\/schema\/person\/image\/","url":"https:\/\/secure.gravatar.com\/avatar\/67724d5b3c716623ffd76bec7e45841a442ac3b456e914dbba90b0fad2b8e0b1?s=96&d=mm&r=g","contentUrl":"https:\/\/secure.gravatar.com\/avatar\/67724d5b3c716623ffd76bec7e45841a442ac3b456e914dbba90b0fad2b8e0b1?s=96&d=mm&r=g","caption":"Miguel Herrada"}}]}},"_links":{"self":[{"href":"https:\/\/www.celttv.com.ar\/index.php\/wp-json\/wp\/v2\/posts\/78321","targetHints":{"allow":["GET"]}}],"collection":[{"href":"https:\/\/www.celttv.com.ar\/index.php\/wp-json\/wp\/v2\/posts"}],"about":[{"href":"https:\/\/www.celttv.com.ar\/index.php\/wp-json\/wp\/v2\/types\/post"}],"author":[{"embeddable":true,"href":"https:\/\/www.celttv.com.ar\/index.php\/wp-json\/wp\/v2\/users\/5"}],"replies":[{"embeddable":true,"href":"https:\/\/www.celttv.com.ar\/index.php\/wp-json\/wp\/v2\/comments?post=78321"}],"version-history":[{"count":3,"href":"https:\/\/www.celttv.com.ar\/index.php\/wp-json\/wp\/v2\/posts\/78321\/revisions"}],"predecessor-version":[{"id":78325,"href":"https:\/\/www.celttv.com.ar\/index.php\/wp-json\/wp\/v2\/posts\/78321\/revisions\/78325"}],"wp:featuredmedia":[{"embeddable":true,"href":"https:\/\/www.celttv.com.ar\/index.php\/wp-json\/wp\/v2\/media\/78322"}],"wp:attachment":[{"href":"https:\/\/www.celttv.com.ar\/index.php\/wp-json\/wp\/v2\/media?parent=78321"}],"wp:term":[{"taxonomy":"category","embeddable":true,"href":"https:\/\/www.celttv.com.ar\/index.php\/wp-json\/wp\/v2\/categories?post=78321"},{"taxonomy":"post_tag","embeddable":true,"href":"https:\/\/www.celttv.com.ar\/index.php\/wp-json\/wp\/v2\/tags?post=78321"}],"curies":[{"name":"wp","href":"https:\/\/api.w.org\/{rel}","templated":true}]}}