{"id":7834,"date":"2012-08-22T15:38:04","date_gmt":"2012-08-22T15:38:04","guid":{"rendered":"http:\/\/www.tvcnoticias.com.ar\/?p=7834"},"modified":"2012-08-22T15:38:04","modified_gmt":"2012-08-22T15:38:04","slug":"teatro-funke-continua-la-venta-de-entradas-para-dos-importantes-obras","status":"publish","type":"post","link":"https:\/\/www.celttv.com.ar\/index.php\/2012\/08\/22\/teatro-funke-continua-la-venta-de-entradas-para-dos-importantes-obras\/","title":{"rendered":"TEATRO FUNKE: CONTINUA LA VENTA DE ENTRADAS PARA DOS IMPORTANTES OBRAS"},"content":{"rendered":"<p><br \/>\nEl Teatro Municipal \u201cRodolfo Funke\u201d tendr\u00e1 una intensa actividad en el mes de septiembre, con la presentaci\u00f3n de dos obras de trascendencia nacional, interpretadas por artistas de primer nivel como Maximiliano Guerra, Fabi\u00e1n Gianola y Fabi\u00e1n Mazzei.<br \/>\n\u00a0\u00a0 Las dos presentaciones que sin dudas engalanar\u00e1n el principal escenario de nuestro distrito ser\u00e1n \u201cLos 39 Escalones\u201d, pautada para el 21 del pr\u00f3ximo mes, y \u201cCarmen\u201d, el domingo 30.<br \/>\n\u00a0\u00a0 La primera es una comedia excelente adaptada para teatro y cuenta con la actuaci\u00f3n de Fabi\u00e1n Gianola, Fabiana Garc\u00eda Lago, Fabi\u00e1n Mazzei y Nicol\u00e1s Scarpino, todos de reconocida y dilatada trayectoria actoral.<br \/>\n\u00a0\u00a0 En la misma se cuenta la vida aburrida de un hombre que conoce a una misteriosa mujer que dice ser esp\u00eda. Cuando la lleva a su casa ella es asesinada. Antes de que se pueda dar cuenta, se encuentra perseguido por una organizaci\u00f3n esp\u00eda &#8220;Los 39 escalones&#8221;.<br \/>\n\u00a0\u00a0 \u201cCarmen\u201d, en cambio, pondr\u00e1 en escena al reconocido bailar\u00edn internacional Maximiliano Guerra, quien llegar\u00e1 junto con el Ballet del Mercosu, en doble programa con \u201cTango Paradiso\u201d.<br \/>\n\u00a0\u00a0 El espect\u00e1culo recibi\u00f3 elogiosas cr\u00edticas y llen\u00f3 con localidades agotadas cada teatro del Gran Buenos Aires y las distintas ciudades de la Argentina en las que se present\u00f3. Es una de las obras m\u00e1s importantes de la historia de la m\u00fasica cl\u00e1sica, la l\u00edrica y el ballet, y fue estrenada mundialmente en el mes de noviembre de 2010, en el Teatro Ateneo de Buenos Aires.<br \/>\n\u00a0\u00a0 Maximiliano Guerra contin\u00faa con este reconocido cl\u00e1sico, fiel a su estilo audaz, contempor\u00e1neo y vers\u00e1til, m\u00e1s la humildad y el respeto que s\u00f3lo los grandes artistas nos pueden regalar, con la compa\u00f1\u00eda de su esposa y primera bailarina del Ballet del Mercosur, Patricia Baca Urquiza, y el consagrado ballet.<br \/>\n\u00a0\u00a0 Las entradas anticipadas para ambas presentaciones se expenden en la Casa de la Cultura comunal, de 8 a 13.30. Para mayores informes se puede llamar a la mencionada dependencia, a los tel\u00e9fonos (0291) 494-0810\/811.<\/p>\n","protected":false},"excerpt":{"rendered":"<p>El Teatro Municipal \u201cRodolfo Funke\u201d tendr\u00e1 una intensa actividad en el mes de septiembre, con la presentaci\u00f3n de dos obras de trascendencia nacional, interpretadas por artistas de primer nivel como Maximiliano Guerra, Fabi\u00e1n Gianola y Fabi\u00e1n Mazzei. \u00a0\u00a0 Las dos presentaciones que sin dudas engalanar\u00e1n el principal escenario de nuestro distrito ser\u00e1n \u201cLos 39 Escalones\u201d, [&hellip;]<\/p>\n","protected":false},"author":1,"featured_media":0,"comment_status":"closed","ping_status":"open","sticky":false,"template":"","format":"standard","meta":{"footnotes":""},"categories":[52,56],"tags":[],"class_list":["post-7834","post","type-post","status-publish","format-standard","hentry","category-destacadas","category-espectaculos"],"yoast_head":"<!-- This site is optimized with the Yoast SEO plugin v19.7.1 - https:\/\/yoast.com\/wordpress\/plugins\/seo\/ -->\n<title>TEATRO FUNKE: CONTINUA LA VENTA DE ENTRADAS PARA DOS IMPORTANTES OBRAS - CELTTV<\/title>\n<meta name=\"description\" content=\"Sitio web de noticias de la localidad de Tornquist, provincia de Buenos Aires, Rep\u00fablica Argentina. Contenido propio originado por periodistas de CELTTV, el canal de TV local de la Cooperativa El\u00e9ctrica de Tornquist. Turismo, Pol\u00edtica, Sociedad, Deporte, Cultura y todo el contenido de inter\u00e9s general que la gente del pueblo y la regi\u00f3n debe conocer.\" \/>\n<meta name=\"robots\" content=\"index, follow, max-snippet:-1, max-image-preview:large, max-video-preview:-1\" \/>\n<link rel=\"canonical\" href=\"https:\/\/www.celttv.com.ar\/index.php\/2012\/08\/22\/teatro-funke-continua-la-venta-de-entradas-para-dos-importantes-obras\/\" \/>\n<meta property=\"og:locale\" content=\"es_ES\" \/>\n<meta property=\"og:type\" content=\"article\" \/>\n<meta property=\"og:title\" content=\"TEATRO FUNKE: CONTINUA LA VENTA DE ENTRADAS PARA DOS IMPORTANTES OBRAS - CELTTV\" \/>\n<meta property=\"og:description\" content=\"Sitio web de noticias de la localidad de Tornquist, provincia de Buenos Aires, Rep\u00fablica Argentina. Contenido propio originado por periodistas de CELTTV, el canal de TV local de la Cooperativa El\u00e9ctrica de Tornquist. Turismo, Pol\u00edtica, Sociedad, Deporte, Cultura y todo el contenido de inter\u00e9s general que la gente del pueblo y la regi\u00f3n debe conocer.\" \/>\n<meta property=\"og:url\" content=\"https:\/\/www.celttv.com.ar\/index.php\/2012\/08\/22\/teatro-funke-continua-la-venta-de-entradas-para-dos-importantes-obras\/\" \/>\n<meta property=\"og:site_name\" content=\"CELTTV\" \/>\n<meta property=\"article:publisher\" content=\"https:\/\/www.facebook.com\/celtTV\/\" \/>\n<meta property=\"article:published_time\" content=\"2012-08-22T15:38:04+00:00\" \/>\n<meta name=\"author\" content=\"ulises\" \/>\n<meta name=\"twitter:card\" content=\"summary_large_image\" \/>\n<meta name=\"twitter:label1\" content=\"Escrito por\" \/>\n\t<meta name=\"twitter:data1\" content=\"ulises\" \/>\n\t<meta name=\"twitter:label2\" content=\"Tiempo de lectura\" \/>\n\t<meta name=\"twitter:data2\" content=\"2 minutos\" \/>\n<script type=\"application\/ld+json\" class=\"yoast-schema-graph\">{\"@context\":\"https:\/\/schema.org\",\"@graph\":[{\"@type\":\"NewsArticle\",\"@id\":\"https:\/\/www.celttv.com.ar\/index.php\/2012\/08\/22\/teatro-funke-continua-la-venta-de-entradas-para-dos-importantes-obras\/#article\",\"isPartOf\":{\"@id\":\"https:\/\/www.celttv.com.ar\/index.php\/2012\/08\/22\/teatro-funke-continua-la-venta-de-entradas-para-dos-importantes-obras\/\"},\"author\":{\"name\":\"ulises\",\"@id\":\"https:\/\/www.celttv.com.ar\/#\/schema\/person\/6d99c072dba59953809c81446e9d0ace\"},\"headline\":\"TEATRO FUNKE: CONTINUA LA VENTA DE ENTRADAS PARA DOS IMPORTANTES OBRAS\",\"datePublished\":\"2012-08-22T15:38:04+00:00\",\"dateModified\":\"2012-08-22T15:38:04+00:00\",\"mainEntityOfPage\":{\"@id\":\"https:\/\/www.celttv.com.ar\/index.php\/2012\/08\/22\/teatro-funke-continua-la-venta-de-entradas-para-dos-importantes-obras\/\"},\"wordCount\":355,\"publisher\":{\"@id\":\"https:\/\/www.celttv.com.ar\/#organization\"},\"articleSection\":[\"Destacadas\",\"Espect\u00e1culos\"],\"inLanguage\":\"es\"},{\"@type\":\"WebPage\",\"@id\":\"https:\/\/www.celttv.com.ar\/index.php\/2012\/08\/22\/teatro-funke-continua-la-venta-de-entradas-para-dos-importantes-obras\/\",\"url\":\"https:\/\/www.celttv.com.ar\/index.php\/2012\/08\/22\/teatro-funke-continua-la-venta-de-entradas-para-dos-importantes-obras\/\",\"name\":\"TEATRO FUNKE: CONTINUA LA VENTA DE ENTRADAS PARA DOS IMPORTANTES OBRAS - CELTTV\",\"isPartOf\":{\"@id\":\"https:\/\/www.celttv.com.ar\/#website\"},\"datePublished\":\"2012-08-22T15:38:04+00:00\",\"dateModified\":\"2012-08-22T15:38:04+00:00\",\"description\":\"Sitio web de noticias de la localidad de Tornquist, provincia de Buenos Aires, Rep\u00fablica Argentina. Contenido propio originado por periodistas de CELTTV, el canal de TV local de la Cooperativa El\u00e9ctrica de Tornquist. Turismo, Pol\u00edtica, Sociedad, Deporte, Cultura y todo el contenido de inter\u00e9s general que la gente del pueblo y la regi\u00f3n debe conocer.\",\"breadcrumb\":{\"@id\":\"https:\/\/www.celttv.com.ar\/index.php\/2012\/08\/22\/teatro-funke-continua-la-venta-de-entradas-para-dos-importantes-obras\/#breadcrumb\"},\"inLanguage\":\"es\",\"potentialAction\":[{\"@type\":\"ReadAction\",\"target\":[\"https:\/\/www.celttv.com.ar\/index.php\/2012\/08\/22\/teatro-funke-continua-la-venta-de-entradas-para-dos-importantes-obras\/\"]}]},{\"@type\":\"BreadcrumbList\",\"@id\":\"https:\/\/www.celttv.com.ar\/index.php\/2012\/08\/22\/teatro-funke-continua-la-venta-de-entradas-para-dos-importantes-obras\/#breadcrumb\",\"itemListElement\":[{\"@type\":\"ListItem\",\"position\":1,\"name\":\"Inicio\",\"item\":\"https:\/\/www.celttv.com.ar\/\"},{\"@type\":\"ListItem\",\"position\":2,\"name\":\"TEATRO FUNKE: CONTINUA LA VENTA DE ENTRADAS PARA DOS IMPORTANTES OBRAS\"}]},{\"@type\":\"WebSite\",\"@id\":\"https:\/\/www.celttv.com.ar\/#website\",\"url\":\"https:\/\/www.celttv.com.ar\/\",\"name\":\"CELTTV\",\"description\":\"Cooperativa El\u00e9ctrica de Tornquist\",\"publisher\":{\"@id\":\"https:\/\/www.celttv.com.ar\/#organization\"},\"potentialAction\":[{\"@type\":\"SearchAction\",\"target\":{\"@type\":\"EntryPoint\",\"urlTemplate\":\"https:\/\/www.celttv.com.ar\/?s={search_term_string}\"},\"query-input\":\"required name=search_term_string\"}],\"inLanguage\":\"es\"},{\"@type\":\"Organization\",\"@id\":\"https:\/\/www.celttv.com.ar\/#organization\",\"name\":\"CELTTV\",\"url\":\"https:\/\/www.celttv.com.ar\/\",\"sameAs\":[\"https:\/\/www.youtube.com\/channel\/UCz_oIt8Hig64Ub-EmcNPIhg\",\"https:\/\/www.facebook.com\/celtTV\/\"],\"logo\":{\"@type\":\"ImageObject\",\"inLanguage\":\"es\",\"@id\":\"https:\/\/www.celttv.com.ar\/#\/schema\/logo\/image\/\",\"url\":\"http:\/\/www.celttv.com.ar\/wp-content\/uploads\/2022\/08\/logo-1.png\",\"contentUrl\":\"http:\/\/www.celttv.com.ar\/wp-content\/uploads\/2022\/08\/logo-1.png\",\"width\":461,\"height\":159,\"caption\":\"CELTTV\"},\"image\":{\"@id\":\"https:\/\/www.celttv.com.ar\/#\/schema\/logo\/image\/\"}},{\"@type\":\"Person\",\"@id\":\"https:\/\/www.celttv.com.ar\/#\/schema\/person\/6d99c072dba59953809c81446e9d0ace\",\"name\":\"ulises\",\"image\":{\"@type\":\"ImageObject\",\"inLanguage\":\"es\",\"@id\":\"https:\/\/www.celttv.com.ar\/#\/schema\/person\/image\/\",\"url\":\"https:\/\/secure.gravatar.com\/avatar\/7f2c48bdc33b30088f941fb6082e555f2874c98e20cb159d7b92b50eadfce793?s=96&d=mm&r=g\",\"contentUrl\":\"https:\/\/secure.gravatar.com\/avatar\/7f2c48bdc33b30088f941fb6082e555f2874c98e20cb159d7b92b50eadfce793?s=96&d=mm&r=g\",\"caption\":\"ulises\"},\"sameAs\":[\"http:\/\/www.celttv.com.ar\"]}]}<\/script>\n<!-- \/ Yoast SEO plugin. -->","yoast_head_json":{"title":"TEATRO FUNKE: CONTINUA LA VENTA DE ENTRADAS PARA DOS IMPORTANTES OBRAS - CELTTV","description":"Sitio web de noticias de la localidad de Tornquist, provincia de Buenos Aires, Rep\u00fablica Argentina. Contenido propio originado por periodistas de CELTTV, el canal de TV local de la Cooperativa El\u00e9ctrica de Tornquist. Turismo, Pol\u00edtica, Sociedad, Deporte, Cultura y todo el contenido de inter\u00e9s general que la gente del pueblo y la regi\u00f3n debe conocer.","robots":{"index":"index","follow":"follow","max-snippet":"max-snippet:-1","max-image-preview":"max-image-preview:large","max-video-preview":"max-video-preview:-1"},"canonical":"https:\/\/www.celttv.com.ar\/index.php\/2012\/08\/22\/teatro-funke-continua-la-venta-de-entradas-para-dos-importantes-obras\/","og_locale":"es_ES","og_type":"article","og_title":"TEATRO FUNKE: CONTINUA LA VENTA DE ENTRADAS PARA DOS IMPORTANTES OBRAS - CELTTV","og_description":"Sitio web de noticias de la localidad de Tornquist, provincia de Buenos Aires, Rep\u00fablica Argentina. Contenido propio originado por periodistas de CELTTV, el canal de TV local de la Cooperativa El\u00e9ctrica de Tornquist. Turismo, Pol\u00edtica, Sociedad, Deporte, Cultura y todo el contenido de inter\u00e9s general que la gente del pueblo y la regi\u00f3n debe conocer.","og_url":"https:\/\/www.celttv.com.ar\/index.php\/2012\/08\/22\/teatro-funke-continua-la-venta-de-entradas-para-dos-importantes-obras\/","og_site_name":"CELTTV","article_publisher":"https:\/\/www.facebook.com\/celtTV\/","article_published_time":"2012-08-22T15:38:04+00:00","author":"ulises","twitter_card":"summary_large_image","twitter_misc":{"Escrito por":"ulises","Tiempo de lectura":"2 minutos"},"schema":{"@context":"https:\/\/schema.org","@graph":[{"@type":"NewsArticle","@id":"https:\/\/www.celttv.com.ar\/index.php\/2012\/08\/22\/teatro-funke-continua-la-venta-de-entradas-para-dos-importantes-obras\/#article","isPartOf":{"@id":"https:\/\/www.celttv.com.ar\/index.php\/2012\/08\/22\/teatro-funke-continua-la-venta-de-entradas-para-dos-importantes-obras\/"},"author":{"name":"ulises","@id":"https:\/\/www.celttv.com.ar\/#\/schema\/person\/6d99c072dba59953809c81446e9d0ace"},"headline":"TEATRO FUNKE: CONTINUA LA VENTA DE ENTRADAS PARA DOS IMPORTANTES OBRAS","datePublished":"2012-08-22T15:38:04+00:00","dateModified":"2012-08-22T15:38:04+00:00","mainEntityOfPage":{"@id":"https:\/\/www.celttv.com.ar\/index.php\/2012\/08\/22\/teatro-funke-continua-la-venta-de-entradas-para-dos-importantes-obras\/"},"wordCount":355,"publisher":{"@id":"https:\/\/www.celttv.com.ar\/#organization"},"articleSection":["Destacadas","Espect\u00e1culos"],"inLanguage":"es"},{"@type":"WebPage","@id":"https:\/\/www.celttv.com.ar\/index.php\/2012\/08\/22\/teatro-funke-continua-la-venta-de-entradas-para-dos-importantes-obras\/","url":"https:\/\/www.celttv.com.ar\/index.php\/2012\/08\/22\/teatro-funke-continua-la-venta-de-entradas-para-dos-importantes-obras\/","name":"TEATRO FUNKE: CONTINUA LA VENTA DE ENTRADAS PARA DOS IMPORTANTES OBRAS - CELTTV","isPartOf":{"@id":"https:\/\/www.celttv.com.ar\/#website"},"datePublished":"2012-08-22T15:38:04+00:00","dateModified":"2012-08-22T15:38:04+00:00","description":"Sitio web de noticias de la localidad de Tornquist, provincia de Buenos Aires, Rep\u00fablica Argentina. Contenido propio originado por periodistas de CELTTV, el canal de TV local de la Cooperativa El\u00e9ctrica de Tornquist. Turismo, Pol\u00edtica, Sociedad, Deporte, Cultura y todo el contenido de inter\u00e9s general que la gente del pueblo y la regi\u00f3n debe conocer.","breadcrumb":{"@id":"https:\/\/www.celttv.com.ar\/index.php\/2012\/08\/22\/teatro-funke-continua-la-venta-de-entradas-para-dos-importantes-obras\/#breadcrumb"},"inLanguage":"es","potentialAction":[{"@type":"ReadAction","target":["https:\/\/www.celttv.com.ar\/index.php\/2012\/08\/22\/teatro-funke-continua-la-venta-de-entradas-para-dos-importantes-obras\/"]}]},{"@type":"BreadcrumbList","@id":"https:\/\/www.celttv.com.ar\/index.php\/2012\/08\/22\/teatro-funke-continua-la-venta-de-entradas-para-dos-importantes-obras\/#breadcrumb","itemListElement":[{"@type":"ListItem","position":1,"name":"Inicio","item":"https:\/\/www.celttv.com.ar\/"},{"@type":"ListItem","position":2,"name":"TEATRO FUNKE: CONTINUA LA VENTA DE ENTRADAS PARA DOS IMPORTANTES OBRAS"}]},{"@type":"WebSite","@id":"https:\/\/www.celttv.com.ar\/#website","url":"https:\/\/www.celttv.com.ar\/","name":"CELTTV","description":"Cooperativa El\u00e9ctrica de Tornquist","publisher":{"@id":"https:\/\/www.celttv.com.ar\/#organization"},"potentialAction":[{"@type":"SearchAction","target":{"@type":"EntryPoint","urlTemplate":"https:\/\/www.celttv.com.ar\/?s={search_term_string}"},"query-input":"required name=search_term_string"}],"inLanguage":"es"},{"@type":"Organization","@id":"https:\/\/www.celttv.com.ar\/#organization","name":"CELTTV","url":"https:\/\/www.celttv.com.ar\/","sameAs":["https:\/\/www.youtube.com\/channel\/UCz_oIt8Hig64Ub-EmcNPIhg","https:\/\/www.facebook.com\/celtTV\/"],"logo":{"@type":"ImageObject","inLanguage":"es","@id":"https:\/\/www.celttv.com.ar\/#\/schema\/logo\/image\/","url":"http:\/\/www.celttv.com.ar\/wp-content\/uploads\/2022\/08\/logo-1.png","contentUrl":"http:\/\/www.celttv.com.ar\/wp-content\/uploads\/2022\/08\/logo-1.png","width":461,"height":159,"caption":"CELTTV"},"image":{"@id":"https:\/\/www.celttv.com.ar\/#\/schema\/logo\/image\/"}},{"@type":"Person","@id":"https:\/\/www.celttv.com.ar\/#\/schema\/person\/6d99c072dba59953809c81446e9d0ace","name":"ulises","image":{"@type":"ImageObject","inLanguage":"es","@id":"https:\/\/www.celttv.com.ar\/#\/schema\/person\/image\/","url":"https:\/\/secure.gravatar.com\/avatar\/7f2c48bdc33b30088f941fb6082e555f2874c98e20cb159d7b92b50eadfce793?s=96&d=mm&r=g","contentUrl":"https:\/\/secure.gravatar.com\/avatar\/7f2c48bdc33b30088f941fb6082e555f2874c98e20cb159d7b92b50eadfce793?s=96&d=mm&r=g","caption":"ulises"},"sameAs":["http:\/\/www.celttv.com.ar"]}]}},"_links":{"self":[{"href":"https:\/\/www.celttv.com.ar\/index.php\/wp-json\/wp\/v2\/posts\/7834","targetHints":{"allow":["GET"]}}],"collection":[{"href":"https:\/\/www.celttv.com.ar\/index.php\/wp-json\/wp\/v2\/posts"}],"about":[{"href":"https:\/\/www.celttv.com.ar\/index.php\/wp-json\/wp\/v2\/types\/post"}],"author":[{"embeddable":true,"href":"https:\/\/www.celttv.com.ar\/index.php\/wp-json\/wp\/v2\/users\/1"}],"replies":[{"embeddable":true,"href":"https:\/\/www.celttv.com.ar\/index.php\/wp-json\/wp\/v2\/comments?post=7834"}],"version-history":[{"count":0,"href":"https:\/\/www.celttv.com.ar\/index.php\/wp-json\/wp\/v2\/posts\/7834\/revisions"}],"wp:attachment":[{"href":"https:\/\/www.celttv.com.ar\/index.php\/wp-json\/wp\/v2\/media?parent=7834"}],"wp:term":[{"taxonomy":"category","embeddable":true,"href":"https:\/\/www.celttv.com.ar\/index.php\/wp-json\/wp\/v2\/categories?post=7834"},{"taxonomy":"post_tag","embeddable":true,"href":"https:\/\/www.celttv.com.ar\/index.php\/wp-json\/wp\/v2\/tags?post=7834"}],"curies":[{"name":"wp","href":"https:\/\/api.w.org\/{rel}","templated":true}]}}