{"id":78463,"date":"2023-08-23T14:52:18","date_gmt":"2023-08-23T17:52:18","guid":{"rendered":"http:\/\/www.celttv.com.ar\/?p=78463"},"modified":"2023-08-23T14:52:39","modified_gmt":"2023-08-23T17:52:39","slug":"los-bomberos-de-tornquist-fueron-convocados-por-un-incendio-de-estructura","status":"publish","type":"post","link":"https:\/\/www.celttv.com.ar\/index.php\/2023\/08\/23\/los-bomberos-de-tornquist-fueron-convocados-por-un-incendio-de-estructura\/","title":{"rendered":"Los bomberos de Tornquist fueron convocados por un incendio de estructura (VIDEO)"},"content":{"rendered":"<p>Los bomberos voluntarios de Tornquist fueron convocados esta ma\u00f1ana alrededor de las 11:2o por un incendio de estructura registrado en la Alem al 230 de nuestra ciudad.<\/p>\n<p>Durante varios minutos los servidores p\u00fablicos trabajaron para la extinci\u00f3n del foco \u00edgneo declarado en un galp\u00f3n afectandp a varios elementos almacenados en el lugar y preocup\u00f3 a los vecinos por la densa columna de humo y las llamas que se pod\u00edan advertir a la distancia.<\/p>\n<p>Los Bomberos de Tornquist concurrieron con tres dotaciones al mando del Segundo Jefe Walter Beker. Tambi\u00e9n se hicieron presentes personal y m\u00f3viles de la Polic\u00eda Comunal y el Cuerpo de Inspectores.<\/p>\n<p><iframe loading=\"lazy\" title=\"2023 08 23 INCENDIO DE ESTRUCTURA EN ALEM 235\" width=\"500\" height=\"281\" src=\"https:\/\/www.youtube.com\/embed\/ZaDw9rE1f6Y?feature=oembed\" frameborder=\"0\" allow=\"accelerometer; autoplay; clipboard-write; encrypted-media; gyroscope; picture-in-picture; web-share\" referrerpolicy=\"strict-origin-when-cross-origin\" allowfullscreen><\/iframe><\/p>\n<p><img loading=\"lazy\" decoding=\"async\" class=\"alignnone wp-image-78464 size-full\" src=\"http:\/\/www.celttv.com.ar\/wp-content\/uploads\/2023\/08\/IMG_0957-Medium.jpg\" alt=\"\" width=\"1152\" height=\"768\" srcset=\"https:\/\/www.celttv.com.ar\/wp-content\/uploads\/2023\/08\/IMG_0957-Medium.jpg 1152w, https:\/\/www.celttv.com.ar\/wp-content\/uploads\/2023\/08\/IMG_0957-Medium-300x200.jpg 300w, https:\/\/www.celttv.com.ar\/wp-content\/uploads\/2023\/08\/IMG_0957-Medium-1024x683.jpg 1024w, https:\/\/www.celttv.com.ar\/wp-content\/uploads\/2023\/08\/IMG_0957-Medium-768x512.jpg 768w, https:\/\/www.celttv.com.ar\/wp-content\/uploads\/2023\/08\/IMG_0957-Medium-750x500.jpg 750w, https:\/\/www.celttv.com.ar\/wp-content\/uploads\/2023\/08\/IMG_0957-Medium-1140x760.jpg 1140w\" sizes=\"auto, (max-width: 1152px) 100vw, 1152px\" \/> <img loading=\"lazy\" decoding=\"async\" class=\"alignnone wp-image-78465 size-full\" src=\"http:\/\/www.celttv.com.ar\/wp-content\/uploads\/2023\/08\/IMG_0958-Medium.jpg\" alt=\"\" width=\"1152\" height=\"768\" srcset=\"https:\/\/www.celttv.com.ar\/wp-content\/uploads\/2023\/08\/IMG_0958-Medium.jpg 1152w, https:\/\/www.celttv.com.ar\/wp-content\/uploads\/2023\/08\/IMG_0958-Medium-300x200.jpg 300w, https:\/\/www.celttv.com.ar\/wp-content\/uploads\/2023\/08\/IMG_0958-Medium-1024x683.jpg 1024w, https:\/\/www.celttv.com.ar\/wp-content\/uploads\/2023\/08\/IMG_0958-Medium-768x512.jpg 768w, https:\/\/www.celttv.com.ar\/wp-content\/uploads\/2023\/08\/IMG_0958-Medium-750x500.jpg 750w, https:\/\/www.celttv.com.ar\/wp-content\/uploads\/2023\/08\/IMG_0958-Medium-1140x760.jpg 1140w\" sizes=\"auto, (max-width: 1152px) 100vw, 1152px\" \/> <img loading=\"lazy\" decoding=\"async\" class=\"alignnone wp-image-78466 size-full\" src=\"http:\/\/www.celttv.com.ar\/wp-content\/uploads\/2023\/08\/IMG_0959-Medium.jpg\" alt=\"\" width=\"1152\" height=\"768\" srcset=\"https:\/\/www.celttv.com.ar\/wp-content\/uploads\/2023\/08\/IMG_0959-Medium.jpg 1152w, https:\/\/www.celttv.com.ar\/wp-content\/uploads\/2023\/08\/IMG_0959-Medium-300x200.jpg 300w, https:\/\/www.celttv.com.ar\/wp-content\/uploads\/2023\/08\/IMG_0959-Medium-1024x683.jpg 1024w, https:\/\/www.celttv.com.ar\/wp-content\/uploads\/2023\/08\/IMG_0959-Medium-768x512.jpg 768w, https:\/\/www.celttv.com.ar\/wp-content\/uploads\/2023\/08\/IMG_0959-Medium-750x500.jpg 750w, https:\/\/www.celttv.com.ar\/wp-content\/uploads\/2023\/08\/IMG_0959-Medium-1140x760.jpg 1140w\" sizes=\"auto, (max-width: 1152px) 100vw, 1152px\" \/><\/p>\n","protected":false},"excerpt":{"rendered":"<p>Los bomberos voluntarios de Tornquist fueron convocados esta ma\u00f1ana alrededor de las 11:2o por un incendio de estructura registrado en la Alem al 230 de nuestra ciudad. Durante varios minutos los servidores p\u00fablicos trabajaron para la extinci\u00f3n del foco \u00edgneo declarado en un galp\u00f3n afectandp a varios elementos almacenados en el lugar y preocup\u00f3 a [&hellip;]<\/p>\n","protected":false},"author":5,"featured_media":78465,"comment_status":"closed","ping_status":"closed","sticky":false,"template":"","format":"standard","meta":{"footnotes":""},"categories":[51,52],"tags":[],"class_list":["post-78463","post","type-post","status-publish","format-standard","has-post-thumbnail","hentry","category-comunidad","category-destacadas"],"yoast_head":"<!-- This site is optimized with the Yoast SEO plugin v19.7.1 - https:\/\/yoast.com\/wordpress\/plugins\/seo\/ -->\n<title>Los bomberos de Tornquist fueron convocados por un incendio de estructura (VIDEO) - CELTTV<\/title>\n<meta name=\"description\" content=\"Sitio web de noticias de la localidad de Tornquist, provincia de Buenos Aires, Rep\u00fablica Argentina. Contenido propio originado por periodistas de CELTTV, el canal de TV local de la Cooperativa El\u00e9ctrica de Tornquist. Turismo, Pol\u00edtica, Sociedad, Deporte, Cultura y todo el contenido de inter\u00e9s general que la gente del pueblo y la regi\u00f3n debe conocer.\" \/>\n<meta name=\"robots\" content=\"index, follow, max-snippet:-1, max-image-preview:large, max-video-preview:-1\" \/>\n<link rel=\"canonical\" href=\"https:\/\/www.celttv.com.ar\/index.php\/2023\/08\/23\/los-bomberos-de-tornquist-fueron-convocados-por-un-incendio-de-estructura\/\" \/>\n<meta property=\"og:locale\" content=\"es_ES\" \/>\n<meta property=\"og:type\" content=\"article\" \/>\n<meta property=\"og:title\" content=\"Los bomberos de Tornquist fueron convocados por un incendio de estructura (VIDEO) - CELTTV\" \/>\n<meta property=\"og:description\" content=\"Sitio web de noticias de la localidad de Tornquist, provincia de Buenos Aires, Rep\u00fablica Argentina. Contenido propio originado por periodistas de CELTTV, el canal de TV local de la Cooperativa El\u00e9ctrica de Tornquist. Turismo, Pol\u00edtica, Sociedad, Deporte, Cultura y todo el contenido de inter\u00e9s general que la gente del pueblo y la regi\u00f3n debe conocer.\" \/>\n<meta property=\"og:url\" content=\"https:\/\/www.celttv.com.ar\/index.php\/2023\/08\/23\/los-bomberos-de-tornquist-fueron-convocados-por-un-incendio-de-estructura\/\" \/>\n<meta property=\"og:site_name\" content=\"CELTTV\" \/>\n<meta property=\"article:publisher\" content=\"https:\/\/www.facebook.com\/celtTV\/\" \/>\n<meta property=\"article:published_time\" content=\"2023-08-23T17:52:18+00:00\" \/>\n<meta property=\"article:modified_time\" content=\"2023-08-23T17:52:39+00:00\" \/>\n<meta property=\"og:image\" content=\"https:\/\/www.celttv.com.ar\/wp-content\/uploads\/2023\/08\/IMG_0958-Medium.jpg\" \/>\n\t<meta property=\"og:image:width\" content=\"1152\" \/>\n\t<meta property=\"og:image:height\" content=\"768\" \/>\n\t<meta property=\"og:image:type\" content=\"image\/jpeg\" \/>\n<meta name=\"author\" content=\"Miguel Herrada\" \/>\n<meta name=\"twitter:card\" content=\"summary_large_image\" \/>\n<meta name=\"twitter:label1\" content=\"Escrito por\" \/>\n\t<meta name=\"twitter:data1\" content=\"Miguel Herrada\" \/>\n\t<meta name=\"twitter:label2\" content=\"Tiempo de lectura\" \/>\n\t<meta name=\"twitter:data2\" content=\"1 minuto\" \/>\n<script type=\"application\/ld+json\" class=\"yoast-schema-graph\">{\"@context\":\"https:\/\/schema.org\",\"@graph\":[{\"@type\":\"NewsArticle\",\"@id\":\"https:\/\/www.celttv.com.ar\/index.php\/2023\/08\/23\/los-bomberos-de-tornquist-fueron-convocados-por-un-incendio-de-estructura\/#article\",\"isPartOf\":{\"@id\":\"https:\/\/www.celttv.com.ar\/index.php\/2023\/08\/23\/los-bomberos-de-tornquist-fueron-convocados-por-un-incendio-de-estructura\/\"},\"author\":{\"name\":\"Miguel Herrada\",\"@id\":\"https:\/\/www.celttv.com.ar\/#\/schema\/person\/9059dc91dc7204ef4182cdb65225f07d\"},\"headline\":\"Los bomberos de Tornquist fueron convocados por un incendio de estructura (VIDEO)\",\"datePublished\":\"2023-08-23T17:52:18+00:00\",\"dateModified\":\"2023-08-23T17:52:39+00:00\",\"mainEntityOfPage\":{\"@id\":\"https:\/\/www.celttv.com.ar\/index.php\/2023\/08\/23\/los-bomberos-de-tornquist-fueron-convocados-por-un-incendio-de-estructura\/\"},\"wordCount\":130,\"publisher\":{\"@id\":\"https:\/\/www.celttv.com.ar\/#organization\"},\"articleSection\":[\"Comunidad\",\"Destacadas\"],\"inLanguage\":\"es\"},{\"@type\":\"WebPage\",\"@id\":\"https:\/\/www.celttv.com.ar\/index.php\/2023\/08\/23\/los-bomberos-de-tornquist-fueron-convocados-por-un-incendio-de-estructura\/\",\"url\":\"https:\/\/www.celttv.com.ar\/index.php\/2023\/08\/23\/los-bomberos-de-tornquist-fueron-convocados-por-un-incendio-de-estructura\/\",\"name\":\"Los bomberos de Tornquist fueron convocados por un incendio de estructura (VIDEO) - CELTTV\",\"isPartOf\":{\"@id\":\"https:\/\/www.celttv.com.ar\/#website\"},\"datePublished\":\"2023-08-23T17:52:18+00:00\",\"dateModified\":\"2023-08-23T17:52:39+00:00\",\"description\":\"Sitio web de noticias de la localidad de Tornquist, provincia de Buenos Aires, Rep\u00fablica Argentina. Contenido propio originado por periodistas de CELTTV, el canal de TV local de la Cooperativa El\u00e9ctrica de Tornquist. Turismo, Pol\u00edtica, Sociedad, Deporte, Cultura y todo el contenido de inter\u00e9s general que la gente del pueblo y la regi\u00f3n debe conocer.\",\"breadcrumb\":{\"@id\":\"https:\/\/www.celttv.com.ar\/index.php\/2023\/08\/23\/los-bomberos-de-tornquist-fueron-convocados-por-un-incendio-de-estructura\/#breadcrumb\"},\"inLanguage\":\"es\",\"potentialAction\":[{\"@type\":\"ReadAction\",\"target\":[\"https:\/\/www.celttv.com.ar\/index.php\/2023\/08\/23\/los-bomberos-de-tornquist-fueron-convocados-por-un-incendio-de-estructura\/\"]}]},{\"@type\":\"BreadcrumbList\",\"@id\":\"https:\/\/www.celttv.com.ar\/index.php\/2023\/08\/23\/los-bomberos-de-tornquist-fueron-convocados-por-un-incendio-de-estructura\/#breadcrumb\",\"itemListElement\":[{\"@type\":\"ListItem\",\"position\":1,\"name\":\"Inicio\",\"item\":\"https:\/\/www.celttv.com.ar\/\"},{\"@type\":\"ListItem\",\"position\":2,\"name\":\"Los bomberos de Tornquist fueron convocados por un incendio de estructura (VIDEO)\"}]},{\"@type\":\"WebSite\",\"@id\":\"https:\/\/www.celttv.com.ar\/#website\",\"url\":\"https:\/\/www.celttv.com.ar\/\",\"name\":\"CELTTV\",\"description\":\"Cooperativa El\u00e9ctrica de Tornquist\",\"publisher\":{\"@id\":\"https:\/\/www.celttv.com.ar\/#organization\"},\"potentialAction\":[{\"@type\":\"SearchAction\",\"target\":{\"@type\":\"EntryPoint\",\"urlTemplate\":\"https:\/\/www.celttv.com.ar\/?s={search_term_string}\"},\"query-input\":\"required name=search_term_string\"}],\"inLanguage\":\"es\"},{\"@type\":\"Organization\",\"@id\":\"https:\/\/www.celttv.com.ar\/#organization\",\"name\":\"CELTTV\",\"url\":\"https:\/\/www.celttv.com.ar\/\",\"sameAs\":[\"https:\/\/www.youtube.com\/channel\/UCz_oIt8Hig64Ub-EmcNPIhg\",\"https:\/\/www.facebook.com\/celtTV\/\"],\"logo\":{\"@type\":\"ImageObject\",\"inLanguage\":\"es\",\"@id\":\"https:\/\/www.celttv.com.ar\/#\/schema\/logo\/image\/\",\"url\":\"http:\/\/www.celttv.com.ar\/wp-content\/uploads\/2022\/08\/logo-1.png\",\"contentUrl\":\"http:\/\/www.celttv.com.ar\/wp-content\/uploads\/2022\/08\/logo-1.png\",\"width\":461,\"height\":159,\"caption\":\"CELTTV\"},\"image\":{\"@id\":\"https:\/\/www.celttv.com.ar\/#\/schema\/logo\/image\/\"}},{\"@type\":\"Person\",\"@id\":\"https:\/\/www.celttv.com.ar\/#\/schema\/person\/9059dc91dc7204ef4182cdb65225f07d\",\"name\":\"Miguel Herrada\",\"image\":{\"@type\":\"ImageObject\",\"inLanguage\":\"es\",\"@id\":\"https:\/\/www.celttv.com.ar\/#\/schema\/person\/image\/\",\"url\":\"https:\/\/secure.gravatar.com\/avatar\/67724d5b3c716623ffd76bec7e45841a442ac3b456e914dbba90b0fad2b8e0b1?s=96&d=mm&r=g\",\"contentUrl\":\"https:\/\/secure.gravatar.com\/avatar\/67724d5b3c716623ffd76bec7e45841a442ac3b456e914dbba90b0fad2b8e0b1?s=96&d=mm&r=g\",\"caption\":\"Miguel Herrada\"}}]}<\/script>\n<!-- \/ Yoast SEO plugin. -->","yoast_head_json":{"title":"Los bomberos de Tornquist fueron convocados por un incendio de estructura (VIDEO) - CELTTV","description":"Sitio web de noticias de la localidad de Tornquist, provincia de Buenos Aires, Rep\u00fablica Argentina. Contenido propio originado por periodistas de CELTTV, el canal de TV local de la Cooperativa El\u00e9ctrica de Tornquist. Turismo, Pol\u00edtica, Sociedad, Deporte, Cultura y todo el contenido de inter\u00e9s general que la gente del pueblo y la regi\u00f3n debe conocer.","robots":{"index":"index","follow":"follow","max-snippet":"max-snippet:-1","max-image-preview":"max-image-preview:large","max-video-preview":"max-video-preview:-1"},"canonical":"https:\/\/www.celttv.com.ar\/index.php\/2023\/08\/23\/los-bomberos-de-tornquist-fueron-convocados-por-un-incendio-de-estructura\/","og_locale":"es_ES","og_type":"article","og_title":"Los bomberos de Tornquist fueron convocados por un incendio de estructura (VIDEO) - CELTTV","og_description":"Sitio web de noticias de la localidad de Tornquist, provincia de Buenos Aires, Rep\u00fablica Argentina. Contenido propio originado por periodistas de CELTTV, el canal de TV local de la Cooperativa El\u00e9ctrica de Tornquist. Turismo, Pol\u00edtica, Sociedad, Deporte, Cultura y todo el contenido de inter\u00e9s general que la gente del pueblo y la regi\u00f3n debe conocer.","og_url":"https:\/\/www.celttv.com.ar\/index.php\/2023\/08\/23\/los-bomberos-de-tornquist-fueron-convocados-por-un-incendio-de-estructura\/","og_site_name":"CELTTV","article_publisher":"https:\/\/www.facebook.com\/celtTV\/","article_published_time":"2023-08-23T17:52:18+00:00","article_modified_time":"2023-08-23T17:52:39+00:00","og_image":[{"width":1152,"height":768,"url":"https:\/\/www.celttv.com.ar\/wp-content\/uploads\/2023\/08\/IMG_0958-Medium.jpg","type":"image\/jpeg"}],"author":"Miguel Herrada","twitter_card":"summary_large_image","twitter_misc":{"Escrito por":"Miguel Herrada","Tiempo de lectura":"1 minuto"},"schema":{"@context":"https:\/\/schema.org","@graph":[{"@type":"NewsArticle","@id":"https:\/\/www.celttv.com.ar\/index.php\/2023\/08\/23\/los-bomberos-de-tornquist-fueron-convocados-por-un-incendio-de-estructura\/#article","isPartOf":{"@id":"https:\/\/www.celttv.com.ar\/index.php\/2023\/08\/23\/los-bomberos-de-tornquist-fueron-convocados-por-un-incendio-de-estructura\/"},"author":{"name":"Miguel Herrada","@id":"https:\/\/www.celttv.com.ar\/#\/schema\/person\/9059dc91dc7204ef4182cdb65225f07d"},"headline":"Los bomberos de Tornquist fueron convocados por un incendio de estructura (VIDEO)","datePublished":"2023-08-23T17:52:18+00:00","dateModified":"2023-08-23T17:52:39+00:00","mainEntityOfPage":{"@id":"https:\/\/www.celttv.com.ar\/index.php\/2023\/08\/23\/los-bomberos-de-tornquist-fueron-convocados-por-un-incendio-de-estructura\/"},"wordCount":130,"publisher":{"@id":"https:\/\/www.celttv.com.ar\/#organization"},"articleSection":["Comunidad","Destacadas"],"inLanguage":"es"},{"@type":"WebPage","@id":"https:\/\/www.celttv.com.ar\/index.php\/2023\/08\/23\/los-bomberos-de-tornquist-fueron-convocados-por-un-incendio-de-estructura\/","url":"https:\/\/www.celttv.com.ar\/index.php\/2023\/08\/23\/los-bomberos-de-tornquist-fueron-convocados-por-un-incendio-de-estructura\/","name":"Los bomberos de Tornquist fueron convocados por un incendio de estructura (VIDEO) - CELTTV","isPartOf":{"@id":"https:\/\/www.celttv.com.ar\/#website"},"datePublished":"2023-08-23T17:52:18+00:00","dateModified":"2023-08-23T17:52:39+00:00","description":"Sitio web de noticias de la localidad de Tornquist, provincia de Buenos Aires, Rep\u00fablica Argentina. Contenido propio originado por periodistas de CELTTV, el canal de TV local de la Cooperativa El\u00e9ctrica de Tornquist. Turismo, Pol\u00edtica, Sociedad, Deporte, Cultura y todo el contenido de inter\u00e9s general que la gente del pueblo y la regi\u00f3n debe conocer.","breadcrumb":{"@id":"https:\/\/www.celttv.com.ar\/index.php\/2023\/08\/23\/los-bomberos-de-tornquist-fueron-convocados-por-un-incendio-de-estructura\/#breadcrumb"},"inLanguage":"es","potentialAction":[{"@type":"ReadAction","target":["https:\/\/www.celttv.com.ar\/index.php\/2023\/08\/23\/los-bomberos-de-tornquist-fueron-convocados-por-un-incendio-de-estructura\/"]}]},{"@type":"BreadcrumbList","@id":"https:\/\/www.celttv.com.ar\/index.php\/2023\/08\/23\/los-bomberos-de-tornquist-fueron-convocados-por-un-incendio-de-estructura\/#breadcrumb","itemListElement":[{"@type":"ListItem","position":1,"name":"Inicio","item":"https:\/\/www.celttv.com.ar\/"},{"@type":"ListItem","position":2,"name":"Los bomberos de Tornquist fueron convocados por un incendio de estructura (VIDEO)"}]},{"@type":"WebSite","@id":"https:\/\/www.celttv.com.ar\/#website","url":"https:\/\/www.celttv.com.ar\/","name":"CELTTV","description":"Cooperativa El\u00e9ctrica de Tornquist","publisher":{"@id":"https:\/\/www.celttv.com.ar\/#organization"},"potentialAction":[{"@type":"SearchAction","target":{"@type":"EntryPoint","urlTemplate":"https:\/\/www.celttv.com.ar\/?s={search_term_string}"},"query-input":"required name=search_term_string"}],"inLanguage":"es"},{"@type":"Organization","@id":"https:\/\/www.celttv.com.ar\/#organization","name":"CELTTV","url":"https:\/\/www.celttv.com.ar\/","sameAs":["https:\/\/www.youtube.com\/channel\/UCz_oIt8Hig64Ub-EmcNPIhg","https:\/\/www.facebook.com\/celtTV\/"],"logo":{"@type":"ImageObject","inLanguage":"es","@id":"https:\/\/www.celttv.com.ar\/#\/schema\/logo\/image\/","url":"http:\/\/www.celttv.com.ar\/wp-content\/uploads\/2022\/08\/logo-1.png","contentUrl":"http:\/\/www.celttv.com.ar\/wp-content\/uploads\/2022\/08\/logo-1.png","width":461,"height":159,"caption":"CELTTV"},"image":{"@id":"https:\/\/www.celttv.com.ar\/#\/schema\/logo\/image\/"}},{"@type":"Person","@id":"https:\/\/www.celttv.com.ar\/#\/schema\/person\/9059dc91dc7204ef4182cdb65225f07d","name":"Miguel Herrada","image":{"@type":"ImageObject","inLanguage":"es","@id":"https:\/\/www.celttv.com.ar\/#\/schema\/person\/image\/","url":"https:\/\/secure.gravatar.com\/avatar\/67724d5b3c716623ffd76bec7e45841a442ac3b456e914dbba90b0fad2b8e0b1?s=96&d=mm&r=g","contentUrl":"https:\/\/secure.gravatar.com\/avatar\/67724d5b3c716623ffd76bec7e45841a442ac3b456e914dbba90b0fad2b8e0b1?s=96&d=mm&r=g","caption":"Miguel Herrada"}}]}},"_links":{"self":[{"href":"https:\/\/www.celttv.com.ar\/index.php\/wp-json\/wp\/v2\/posts\/78463","targetHints":{"allow":["GET"]}}],"collection":[{"href":"https:\/\/www.celttv.com.ar\/index.php\/wp-json\/wp\/v2\/posts"}],"about":[{"href":"https:\/\/www.celttv.com.ar\/index.php\/wp-json\/wp\/v2\/types\/post"}],"author":[{"embeddable":true,"href":"https:\/\/www.celttv.com.ar\/index.php\/wp-json\/wp\/v2\/users\/5"}],"replies":[{"embeddable":true,"href":"https:\/\/www.celttv.com.ar\/index.php\/wp-json\/wp\/v2\/comments?post=78463"}],"version-history":[{"count":2,"href":"https:\/\/www.celttv.com.ar\/index.php\/wp-json\/wp\/v2\/posts\/78463\/revisions"}],"predecessor-version":[{"id":78468,"href":"https:\/\/www.celttv.com.ar\/index.php\/wp-json\/wp\/v2\/posts\/78463\/revisions\/78468"}],"wp:featuredmedia":[{"embeddable":true,"href":"https:\/\/www.celttv.com.ar\/index.php\/wp-json\/wp\/v2\/media\/78465"}],"wp:attachment":[{"href":"https:\/\/www.celttv.com.ar\/index.php\/wp-json\/wp\/v2\/media?parent=78463"}],"wp:term":[{"taxonomy":"category","embeddable":true,"href":"https:\/\/www.celttv.com.ar\/index.php\/wp-json\/wp\/v2\/categories?post=78463"},{"taxonomy":"post_tag","embeddable":true,"href":"https:\/\/www.celttv.com.ar\/index.php\/wp-json\/wp\/v2\/tags?post=78463"}],"curies":[{"name":"wp","href":"https:\/\/api.w.org\/{rel}","templated":true}]}}