{"id":79088,"date":"2023-09-16T12:54:47","date_gmt":"2023-09-16T15:54:47","guid":{"rendered":"http:\/\/www.celttv.com.ar\/?p=79088"},"modified":"2023-09-16T15:16:20","modified_gmt":"2023-09-16T18:16:20","slug":"micro-midget-valen-chuliver-es-el-campeon-del-invernal-2023","status":"publish","type":"post","link":"https:\/\/www.celttv.com.ar\/index.php\/2023\/09\/16\/micro-midget-valen-chuliver-es-el-campeon-del-invernal-2023\/","title":{"rendered":"Micro Midget: Valen Chuliver es el campe\u00f3n del Invernal 2023"},"content":{"rendered":"<div class=\"xdj266r x11i5rnm xat24cr x1mh8g0r x1vvkbs x126k92a\">\n<div dir=\"auto\">Con un gran trabajo en cada una de las fechas del campeonato invernal de Micro Midget, Valen Chuliver se di\u00f3 el gusto de llegar puntero a la \u00faltima competencia y coronarse campe\u00f3n de la categor\u00eda.<\/div>\n<div dir=\"auto\"><\/div>\n<div dir=\"auto\">En la sexta y \u00f9ltima fecha, valen consigui\u00f3 el 3\u00aa puesto en la segunda serie y el 10\u00ba en la final.<\/div>\n<div dir=\"auto\"><\/div>\n<div dir=\"auto\">El &#8220;peque\u00f1o gigante&#8221; de Tornquist se hizo fuerte a lo largo del campeonato, supo sobrellevar las dificultades que genera cualquier competencia en la que se busca ser protagonista y tambi\u00e9n al golpe an\u00edmico que recibi\u00f3 Valen con la p\u00e9rdida de su abuelo, quien siempre lo acompa\u00f1\u00f3 en \u00e9sta aventura del micromidget.<\/div>\n<div dir=\"auto\"><img loading=\"lazy\" decoding=\"async\" class=\"alignnone wp-image-79090 size-large\" src=\"http:\/\/www.celttv.com.ar\/wp-content\/uploads\/2023\/09\/WhatsApp-Image-2023-09-16-at-12.48.08-1024x768.jpeg\" alt=\"\" width=\"1024\" height=\"768\" srcset=\"https:\/\/www.celttv.com.ar\/wp-content\/uploads\/2023\/09\/WhatsApp-Image-2023-09-16-at-12.48.08-1024x768.jpeg 1024w, https:\/\/www.celttv.com.ar\/wp-content\/uploads\/2023\/09\/WhatsApp-Image-2023-09-16-at-12.48.08-300x225.jpeg 300w, https:\/\/www.celttv.com.ar\/wp-content\/uploads\/2023\/09\/WhatsApp-Image-2023-09-16-at-12.48.08-768x576.jpeg 768w, https:\/\/www.celttv.com.ar\/wp-content\/uploads\/2023\/09\/WhatsApp-Image-2023-09-16-at-12.48.08-750x563.jpeg 750w, https:\/\/www.celttv.com.ar\/wp-content\/uploads\/2023\/09\/WhatsApp-Image-2023-09-16-at-12.48.08-1140x855.jpeg 1140w, https:\/\/www.celttv.com.ar\/wp-content\/uploads\/2023\/09\/WhatsApp-Image-2023-09-16-at-12.48.08.jpeg 1280w\" sizes=\"auto, (max-width: 1024px) 100vw, 1024px\" \/><\/div>\n<div dir=\"auto\">Valen se concentr\u00f3 en lo que ten\u00eda que hacer y lo hizo. Despu\u00e9s de cruzar la meta recibi\u00f3 la gran noticia que era campe\u00f3n. Cumpli\u00f3 su tan anhelado sue\u00f1o y all\u00ed fue, donde el piloto de Tornquist, sentado en la butaca de su auto, se permiti\u00f3 soltar todo lo que le pasaba por dentro de su cabeza y su coraz\u00f3n, el llanto de un chico que ya conoce el valor del esfuerzo (junto al acompa\u00f1amiento incondicional de su familia) para lograr alcanzar su objetivo&#8230;ser campe\u00f3n.<\/div>\n<div dir=\"auto\"><img loading=\"lazy\" decoding=\"async\" class=\"alignnone wp-image-79089 size-full\" src=\"http:\/\/www.celttv.com.ar\/wp-content\/uploads\/2023\/09\/377698185_18313142926102208_3776177324459739864_n.jpg\" alt=\"\" width=\"512\" height=\"640\" srcset=\"https:\/\/www.celttv.com.ar\/wp-content\/uploads\/2023\/09\/377698185_18313142926102208_3776177324459739864_n.jpg 512w, https:\/\/www.celttv.com.ar\/wp-content\/uploads\/2023\/09\/377698185_18313142926102208_3776177324459739864_n-240x300.jpg 240w\" sizes=\"auto, (max-width: 512px) 100vw, 512px\" \/><\/div>\n<div dir=\"auto\"><img loading=\"lazy\" decoding=\"async\" class=\"alignnone wp-image-79091 size-large\" src=\"http:\/\/www.celttv.com.ar\/wp-content\/uploads\/2023\/09\/WhatsApp-Image-2023-09-16-at-12.48.09-768x1024.jpeg\" alt=\"\" width=\"768\" height=\"1024\" srcset=\"https:\/\/www.celttv.com.ar\/wp-content\/uploads\/2023\/09\/WhatsApp-Image-2023-09-16-at-12.48.09-768x1024.jpeg 768w, https:\/\/www.celttv.com.ar\/wp-content\/uploads\/2023\/09\/WhatsApp-Image-2023-09-16-at-12.48.09-225x300.jpeg 225w, https:\/\/www.celttv.com.ar\/wp-content\/uploads\/2023\/09\/WhatsApp-Image-2023-09-16-at-12.48.09-750x1000.jpeg 750w, https:\/\/www.celttv.com.ar\/wp-content\/uploads\/2023\/09\/WhatsApp-Image-2023-09-16-at-12.48.09.jpeg 960w\" sizes=\"auto, (max-width: 768px) 100vw, 768px\" \/><\/div>\n<div dir=\"auto\">Para la estad\u00edstica, es importante mencionar que la final de la \u00faltima fecha fue ganada por Francisco Fern\u00e1ndez, seguido por Facundo Arellano y Esteban Ravanesi.<\/div>\n<div dir=\"auto\"><\/div>\n<\/div>\n<div dir=\"auto\">Felicitaciones campe\u00f3n!!!<\/div>\n<div dir=\"auto\"><\/div>\n<div dir=\"auto\"><em><strong>Estad\u00edstica de la competencia.<\/strong><\/em><\/div>\n<div dir=\"auto\"><strong>Serie Nro. 01<\/strong><br \/>\n&#8212;&#8212;&#8212;&#8212;&#8212;&#8212;&#8212;&#8212;&#8212;&#8212;&#8212;&#8212;&#8212;&#8212;&#8212;&#8212;&#8212;&#8212;&#8212;&#8212;&#8212;&#8212;&#8212;&#8212;&#8212;&#8212;&#8211;<br \/>\nPos Nro. Nombre Tiempo Rec. T. Final Vtas.<br \/>\n&#8212;&#8212;&#8212;&#8212;&#8212;&#8212;&#8212;&#8212;&#8212;&#8212;&#8212;&#8212;&#8212;&#8212;&#8212;&#8212;&#8212;&#8212;&#8212;&#8212;&#8212;&#8212;&#8212;&#8212;&#8212;&#8212;&#8211;<br \/>\n01 18 FERNANDEZ Francisco 01:57.737\/100 0.00 01:57.737\/100 5<br \/>\n02 12 RAVANESI Esteban 01:57.997\/100 0.00 01:57.997\/100 5<br \/>\n03 14 BAEZA Gael 02:00.138\/100 0.00 02:00.138\/100 5<br \/>\n04 28 PAGLIALUNGA Bruno 02:00.305\/100 0.00 02:00.305\/100 5<br \/>\n05 26 DEL PRADO Ian 02:03.234\/100 0.00 02:03.234\/100 5<br \/>\n06 10 ESPINOSA Benjamin 02:04.326\/100 0.00 02:04.326\/100 5<br \/>\n07 29 ROUAIX Benjamin 02:05.084\/100 0.00 02:05.084\/100 5<br \/>\n08 20 DI ESTEFANO Santino 02:03.235\/100 2.00 02:05.235\/100 5<br \/>\n09 27 GONZALEZ Constantino 02:06.133\/100 0.00 02:06.133\/100 5<br \/>\n10 2 DALMASO Valentino 00:55.465\/100 0.00 00:55.465\/100 2<br \/>\n11 9 GERLING KELLY Leon 00:02.519\/100 0.00 00:02.519\/100 0<br \/>\nPromedio del Ganador: 55.801 Km\/h<br \/>\nNro. 20 + 2.00 1 Puesto + 2&#8243; falsa largada<\/div>\n<div dir=\"auto\"><strong>Serie Nro. 02<\/strong><br \/>\n&#8212;&#8212;&#8212;&#8212;&#8212;&#8212;&#8212;&#8212;&#8212;&#8212;&#8212;&#8212;&#8212;&#8212;&#8212;&#8212;&#8212;&#8212;&#8212;&#8212;&#8212;&#8212;&#8212;&#8212;&#8212;&#8212;&#8211;<br \/>\nPos Nro. Nombre Tiempo Rec. T. Final Vtas.<br \/>\n&#8212;&#8212;&#8212;&#8212;&#8212;&#8212;&#8212;&#8212;&#8212;&#8212;&#8212;&#8212;&#8212;&#8212;&#8212;&#8212;&#8212;&#8212;&#8212;&#8212;&#8212;&#8212;&#8212;&#8212;&#8212;&#8212;&#8211;<br \/>\n01 1 ARELLANO Facundo 01:57.116\/100 0.00 01:57.116\/100 5<br \/>\n02 7 GARCIA Matheo 01:57.434\/100 0.00 01:57.434\/100 5<br \/>\n<strong>03 4 CHULIVER Valentin 01:57.646\/100 0.00 01:57.646\/100 5<\/strong><br \/>\n04 13 DALMASO Mateo 01:58.116\/100 0.00 01:58.116\/100 5<br \/>\n05 6 CARINA Liam 01:58.532\/100 0.00 01:58.532\/100 5<br \/>\n06 5 PRADO Esteban 01:59.734\/100 0.00 01:59.734\/100 5<br \/>\n07 22 CAPUTO Benjamin 02:03.523\/100 0.00 02:03.523\/100 5<br \/>\n08 31 PAGLIALUNGA Constantino 01:43.455\/100 0.00 01:43.455\/100 4<br \/>\n09 19 RIOS Lennyn 00:04.217\/100 0.00 00:04.217\/100 0<br \/>\n10 11 MIGUEZ Zenon 09:99.999\/100 0.00 09:99.999\/100 0<br \/>\n11 25 ZIFFLER Juan Martin 09:99.999\/100 0.00 09:99.999\/100 0<br \/>\nPromedio del Ganador: 56.096 Km\/h<\/div>\n<div dir=\"auto\"><\/div>\n<div dir=\"auto\"><strong>Pre-Final<\/strong><br \/>\n&#8212;&#8212;&#8212;&#8212;&#8212;&#8212;&#8212;&#8212;&#8212;&#8212;&#8212;&#8212;&#8212;&#8212;&#8212;&#8212;&#8212;&#8212;&#8212;&#8212;&#8212;&#8212;&#8212;&#8212;&#8212;&#8212;&#8211;<br \/>\nPos Nro. Nombre Tiempo Rec. T. Final Vtas.<br \/>\n&#8212;&#8212;&#8212;&#8212;&#8212;&#8212;&#8212;&#8212;&#8212;&#8212;&#8212;&#8212;&#8212;&#8212;&#8212;&#8212;&#8212;&#8212;&#8212;&#8212;&#8212;&#8212;&#8212;&#8212;&#8212;&#8212;&#8211;<br \/>\n01 20 DI ESTEFANO Santino 01:55.648\/100 0.00 01:55.648\/100 5<br \/>\n02 29 ROUAIX Benjamin 01:59.021\/100 0.00 01:59.021\/100 5<br \/>\n03 27 GONZALEZ Constantino 01:59.457\/100 0.00 01:59.457\/100 5<br \/>\n04 19 RIOS Lennyn 02:00.405\/100 0.00 02:00.405\/100 5<br \/>\n05 2 DALMASO Valentino 02:01.580\/100 0.00 02:01.580\/100 5<br \/>\n06 25 ZIFFLER Juan Martin 02:09.144\/100 0.00 02:09.144\/100 5<br \/>\n07 9 GERLING KELLY Leon 01:59.708\/100 0.00 01:59.708\/100 4<br \/>\n08 22 CAPUTO Benjamin 01:14.967\/100 0.00 01:14.967\/100 3<br \/>\n09 23 GOMEZ Mia 00:03.902\/100 0.00 00:03.902\/100 0<br \/>\nPromedio del Ganador: 56.809 Km\/h<\/div>\n<div dir=\"auto\"><strong>Final de Ganadores<\/strong><br \/>\n&#8212;&#8212;&#8212;&#8212;&#8212;&#8212;&#8212;&#8212;&#8212;&#8212;&#8212;&#8212;&#8212;&#8212;&#8212;&#8212;&#8212;&#8212;&#8212;&#8212;&#8212;&#8212;&#8212;&#8212;&#8212;&#8212;&#8211;<br \/>\nPos Nro. Nombre Tiempo Rec. T. Final Vtas.<br \/>\n&#8212;&#8212;&#8212;&#8212;&#8212;&#8212;&#8212;&#8212;&#8212;&#8212;&#8212;&#8212;&#8212;&#8212;&#8212;&#8212;&#8212;&#8212;&#8212;&#8212;&#8212;&#8212;&#8212;&#8212;&#8212;&#8212;&#8211;<br \/>\n01 18 FERNANDEZ Francisco 02:13.962\/100 0.00 02:13.962\/100 6<br \/>\n02 1 ARELLANO Facundo 02:14.546\/100 0.00 02:14.546\/100 6<br \/>\n03 12 RAVANESI Esteban 02:15.114\/100 0.00 02:15.114\/100 6<br \/>\n04 14 BAEZA Gael 02:15.582\/100 0.00 02:15.582\/100 6<br \/>\n05 13 DALMASO Mateo 02:17.036\/100 0.00 02:17.036\/100 6<br \/>\n06 28 PAGLIALUNGA Bruno 02:17.153\/100 0.00 02:17.153\/100 6<br \/>\n07 5 PRADO Esteban 02:17.343\/100 0.00 02:17.343\/100 6<br \/>\n08 6 CARINA Liam 02:19.028\/100 0.00 02:19.028\/100 6<br \/>\n09 10 ESPINOSA Benjamin 02:19.600\/100 0.00 02:19.600\/100 6<br \/>\n<strong>10 4 CHULIVER Valentin 02:19.999\/100 0.00 02:19.999\/100 6<\/strong><br \/>\n11 7 GARCIA Matheo 02:20.730\/100 0.00 02:20.730\/100 6<br \/>\n12 26 DEL PRADO Ian 01:17.305\/100 0.00 01:17.305\/100 3<br \/>\nPromedio del Ganador: 58.853 Km\/h<\/div>\n<div dir=\"auto\"><\/div>\n<div dir=\"auto\"><strong>Posiciones en el campeonato cumplidas 6 fechas<\/strong><br \/>\n&#8212;&#8212;&#8212;&#8212;&#8212;&#8212;&#8212;&#8212;&#8212;&#8212;&#8212;&#8212;&#8212;&#8212;&#8212;&#8212;&#8212;&#8212;&#8212;&#8212;&#8212;&#8212;&#8212;&#8212;&#8212;&#8212;&#8211;<br \/>\nPos. Nro. Nombre Anterior Serie Semif. PF Final Total Fin<br \/>\nPref Sem<br \/>\n&#8212;&#8212;&#8212;&#8212;&#8212;&#8212;&#8212;&#8212;&#8212;&#8212;&#8212;&#8212;&#8212;&#8212;&#8212;&#8212;&#8212;&#8212;&#8212;&#8212;&#8212;&#8212;&#8212;&#8212;&#8212;&#8212;&#8211;<br \/>\n<strong>1 4 CHULIVER Valentin 83.50 5.50 0.00 0.00 7.00 96.00 1 (01)<\/strong><br \/>\n2 12 RAVANESI Esteban 68.50 6.00 0.00 0.00 14.00 88.50 1 (01)<br \/>\n3 7 GARCIA Matheo 70.50 6.00 0.00 0.00 6.00 82.50 3 (02)<br \/>\n4 6 CARINA Liam 65.50 4.50 0.00 0.00 9.00 79.00 1 (01)<br \/>\n5 10 ESPINOSA Benjamin 64.50 4.00 0.00 0.00 8.00 76.50 2 (01)<br \/>\n6 18 FERNANDEZ Francisco 48.00 7.00 0.00 0.00 19.00 74.00 1 (01)<br \/>\n7 1 ARELLANO Facundo 47.50 7.00 0.00 0.00 16.00 70.50 1 (01)<br \/>\n8 2 DALMASO Valentino 63.00 0.00 0.00 0.00 0.00 63.00 3 (02)<br \/>\n9 11 MIGUEZ Zenon 61.50 0.00 0.00 0.00 0.00 61.50 1 (01)<br \/>\n10 9 GERLING KELLY Leon 58.00 0.00 0.00 0.00 0.00 58.00 2 (01)<br \/>\n11 14 BAEZA Gael 30.50 5.50 0.00 0.00 13.00 49.00 4 (01)<br \/>\n12 5 PRADO Esteban 30.50 4.00 0.00 0.00 10.00 44.50 4 (01)<br \/>\n13 13 DALMASO Mateo 22.50 5.00 0.00 0.00 12.00 39.50 5 (01)<br \/>\n14 19 RIOS Lennyn 38.50 0.00 0.00 0.00 0.00 38.50 5 (01)<br \/>\n15 28 PAGLIALUNGA Bruno 12.50 5.00 0.00 0.00 11.00 28.50 6 (01)<br \/>\n16 22 CAPUTO Benjamin 24.50 3.50 0.00 0.00 0.00 28.00 10 (01)<br \/>\n17 20 DI ESTEFANO Santino 20.00 3.00 0.00 3.00 0.00 26.00 7 (01)<br \/>\n18 29 ROUAIX Benjamin 20.00 3.50 0.00 1.00 0.00 24.50 10 (01)<br \/>\n19 25 ZIFFLER Juan Martin 20.50 0.00 0.00 0.00 0.00 20.50 9 (01)<br \/>\n20 26 DEL PRADO Ian 14.00 4.50 0.00 0.00 0.00 18.50 12 (01)<br \/>\n21 27 GONZALEZ Constantino 9.50 2.50 0.00 0.00 0.00 12.00<br \/>\n22 23 GOMEZ Mia 10.00 0.00 0.00 0.00 0.00 10.00<br \/>\n23 31 PAGLIALUNGA Constantino 0.00 3.00 0.00 0.00 0.00 3.00<\/div>\n","protected":false},"excerpt":{"rendered":"<p>Con un gran trabajo en cada una de las fechas del campeonato invernal de Micro Midget, Valen Chuliver se di\u00f3 el gusto de llegar puntero a la \u00faltima competencia y coronarse campe\u00f3n de la categor\u00eda. En la sexta y \u00f9ltima fecha, valen consigui\u00f3 el 3\u00aa puesto en la segunda serie y el 10\u00ba en la [&hellip;]<\/p>\n","protected":false},"author":3,"featured_media":79092,"comment_status":"closed","ping_status":"closed","sticky":false,"template":"","format":"standard","meta":{"footnotes":""},"categories":[63],"tags":[],"class_list":["post-79088","post","type-post","status-publish","format-standard","has-post-thumbnail","hentry","category-magazine-sport"],"yoast_head":"<!-- This site is optimized with the Yoast SEO plugin v19.7.1 - https:\/\/yoast.com\/wordpress\/plugins\/seo\/ -->\n<title>Micro Midget: Valen Chuliver es el campe\u00f3n del Invernal 2023 - CELTTV<\/title>\n<meta name=\"description\" content=\"Sitio web de noticias de la localidad de Tornquist, provincia de Buenos Aires, Rep\u00fablica Argentina. Contenido propio originado por periodistas de CELTTV, el canal de TV local de la Cooperativa El\u00e9ctrica de Tornquist. Turismo, Pol\u00edtica, Sociedad, Deporte, Cultura y todo el contenido de inter\u00e9s general que la gente del pueblo y la regi\u00f3n debe conocer.\" \/>\n<meta name=\"robots\" content=\"index, follow, max-snippet:-1, max-image-preview:large, max-video-preview:-1\" \/>\n<link rel=\"canonical\" href=\"https:\/\/www.celttv.com.ar\/index.php\/2023\/09\/16\/micro-midget-valen-chuliver-es-el-campeon-del-invernal-2023\/\" \/>\n<meta property=\"og:locale\" content=\"es_ES\" \/>\n<meta property=\"og:type\" content=\"article\" \/>\n<meta property=\"og:title\" content=\"Micro Midget: Valen Chuliver es el campe\u00f3n del Invernal 2023 - CELTTV\" \/>\n<meta property=\"og:description\" content=\"Sitio web de noticias de la localidad de Tornquist, provincia de Buenos Aires, Rep\u00fablica Argentina. Contenido propio originado por periodistas de CELTTV, el canal de TV local de la Cooperativa El\u00e9ctrica de Tornquist. Turismo, Pol\u00edtica, Sociedad, Deporte, Cultura y todo el contenido de inter\u00e9s general que la gente del pueblo y la regi\u00f3n debe conocer.\" \/>\n<meta property=\"og:url\" content=\"https:\/\/www.celttv.com.ar\/index.php\/2023\/09\/16\/micro-midget-valen-chuliver-es-el-campeon-del-invernal-2023\/\" \/>\n<meta property=\"og:site_name\" content=\"CELTTV\" \/>\n<meta property=\"article:publisher\" content=\"https:\/\/www.facebook.com\/celtTV\/\" \/>\n<meta property=\"article:published_time\" content=\"2023-09-16T15:54:47+00:00\" \/>\n<meta property=\"article:modified_time\" content=\"2023-09-16T18:16:20+00:00\" \/>\n<meta property=\"og:image\" content=\"https:\/\/www.celttv.com.ar\/wp-content\/uploads\/2023\/09\/WhatsApp-Image-2023-09-16-at-12.48.09-1.jpeg\" \/>\n\t<meta property=\"og:image:width\" content=\"941\" \/>\n\t<meta property=\"og:image:height\" content=\"575\" \/>\n\t<meta property=\"og:image:type\" content=\"image\/jpeg\" \/>\n<meta name=\"author\" content=\"Rodrigo Sgammini\" \/>\n<meta name=\"twitter:card\" content=\"summary_large_image\" \/>\n<meta name=\"twitter:label1\" content=\"Escrito por\" \/>\n\t<meta name=\"twitter:data1\" content=\"Rodrigo Sgammini\" \/>\n\t<meta name=\"twitter:label2\" content=\"Tiempo de lectura\" \/>\n\t<meta name=\"twitter:data2\" content=\"2 minutos\" \/>\n<script type=\"application\/ld+json\" class=\"yoast-schema-graph\">{\"@context\":\"https:\/\/schema.org\",\"@graph\":[{\"@type\":\"NewsArticle\",\"@id\":\"https:\/\/www.celttv.com.ar\/index.php\/2023\/09\/16\/micro-midget-valen-chuliver-es-el-campeon-del-invernal-2023\/#article\",\"isPartOf\":{\"@id\":\"https:\/\/www.celttv.com.ar\/index.php\/2023\/09\/16\/micro-midget-valen-chuliver-es-el-campeon-del-invernal-2023\/\"},\"author\":{\"name\":\"Rodrigo Sgammini\",\"@id\":\"https:\/\/www.celttv.com.ar\/#\/schema\/person\/495be51d064edd971d8457f8f64eb172\"},\"headline\":\"Micro Midget: Valen Chuliver es el campe\u00f3n del Invernal 2023\",\"datePublished\":\"2023-09-16T15:54:47+00:00\",\"dateModified\":\"2023-09-16T18:16:20+00:00\",\"mainEntityOfPage\":{\"@id\":\"https:\/\/www.celttv.com.ar\/index.php\/2023\/09\/16\/micro-midget-valen-chuliver-es-el-campeon-del-invernal-2023\/\"},\"wordCount\":485,\"publisher\":{\"@id\":\"https:\/\/www.celttv.com.ar\/#organization\"},\"articleSection\":[\"Magazine Sport\"],\"inLanguage\":\"es\"},{\"@type\":\"WebPage\",\"@id\":\"https:\/\/www.celttv.com.ar\/index.php\/2023\/09\/16\/micro-midget-valen-chuliver-es-el-campeon-del-invernal-2023\/\",\"url\":\"https:\/\/www.celttv.com.ar\/index.php\/2023\/09\/16\/micro-midget-valen-chuliver-es-el-campeon-del-invernal-2023\/\",\"name\":\"Micro Midget: Valen Chuliver es el campe\u00f3n del Invernal 2023 - CELTTV\",\"isPartOf\":{\"@id\":\"https:\/\/www.celttv.com.ar\/#website\"},\"datePublished\":\"2023-09-16T15:54:47+00:00\",\"dateModified\":\"2023-09-16T18:16:20+00:00\",\"description\":\"Sitio web de noticias de la localidad de Tornquist, provincia de Buenos Aires, Rep\u00fablica Argentina. Contenido propio originado por periodistas de CELTTV, el canal de TV local de la Cooperativa El\u00e9ctrica de Tornquist. Turismo, Pol\u00edtica, Sociedad, Deporte, Cultura y todo el contenido de inter\u00e9s general que la gente del pueblo y la regi\u00f3n debe conocer.\",\"breadcrumb\":{\"@id\":\"https:\/\/www.celttv.com.ar\/index.php\/2023\/09\/16\/micro-midget-valen-chuliver-es-el-campeon-del-invernal-2023\/#breadcrumb\"},\"inLanguage\":\"es\",\"potentialAction\":[{\"@type\":\"ReadAction\",\"target\":[\"https:\/\/www.celttv.com.ar\/index.php\/2023\/09\/16\/micro-midget-valen-chuliver-es-el-campeon-del-invernal-2023\/\"]}]},{\"@type\":\"BreadcrumbList\",\"@id\":\"https:\/\/www.celttv.com.ar\/index.php\/2023\/09\/16\/micro-midget-valen-chuliver-es-el-campeon-del-invernal-2023\/#breadcrumb\",\"itemListElement\":[{\"@type\":\"ListItem\",\"position\":1,\"name\":\"Inicio\",\"item\":\"https:\/\/www.celttv.com.ar\/\"},{\"@type\":\"ListItem\",\"position\":2,\"name\":\"Micro Midget: Valen Chuliver es el campe\u00f3n del Invernal 2023\"}]},{\"@type\":\"WebSite\",\"@id\":\"https:\/\/www.celttv.com.ar\/#website\",\"url\":\"https:\/\/www.celttv.com.ar\/\",\"name\":\"CELTTV\",\"description\":\"Cooperativa El\u00e9ctrica de Tornquist\",\"publisher\":{\"@id\":\"https:\/\/www.celttv.com.ar\/#organization\"},\"potentialAction\":[{\"@type\":\"SearchAction\",\"target\":{\"@type\":\"EntryPoint\",\"urlTemplate\":\"https:\/\/www.celttv.com.ar\/?s={search_term_string}\"},\"query-input\":\"required name=search_term_string\"}],\"inLanguage\":\"es\"},{\"@type\":\"Organization\",\"@id\":\"https:\/\/www.celttv.com.ar\/#organization\",\"name\":\"CELTTV\",\"url\":\"https:\/\/www.celttv.com.ar\/\",\"sameAs\":[\"https:\/\/www.youtube.com\/channel\/UCz_oIt8Hig64Ub-EmcNPIhg\",\"https:\/\/www.facebook.com\/celtTV\/\"],\"logo\":{\"@type\":\"ImageObject\",\"inLanguage\":\"es\",\"@id\":\"https:\/\/www.celttv.com.ar\/#\/schema\/logo\/image\/\",\"url\":\"http:\/\/www.celttv.com.ar\/wp-content\/uploads\/2022\/08\/logo-1.png\",\"contentUrl\":\"http:\/\/www.celttv.com.ar\/wp-content\/uploads\/2022\/08\/logo-1.png\",\"width\":461,\"height\":159,\"caption\":\"CELTTV\"},\"image\":{\"@id\":\"https:\/\/www.celttv.com.ar\/#\/schema\/logo\/image\/\"}},{\"@type\":\"Person\",\"@id\":\"https:\/\/www.celttv.com.ar\/#\/schema\/person\/495be51d064edd971d8457f8f64eb172\",\"name\":\"Rodrigo Sgammini\",\"image\":{\"@type\":\"ImageObject\",\"inLanguage\":\"es\",\"@id\":\"https:\/\/www.celttv.com.ar\/#\/schema\/person\/image\/\",\"url\":\"https:\/\/secure.gravatar.com\/avatar\/68f7848d42735e7a9276b47cd6e606327d88f521c51ae39d88888b76902e2987?s=96&d=mm&r=g\",\"contentUrl\":\"https:\/\/secure.gravatar.com\/avatar\/68f7848d42735e7a9276b47cd6e606327d88f521c51ae39d88888b76902e2987?s=96&d=mm&r=g\",\"caption\":\"Rodrigo Sgammini\"}}]}<\/script>\n<!-- \/ Yoast SEO plugin. -->","yoast_head_json":{"title":"Micro Midget: Valen Chuliver es el campe\u00f3n del Invernal 2023 - CELTTV","description":"Sitio web de noticias de la localidad de Tornquist, provincia de Buenos Aires, Rep\u00fablica Argentina. Contenido propio originado por periodistas de CELTTV, el canal de TV local de la Cooperativa El\u00e9ctrica de Tornquist. Turismo, Pol\u00edtica, Sociedad, Deporte, Cultura y todo el contenido de inter\u00e9s general que la gente del pueblo y la regi\u00f3n debe conocer.","robots":{"index":"index","follow":"follow","max-snippet":"max-snippet:-1","max-image-preview":"max-image-preview:large","max-video-preview":"max-video-preview:-1"},"canonical":"https:\/\/www.celttv.com.ar\/index.php\/2023\/09\/16\/micro-midget-valen-chuliver-es-el-campeon-del-invernal-2023\/","og_locale":"es_ES","og_type":"article","og_title":"Micro Midget: Valen Chuliver es el campe\u00f3n del Invernal 2023 - CELTTV","og_description":"Sitio web de noticias de la localidad de Tornquist, provincia de Buenos Aires, Rep\u00fablica Argentina. Contenido propio originado por periodistas de CELTTV, el canal de TV local de la Cooperativa El\u00e9ctrica de Tornquist. Turismo, Pol\u00edtica, Sociedad, Deporte, Cultura y todo el contenido de inter\u00e9s general que la gente del pueblo y la regi\u00f3n debe conocer.","og_url":"https:\/\/www.celttv.com.ar\/index.php\/2023\/09\/16\/micro-midget-valen-chuliver-es-el-campeon-del-invernal-2023\/","og_site_name":"CELTTV","article_publisher":"https:\/\/www.facebook.com\/celtTV\/","article_published_time":"2023-09-16T15:54:47+00:00","article_modified_time":"2023-09-16T18:16:20+00:00","og_image":[{"width":941,"height":575,"url":"https:\/\/www.celttv.com.ar\/wp-content\/uploads\/2023\/09\/WhatsApp-Image-2023-09-16-at-12.48.09-1.jpeg","type":"image\/jpeg"}],"author":"Rodrigo Sgammini","twitter_card":"summary_large_image","twitter_misc":{"Escrito por":"Rodrigo Sgammini","Tiempo de lectura":"2 minutos"},"schema":{"@context":"https:\/\/schema.org","@graph":[{"@type":"NewsArticle","@id":"https:\/\/www.celttv.com.ar\/index.php\/2023\/09\/16\/micro-midget-valen-chuliver-es-el-campeon-del-invernal-2023\/#article","isPartOf":{"@id":"https:\/\/www.celttv.com.ar\/index.php\/2023\/09\/16\/micro-midget-valen-chuliver-es-el-campeon-del-invernal-2023\/"},"author":{"name":"Rodrigo Sgammini","@id":"https:\/\/www.celttv.com.ar\/#\/schema\/person\/495be51d064edd971d8457f8f64eb172"},"headline":"Micro Midget: Valen Chuliver es el campe\u00f3n del Invernal 2023","datePublished":"2023-09-16T15:54:47+00:00","dateModified":"2023-09-16T18:16:20+00:00","mainEntityOfPage":{"@id":"https:\/\/www.celttv.com.ar\/index.php\/2023\/09\/16\/micro-midget-valen-chuliver-es-el-campeon-del-invernal-2023\/"},"wordCount":485,"publisher":{"@id":"https:\/\/www.celttv.com.ar\/#organization"},"articleSection":["Magazine Sport"],"inLanguage":"es"},{"@type":"WebPage","@id":"https:\/\/www.celttv.com.ar\/index.php\/2023\/09\/16\/micro-midget-valen-chuliver-es-el-campeon-del-invernal-2023\/","url":"https:\/\/www.celttv.com.ar\/index.php\/2023\/09\/16\/micro-midget-valen-chuliver-es-el-campeon-del-invernal-2023\/","name":"Micro Midget: Valen Chuliver es el campe\u00f3n del Invernal 2023 - CELTTV","isPartOf":{"@id":"https:\/\/www.celttv.com.ar\/#website"},"datePublished":"2023-09-16T15:54:47+00:00","dateModified":"2023-09-16T18:16:20+00:00","description":"Sitio web de noticias de la localidad de Tornquist, provincia de Buenos Aires, Rep\u00fablica Argentina. Contenido propio originado por periodistas de CELTTV, el canal de TV local de la Cooperativa El\u00e9ctrica de Tornquist. Turismo, Pol\u00edtica, Sociedad, Deporte, Cultura y todo el contenido de inter\u00e9s general que la gente del pueblo y la regi\u00f3n debe conocer.","breadcrumb":{"@id":"https:\/\/www.celttv.com.ar\/index.php\/2023\/09\/16\/micro-midget-valen-chuliver-es-el-campeon-del-invernal-2023\/#breadcrumb"},"inLanguage":"es","potentialAction":[{"@type":"ReadAction","target":["https:\/\/www.celttv.com.ar\/index.php\/2023\/09\/16\/micro-midget-valen-chuliver-es-el-campeon-del-invernal-2023\/"]}]},{"@type":"BreadcrumbList","@id":"https:\/\/www.celttv.com.ar\/index.php\/2023\/09\/16\/micro-midget-valen-chuliver-es-el-campeon-del-invernal-2023\/#breadcrumb","itemListElement":[{"@type":"ListItem","position":1,"name":"Inicio","item":"https:\/\/www.celttv.com.ar\/"},{"@type":"ListItem","position":2,"name":"Micro Midget: Valen Chuliver es el campe\u00f3n del Invernal 2023"}]},{"@type":"WebSite","@id":"https:\/\/www.celttv.com.ar\/#website","url":"https:\/\/www.celttv.com.ar\/","name":"CELTTV","description":"Cooperativa El\u00e9ctrica de Tornquist","publisher":{"@id":"https:\/\/www.celttv.com.ar\/#organization"},"potentialAction":[{"@type":"SearchAction","target":{"@type":"EntryPoint","urlTemplate":"https:\/\/www.celttv.com.ar\/?s={search_term_string}"},"query-input":"required name=search_term_string"}],"inLanguage":"es"},{"@type":"Organization","@id":"https:\/\/www.celttv.com.ar\/#organization","name":"CELTTV","url":"https:\/\/www.celttv.com.ar\/","sameAs":["https:\/\/www.youtube.com\/channel\/UCz_oIt8Hig64Ub-EmcNPIhg","https:\/\/www.facebook.com\/celtTV\/"],"logo":{"@type":"ImageObject","inLanguage":"es","@id":"https:\/\/www.celttv.com.ar\/#\/schema\/logo\/image\/","url":"http:\/\/www.celttv.com.ar\/wp-content\/uploads\/2022\/08\/logo-1.png","contentUrl":"http:\/\/www.celttv.com.ar\/wp-content\/uploads\/2022\/08\/logo-1.png","width":461,"height":159,"caption":"CELTTV"},"image":{"@id":"https:\/\/www.celttv.com.ar\/#\/schema\/logo\/image\/"}},{"@type":"Person","@id":"https:\/\/www.celttv.com.ar\/#\/schema\/person\/495be51d064edd971d8457f8f64eb172","name":"Rodrigo Sgammini","image":{"@type":"ImageObject","inLanguage":"es","@id":"https:\/\/www.celttv.com.ar\/#\/schema\/person\/image\/","url":"https:\/\/secure.gravatar.com\/avatar\/68f7848d42735e7a9276b47cd6e606327d88f521c51ae39d88888b76902e2987?s=96&d=mm&r=g","contentUrl":"https:\/\/secure.gravatar.com\/avatar\/68f7848d42735e7a9276b47cd6e606327d88f521c51ae39d88888b76902e2987?s=96&d=mm&r=g","caption":"Rodrigo Sgammini"}}]}},"_links":{"self":[{"href":"https:\/\/www.celttv.com.ar\/index.php\/wp-json\/wp\/v2\/posts\/79088","targetHints":{"allow":["GET"]}}],"collection":[{"href":"https:\/\/www.celttv.com.ar\/index.php\/wp-json\/wp\/v2\/posts"}],"about":[{"href":"https:\/\/www.celttv.com.ar\/index.php\/wp-json\/wp\/v2\/types\/post"}],"author":[{"embeddable":true,"href":"https:\/\/www.celttv.com.ar\/index.php\/wp-json\/wp\/v2\/users\/3"}],"replies":[{"embeddable":true,"href":"https:\/\/www.celttv.com.ar\/index.php\/wp-json\/wp\/v2\/comments?post=79088"}],"version-history":[{"count":6,"href":"https:\/\/www.celttv.com.ar\/index.php\/wp-json\/wp\/v2\/posts\/79088\/revisions"}],"predecessor-version":[{"id":79098,"href":"https:\/\/www.celttv.com.ar\/index.php\/wp-json\/wp\/v2\/posts\/79088\/revisions\/79098"}],"wp:featuredmedia":[{"embeddable":true,"href":"https:\/\/www.celttv.com.ar\/index.php\/wp-json\/wp\/v2\/media\/79092"}],"wp:attachment":[{"href":"https:\/\/www.celttv.com.ar\/index.php\/wp-json\/wp\/v2\/media?parent=79088"}],"wp:term":[{"taxonomy":"category","embeddable":true,"href":"https:\/\/www.celttv.com.ar\/index.php\/wp-json\/wp\/v2\/categories?post=79088"},{"taxonomy":"post_tag","embeddable":true,"href":"https:\/\/www.celttv.com.ar\/index.php\/wp-json\/wp\/v2\/tags?post=79088"}],"curies":[{"name":"wp","href":"https:\/\/api.w.org\/{rel}","templated":true}]}}