{"id":79171,"date":"2023-09-19T12:21:01","date_gmt":"2023-09-19T15:21:01","guid":{"rendered":"http:\/\/www.celttv.com.ar\/?p=79171"},"modified":"2023-09-19T12:21:01","modified_gmt":"2023-09-19T15:21:01","slug":"decreto-asamblea-de-concejales-y-mayores-contribuyentes-y-sesion-ordinaria-del-hcd","status":"publish","type":"post","link":"https:\/\/www.celttv.com.ar\/index.php\/2023\/09\/19\/decreto-asamblea-de-concejales-y-mayores-contribuyentes-y-sesion-ordinaria-del-hcd\/","title":{"rendered":"Decreto Asamblea de Concejales y Mayores Contribuyentes y Sesi\u00f3n Ordinaria del HCD"},"content":{"rendered":"<p><img loading=\"lazy\" decoding=\"async\" class=\"alignnone wp-image-79172 size-full\" src=\"http:\/\/www.celttv.com.ar\/wp-content\/uploads\/2023\/09\/d1223-convocatoria-asamblea-de-concejales-y-mayores-contribuyentes-1-scaled.jpg\" alt=\"\" width=\"1807\" height=\"2560\" srcset=\"https:\/\/www.celttv.com.ar\/wp-content\/uploads\/2023\/09\/d1223-convocatoria-asamblea-de-concejales-y-mayores-contribuyentes-1-scaled.jpg 1807w, https:\/\/www.celttv.com.ar\/wp-content\/uploads\/2023\/09\/d1223-convocatoria-asamblea-de-concejales-y-mayores-contribuyentes-1-212x300.jpg 212w, https:\/\/www.celttv.com.ar\/wp-content\/uploads\/2023\/09\/d1223-convocatoria-asamblea-de-concejales-y-mayores-contribuyentes-1-723x1024.jpg 723w, https:\/\/www.celttv.com.ar\/wp-content\/uploads\/2023\/09\/d1223-convocatoria-asamblea-de-concejales-y-mayores-contribuyentes-1-768x1088.jpg 768w, https:\/\/www.celttv.com.ar\/wp-content\/uploads\/2023\/09\/d1223-convocatoria-asamblea-de-concejales-y-mayores-contribuyentes-1-1084x1536.jpg 1084w, https:\/\/www.celttv.com.ar\/wp-content\/uploads\/2023\/09\/d1223-convocatoria-asamblea-de-concejales-y-mayores-contribuyentes-1-1446x2048.jpg 1446w, https:\/\/www.celttv.com.ar\/wp-content\/uploads\/2023\/09\/d1223-convocatoria-asamblea-de-concejales-y-mayores-contribuyentes-1-750x1062.jpg 750w, https:\/\/www.celttv.com.ar\/wp-content\/uploads\/2023\/09\/d1223-convocatoria-asamblea-de-concejales-y-mayores-contribuyentes-1-1140x1615.jpg 1140w\" sizes=\"auto, (max-width: 1807px) 100vw, 1807px\" \/><\/p>\n<p><em><strong>Hoy sesiona el HCD.<\/strong><\/em><\/p>\n<div class=\"xdj266r x11i5rnm xat24cr x1mh8g0r x1vvkbs x126k92a\">\n<div dir=\"auto\">SESI\u00d3N ORDINARIA- 19 de septiembre de 2023 <span class=\"x3nfvp2 x1j61x8r x1fcty0u xdj266r xhhsvwb xat24cr xgzva0m xxymvpz xlup9mm x1kky2od\"><img loading=\"lazy\" decoding=\"async\" src=\"https:\/\/static.xx.fbcdn.net\/images\/emoji.php\/v9\/tfd\/1\/16\/1f4c4.png\" alt=\"\ud83d\udcc4\" width=\"16\" height=\"16\" \/><\/span><\/div>\n<div dir=\"auto\"><\/div>\n<div dir=\"auto\">Tornquist, 18 de septiembre de 2023.-<\/div>\n<\/div>\n<div class=\"x11i5rnm xat24cr x1mh8g0r x1vvkbs xtlvy1s x126k92a\">\n<div dir=\"auto\">Orden del D\u00eda<\/div>\n<\/div>\n<div class=\"x11i5rnm xat24cr x1mh8g0r x1vvkbs xtlvy1s x126k92a\">\n<div dir=\"auto\">1.- Aprobaci\u00f3n del Acta N\u00ba 1275\/23.&#8212;&#8212;&#8212;&#8212;&#8212;&#8212;&#8212;&#8212;&#8212;&#8212;&#8212;&#8212;&#8212;&#8212;&#8212;&#8212;&#8212;&#8212;&#8212;&#8212;<\/div>\n<div dir=\"auto\">2.- Uso Banca Concejal N\u00ba 13.&#8212;&#8212;&#8212;&#8212;&#8212;&#8212;&#8212;&#8212;&#8212;&#8212;&#8212;&#8212;&#8212;&#8212;&#8212;&#8212;&#8212;&#8212;&#8212;&#8212;&#8212;&#8212;&#8211;<\/div>\n<div dir=\"auto\"><a class=\"x1i10hfl xjbqb8w x6umtig x1b1mbwd xaqea5y xav7gou x9f619 x1ypdohk xt0psk2 xe8uvvx xdj266r x11i5rnm xat24cr x1mh8g0r xexx8yu x4uap5 x18d9i69 xkhd6sd x16tdsg8 x1hl2dhg xggy1nq x1a2a7pz xt0b8zv x1qq9wsj xo1l8bm\" tabindex=\"0\" role=\"link\" href=\"https:\/\/www.facebook.com\/hashtag\/expte?__eep__=6&amp;__cft__[0]=AZXtW81HzEEUsqwym7ZQ6Ok0vFF4M1qY5gyRclvhWUsGbHc2G2_AW1QkI-3Jzu4YoVP41De4MLTfloS7wC6Cq4I_GVdnS3EDJQ0gBs5vZgJ-HZRYZWdi7tpZWWtZIUpvARN3tnambJwlLJUn1ni9eWQa29lUubBTCCeFmJu1mTsD7EiTkUkEv0h6oScZ8bR6gjE&amp;__tn__=*NK-R\">#Expte<\/a>. N\u00ba 7671\/23: &#8211; N.P. &#8211; Jard\u00edn de Infantes N\u00b0 902 de Saldungaray: Solicita uso Banca Concejal N\u00b0 13.&#8212;&#8212;&#8212;&#8212;&#8212;&#8212;&#8212;&#8212;&#8212;&#8212;&#8212;&#8212;&#8212;&#8212;&#8212;&#8212;&#8212;&#8212;&#8212;&#8212;&#8212;&#8212;&#8212;&#8212;&#8211;<\/div>\n<\/div>\n<div class=\"x11i5rnm xat24cr x1mh8g0r x1vvkbs xtlvy1s x126k92a\">\n<div dir=\"auto\">3.- Comunicaciones Oficiales: &#8212;&#8212;&#8212;&#8212;&#8212;&#8212;&#8212;&#8212;&#8212;&#8212;&#8212;&#8212;&#8212;&#8212;&#8212;&#8212;&#8212;&#8212;&#8212;&#8212;&#8212;&#8212;-<\/div>\n<div dir=\"auto\"><a class=\"x1i10hfl xjbqb8w x6umtig x1b1mbwd xaqea5y xav7gou x9f619 x1ypdohk xt0psk2 xe8uvvx xdj266r x11i5rnm xat24cr x1mh8g0r xexx8yu x4uap5 x18d9i69 xkhd6sd x16tdsg8 x1hl2dhg xggy1nq x1a2a7pz xt0b8zv x1qq9wsj xo1l8bm\" tabindex=\"0\" role=\"link\" href=\"https:\/\/www.facebook.com\/hashtag\/expte?__eep__=6&amp;__cft__[0]=AZXtW81HzEEUsqwym7ZQ6Ok0vFF4M1qY5gyRclvhWUsGbHc2G2_AW1QkI-3Jzu4YoVP41De4MLTfloS7wC6Cq4I_GVdnS3EDJQ0gBs5vZgJ-HZRYZWdi7tpZWWtZIUpvARN3tnambJwlLJUn1ni9eWQa29lUubBTCCeFmJu1mTsD7EiTkUkEv0h6oScZ8bR6gjE&amp;__tn__=*NK-R\">#Expte<\/a>. N\u00ba 4114-037\/22: &#8211; \u00c1rea Regularizaci\u00f3n Dominial Municipal \u2013 Sr. Guillermo Buitrago \u2013 Solicita Escritura de Inter\u00e9s Social.&#8212;&#8212;&#8212;&#8212;&#8212;&#8212;&#8212;&#8212;&#8212;&#8212;&#8212;&#8212;&#8212;&#8212;&#8212;&#8212;-<\/div>\n<div dir=\"auto\"><a class=\"x1i10hfl xjbqb8w x6umtig x1b1mbwd xaqea5y xav7gou x9f619 x1ypdohk xt0psk2 xe8uvvx xdj266r x11i5rnm xat24cr x1mh8g0r xexx8yu x4uap5 x18d9i69 xkhd6sd x16tdsg8 x1hl2dhg xggy1nq x1a2a7pz xt0b8zv x1qq9wsj xo1l8bm\" tabindex=\"0\" role=\"link\" href=\"https:\/\/www.facebook.com\/hashtag\/expte?__eep__=6&amp;__cft__[0]=AZXtW81HzEEUsqwym7ZQ6Ok0vFF4M1qY5gyRclvhWUsGbHc2G2_AW1QkI-3Jzu4YoVP41De4MLTfloS7wC6Cq4I_GVdnS3EDJQ0gBs5vZgJ-HZRYZWdi7tpZWWtZIUpvARN3tnambJwlLJUn1ni9eWQa29lUubBTCCeFmJu1mTsD7EiTkUkEv0h6oScZ8bR6gjE&amp;__tn__=*NK-R\">#Expte<\/a>. N\u00ba 38\/23: &#8211; D.E. \u2013 Incremento Salarial Ejercicio 2023.&#8212;&#8212;&#8212;&#8212;&#8212;&#8212;&#8212;&#8212;&#8212;-<\/div>\n<div dir=\"auto\"><a class=\"x1i10hfl xjbqb8w x6umtig x1b1mbwd xaqea5y xav7gou x9f619 x1ypdohk xt0psk2 xe8uvvx xdj266r x11i5rnm xat24cr x1mh8g0r xexx8yu x4uap5 x18d9i69 xkhd6sd x16tdsg8 x1hl2dhg xggy1nq x1a2a7pz xt0b8zv x1qq9wsj xo1l8bm\" tabindex=\"0\" role=\"link\" href=\"https:\/\/www.facebook.com\/hashtag\/expte?__eep__=6&amp;__cft__[0]=AZXtW81HzEEUsqwym7ZQ6Ok0vFF4M1qY5gyRclvhWUsGbHc2G2_AW1QkI-3Jzu4YoVP41De4MLTfloS7wC6Cq4I_GVdnS3EDJQ0gBs5vZgJ-HZRYZWdi7tpZWWtZIUpvARN3tnambJwlLJUn1ni9eWQa29lUubBTCCeFmJu1mTsD7EiTkUkEv0h6oScZ8bR6gjE&amp;__tn__=*NK-R\">#Expte<\/a>. N\u00ba 270\/23: &#8211; D.E. Convalida la firma del Contrato de Locaci\u00f3n Celebrado e\/el Sr. Jos\u00e9 Segundo Gonz\u00e1lez y la Municipalidad de Tornquist.&#8212;&#8212;&#8212;&#8212;&#8212;&#8212;&#8212;&#8212;<\/div>\n<div dir=\"auto\"><a class=\"x1i10hfl xjbqb8w x6umtig x1b1mbwd xaqea5y xav7gou x9f619 x1ypdohk xt0psk2 xe8uvvx xdj266r x11i5rnm xat24cr x1mh8g0r xexx8yu x4uap5 x18d9i69 xkhd6sd x16tdsg8 x1hl2dhg xggy1nq x1a2a7pz xt0b8zv x1qq9wsj xo1l8bm\" tabindex=\"0\" role=\"link\" href=\"https:\/\/www.facebook.com\/hashtag\/expte?__eep__=6&amp;__cft__[0]=AZXtW81HzEEUsqwym7ZQ6Ok0vFF4M1qY5gyRclvhWUsGbHc2G2_AW1QkI-3Jzu4YoVP41De4MLTfloS7wC6Cq4I_GVdnS3EDJQ0gBs5vZgJ-HZRYZWdi7tpZWWtZIUpvARN3tnambJwlLJUn1ni9eWQa29lUubBTCCeFmJu1mTsD7EiTkUkEv0h6oScZ8bR6gjE&amp;__tn__=*NK-R\">#Expte<\/a>. N\u00ba 300\/23: &#8211; D.E. \u2013 Autoriza la firma del Convenio de Cooperaci\u00f3n entre el Ministerio de Obras P\u00fablicas de la Naci\u00f3n \u2013 Pcia. de Bs. As. (Desarrollo de Peque\u00f1os Nodos Solidarios de Abastecimiento de Alimentos-Despensa) y la Municipalidad de Tornquist.&#8212;&#8212;&#8212;&#8212;&#8212;&#8212;&#8212;&#8212;&#8212;&#8212;&#8212;&#8212;&#8212;&#8212;&#8212;&#8212;&#8212;&#8212;&#8212;&#8212;&#8212;&#8212;&#8212;&#8212;-<\/div>\n<div dir=\"auto\"><a class=\"x1i10hfl xjbqb8w x6umtig x1b1mbwd xaqea5y xav7gou x9f619 x1ypdohk xt0psk2 xe8uvvx xdj266r x11i5rnm xat24cr x1mh8g0r xexx8yu x4uap5 x18d9i69 xkhd6sd x16tdsg8 x1hl2dhg xggy1nq x1a2a7pz xt0b8zv x1qq9wsj xo1l8bm\" tabindex=\"0\" role=\"link\" href=\"https:\/\/www.facebook.com\/hashtag\/expte?__eep__=6&amp;__cft__[0]=AZXtW81HzEEUsqwym7ZQ6Ok0vFF4M1qY5gyRclvhWUsGbHc2G2_AW1QkI-3Jzu4YoVP41De4MLTfloS7wC6Cq4I_GVdnS3EDJQ0gBs5vZgJ-HZRYZWdi7tpZWWtZIUpvARN3tnambJwlLJUn1ni9eWQa29lUubBTCCeFmJu1mTsD7EiTkUkEv0h6oScZ8bR6gjE&amp;__tn__=*NK-R\">#Expte<\/a>. N\u00ba 303\/23: &#8211; D.E. \u2013 Convalida la firma del Convenio Programa Bonaerense II celebrado entre el Instituto de la Vivienda de la Pcia. de Bs. As. y la Municipalidad de Tornquist.&#8212;&#8212;&#8212;&#8212;&#8212;&#8212;&#8212;&#8212;&#8212;&#8212;&#8212;&#8212;&#8212;&#8212;&#8212;&#8212;&#8212;&#8212;&#8212;&#8212;&#8212;&#8212;&#8212;&#8212;-<\/div>\n<div dir=\"auto\"><a class=\"x1i10hfl xjbqb8w x6umtig x1b1mbwd xaqea5y xav7gou x9f619 x1ypdohk xt0psk2 xe8uvvx xdj266r x11i5rnm xat24cr x1mh8g0r xexx8yu x4uap5 x18d9i69 xkhd6sd x16tdsg8 x1hl2dhg xggy1nq x1a2a7pz xt0b8zv x1qq9wsj xo1l8bm\" tabindex=\"0\" role=\"link\" href=\"https:\/\/www.facebook.com\/hashtag\/expte?__eep__=6&amp;__cft__[0]=AZXtW81HzEEUsqwym7ZQ6Ok0vFF4M1qY5gyRclvhWUsGbHc2G2_AW1QkI-3Jzu4YoVP41De4MLTfloS7wC6Cq4I_GVdnS3EDJQ0gBs5vZgJ-HZRYZWdi7tpZWWtZIUpvARN3tnambJwlLJUn1ni9eWQa29lUubBTCCeFmJu1mTsD7EiTkUkEv0h6oScZ8bR6gjE&amp;__tn__=*NK-R\">#Expte<\/a>. N\u00ba 325\/23: &#8211; S.S.: Presenta Proyecto de Ordenanza ref. modificaci\u00f3n Ord. N\u00b0 3115\/29.&#8212;&#8212;&#8212;&#8212;&#8212;&#8212;&#8212;&#8212;&#8212;&#8212;&#8212;&#8212;&#8212;&#8212;&#8212;&#8212;&#8212;&#8212;&#8212;&#8212;&#8212;&#8212;&#8212;&#8212;&#8212;&#8212;&#8212;&#8212;&#8212;&#8212;&#8212;-<\/div>\n<div dir=\"auto\"><a class=\"x1i10hfl xjbqb8w x6umtig x1b1mbwd xaqea5y xav7gou x9f619 x1ypdohk xt0psk2 xe8uvvx xdj266r x11i5rnm xat24cr x1mh8g0r xexx8yu x4uap5 x18d9i69 xkhd6sd x16tdsg8 x1hl2dhg xggy1nq x1a2a7pz xt0b8zv x1qq9wsj xo1l8bm\" tabindex=\"0\" role=\"link\" href=\"https:\/\/www.facebook.com\/hashtag\/expte?__eep__=6&amp;__cft__[0]=AZXtW81HzEEUsqwym7ZQ6Ok0vFF4M1qY5gyRclvhWUsGbHc2G2_AW1QkI-3Jzu4YoVP41De4MLTfloS7wC6Cq4I_GVdnS3EDJQ0gBs5vZgJ-HZRYZWdi7tpZWWtZIUpvARN3tnambJwlLJUn1ni9eWQa29lUubBTCCeFmJu1mTsD7EiTkUkEv0h6oScZ8bR6gjE&amp;__tn__=*NK-R\">#Expte<\/a>. N\u00ba 7673\/23: &#8211; Bloques Juntos, Juntos por el Cambio y Frente de Todos &#8211; Pedido de Informe: Sobre denuncia penal en ref. a automotor secuestrado.&#8212;&#8212;&#8212;-<\/div>\n<\/div>\n<div class=\"x11i5rnm xat24cr x1mh8g0r x1vvkbs xtlvy1s x126k92a\">\n<div dir=\"auto\">4.- Dict\u00e1menes de las Comisiones: &#8212;&#8212;&#8212;&#8212;&#8212;&#8212;&#8212;&#8212;&#8212;&#8212;&#8212;&#8212;&#8212;&#8212;&#8212;&#8212;&#8212;&#8212;&#8212;&#8212;<\/div>\n<div dir=\"auto\"><a class=\"x1i10hfl xjbqb8w x6umtig x1b1mbwd xaqea5y xav7gou x9f619 x1ypdohk xt0psk2 xe8uvvx xdj266r x11i5rnm xat24cr x1mh8g0r xexx8yu x4uap5 x18d9i69 xkhd6sd x16tdsg8 x1hl2dhg xggy1nq x1a2a7pz xt0b8zv x1qq9wsj xo1l8bm\" tabindex=\"0\" role=\"link\" href=\"https:\/\/www.facebook.com\/hashtag\/expte?__eep__=6&amp;__cft__[0]=AZXtW81HzEEUsqwym7ZQ6Ok0vFF4M1qY5gyRclvhWUsGbHc2G2_AW1QkI-3Jzu4YoVP41De4MLTfloS7wC6Cq4I_GVdnS3EDJQ0gBs5vZgJ-HZRYZWdi7tpZWWtZIUpvARN3tnambJwlLJUn1ni9eWQa29lUubBTCCeFmJu1mTsD7EiTkUkEv0h6oScZ8bR6gjE&amp;__tn__=*NK-R\">#Expte<\/a>. N\u00ba 297\/23: &#8211; D.E. \u2013 Autoriza la firma del Contrato de Locaci\u00f3n entre Oscar Juan Irigoyen y Zulema Nora Irigoyen con la Municipalidad de Tornquist.&#8212;&#8212;&#8212;&#8212;&#8211;<\/div>\n<div dir=\"auto\"><a class=\"x1i10hfl xjbqb8w x6umtig x1b1mbwd xaqea5y xav7gou x9f619 x1ypdohk xt0psk2 xe8uvvx xdj266r x11i5rnm xat24cr x1mh8g0r xexx8yu x4uap5 x18d9i69 xkhd6sd x16tdsg8 x1hl2dhg xggy1nq x1a2a7pz xt0b8zv x1qq9wsj xo1l8bm\" tabindex=\"0\" role=\"link\" href=\"https:\/\/www.facebook.com\/hashtag\/expte?__eep__=6&amp;__cft__[0]=AZXtW81HzEEUsqwym7ZQ6Ok0vFF4M1qY5gyRclvhWUsGbHc2G2_AW1QkI-3Jzu4YoVP41De4MLTfloS7wC6Cq4I_GVdnS3EDJQ0gBs5vZgJ-HZRYZWdi7tpZWWtZIUpvARN3tnambJwlLJUn1ni9eWQa29lUubBTCCeFmJu1mTsD7EiTkUkEv0h6oScZ8bR6gjE&amp;__tn__=*NK-R\">#Expte<\/a>. N\u00ba 7406\/22: &#8211; N.P.- Vecinos de Villa Ventana: Informan sobre ocupaci\u00f3n de lotes bald\u00edos que ya tienen due\u00f1os.&#8212;&#8212;&#8212;&#8212;&#8212;&#8212;&#8212;&#8212;&#8212;&#8212;&#8212;&#8212;&#8212;&#8212;&#8212;&#8212;&#8212;&#8212;&#8212;&#8211;<\/div>\n<div dir=\"auto\"><a class=\"x1i10hfl xjbqb8w x6umtig x1b1mbwd xaqea5y xav7gou x9f619 x1ypdohk xt0psk2 xe8uvvx xdj266r x11i5rnm xat24cr x1mh8g0r xexx8yu x4uap5 x18d9i69 xkhd6sd x16tdsg8 x1hl2dhg xggy1nq x1a2a7pz xt0b8zv x1qq9wsj xo1l8bm\" tabindex=\"0\" role=\"link\" href=\"https:\/\/www.facebook.com\/hashtag\/expte?__eep__=6&amp;__cft__[0]=AZXtW81HzEEUsqwym7ZQ6Ok0vFF4M1qY5gyRclvhWUsGbHc2G2_AW1QkI-3Jzu4YoVP41De4MLTfloS7wC6Cq4I_GVdnS3EDJQ0gBs5vZgJ-HZRYZWdi7tpZWWtZIUpvARN3tnambJwlLJUn1ni9eWQa29lUubBTCCeFmJu1mTsD7EiTkUkEv0h6oScZ8bR6gjE&amp;__tn__=*NK-R\">#Expte<\/a>. N\u00ba 7664\/23: &#8211; H.C.D. \u2013 Proyecto de Ordenanza: Ref. Programa Integral para la Gesti\u00f3n, Atenci\u00f3n y Prevenci\u00f3n de la Salud Mental (Adhesi\u00f3n a la Ley Nacional N\u00b0 26657).&#8212;&#8212;&#8212;&#8212;&#8212;&#8212;&#8212;&#8212;&#8212;&#8212;&#8212;&#8212;&#8212;&#8212;&#8212;&#8212;&#8212;&#8212;&#8212;&#8212;&#8212;&#8212;&#8212;&#8212;&#8212;&#8212;&#8212;&#8211;<\/div>\n<div dir=\"auto\"><a class=\"x1i10hfl xjbqb8w x6umtig x1b1mbwd xaqea5y xav7gou x9f619 x1ypdohk xt0psk2 xe8uvvx xdj266r x11i5rnm xat24cr x1mh8g0r xexx8yu x4uap5 x18d9i69 xkhd6sd x16tdsg8 x1hl2dhg xggy1nq x1a2a7pz xt0b8zv x1qq9wsj xo1l8bm\" tabindex=\"0\" role=\"link\" href=\"https:\/\/www.facebook.com\/hashtag\/expte?__eep__=6&amp;__cft__[0]=AZXtW81HzEEUsqwym7ZQ6Ok0vFF4M1qY5gyRclvhWUsGbHc2G2_AW1QkI-3Jzu4YoVP41De4MLTfloS7wC6Cq4I_GVdnS3EDJQ0gBs5vZgJ-HZRYZWdi7tpZWWtZIUpvARN3tnambJwlLJUn1ni9eWQa29lUubBTCCeFmJu1mTsD7EiTkUkEv0h6oScZ8bR6gjE&amp;__tn__=*NK-R\">#Expte<\/a>. N\u00ba 7665\/23: &#8211; N.P. \u2013 Dante Lange: Ref. situaci\u00f3n Transporte P\u00fablico Automotor de Pasajeros Tornquist-Saldungaray prestado por la Empresa V\u00eda 51 Viajes S.A.&#8212;&#8212;&#8212;&#8212;&#8212;&#8212;&#8212;&#8212;&#8212;&#8212;&#8212;&#8212;&#8212;&#8212;&#8212;&#8212;&#8212;&#8212;&#8212;&#8212;&#8212;&#8212;&#8212;&#8212;&#8212;&#8212;&#8212;&#8212;&#8212;&#8212;&#8212;&#8211;<\/div>\n<div dir=\"auto\"><a class=\"x1i10hfl xjbqb8w x6umtig x1b1mbwd xaqea5y xav7gou x9f619 x1ypdohk xt0psk2 xe8uvvx xdj266r x11i5rnm xat24cr x1mh8g0r xexx8yu x4uap5 x18d9i69 xkhd6sd x16tdsg8 x1hl2dhg xggy1nq x1a2a7pz xt0b8zv x1qq9wsj xo1l8bm\" tabindex=\"0\" role=\"link\" href=\"https:\/\/www.facebook.com\/hashtag\/expte?__eep__=6&amp;__cft__[0]=AZXtW81HzEEUsqwym7ZQ6Ok0vFF4M1qY5gyRclvhWUsGbHc2G2_AW1QkI-3Jzu4YoVP41De4MLTfloS7wC6Cq4I_GVdnS3EDJQ0gBs5vZgJ-HZRYZWdi7tpZWWtZIUpvARN3tnambJwlLJUn1ni9eWQa29lUubBTCCeFmJu1mTsD7EiTkUkEv0h6oScZ8bR6gjE&amp;__tn__=*NK-R\">#Expte<\/a>. N\u00ba 7677\/23: &#8211; N.P. \u2013 Colectivo Organizador de la Feria del Libro en Sierra de la Ventana: Solicita se declare de Inter\u00e9s Municipal la \u201cFeria del Libro en Sierra de la Ventana\u201d.&#8212;&#8212;&#8212;&#8212;&#8212;&#8212;&#8212;&#8212;&#8212;&#8212;&#8212;&#8212;&#8212;&#8212;&#8212;&#8212;&#8212;&#8212;&#8212;&#8212;&#8212;&#8212;&#8212;&#8212;&#8212;&#8212;&#8212;&#8212;&#8212;&#8212;<\/div>\n<div dir=\"auto\"><a class=\"x1i10hfl xjbqb8w x6umtig x1b1mbwd xaqea5y xav7gou x9f619 x1ypdohk xt0psk2 xe8uvvx xdj266r x11i5rnm xat24cr x1mh8g0r xexx8yu x4uap5 x18d9i69 xkhd6sd x16tdsg8 x1hl2dhg xggy1nq x1a2a7pz xt0b8zv x1qq9wsj xo1l8bm\" tabindex=\"0\" role=\"link\" href=\"https:\/\/www.facebook.com\/hashtag\/expte?__eep__=6&amp;__cft__[0]=AZXtW81HzEEUsqwym7ZQ6Ok0vFF4M1qY5gyRclvhWUsGbHc2G2_AW1QkI-3Jzu4YoVP41De4MLTfloS7wC6Cq4I_GVdnS3EDJQ0gBs5vZgJ-HZRYZWdi7tpZWWtZIUpvARN3tnambJwlLJUn1ni9eWQa29lUubBTCCeFmJu1mTsD7EiTkUkEv0h6oScZ8bR6gjE&amp;__tn__=*NK-R\">#Expte<\/a>. N\u00ba 7678\/23: &#8211; N.P. \u2013 Atucos y Centro Salamone de Saldungaray: Manifiestan descontento a causa de que se haya pintado el ala derecha de la Delegaci\u00f3n Municipal de Saldungaray Obra del Ing. Arq. Francisco Salamone.&#8212;&#8212;<\/div>\n<div dir=\"auto\"><a class=\"x1i10hfl xjbqb8w x6umtig x1b1mbwd xaqea5y xav7gou x9f619 x1ypdohk xt0psk2 xe8uvvx xdj266r x11i5rnm xat24cr x1mh8g0r xexx8yu x4uap5 x18d9i69 xkhd6sd x16tdsg8 x1hl2dhg xggy1nq x1a2a7pz xt0b8zv x1qq9wsj xo1l8bm\" tabindex=\"0\" role=\"link\" href=\"https:\/\/www.facebook.com\/hashtag\/expte?__eep__=6&amp;__cft__[0]=AZXtW81HzEEUsqwym7ZQ6Ok0vFF4M1qY5gyRclvhWUsGbHc2G2_AW1QkI-3Jzu4YoVP41De4MLTfloS7wC6Cq4I_GVdnS3EDJQ0gBs5vZgJ-HZRYZWdi7tpZWWtZIUpvARN3tnambJwlLJUn1ni9eWQa29lUubBTCCeFmJu1mTsD7EiTkUkEv0h6oScZ8bR6gjE&amp;__tn__=*NK-R\">#Expte<\/a>. N\u00ba 7679\/23: &#8211; N.P. \u2013 Vecinos de Sierra de la Ventana: Usuarios presentan reclamo por el deficiente servicio que presta la l\u00ednea C\u00f3ndor La Estrella con sus unidades de larga distancia que unen Ba. Bca. con Bs. As.&#8212;&#8212;&#8212;&#8212;&#8212;&#8212;&#8212;&#8212;&#8212;&#8212;&#8211;<\/div>\n<\/div>\n<div class=\"x11i5rnm xat24cr x1mh8g0r x1vvkbs xtlvy1s x126k92a\">\n<div dir=\"auto\">5.- Proyectos Presentados.&#8212;&#8212;&#8212;&#8212;&#8212;&#8212;&#8212;&#8212;&#8212;&#8212;&#8212;&#8212;&#8212;&#8212;&#8212;&#8212;&#8212;&#8212;&#8212;&#8212;&#8212;&#8212;&#8212;&#8212;<\/div>\n<div dir=\"auto\">6.- Asuntos Particulares.&#8212;&#8212;&#8212;&#8212;&#8212;&#8212;&#8212;&#8212;&#8212;&#8212;&#8212;&#8212;&#8212;&#8212;&#8212;&#8212;&#8212;&#8212;&#8212;&#8212;&#8212;&#8212;&#8212;&#8212;&#8212;<\/div>\n<\/div>\n<div class=\"x11i5rnm xat24cr x1mh8g0r x1vvkbs xtlvy1s x126k92a\">\n<div dir=\"auto\">D\u00eda de la Sesi\u00f3n: 19 de septiembre de 2023.-<\/div>\n<div dir=\"auto\">Hora de Comienzo: 20:00 Hs.-<\/div>\n<div dir=\"auto\">Sandra Kifer- Presidente H.C.D.<\/div>\n<div dir=\"auto\">Jos\u00e9 M. Castro- Secretario H.C.D.<\/div>\n<\/div>\n","protected":false},"excerpt":{"rendered":"<p>Hoy sesiona el HCD. SESI\u00d3N ORDINARIA- 19 de septiembre de 2023 Tornquist, 18 de septiembre de 2023.- Orden del D\u00eda 1.- Aprobaci\u00f3n del Acta N\u00ba 1275\/23.&#8212;&#8212;&#8212;&#8212;&#8212;&#8212;&#8212;&#8212;&#8212;&#8212;&#8212;&#8212;&#8212;&#8212;&#8212;&#8212;&#8212;&#8212;&#8212;&#8212; 2.- Uso Banca Concejal N\u00ba 13.&#8212;&#8212;&#8212;&#8212;&#8212;&#8212;&#8212;&#8212;&#8212;&#8212;&#8212;&#8212;&#8212;&#8212;&#8212;&#8212;&#8212;&#8212;&#8212;&#8212;&#8212;&#8212;&#8211; #Expte. N\u00ba 7671\/23: &#8211; N.P. &#8211; Jard\u00edn de Infantes N\u00b0 902 de Saldungaray: Solicita uso Banca Concejal N\u00b0 13.&#8212;&#8212;&#8212;&#8212;&#8212;&#8212;&#8212;&#8212;&#8212;&#8212;&#8212;&#8212;&#8212;&#8212;&#8212;&#8212;&#8212;&#8212;&#8212;&#8212;&#8212;&#8212;&#8212;&#8212;&#8211; 3.- Comunicaciones Oficiales: &#8212;&#8212;&#8212;&#8212;&#8212;&#8212;&#8212;&#8212;&#8212;&#8212;&#8212;&#8212;&#8212;&#8212;&#8212;&#8212;&#8212;&#8212;&#8212;&#8212;&#8212;&#8212;- [&hellip;]<\/p>\n","protected":false},"author":3,"featured_media":79173,"comment_status":"closed","ping_status":"closed","sticky":false,"template":"","format":"standard","meta":{"footnotes":""},"categories":[53],"tags":[],"class_list":["post-79171","post","type-post","status-publish","format-standard","has-post-thumbnail","hentry","category-politica"],"yoast_head":"<!-- This site is optimized with the Yoast SEO plugin v19.7.1 - https:\/\/yoast.com\/wordpress\/plugins\/seo\/ -->\n<title>Decreto Asamblea de Concejales y Mayores Contribuyentes y Sesi\u00f3n Ordinaria del HCD - CELTTV<\/title>\n<meta name=\"description\" content=\"Sitio web de noticias de la localidad de Tornquist, provincia de Buenos Aires, Rep\u00fablica Argentina. Contenido propio originado por periodistas de CELTTV, el canal de TV local de la Cooperativa El\u00e9ctrica de Tornquist. Turismo, Pol\u00edtica, Sociedad, Deporte, Cultura y todo el contenido de inter\u00e9s general que la gente del pueblo y la regi\u00f3n debe conocer.\" \/>\n<meta name=\"robots\" content=\"index, follow, max-snippet:-1, max-image-preview:large, max-video-preview:-1\" \/>\n<link rel=\"canonical\" href=\"https:\/\/www.celttv.com.ar\/index.php\/2023\/09\/19\/decreto-asamblea-de-concejales-y-mayores-contribuyentes-y-sesion-ordinaria-del-hcd\/\" \/>\n<meta property=\"og:locale\" content=\"es_ES\" \/>\n<meta property=\"og:type\" content=\"article\" \/>\n<meta property=\"og:title\" content=\"Decreto Asamblea de Concejales y Mayores Contribuyentes y Sesi\u00f3n Ordinaria del HCD - CELTTV\" \/>\n<meta property=\"og:description\" content=\"Sitio web de noticias de la localidad de Tornquist, provincia de Buenos Aires, Rep\u00fablica Argentina. Contenido propio originado por periodistas de CELTTV, el canal de TV local de la Cooperativa El\u00e9ctrica de Tornquist. Turismo, Pol\u00edtica, Sociedad, Deporte, Cultura y todo el contenido de inter\u00e9s general que la gente del pueblo y la regi\u00f3n debe conocer.\" \/>\n<meta property=\"og:url\" content=\"https:\/\/www.celttv.com.ar\/index.php\/2023\/09\/19\/decreto-asamblea-de-concejales-y-mayores-contribuyentes-y-sesion-ordinaria-del-hcd\/\" \/>\n<meta property=\"og:site_name\" content=\"CELTTV\" \/>\n<meta property=\"article:publisher\" content=\"https:\/\/www.facebook.com\/celtTV\/\" \/>\n<meta property=\"article:published_time\" content=\"2023-09-19T15:21:01+00:00\" \/>\n<meta property=\"og:image\" content=\"https:\/\/www.celttv.com.ar\/wp-content\/uploads\/2023\/09\/272977977_510181767444770_2654556856463420293_n.png\" \/>\n\t<meta property=\"og:image:width\" content=\"960\" \/>\n\t<meta property=\"og:image:height\" content=\"541\" \/>\n\t<meta property=\"og:image:type\" content=\"image\/png\" \/>\n<meta name=\"author\" content=\"Rodrigo Sgammini\" \/>\n<meta name=\"twitter:card\" content=\"summary_large_image\" \/>\n<meta name=\"twitter:label1\" content=\"Escrito por\" \/>\n\t<meta name=\"twitter:data1\" content=\"Rodrigo Sgammini\" \/>\n\t<meta name=\"twitter:label2\" content=\"Tiempo de lectura\" \/>\n\t<meta name=\"twitter:data2\" content=\"2 minutos\" \/>\n<script type=\"application\/ld+json\" class=\"yoast-schema-graph\">{\"@context\":\"https:\/\/schema.org\",\"@graph\":[{\"@type\":\"NewsArticle\",\"@id\":\"https:\/\/www.celttv.com.ar\/index.php\/2023\/09\/19\/decreto-asamblea-de-concejales-y-mayores-contribuyentes-y-sesion-ordinaria-del-hcd\/#article\",\"isPartOf\":{\"@id\":\"https:\/\/www.celttv.com.ar\/index.php\/2023\/09\/19\/decreto-asamblea-de-concejales-y-mayores-contribuyentes-y-sesion-ordinaria-del-hcd\/\"},\"author\":{\"name\":\"Rodrigo Sgammini\",\"@id\":\"https:\/\/www.celttv.com.ar\/#\/schema\/person\/495be51d064edd971d8457f8f64eb172\"},\"headline\":\"Decreto Asamblea de Concejales y Mayores Contribuyentes y Sesi\u00f3n Ordinaria del HCD\",\"datePublished\":\"2023-09-19T15:21:01+00:00\",\"dateModified\":\"2023-09-19T15:21:01+00:00\",\"mainEntityOfPage\":{\"@id\":\"https:\/\/www.celttv.com.ar\/index.php\/2023\/09\/19\/decreto-asamblea-de-concejales-y-mayores-contribuyentes-y-sesion-ordinaria-del-hcd\/\"},\"wordCount\":506,\"publisher\":{\"@id\":\"https:\/\/www.celttv.com.ar\/#organization\"},\"articleSection\":[\"Pol\u00edtica\"],\"inLanguage\":\"es\"},{\"@type\":\"WebPage\",\"@id\":\"https:\/\/www.celttv.com.ar\/index.php\/2023\/09\/19\/decreto-asamblea-de-concejales-y-mayores-contribuyentes-y-sesion-ordinaria-del-hcd\/\",\"url\":\"https:\/\/www.celttv.com.ar\/index.php\/2023\/09\/19\/decreto-asamblea-de-concejales-y-mayores-contribuyentes-y-sesion-ordinaria-del-hcd\/\",\"name\":\"Decreto Asamblea de Concejales y Mayores Contribuyentes y Sesi\u00f3n Ordinaria del HCD - CELTTV\",\"isPartOf\":{\"@id\":\"https:\/\/www.celttv.com.ar\/#website\"},\"datePublished\":\"2023-09-19T15:21:01+00:00\",\"dateModified\":\"2023-09-19T15:21:01+00:00\",\"description\":\"Sitio web de noticias de la localidad de Tornquist, provincia de Buenos Aires, Rep\u00fablica Argentina. Contenido propio originado por periodistas de CELTTV, el canal de TV local de la Cooperativa El\u00e9ctrica de Tornquist. Turismo, Pol\u00edtica, Sociedad, Deporte, Cultura y todo el contenido de inter\u00e9s general que la gente del pueblo y la regi\u00f3n debe conocer.\",\"breadcrumb\":{\"@id\":\"https:\/\/www.celttv.com.ar\/index.php\/2023\/09\/19\/decreto-asamblea-de-concejales-y-mayores-contribuyentes-y-sesion-ordinaria-del-hcd\/#breadcrumb\"},\"inLanguage\":\"es\",\"potentialAction\":[{\"@type\":\"ReadAction\",\"target\":[\"https:\/\/www.celttv.com.ar\/index.php\/2023\/09\/19\/decreto-asamblea-de-concejales-y-mayores-contribuyentes-y-sesion-ordinaria-del-hcd\/\"]}]},{\"@type\":\"BreadcrumbList\",\"@id\":\"https:\/\/www.celttv.com.ar\/index.php\/2023\/09\/19\/decreto-asamblea-de-concejales-y-mayores-contribuyentes-y-sesion-ordinaria-del-hcd\/#breadcrumb\",\"itemListElement\":[{\"@type\":\"ListItem\",\"position\":1,\"name\":\"Inicio\",\"item\":\"https:\/\/www.celttv.com.ar\/\"},{\"@type\":\"ListItem\",\"position\":2,\"name\":\"Decreto Asamblea de Concejales y Mayores Contribuyentes y Sesi\u00f3n Ordinaria del HCD\"}]},{\"@type\":\"WebSite\",\"@id\":\"https:\/\/www.celttv.com.ar\/#website\",\"url\":\"https:\/\/www.celttv.com.ar\/\",\"name\":\"CELTTV\",\"description\":\"Cooperativa El\u00e9ctrica de Tornquist\",\"publisher\":{\"@id\":\"https:\/\/www.celttv.com.ar\/#organization\"},\"potentialAction\":[{\"@type\":\"SearchAction\",\"target\":{\"@type\":\"EntryPoint\",\"urlTemplate\":\"https:\/\/www.celttv.com.ar\/?s={search_term_string}\"},\"query-input\":\"required name=search_term_string\"}],\"inLanguage\":\"es\"},{\"@type\":\"Organization\",\"@id\":\"https:\/\/www.celttv.com.ar\/#organization\",\"name\":\"CELTTV\",\"url\":\"https:\/\/www.celttv.com.ar\/\",\"sameAs\":[\"https:\/\/www.youtube.com\/channel\/UCz_oIt8Hig64Ub-EmcNPIhg\",\"https:\/\/www.facebook.com\/celtTV\/\"],\"logo\":{\"@type\":\"ImageObject\",\"inLanguage\":\"es\",\"@id\":\"https:\/\/www.celttv.com.ar\/#\/schema\/logo\/image\/\",\"url\":\"http:\/\/www.celttv.com.ar\/wp-content\/uploads\/2022\/08\/logo-1.png\",\"contentUrl\":\"http:\/\/www.celttv.com.ar\/wp-content\/uploads\/2022\/08\/logo-1.png\",\"width\":461,\"height\":159,\"caption\":\"CELTTV\"},\"image\":{\"@id\":\"https:\/\/www.celttv.com.ar\/#\/schema\/logo\/image\/\"}},{\"@type\":\"Person\",\"@id\":\"https:\/\/www.celttv.com.ar\/#\/schema\/person\/495be51d064edd971d8457f8f64eb172\",\"name\":\"Rodrigo Sgammini\",\"image\":{\"@type\":\"ImageObject\",\"inLanguage\":\"es\",\"@id\":\"https:\/\/www.celttv.com.ar\/#\/schema\/person\/image\/\",\"url\":\"https:\/\/secure.gravatar.com\/avatar\/68f7848d42735e7a9276b47cd6e606327d88f521c51ae39d88888b76902e2987?s=96&d=mm&r=g\",\"contentUrl\":\"https:\/\/secure.gravatar.com\/avatar\/68f7848d42735e7a9276b47cd6e606327d88f521c51ae39d88888b76902e2987?s=96&d=mm&r=g\",\"caption\":\"Rodrigo Sgammini\"}}]}<\/script>\n<!-- \/ Yoast SEO plugin. -->","yoast_head_json":{"title":"Decreto Asamblea de Concejales y Mayores Contribuyentes y Sesi\u00f3n Ordinaria del HCD - CELTTV","description":"Sitio web de noticias de la localidad de Tornquist, provincia de Buenos Aires, Rep\u00fablica Argentina. Contenido propio originado por periodistas de CELTTV, el canal de TV local de la Cooperativa El\u00e9ctrica de Tornquist. Turismo, Pol\u00edtica, Sociedad, Deporte, Cultura y todo el contenido de inter\u00e9s general que la gente del pueblo y la regi\u00f3n debe conocer.","robots":{"index":"index","follow":"follow","max-snippet":"max-snippet:-1","max-image-preview":"max-image-preview:large","max-video-preview":"max-video-preview:-1"},"canonical":"https:\/\/www.celttv.com.ar\/index.php\/2023\/09\/19\/decreto-asamblea-de-concejales-y-mayores-contribuyentes-y-sesion-ordinaria-del-hcd\/","og_locale":"es_ES","og_type":"article","og_title":"Decreto Asamblea de Concejales y Mayores Contribuyentes y Sesi\u00f3n Ordinaria del HCD - CELTTV","og_description":"Sitio web de noticias de la localidad de Tornquist, provincia de Buenos Aires, Rep\u00fablica Argentina. Contenido propio originado por periodistas de CELTTV, el canal de TV local de la Cooperativa El\u00e9ctrica de Tornquist. Turismo, Pol\u00edtica, Sociedad, Deporte, Cultura y todo el contenido de inter\u00e9s general que la gente del pueblo y la regi\u00f3n debe conocer.","og_url":"https:\/\/www.celttv.com.ar\/index.php\/2023\/09\/19\/decreto-asamblea-de-concejales-y-mayores-contribuyentes-y-sesion-ordinaria-del-hcd\/","og_site_name":"CELTTV","article_publisher":"https:\/\/www.facebook.com\/celtTV\/","article_published_time":"2023-09-19T15:21:01+00:00","og_image":[{"width":960,"height":541,"url":"https:\/\/www.celttv.com.ar\/wp-content\/uploads\/2023\/09\/272977977_510181767444770_2654556856463420293_n.png","type":"image\/png"}],"author":"Rodrigo Sgammini","twitter_card":"summary_large_image","twitter_misc":{"Escrito por":"Rodrigo Sgammini","Tiempo de lectura":"2 minutos"},"schema":{"@context":"https:\/\/schema.org","@graph":[{"@type":"NewsArticle","@id":"https:\/\/www.celttv.com.ar\/index.php\/2023\/09\/19\/decreto-asamblea-de-concejales-y-mayores-contribuyentes-y-sesion-ordinaria-del-hcd\/#article","isPartOf":{"@id":"https:\/\/www.celttv.com.ar\/index.php\/2023\/09\/19\/decreto-asamblea-de-concejales-y-mayores-contribuyentes-y-sesion-ordinaria-del-hcd\/"},"author":{"name":"Rodrigo Sgammini","@id":"https:\/\/www.celttv.com.ar\/#\/schema\/person\/495be51d064edd971d8457f8f64eb172"},"headline":"Decreto Asamblea de Concejales y Mayores Contribuyentes y Sesi\u00f3n Ordinaria del HCD","datePublished":"2023-09-19T15:21:01+00:00","dateModified":"2023-09-19T15:21:01+00:00","mainEntityOfPage":{"@id":"https:\/\/www.celttv.com.ar\/index.php\/2023\/09\/19\/decreto-asamblea-de-concejales-y-mayores-contribuyentes-y-sesion-ordinaria-del-hcd\/"},"wordCount":506,"publisher":{"@id":"https:\/\/www.celttv.com.ar\/#organization"},"articleSection":["Pol\u00edtica"],"inLanguage":"es"},{"@type":"WebPage","@id":"https:\/\/www.celttv.com.ar\/index.php\/2023\/09\/19\/decreto-asamblea-de-concejales-y-mayores-contribuyentes-y-sesion-ordinaria-del-hcd\/","url":"https:\/\/www.celttv.com.ar\/index.php\/2023\/09\/19\/decreto-asamblea-de-concejales-y-mayores-contribuyentes-y-sesion-ordinaria-del-hcd\/","name":"Decreto Asamblea de Concejales y Mayores Contribuyentes y Sesi\u00f3n Ordinaria del HCD - CELTTV","isPartOf":{"@id":"https:\/\/www.celttv.com.ar\/#website"},"datePublished":"2023-09-19T15:21:01+00:00","dateModified":"2023-09-19T15:21:01+00:00","description":"Sitio web de noticias de la localidad de Tornquist, provincia de Buenos Aires, Rep\u00fablica Argentina. Contenido propio originado por periodistas de CELTTV, el canal de TV local de la Cooperativa El\u00e9ctrica de Tornquist. Turismo, Pol\u00edtica, Sociedad, Deporte, Cultura y todo el contenido de inter\u00e9s general que la gente del pueblo y la regi\u00f3n debe conocer.","breadcrumb":{"@id":"https:\/\/www.celttv.com.ar\/index.php\/2023\/09\/19\/decreto-asamblea-de-concejales-y-mayores-contribuyentes-y-sesion-ordinaria-del-hcd\/#breadcrumb"},"inLanguage":"es","potentialAction":[{"@type":"ReadAction","target":["https:\/\/www.celttv.com.ar\/index.php\/2023\/09\/19\/decreto-asamblea-de-concejales-y-mayores-contribuyentes-y-sesion-ordinaria-del-hcd\/"]}]},{"@type":"BreadcrumbList","@id":"https:\/\/www.celttv.com.ar\/index.php\/2023\/09\/19\/decreto-asamblea-de-concejales-y-mayores-contribuyentes-y-sesion-ordinaria-del-hcd\/#breadcrumb","itemListElement":[{"@type":"ListItem","position":1,"name":"Inicio","item":"https:\/\/www.celttv.com.ar\/"},{"@type":"ListItem","position":2,"name":"Decreto Asamblea de Concejales y Mayores Contribuyentes y Sesi\u00f3n Ordinaria del HCD"}]},{"@type":"WebSite","@id":"https:\/\/www.celttv.com.ar\/#website","url":"https:\/\/www.celttv.com.ar\/","name":"CELTTV","description":"Cooperativa El\u00e9ctrica de Tornquist","publisher":{"@id":"https:\/\/www.celttv.com.ar\/#organization"},"potentialAction":[{"@type":"SearchAction","target":{"@type":"EntryPoint","urlTemplate":"https:\/\/www.celttv.com.ar\/?s={search_term_string}"},"query-input":"required name=search_term_string"}],"inLanguage":"es"},{"@type":"Organization","@id":"https:\/\/www.celttv.com.ar\/#organization","name":"CELTTV","url":"https:\/\/www.celttv.com.ar\/","sameAs":["https:\/\/www.youtube.com\/channel\/UCz_oIt8Hig64Ub-EmcNPIhg","https:\/\/www.facebook.com\/celtTV\/"],"logo":{"@type":"ImageObject","inLanguage":"es","@id":"https:\/\/www.celttv.com.ar\/#\/schema\/logo\/image\/","url":"http:\/\/www.celttv.com.ar\/wp-content\/uploads\/2022\/08\/logo-1.png","contentUrl":"http:\/\/www.celttv.com.ar\/wp-content\/uploads\/2022\/08\/logo-1.png","width":461,"height":159,"caption":"CELTTV"},"image":{"@id":"https:\/\/www.celttv.com.ar\/#\/schema\/logo\/image\/"}},{"@type":"Person","@id":"https:\/\/www.celttv.com.ar\/#\/schema\/person\/495be51d064edd971d8457f8f64eb172","name":"Rodrigo Sgammini","image":{"@type":"ImageObject","inLanguage":"es","@id":"https:\/\/www.celttv.com.ar\/#\/schema\/person\/image\/","url":"https:\/\/secure.gravatar.com\/avatar\/68f7848d42735e7a9276b47cd6e606327d88f521c51ae39d88888b76902e2987?s=96&d=mm&r=g","contentUrl":"https:\/\/secure.gravatar.com\/avatar\/68f7848d42735e7a9276b47cd6e606327d88f521c51ae39d88888b76902e2987?s=96&d=mm&r=g","caption":"Rodrigo Sgammini"}}]}},"_links":{"self":[{"href":"https:\/\/www.celttv.com.ar\/index.php\/wp-json\/wp\/v2\/posts\/79171","targetHints":{"allow":["GET"]}}],"collection":[{"href":"https:\/\/www.celttv.com.ar\/index.php\/wp-json\/wp\/v2\/posts"}],"about":[{"href":"https:\/\/www.celttv.com.ar\/index.php\/wp-json\/wp\/v2\/types\/post"}],"author":[{"embeddable":true,"href":"https:\/\/www.celttv.com.ar\/index.php\/wp-json\/wp\/v2\/users\/3"}],"replies":[{"embeddable":true,"href":"https:\/\/www.celttv.com.ar\/index.php\/wp-json\/wp\/v2\/comments?post=79171"}],"version-history":[{"count":1,"href":"https:\/\/www.celttv.com.ar\/index.php\/wp-json\/wp\/v2\/posts\/79171\/revisions"}],"predecessor-version":[{"id":79174,"href":"https:\/\/www.celttv.com.ar\/index.php\/wp-json\/wp\/v2\/posts\/79171\/revisions\/79174"}],"wp:featuredmedia":[{"embeddable":true,"href":"https:\/\/www.celttv.com.ar\/index.php\/wp-json\/wp\/v2\/media\/79173"}],"wp:attachment":[{"href":"https:\/\/www.celttv.com.ar\/index.php\/wp-json\/wp\/v2\/media?parent=79171"}],"wp:term":[{"taxonomy":"category","embeddable":true,"href":"https:\/\/www.celttv.com.ar\/index.php\/wp-json\/wp\/v2\/categories?post=79171"},{"taxonomy":"post_tag","embeddable":true,"href":"https:\/\/www.celttv.com.ar\/index.php\/wp-json\/wp\/v2\/tags?post=79171"}],"curies":[{"name":"wp","href":"https:\/\/api.w.org\/{rel}","templated":true}]}}