{"id":79184,"date":"2023-09-20T14:37:59","date_gmt":"2023-09-20T17:37:59","guid":{"rendered":"http:\/\/www.celttv.com.ar\/?p=79184"},"modified":"2023-09-20T14:39:40","modified_gmt":"2023-09-20T17:39:40","slug":"el-municipio-recibio-una-ambulancia-para-el-hospital-menor-de-sierra-de-la-ventana-y-equipamiento-de-salud","status":"publish","type":"post","link":"https:\/\/www.celttv.com.ar\/index.php\/2023\/09\/20\/el-municipio-recibio-una-ambulancia-para-el-hospital-menor-de-sierra-de-la-ventana-y-equipamiento-de-salud\/","title":{"rendered":"El municipio recibi\u00f3 una ambulancia para el Hospital Menor de Sierra de la Ventana y equipamiento de salud"},"content":{"rendered":"<p>El municipio de Tornquist recibi\u00f3 una ambulancia de alta complejidad que ser\u00e1 destinada al Hospital Menor \u2018Emilio Aldaya\u2019 de Sierra de la Ventana.<\/p>\n<p>La unidad fue entregada por el Ministerio de Salud de la Provincia de Bueno Aires, junto a equipamiento de salud, que fueron presentados en un acto realizado frente al palacio municipal.<\/p>\n<p><img loading=\"lazy\" decoding=\"async\" class=\"alignnone wp-image-79185 size-large\" src=\"http:\/\/www.celttv.com.ar\/wp-content\/uploads\/2023\/09\/Entrega-ambulancia-sierra-8-1024x682.jpeg\" alt=\"\" width=\"1024\" height=\"682\" srcset=\"https:\/\/www.celttv.com.ar\/wp-content\/uploads\/2023\/09\/Entrega-ambulancia-sierra-8-1024x682.jpeg 1024w, https:\/\/www.celttv.com.ar\/wp-content\/uploads\/2023\/09\/Entrega-ambulancia-sierra-8-300x200.jpeg 300w, https:\/\/www.celttv.com.ar\/wp-content\/uploads\/2023\/09\/Entrega-ambulancia-sierra-8-768x512.jpeg 768w, https:\/\/www.celttv.com.ar\/wp-content\/uploads\/2023\/09\/Entrega-ambulancia-sierra-8-1536x1023.jpeg 1536w, https:\/\/www.celttv.com.ar\/wp-content\/uploads\/2023\/09\/Entrega-ambulancia-sierra-8-750x500.jpeg 750w, https:\/\/www.celttv.com.ar\/wp-content\/uploads\/2023\/09\/Entrega-ambulancia-sierra-8-1140x760.jpeg 1140w, https:\/\/www.celttv.com.ar\/wp-content\/uploads\/2023\/09\/Entrega-ambulancia-sierra-8.jpeg 1600w\" sizes=\"auto, (max-width: 1024px) 100vw, 1024px\" \/><\/p>\n<p>En representaci\u00f3n del intendente Sergio Bordoni, quien se encuentra de viaje, estuvo presente el Secretario de Gobierno y Seguridad interino, Bruno Zacconi, junto a la Directora del nosocomio de Sierra, Carla Pollio, la Directora del Hospital Municipal \u2018Dr. Alberto Castro\u2019, Cecilia Conti, y la Secretaria de Hacienda, Estefania Bordoni. Por el ministerio, participaron el Jefe de Gabinete, Salvador Giorgi, y el Director de Regi\u00f3n Sanitaria I, Lauriano Alimenti, adem\u00e1s del diputado nacional Daniel Gollan.<\/p>\n<p>\u201cQueremos agradecer el apoyo que desde el 2019 venimos recibiendo del ministerio, que fue crucial para el crecimiento que tuvimos en el distrito estos \u00faltimos cuatro a\u00f1os en materia de salud\u201d, expres\u00f3 Zacconi y agreg\u00f3: \u201cAgradecerle a cada uno de los trabajadores de salud y a las autoridades, y decirles que vamos a seguir garantizando derechos, seguir creyendo en un sistema de salud publico que atienda a todos y a todas, que sea mas eficiente, que brinde mayores servicios y que, con justicia, alcance a todos por igual\u201d.<\/p>\n<p>Gollan, por su parte, destac\u00f3 que la entrega del veh\u00edculo \u201cforma parte de un plan quinquenal dise\u00f1ado para generar un sistema de emergencia y de traslado \u00fanico y que d\u00e9 respuestas a una cuesti\u00f3n que siempre nos trajo problemas que es una provincia muy grande\u201d, al tiempo que subray\u00f3 la digitalizaci\u00f3n del sistema de salud bonaerense.<\/p>\n<p><img loading=\"lazy\" decoding=\"async\" class=\"alignnone wp-image-79186 size-large\" src=\"http:\/\/www.celttv.com.ar\/wp-content\/uploads\/2023\/09\/Entrega-ambulancia-sierra-2-1024x682.jpeg\" alt=\"\" width=\"1024\" height=\"682\" srcset=\"https:\/\/www.celttv.com.ar\/wp-content\/uploads\/2023\/09\/Entrega-ambulancia-sierra-2-1024x682.jpeg 1024w, https:\/\/www.celttv.com.ar\/wp-content\/uploads\/2023\/09\/Entrega-ambulancia-sierra-2-300x200.jpeg 300w, https:\/\/www.celttv.com.ar\/wp-content\/uploads\/2023\/09\/Entrega-ambulancia-sierra-2-768x512.jpeg 768w, https:\/\/www.celttv.com.ar\/wp-content\/uploads\/2023\/09\/Entrega-ambulancia-sierra-2-1536x1024.jpeg 1536w, https:\/\/www.celttv.com.ar\/wp-content\/uploads\/2023\/09\/Entrega-ambulancia-sierra-2-750x500.jpeg 750w, https:\/\/www.celttv.com.ar\/wp-content\/uploads\/2023\/09\/Entrega-ambulancia-sierra-2-1140x760.jpeg 1140w, https:\/\/www.celttv.com.ar\/wp-content\/uploads\/2023\/09\/Entrega-ambulancia-sierra-2.jpeg 1550w\" sizes=\"auto, (max-width: 1024px) 100vw, 1024px\" \/><\/p>\n<p>La ambulancia est\u00e1 equipada con lo necesario para dar respuesta al estado cr\u00edtico de pacientes, atender traumas en la v\u00eda p\u00fablica y hacer traslados de alta complejidad. Cuenta con cardiodesfibrilador, desfibrilador, ox\u00edmetro de pulso, tubo de ox\u00edgeno central, bolso de paro\/v\u00eda a\u00e9rea y de trauma, kit de trauma, silla de ruedas, entre otros elementos claves.<\/p>\n<p>En tanto, entre los elementos recibidos, se encuentran 27 computadoras, muletas, sillas de ruedas, adaptadores de inodoros y un equipo de ginecolog\u00eda.<\/p>\n<p><img loading=\"lazy\" decoding=\"async\" class=\"alignnone wp-image-79187 size-large\" src=\"http:\/\/www.celttv.com.ar\/wp-content\/uploads\/2023\/09\/Entrega-ambulancia-sierra-7-1024x682.jpeg\" alt=\"\" width=\"1024\" height=\"682\" srcset=\"https:\/\/www.celttv.com.ar\/wp-content\/uploads\/2023\/09\/Entrega-ambulancia-sierra-7-1024x682.jpeg 1024w, https:\/\/www.celttv.com.ar\/wp-content\/uploads\/2023\/09\/Entrega-ambulancia-sierra-7-300x200.jpeg 300w, https:\/\/www.celttv.com.ar\/wp-content\/uploads\/2023\/09\/Entrega-ambulancia-sierra-7-768x512.jpeg 768w, https:\/\/www.celttv.com.ar\/wp-content\/uploads\/2023\/09\/Entrega-ambulancia-sierra-7-1536x1023.jpeg 1536w, https:\/\/www.celttv.com.ar\/wp-content\/uploads\/2023\/09\/Entrega-ambulancia-sierra-7-750x500.jpeg 750w, https:\/\/www.celttv.com.ar\/wp-content\/uploads\/2023\/09\/Entrega-ambulancia-sierra-7-1140x760.jpeg 1140w, https:\/\/www.celttv.com.ar\/wp-content\/uploads\/2023\/09\/Entrega-ambulancia-sierra-7.jpeg 1600w\" sizes=\"auto, (max-width: 1024px) 100vw, 1024px\" \/><\/p>\n<p><iframe loading=\"lazy\" title=\"2023 09 20 NOTA A BRUNO ZACCONI   ENTREGA DE AMBULANCIA\" width=\"500\" height=\"281\" src=\"https:\/\/www.youtube.com\/embed\/PHDpbucpA7E?feature=oembed\" frameborder=\"0\" allow=\"accelerometer; autoplay; clipboard-write; encrypted-media; gyroscope; picture-in-picture; web-share\" referrerpolicy=\"strict-origin-when-cross-origin\" allowfullscreen><\/iframe><\/p>\n","protected":false},"excerpt":{"rendered":"<p>El municipio de Tornquist recibi\u00f3 una ambulancia de alta complejidad que ser\u00e1 destinada al Hospital Menor \u2018Emilio Aldaya\u2019 de Sierra de la Ventana. La unidad fue entregada por el Ministerio de Salud de la Provincia de Bueno Aires, junto a equipamiento de salud, que fueron presentados en un acto realizado frente al palacio municipal. En [&hellip;]<\/p>\n","protected":false},"author":3,"featured_media":79185,"comment_status":"closed","ping_status":"closed","sticky":false,"template":"","format":"standard","meta":{"footnotes":""},"categories":[54],"tags":[],"class_list":["post-79184","post","type-post","status-publish","format-standard","has-post-thumbnail","hentry","category-atencion-salud"],"yoast_head":"<!-- This site is optimized with the Yoast SEO plugin v19.7.1 - https:\/\/yoast.com\/wordpress\/plugins\/seo\/ -->\n<title>El municipio recibi\u00f3 una ambulancia para el Hospital Menor de Sierra de la Ventana y equipamiento de salud - CELTTV<\/title>\n<meta name=\"description\" content=\"Sitio web de noticias de la localidad de Tornquist, provincia de Buenos Aires, Rep\u00fablica Argentina. Contenido propio originado por periodistas de CELTTV, el canal de TV local de la Cooperativa El\u00e9ctrica de Tornquist. Turismo, Pol\u00edtica, Sociedad, Deporte, Cultura y todo el contenido de inter\u00e9s general que la gente del pueblo y la regi\u00f3n debe conocer.\" \/>\n<meta name=\"robots\" content=\"index, follow, max-snippet:-1, max-image-preview:large, max-video-preview:-1\" \/>\n<link rel=\"canonical\" href=\"https:\/\/www.celttv.com.ar\/index.php\/2023\/09\/20\/el-municipio-recibio-una-ambulancia-para-el-hospital-menor-de-sierra-de-la-ventana-y-equipamiento-de-salud\/\" \/>\n<meta property=\"og:locale\" content=\"es_ES\" \/>\n<meta property=\"og:type\" content=\"article\" \/>\n<meta property=\"og:title\" content=\"El municipio recibi\u00f3 una ambulancia para el Hospital Menor de Sierra de la Ventana y equipamiento de salud - CELTTV\" \/>\n<meta property=\"og:description\" content=\"Sitio web de noticias de la localidad de Tornquist, provincia de Buenos Aires, Rep\u00fablica Argentina. Contenido propio originado por periodistas de CELTTV, el canal de TV local de la Cooperativa El\u00e9ctrica de Tornquist. Turismo, Pol\u00edtica, Sociedad, Deporte, Cultura y todo el contenido de inter\u00e9s general que la gente del pueblo y la regi\u00f3n debe conocer.\" \/>\n<meta property=\"og:url\" content=\"https:\/\/www.celttv.com.ar\/index.php\/2023\/09\/20\/el-municipio-recibio-una-ambulancia-para-el-hospital-menor-de-sierra-de-la-ventana-y-equipamiento-de-salud\/\" \/>\n<meta property=\"og:site_name\" content=\"CELTTV\" \/>\n<meta property=\"article:publisher\" content=\"https:\/\/www.facebook.com\/celtTV\/\" \/>\n<meta property=\"article:published_time\" content=\"2023-09-20T17:37:59+00:00\" \/>\n<meta property=\"article:modified_time\" content=\"2023-09-20T17:39:40+00:00\" \/>\n<meta property=\"og:image\" content=\"https:\/\/www.celttv.com.ar\/wp-content\/uploads\/2023\/09\/Entrega-ambulancia-sierra-8.jpeg\" \/>\n\t<meta property=\"og:image:width\" content=\"1600\" \/>\n\t<meta property=\"og:image:height\" content=\"1066\" \/>\n\t<meta property=\"og:image:type\" content=\"image\/jpeg\" \/>\n<meta name=\"author\" content=\"Rodrigo Sgammini\" \/>\n<meta name=\"twitter:card\" content=\"summary_large_image\" \/>\n<meta name=\"twitter:label1\" content=\"Escrito por\" \/>\n\t<meta name=\"twitter:data1\" content=\"Rodrigo Sgammini\" \/>\n\t<meta name=\"twitter:label2\" content=\"Tiempo de lectura\" \/>\n\t<meta name=\"twitter:data2\" content=\"2 minutos\" \/>\n<script type=\"application\/ld+json\" class=\"yoast-schema-graph\">{\"@context\":\"https:\/\/schema.org\",\"@graph\":[{\"@type\":\"NewsArticle\",\"@id\":\"https:\/\/www.celttv.com.ar\/index.php\/2023\/09\/20\/el-municipio-recibio-una-ambulancia-para-el-hospital-menor-de-sierra-de-la-ventana-y-equipamiento-de-salud\/#article\",\"isPartOf\":{\"@id\":\"https:\/\/www.celttv.com.ar\/index.php\/2023\/09\/20\/el-municipio-recibio-una-ambulancia-para-el-hospital-menor-de-sierra-de-la-ventana-y-equipamiento-de-salud\/\"},\"author\":{\"name\":\"Rodrigo Sgammini\",\"@id\":\"https:\/\/www.celttv.com.ar\/#\/schema\/person\/495be51d064edd971d8457f8f64eb172\"},\"headline\":\"El municipio recibi\u00f3 una ambulancia para el Hospital Menor de Sierra de la Ventana y equipamiento de salud\",\"datePublished\":\"2023-09-20T17:37:59+00:00\",\"dateModified\":\"2023-09-20T17:39:40+00:00\",\"mainEntityOfPage\":{\"@id\":\"https:\/\/www.celttv.com.ar\/index.php\/2023\/09\/20\/el-municipio-recibio-una-ambulancia-para-el-hospital-menor-de-sierra-de-la-ventana-y-equipamiento-de-salud\/\"},\"wordCount\":391,\"publisher\":{\"@id\":\"https:\/\/www.celttv.com.ar\/#organization\"},\"articleSection\":[\"Atenci\u00f3n Salud\"],\"inLanguage\":\"es\"},{\"@type\":\"WebPage\",\"@id\":\"https:\/\/www.celttv.com.ar\/index.php\/2023\/09\/20\/el-municipio-recibio-una-ambulancia-para-el-hospital-menor-de-sierra-de-la-ventana-y-equipamiento-de-salud\/\",\"url\":\"https:\/\/www.celttv.com.ar\/index.php\/2023\/09\/20\/el-municipio-recibio-una-ambulancia-para-el-hospital-menor-de-sierra-de-la-ventana-y-equipamiento-de-salud\/\",\"name\":\"El municipio recibi\u00f3 una ambulancia para el Hospital Menor de Sierra de la Ventana y equipamiento de salud - CELTTV\",\"isPartOf\":{\"@id\":\"https:\/\/www.celttv.com.ar\/#website\"},\"datePublished\":\"2023-09-20T17:37:59+00:00\",\"dateModified\":\"2023-09-20T17:39:40+00:00\",\"description\":\"Sitio web de noticias de la localidad de Tornquist, provincia de Buenos Aires, Rep\u00fablica Argentina. Contenido propio originado por periodistas de CELTTV, el canal de TV local de la Cooperativa El\u00e9ctrica de Tornquist. Turismo, Pol\u00edtica, Sociedad, Deporte, Cultura y todo el contenido de inter\u00e9s general que la gente del pueblo y la regi\u00f3n debe conocer.\",\"breadcrumb\":{\"@id\":\"https:\/\/www.celttv.com.ar\/index.php\/2023\/09\/20\/el-municipio-recibio-una-ambulancia-para-el-hospital-menor-de-sierra-de-la-ventana-y-equipamiento-de-salud\/#breadcrumb\"},\"inLanguage\":\"es\",\"potentialAction\":[{\"@type\":\"ReadAction\",\"target\":[\"https:\/\/www.celttv.com.ar\/index.php\/2023\/09\/20\/el-municipio-recibio-una-ambulancia-para-el-hospital-menor-de-sierra-de-la-ventana-y-equipamiento-de-salud\/\"]}]},{\"@type\":\"BreadcrumbList\",\"@id\":\"https:\/\/www.celttv.com.ar\/index.php\/2023\/09\/20\/el-municipio-recibio-una-ambulancia-para-el-hospital-menor-de-sierra-de-la-ventana-y-equipamiento-de-salud\/#breadcrumb\",\"itemListElement\":[{\"@type\":\"ListItem\",\"position\":1,\"name\":\"Inicio\",\"item\":\"https:\/\/www.celttv.com.ar\/\"},{\"@type\":\"ListItem\",\"position\":2,\"name\":\"El municipio recibi\u00f3 una ambulancia para el Hospital Menor de Sierra de la Ventana y equipamiento de salud\"}]},{\"@type\":\"WebSite\",\"@id\":\"https:\/\/www.celttv.com.ar\/#website\",\"url\":\"https:\/\/www.celttv.com.ar\/\",\"name\":\"CELTTV\",\"description\":\"Cooperativa El\u00e9ctrica de Tornquist\",\"publisher\":{\"@id\":\"https:\/\/www.celttv.com.ar\/#organization\"},\"potentialAction\":[{\"@type\":\"SearchAction\",\"target\":{\"@type\":\"EntryPoint\",\"urlTemplate\":\"https:\/\/www.celttv.com.ar\/?s={search_term_string}\"},\"query-input\":\"required name=search_term_string\"}],\"inLanguage\":\"es\"},{\"@type\":\"Organization\",\"@id\":\"https:\/\/www.celttv.com.ar\/#organization\",\"name\":\"CELTTV\",\"url\":\"https:\/\/www.celttv.com.ar\/\",\"sameAs\":[\"https:\/\/www.youtube.com\/channel\/UCz_oIt8Hig64Ub-EmcNPIhg\",\"https:\/\/www.facebook.com\/celtTV\/\"],\"logo\":{\"@type\":\"ImageObject\",\"inLanguage\":\"es\",\"@id\":\"https:\/\/www.celttv.com.ar\/#\/schema\/logo\/image\/\",\"url\":\"http:\/\/www.celttv.com.ar\/wp-content\/uploads\/2022\/08\/logo-1.png\",\"contentUrl\":\"http:\/\/www.celttv.com.ar\/wp-content\/uploads\/2022\/08\/logo-1.png\",\"width\":461,\"height\":159,\"caption\":\"CELTTV\"},\"image\":{\"@id\":\"https:\/\/www.celttv.com.ar\/#\/schema\/logo\/image\/\"}},{\"@type\":\"Person\",\"@id\":\"https:\/\/www.celttv.com.ar\/#\/schema\/person\/495be51d064edd971d8457f8f64eb172\",\"name\":\"Rodrigo Sgammini\",\"image\":{\"@type\":\"ImageObject\",\"inLanguage\":\"es\",\"@id\":\"https:\/\/www.celttv.com.ar\/#\/schema\/person\/image\/\",\"url\":\"https:\/\/secure.gravatar.com\/avatar\/68f7848d42735e7a9276b47cd6e606327d88f521c51ae39d88888b76902e2987?s=96&d=mm&r=g\",\"contentUrl\":\"https:\/\/secure.gravatar.com\/avatar\/68f7848d42735e7a9276b47cd6e606327d88f521c51ae39d88888b76902e2987?s=96&d=mm&r=g\",\"caption\":\"Rodrigo Sgammini\"}}]}<\/script>\n<!-- \/ Yoast SEO plugin. -->","yoast_head_json":{"title":"El municipio recibi\u00f3 una ambulancia para el Hospital Menor de Sierra de la Ventana y equipamiento de salud - CELTTV","description":"Sitio web de noticias de la localidad de Tornquist, provincia de Buenos Aires, Rep\u00fablica Argentina. Contenido propio originado por periodistas de CELTTV, el canal de TV local de la Cooperativa El\u00e9ctrica de Tornquist. Turismo, Pol\u00edtica, Sociedad, Deporte, Cultura y todo el contenido de inter\u00e9s general que la gente del pueblo y la regi\u00f3n debe conocer.","robots":{"index":"index","follow":"follow","max-snippet":"max-snippet:-1","max-image-preview":"max-image-preview:large","max-video-preview":"max-video-preview:-1"},"canonical":"https:\/\/www.celttv.com.ar\/index.php\/2023\/09\/20\/el-municipio-recibio-una-ambulancia-para-el-hospital-menor-de-sierra-de-la-ventana-y-equipamiento-de-salud\/","og_locale":"es_ES","og_type":"article","og_title":"El municipio recibi\u00f3 una ambulancia para el Hospital Menor de Sierra de la Ventana y equipamiento de salud - CELTTV","og_description":"Sitio web de noticias de la localidad de Tornquist, provincia de Buenos Aires, Rep\u00fablica Argentina. Contenido propio originado por periodistas de CELTTV, el canal de TV local de la Cooperativa El\u00e9ctrica de Tornquist. Turismo, Pol\u00edtica, Sociedad, Deporte, Cultura y todo el contenido de inter\u00e9s general que la gente del pueblo y la regi\u00f3n debe conocer.","og_url":"https:\/\/www.celttv.com.ar\/index.php\/2023\/09\/20\/el-municipio-recibio-una-ambulancia-para-el-hospital-menor-de-sierra-de-la-ventana-y-equipamiento-de-salud\/","og_site_name":"CELTTV","article_publisher":"https:\/\/www.facebook.com\/celtTV\/","article_published_time":"2023-09-20T17:37:59+00:00","article_modified_time":"2023-09-20T17:39:40+00:00","og_image":[{"width":1600,"height":1066,"url":"https:\/\/www.celttv.com.ar\/wp-content\/uploads\/2023\/09\/Entrega-ambulancia-sierra-8.jpeg","type":"image\/jpeg"}],"author":"Rodrigo Sgammini","twitter_card":"summary_large_image","twitter_misc":{"Escrito por":"Rodrigo Sgammini","Tiempo de lectura":"2 minutos"},"schema":{"@context":"https:\/\/schema.org","@graph":[{"@type":"NewsArticle","@id":"https:\/\/www.celttv.com.ar\/index.php\/2023\/09\/20\/el-municipio-recibio-una-ambulancia-para-el-hospital-menor-de-sierra-de-la-ventana-y-equipamiento-de-salud\/#article","isPartOf":{"@id":"https:\/\/www.celttv.com.ar\/index.php\/2023\/09\/20\/el-municipio-recibio-una-ambulancia-para-el-hospital-menor-de-sierra-de-la-ventana-y-equipamiento-de-salud\/"},"author":{"name":"Rodrigo Sgammini","@id":"https:\/\/www.celttv.com.ar\/#\/schema\/person\/495be51d064edd971d8457f8f64eb172"},"headline":"El municipio recibi\u00f3 una ambulancia para el Hospital Menor de Sierra de la Ventana y equipamiento de salud","datePublished":"2023-09-20T17:37:59+00:00","dateModified":"2023-09-20T17:39:40+00:00","mainEntityOfPage":{"@id":"https:\/\/www.celttv.com.ar\/index.php\/2023\/09\/20\/el-municipio-recibio-una-ambulancia-para-el-hospital-menor-de-sierra-de-la-ventana-y-equipamiento-de-salud\/"},"wordCount":391,"publisher":{"@id":"https:\/\/www.celttv.com.ar\/#organization"},"articleSection":["Atenci\u00f3n Salud"],"inLanguage":"es"},{"@type":"WebPage","@id":"https:\/\/www.celttv.com.ar\/index.php\/2023\/09\/20\/el-municipio-recibio-una-ambulancia-para-el-hospital-menor-de-sierra-de-la-ventana-y-equipamiento-de-salud\/","url":"https:\/\/www.celttv.com.ar\/index.php\/2023\/09\/20\/el-municipio-recibio-una-ambulancia-para-el-hospital-menor-de-sierra-de-la-ventana-y-equipamiento-de-salud\/","name":"El municipio recibi\u00f3 una ambulancia para el Hospital Menor de Sierra de la Ventana y equipamiento de salud - CELTTV","isPartOf":{"@id":"https:\/\/www.celttv.com.ar\/#website"},"datePublished":"2023-09-20T17:37:59+00:00","dateModified":"2023-09-20T17:39:40+00:00","description":"Sitio web de noticias de la localidad de Tornquist, provincia de Buenos Aires, Rep\u00fablica Argentina. Contenido propio originado por periodistas de CELTTV, el canal de TV local de la Cooperativa El\u00e9ctrica de Tornquist. Turismo, Pol\u00edtica, Sociedad, Deporte, Cultura y todo el contenido de inter\u00e9s general que la gente del pueblo y la regi\u00f3n debe conocer.","breadcrumb":{"@id":"https:\/\/www.celttv.com.ar\/index.php\/2023\/09\/20\/el-municipio-recibio-una-ambulancia-para-el-hospital-menor-de-sierra-de-la-ventana-y-equipamiento-de-salud\/#breadcrumb"},"inLanguage":"es","potentialAction":[{"@type":"ReadAction","target":["https:\/\/www.celttv.com.ar\/index.php\/2023\/09\/20\/el-municipio-recibio-una-ambulancia-para-el-hospital-menor-de-sierra-de-la-ventana-y-equipamiento-de-salud\/"]}]},{"@type":"BreadcrumbList","@id":"https:\/\/www.celttv.com.ar\/index.php\/2023\/09\/20\/el-municipio-recibio-una-ambulancia-para-el-hospital-menor-de-sierra-de-la-ventana-y-equipamiento-de-salud\/#breadcrumb","itemListElement":[{"@type":"ListItem","position":1,"name":"Inicio","item":"https:\/\/www.celttv.com.ar\/"},{"@type":"ListItem","position":2,"name":"El municipio recibi\u00f3 una ambulancia para el Hospital Menor de Sierra de la Ventana y equipamiento de salud"}]},{"@type":"WebSite","@id":"https:\/\/www.celttv.com.ar\/#website","url":"https:\/\/www.celttv.com.ar\/","name":"CELTTV","description":"Cooperativa El\u00e9ctrica de Tornquist","publisher":{"@id":"https:\/\/www.celttv.com.ar\/#organization"},"potentialAction":[{"@type":"SearchAction","target":{"@type":"EntryPoint","urlTemplate":"https:\/\/www.celttv.com.ar\/?s={search_term_string}"},"query-input":"required name=search_term_string"}],"inLanguage":"es"},{"@type":"Organization","@id":"https:\/\/www.celttv.com.ar\/#organization","name":"CELTTV","url":"https:\/\/www.celttv.com.ar\/","sameAs":["https:\/\/www.youtube.com\/channel\/UCz_oIt8Hig64Ub-EmcNPIhg","https:\/\/www.facebook.com\/celtTV\/"],"logo":{"@type":"ImageObject","inLanguage":"es","@id":"https:\/\/www.celttv.com.ar\/#\/schema\/logo\/image\/","url":"http:\/\/www.celttv.com.ar\/wp-content\/uploads\/2022\/08\/logo-1.png","contentUrl":"http:\/\/www.celttv.com.ar\/wp-content\/uploads\/2022\/08\/logo-1.png","width":461,"height":159,"caption":"CELTTV"},"image":{"@id":"https:\/\/www.celttv.com.ar\/#\/schema\/logo\/image\/"}},{"@type":"Person","@id":"https:\/\/www.celttv.com.ar\/#\/schema\/person\/495be51d064edd971d8457f8f64eb172","name":"Rodrigo Sgammini","image":{"@type":"ImageObject","inLanguage":"es","@id":"https:\/\/www.celttv.com.ar\/#\/schema\/person\/image\/","url":"https:\/\/secure.gravatar.com\/avatar\/68f7848d42735e7a9276b47cd6e606327d88f521c51ae39d88888b76902e2987?s=96&d=mm&r=g","contentUrl":"https:\/\/secure.gravatar.com\/avatar\/68f7848d42735e7a9276b47cd6e606327d88f521c51ae39d88888b76902e2987?s=96&d=mm&r=g","caption":"Rodrigo Sgammini"}}]}},"_links":{"self":[{"href":"https:\/\/www.celttv.com.ar\/index.php\/wp-json\/wp\/v2\/posts\/79184","targetHints":{"allow":["GET"]}}],"collection":[{"href":"https:\/\/www.celttv.com.ar\/index.php\/wp-json\/wp\/v2\/posts"}],"about":[{"href":"https:\/\/www.celttv.com.ar\/index.php\/wp-json\/wp\/v2\/types\/post"}],"author":[{"embeddable":true,"href":"https:\/\/www.celttv.com.ar\/index.php\/wp-json\/wp\/v2\/users\/3"}],"replies":[{"embeddable":true,"href":"https:\/\/www.celttv.com.ar\/index.php\/wp-json\/wp\/v2\/comments?post=79184"}],"version-history":[{"count":3,"href":"https:\/\/www.celttv.com.ar\/index.php\/wp-json\/wp\/v2\/posts\/79184\/revisions"}],"predecessor-version":[{"id":79191,"href":"https:\/\/www.celttv.com.ar\/index.php\/wp-json\/wp\/v2\/posts\/79184\/revisions\/79191"}],"wp:featuredmedia":[{"embeddable":true,"href":"https:\/\/www.celttv.com.ar\/index.php\/wp-json\/wp\/v2\/media\/79185"}],"wp:attachment":[{"href":"https:\/\/www.celttv.com.ar\/index.php\/wp-json\/wp\/v2\/media?parent=79184"}],"wp:term":[{"taxonomy":"category","embeddable":true,"href":"https:\/\/www.celttv.com.ar\/index.php\/wp-json\/wp\/v2\/categories?post=79184"},{"taxonomy":"post_tag","embeddable":true,"href":"https:\/\/www.celttv.com.ar\/index.php\/wp-json\/wp\/v2\/tags?post=79184"}],"curies":[{"name":"wp","href":"https:\/\/api.w.org\/{rel}","templated":true}]}}