{"id":79192,"date":"2023-09-20T14:45:21","date_gmt":"2023-09-20T17:45:21","guid":{"rendered":"http:\/\/www.celttv.com.ar\/?p=79192"},"modified":"2023-09-20T14:46:43","modified_gmt":"2023-09-20T17:46:43","slug":"valen-chuliver-siempre-sone-con-ser-campeon-y-por-suerte-lo-pude-lograr-video","status":"publish","type":"post","link":"https:\/\/www.celttv.com.ar\/index.php\/2023\/09\/20\/valen-chuliver-siempre-sone-con-ser-campeon-y-por-suerte-lo-pude-lograr-video\/","title":{"rendered":"Valen Chuliver: &#8220;Siempre so\u00f1\u00e9 con ser campe\u00f3n y, por suerte, lo pude lograr&#8221; (Video)"},"content":{"rendered":"<p>Con un gran trabajo en cada una de las fechas del campeonato invernal de Micro Midget, Valen Chuliver se di\u00f3 el gusto de llegar puntero a la \u00faltima competencia y coronarse campe\u00f3n de la categor\u00eda.<\/p>\n<p>Valen y su pap\u00e1 (Guillermo), estuvieron en el programa MAGAZINE SPORT y brindaron detalles de la gran campa\u00f1a que realiz\u00f3 el j\u00f3ven piloto de Tornquist para quedarse con el t\u00edtulo.<\/p>\n<p><iframe loading=\"lazy\" title=\"2023 09 19 MAGAZINE SPORT   VALEN CHULIVER Y GUILLERMO CHULIVER   CAMPE\u00d3N INVERNAL 2023\" width=\"500\" height=\"281\" src=\"https:\/\/www.youtube.com\/embed\/tqcOeUPHrWw?feature=oembed\" frameborder=\"0\" allow=\"accelerometer; autoplay; clipboard-write; encrypted-media; gyroscope; picture-in-picture; web-share\" referrerpolicy=\"strict-origin-when-cross-origin\" allowfullscreen><\/iframe><\/p>\n","protected":false},"excerpt":{"rendered":"<p>Con un gran trabajo en cada una de las fechas del campeonato invernal de Micro Midget, Valen Chuliver se di\u00f3 el gusto de llegar puntero a la \u00faltima competencia y coronarse campe\u00f3n de la categor\u00eda. Valen y su pap\u00e1 (Guillermo), estuvieron en el programa MAGAZINE SPORT y brindaron detalles de la gran campa\u00f1a que realiz\u00f3 [&hellip;]<\/p>\n","protected":false},"author":3,"featured_media":79195,"comment_status":"closed","ping_status":"closed","sticky":false,"template":"","format":"standard","meta":{"footnotes":""},"categories":[63],"tags":[],"class_list":["post-79192","post","type-post","status-publish","format-standard","has-post-thumbnail","hentry","category-magazine-sport"],"yoast_head":"<!-- This site is optimized with the Yoast SEO plugin v19.7.1 - https:\/\/yoast.com\/wordpress\/plugins\/seo\/ -->\n<title>Valen Chuliver: &quot;Siempre so\u00f1\u00e9 con ser campe\u00f3n y, por suerte, lo pude lograr&quot; (Video) - CELTTV<\/title>\n<meta name=\"description\" content=\"Sitio web de noticias de la localidad de Tornquist, provincia de Buenos Aires, Rep\u00fablica Argentina. Contenido propio originado por periodistas de CELTTV, el canal de TV local de la Cooperativa El\u00e9ctrica de Tornquist. Turismo, Pol\u00edtica, Sociedad, Deporte, Cultura y todo el contenido de inter\u00e9s general que la gente del pueblo y la regi\u00f3n debe conocer.\" \/>\n<meta name=\"robots\" content=\"index, follow, max-snippet:-1, max-image-preview:large, max-video-preview:-1\" \/>\n<link rel=\"canonical\" href=\"https:\/\/www.celttv.com.ar\/index.php\/2023\/09\/20\/valen-chuliver-siempre-sone-con-ser-campeon-y-por-suerte-lo-pude-lograr-video\/\" \/>\n<meta property=\"og:locale\" content=\"es_ES\" \/>\n<meta property=\"og:type\" content=\"article\" \/>\n<meta property=\"og:title\" content=\"Valen Chuliver: &quot;Siempre so\u00f1\u00e9 con ser campe\u00f3n y, por suerte, lo pude lograr&quot; (Video) - CELTTV\" \/>\n<meta property=\"og:description\" content=\"Sitio web de noticias de la localidad de Tornquist, provincia de Buenos Aires, Rep\u00fablica Argentina. Contenido propio originado por periodistas de CELTTV, el canal de TV local de la Cooperativa El\u00e9ctrica de Tornquist. Turismo, Pol\u00edtica, Sociedad, Deporte, Cultura y todo el contenido de inter\u00e9s general que la gente del pueblo y la regi\u00f3n debe conocer.\" \/>\n<meta property=\"og:url\" content=\"https:\/\/www.celttv.com.ar\/index.php\/2023\/09\/20\/valen-chuliver-siempre-sone-con-ser-campeon-y-por-suerte-lo-pude-lograr-video\/\" \/>\n<meta property=\"og:site_name\" content=\"CELTTV\" \/>\n<meta property=\"article:publisher\" content=\"https:\/\/www.facebook.com\/celtTV\/\" \/>\n<meta property=\"article:published_time\" content=\"2023-09-20T17:45:21+00:00\" \/>\n<meta property=\"article:modified_time\" content=\"2023-09-20T17:46:43+00:00\" \/>\n<meta property=\"og:image\" content=\"https:\/\/www.celttv.com.ar\/wp-content\/uploads\/2023\/09\/WhatsApp-Image-2023-09-20-at-14.43.05-1.jpeg\" \/>\n\t<meta property=\"og:image:width\" content=\"1587\" \/>\n\t<meta property=\"og:image:height\" content=\"695\" \/>\n\t<meta property=\"og:image:type\" content=\"image\/jpeg\" \/>\n<meta name=\"author\" content=\"Rodrigo Sgammini\" \/>\n<meta name=\"twitter:card\" content=\"summary_large_image\" \/>\n<meta name=\"twitter:label1\" content=\"Escrito por\" \/>\n\t<meta name=\"twitter:data1\" content=\"Rodrigo Sgammini\" \/>\n<script type=\"application\/ld+json\" class=\"yoast-schema-graph\">{\"@context\":\"https:\/\/schema.org\",\"@graph\":[{\"@type\":\"NewsArticle\",\"@id\":\"https:\/\/www.celttv.com.ar\/index.php\/2023\/09\/20\/valen-chuliver-siempre-sone-con-ser-campeon-y-por-suerte-lo-pude-lograr-video\/#article\",\"isPartOf\":{\"@id\":\"https:\/\/www.celttv.com.ar\/index.php\/2023\/09\/20\/valen-chuliver-siempre-sone-con-ser-campeon-y-por-suerte-lo-pude-lograr-video\/\"},\"author\":{\"name\":\"Rodrigo Sgammini\",\"@id\":\"https:\/\/www.celttv.com.ar\/#\/schema\/person\/495be51d064edd971d8457f8f64eb172\"},\"headline\":\"Valen Chuliver: &#8220;Siempre so\u00f1\u00e9 con ser campe\u00f3n y, por suerte, lo pude lograr&#8221; (Video)\",\"datePublished\":\"2023-09-20T17:45:21+00:00\",\"dateModified\":\"2023-09-20T17:46:43+00:00\",\"mainEntityOfPage\":{\"@id\":\"https:\/\/www.celttv.com.ar\/index.php\/2023\/09\/20\/valen-chuliver-siempre-sone-con-ser-campeon-y-por-suerte-lo-pude-lograr-video\/\"},\"wordCount\":91,\"publisher\":{\"@id\":\"https:\/\/www.celttv.com.ar\/#organization\"},\"articleSection\":[\"Magazine Sport\"],\"inLanguage\":\"es\"},{\"@type\":\"WebPage\",\"@id\":\"https:\/\/www.celttv.com.ar\/index.php\/2023\/09\/20\/valen-chuliver-siempre-sone-con-ser-campeon-y-por-suerte-lo-pude-lograr-video\/\",\"url\":\"https:\/\/www.celttv.com.ar\/index.php\/2023\/09\/20\/valen-chuliver-siempre-sone-con-ser-campeon-y-por-suerte-lo-pude-lograr-video\/\",\"name\":\"Valen Chuliver: \\\"Siempre so\u00f1\u00e9 con ser campe\u00f3n y, por suerte, lo pude lograr\\\" (Video) - CELTTV\",\"isPartOf\":{\"@id\":\"https:\/\/www.celttv.com.ar\/#website\"},\"datePublished\":\"2023-09-20T17:45:21+00:00\",\"dateModified\":\"2023-09-20T17:46:43+00:00\",\"description\":\"Sitio web de noticias de la localidad de Tornquist, provincia de Buenos Aires, Rep\u00fablica Argentina. Contenido propio originado por periodistas de CELTTV, el canal de TV local de la Cooperativa El\u00e9ctrica de Tornquist. Turismo, Pol\u00edtica, Sociedad, Deporte, Cultura y todo el contenido de inter\u00e9s general que la gente del pueblo y la regi\u00f3n debe conocer.\",\"breadcrumb\":{\"@id\":\"https:\/\/www.celttv.com.ar\/index.php\/2023\/09\/20\/valen-chuliver-siempre-sone-con-ser-campeon-y-por-suerte-lo-pude-lograr-video\/#breadcrumb\"},\"inLanguage\":\"es\",\"potentialAction\":[{\"@type\":\"ReadAction\",\"target\":[\"https:\/\/www.celttv.com.ar\/index.php\/2023\/09\/20\/valen-chuliver-siempre-sone-con-ser-campeon-y-por-suerte-lo-pude-lograr-video\/\"]}]},{\"@type\":\"BreadcrumbList\",\"@id\":\"https:\/\/www.celttv.com.ar\/index.php\/2023\/09\/20\/valen-chuliver-siempre-sone-con-ser-campeon-y-por-suerte-lo-pude-lograr-video\/#breadcrumb\",\"itemListElement\":[{\"@type\":\"ListItem\",\"position\":1,\"name\":\"Inicio\",\"item\":\"https:\/\/www.celttv.com.ar\/\"},{\"@type\":\"ListItem\",\"position\":2,\"name\":\"Valen Chuliver: &#8220;Siempre so\u00f1\u00e9 con ser campe\u00f3n y, por suerte, lo pude lograr&#8221; (Video)\"}]},{\"@type\":\"WebSite\",\"@id\":\"https:\/\/www.celttv.com.ar\/#website\",\"url\":\"https:\/\/www.celttv.com.ar\/\",\"name\":\"CELTTV\",\"description\":\"Cooperativa El\u00e9ctrica de Tornquist\",\"publisher\":{\"@id\":\"https:\/\/www.celttv.com.ar\/#organization\"},\"potentialAction\":[{\"@type\":\"SearchAction\",\"target\":{\"@type\":\"EntryPoint\",\"urlTemplate\":\"https:\/\/www.celttv.com.ar\/?s={search_term_string}\"},\"query-input\":\"required name=search_term_string\"}],\"inLanguage\":\"es\"},{\"@type\":\"Organization\",\"@id\":\"https:\/\/www.celttv.com.ar\/#organization\",\"name\":\"CELTTV\",\"url\":\"https:\/\/www.celttv.com.ar\/\",\"sameAs\":[\"https:\/\/www.youtube.com\/channel\/UCz_oIt8Hig64Ub-EmcNPIhg\",\"https:\/\/www.facebook.com\/celtTV\/\"],\"logo\":{\"@type\":\"ImageObject\",\"inLanguage\":\"es\",\"@id\":\"https:\/\/www.celttv.com.ar\/#\/schema\/logo\/image\/\",\"url\":\"http:\/\/www.celttv.com.ar\/wp-content\/uploads\/2022\/08\/logo-1.png\",\"contentUrl\":\"http:\/\/www.celttv.com.ar\/wp-content\/uploads\/2022\/08\/logo-1.png\",\"width\":461,\"height\":159,\"caption\":\"CELTTV\"},\"image\":{\"@id\":\"https:\/\/www.celttv.com.ar\/#\/schema\/logo\/image\/\"}},{\"@type\":\"Person\",\"@id\":\"https:\/\/www.celttv.com.ar\/#\/schema\/person\/495be51d064edd971d8457f8f64eb172\",\"name\":\"Rodrigo Sgammini\",\"image\":{\"@type\":\"ImageObject\",\"inLanguage\":\"es\",\"@id\":\"https:\/\/www.celttv.com.ar\/#\/schema\/person\/image\/\",\"url\":\"https:\/\/secure.gravatar.com\/avatar\/68f7848d42735e7a9276b47cd6e606327d88f521c51ae39d88888b76902e2987?s=96&d=mm&r=g\",\"contentUrl\":\"https:\/\/secure.gravatar.com\/avatar\/68f7848d42735e7a9276b47cd6e606327d88f521c51ae39d88888b76902e2987?s=96&d=mm&r=g\",\"caption\":\"Rodrigo Sgammini\"}}]}<\/script>\n<!-- \/ Yoast SEO plugin. -->","yoast_head_json":{"title":"Valen Chuliver: \"Siempre so\u00f1\u00e9 con ser campe\u00f3n y, por suerte, lo pude lograr\" (Video) - CELTTV","description":"Sitio web de noticias de la localidad de Tornquist, provincia de Buenos Aires, Rep\u00fablica Argentina. Contenido propio originado por periodistas de CELTTV, el canal de TV local de la Cooperativa El\u00e9ctrica de Tornquist. Turismo, Pol\u00edtica, Sociedad, Deporte, Cultura y todo el contenido de inter\u00e9s general que la gente del pueblo y la regi\u00f3n debe conocer.","robots":{"index":"index","follow":"follow","max-snippet":"max-snippet:-1","max-image-preview":"max-image-preview:large","max-video-preview":"max-video-preview:-1"},"canonical":"https:\/\/www.celttv.com.ar\/index.php\/2023\/09\/20\/valen-chuliver-siempre-sone-con-ser-campeon-y-por-suerte-lo-pude-lograr-video\/","og_locale":"es_ES","og_type":"article","og_title":"Valen Chuliver: \"Siempre so\u00f1\u00e9 con ser campe\u00f3n y, por suerte, lo pude lograr\" (Video) - CELTTV","og_description":"Sitio web de noticias de la localidad de Tornquist, provincia de Buenos Aires, Rep\u00fablica Argentina. Contenido propio originado por periodistas de CELTTV, el canal de TV local de la Cooperativa El\u00e9ctrica de Tornquist. Turismo, Pol\u00edtica, Sociedad, Deporte, Cultura y todo el contenido de inter\u00e9s general que la gente del pueblo y la regi\u00f3n debe conocer.","og_url":"https:\/\/www.celttv.com.ar\/index.php\/2023\/09\/20\/valen-chuliver-siempre-sone-con-ser-campeon-y-por-suerte-lo-pude-lograr-video\/","og_site_name":"CELTTV","article_publisher":"https:\/\/www.facebook.com\/celtTV\/","article_published_time":"2023-09-20T17:45:21+00:00","article_modified_time":"2023-09-20T17:46:43+00:00","og_image":[{"width":1587,"height":695,"url":"https:\/\/www.celttv.com.ar\/wp-content\/uploads\/2023\/09\/WhatsApp-Image-2023-09-20-at-14.43.05-1.jpeg","type":"image\/jpeg"}],"author":"Rodrigo Sgammini","twitter_card":"summary_large_image","twitter_misc":{"Escrito por":"Rodrigo Sgammini"},"schema":{"@context":"https:\/\/schema.org","@graph":[{"@type":"NewsArticle","@id":"https:\/\/www.celttv.com.ar\/index.php\/2023\/09\/20\/valen-chuliver-siempre-sone-con-ser-campeon-y-por-suerte-lo-pude-lograr-video\/#article","isPartOf":{"@id":"https:\/\/www.celttv.com.ar\/index.php\/2023\/09\/20\/valen-chuliver-siempre-sone-con-ser-campeon-y-por-suerte-lo-pude-lograr-video\/"},"author":{"name":"Rodrigo Sgammini","@id":"https:\/\/www.celttv.com.ar\/#\/schema\/person\/495be51d064edd971d8457f8f64eb172"},"headline":"Valen Chuliver: &#8220;Siempre so\u00f1\u00e9 con ser campe\u00f3n y, por suerte, lo pude lograr&#8221; (Video)","datePublished":"2023-09-20T17:45:21+00:00","dateModified":"2023-09-20T17:46:43+00:00","mainEntityOfPage":{"@id":"https:\/\/www.celttv.com.ar\/index.php\/2023\/09\/20\/valen-chuliver-siempre-sone-con-ser-campeon-y-por-suerte-lo-pude-lograr-video\/"},"wordCount":91,"publisher":{"@id":"https:\/\/www.celttv.com.ar\/#organization"},"articleSection":["Magazine Sport"],"inLanguage":"es"},{"@type":"WebPage","@id":"https:\/\/www.celttv.com.ar\/index.php\/2023\/09\/20\/valen-chuliver-siempre-sone-con-ser-campeon-y-por-suerte-lo-pude-lograr-video\/","url":"https:\/\/www.celttv.com.ar\/index.php\/2023\/09\/20\/valen-chuliver-siempre-sone-con-ser-campeon-y-por-suerte-lo-pude-lograr-video\/","name":"Valen Chuliver: \"Siempre so\u00f1\u00e9 con ser campe\u00f3n y, por suerte, lo pude lograr\" (Video) - CELTTV","isPartOf":{"@id":"https:\/\/www.celttv.com.ar\/#website"},"datePublished":"2023-09-20T17:45:21+00:00","dateModified":"2023-09-20T17:46:43+00:00","description":"Sitio web de noticias de la localidad de Tornquist, provincia de Buenos Aires, Rep\u00fablica Argentina. Contenido propio originado por periodistas de CELTTV, el canal de TV local de la Cooperativa El\u00e9ctrica de Tornquist. Turismo, Pol\u00edtica, Sociedad, Deporte, Cultura y todo el contenido de inter\u00e9s general que la gente del pueblo y la regi\u00f3n debe conocer.","breadcrumb":{"@id":"https:\/\/www.celttv.com.ar\/index.php\/2023\/09\/20\/valen-chuliver-siempre-sone-con-ser-campeon-y-por-suerte-lo-pude-lograr-video\/#breadcrumb"},"inLanguage":"es","potentialAction":[{"@type":"ReadAction","target":["https:\/\/www.celttv.com.ar\/index.php\/2023\/09\/20\/valen-chuliver-siempre-sone-con-ser-campeon-y-por-suerte-lo-pude-lograr-video\/"]}]},{"@type":"BreadcrumbList","@id":"https:\/\/www.celttv.com.ar\/index.php\/2023\/09\/20\/valen-chuliver-siempre-sone-con-ser-campeon-y-por-suerte-lo-pude-lograr-video\/#breadcrumb","itemListElement":[{"@type":"ListItem","position":1,"name":"Inicio","item":"https:\/\/www.celttv.com.ar\/"},{"@type":"ListItem","position":2,"name":"Valen Chuliver: &#8220;Siempre so\u00f1\u00e9 con ser campe\u00f3n y, por suerte, lo pude lograr&#8221; (Video)"}]},{"@type":"WebSite","@id":"https:\/\/www.celttv.com.ar\/#website","url":"https:\/\/www.celttv.com.ar\/","name":"CELTTV","description":"Cooperativa El\u00e9ctrica de Tornquist","publisher":{"@id":"https:\/\/www.celttv.com.ar\/#organization"},"potentialAction":[{"@type":"SearchAction","target":{"@type":"EntryPoint","urlTemplate":"https:\/\/www.celttv.com.ar\/?s={search_term_string}"},"query-input":"required name=search_term_string"}],"inLanguage":"es"},{"@type":"Organization","@id":"https:\/\/www.celttv.com.ar\/#organization","name":"CELTTV","url":"https:\/\/www.celttv.com.ar\/","sameAs":["https:\/\/www.youtube.com\/channel\/UCz_oIt8Hig64Ub-EmcNPIhg","https:\/\/www.facebook.com\/celtTV\/"],"logo":{"@type":"ImageObject","inLanguage":"es","@id":"https:\/\/www.celttv.com.ar\/#\/schema\/logo\/image\/","url":"http:\/\/www.celttv.com.ar\/wp-content\/uploads\/2022\/08\/logo-1.png","contentUrl":"http:\/\/www.celttv.com.ar\/wp-content\/uploads\/2022\/08\/logo-1.png","width":461,"height":159,"caption":"CELTTV"},"image":{"@id":"https:\/\/www.celttv.com.ar\/#\/schema\/logo\/image\/"}},{"@type":"Person","@id":"https:\/\/www.celttv.com.ar\/#\/schema\/person\/495be51d064edd971d8457f8f64eb172","name":"Rodrigo Sgammini","image":{"@type":"ImageObject","inLanguage":"es","@id":"https:\/\/www.celttv.com.ar\/#\/schema\/person\/image\/","url":"https:\/\/secure.gravatar.com\/avatar\/68f7848d42735e7a9276b47cd6e606327d88f521c51ae39d88888b76902e2987?s=96&d=mm&r=g","contentUrl":"https:\/\/secure.gravatar.com\/avatar\/68f7848d42735e7a9276b47cd6e606327d88f521c51ae39d88888b76902e2987?s=96&d=mm&r=g","caption":"Rodrigo Sgammini"}}]}},"_links":{"self":[{"href":"https:\/\/www.celttv.com.ar\/index.php\/wp-json\/wp\/v2\/posts\/79192","targetHints":{"allow":["GET"]}}],"collection":[{"href":"https:\/\/www.celttv.com.ar\/index.php\/wp-json\/wp\/v2\/posts"}],"about":[{"href":"https:\/\/www.celttv.com.ar\/index.php\/wp-json\/wp\/v2\/types\/post"}],"author":[{"embeddable":true,"href":"https:\/\/www.celttv.com.ar\/index.php\/wp-json\/wp\/v2\/users\/3"}],"replies":[{"embeddable":true,"href":"https:\/\/www.celttv.com.ar\/index.php\/wp-json\/wp\/v2\/comments?post=79192"}],"version-history":[{"count":1,"href":"https:\/\/www.celttv.com.ar\/index.php\/wp-json\/wp\/v2\/posts\/79192\/revisions"}],"predecessor-version":[{"id":79194,"href":"https:\/\/www.celttv.com.ar\/index.php\/wp-json\/wp\/v2\/posts\/79192\/revisions\/79194"}],"wp:featuredmedia":[{"embeddable":true,"href":"https:\/\/www.celttv.com.ar\/index.php\/wp-json\/wp\/v2\/media\/79195"}],"wp:attachment":[{"href":"https:\/\/www.celttv.com.ar\/index.php\/wp-json\/wp\/v2\/media?parent=79192"}],"wp:term":[{"taxonomy":"category","embeddable":true,"href":"https:\/\/www.celttv.com.ar\/index.php\/wp-json\/wp\/v2\/categories?post=79192"},{"taxonomy":"post_tag","embeddable":true,"href":"https:\/\/www.celttv.com.ar\/index.php\/wp-json\/wp\/v2\/tags?post=79192"}],"curies":[{"name":"wp","href":"https:\/\/api.w.org\/{rel}","templated":true}]}}