{"id":79203,"date":"2023-09-20T19:20:53","date_gmt":"2023-09-20T22:20:53","guid":{"rendered":"http:\/\/www.celttv.com.ar\/?p=79203"},"modified":"2023-09-20T19:22:55","modified_gmt":"2023-09-20T22:22:55","slug":"final-de-los-juegos-bonaerenses-tornquist-se-trae-cinco-medallas-de-mar-del-plata","status":"publish","type":"post","link":"https:\/\/www.celttv.com.ar\/index.php\/2023\/09\/20\/final-de-los-juegos-bonaerenses-tornquist-se-trae-cinco-medallas-de-mar-del-plata\/","title":{"rendered":"Final de los Juegos Bonaerenses: Tornquist se trae cinco medallas de Mar del Plata"},"content":{"rendered":"<p>La delegaci\u00f3n de Tornquist integrada por 130 personas, regres\u00f3 al distrito tras su participaci\u00f3n en la Final Provincial de los Juegos Bonaerenses 2023, desarrollada desde el viernes \u00faltimo en Mar del Plata.<\/p>\n<p>El martes, en el \u00faltimo d\u00eda de competencia para la mayor\u00eda de las disciplinas, Tornquist sum\u00f3 dos medallas de bronce en la categor\u00eda Adultos Mayores: en Tango, de la mano de Laura Zylbersztejm y Jorge Canolk; y en Chin Chon, con Olga Rivarola.<\/p>\n<p>De esta manera, son cinco las preseas logradas por la delegaci\u00f3n en la ciudad \u2018Feliz\u2019. Adem\u00e1s de las dos mencionadas, se llev\u00f3 las de oro conquistadas por Teatro Juvenil (elenco integrado por Emilia Ru, Simona Mart\u00ednez, Delfina Raising y Victorio Ferrari y dirigida por Luc\u00eda Urriaga y Julieta Braun), y por Ra\u00fal Del R\u00eco en Tenis de Mesa Trasplantados +60, quien recibi\u00f3 el premio al ser el \u00fanico competidor en dicha categor\u00eda; y la de bronce obtenida por Florencia Magnani en Atletismo 100 metros llanos PCD +17.<\/p>\n<p>En el resto de las disciplinas, ayer fue el turno de Videominuto Universitario (Agustin Ciancia), Solista Vocal PCD (Jonathan Esmoli), Stand Up Juveniles (Eolisa Flores Polac), y Poes\u00eda Adultos Mayores (Andrea Pagola). Y, en lo que respecta a deportes, compitieron Emanuel Marvan, Sof\u00eda Vanzillota y Valent\u00edn Schneider en Golf, y cerraron su participaci\u00f3n los representantes de ajedrez, tenis de mesa y atletismo.<\/p>\n<p>Hoy, en la \u00faltima jornada de la Final Provincial, hizo su presentaci\u00f3n Dibujo Universitario (Milagros Echegoyen) y Pintura (Elsa Rivero), y concluyeron la competencia los golfistas.<\/p>\n<p>As\u00ed, pas\u00f3 otra participaci\u00f3n del distrito de Tornquist en una final provincial de los Juegos Bonaerenses, donde m\u00e1s all\u00e1 de los logros obtenidos, cada uno de los participantes se trae una vivencia \u00fanica social, deportiva y cultural.<\/p>\n<p>Las subsecretar\u00edas de Deportes y Cultura agradecen y felicitan a todos participantes y profesores que fueron parte de los juegos, no solo en esta instancia sino en las etapas municipales y regionales, convoc\u00e1ndolos a seguir participando y vivir esta experiencia.<\/p>\n<p><img loading=\"lazy\" decoding=\"async\" class=\"alignnone wp-image-79204 size-large\" src=\"http:\/\/www.celttv.com.ar\/wp-content\/uploads\/2023\/09\/Ultimo-dia-JB-1-820x1024.jpeg\" alt=\"\" width=\"820\" height=\"1024\" srcset=\"https:\/\/www.celttv.com.ar\/wp-content\/uploads\/2023\/09\/Ultimo-dia-JB-1-820x1024.jpeg 820w, https:\/\/www.celttv.com.ar\/wp-content\/uploads\/2023\/09\/Ultimo-dia-JB-1-240x300.jpeg 240w, https:\/\/www.celttv.com.ar\/wp-content\/uploads\/2023\/09\/Ultimo-dia-JB-1-768x959.jpeg 768w, https:\/\/www.celttv.com.ar\/wp-content\/uploads\/2023\/09\/Ultimo-dia-JB-1-750x937.jpeg 750w, https:\/\/www.celttv.com.ar\/wp-content\/uploads\/2023\/09\/Ultimo-dia-JB-1.jpeg 1092w\" sizes=\"auto, (max-width: 820px) 100vw, 820px\" \/> <img loading=\"lazy\" decoding=\"async\" class=\"alignnone wp-image-79205 size-large\" src=\"http:\/\/www.celttv.com.ar\/wp-content\/uploads\/2023\/09\/Ultimo-dia-JB-1-1024x683.jpg\" alt=\"\" width=\"1024\" height=\"683\" srcset=\"https:\/\/www.celttv.com.ar\/wp-content\/uploads\/2023\/09\/Ultimo-dia-JB-1-1024x683.jpg 1024w, https:\/\/www.celttv.com.ar\/wp-content\/uploads\/2023\/09\/Ultimo-dia-JB-1-300x200.jpg 300w, https:\/\/www.celttv.com.ar\/wp-content\/uploads\/2023\/09\/Ultimo-dia-JB-1-768x512.jpg 768w, https:\/\/www.celttv.com.ar\/wp-content\/uploads\/2023\/09\/Ultimo-dia-JB-1-1536x1024.jpg 1536w, https:\/\/www.celttv.com.ar\/wp-content\/uploads\/2023\/09\/Ultimo-dia-JB-1-750x500.jpg 750w, https:\/\/www.celttv.com.ar\/wp-content\/uploads\/2023\/09\/Ultimo-dia-JB-1-1140x760.jpg 1140w, https:\/\/www.celttv.com.ar\/wp-content\/uploads\/2023\/09\/Ultimo-dia-JB-1.jpg 1620w\" sizes=\"auto, (max-width: 1024px) 100vw, 1024px\" \/> <img loading=\"lazy\" decoding=\"async\" class=\"alignnone wp-image-79206 size-large\" src=\"http:\/\/www.celttv.com.ar\/wp-content\/uploads\/2023\/09\/Ultimo-dia-JB-9-768x1024.jpeg\" alt=\"\" width=\"768\" height=\"1024\" srcset=\"https:\/\/www.celttv.com.ar\/wp-content\/uploads\/2023\/09\/Ultimo-dia-JB-9-768x1024.jpeg 768w, https:\/\/www.celttv.com.ar\/wp-content\/uploads\/2023\/09\/Ultimo-dia-JB-9-225x300.jpeg 225w, https:\/\/www.celttv.com.ar\/wp-content\/uploads\/2023\/09\/Ultimo-dia-JB-9-1152x1536.jpeg 1152w, https:\/\/www.celttv.com.ar\/wp-content\/uploads\/2023\/09\/Ultimo-dia-JB-9-750x1000.jpeg 750w, https:\/\/www.celttv.com.ar\/wp-content\/uploads\/2023\/09\/Ultimo-dia-JB-9-1140x1520.jpeg 1140w, https:\/\/www.celttv.com.ar\/wp-content\/uploads\/2023\/09\/Ultimo-dia-JB-9.jpeg 1200w\" sizes=\"auto, (max-width: 768px) 100vw, 768px\" \/> <img loading=\"lazy\" decoding=\"async\" class=\"alignnone wp-image-79207 size-full\" src=\"http:\/\/www.celttv.com.ar\/wp-content\/uploads\/2023\/09\/Ultimo-dia-JB-11.jpeg\" alt=\"\" width=\"847\" height=\"1015\" srcset=\"https:\/\/www.celttv.com.ar\/wp-content\/uploads\/2023\/09\/Ultimo-dia-JB-11.jpeg 847w, https:\/\/www.celttv.com.ar\/wp-content\/uploads\/2023\/09\/Ultimo-dia-JB-11-250x300.jpeg 250w, https:\/\/www.celttv.com.ar\/wp-content\/uploads\/2023\/09\/Ultimo-dia-JB-11-768x920.jpeg 768w, https:\/\/www.celttv.com.ar\/wp-content\/uploads\/2023\/09\/Ultimo-dia-JB-11-750x899.jpeg 750w\" sizes=\"auto, (max-width: 847px) 100vw, 847px\" \/> <img loading=\"lazy\" decoding=\"async\" class=\"alignnone wp-image-79208 size-large\" src=\"http:\/\/www.celttv.com.ar\/wp-content\/uploads\/2023\/09\/Ultimo-dia-JB-12-816x1024.jpeg\" alt=\"\" width=\"816\" height=\"1024\" srcset=\"https:\/\/www.celttv.com.ar\/wp-content\/uploads\/2023\/09\/Ultimo-dia-JB-12-816x1024.jpeg 816w, https:\/\/www.celttv.com.ar\/wp-content\/uploads\/2023\/09\/Ultimo-dia-JB-12-239x300.jpeg 239w, https:\/\/www.celttv.com.ar\/wp-content\/uploads\/2023\/09\/Ultimo-dia-JB-12-768x964.jpeg 768w, https:\/\/www.celttv.com.ar\/wp-content\/uploads\/2023\/09\/Ultimo-dia-JB-12-750x941.jpeg 750w, https:\/\/www.celttv.com.ar\/wp-content\/uploads\/2023\/09\/Ultimo-dia-JB-12.jpeg 1044w\" sizes=\"auto, (max-width: 816px) 100vw, 816px\" \/> <img loading=\"lazy\" decoding=\"async\" class=\"alignnone wp-image-79209 size-large\" src=\"http:\/\/www.celttv.com.ar\/wp-content\/uploads\/2023\/09\/Ultimo-dia-JB-13-722x1024.jpeg\" alt=\"\" width=\"722\" height=\"1024\" srcset=\"https:\/\/www.celttv.com.ar\/wp-content\/uploads\/2023\/09\/Ultimo-dia-JB-13-722x1024.jpeg 722w, https:\/\/www.celttv.com.ar\/wp-content\/uploads\/2023\/09\/Ultimo-dia-JB-13-212x300.jpeg 212w, https:\/\/www.celttv.com.ar\/wp-content\/uploads\/2023\/09\/Ultimo-dia-JB-13-768x1089.jpeg 768w, https:\/\/www.celttv.com.ar\/wp-content\/uploads\/2023\/09\/Ultimo-dia-JB-13-750x1063.jpeg 750w, https:\/\/www.celttv.com.ar\/wp-content\/uploads\/2023\/09\/Ultimo-dia-JB-13.jpeg 984w\" sizes=\"auto, (max-width: 722px) 100vw, 722px\" \/><\/p>\n","protected":false},"excerpt":{"rendered":"<p>La delegaci\u00f3n de Tornquist integrada por 130 personas, regres\u00f3 al distrito tras su participaci\u00f3n en la Final Provincial de los Juegos Bonaerenses 2023, desarrollada desde el viernes \u00faltimo en Mar del Plata. El martes, en el \u00faltimo d\u00eda de competencia para la mayor\u00eda de las disciplinas, Tornquist sum\u00f3 dos medallas de bronce en la categor\u00eda [&hellip;]<\/p>\n","protected":false},"author":3,"featured_media":79211,"comment_status":"closed","ping_status":"closed","sticky":false,"template":"","format":"standard","meta":{"footnotes":""},"categories":[55],"tags":[],"class_list":["post-79203","post","type-post","status-publish","format-standard","has-post-thumbnail","hentry","category-celt-tv-noticias"],"yoast_head":"<!-- This site is optimized with the Yoast SEO plugin v19.7.1 - https:\/\/yoast.com\/wordpress\/plugins\/seo\/ -->\n<title>Final de los Juegos Bonaerenses: Tornquist se trae cinco medallas de Mar del Plata - CELTTV<\/title>\n<meta name=\"description\" content=\"Sitio web de noticias de la localidad de Tornquist, provincia de Buenos Aires, Rep\u00fablica Argentina. Contenido propio originado por periodistas de CELTTV, el canal de TV local de la Cooperativa El\u00e9ctrica de Tornquist. Turismo, Pol\u00edtica, Sociedad, Deporte, Cultura y todo el contenido de inter\u00e9s general que la gente del pueblo y la regi\u00f3n debe conocer.\" \/>\n<meta name=\"robots\" content=\"index, follow, max-snippet:-1, max-image-preview:large, max-video-preview:-1\" \/>\n<link rel=\"canonical\" href=\"https:\/\/www.celttv.com.ar\/index.php\/2023\/09\/20\/final-de-los-juegos-bonaerenses-tornquist-se-trae-cinco-medallas-de-mar-del-plata\/\" \/>\n<meta property=\"og:locale\" content=\"es_ES\" \/>\n<meta property=\"og:type\" content=\"article\" \/>\n<meta property=\"og:title\" content=\"Final de los Juegos Bonaerenses: Tornquist se trae cinco medallas de Mar del Plata - CELTTV\" \/>\n<meta property=\"og:description\" content=\"Sitio web de noticias de la localidad de Tornquist, provincia de Buenos Aires, Rep\u00fablica Argentina. Contenido propio originado por periodistas de CELTTV, el canal de TV local de la Cooperativa El\u00e9ctrica de Tornquist. Turismo, Pol\u00edtica, Sociedad, Deporte, Cultura y todo el contenido de inter\u00e9s general que la gente del pueblo y la regi\u00f3n debe conocer.\" \/>\n<meta property=\"og:url\" content=\"https:\/\/www.celttv.com.ar\/index.php\/2023\/09\/20\/final-de-los-juegos-bonaerenses-tornquist-se-trae-cinco-medallas-de-mar-del-plata\/\" \/>\n<meta property=\"og:site_name\" content=\"CELTTV\" \/>\n<meta property=\"article:publisher\" content=\"https:\/\/www.facebook.com\/celtTV\/\" \/>\n<meta property=\"article:published_time\" content=\"2023-09-20T22:20:53+00:00\" \/>\n<meta property=\"article:modified_time\" content=\"2023-09-20T22:22:55+00:00\" \/>\n<meta property=\"og:image\" content=\"https:\/\/www.celttv.com.ar\/wp-content\/uploads\/2023\/09\/Ultimo-dia-JB-13-1.jpeg\" \/>\n\t<meta property=\"og:image:width\" content=\"979\" \/>\n\t<meta property=\"og:image:height\" content=\"797\" \/>\n\t<meta property=\"og:image:type\" content=\"image\/jpeg\" \/>\n<meta name=\"author\" content=\"Rodrigo Sgammini\" \/>\n<meta name=\"twitter:card\" content=\"summary_large_image\" \/>\n<meta name=\"twitter:label1\" content=\"Escrito por\" \/>\n\t<meta name=\"twitter:data1\" content=\"Rodrigo Sgammini\" \/>\n\t<meta name=\"twitter:label2\" content=\"Tiempo de lectura\" \/>\n\t<meta name=\"twitter:data2\" content=\"2 minutos\" \/>\n<script type=\"application\/ld+json\" class=\"yoast-schema-graph\">{\"@context\":\"https:\/\/schema.org\",\"@graph\":[{\"@type\":\"NewsArticle\",\"@id\":\"https:\/\/www.celttv.com.ar\/index.php\/2023\/09\/20\/final-de-los-juegos-bonaerenses-tornquist-se-trae-cinco-medallas-de-mar-del-plata\/#article\",\"isPartOf\":{\"@id\":\"https:\/\/www.celttv.com.ar\/index.php\/2023\/09\/20\/final-de-los-juegos-bonaerenses-tornquist-se-trae-cinco-medallas-de-mar-del-plata\/\"},\"author\":{\"name\":\"Rodrigo Sgammini\",\"@id\":\"https:\/\/www.celttv.com.ar\/#\/schema\/person\/495be51d064edd971d8457f8f64eb172\"},\"headline\":\"Final de los Juegos Bonaerenses: Tornquist se trae cinco medallas de Mar del Plata\",\"datePublished\":\"2023-09-20T22:20:53+00:00\",\"dateModified\":\"2023-09-20T22:22:55+00:00\",\"mainEntityOfPage\":{\"@id\":\"https:\/\/www.celttv.com.ar\/index.php\/2023\/09\/20\/final-de-los-juegos-bonaerenses-tornquist-se-trae-cinco-medallas-de-mar-del-plata\/\"},\"wordCount\":357,\"publisher\":{\"@id\":\"https:\/\/www.celttv.com.ar\/#organization\"},\"articleSection\":[\"Celt TV Noticias\"],\"inLanguage\":\"es\"},{\"@type\":\"WebPage\",\"@id\":\"https:\/\/www.celttv.com.ar\/index.php\/2023\/09\/20\/final-de-los-juegos-bonaerenses-tornquist-se-trae-cinco-medallas-de-mar-del-plata\/\",\"url\":\"https:\/\/www.celttv.com.ar\/index.php\/2023\/09\/20\/final-de-los-juegos-bonaerenses-tornquist-se-trae-cinco-medallas-de-mar-del-plata\/\",\"name\":\"Final de los Juegos Bonaerenses: Tornquist se trae cinco medallas de Mar del Plata - CELTTV\",\"isPartOf\":{\"@id\":\"https:\/\/www.celttv.com.ar\/#website\"},\"datePublished\":\"2023-09-20T22:20:53+00:00\",\"dateModified\":\"2023-09-20T22:22:55+00:00\",\"description\":\"Sitio web de noticias de la localidad de Tornquist, provincia de Buenos Aires, Rep\u00fablica Argentina. Contenido propio originado por periodistas de CELTTV, el canal de TV local de la Cooperativa El\u00e9ctrica de Tornquist. Turismo, Pol\u00edtica, Sociedad, Deporte, Cultura y todo el contenido de inter\u00e9s general que la gente del pueblo y la regi\u00f3n debe conocer.\",\"breadcrumb\":{\"@id\":\"https:\/\/www.celttv.com.ar\/index.php\/2023\/09\/20\/final-de-los-juegos-bonaerenses-tornquist-se-trae-cinco-medallas-de-mar-del-plata\/#breadcrumb\"},\"inLanguage\":\"es\",\"potentialAction\":[{\"@type\":\"ReadAction\",\"target\":[\"https:\/\/www.celttv.com.ar\/index.php\/2023\/09\/20\/final-de-los-juegos-bonaerenses-tornquist-se-trae-cinco-medallas-de-mar-del-plata\/\"]}]},{\"@type\":\"BreadcrumbList\",\"@id\":\"https:\/\/www.celttv.com.ar\/index.php\/2023\/09\/20\/final-de-los-juegos-bonaerenses-tornquist-se-trae-cinco-medallas-de-mar-del-plata\/#breadcrumb\",\"itemListElement\":[{\"@type\":\"ListItem\",\"position\":1,\"name\":\"Inicio\",\"item\":\"https:\/\/www.celttv.com.ar\/\"},{\"@type\":\"ListItem\",\"position\":2,\"name\":\"Final de los Juegos Bonaerenses: Tornquist se trae cinco medallas de Mar del Plata\"}]},{\"@type\":\"WebSite\",\"@id\":\"https:\/\/www.celttv.com.ar\/#website\",\"url\":\"https:\/\/www.celttv.com.ar\/\",\"name\":\"CELTTV\",\"description\":\"Cooperativa El\u00e9ctrica de Tornquist\",\"publisher\":{\"@id\":\"https:\/\/www.celttv.com.ar\/#organization\"},\"potentialAction\":[{\"@type\":\"SearchAction\",\"target\":{\"@type\":\"EntryPoint\",\"urlTemplate\":\"https:\/\/www.celttv.com.ar\/?s={search_term_string}\"},\"query-input\":\"required name=search_term_string\"}],\"inLanguage\":\"es\"},{\"@type\":\"Organization\",\"@id\":\"https:\/\/www.celttv.com.ar\/#organization\",\"name\":\"CELTTV\",\"url\":\"https:\/\/www.celttv.com.ar\/\",\"sameAs\":[\"https:\/\/www.youtube.com\/channel\/UCz_oIt8Hig64Ub-EmcNPIhg\",\"https:\/\/www.facebook.com\/celtTV\/\"],\"logo\":{\"@type\":\"ImageObject\",\"inLanguage\":\"es\",\"@id\":\"https:\/\/www.celttv.com.ar\/#\/schema\/logo\/image\/\",\"url\":\"http:\/\/www.celttv.com.ar\/wp-content\/uploads\/2022\/08\/logo-1.png\",\"contentUrl\":\"http:\/\/www.celttv.com.ar\/wp-content\/uploads\/2022\/08\/logo-1.png\",\"width\":461,\"height\":159,\"caption\":\"CELTTV\"},\"image\":{\"@id\":\"https:\/\/www.celttv.com.ar\/#\/schema\/logo\/image\/\"}},{\"@type\":\"Person\",\"@id\":\"https:\/\/www.celttv.com.ar\/#\/schema\/person\/495be51d064edd971d8457f8f64eb172\",\"name\":\"Rodrigo Sgammini\",\"image\":{\"@type\":\"ImageObject\",\"inLanguage\":\"es\",\"@id\":\"https:\/\/www.celttv.com.ar\/#\/schema\/person\/image\/\",\"url\":\"https:\/\/secure.gravatar.com\/avatar\/68f7848d42735e7a9276b47cd6e606327d88f521c51ae39d88888b76902e2987?s=96&d=mm&r=g\",\"contentUrl\":\"https:\/\/secure.gravatar.com\/avatar\/68f7848d42735e7a9276b47cd6e606327d88f521c51ae39d88888b76902e2987?s=96&d=mm&r=g\",\"caption\":\"Rodrigo Sgammini\"}}]}<\/script>\n<!-- \/ Yoast SEO plugin. -->","yoast_head_json":{"title":"Final de los Juegos Bonaerenses: Tornquist se trae cinco medallas de Mar del Plata - CELTTV","description":"Sitio web de noticias de la localidad de Tornquist, provincia de Buenos Aires, Rep\u00fablica Argentina. Contenido propio originado por periodistas de CELTTV, el canal de TV local de la Cooperativa El\u00e9ctrica de Tornquist. Turismo, Pol\u00edtica, Sociedad, Deporte, Cultura y todo el contenido de inter\u00e9s general que la gente del pueblo y la regi\u00f3n debe conocer.","robots":{"index":"index","follow":"follow","max-snippet":"max-snippet:-1","max-image-preview":"max-image-preview:large","max-video-preview":"max-video-preview:-1"},"canonical":"https:\/\/www.celttv.com.ar\/index.php\/2023\/09\/20\/final-de-los-juegos-bonaerenses-tornquist-se-trae-cinco-medallas-de-mar-del-plata\/","og_locale":"es_ES","og_type":"article","og_title":"Final de los Juegos Bonaerenses: Tornquist se trae cinco medallas de Mar del Plata - CELTTV","og_description":"Sitio web de noticias de la localidad de Tornquist, provincia de Buenos Aires, Rep\u00fablica Argentina. Contenido propio originado por periodistas de CELTTV, el canal de TV local de la Cooperativa El\u00e9ctrica de Tornquist. Turismo, Pol\u00edtica, Sociedad, Deporte, Cultura y todo el contenido de inter\u00e9s general que la gente del pueblo y la regi\u00f3n debe conocer.","og_url":"https:\/\/www.celttv.com.ar\/index.php\/2023\/09\/20\/final-de-los-juegos-bonaerenses-tornquist-se-trae-cinco-medallas-de-mar-del-plata\/","og_site_name":"CELTTV","article_publisher":"https:\/\/www.facebook.com\/celtTV\/","article_published_time":"2023-09-20T22:20:53+00:00","article_modified_time":"2023-09-20T22:22:55+00:00","og_image":[{"width":979,"height":797,"url":"https:\/\/www.celttv.com.ar\/wp-content\/uploads\/2023\/09\/Ultimo-dia-JB-13-1.jpeg","type":"image\/jpeg"}],"author":"Rodrigo Sgammini","twitter_card":"summary_large_image","twitter_misc":{"Escrito por":"Rodrigo Sgammini","Tiempo de lectura":"2 minutos"},"schema":{"@context":"https:\/\/schema.org","@graph":[{"@type":"NewsArticle","@id":"https:\/\/www.celttv.com.ar\/index.php\/2023\/09\/20\/final-de-los-juegos-bonaerenses-tornquist-se-trae-cinco-medallas-de-mar-del-plata\/#article","isPartOf":{"@id":"https:\/\/www.celttv.com.ar\/index.php\/2023\/09\/20\/final-de-los-juegos-bonaerenses-tornquist-se-trae-cinco-medallas-de-mar-del-plata\/"},"author":{"name":"Rodrigo Sgammini","@id":"https:\/\/www.celttv.com.ar\/#\/schema\/person\/495be51d064edd971d8457f8f64eb172"},"headline":"Final de los Juegos Bonaerenses: Tornquist se trae cinco medallas de Mar del Plata","datePublished":"2023-09-20T22:20:53+00:00","dateModified":"2023-09-20T22:22:55+00:00","mainEntityOfPage":{"@id":"https:\/\/www.celttv.com.ar\/index.php\/2023\/09\/20\/final-de-los-juegos-bonaerenses-tornquist-se-trae-cinco-medallas-de-mar-del-plata\/"},"wordCount":357,"publisher":{"@id":"https:\/\/www.celttv.com.ar\/#organization"},"articleSection":["Celt TV Noticias"],"inLanguage":"es"},{"@type":"WebPage","@id":"https:\/\/www.celttv.com.ar\/index.php\/2023\/09\/20\/final-de-los-juegos-bonaerenses-tornquist-se-trae-cinco-medallas-de-mar-del-plata\/","url":"https:\/\/www.celttv.com.ar\/index.php\/2023\/09\/20\/final-de-los-juegos-bonaerenses-tornquist-se-trae-cinco-medallas-de-mar-del-plata\/","name":"Final de los Juegos Bonaerenses: Tornquist se trae cinco medallas de Mar del Plata - CELTTV","isPartOf":{"@id":"https:\/\/www.celttv.com.ar\/#website"},"datePublished":"2023-09-20T22:20:53+00:00","dateModified":"2023-09-20T22:22:55+00:00","description":"Sitio web de noticias de la localidad de Tornquist, provincia de Buenos Aires, Rep\u00fablica Argentina. Contenido propio originado por periodistas de CELTTV, el canal de TV local de la Cooperativa El\u00e9ctrica de Tornquist. Turismo, Pol\u00edtica, Sociedad, Deporte, Cultura y todo el contenido de inter\u00e9s general que la gente del pueblo y la regi\u00f3n debe conocer.","breadcrumb":{"@id":"https:\/\/www.celttv.com.ar\/index.php\/2023\/09\/20\/final-de-los-juegos-bonaerenses-tornquist-se-trae-cinco-medallas-de-mar-del-plata\/#breadcrumb"},"inLanguage":"es","potentialAction":[{"@type":"ReadAction","target":["https:\/\/www.celttv.com.ar\/index.php\/2023\/09\/20\/final-de-los-juegos-bonaerenses-tornquist-se-trae-cinco-medallas-de-mar-del-plata\/"]}]},{"@type":"BreadcrumbList","@id":"https:\/\/www.celttv.com.ar\/index.php\/2023\/09\/20\/final-de-los-juegos-bonaerenses-tornquist-se-trae-cinco-medallas-de-mar-del-plata\/#breadcrumb","itemListElement":[{"@type":"ListItem","position":1,"name":"Inicio","item":"https:\/\/www.celttv.com.ar\/"},{"@type":"ListItem","position":2,"name":"Final de los Juegos Bonaerenses: Tornquist se trae cinco medallas de Mar del Plata"}]},{"@type":"WebSite","@id":"https:\/\/www.celttv.com.ar\/#website","url":"https:\/\/www.celttv.com.ar\/","name":"CELTTV","description":"Cooperativa El\u00e9ctrica de Tornquist","publisher":{"@id":"https:\/\/www.celttv.com.ar\/#organization"},"potentialAction":[{"@type":"SearchAction","target":{"@type":"EntryPoint","urlTemplate":"https:\/\/www.celttv.com.ar\/?s={search_term_string}"},"query-input":"required name=search_term_string"}],"inLanguage":"es"},{"@type":"Organization","@id":"https:\/\/www.celttv.com.ar\/#organization","name":"CELTTV","url":"https:\/\/www.celttv.com.ar\/","sameAs":["https:\/\/www.youtube.com\/channel\/UCz_oIt8Hig64Ub-EmcNPIhg","https:\/\/www.facebook.com\/celtTV\/"],"logo":{"@type":"ImageObject","inLanguage":"es","@id":"https:\/\/www.celttv.com.ar\/#\/schema\/logo\/image\/","url":"http:\/\/www.celttv.com.ar\/wp-content\/uploads\/2022\/08\/logo-1.png","contentUrl":"http:\/\/www.celttv.com.ar\/wp-content\/uploads\/2022\/08\/logo-1.png","width":461,"height":159,"caption":"CELTTV"},"image":{"@id":"https:\/\/www.celttv.com.ar\/#\/schema\/logo\/image\/"}},{"@type":"Person","@id":"https:\/\/www.celttv.com.ar\/#\/schema\/person\/495be51d064edd971d8457f8f64eb172","name":"Rodrigo Sgammini","image":{"@type":"ImageObject","inLanguage":"es","@id":"https:\/\/www.celttv.com.ar\/#\/schema\/person\/image\/","url":"https:\/\/secure.gravatar.com\/avatar\/68f7848d42735e7a9276b47cd6e606327d88f521c51ae39d88888b76902e2987?s=96&d=mm&r=g","contentUrl":"https:\/\/secure.gravatar.com\/avatar\/68f7848d42735e7a9276b47cd6e606327d88f521c51ae39d88888b76902e2987?s=96&d=mm&r=g","caption":"Rodrigo Sgammini"}}]}},"_links":{"self":[{"href":"https:\/\/www.celttv.com.ar\/index.php\/wp-json\/wp\/v2\/posts\/79203","targetHints":{"allow":["GET"]}}],"collection":[{"href":"https:\/\/www.celttv.com.ar\/index.php\/wp-json\/wp\/v2\/posts"}],"about":[{"href":"https:\/\/www.celttv.com.ar\/index.php\/wp-json\/wp\/v2\/types\/post"}],"author":[{"embeddable":true,"href":"https:\/\/www.celttv.com.ar\/index.php\/wp-json\/wp\/v2\/users\/3"}],"replies":[{"embeddable":true,"href":"https:\/\/www.celttv.com.ar\/index.php\/wp-json\/wp\/v2\/comments?post=79203"}],"version-history":[{"count":1,"href":"https:\/\/www.celttv.com.ar\/index.php\/wp-json\/wp\/v2\/posts\/79203\/revisions"}],"predecessor-version":[{"id":79210,"href":"https:\/\/www.celttv.com.ar\/index.php\/wp-json\/wp\/v2\/posts\/79203\/revisions\/79210"}],"wp:featuredmedia":[{"embeddable":true,"href":"https:\/\/www.celttv.com.ar\/index.php\/wp-json\/wp\/v2\/media\/79211"}],"wp:attachment":[{"href":"https:\/\/www.celttv.com.ar\/index.php\/wp-json\/wp\/v2\/media?parent=79203"}],"wp:term":[{"taxonomy":"category","embeddable":true,"href":"https:\/\/www.celttv.com.ar\/index.php\/wp-json\/wp\/v2\/categories?post=79203"},{"taxonomy":"post_tag","embeddable":true,"href":"https:\/\/www.celttv.com.ar\/index.php\/wp-json\/wp\/v2\/tags?post=79203"}],"curies":[{"name":"wp","href":"https:\/\/api.w.org\/{rel}","templated":true}]}}