{"id":79229,"date":"2023-09-21T21:31:39","date_gmt":"2023-09-22T00:31:39","guid":{"rendered":"http:\/\/www.celttv.com.ar\/?p=79229"},"modified":"2023-09-21T21:31:39","modified_gmt":"2023-09-22T00:31:39","slug":"informe-de-la-asamblea-de-concejales-y-mayores-contribuyentes-y-de-la-ultima-sesion-ordinaria-videos","status":"publish","type":"post","link":"https:\/\/www.celttv.com.ar\/index.php\/2023\/09\/21\/informe-de-la-asamblea-de-concejales-y-mayores-contribuyentes-y-de-la-ultima-sesion-ordinaria-videos\/","title":{"rendered":"Informe de la asamblea de concejales y mayores contribuyentes y de la \u00faltima sesi\u00f3n ordinaria (Videos)"},"content":{"rendered":"<p><strong><u>INFORME DE LA\u00a0 ASAMBLEA DE CONCEJALES Y MAYORES CONTRIBUYENTES Y DE LA SESI\u00d3N ORDINARIA DE FECHA 19-09-23<\/u><\/strong><\/p>\n<p><strong><u>\u00a0<\/u><\/strong><\/p>\n<p>Convocados por Decreto N\u00ba 12\/23 el d\u00eda 19 de septiembre se realiz\u00f3 la Asamblea de Concejales y Mayores Contribuyentes para tratar el siguiente tema:<\/p>\n<p>&nbsp;<\/p>\n<ul>\n<li><u> <\/u><strong><u>N\u00ba 195\/20:<\/u><\/strong> &#8211; D.E. &#8211; Autoriza Reprogramaci\u00f3n de las deudas municipales ref. \u201cFondo Especial de Emergencia Sanitaria para la Contenci\u00f3n Fiscal Municipal\u201d.-<\/li>\n<\/ul>\n<p>&nbsp;<\/p>\n<p>Seg\u00fan el dictamen de la Asamblea de Concejales y Mayores Contribuyentes se aprueba por unanimidad la Ordenanza Definitiva N\u00ba 3686\/23 por la que se adhiere a la reprogramaci\u00f3n de las deudas municipales generadas en el marco del <em>\u201cFondo Especial de Emergencia Sanitaria para la Contenci\u00f3n Fiscal Municipal\u201d<\/em> creado por el Decreto N\u00ba 264\/20 (ratificado por la Ley N\u00ba 15.174), complementado por el art\u00edculo 47 de la Ley N\u00b0 15.394 y la Resoluci\u00f3n N\u00b0 780\/23 del Ministerio de Hacienda y Finanzas de la Provincia, por la suma de PESOS CATORCE MILLONES OCHOCIENTOS MIL CON 00\/100 ($14.800.000,00).<\/p>\n<p>&nbsp;<\/p>\n<p><strong><u>ART\u00cdCULO 2\u00ba:<\/u><\/strong> Establ\u00e9zcase que la reprogramaci\u00f3n mencionada en el anteriormente, se ajustar\u00e1 a las siguientes condiciones financieras:<\/p>\n<p>&nbsp;<\/p>\n<ol start=\"14\">\n<li>a) <strong>TOTAL DE LA DEUDA MUNICIPAL ALCANZADA:<\/strong> PESOS CATORCE MILLONES OCHOCIENTOS MIL CON 00\/100 ($14.800.000,00).<\/li>\n<li>b) <strong>PLAZO DE GRACIA:<\/strong> hasta el 1 de diciembre de 2023.<\/li>\n<li>c<strong>) PLAZO DE DEVOLUCI\u00d2N, VALOR Y PERIODICIDAD DE LAS CUOTAS:<\/strong> de dieciocho (18) meses, en cuotas mensuales, iguales y consecutivas desde el fin del plazo de gracia.<\/li>\n<li>d) <strong>MEDIO DE PAGO Y GARANTIA:<\/strong> los recursos que le corresponda percibir a este municipio en virtud del R\u00e9gimen de Coparticipaci\u00f3n Municipal de Impuestos establecido por la Ley N\u00ba 10.559, sus modificatorias y complementarias, o el r\u00e9gimen que en el futuro lo sustituya o reemplace.<\/li>\n<\/ol>\n<p>&nbsp;<\/p>\n<p><strong><u>ART\u00cdCULO 3\u00ba:<\/u><\/strong> Af\u00e9ctense, en favor de la provincia de Buenos Aires, los recursos que le corresponda percibir a este municipio en virtud del R\u00e9gimen de Coparticipaci\u00f3n Municipal de Impuestos establecido por la Ley N\u00ba 10.559, sus modificatorias y complementarias, o el r\u00e9gimen que en el futuro lo reemplace, como medio de pago y garant\u00eda de la deuda reprogramada.<\/p>\n<p>&nbsp;<\/p>\n<p><strong><u>ART\u00cdCULO 4\u00ba:<\/u><\/strong> El Departamento Ejecutivo prever\u00e1 en presupuestos de los ejercicios fiscales futuros las partidas necesarias para atender la cancelaci\u00f3n total de la Reprogramaci\u00f3n de Deudas Municipales generadas en el marco de las normas detalladas en el art\u00edculo 1\u00b0 del presente.<\/p>\n<p><strong>\u00a0<\/strong><\/p>\n<p>Alocuciones de los Concejales y Mayores Contribuyentes:<\/p>\n<p>&nbsp;<\/p>\n<p>Concejal Elisabet Nori:<\/p>\n<p>\u201cBueno como siempre, y como lo hacemos cada vez que sucede una Asamblea de Mayores Contribuyentes quiero hacer extensivo el agradecimiento a todos los Mayores Contribuyentes presentes porque siempre demuestran una excelente predisposici\u00f3n, una colaboraci\u00f3n y un nivel de participaci\u00f3n realmente destacable. Y, justamente por estar ac\u00e1 y cumplir con un deber ciudadano. A todos ellos muchas gracias\u201d<\/p>\n<p>&nbsp;<\/p>\n<p>Concejal Marcela Gimenez:<\/p>\n<p>\u201cUnirme por supuesto al agradecimiento de la Concejal Elisabet Nori hacia los Mayores Contribuyentes en el sentido de destacar por supuesto la participaci\u00f3n ciudadana y lo gran valioso que tenemos hoy que a nadie le sobra que es el tiempo que prestan para poder estar presentes hoy y acompa\u00f1arnos en estas decisiones que son tan importantes para nuestro municipio. Nada m\u00e1s, muchas gracias.\u201d<\/p>\n<p>&nbsp;<\/p>\n<p>&nbsp;<\/p>\n<p>Pasada la Asamblea, se realiz\u00f3 una Sesi\u00f3n Ordinaria donde se efectu\u00f3 el uso de la Banca Concejal N\u00b0 13, y se trataron los siguientes temas:<\/p>\n<p>&nbsp;<\/p>\n<p><strong><u>Uso Banca Concejal N\u00ba 13<\/u><\/strong><\/p>\n<p><u>\u00a0<\/u><\/p>\n<p>#<strong><u>Expte. N\u00ba 7671\/23:<\/u><\/strong> &#8211; N.P. &#8211; Jard\u00edn de Infantes N\u00b0 902 de Saldungaray: Solicita uso Banca Concejal N\u00b0 13.-<\/p>\n<p><iframe loading=\"lazy\" title=\"2023 09 20 HCD BANCA 13 1 LUCIA VELAZQUEZ   DEBORA CHUICA FOITZIK ALOCUCION COMPLETA\" width=\"500\" height=\"281\" src=\"https:\/\/www.youtube.com\/embed\/F7keb7PNAsw?feature=oembed\" frameborder=\"0\" allow=\"accelerometer; autoplay; clipboard-write; encrypted-media; gyroscope; picture-in-picture; web-share\" referrerpolicy=\"strict-origin-when-cross-origin\" allowfullscreen><\/iframe><\/p>\n<p>Docentes D\u00e9bora Chiuca Foitzick y Lucrecia Silva: \u201cMuchas gracias. Buenas noches a todos. Bueno, hoy estamos aqu\u00ed para solicitar la Banca 13, a fin de presentar un proyecto desarrollado a nivel institucional por los ni\u00f1os y ni\u00f1as de las 3\u00b0 secciones del jard\u00edn de infantes, Jard\u00edn 902 de Saldungaray. Queremos abordar su ampliaci\u00f3n y difusi\u00f3n de manera intersectorial, distrital y regional, generando un impacto comunitario, enmarcado en los lineamientos y en la Ley de Educaci\u00f3n Ambiental Integral N\u00b0 27.621, de una manera transversal, permanente y continua, reflexionando acerca del cuidado y protecci\u00f3n del ambiente como parte de la construcci\u00f3n de ciudadan\u00edas democr\u00e1ticas en un marco de derechos, donde los ni\u00f1os y ni\u00f1as son protagonistas activos de este proceso. En el proyecto, trabajaron ambas salas de la 3\u00ba secci\u00f3n de 5 a\u00f1os. El proyecto se denomin\u00f3, \u201cFolleto para la prevenci\u00f3n y concientizaci\u00f3n de incendios forestales en la Comarca Serrana\u201d. Este folleto, contribuye al cuidado del medio ambiente, tambi\u00e9n preservando la distinta flora y fauna de nuestro lugar, de nuestro ambiente. Y asimismo proteger la diversidad de nuestro lugar y tambi\u00e9n el ser humano, identificando los conceptos relacionados con el origen y da\u00f1o que producen los incendios forestales en nuestra comarca serrana. Asimismo, determinaron que los factores que aumentan el peligro y las acciones es necesario prevenirlos. Bueno, este fue un proyecto que a partir del desarrollo de actividades, los ni\u00f1os y ni\u00f1as a trav\u00e9s de diferentes investigaciones, concluyeron que fue escasa, que era escasa la informaci\u00f3n o no exist\u00eda \u00bfno? la prevenci\u00f3n de incendios forestales. Se llev\u00f3 a cabo distintas investigaciones, donde nos acercamos a las oficinas de turismo, de informes tur\u00edsticos del Distrito. Nos acercamos, nosotros a la m\u00e1s cercana, de Saldungaray. Y bueno, al ser escasa, porque solo en temporadas de calor, en temporadas de incendios, se acercaba la informaci\u00f3n de provincia \u00bfno?, folletos, pero no folletos de la comarca serrana \u00bfno? espec\u00edficos del lugar. Bueno, entonces hicieron una serie de actividades para hacer esa investigaci\u00f3n, y as\u00ed surge como problem\u00e1tica a resolver \u00bfno?, c\u00f3mo podemos, c\u00f3mo podemos contribuir desde nuestro lugar, para aportar nuestros saberes y ayudar a los combatientes, a que no tengan que arriesgar sus vidas, a nuestra reserva natural para que no desaparezcan nuestras especies vegetales y animales aut\u00f3ctonas y end\u00e9micas, y colaborando con la concientizaci\u00f3n. Las diferentes actividades que se desarrollaron a lo largo del proyecto, estaban centradas en intercambios y en el di\u00e1logo que hab\u00eda entre todos los chicos, y mediante nuestras orientaciones, pero basado en actores cr\u00edticos y participativos de lo que era la problem\u00e1tica en nuestra localidad y en nuestro distrito que eran los incendios forestales que ocasionaban las p\u00e9rdidas de la fauna, de la flora y el trabajo tambi\u00e9n humano que se requiere para prevenirlos verdad. Durante esos intercambios algunas de las expresiones de los ni\u00f1os fueron: \u201chablemos con las personas para que no prendan fuego\u201d, \u201cllamemos por tel\u00e9fono a la gente\u201d, \u201chagamos un papel\u201d \u201cgrabemos un audio\u201d \u201chagamos un video\u201d, \u201cmandemos una carta\u201d. Las intervenciones, bueno, de ambas partes lo que ten\u00edan en com\u00fan era la necesidad de enfocarlos en la problem\u00e1tica y de su labor y de su participaci\u00f3n, que requer\u00edan para combatir de alguna manera la prevenci\u00f3n y fomentar esto. La conciencia de todo lo que se estaba perdiendo a lo largo de cada incendio forestal. A trav\u00e9s de las diferentes actividades que ten\u00edan en cuenta la observaci\u00f3n de im\u00e1genes y tambi\u00e9n recortes period\u00edsticos que obtuvimos de internet y que daban cuenta de que no solamente trabajaban los bomberos que conoc\u00edamos nosotros, que de hecho cerca del Jard\u00edn, a 20 metros, est\u00e1 la dotaci\u00f3n de Bomberos Voluntarios de Saldungaray, no solamente ellos, y de los lugares aleda\u00f1os, las localidades aleda\u00f1as, sino que ven\u00edan dotaciones de otros lugares, de esos lugares que ellos no conoc\u00edan, que eran lejanos. Cuando habl\u00e1bamos de Saavedra, hablamos de Coronel Su\u00e1rez, y de otros lugares que ellos no, eran lejanos a su contexto. Tambi\u00e9n trabajamos con entrevistas a distintos profesionales, se acerc\u00f3 al Jard\u00edn el Programa Forest\u00edn, que est\u00e1 a cargo de los Bomberos Voluntarios de Villa Ventana, y a trav\u00e9s de ellos y del juego dram\u00e1tico que se gener\u00f3 en esa visita ellos pudieron de alguna manera entender que uno de los recursos y de las actividades necesarias para que los incendios forestales no se generen era que hab\u00eda mucho esto de, mi pap\u00e1 hace asado pero hace en el piso, no le ponen las rocas para que el fuego; pap\u00e1 tira cigarrillo, yo lo apago; o tira, fuma cuando vamos en el viaje y tiran afuera; bueno, y otras situaciones que tiene que ver con la vida familiar, verdad. Bueno, adem\u00e1s de eso, pudimos ir a la dotaci\u00f3n de Bomberos de Saldungaray para ver tambi\u00e9n las herramientas y los materiales que eran necesarios para combatir esos incendios. A trav\u00e9s de eso, bueno, pudieron usar sus\u00a0 mochilas, ver que en realidad c\u00f3mo hago si el fuego est\u00e1 tan alto, o los picos est\u00e1n altos. \u00bfPuedo llegar con el autobomba hasta all\u00e1? \u00a0Y no, la realidad era que no, y ellos cre\u00edan que si, que con la manguera, la manguera era tan larga que pod\u00edan combatir ese fuego con solamente agua. Y en realidad tomaron conciencia que la verdad la persona involucrada en esto, que son las\u00a0 Bomberos Voluntarios, y otras personas que tambi\u00e9n colaboran en los incendios forestales ac\u00e1 en nuestra comarca, deber\u00edan de llevar una mochila que ten\u00eda 20 kilos, ir hasta el cerro, poder apagarlo o usar tambi\u00e9n la guacha que es el famoso l\u00e1tigo que se usa para el chicote. Bueno, y de esta manera valoraron el trabajo \u00bfno? del Bombero Voluntario. De ah\u00ed surgi\u00f3 tambi\u00e9n esta problem\u00e1tica de c\u00f3mo lo ayudamos \u00bfno? El trabajo previo a esto, porque ellos cuando decimos, \u00bfc\u00f3mo ayudamos a los Bomberos? Enseguida dijeron, vamos, les llevamos agua, llevamos las mochilas, los ayudamos. Entonces bueno, fue ah\u00ed donde tuvimos que profundizar este concepto de prevenci\u00f3n, y\u00a0 por eso enriquecernos con esta informaci\u00f3n de ir a los Cuarteles, de que nos vengan a visitar con este Programa Forest\u00edn que mencionaba ella. Con toda la informaci\u00f3n recabada llegamos a la conclusi\u00f3n, a concretar para elaborar un folleto \u00bfno? El folleto. Decidimos junto con ellos, de este debate que ellos hicieron, que bueno, ah\u00ed lo pueden ver. Llegamos al folleto, ya que para ellos es algo palpable \u00bfno? Algo que ellos puedan ver, que fue realizado por ellos. Entonces fue un trabajo en conjunto con las dos salas. Y bueno, en el folleto como pueden ver est\u00e1n las causas de lo que investigamos \u00bfno? Nosotros nos enfocamos en un registro de los diez a\u00f1os, de durante estos diez a\u00f1os. Hicimos una l\u00ednea de tiempo de los incendios surgidos ac\u00e1 en la comarca serrana, donde las causas fueron distintas, predominan las cusas naturales, como los rayos, que sabemos que eso ya est\u00e1 fuera de nuestro alcance, no los podemos prevenir, y la negligencia \u00bfno? de realizar fogatas en lugares que no est\u00e1n permitidos, cigarrillos. Tambi\u00e9n algunos incendios fueron generados por los tendidos el\u00e9ctricos en mal estado. Bueno, ellos comprendieron que hay cosas que no las podemos evitar, pero s\u00ed poder de alguna manera concientizar y ayudar a aquello que s\u00ed, que s\u00ed podemos acercarnos. En el folleto bueno, como les dec\u00eda anteriormente est\u00e1n las causas que fueron generadas, que pueden surgir ac\u00e1 en nuestra comarca. Despu\u00e9s est\u00e1 la prevenci\u00f3n, c\u00f3mo podemos evitarlos. Y est\u00e1, hay un C\u00f3digo QR, no s\u00e9 si tienen la posibilidad de poder escanearlo. Porque la idea de este folleto tambi\u00e9n es que pueda llagar a todos \u00bfno? a todos y a todas, entonces el C\u00f3digo QR surgi\u00f3 de ellos \u00bfno? y ah\u00ed hicimos un video con un audio donde pueden escucharlo y hay una parte, como reflexi\u00f3n, con lengua de se\u00f1as \u00bfno? de que pueden llamar a los bomberos en caso de emergencia, pueden llamar a los bomberos, que eso lo hacen ellos, ah\u00ed en el C\u00f3digo. Bueno, y despu\u00e9s en la parte de atr\u00e1s est\u00e1n todas las l\u00edneas de emergencia de nuestro distrito \u00bfsi? Que eso cuando hablamos de que se haga intersectorial, de poder ampliarlo y difundirlo, es en un futuro poder abarcar. Sierra de la ventana, por ejemplo, tenemos en cercan\u00eda Villa Arcadia que pertenece a Su\u00e1rez, y bueno, hacer un trabajo en red junto con ellos, con Saavedra, con Dufaur, y bueno, y as\u00ed generalizarnos. Nosotros con este proyecto tuvimos la posibilidad de pasar a las instancias de Feria de Ciencia Distrital, Regional y Provincial, y en todas las instancias nos sugirieron esto \u00bfno? que ampliemos este proyecto \u00bfsi? Para trabajar en redes con otros Jardines y otros cuarteles \u00bfno?. El proyecto se basa en la Ley de Educaci\u00f3n Ambiental Integral. Sabemos que nuestro ambiente tiene tres factores importantes que son: las personas involucradas en el ambiente, las situaciones que suceden en ese ambiente y la interacci\u00f3n entre esos factores. Entonces, descubrimos que hay una problem\u00e1tica que nos involucra a todos, no solamente a los que trabajamos y a los que convivimos y compartimos el distrito de Tornquist, sino que, como dice Debo, el cord\u00f3n serrano parte de la localidad de Puan y hasta Pringles. El proyecto se hizo, fue un proyecto que fue preparado y surgi\u00f3 la necesidad de sembrar una semillita en ellos y decir, qu\u00e9 vamos a hacer ac\u00e1. Los ni\u00f1os y las ni\u00f1as presentes en nuestros jardines de infantes, hablo por el rol que nos toca, son multiplicadores natos, transmiten, generan, y lo que quisieron hacer ac\u00e1 junto con nuestro apoyo fue generar esto, conciencia en la prevenci\u00f3n de incendios forestales que nos involucra a todos. La idea fue participar de las diferentes instancias de ACTE, de Feria de Ciencia Arte y Tecnolog\u00eda. Como me dijo Debo, llegamos a la instancia provincial y tomamos de todos los orientadores que pudieron evaluar en nuestro proyecto, esto de multiplicar. Estamos ac\u00e1 para eso, para que nos ayuden, para involucrarlos en este peque\u00f1o proyecto que surgi\u00f3 desde el Jard\u00edn, y que ustedes nos ayuden a ser multiplicadores. Que esto no se pierda, que ni bien lo que queremos como, inicialmente el folleto que hicieron ellos, que denota las causas, las consecuencias y tambi\u00e9n los factores que podemos, y en qu\u00e9 podemos ayudar y colaborar para que esto no pase. Si bien no lo vamos a poder hacer hoy, ma\u00f1ana, pero involucrarnos en esto, en tomar conciencia, en cuidar nuestro ambiente, a nuestra flora, nuestra fauna, que es patrimonio nuestro, de cada ciudadano que conforma este Distrito. Y la idea es poder ampliarlos como dijo Debo, y poder transformarlo y participar junto a otros distritos que tienen la misma problem\u00e1tica. Asique, nada. Esto, que tambi\u00e9n tenemos en cuenta con el tema de concientizar, sabemos que el tema folleto con el tiempo por ah\u00ed es dif\u00edcil sostenerlo \u00bfno? lo que es folleter\u00eda. Y por eso est\u00e1 la propuesta tambi\u00e9n a futuro de hacer banners \u00bfno? para repartir en los distintos informes tur\u00edsticos del Distrito. Para que bueno, generar esto, un QR donde est\u00e9 toda la informaci\u00f3n del folleto \u00bfsi? m\u00e1s que nada para que se pueda sostener, en un futuro. Bueno nada m\u00e1s. Muchas gracias.\u201d<\/p>\n<p>&nbsp;<\/p>\n<p>&nbsp;<\/p>\n<p>Alocuciones de los Concejales:<\/p>\n<p>&nbsp;<\/p>\n<p>Concejal Elisabet Nori:<\/p>\n<p>\u201cBueno ante todo quiero felicitar a las docentes que han llevado adelante este proyecto, a los ni\u00f1os, que hagan extensiva esta felicitaci\u00f3n a los peque\u00f1os que han trabajado con tanto, se ve, con tanto entusiasmo y tanto compromiso con este tema. Felicitar tambi\u00e9n a la directora del establecimiento y a todo el personal porque yo s\u00e9 muy bien como docente de nivel inicial ya jubilada, que cuando uno lleva adelante un proyecto m\u00e1xime de estas caracter\u00edsticas requiere de la ayuda de todo el personal del jard\u00edn, entonces hay toda una instituci\u00f3n incluso las familias involucradas en esto. Me parece, tan fundamental crear conciencia en los ni\u00f1os, en todo tipo de prevenci\u00f3n de cualquier tem\u00e1tica. En los ni\u00f1os peque\u00f1os sabemos que esto da frutos muy importantes porque el ni\u00f1o tiene una apertura especial para el aprendizaje, y todo lo que nosotros le podamos brindar, y todas las oportunidades de crecimiento, todas las oportunidades de descubrimiento en ellos es muy fruct\u00edfero. Entonces, toda esta investigaci\u00f3n que hicieron que de verdad a nivel municipal es muy interesante para nosotros poder apoyarlo, porque involucra no solamente el distrito de Tornquist sino como dijeron ustedes chicas a varios distritos que comprende el cord\u00f3n serrano en los cuales generalmente se producen este tipo de siniestros. Me parece que es parte de nuestra obligaci\u00f3n como legisladores darles una mano en esto porque nos estamos dando una mano todos nosotros en esto, porque estamos todos involucrados en el tema, somos todos vecinos del distrito. Y vuelvo a reiterar, todo lo que podamos trabajar en prevenci\u00f3n siempre va a redundar en beneficio de toda la comunidad, y de todo el patrimonio, y de todos los bienes que tengamos en el distrito, as\u00ed que bueno, cuenten con nuestra ayuda. Nada m\u00e1s, muchas gracias.\u201d<\/p>\n<p><iframe loading=\"lazy\" title=\"2023 09 20 HCD BANCA 13 2 ELISABET NORI\" width=\"500\" height=\"281\" src=\"https:\/\/www.youtube.com\/embed\/4qSDufpz7is?feature=oembed\" frameborder=\"0\" allow=\"accelerometer; autoplay; clipboard-write; encrypted-media; gyroscope; picture-in-picture; web-share\" referrerpolicy=\"strict-origin-when-cross-origin\" allowfullscreen><\/iframe><\/p>\n<p>Concejal Roc\u00edo V\u00e1zquez:<\/p>\n<p>\u201cBueno, en primera instancia sumarme a lo que dijo la Concejal Elisabet Nori, felicitar a las profes del nivel inicial, a todo el equipo directivo, a toda la comunidad educativa del Jard\u00edn de Infantes de Saldungaray. Y la verdad que estos proyectos que van surgiendo en las distintas instituciones educativas me parece que van sembrando esa semillita que empezamos con esto y queremos m\u00e1s, m\u00e1s y m\u00e1s, porque vemos que dan resultado. Las chicas han pasado en estas instancias y la verdad que eso te aumenta las ganas de seguir sumando. Y la verdad que ellas nombraron continuamente dos palabras fundamentales para este proyecto, la palabra prevenci\u00f3n y la palabra concientizaci\u00f3n. En la prevenci\u00f3n tenemos que estar todos y todas involucrados, en su momento nosotros como cuerpo deliberativo tambi\u00e9n hemos pedido el caso de los contrafuegos y dem\u00e1s que sabemos que son de suma importancia. Nuestro distrito es muy amplio, los veranos cada vez est\u00e1n m\u00e1s secos, y bueno este verano tuvimos incluso un incendio forestal que con la ayuda de la provincia se pudo solucionar, por ah\u00ed m\u00e1s r\u00e1pido que otras veces, pero que implica un trabajo, bueno ac\u00e1 est\u00e1 D\u00e9bora que aparte de ser se\u00f1o es bombera tambi\u00e9n y sabe del sacrificio y del tiempo que lleva cada incendio forestal. Y as\u00ed como mencionaron las chicas, acuden todos los bomberos y bomberas de nuestro distrito y de distritos vecinos cuando la situaci\u00f3n se complica. Sabemos que se pierden las especies nativas, las que no son nativas, nuestra flora, nuestra fauna, alambrados y dem\u00e1s, que a veces es muy dif\u00edcil recuperar. As\u00ed que bueno, nosotros estamos para sumar, para apoyarlas en este hermoso proyecto que han realizado, y bueno, esperemos ver seguido y pronto estas iniciativas que nos llenan el coraz\u00f3n. Much\u00edsimas gracias.\u201d<\/p>\n<p><iframe loading=\"lazy\" title=\"2023 09 20 HCD BANCA 13 3 ROCIO VAZQUEZ\" width=\"500\" height=\"281\" src=\"https:\/\/www.youtube.com\/embed\/s2yjipIREJc?feature=oembed\" frameborder=\"0\" allow=\"accelerometer; autoplay; clipboard-write; encrypted-media; gyroscope; picture-in-picture; web-share\" referrerpolicy=\"strict-origin-when-cross-origin\" allowfullscreen><\/iframe><\/p>\n<p>Concejal Marcela Gimenez:<\/p>\n<p>\u201cNo, yo voy a empezar por el final. Para m\u00ed ser\u00eda sumamente importante y creo que como Cuerpo y como Bloque vamos a estar de acuerdo en la declaraci\u00f3n de inter\u00e9s de este proyecto. Como tambi\u00e9n el Proyecto de Resoluci\u00f3n para que justamente este folleto pueda estar o el producto de este proyecto pueda estar en las oficinas de turismo del distrito y poder ampliarlo a los distritos vecinos. Dicho esto me parece que me puedo sumar a las felicitaciones de quienes me antecedieron en la palabra, a las docentes principalmente que llevaron adelante este proyecto, al equipo de conducci\u00f3n por supuesto y a todo el personal de Jard\u00edn 902 de la localidad de Saldungaray, pero principalmente a las ni\u00f1as y a los ni\u00f1os que llevaron adelante esta investigaci\u00f3n, que promovidos por el inter\u00e9s y la curiosidad pero tambi\u00e9n por docentes que dejan huellas, que iluminan para que sus pensamientos cr\u00edticos puedan florecer y puedan aportar siempre propuestas tan genuinas e interesantes como lo hacen nuestros ni\u00f1os y nuestras ni\u00f1as en todas las instituciones educativas pero sabemos que en el jard\u00edn de infantes ellos son sumamente cr\u00edticos, responsables de lo que dicen, y adem\u00e1s son agentes multiplicadores como bien lo dec\u00edan las chicas. Fundamentalmente tener en cuenta que este proyecto b\u00e1sicamente tiene una problem\u00e1tica principal que tiene que ver con la prevenci\u00f3n de incendios forestales como ya lo hemos hablado muchas veces y como ya lo han explicado ellas, una problem\u00e1tica que tiene innumerables causas pero una de ellas es la negligencia y por lo tanto hay que trabajar en la prevenci\u00f3n y por supuesto un agente que es muy importante en esto es el trabajo que realizan los y las bomberos y de todos los cuarteles del distrito como de distritos vecinos y tambi\u00e9n la innumerable cantidad de recursos que se pierden en los incendios \u00bfno? recursos forestales, recursos ambientales, y recursos que despu\u00e9s es muy dif\u00edcil que podamos recuperar. Dicho esto me parece tambi\u00e9n importante destacar algo que para nosotros es fundamental, y es la educaci\u00f3n. La educaci\u00f3n del distrito ha demostrado que a trav\u00e9s de estos proyectos, como a trav\u00e9s de otras propuestas que han realizado que est\u00e1n a la altura de las circunstancias, la educaci\u00f3n del distrito ha demostrado a trav\u00e9s de nuestras docentes, nuestros directivos, nuestros cuerpos de las comunidades educativas, que pueden afrontar justamente lo que nosotros llamamos la responsabilidad y el compromiso de lo que es ense\u00f1ar. Y cuando uno habla de la palabra ense\u00f1anza habla de justamente docentes que dejan huellas y que pueden conjugar el ser con el hacer, porque en este mes justamente de la educaci\u00f3n, y en este mes en donde hemos celebrado el d\u00eda del maestro, y d\u00edas del personal que trabajan en las instituciones educativas sabemos bien que no se puede ense\u00f1ar si no hay conexi\u00f3n con el alumno o con la alumna. Sabemos bien que no se puede ense\u00f1ar si no hay palabra, escucha, y mirada, que no es lo mismo que hablar, o\u00edr, y escuchar \u00bfno? o sea, es sumamente complejo el acto de ense\u00f1ar, pero sumamente alegre y amoroso, y no puede ocurrir si no hay ese compromiso. Y por lo tanto las felicitaciones son dobles, ustedes saben que justamente en esta opini\u00f3n no puedo ser objetiva y que adem\u00e1s tiene que ver justamente con esto \u00bfno? con poder desarrollar en nuestros alumnos y alumnas el esp\u00edritu cr\u00edtico, pero tambi\u00e9n pensar que tenemos en nuestras instituciones personal de calidad, de compromiso y dispuesto a ense\u00f1ar, que tiene que ver justamente con poder ser esto \u00bfno? de poder conjugar el ser con el hacer, y el poder mirar a cada uno de nuestros alumnos y nuestras alumnas a los ojos y poder conectarse con ellos. No hay ense\u00f1anza posible si no hay v\u00ednculo afectivo y \u00e9tico, y eso es primordial, y entonces a m\u00ed me parece importante destacar el proyecto por supuesto, pero destacar la ense\u00f1anza y la calidad de docente y de comunidad educativa que tenemos en el distrito. Felicitaciones chicas, felicitaciones al equipo de conducci\u00f3n y a toda la comunidad educativa del Jard\u00edn 902, dejen las felicitaciones por supuesto a los ni\u00f1os y a las ni\u00f1as y much\u00edsimas gracias por aportarnos esto que es tan importante para nosotros.\u201d<\/p>\n<p><iframe loading=\"lazy\" title=\"2023 09 20 HCD BANCA 13 4 MARCELA GIMENEZ\" width=\"500\" height=\"281\" src=\"https:\/\/www.youtube.com\/embed\/nIXifqXcJDI?feature=oembed\" frameborder=\"0\" allow=\"accelerometer; autoplay; clipboard-write; encrypted-media; gyroscope; picture-in-picture; web-share\" referrerpolicy=\"strict-origin-when-cross-origin\" allowfullscreen><\/iframe><\/p>\n<p>Concejal Beatriz D\u00edaz:<\/p>\n<p>\u201cBueno, me sumo a todas las felicitaciones. Creo que compartimos todas las palabras de nuestras Concejales compa\u00f1eras que hicieron su alocuci\u00f3n. Realmente se hace mucho desde la educaci\u00f3n en todos los niveles y esto es el reflejo de tanto trabajo, del compromiso, creo que este proyecto s\u00faper interesante y creativo y por eso lleg\u00f3 a las instancias que lleg\u00f3, llegar a una instancia provincial realmente amerita lo interesante que ha sido, y qu\u00e9 importante que quede reflejado y que el turista pueda ver y que pueda ver ese video grabado por los ni\u00f1os, que si realmente los chicos desde tan chiquitos nos est\u00e1n ense\u00f1ando c\u00f3mo cuidar, creo que son conductas tan b\u00e1sicas pero que se nos olvidan principalmente cuando somos turistas y parece que nada es tan importante. As\u00ed que, la verdad que s\u00faper interesante, creo que todos los a\u00f1os sufrimos alg\u00fan incendio y realmente me parece que estar\u00eda buen\u00edsimo que se declare de inter\u00e9s y que se logre que este folleto est\u00e9 presente en todas las oficinas de turismo para concientizar a los dem\u00e1s. Y bueno, nuevamente las felicito a ustedes, a todo el equipo directivo que apoya estas acciones, realmente ha sido un gran trabajo, as\u00ed que las felicito. Muchas gracias.\u201d<\/p>\n<p><iframe loading=\"lazy\" title=\"2023 09 20 HCD BANCA 13 5 BEATRIZ DIAZ\" width=\"500\" height=\"281\" src=\"https:\/\/www.youtube.com\/embed\/qVg-SHUbW0s?feature=oembed\" frameborder=\"0\" allow=\"accelerometer; autoplay; clipboard-write; encrypted-media; gyroscope; picture-in-picture; web-share\" referrerpolicy=\"strict-origin-when-cross-origin\" allowfullscreen><\/iframe><\/p>\n<p>&nbsp;<\/p>\n<p><strong><u>Comunicaciones Oficiales<\/u><\/strong><strong>:<\/strong><\/p>\n<p><strong>\u00a0<\/strong><\/p>\n<p><strong><u>Expte. N\u00ba<\/u><\/strong> <strong><u>4114-037\/22:<\/u><\/strong> &#8211; \u00c1rea Regularizaci\u00f3n Dominial Municipal \u2013 Sr. Guillermo Buitrago \u2013 Solicita Escritura de Inter\u00e9s Social.<\/p>\n<p>Se solicita tratamiento sobre Tablas.-<\/p>\n<p>Se aprueba por unanimidad la Ordenanza N\u00ba 3687\/23, por la que se modifica la \u00a0\u00a0\u00a0\u00a0\u00a0Ordenanza N\u00ba 1914\/07, referido a variaci\u00f3n en adjudicatario de la vivienda &#8221;\u00a0<strong>Plan P.V.P. 29 Viviendas<\/strong>\u00a0<strong>en Tornquist&#8221;<\/strong>\u00a0conforme a lo manifestado en los Considerandos y de acuerdo al siguiente detalle:<\/p>\n<p><strong>BAJA<\/strong><\/p>\n<p><strong>\u00a0<\/strong><\/p>\n<table>\n<tbody>\n<tr>\n<td width=\"46\"><strong>Circ<\/strong><\/td>\n<td width=\"48\"><strong>Sec.<\/strong><\/td>\n<td width=\"55\"><strong>Mz.<\/strong><\/td>\n<td width=\"38\"><strong>Pla<\/strong><\/td>\n<td width=\"69\"><strong>Partida<\/strong><\/td>\n<td width=\"261\"><strong>Adjudicatario<\/strong><\/td>\n<td width=\"123\"><strong>Domicilio<\/strong><\/td>\n<\/tr>\n<tr>\n<td width=\"46\"><strong>I<\/strong><\/td>\n<td width=\"48\"><strong>A<\/strong><\/td>\n<td width=\"55\"><strong>14 B<\/strong><\/td>\n<td width=\"38\"><strong>12<\/strong><\/td>\n<td width=\"69\"><strong>15928<\/strong><\/td>\n<td width=\"261\"><strong>ERNESTO FRANCISCO MORAVEC<\/strong><\/p>\n<p><strong>\u00a0<\/strong><\/td>\n<td width=\"123\"><strong>Valent\u00edn Vergara N\u00ba 839<\/strong><\/td>\n<\/tr>\n<\/tbody>\n<\/table>\n<p>&nbsp;<\/p>\n<p><strong>ALTA<\/strong><\/p>\n<p><strong>\u00a0<\/strong><\/p>\n<table width=\"640\">\n<tbody>\n<tr>\n<td width=\"47\"><strong>Circ<\/strong><\/td>\n<td width=\"50\"><strong>Sec.<\/strong><\/td>\n<td width=\"54\"><strong>Mz.<\/strong><\/td>\n<td width=\"47\"><strong>Pla<\/strong><\/td>\n<td width=\"65\"><strong>Partida<\/strong><\/td>\n<td width=\"151\"><strong>Adjudicatario<\/strong><\/td>\n<td width=\"104\"><strong>Documento<\/strong><\/td>\n<td width=\"123\"><strong>Domicilio<\/strong><\/td>\n<\/tr>\n<tr>\n<td width=\"47\"><strong>I<\/strong><\/td>\n<td width=\"50\"><strong>A<\/strong><\/td>\n<td width=\"54\"><strong>14 B<\/strong><\/td>\n<td width=\"47\"><strong>12<\/strong><\/td>\n<td width=\"65\"><strong>15928<\/strong><\/td>\n<td width=\"151\"><strong>GUILLERMO A. BUITRAGO<\/strong><\/p>\n<p><strong>MARIA BELEN CLAVELLINO<\/strong><\/td>\n<td width=\"104\"><strong>16.221.861<\/strong><\/p>\n<p><strong>\u00a0<\/strong><\/p>\n<p><strong>27.829.047<\/strong><\/td>\n<td width=\"123\"><strong>Valent\u00edn Vergara N\u00ba 839<\/strong><\/td>\n<\/tr>\n<\/tbody>\n<\/table>\n<p>&nbsp;<\/p>\n<p><strong><u>Expte. N\u00ba 38\/23:<\/u><\/strong> &#8211; D.E. \u2013 Incremento Salarial Ejercicio 2023.<\/p>\n<p>Se solicita tratamiento sobre Tablas.-<\/p>\n<p>Se aprueba por unanimidad la Ordenanza N\u00ba 3688\/23, por la que se otorga un \u00a0\u00a0\u00a0\u00a0\u00a0incremento salarial del 20% (Veinte por ciento) a partir del 1 de septiembre de 2023, para todas las categor\u00edas de los sueldos del personal municipal.<\/p>\n<p>Adem\u00e1s, se otorga una BONIFICACI\u00d3N ESPECIAL de car\u00e1cter remunerativa de $5.000 (pesos cinco mil), a partir del mes de septiembre de 2023. La misma alcanza a todo el personal municipal, excepto Concejales, Secretario del Honorable Concejo Deliberante y Personal Superior.-<\/p>\n<p><strong><u>\u00a0<\/u><\/strong><\/p>\n<p><strong><u>Expte. N\u00ba 270\/23:<\/u><\/strong> &#8211; D.E. Convalida la firma del Contrato de Locaci\u00f3n Celebrado e\/el Sr. Jos\u00e9 Segundo Gonz\u00e1lez y la Municipalidad de Tornquist.<\/p>\n<p>Se solicita tratamiento sobre Tablas.-<\/p>\n<p>Se aprueba por unanimidad la Ordenanza N\u00ba 3689\/23, por la que se convalida la firma de la ADENDA al Contrato de Locaci\u00f3n celebrado entre el Sr. Jos\u00e9 Segundo Gonz\u00e1lez y la Municipalidad de Tornquist representada por el Sr. Intendente Municipal Sergio Fabi\u00e1n Bordoni.<\/p>\n<p>Las partes acuerdan reformular la cl\u00e1usula cuarta Bis, en relaci\u00f3n a los honorarios acordados con la inmobiliaria interviniente PROKOM INMOBILIARIA.<\/p>\n<p><strong><u>\u00a0<\/u><\/strong><\/p>\n<p><strong><u>Expte. N\u00ba 300\/23:<\/u><\/strong> &#8211; D.E. \u2013 Autoriza la firma del Convenio de Cooperaci\u00f3n entre el Ministerio de Obras P\u00fablicas de la Naci\u00f3n \u2013 Pcia. de Bs. As. (Desarrollo de Peque\u00f1os Nodos Solidarios de Abastecimiento de Alimentos-Despensa) y la Municipalidad de Tornquist.<\/p>\n<p>Se solicita tratamiento sobre Tablas.-<\/p>\n<p>Se aprueba por unanimidad la Ordenanza N\u00ba 3690\/23, por la que se autoriza la firma del Convenio de Cooperaci\u00f3n entre el Ministerio de Obras Publicas de la Naci\u00f3n &#8211; Provincia de Buenos Aires \u201cDesarrollo de Peque\u00f1os Nodos Solidarios de Abastecimiento de Alimentos \u2013 Despensa\u201d; representado por el Dr. Gabriel Nicola KATOPODIS y la Municipalidad de Tornquist representada por el Intendente Municipal Sr. BORDONI, Sergio Fabi\u00e1n.<\/p>\n<p>El MINISTERIO ejecuta junto con la Oficina de las Naciones Unidas de Servicios y Proyectos (UNOPS), el Programa \u201cMejoramiento de la Infraestructura Federal para el Desarrollo Sostenible\u201d \u2013 Proyecto 20.313. El mencionado proyecto tiene por objeto apoyar al MINISTERIO en el desarrollo de su misi\u00f3n y objetivos, en la planificaci\u00f3n y la ejecuci\u00f3n de obras de infraestructura para promover el desarrollo con inclusi\u00f3n social de la Rep\u00fablica Argentina.<\/p>\n<p>El Convenio tiene por objeto establecer v\u00ednculos de cooperaci\u00f3n entre EL MINISTERIO y EL MUNICIPIO, en el Marco del Programa \u201cMEJORAMIENTO DE LA INFRAESTRUCTURA FEDERAL PARA\u00a0 EL DESARROLLO SOSTENIBLE \u2013 Proyecto 20.313 \u2013 UNOPS\u201d, para la adquisici\u00f3n y entrega de LA DESPENSA, en el marco del \u201cPlan de Peque\u00f1os Nodos Solidarios de Abastecimiento de Alimentos \u2013 Despensa\u201d,<\/p>\n<p>El Convenio entrar\u00e1 en vigencia desde su firma hasta el 31 de diciembre de 2024.<\/p>\n<p>&nbsp;<\/p>\n<p><strong><u>Expte. N\u00ba 303\/23:<\/u><\/strong> &#8211; D.E. \u2013 Convalida la firma del Convenio Programa Bonaerense II celebrado entre el Instituto de la Vivienda de la Pcia. de Bs. As. y la Municipalidad de Tornquist.<\/p>\n<p>Se solicita tratamiento sobre Tablas.-<\/p>\n<p>Se aprueba por unanimidad la Ordenanza N\u00ba 3691\/23, por la que se convalida la firma del Convenio <em>Programa Bonaerense II <\/em>Municipios celebrado entre el <em>Instituto de la Vivienda de la Provincia de Buenos Aires<\/em>, representado por el ADMINISTRADOR GENERAL Dr. Diego MEN\u00c9NDEZ, y la Municipalidad de Tornquist representada por su Intendente Municipal Sr. Sergio Fabi\u00e1n Bordoni.<\/p>\n<p>EL INSTITUTO se compromete a prestar asistencia financiera para la realizaci\u00f3n de la Obra \u201cConstrucci\u00f3n de 38 viviendas en la Localidad de Tornquist\u201d, la que deber\u00e1 ser ejecutada de conformidad con la documentaci\u00f3n y lineamientos t\u00e9cnicos aprobados mediante expediente EX-2023-30022624 \u2013 GDEBA-DAINTERMHYDUGP y en un todo de acuerdo a lo establecido en el Decreto-Ley N\u00b0 9104\/78, sus modificatorios, ampliatorios, antecedentes, y las Resoluciones IVBA N\u00b0 919\/92 modificatorias y complementarias y N\u00b0 4522\/00, que El Municipio declara conocer y aceptar.<\/p>\n<p>El Instituto aporta al Municipio la suma de pesos setecientos treinta y cuatro millones cuatrocientos cincuenta y ocho mil ochocientos treinta con veinti\u00fan centavos ($ 734.458.830,21) equivalente a la cantidad de dos millones ochocientos ochenta y cuatro mil seiscientas cuarenta y dos con cincuenta y una Unidades de Vivienda (\u201cUVI\u201d) Ley N\u00b0 27.271 y decreto N\u00b0 635\/21 (2884.642,51 UVIs), valor referido al 31 de julio de 2023, con el prop\u00f3sito indicado en el ART\u00cdCULO 1\u00b0. El mencionado aporte financiero, estar\u00e1 condicionado a las disponibilidades presupuestarias y financieras de EL INSTITUTO.<\/p>\n<p>&nbsp;<\/p>\n<p><strong><u>Expte. N\u00ba 325\/23:<\/u><\/strong> &#8211; S.S.: Presenta Proyecto de Ordenanza ref. modificaci\u00f3n Ord. N\u00b0 3115\/19.<\/p>\n<p>Se solicita tratamiento sobre Tablas.-<\/p>\n<p>Se aprueba por unanimidad la Ordenanza N\u00ba 3692\/23, por la que se modifica el Art\u00edculo 2\u00b0, apartado II), inciso c) de la Ordenanza N\u00b0 3115\/19, el que quedar\u00e1 redactado de la siguiente forma:<\/p>\n<p>&nbsp;<\/p>\n<ol>\n<li>C) Bioqu\u00edmicas: &#8211; De lunes a viernes: el importe equivalente al 17 % (diecisiete por ciento) del Sueldo B\u00e1sico del Profesional;<\/li>\n<\/ol>\n<p>&#8211; S\u00e1bados, Domingos y feriados: el importe equivalente al 28% (veintiocho por ciento) del Sueldo B\u00e1sico del Profesional.<\/p>\n<p>&nbsp;<\/p>\n<p>La Ordenanza N\u00b0 3115\/19, promulgada mediante Decreto N\u00b0 292\/19 establece los valores de las atenciones en Unidades Sanitarias del distrito, guardias m\u00e9dicas pasivas, activas y especialidades.<\/p>\n<p>&nbsp;<\/p>\n<p><strong><u>Expte. N\u00ba 7673\/23:<\/u><\/strong> &#8211; Bloques Juntos, Juntos por el Cambio y Frente de Todos &#8211; Pedido de Informe: Sobre denuncia penal en ref. a automotor secuestrado.<\/p>\n<p>Expediente que pasa a las Comisiones de Interpretaci\u00f3n y Reglamento y Asuntos Municipales<\/p>\n<p>&nbsp;<\/p>\n<p>&nbsp;<\/p>\n<p><strong><u>Dict\u00e1menes de las Comisiones<\/u><\/strong><u>:<\/u><\/p>\n<p>&nbsp;<\/p>\n<p><strong><u>Expte. N\u00ba 297\/23:<\/u><\/strong> &#8211; D.E. \u2013 Autoriza la firma del Contrato de Locaci\u00f3n entre Oscar Juan Irigoyen y Zulema Nora Irigoyen con la Municipalidad de Tornquist.<\/p>\n<p>Se aprueba por unanimidad el Dictamen de las Comisiones de INTERPRETACI\u00d3N Y REGLAMENTO; ASUNTOS MUNICIPALES; Y PRESUPUESTO Y HACIENDA, que luego de haber mantenido reuni\u00f3n con miembros del Departamento Ejecutivo aconsejan enviar el mismo al D.E. para que se adjunte proyecto integral del geri\u00e1trico hogar de ancianos que funcionar\u00eda en calle Belgrano 33 de la localidad de Saldungaray.<\/p>\n<p>Asimismo solicitan se adjunte respuesta del Honorable Tribunal de Cuentas con respecto a la aplicaci\u00f3n del Art. 6 bis de la Ley N\u00b0 13.295 (incorporado por Ley N\u00b0 14.984).<\/p>\n<p>Por \u00faltimo, solicitan que se agregue especificaciones de los recursos para la obra de infraestructura.<\/p>\n<p><strong><u>\u00a0<\/u><\/strong><\/p>\n<p><strong><u>Expte. N\u00ba 7406\/22:<\/u><\/strong> &#8211; N.P.- Vecinos de Villa Ventana: Informan sobre ocupaci\u00f3n de lotes bald\u00edos que ya tienen due\u00f1os.<\/p>\n<p>Se aprueba por unanimidad el Dictamen de las Comisiones de OBRAS P\u00daBLICAS e INTERPRETACI\u00d3N Y REGLAMENTO; que aconsejan enviar el mismo al Archivo dado que perdi\u00f3 estado parlamentario.<\/p>\n<p>&nbsp;<\/p>\n<p><strong><u>Expte. N\u00ba 7664\/23:<\/u><\/strong> &#8211; H.C.D. \u2013 Proyecto de Ordenanza: Ref. Programa Integral para la Gesti\u00f3n, Atenci\u00f3n y Prevenci\u00f3n de la Salud Mental (Adhesi\u00f3n a la Ley Nacional N\u00b0 26657).<\/p>\n<p>Se aprueba por unanimidad el Dictamen de las Comisiones de INTERPRETACI\u00d3N Y REGLAMENTO Y SALUD P\u00daBLICA; que aconsejan enviar el mismo al Archivo ya que se aprob\u00f3 la Ordenanza N\u00b0 3672\/23 y promulg\u00f3 mediante Decreto N\u00b0 1154\/23<\/p>\n<p>&nbsp;<\/p>\n<p><strong><u>Expte. N\u00ba 7665\/23:<\/u><\/strong> &#8211; N.P. \u2013 Dante Lange: Ref. situaci\u00f3n Transporte P\u00fablico Automotor de Pasajeros Tornquist-Saldungaray prestado por la Empresa V\u00eda 51 Viajes S.A.<\/p>\n<p>Se aprueba por unanimidad el Dictamen de la Comisi\u00f3n de ASUNTOS MUNICIPALES, que aconseja enviar el mismo al Archivo.<\/p>\n<p>&nbsp;<\/p>\n<p><strong><u>Expte. N\u00ba 7677\/23:<\/u><\/strong> &#8211; N.P. \u2013 Colectivo Organizador de la Feria del Libro en Sierra de la Ventana: Solicita se declare de Inter\u00e9s Municipal la \u201cFeria del Libro en Sierra de la Ventana\u201d.<\/p>\n<p>Seg\u00fan el Dictamen de la Comisi\u00f3n de Cultura, Educaci\u00f3n, Ciencia y Tecnolog\u00eda, se aprueba por unanimidad la Resoluci\u00f3n N\u00ba 29\/23 por la que se declara de Inter\u00e9s Municipal la \u201c13\u00ba Edici\u00f3n de la Feria del Libro de Sierra de la Ventana\u201d, a realizarse los d\u00edas 10, 11 y 12 de noviembre de 2023 en el predio del Centro Cultural de Sierra de la Ventana (galpones del ferrocarril).<\/p>\n<p>&nbsp;<\/p>\n<p><strong><u>Expte. N\u00ba 7678\/23:<\/u><\/strong> &#8211; N.P. \u2013 Atucos y Centro Salamone de Saldungaray: Manifiestan descontento a causa de que se haya pintado el ala derecha de la Delegaci\u00f3n Municipal de Saldungaray Obra del Ing. Arq. Francisco Salamone.<\/p>\n<p>Se aprueba por unanimidad el Dictamen de las Comisiones de ASUNTOS MUNICIPALES Y OBRAS P\u00daBLICAS, que aconsejan realizar una reuni\u00f3n entre la Comisi\u00f3n de Patrimonio y el Delegado Municipal de la localidad de Saldungaray.-<\/p>\n<p><strong><u>\u00a0<\/u><\/strong><\/p>\n<p><strong><u>Expte. N\u00ba 7679\/23:<\/u><\/strong> &#8211; N.P. \u2013 Vecinos de Sierra de la Ventana: Usuarios presentan reclamo por el deficiente servicio que presta la l\u00ednea C\u00f3ndor La Estrella con sus unidades de larga distancia que unen Ba. Bca. con Bs. As.<\/p>\n<p>Se aprueba por unanimidad el Dictamen de las Comisiones de ASUNTOS MUNICIPALES; Y TURISMO Y DESARROLLO; que aconsejan enviar copia de la nota de origen a la Comisi\u00f3n Nacional de Regulaci\u00f3n del Transporte y al Departamento Ejecutivo.<\/p>\n<p>&nbsp;<\/p>\n<p><strong><u>Proyectos Presentados <\/u><\/strong><\/p>\n<p><strong><u>\u00a0<\/u><\/strong><\/p>\n<p><strong><u>Bloques Juntos y Juntos por el Cambio: Pedido de Informe:<\/u><\/strong> En referencia a la denuncia penal en la cual se encuentra involucrado el Sr. Rub\u00e9n Testa ex Director de Personal de Obras y Servicios P\u00fablicos.<\/p>\n<p>* Solicita al Departamento Ejecutivo que, a trav\u00e9s del \u00e1rea que corresponda, brinde informaci\u00f3n sobre el titular de RECTIFICACION QUILMES y si guarda alguna relaci\u00f3n con Rub\u00e9n Dar\u00edo Testa.<\/p>\n<p>* Solicita al Departamento Ejecutivo env\u00ede informe detallado de cada una de las facturaciones realizadas a RECTIFICACION QUILMES. (veh\u00edculos, dependencias, comparaci\u00f3n de precios con otros proveedores).<\/p>\n<p>Este Proyecto consta de 4 Art\u00edculos.<\/p>\n<p>Firmado por: Luis Castro, Presidente Bloque Juntos<\/p>\n<p>Sebasti\u00e1n Bassi, Presidente Bloque Juntos por el Cambio.<\/p>\n<p>Se solicita formaci\u00f3n de Expediente y Tratamiento sobre Tablas.<\/p>\n<p>Se aprueba por mayor\u00eda, enviar el Expediente al Departamento Ejecutivo para que se d\u00e9 respuesta a lo solicitado.<\/p>\n<p>&nbsp;<\/p>\n<p>&nbsp;<\/p>\n<p><strong><u>Bloques Juntos y Juntos por el Cambio: Pedido de Informe:<\/u><\/strong> Solicitar a la Directora del Hospital Municipal Dr. Alberto Castro, Lic. Cecilia Conti, informe acerca de la situaci\u00f3n irregular (hallazgo de un ejemplar animal de origen porcino faenado (lech\u00f3n) dentro de un freezer) que habr\u00eda acontecido en instalaciones del Hospital Municipal de Tornquist Dr. Alberto Castro y si se sufri\u00f3 perdida de vacunas, como as\u00ed tambi\u00e9n otorgue a este Honorable Cuerpo detalles en relaci\u00f3n a las medidas administrativas tomadas en referencia a los responsables de la situaci\u00f3n descripta.<\/p>\n<p>Este Proyecto consta de 3 art\u00edculos.<\/p>\n<p>Firmado por: Luis Castro, Presidente Bloque Juntos<\/p>\n<p>Sebasti\u00e1n Bassi, Presidente Bloque Juntos por el Cambio.<\/p>\n<p>Se solicita formaci\u00f3n de Expediente y Tratamiento sobre Tablas.<\/p>\n<p>Se aprueba por unanimidad, enviar el Expediente al Departamento Ejecutivo para que se d\u00e9 respuesta a lo solicitado.<\/p>\n<p><strong><u>\u00a0<\/u><\/strong><\/p>\n<p><strong><u>\u00a0<\/u><\/strong><\/p>\n<p><strong><u>Bloques Juntos y Juntos por el Cambio: Minuta de Comunicaci\u00f3n:<\/u><\/strong> Exhorta al Departamento Ejecutivo que, a trav\u00e9s del \u00e1rea que corresponda, inicie los sumarios administrativos a los empleados municipales, Sres. Walter Mendez y Rub\u00e9n testa; frente al hecho de utilizaci\u00f3n de una camioneta apropiada, y si los hubiere, informe a \u00e9ste Cuerpo sobre los mismos.<\/p>\n<p>Este Proyecto consta de 2 Art\u00edculos.<\/p>\n<p>Firmado por: Luis Castro, Presidente Bloque Juntos<\/p>\n<p>Sebasti\u00e1n Bassi, Presidente Bloque Juntos por el Cambio.<\/p>\n<p>Se solicita formaci\u00f3n de Expediente y Tratamiento sobre Tablas.<\/p>\n<p>Se aprueba por unanimidad, enviar copia de la Minuta de Comunicaci\u00f3n al Departamento Ejecutivo y posteriormente girar el Expediente al Archivo.<\/p>\n<p><strong><u>\u00a0<\/u><\/strong><\/p>\n<p><strong><u>Asuntos Particulares <\/u><\/strong><\/p>\n<p><strong><u>\u00a0<\/u><\/strong><\/p>\n<p><strong><u>N.P N\u00ba 63\/23 \u2013 Cristian Raising \u2013 Socio Administrador Garden Hemp Serrano S.R.L.:<\/u><\/strong> Presenta informe donde se brindan los lineamientos\u00a0 del proyecto.<\/p>\n<p>Se solicita y aprueba por unanimidad adjuntar la nota al Expediente N\u00ba 288\/23.<\/p>\n<p><strong><u>\u00a0<\/u><\/strong><\/p>\n<p><strong><u>N.P. N\u00ba 64\/23 \u2013 Federico Labarthe \u2013 Concejal Bloque Juntos por el Cambio:<\/u><\/strong> Solicita licencia al cargo de Concejal a partir del 01 de octubre hasta el 10 de diciembre de 2023.<\/p>\n<p>Se aprueba por unanimidad otorgar la licencia solicitada.<\/p>\n<p>&nbsp;<\/p>\n<p><u>Alocuciones Sesi\u00f3n Ordinaria <\/u><\/p>\n<p>Concejal Elisabet Nori:<\/p>\n<p>\u201cBueno, yo hoy quiero hablar un poco sobre algunos temas que seguramente vamos a compartir el criterio entre todos lo que estamos ac\u00e1. Sobre la responsabilidad, el compromiso y la tarea conferida de supervisi\u00f3n. Y para arrancar con el tema yo voy a poner un ejemplo de algo que yo conozco, que transit\u00e9 m\u00e1s de 30 a\u00f1os de mi vida, que es en el marco de la educaci\u00f3n. Voy a poner una ficci\u00f3n, sup\u00f3nganse que en una escuela, un establecimiento educativo, no importa cu\u00e1l, una escuela, en un patio, una baldosa empieza a aflojarse, se afloja, se afloja y con el correr de los d\u00edas se afloja del todo. Un alumno corriendo como hacen en los recreos, pac, se tropieza, se raspa la rodilla. Muy bien, \u00bfde qui\u00e9n es la responsabilidad? seguramente la directora puede decir, y bueno, justo ocurri\u00f3 en el turno que yo no estaba porque hab\u00eda ido a cumplir el horario en el otro turno, no estaba, pero la responsabilidad, m\u00e1s all\u00e1 de que hay una responsabilidad directa que puede ser del docente y una responsabilidad conferida que es la de la directora, la responsable primaria es el directivo del establecimiento, y los que son docentes ac\u00e1 me van a dar la raz\u00f3n. Sup\u00f3nganse que la misma escuela, hay una canilla que pierde, pierde, pierde y no, hacen caso omiso a eso, un lunes entran a la escuela y encuentran todo el ba\u00f1o inundado \u00bfde qui\u00e9n es la responsabilidad? Indudablemente del directivo de ese establecimiento, por m\u00e1s que el directivo despu\u00e9s diga, y, yo no sab\u00eda, no me di cuenta, la verdad que nadie me avis\u00f3. Bueno, la responsabilidad va a seguir siendo el directivo de ese establecimiento. \u00bfY con esto qu\u00e9 quiero decir? \u00faltimamente dentro de este municipio han habido muchas situaciones, calificar\u00edamos de irregulares, algunas con mayor gravedad, otras con menos gravedad seg\u00fan la \u00f3ptica que se las mire. Empezamos con el caso del Delegado, del Delegado de Sierra de la Ventana, que es Delegado y no es Delegado, confusi\u00f3n, cosa que no hay ninguna confusi\u00f3n porque por lo que dijo el Tribunal de Cuentas fue muy claro en su respuesta. Siguiendo por el tema de la camioneta adulterada, siguiendo por en una oportunidad antes de las Elecciones PASO, cosa que lo voy a traer a colaci\u00f3n porque nunca lo hablamos pero los vecinos s\u00ed lo hicieron, lo llevaron a la luz a trav\u00e9s de las redes sociales. Cuando a 4 d\u00edas de las Elecciones PASO se infringi\u00f3 el art\u00edculo 64 del C\u00f3digo Nacional Electoral, desarrollando una tarea que si bien era solidaria, y est\u00e1 enmarcada dentro de un Programa no correspond\u00eda que se desarrollara justamente por esos d\u00edas, que donde se repart\u00edan elementos electrodom\u00e9sticos o elementos para el hogar en distintas casas o viviendas de gente vulnerable, que no voy a, eso no lo voy a discutir, no lo tengo, no lo pongo en discusi\u00f3n eh. Yo entiendo que toda esa gente estaba necesitando eso que, los art\u00edculos que les estaban brindando, pero justamente no era justo ese momento el apropiado porque estaban infringiendo una Ley, y sabemos que una ley tiene mayor poder que el desarrollo de un Programa. Despu\u00e9s, siguiendo por el ejemplar porcino que se encontr\u00f3 en el freezer del Hospital, y siguiendo por esto \u00faltimo que intervinieron sobre una pared de la Delegaci\u00f3n Municipal de la localidad de Saldungaray, obra del Arquitecto Francisco Salamone, cosa que, evento que ya hab\u00eda sucedido hace un a\u00f1o atr\u00e1s o un poco m\u00e1s de un a\u00f1o atr\u00e1s por el cual hubo una movilizaci\u00f3n de vecinos respecto, hubo una actuaci\u00f3n mediante Resoluci\u00f3n de este Concejo Deliberante y eso fue lo que dio pie, recuerdo muy bien, que empez\u00e1ramos con otros Concejales de las otras bancadas a elaborar la Ordenanza de Patrimonio. Todos estos sucesos tienen una responsabilidad se\u00f1ora Presidente, uno puede decir que desconoce una cosa, no me di cuenta de la otra, la verdad que no sab\u00eda, pero realmente si una se pone a pensar es tan de igual de grave que uno lo sepa a que no lo sepa, porque es, \u00bfqu\u00e9 pasa con los funcionarios del ejecutivo se\u00f1ora Presidente? o sea c\u00f3mo es que un Intendente tiene al lado funcionarios de su primera l\u00ednea, porque estamos hablando de funcionarios de su primera l\u00ednea y est\u00e1 desconociendo lo que est\u00e1 sucediendo, lo que est\u00e1n haciendo. Estos funcionarios le est\u00e1n faltando el respeto al se\u00f1or Intendente, porque realmente no est\u00e1n, no est\u00e1n ejerciendo su funci\u00f3n como corresponde, haciendo que todo el plantel ejecutivo municipal incluido el Intendente quede mal ante toda la sociedad, ante toda la comunidad, y no solo de nuestro Distrito porque varios de estos casos han salido a la luz en medios provinciales y nacionales, incluso dos de estos casos tienen causas judiciales. O sea que \u00bfqu\u00e9 est\u00e1 pasando? eso es lo que yo me pregunto, y que creo que varios nos preguntamos, c\u00f3mo puede ser que funcionarios de la primera l\u00ednea del poder ejecutivo municipal transgredan normas, leyes, y no tengan los cuidados necesarios para desarrollar su funci\u00f3n como corresponde. Y esto tiene un responsable, el responsable es el Intendente Municipal, y aunque el Intendente Municipal diga que por all\u00ed o desconoc\u00eda o no puede convertirse en la sombra de todos y cada uno de sus funcionarios cosa que l\u00f3gicamente no puede ser as\u00ed, pero s\u00ed tiene una responsabilidad conferida por los ciudadanos de este distrito a trav\u00e9s del voto popular que se le dio en el a\u00f1o 2019, y creo que esa responsabilidad tiene que ser ejercida con el compromiso y la demanda que corresponde de parte de nosotros como poder ejecutivo y de parte de toda la sociedad en general que est\u00e1 demandando y nosotros somos testigos, a trav\u00e9s de notas que nos llegan a nosotros, a trav\u00e9s de redes sociales que ponen, que se han pronunciado en todos y cada uno de estos eventos que describ\u00ed, y m\u00e1s tambi\u00e9n. Creo que no podemos dejar pasar esto, y creo que tenemos que marcar esto como que son situaciones, pr\u00e1cticas, que no pueden volver a suceder y nuestra, nuestro rol, nuestra funci\u00f3n como organismo del Estado es velar para que todo esto se vaya corrigiendo. Nada m\u00e1s se\u00f1ora Presidente.\u201d<\/p>\n<p><iframe loading=\"lazy\" title=\"2023 09 20 HCD 1 ELISABET NORI\" width=\"500\" height=\"281\" src=\"https:\/\/www.youtube.com\/embed\/4qC_QojWWQg?feature=oembed\" frameborder=\"0\" allow=\"accelerometer; autoplay; clipboard-write; encrypted-media; gyroscope; picture-in-picture; web-share\" referrerpolicy=\"strict-origin-when-cross-origin\" allowfullscreen><\/iframe><\/p>\n<p>Concejal Luis Castro:<\/p>\n<p>\u201cBueno en primer lugar me voy a referir a un Pedido de Informe que hicimos en marzo de este a\u00f1o, que tiene que ver con la obra de agua corriente en la localidad Villa Serrana La Gruta, agua potable. En estos d\u00edas los vecinos nos estuvieron preguntando a ver si hab\u00edamos tenido respuesta, qu\u00e9 pas\u00f3 con la obra, porque est\u00e1 frenada ya hace varios meses. Y nosotros hasta ahora, hasta el momento no hemos tenido respuesta, dudamos que la tengamos, el Pedido de Informe fue en marzo, pero lo que le pido y le pedimos al Ejecutivo es que por lo menos si no nos responde a nosotros porque la verdad que Pedidos de Informe nos han respondido poco de lo que hemos presentado, bueno que le responda a los vecinos de Villa Serrana La Gruta que est\u00e1n consultando sobre por qu\u00e9 la obra est\u00e1 frenada, si hay alguna situaci\u00f3n que la frena, econ\u00f3mica, o lo que sea pero que el ejecutivo, y en este caso Obras P\u00fablicas d\u00e9 las explicaciones de cu\u00e1l es el estad\u00edo de esa obra. Y por ultimo quer\u00eda hacer referencia a otro Pedido de Informe que presentamos que hoy se aprob\u00f3 por mayor\u00eda en este cuerpo, que tiene que ver con un Proveedor Municipal \u201cRectificaci\u00f3n Quilmes\u201d, que nosotros que consultamos, primero es la, \u00bfqui\u00e9n es el titular? de ese taller mec\u00e1nico, porque si bien tenemos el RAFAM para mirar algunos datos, no aparecen los datos del titular. Y bueno, qu\u00e9 relaci\u00f3n guarda con el ex funcionario y empleado municipal Rub\u00e9n Testa. Frente a este Pedido de Informe lo que dijo el Intendente en la conferencia de prensa en donde hizo referencia a la Denuncia Penal que tiene el municipio por la apropiaci\u00f3n de una camioneta, el cambio del motor, el cambio de patente y tambi\u00e9n nos enteramos en estos d\u00edas, que tambi\u00e9n le cambiaron las cuatro llantas, las cuatro cubiertas y las cuatro llantas. Bueno, se ester\u00f3, el Intendente manifest\u00f3 que se enter\u00f3 por el Concejo Deliberante, por el Pedido de Informe que hicimos, y frente a este Pedido de Informe lo que \u00e9l plantea es que no ve nada raro, que no ve nada que est\u00e9 mal. Y la verdad que siguiendo en l\u00ednea con lo que marcaba la Concejal Nori, lo que se ve en el municipio es que hay un gran desorden y que el principal responsable, que es el Intendente, pereciera que quiere aludir todas las situaciones que est\u00e1n pasando en el municipio \u00e9l no tiene nada que ver. No sabe nada, no se hace cargo de nada, porque la verdad que de la cuesti\u00f3n de la camioneta no se ha hecho cargo. Y frente a este Pedido de Informe \u00e9l plantea \u00bfcu\u00e1l es la cuesti\u00f3n, qu\u00e9 es lo que est\u00e1 mal? Y la verdad que si a \u00e9l no le parece que est\u00e9 mal que un\u00a0 proveedor, es proveedor desde 2006 este taller mec\u00e1nico, y factur\u00f3 en pocas oportunidades, 2008, 2010 y factur\u00f3 2021 y 2023, oh casualidad justo es nombrado funcionario p\u00fablico, Rub\u00e9n Testa, 2021, y ah\u00ed empieza a facturar de vuelta el proveedor. Despu\u00e9s para atr\u00e1s no factur\u00f3 nunca, y la verdad, si eso no le parece raro al Intendente o no le parece mal, por lo menos, no le llama la atenci\u00f3n. Lo que pasa que pareciera que en este \u00faltimo tiempo todo es relativo, todos normalizamos todo, es relativo, y la verdad no es tan grave que el municipio se apropie de una camioneta. El Intendente tambi\u00e9n dijo que lo hicieron para ayudar a la gente, la verdad que el Intendente diga eso frente a el hecho como el de la camioneta que pueden haber varios delitos, eso lo determinar\u00e1 la Justicia, y nosotros no nos metemos, que diga que los funcionarios lo hicieron para ayudar a la gente le falta decir nom\u00e1s que vayan a robar un banco para ayudar a la gente que\u00a0 no llega a fin de mes o que roben un supermercado para los que no pueden tampoco llegar a fin de mes, la verdad es\u00a0 grav\u00edsimo. Y es grav\u00edsimo esto, que desde el Estado Municipal, y que el Intendente diga que todo es relativo, que \u00e9l no sabe nada, que toma algunas medidas pero bastante liviano, porque la verdad decir que los funcionarios lo hicieron para ayudar a la gente es decir, bueno, nos equivocamos. Y tambi\u00e9n dice que no hay delito, s\u00ed hay delito, la Justicia dir\u00e1 cu\u00e1les son los delitos. Pero lo cierto es que la camioneta est\u00e1 secuestrada hace casi un mes, ac\u00e1 a 20 metros, en la Comisar\u00eda del Municipio, entonces no puede decir que \u00e9l no, que \u00e9l asegura que no hay delitos, hay delitos, y varios. Entonces, creo que lo que pedimos y tambi\u00e9n relacionado con el Pedido de Informe de la obra p\u00fablica en Villa Serrana La Gruta del agua potable, es que el Intendente y el Ejecutivo, principalmente el Intendente, si no nos quiere responder a nosotros como Bloque que no lo haga, pero que le d\u00e9 respuesta a la sociedad, que justamente nosotros los Pedidos de Informes que hacemos y los proyectos tienen que ver con eso, con las cuestiones que nos solicita la sociedad. Muchas gracias.\u201d<\/p>\n<p><iframe loading=\"lazy\" title=\"2023 09 20 HCD 2 LUIS CASTRO\" width=\"500\" height=\"281\" src=\"https:\/\/www.youtube.com\/embed\/jtOpuzoYeX0?feature=oembed\" frameborder=\"0\" allow=\"accelerometer; autoplay; clipboard-write; encrypted-media; gyroscope; picture-in-picture; web-share\" referrerpolicy=\"strict-origin-when-cross-origin\" allowfullscreen><\/iframe><\/p>\n<p>Concejal Mar\u00eda Romero:<\/p>\n<p>\u201cBueno, yo me quiero referir a un evento que se est\u00e1 llevando en la ciudad de Mar del Plata que son los Juegos Bonaerenses, gesti\u00f3n de nuestro Gobernador Axel Kicillof, que la verdad que es muy importante para nuestra provincia, para el pa\u00eds, porque la verdad que re\u00fane cantidad de j\u00f3venes y adultos que participan. Y es importante este tipo de actividades porque ah\u00ed se relacionan entre, se conocen, forman amistades, y hay muchos j\u00f3venes que no conocen la playa, la ciudad, entonces est\u00e1 bueno estos proyectos para llevar adelante. Y quiero mencionar y felicitar a nuestros vecinos que han participado tanto de Sierra, de Tornquist, que han logrado medallas. As\u00ed que muy importante para ellos, para nuestro Distrito. As\u00ed que felicitarlos a cada uno de nuestros j\u00f3venes, nuestros j\u00f3venes m\u00e1s adultos, que participaron en estos Juegos Bonaerenses, que bueno, finalizan ma\u00f1ana. As\u00ed que la mayor de las felicitaciones para todos ellos. Gracias se\u00f1ora Presidenta.\u201d<\/p>\n<p><iframe loading=\"lazy\" title=\"2023 09 20 HCD 3 MARIA ROMERO\" width=\"500\" height=\"281\" src=\"https:\/\/www.youtube.com\/embed\/gkj7nuoSbao?feature=oembed\" frameborder=\"0\" allow=\"accelerometer; autoplay; clipboard-write; encrypted-media; gyroscope; picture-in-picture; web-share\" referrerpolicy=\"strict-origin-when-cross-origin\" allowfullscreen><\/iframe><\/p>\n<p>Concejal Marcela Gimenez:<\/p>\n<p>\u201creferirme, bueno, a los Pedidos de Informes que realiz\u00f3 o realizaron los Concejales de los Bloques de Juntos y Juntos por el Cambio. Nuestro Bloque acompa\u00f1a los Pedidos de Informe por supuesto, desde la funci\u00f3n de, y desde nuestro rol como Concejales, sabiendo y entendiendo que nuestra funci\u00f3n es la de controlar por supuesto y tambi\u00e9n de llevar claridad a la comunidad. Y creemos que prontamente vamos a tener respuesta como tambi\u00e9n lo hemos tenido en el Pedido de Informe anterior donde si se nos respondi\u00f3 sobre la cuesti\u00f3n de la camioneta y donde se nos adjunt\u00f3 la renuncia de los funcionarios involucrados en las \u00e1reas. Entiendo que de esta misma manera el Departamento Ejecutivo dar\u00e1 las respuestas necesarias y no solo porque las tiene que dar a este Concejo Deliberante, sino tambi\u00e9n porque las debe a la comunidad, por lo tanto desde nuestro lugar entendemos y comprendemos que nuestras funciones es esta, lo que est\u00e1 mal est\u00e1 mal por supuesto y nosotros vamos a obrar en funci\u00f3n de nuestro rol. por lo tanto es el acompa\u00f1amiento a los Pedidos de Informe que se llevaron adelante hoy, y que creemos que brevemente se responder\u00e1n. Nada m\u00e1s y muchas gracias.\u201d<\/p>\n<p><iframe loading=\"lazy\" title=\"2023 09 20 HCD 4 MARCELA GIMENEZ\" width=\"500\" height=\"281\" src=\"https:\/\/www.youtube.com\/embed\/rg3j-uLv-kM?feature=oembed\" frameborder=\"0\" allow=\"accelerometer; autoplay; clipboard-write; encrypted-media; gyroscope; picture-in-picture; web-share\" referrerpolicy=\"strict-origin-when-cross-origin\" allowfullscreen><\/iframe><\/p>\n<p>HONORABLE CONCEJO DELIBERANTE.<\/p>\n<p>&nbsp;<\/p>\n","protected":false},"excerpt":{"rendered":"<p>INFORME DE LA\u00a0 ASAMBLEA DE CONCEJALES Y MAYORES CONTRIBUYENTES Y DE LA SESI\u00d3N ORDINARIA DE FECHA 19-09-23 \u00a0 Convocados por Decreto N\u00ba 12\/23 el d\u00eda 19 de septiembre se realiz\u00f3 la Asamblea de Concejales y Mayores Contribuyentes para tratar el siguiente tema: &nbsp; N\u00ba 195\/20: &#8211; D.E. &#8211; Autoriza Reprogramaci\u00f3n de las deudas municipales ref. [&hellip;]<\/p>\n","protected":false},"author":3,"featured_media":79230,"comment_status":"closed","ping_status":"closed","sticky":false,"template":"","format":"standard","meta":{"footnotes":""},"categories":[53],"tags":[],"class_list":["post-79229","post","type-post","status-publish","format-standard","has-post-thumbnail","hentry","category-politica"],"yoast_head":"<!-- This site is optimized with the Yoast SEO plugin v19.7.1 - https:\/\/yoast.com\/wordpress\/plugins\/seo\/ -->\n<title>Informe de la asamblea de concejales y mayores contribuyentes y de la \u00faltima sesi\u00f3n ordinaria (Videos) - CELTTV<\/title>\n<meta name=\"description\" content=\"Sitio web de noticias de la localidad de Tornquist, provincia de Buenos Aires, Rep\u00fablica Argentina. Contenido propio originado por periodistas de CELTTV, el canal de TV local de la Cooperativa El\u00e9ctrica de Tornquist. Turismo, Pol\u00edtica, Sociedad, Deporte, Cultura y todo el contenido de inter\u00e9s general que la gente del pueblo y la regi\u00f3n debe conocer.\" \/>\n<meta name=\"robots\" content=\"index, follow, max-snippet:-1, max-image-preview:large, max-video-preview:-1\" \/>\n<link rel=\"canonical\" href=\"https:\/\/www.celttv.com.ar\/index.php\/2023\/09\/21\/informe-de-la-asamblea-de-concejales-y-mayores-contribuyentes-y-de-la-ultima-sesion-ordinaria-videos\/\" \/>\n<meta property=\"og:locale\" content=\"es_ES\" \/>\n<meta property=\"og:type\" content=\"article\" \/>\n<meta property=\"og:title\" content=\"Informe de la asamblea de concejales y mayores contribuyentes y de la \u00faltima sesi\u00f3n ordinaria (Videos) - CELTTV\" \/>\n<meta property=\"og:description\" content=\"Sitio web de noticias de la localidad de Tornquist, provincia de Buenos Aires, Rep\u00fablica Argentina. Contenido propio originado por periodistas de CELTTV, el canal de TV local de la Cooperativa El\u00e9ctrica de Tornquist. Turismo, Pol\u00edtica, Sociedad, Deporte, Cultura y todo el contenido de inter\u00e9s general que la gente del pueblo y la regi\u00f3n debe conocer.\" \/>\n<meta property=\"og:url\" content=\"https:\/\/www.celttv.com.ar\/index.php\/2023\/09\/21\/informe-de-la-asamblea-de-concejales-y-mayores-contribuyentes-y-de-la-ultima-sesion-ordinaria-videos\/\" \/>\n<meta property=\"og:site_name\" content=\"CELTTV\" \/>\n<meta property=\"article:publisher\" content=\"https:\/\/www.facebook.com\/celtTV\/\" \/>\n<meta property=\"article:published_time\" content=\"2023-09-22T00:31:39+00:00\" \/>\n<meta property=\"og:image\" content=\"https:\/\/www.celttv.com.ar\/wp-content\/uploads\/2023\/09\/272977977_510181767444770_2654556856463420293_n-1.png\" \/>\n\t<meta property=\"og:image:width\" content=\"960\" \/>\n\t<meta property=\"og:image:height\" content=\"541\" \/>\n\t<meta property=\"og:image:type\" content=\"image\/png\" \/>\n<meta name=\"author\" content=\"Rodrigo Sgammini\" \/>\n<meta name=\"twitter:card\" content=\"summary_large_image\" \/>\n<meta name=\"twitter:label1\" content=\"Escrito por\" \/>\n\t<meta name=\"twitter:data1\" content=\"Rodrigo Sgammini\" \/>\n\t<meta name=\"twitter:label2\" content=\"Tiempo de lectura\" \/>\n\t<meta name=\"twitter:data2\" content=\"43 minutos\" \/>\n<script type=\"application\/ld+json\" class=\"yoast-schema-graph\">{\"@context\":\"https:\/\/schema.org\",\"@graph\":[{\"@type\":\"NewsArticle\",\"@id\":\"https:\/\/www.celttv.com.ar\/index.php\/2023\/09\/21\/informe-de-la-asamblea-de-concejales-y-mayores-contribuyentes-y-de-la-ultima-sesion-ordinaria-videos\/#article\",\"isPartOf\":{\"@id\":\"https:\/\/www.celttv.com.ar\/index.php\/2023\/09\/21\/informe-de-la-asamblea-de-concejales-y-mayores-contribuyentes-y-de-la-ultima-sesion-ordinaria-videos\/\"},\"author\":{\"name\":\"Rodrigo Sgammini\",\"@id\":\"https:\/\/www.celttv.com.ar\/#\/schema\/person\/495be51d064edd971d8457f8f64eb172\"},\"headline\":\"Informe de la asamblea de concejales y mayores contribuyentes y de la \u00faltima sesi\u00f3n ordinaria (Videos)\",\"datePublished\":\"2023-09-22T00:31:39+00:00\",\"dateModified\":\"2023-09-22T00:31:39+00:00\",\"mainEntityOfPage\":{\"@id\":\"https:\/\/www.celttv.com.ar\/index.php\/2023\/09\/21\/informe-de-la-asamblea-de-concejales-y-mayores-contribuyentes-y-de-la-ultima-sesion-ordinaria-videos\/\"},\"wordCount\":8698,\"publisher\":{\"@id\":\"https:\/\/www.celttv.com.ar\/#organization\"},\"articleSection\":[\"Pol\u00edtica\"],\"inLanguage\":\"es\"},{\"@type\":\"WebPage\",\"@id\":\"https:\/\/www.celttv.com.ar\/index.php\/2023\/09\/21\/informe-de-la-asamblea-de-concejales-y-mayores-contribuyentes-y-de-la-ultima-sesion-ordinaria-videos\/\",\"url\":\"https:\/\/www.celttv.com.ar\/index.php\/2023\/09\/21\/informe-de-la-asamblea-de-concejales-y-mayores-contribuyentes-y-de-la-ultima-sesion-ordinaria-videos\/\",\"name\":\"Informe de la asamblea de concejales y mayores contribuyentes y de la \u00faltima sesi\u00f3n ordinaria (Videos) - CELTTV\",\"isPartOf\":{\"@id\":\"https:\/\/www.celttv.com.ar\/#website\"},\"datePublished\":\"2023-09-22T00:31:39+00:00\",\"dateModified\":\"2023-09-22T00:31:39+00:00\",\"description\":\"Sitio web de noticias de la localidad de Tornquist, provincia de Buenos Aires, Rep\u00fablica Argentina. Contenido propio originado por periodistas de CELTTV, el canal de TV local de la Cooperativa El\u00e9ctrica de Tornquist. Turismo, Pol\u00edtica, Sociedad, Deporte, Cultura y todo el contenido de inter\u00e9s general que la gente del pueblo y la regi\u00f3n debe conocer.\",\"breadcrumb\":{\"@id\":\"https:\/\/www.celttv.com.ar\/index.php\/2023\/09\/21\/informe-de-la-asamblea-de-concejales-y-mayores-contribuyentes-y-de-la-ultima-sesion-ordinaria-videos\/#breadcrumb\"},\"inLanguage\":\"es\",\"potentialAction\":[{\"@type\":\"ReadAction\",\"target\":[\"https:\/\/www.celttv.com.ar\/index.php\/2023\/09\/21\/informe-de-la-asamblea-de-concejales-y-mayores-contribuyentes-y-de-la-ultima-sesion-ordinaria-videos\/\"]}]},{\"@type\":\"BreadcrumbList\",\"@id\":\"https:\/\/www.celttv.com.ar\/index.php\/2023\/09\/21\/informe-de-la-asamblea-de-concejales-y-mayores-contribuyentes-y-de-la-ultima-sesion-ordinaria-videos\/#breadcrumb\",\"itemListElement\":[{\"@type\":\"ListItem\",\"position\":1,\"name\":\"Inicio\",\"item\":\"https:\/\/www.celttv.com.ar\/\"},{\"@type\":\"ListItem\",\"position\":2,\"name\":\"Informe de la asamblea de concejales y mayores contribuyentes y de la \u00faltima sesi\u00f3n ordinaria (Videos)\"}]},{\"@type\":\"WebSite\",\"@id\":\"https:\/\/www.celttv.com.ar\/#website\",\"url\":\"https:\/\/www.celttv.com.ar\/\",\"name\":\"CELTTV\",\"description\":\"Cooperativa El\u00e9ctrica de Tornquist\",\"publisher\":{\"@id\":\"https:\/\/www.celttv.com.ar\/#organization\"},\"potentialAction\":[{\"@type\":\"SearchAction\",\"target\":{\"@type\":\"EntryPoint\",\"urlTemplate\":\"https:\/\/www.celttv.com.ar\/?s={search_term_string}\"},\"query-input\":\"required name=search_term_string\"}],\"inLanguage\":\"es\"},{\"@type\":\"Organization\",\"@id\":\"https:\/\/www.celttv.com.ar\/#organization\",\"name\":\"CELTTV\",\"url\":\"https:\/\/www.celttv.com.ar\/\",\"sameAs\":[\"https:\/\/www.youtube.com\/channel\/UCz_oIt8Hig64Ub-EmcNPIhg\",\"https:\/\/www.facebook.com\/celtTV\/\"],\"logo\":{\"@type\":\"ImageObject\",\"inLanguage\":\"es\",\"@id\":\"https:\/\/www.celttv.com.ar\/#\/schema\/logo\/image\/\",\"url\":\"http:\/\/www.celttv.com.ar\/wp-content\/uploads\/2022\/08\/logo-1.png\",\"contentUrl\":\"http:\/\/www.celttv.com.ar\/wp-content\/uploads\/2022\/08\/logo-1.png\",\"width\":461,\"height\":159,\"caption\":\"CELTTV\"},\"image\":{\"@id\":\"https:\/\/www.celttv.com.ar\/#\/schema\/logo\/image\/\"}},{\"@type\":\"Person\",\"@id\":\"https:\/\/www.celttv.com.ar\/#\/schema\/person\/495be51d064edd971d8457f8f64eb172\",\"name\":\"Rodrigo Sgammini\",\"image\":{\"@type\":\"ImageObject\",\"inLanguage\":\"es\",\"@id\":\"https:\/\/www.celttv.com.ar\/#\/schema\/person\/image\/\",\"url\":\"https:\/\/secure.gravatar.com\/avatar\/68f7848d42735e7a9276b47cd6e606327d88f521c51ae39d88888b76902e2987?s=96&d=mm&r=g\",\"contentUrl\":\"https:\/\/secure.gravatar.com\/avatar\/68f7848d42735e7a9276b47cd6e606327d88f521c51ae39d88888b76902e2987?s=96&d=mm&r=g\",\"caption\":\"Rodrigo Sgammini\"}}]}<\/script>\n<!-- \/ Yoast SEO plugin. -->","yoast_head_json":{"title":"Informe de la asamblea de concejales y mayores contribuyentes y de la \u00faltima sesi\u00f3n ordinaria (Videos) - CELTTV","description":"Sitio web de noticias de la localidad de Tornquist, provincia de Buenos Aires, Rep\u00fablica Argentina. Contenido propio originado por periodistas de CELTTV, el canal de TV local de la Cooperativa El\u00e9ctrica de Tornquist. Turismo, Pol\u00edtica, Sociedad, Deporte, Cultura y todo el contenido de inter\u00e9s general que la gente del pueblo y la regi\u00f3n debe conocer.","robots":{"index":"index","follow":"follow","max-snippet":"max-snippet:-1","max-image-preview":"max-image-preview:large","max-video-preview":"max-video-preview:-1"},"canonical":"https:\/\/www.celttv.com.ar\/index.php\/2023\/09\/21\/informe-de-la-asamblea-de-concejales-y-mayores-contribuyentes-y-de-la-ultima-sesion-ordinaria-videos\/","og_locale":"es_ES","og_type":"article","og_title":"Informe de la asamblea de concejales y mayores contribuyentes y de la \u00faltima sesi\u00f3n ordinaria (Videos) - CELTTV","og_description":"Sitio web de noticias de la localidad de Tornquist, provincia de Buenos Aires, Rep\u00fablica Argentina. Contenido propio originado por periodistas de CELTTV, el canal de TV local de la Cooperativa El\u00e9ctrica de Tornquist. Turismo, Pol\u00edtica, Sociedad, Deporte, Cultura y todo el contenido de inter\u00e9s general que la gente del pueblo y la regi\u00f3n debe conocer.","og_url":"https:\/\/www.celttv.com.ar\/index.php\/2023\/09\/21\/informe-de-la-asamblea-de-concejales-y-mayores-contribuyentes-y-de-la-ultima-sesion-ordinaria-videos\/","og_site_name":"CELTTV","article_publisher":"https:\/\/www.facebook.com\/celtTV\/","article_published_time":"2023-09-22T00:31:39+00:00","og_image":[{"width":960,"height":541,"url":"https:\/\/www.celttv.com.ar\/wp-content\/uploads\/2023\/09\/272977977_510181767444770_2654556856463420293_n-1.png","type":"image\/png"}],"author":"Rodrigo Sgammini","twitter_card":"summary_large_image","twitter_misc":{"Escrito por":"Rodrigo Sgammini","Tiempo de lectura":"43 minutos"},"schema":{"@context":"https:\/\/schema.org","@graph":[{"@type":"NewsArticle","@id":"https:\/\/www.celttv.com.ar\/index.php\/2023\/09\/21\/informe-de-la-asamblea-de-concejales-y-mayores-contribuyentes-y-de-la-ultima-sesion-ordinaria-videos\/#article","isPartOf":{"@id":"https:\/\/www.celttv.com.ar\/index.php\/2023\/09\/21\/informe-de-la-asamblea-de-concejales-y-mayores-contribuyentes-y-de-la-ultima-sesion-ordinaria-videos\/"},"author":{"name":"Rodrigo Sgammini","@id":"https:\/\/www.celttv.com.ar\/#\/schema\/person\/495be51d064edd971d8457f8f64eb172"},"headline":"Informe de la asamblea de concejales y mayores contribuyentes y de la \u00faltima sesi\u00f3n ordinaria (Videos)","datePublished":"2023-09-22T00:31:39+00:00","dateModified":"2023-09-22T00:31:39+00:00","mainEntityOfPage":{"@id":"https:\/\/www.celttv.com.ar\/index.php\/2023\/09\/21\/informe-de-la-asamblea-de-concejales-y-mayores-contribuyentes-y-de-la-ultima-sesion-ordinaria-videos\/"},"wordCount":8698,"publisher":{"@id":"https:\/\/www.celttv.com.ar\/#organization"},"articleSection":["Pol\u00edtica"],"inLanguage":"es"},{"@type":"WebPage","@id":"https:\/\/www.celttv.com.ar\/index.php\/2023\/09\/21\/informe-de-la-asamblea-de-concejales-y-mayores-contribuyentes-y-de-la-ultima-sesion-ordinaria-videos\/","url":"https:\/\/www.celttv.com.ar\/index.php\/2023\/09\/21\/informe-de-la-asamblea-de-concejales-y-mayores-contribuyentes-y-de-la-ultima-sesion-ordinaria-videos\/","name":"Informe de la asamblea de concejales y mayores contribuyentes y de la \u00faltima sesi\u00f3n ordinaria (Videos) - CELTTV","isPartOf":{"@id":"https:\/\/www.celttv.com.ar\/#website"},"datePublished":"2023-09-22T00:31:39+00:00","dateModified":"2023-09-22T00:31:39+00:00","description":"Sitio web de noticias de la localidad de Tornquist, provincia de Buenos Aires, Rep\u00fablica Argentina. Contenido propio originado por periodistas de CELTTV, el canal de TV local de la Cooperativa El\u00e9ctrica de Tornquist. Turismo, Pol\u00edtica, Sociedad, Deporte, Cultura y todo el contenido de inter\u00e9s general que la gente del pueblo y la regi\u00f3n debe conocer.","breadcrumb":{"@id":"https:\/\/www.celttv.com.ar\/index.php\/2023\/09\/21\/informe-de-la-asamblea-de-concejales-y-mayores-contribuyentes-y-de-la-ultima-sesion-ordinaria-videos\/#breadcrumb"},"inLanguage":"es","potentialAction":[{"@type":"ReadAction","target":["https:\/\/www.celttv.com.ar\/index.php\/2023\/09\/21\/informe-de-la-asamblea-de-concejales-y-mayores-contribuyentes-y-de-la-ultima-sesion-ordinaria-videos\/"]}]},{"@type":"BreadcrumbList","@id":"https:\/\/www.celttv.com.ar\/index.php\/2023\/09\/21\/informe-de-la-asamblea-de-concejales-y-mayores-contribuyentes-y-de-la-ultima-sesion-ordinaria-videos\/#breadcrumb","itemListElement":[{"@type":"ListItem","position":1,"name":"Inicio","item":"https:\/\/www.celttv.com.ar\/"},{"@type":"ListItem","position":2,"name":"Informe de la asamblea de concejales y mayores contribuyentes y de la \u00faltima sesi\u00f3n ordinaria (Videos)"}]},{"@type":"WebSite","@id":"https:\/\/www.celttv.com.ar\/#website","url":"https:\/\/www.celttv.com.ar\/","name":"CELTTV","description":"Cooperativa El\u00e9ctrica de Tornquist","publisher":{"@id":"https:\/\/www.celttv.com.ar\/#organization"},"potentialAction":[{"@type":"SearchAction","target":{"@type":"EntryPoint","urlTemplate":"https:\/\/www.celttv.com.ar\/?s={search_term_string}"},"query-input":"required name=search_term_string"}],"inLanguage":"es"},{"@type":"Organization","@id":"https:\/\/www.celttv.com.ar\/#organization","name":"CELTTV","url":"https:\/\/www.celttv.com.ar\/","sameAs":["https:\/\/www.youtube.com\/channel\/UCz_oIt8Hig64Ub-EmcNPIhg","https:\/\/www.facebook.com\/celtTV\/"],"logo":{"@type":"ImageObject","inLanguage":"es","@id":"https:\/\/www.celttv.com.ar\/#\/schema\/logo\/image\/","url":"http:\/\/www.celttv.com.ar\/wp-content\/uploads\/2022\/08\/logo-1.png","contentUrl":"http:\/\/www.celttv.com.ar\/wp-content\/uploads\/2022\/08\/logo-1.png","width":461,"height":159,"caption":"CELTTV"},"image":{"@id":"https:\/\/www.celttv.com.ar\/#\/schema\/logo\/image\/"}},{"@type":"Person","@id":"https:\/\/www.celttv.com.ar\/#\/schema\/person\/495be51d064edd971d8457f8f64eb172","name":"Rodrigo Sgammini","image":{"@type":"ImageObject","inLanguage":"es","@id":"https:\/\/www.celttv.com.ar\/#\/schema\/person\/image\/","url":"https:\/\/secure.gravatar.com\/avatar\/68f7848d42735e7a9276b47cd6e606327d88f521c51ae39d88888b76902e2987?s=96&d=mm&r=g","contentUrl":"https:\/\/secure.gravatar.com\/avatar\/68f7848d42735e7a9276b47cd6e606327d88f521c51ae39d88888b76902e2987?s=96&d=mm&r=g","caption":"Rodrigo Sgammini"}}]}},"_links":{"self":[{"href":"https:\/\/www.celttv.com.ar\/index.php\/wp-json\/wp\/v2\/posts\/79229","targetHints":{"allow":["GET"]}}],"collection":[{"href":"https:\/\/www.celttv.com.ar\/index.php\/wp-json\/wp\/v2\/posts"}],"about":[{"href":"https:\/\/www.celttv.com.ar\/index.php\/wp-json\/wp\/v2\/types\/post"}],"author":[{"embeddable":true,"href":"https:\/\/www.celttv.com.ar\/index.php\/wp-json\/wp\/v2\/users\/3"}],"replies":[{"embeddable":true,"href":"https:\/\/www.celttv.com.ar\/index.php\/wp-json\/wp\/v2\/comments?post=79229"}],"version-history":[{"count":1,"href":"https:\/\/www.celttv.com.ar\/index.php\/wp-json\/wp\/v2\/posts\/79229\/revisions"}],"predecessor-version":[{"id":79231,"href":"https:\/\/www.celttv.com.ar\/index.php\/wp-json\/wp\/v2\/posts\/79229\/revisions\/79231"}],"wp:featuredmedia":[{"embeddable":true,"href":"https:\/\/www.celttv.com.ar\/index.php\/wp-json\/wp\/v2\/media\/79230"}],"wp:attachment":[{"href":"https:\/\/www.celttv.com.ar\/index.php\/wp-json\/wp\/v2\/media?parent=79229"}],"wp:term":[{"taxonomy":"category","embeddable":true,"href":"https:\/\/www.celttv.com.ar\/index.php\/wp-json\/wp\/v2\/categories?post=79229"},{"taxonomy":"post_tag","embeddable":true,"href":"https:\/\/www.celttv.com.ar\/index.php\/wp-json\/wp\/v2\/tags?post=79229"}],"curies":[{"name":"wp","href":"https:\/\/api.w.org\/{rel}","templated":true}]}}