{"id":79280,"date":"2023-09-23T22:37:59","date_gmt":"2023-09-24T01:37:59","guid":{"rendered":"http:\/\/www.celttv.com.ar\/?p=79280"},"modified":"2023-09-24T10:40:43","modified_gmt":"2023-09-24T13:40:43","slug":"festejos-por-el-dia-del-productor-agropecuario-en-la-asociacion-rural-de-tornquist","status":"publish","type":"post","link":"https:\/\/www.celttv.com.ar\/index.php\/2023\/09\/23\/festejos-por-el-dia-del-productor-agropecuario-en-la-asociacion-rural-de-tornquist\/","title":{"rendered":"Festejos por el D\u00eda del Productor Agropecuario en la Asociaci\u00f3n Rural de Tornquist"},"content":{"rendered":"<p>Con un nutrido grupo de productores se realiz\u00f3 la cena por el <em><strong>D\u00eda del Productor Agropecuario<\/strong><\/em>, en el sal\u00f3n de fiestas de la <em><strong>Asociaci\u00f3n Rural de Tornquist<\/strong><\/em>, ubicada sobre el acceso a nuestra ciudad.<\/p>\n<p>La familia agropecuaria se uni\u00f3 para compartir una noche de camarader\u00eda, donde el encuentro, la charlas, la m\u00fasica folkl\u00f3rica y el asado, fueron la conjugaci\u00f3n ideal para celebrar el D\u00eda del Productor.<\/p>\n<p>La cena cont\u00f3 con la presencia de los integrantes de la comisi\u00f3n directiva de la entidad anfitriona y la de <em><strong>Roberto Cittadini<\/strong><\/em>, productor de la ciudad de Pig\u00fc\u00e9 y vicepresidente primero de la Confederaci\u00f3n de Asociaciones Rurales de Buenos Aires y La Pampa <em><strong>(CARBAP).<\/strong><\/em><\/p>\n<p>Notas e im\u00e1genes de la cena el lunes 25, a partir de las 12.30 hs, en <em><strong>CELTTV NOTICIAS<\/strong><\/em> por <em><strong>Canal 2.\u00a0<\/strong><\/em><\/p>\n<p><img loading=\"lazy\" decoding=\"async\" class=\"alignnone wp-image-79281 size-large\" src=\"http:\/\/www.celttv.com.ar\/wp-content\/uploads\/2023\/09\/WhatsApp-Image-2023-09-23-at-22.24.05-1024x576.jpeg\" alt=\"\" width=\"1024\" height=\"576\" srcset=\"https:\/\/www.celttv.com.ar\/wp-content\/uploads\/2023\/09\/WhatsApp-Image-2023-09-23-at-22.24.05-1024x576.jpeg 1024w, https:\/\/www.celttv.com.ar\/wp-content\/uploads\/2023\/09\/WhatsApp-Image-2023-09-23-at-22.24.05-300x169.jpeg 300w, https:\/\/www.celttv.com.ar\/wp-content\/uploads\/2023\/09\/WhatsApp-Image-2023-09-23-at-22.24.05-768x432.jpeg 768w, https:\/\/www.celttv.com.ar\/wp-content\/uploads\/2023\/09\/WhatsApp-Image-2023-09-23-at-22.24.05-1536x864.jpeg 1536w, https:\/\/www.celttv.com.ar\/wp-content\/uploads\/2023\/09\/WhatsApp-Image-2023-09-23-at-22.24.05-750x422.jpeg 750w, https:\/\/www.celttv.com.ar\/wp-content\/uploads\/2023\/09\/WhatsApp-Image-2023-09-23-at-22.24.05-1140x641.jpeg 1140w, https:\/\/www.celttv.com.ar\/wp-content\/uploads\/2023\/09\/WhatsApp-Image-2023-09-23-at-22.24.05.jpeg 1600w\" sizes=\"auto, (max-width: 1024px) 100vw, 1024px\" \/> <img loading=\"lazy\" decoding=\"async\" class=\"alignnone wp-image-79282 size-full\" src=\"http:\/\/www.celttv.com.ar\/wp-content\/uploads\/2023\/09\/WhatsApp-Image-2023-09-23-at-22.24.06-1.jpeg\" alt=\"\" width=\"1600\" height=\"900\" srcset=\"https:\/\/www.celttv.com.ar\/wp-content\/uploads\/2023\/09\/WhatsApp-Image-2023-09-23-at-22.24.06-1.jpeg 1600w, https:\/\/www.celttv.com.ar\/wp-content\/uploads\/2023\/09\/WhatsApp-Image-2023-09-23-at-22.24.06-1-300x169.jpeg 300w, https:\/\/www.celttv.com.ar\/wp-content\/uploads\/2023\/09\/WhatsApp-Image-2023-09-23-at-22.24.06-1-1024x576.jpeg 1024w, https:\/\/www.celttv.com.ar\/wp-content\/uploads\/2023\/09\/WhatsApp-Image-2023-09-23-at-22.24.06-1-768x432.jpeg 768w, https:\/\/www.celttv.com.ar\/wp-content\/uploads\/2023\/09\/WhatsApp-Image-2023-09-23-at-22.24.06-1-1536x864.jpeg 1536w, https:\/\/www.celttv.com.ar\/wp-content\/uploads\/2023\/09\/WhatsApp-Image-2023-09-23-at-22.24.06-1-750x422.jpeg 750w, https:\/\/www.celttv.com.ar\/wp-content\/uploads\/2023\/09\/WhatsApp-Image-2023-09-23-at-22.24.06-1-1140x641.jpeg 1140w\" sizes=\"auto, (max-width: 1600px) 100vw, 1600px\" \/> <img loading=\"lazy\" decoding=\"async\" class=\"alignnone wp-image-79283 size-large\" src=\"http:\/\/www.celttv.com.ar\/wp-content\/uploads\/2023\/09\/WhatsApp-Image-2023-09-23-at-22.24.06-2-1024x576.jpeg\" alt=\"\" width=\"1024\" height=\"576\" srcset=\"https:\/\/www.celttv.com.ar\/wp-content\/uploads\/2023\/09\/WhatsApp-Image-2023-09-23-at-22.24.06-2-1024x576.jpeg 1024w, https:\/\/www.celttv.com.ar\/wp-content\/uploads\/2023\/09\/WhatsApp-Image-2023-09-23-at-22.24.06-2-300x169.jpeg 300w, https:\/\/www.celttv.com.ar\/wp-content\/uploads\/2023\/09\/WhatsApp-Image-2023-09-23-at-22.24.06-2-768x432.jpeg 768w, https:\/\/www.celttv.com.ar\/wp-content\/uploads\/2023\/09\/WhatsApp-Image-2023-09-23-at-22.24.06-2-1536x864.jpeg 1536w, https:\/\/www.celttv.com.ar\/wp-content\/uploads\/2023\/09\/WhatsApp-Image-2023-09-23-at-22.24.06-2-750x422.jpeg 750w, https:\/\/www.celttv.com.ar\/wp-content\/uploads\/2023\/09\/WhatsApp-Image-2023-09-23-at-22.24.06-2-1140x641.jpeg 1140w, https:\/\/www.celttv.com.ar\/wp-content\/uploads\/2023\/09\/WhatsApp-Image-2023-09-23-at-22.24.06-2.jpeg 1600w\" sizes=\"auto, (max-width: 1024px) 100vw, 1024px\" \/> <img loading=\"lazy\" decoding=\"async\" class=\"alignnone wp-image-79284 size-large\" src=\"http:\/\/www.celttv.com.ar\/wp-content\/uploads\/2023\/09\/WhatsApp-Image-2023-09-23-at-22.24.06-1024x576.jpeg\" alt=\"\" width=\"1024\" height=\"576\" srcset=\"https:\/\/www.celttv.com.ar\/wp-content\/uploads\/2023\/09\/WhatsApp-Image-2023-09-23-at-22.24.06-1024x576.jpeg 1024w, https:\/\/www.celttv.com.ar\/wp-content\/uploads\/2023\/09\/WhatsApp-Image-2023-09-23-at-22.24.06-300x169.jpeg 300w, https:\/\/www.celttv.com.ar\/wp-content\/uploads\/2023\/09\/WhatsApp-Image-2023-09-23-at-22.24.06-768x432.jpeg 768w, https:\/\/www.celttv.com.ar\/wp-content\/uploads\/2023\/09\/WhatsApp-Image-2023-09-23-at-22.24.06-1536x864.jpeg 1536w, https:\/\/www.celttv.com.ar\/wp-content\/uploads\/2023\/09\/WhatsApp-Image-2023-09-23-at-22.24.06-750x422.jpeg 750w, https:\/\/www.celttv.com.ar\/wp-content\/uploads\/2023\/09\/WhatsApp-Image-2023-09-23-at-22.24.06-1140x641.jpeg 1140w, https:\/\/www.celttv.com.ar\/wp-content\/uploads\/2023\/09\/WhatsApp-Image-2023-09-23-at-22.24.06.jpeg 1600w\" sizes=\"auto, (max-width: 1024px) 100vw, 1024px\" \/> <img loading=\"lazy\" decoding=\"async\" class=\"alignnone wp-image-79285 size-large\" src=\"http:\/\/www.celttv.com.ar\/wp-content\/uploads\/2023\/09\/WhatsApp-Image-2023-09-23-at-22.24.07-1-1024x576.jpeg\" alt=\"\" width=\"1024\" height=\"576\" srcset=\"https:\/\/www.celttv.com.ar\/wp-content\/uploads\/2023\/09\/WhatsApp-Image-2023-09-23-at-22.24.07-1-1024x576.jpeg 1024w, https:\/\/www.celttv.com.ar\/wp-content\/uploads\/2023\/09\/WhatsApp-Image-2023-09-23-at-22.24.07-1-300x169.jpeg 300w, https:\/\/www.celttv.com.ar\/wp-content\/uploads\/2023\/09\/WhatsApp-Image-2023-09-23-at-22.24.07-1-768x432.jpeg 768w, https:\/\/www.celttv.com.ar\/wp-content\/uploads\/2023\/09\/WhatsApp-Image-2023-09-23-at-22.24.07-1-1536x864.jpeg 1536w, https:\/\/www.celttv.com.ar\/wp-content\/uploads\/2023\/09\/WhatsApp-Image-2023-09-23-at-22.24.07-1-750x422.jpeg 750w, https:\/\/www.celttv.com.ar\/wp-content\/uploads\/2023\/09\/WhatsApp-Image-2023-09-23-at-22.24.07-1-1140x641.jpeg 1140w, https:\/\/www.celttv.com.ar\/wp-content\/uploads\/2023\/09\/WhatsApp-Image-2023-09-23-at-22.24.07-1.jpeg 1600w\" sizes=\"auto, (max-width: 1024px) 100vw, 1024px\" \/> <img loading=\"lazy\" decoding=\"async\" class=\"alignnone wp-image-79286 size-large\" src=\"http:\/\/www.celttv.com.ar\/wp-content\/uploads\/2023\/09\/WhatsApp-Image-2023-09-23-at-22.24.07-2-1024x681.jpeg\" alt=\"\" width=\"1024\" height=\"681\" srcset=\"https:\/\/www.celttv.com.ar\/wp-content\/uploads\/2023\/09\/WhatsApp-Image-2023-09-23-at-22.24.07-2-1024x681.jpeg 1024w, https:\/\/www.celttv.com.ar\/wp-content\/uploads\/2023\/09\/WhatsApp-Image-2023-09-23-at-22.24.07-2-300x199.jpeg 300w, https:\/\/www.celttv.com.ar\/wp-content\/uploads\/2023\/09\/WhatsApp-Image-2023-09-23-at-22.24.07-2-768x511.jpeg 768w, https:\/\/www.celttv.com.ar\/wp-content\/uploads\/2023\/09\/WhatsApp-Image-2023-09-23-at-22.24.07-2-750x499.jpeg 750w, https:\/\/www.celttv.com.ar\/wp-content\/uploads\/2023\/09\/WhatsApp-Image-2023-09-23-at-22.24.07-2-1140x758.jpeg 1140w, https:\/\/www.celttv.com.ar\/wp-content\/uploads\/2023\/09\/WhatsApp-Image-2023-09-23-at-22.24.07-2.jpeg 1337w\" sizes=\"auto, (max-width: 1024px) 100vw, 1024px\" \/> <img loading=\"lazy\" decoding=\"async\" class=\"alignnone wp-image-79287 size-large\" src=\"http:\/\/www.celttv.com.ar\/wp-content\/uploads\/2023\/09\/WhatsApp-Image-2023-09-23-at-22.24.07-1024x576.jpeg\" alt=\"\" width=\"1024\" height=\"576\" srcset=\"https:\/\/www.celttv.com.ar\/wp-content\/uploads\/2023\/09\/WhatsApp-Image-2023-09-23-at-22.24.07-1024x576.jpeg 1024w, https:\/\/www.celttv.com.ar\/wp-content\/uploads\/2023\/09\/WhatsApp-Image-2023-09-23-at-22.24.07-300x169.jpeg 300w, https:\/\/www.celttv.com.ar\/wp-content\/uploads\/2023\/09\/WhatsApp-Image-2023-09-23-at-22.24.07-768x432.jpeg 768w, https:\/\/www.celttv.com.ar\/wp-content\/uploads\/2023\/09\/WhatsApp-Image-2023-09-23-at-22.24.07-1536x864.jpeg 1536w, https:\/\/www.celttv.com.ar\/wp-content\/uploads\/2023\/09\/WhatsApp-Image-2023-09-23-at-22.24.07-750x422.jpeg 750w, https:\/\/www.celttv.com.ar\/wp-content\/uploads\/2023\/09\/WhatsApp-Image-2023-09-23-at-22.24.07-1140x641.jpeg 1140w, https:\/\/www.celttv.com.ar\/wp-content\/uploads\/2023\/09\/WhatsApp-Image-2023-09-23-at-22.24.07.jpeg 1600w\" sizes=\"auto, (max-width: 1024px) 100vw, 1024px\" \/><\/p>\n","protected":false},"excerpt":{"rendered":"<p>Con un nutrido grupo de productores se realiz\u00f3 la cena por el D\u00eda del Productor Agropecuario, en el sal\u00f3n de fiestas de la Asociaci\u00f3n Rural de Tornquist, ubicada sobre el acceso a nuestra ciudad. La familia agropecuaria se uni\u00f3 para compartir una noche de camarader\u00eda, donde el encuentro, la charlas, la m\u00fasica folkl\u00f3rica y el [&hellip;]<\/p>\n","protected":false},"author":3,"featured_media":79283,"comment_status":"closed","ping_status":"closed","sticky":false,"template":"","format":"standard","meta":{"footnotes":""},"categories":[55],"tags":[],"class_list":["post-79280","post","type-post","status-publish","format-standard","has-post-thumbnail","hentry","category-celt-tv-noticias"],"yoast_head":"<!-- This site is optimized with the Yoast SEO plugin v19.7.1 - https:\/\/yoast.com\/wordpress\/plugins\/seo\/ -->\n<title>Festejos por el D\u00eda del Productor Agropecuario en la Asociaci\u00f3n Rural de Tornquist - CELTTV<\/title>\n<meta name=\"description\" content=\"Sitio web de noticias de la localidad de Tornquist, provincia de Buenos Aires, Rep\u00fablica Argentina. Contenido propio originado por periodistas de CELTTV, el canal de TV local de la Cooperativa El\u00e9ctrica de Tornquist. Turismo, Pol\u00edtica, Sociedad, Deporte, Cultura y todo el contenido de inter\u00e9s general que la gente del pueblo y la regi\u00f3n debe conocer.\" \/>\n<meta name=\"robots\" content=\"index, follow, max-snippet:-1, max-image-preview:large, max-video-preview:-1\" \/>\n<link rel=\"canonical\" href=\"https:\/\/www.celttv.com.ar\/index.php\/2023\/09\/23\/festejos-por-el-dia-del-productor-agropecuario-en-la-asociacion-rural-de-tornquist\/\" \/>\n<meta property=\"og:locale\" content=\"es_ES\" \/>\n<meta property=\"og:type\" content=\"article\" \/>\n<meta property=\"og:title\" content=\"Festejos por el D\u00eda del Productor Agropecuario en la Asociaci\u00f3n Rural de Tornquist - CELTTV\" \/>\n<meta property=\"og:description\" content=\"Sitio web de noticias de la localidad de Tornquist, provincia de Buenos Aires, Rep\u00fablica Argentina. Contenido propio originado por periodistas de CELTTV, el canal de TV local de la Cooperativa El\u00e9ctrica de Tornquist. Turismo, Pol\u00edtica, Sociedad, Deporte, Cultura y todo el contenido de inter\u00e9s general que la gente del pueblo y la regi\u00f3n debe conocer.\" \/>\n<meta property=\"og:url\" content=\"https:\/\/www.celttv.com.ar\/index.php\/2023\/09\/23\/festejos-por-el-dia-del-productor-agropecuario-en-la-asociacion-rural-de-tornquist\/\" \/>\n<meta property=\"og:site_name\" content=\"CELTTV\" \/>\n<meta property=\"article:publisher\" content=\"https:\/\/www.facebook.com\/celtTV\/\" \/>\n<meta property=\"article:published_time\" content=\"2023-09-24T01:37:59+00:00\" \/>\n<meta property=\"article:modified_time\" content=\"2023-09-24T13:40:43+00:00\" \/>\n<meta property=\"og:image\" content=\"https:\/\/www.celttv.com.ar\/wp-content\/uploads\/2023\/09\/WhatsApp-Image-2023-09-23-at-22.24.06-2.jpeg\" \/>\n\t<meta property=\"og:image:width\" content=\"1600\" \/>\n\t<meta property=\"og:image:height\" content=\"900\" \/>\n\t<meta property=\"og:image:type\" content=\"image\/jpeg\" \/>\n<meta name=\"author\" content=\"Rodrigo Sgammini\" \/>\n<meta name=\"twitter:card\" content=\"summary_large_image\" \/>\n<meta name=\"twitter:label1\" content=\"Escrito por\" \/>\n\t<meta name=\"twitter:data1\" content=\"Rodrigo Sgammini\" \/>\n\t<meta name=\"twitter:label2\" content=\"Tiempo de lectura\" \/>\n\t<meta name=\"twitter:data2\" content=\"1 minuto\" \/>\n<script type=\"application\/ld+json\" class=\"yoast-schema-graph\">{\"@context\":\"https:\/\/schema.org\",\"@graph\":[{\"@type\":\"NewsArticle\",\"@id\":\"https:\/\/www.celttv.com.ar\/index.php\/2023\/09\/23\/festejos-por-el-dia-del-productor-agropecuario-en-la-asociacion-rural-de-tornquist\/#article\",\"isPartOf\":{\"@id\":\"https:\/\/www.celttv.com.ar\/index.php\/2023\/09\/23\/festejos-por-el-dia-del-productor-agropecuario-en-la-asociacion-rural-de-tornquist\/\"},\"author\":{\"name\":\"Rodrigo Sgammini\",\"@id\":\"https:\/\/www.celttv.com.ar\/#\/schema\/person\/495be51d064edd971d8457f8f64eb172\"},\"headline\":\"Festejos por el D\u00eda del Productor Agropecuario en la Asociaci\u00f3n Rural de Tornquist\",\"datePublished\":\"2023-09-24T01:37:59+00:00\",\"dateModified\":\"2023-09-24T13:40:43+00:00\",\"mainEntityOfPage\":{\"@id\":\"https:\/\/www.celttv.com.ar\/index.php\/2023\/09\/23\/festejos-por-el-dia-del-productor-agropecuario-en-la-asociacion-rural-de-tornquist\/\"},\"wordCount\":154,\"publisher\":{\"@id\":\"https:\/\/www.celttv.com.ar\/#organization\"},\"articleSection\":[\"Celt TV Noticias\"],\"inLanguage\":\"es\"},{\"@type\":\"WebPage\",\"@id\":\"https:\/\/www.celttv.com.ar\/index.php\/2023\/09\/23\/festejos-por-el-dia-del-productor-agropecuario-en-la-asociacion-rural-de-tornquist\/\",\"url\":\"https:\/\/www.celttv.com.ar\/index.php\/2023\/09\/23\/festejos-por-el-dia-del-productor-agropecuario-en-la-asociacion-rural-de-tornquist\/\",\"name\":\"Festejos por el D\u00eda del Productor Agropecuario en la Asociaci\u00f3n Rural de Tornquist - CELTTV\",\"isPartOf\":{\"@id\":\"https:\/\/www.celttv.com.ar\/#website\"},\"datePublished\":\"2023-09-24T01:37:59+00:00\",\"dateModified\":\"2023-09-24T13:40:43+00:00\",\"description\":\"Sitio web de noticias de la localidad de Tornquist, provincia de Buenos Aires, Rep\u00fablica Argentina. Contenido propio originado por periodistas de CELTTV, el canal de TV local de la Cooperativa El\u00e9ctrica de Tornquist. Turismo, Pol\u00edtica, Sociedad, Deporte, Cultura y todo el contenido de inter\u00e9s general que la gente del pueblo y la regi\u00f3n debe conocer.\",\"breadcrumb\":{\"@id\":\"https:\/\/www.celttv.com.ar\/index.php\/2023\/09\/23\/festejos-por-el-dia-del-productor-agropecuario-en-la-asociacion-rural-de-tornquist\/#breadcrumb\"},\"inLanguage\":\"es\",\"potentialAction\":[{\"@type\":\"ReadAction\",\"target\":[\"https:\/\/www.celttv.com.ar\/index.php\/2023\/09\/23\/festejos-por-el-dia-del-productor-agropecuario-en-la-asociacion-rural-de-tornquist\/\"]}]},{\"@type\":\"BreadcrumbList\",\"@id\":\"https:\/\/www.celttv.com.ar\/index.php\/2023\/09\/23\/festejos-por-el-dia-del-productor-agropecuario-en-la-asociacion-rural-de-tornquist\/#breadcrumb\",\"itemListElement\":[{\"@type\":\"ListItem\",\"position\":1,\"name\":\"Inicio\",\"item\":\"https:\/\/www.celttv.com.ar\/\"},{\"@type\":\"ListItem\",\"position\":2,\"name\":\"Festejos por el D\u00eda del Productor Agropecuario en la Asociaci\u00f3n Rural de Tornquist\"}]},{\"@type\":\"WebSite\",\"@id\":\"https:\/\/www.celttv.com.ar\/#website\",\"url\":\"https:\/\/www.celttv.com.ar\/\",\"name\":\"CELTTV\",\"description\":\"Cooperativa El\u00e9ctrica de Tornquist\",\"publisher\":{\"@id\":\"https:\/\/www.celttv.com.ar\/#organization\"},\"potentialAction\":[{\"@type\":\"SearchAction\",\"target\":{\"@type\":\"EntryPoint\",\"urlTemplate\":\"https:\/\/www.celttv.com.ar\/?s={search_term_string}\"},\"query-input\":\"required name=search_term_string\"}],\"inLanguage\":\"es\"},{\"@type\":\"Organization\",\"@id\":\"https:\/\/www.celttv.com.ar\/#organization\",\"name\":\"CELTTV\",\"url\":\"https:\/\/www.celttv.com.ar\/\",\"sameAs\":[\"https:\/\/www.youtube.com\/channel\/UCz_oIt8Hig64Ub-EmcNPIhg\",\"https:\/\/www.facebook.com\/celtTV\/\"],\"logo\":{\"@type\":\"ImageObject\",\"inLanguage\":\"es\",\"@id\":\"https:\/\/www.celttv.com.ar\/#\/schema\/logo\/image\/\",\"url\":\"http:\/\/www.celttv.com.ar\/wp-content\/uploads\/2022\/08\/logo-1.png\",\"contentUrl\":\"http:\/\/www.celttv.com.ar\/wp-content\/uploads\/2022\/08\/logo-1.png\",\"width\":461,\"height\":159,\"caption\":\"CELTTV\"},\"image\":{\"@id\":\"https:\/\/www.celttv.com.ar\/#\/schema\/logo\/image\/\"}},{\"@type\":\"Person\",\"@id\":\"https:\/\/www.celttv.com.ar\/#\/schema\/person\/495be51d064edd971d8457f8f64eb172\",\"name\":\"Rodrigo Sgammini\",\"image\":{\"@type\":\"ImageObject\",\"inLanguage\":\"es\",\"@id\":\"https:\/\/www.celttv.com.ar\/#\/schema\/person\/image\/\",\"url\":\"https:\/\/secure.gravatar.com\/avatar\/68f7848d42735e7a9276b47cd6e606327d88f521c51ae39d88888b76902e2987?s=96&d=mm&r=g\",\"contentUrl\":\"https:\/\/secure.gravatar.com\/avatar\/68f7848d42735e7a9276b47cd6e606327d88f521c51ae39d88888b76902e2987?s=96&d=mm&r=g\",\"caption\":\"Rodrigo Sgammini\"}}]}<\/script>\n<!-- \/ Yoast SEO plugin. -->","yoast_head_json":{"title":"Festejos por el D\u00eda del Productor Agropecuario en la Asociaci\u00f3n Rural de Tornquist - CELTTV","description":"Sitio web de noticias de la localidad de Tornquist, provincia de Buenos Aires, Rep\u00fablica Argentina. Contenido propio originado por periodistas de CELTTV, el canal de TV local de la Cooperativa El\u00e9ctrica de Tornquist. Turismo, Pol\u00edtica, Sociedad, Deporte, Cultura y todo el contenido de inter\u00e9s general que la gente del pueblo y la regi\u00f3n debe conocer.","robots":{"index":"index","follow":"follow","max-snippet":"max-snippet:-1","max-image-preview":"max-image-preview:large","max-video-preview":"max-video-preview:-1"},"canonical":"https:\/\/www.celttv.com.ar\/index.php\/2023\/09\/23\/festejos-por-el-dia-del-productor-agropecuario-en-la-asociacion-rural-de-tornquist\/","og_locale":"es_ES","og_type":"article","og_title":"Festejos por el D\u00eda del Productor Agropecuario en la Asociaci\u00f3n Rural de Tornquist - CELTTV","og_description":"Sitio web de noticias de la localidad de Tornquist, provincia de Buenos Aires, Rep\u00fablica Argentina. Contenido propio originado por periodistas de CELTTV, el canal de TV local de la Cooperativa El\u00e9ctrica de Tornquist. Turismo, Pol\u00edtica, Sociedad, Deporte, Cultura y todo el contenido de inter\u00e9s general que la gente del pueblo y la regi\u00f3n debe conocer.","og_url":"https:\/\/www.celttv.com.ar\/index.php\/2023\/09\/23\/festejos-por-el-dia-del-productor-agropecuario-en-la-asociacion-rural-de-tornquist\/","og_site_name":"CELTTV","article_publisher":"https:\/\/www.facebook.com\/celtTV\/","article_published_time":"2023-09-24T01:37:59+00:00","article_modified_time":"2023-09-24T13:40:43+00:00","og_image":[{"width":1600,"height":900,"url":"https:\/\/www.celttv.com.ar\/wp-content\/uploads\/2023\/09\/WhatsApp-Image-2023-09-23-at-22.24.06-2.jpeg","type":"image\/jpeg"}],"author":"Rodrigo Sgammini","twitter_card":"summary_large_image","twitter_misc":{"Escrito por":"Rodrigo Sgammini","Tiempo de lectura":"1 minuto"},"schema":{"@context":"https:\/\/schema.org","@graph":[{"@type":"NewsArticle","@id":"https:\/\/www.celttv.com.ar\/index.php\/2023\/09\/23\/festejos-por-el-dia-del-productor-agropecuario-en-la-asociacion-rural-de-tornquist\/#article","isPartOf":{"@id":"https:\/\/www.celttv.com.ar\/index.php\/2023\/09\/23\/festejos-por-el-dia-del-productor-agropecuario-en-la-asociacion-rural-de-tornquist\/"},"author":{"name":"Rodrigo Sgammini","@id":"https:\/\/www.celttv.com.ar\/#\/schema\/person\/495be51d064edd971d8457f8f64eb172"},"headline":"Festejos por el D\u00eda del Productor Agropecuario en la Asociaci\u00f3n Rural de Tornquist","datePublished":"2023-09-24T01:37:59+00:00","dateModified":"2023-09-24T13:40:43+00:00","mainEntityOfPage":{"@id":"https:\/\/www.celttv.com.ar\/index.php\/2023\/09\/23\/festejos-por-el-dia-del-productor-agropecuario-en-la-asociacion-rural-de-tornquist\/"},"wordCount":154,"publisher":{"@id":"https:\/\/www.celttv.com.ar\/#organization"},"articleSection":["Celt TV Noticias"],"inLanguage":"es"},{"@type":"WebPage","@id":"https:\/\/www.celttv.com.ar\/index.php\/2023\/09\/23\/festejos-por-el-dia-del-productor-agropecuario-en-la-asociacion-rural-de-tornquist\/","url":"https:\/\/www.celttv.com.ar\/index.php\/2023\/09\/23\/festejos-por-el-dia-del-productor-agropecuario-en-la-asociacion-rural-de-tornquist\/","name":"Festejos por el D\u00eda del Productor Agropecuario en la Asociaci\u00f3n Rural de Tornquist - CELTTV","isPartOf":{"@id":"https:\/\/www.celttv.com.ar\/#website"},"datePublished":"2023-09-24T01:37:59+00:00","dateModified":"2023-09-24T13:40:43+00:00","description":"Sitio web de noticias de la localidad de Tornquist, provincia de Buenos Aires, Rep\u00fablica Argentina. Contenido propio originado por periodistas de CELTTV, el canal de TV local de la Cooperativa El\u00e9ctrica de Tornquist. Turismo, Pol\u00edtica, Sociedad, Deporte, Cultura y todo el contenido de inter\u00e9s general que la gente del pueblo y la regi\u00f3n debe conocer.","breadcrumb":{"@id":"https:\/\/www.celttv.com.ar\/index.php\/2023\/09\/23\/festejos-por-el-dia-del-productor-agropecuario-en-la-asociacion-rural-de-tornquist\/#breadcrumb"},"inLanguage":"es","potentialAction":[{"@type":"ReadAction","target":["https:\/\/www.celttv.com.ar\/index.php\/2023\/09\/23\/festejos-por-el-dia-del-productor-agropecuario-en-la-asociacion-rural-de-tornquist\/"]}]},{"@type":"BreadcrumbList","@id":"https:\/\/www.celttv.com.ar\/index.php\/2023\/09\/23\/festejos-por-el-dia-del-productor-agropecuario-en-la-asociacion-rural-de-tornquist\/#breadcrumb","itemListElement":[{"@type":"ListItem","position":1,"name":"Inicio","item":"https:\/\/www.celttv.com.ar\/"},{"@type":"ListItem","position":2,"name":"Festejos por el D\u00eda del Productor Agropecuario en la Asociaci\u00f3n Rural de Tornquist"}]},{"@type":"WebSite","@id":"https:\/\/www.celttv.com.ar\/#website","url":"https:\/\/www.celttv.com.ar\/","name":"CELTTV","description":"Cooperativa El\u00e9ctrica de Tornquist","publisher":{"@id":"https:\/\/www.celttv.com.ar\/#organization"},"potentialAction":[{"@type":"SearchAction","target":{"@type":"EntryPoint","urlTemplate":"https:\/\/www.celttv.com.ar\/?s={search_term_string}"},"query-input":"required name=search_term_string"}],"inLanguage":"es"},{"@type":"Organization","@id":"https:\/\/www.celttv.com.ar\/#organization","name":"CELTTV","url":"https:\/\/www.celttv.com.ar\/","sameAs":["https:\/\/www.youtube.com\/channel\/UCz_oIt8Hig64Ub-EmcNPIhg","https:\/\/www.facebook.com\/celtTV\/"],"logo":{"@type":"ImageObject","inLanguage":"es","@id":"https:\/\/www.celttv.com.ar\/#\/schema\/logo\/image\/","url":"http:\/\/www.celttv.com.ar\/wp-content\/uploads\/2022\/08\/logo-1.png","contentUrl":"http:\/\/www.celttv.com.ar\/wp-content\/uploads\/2022\/08\/logo-1.png","width":461,"height":159,"caption":"CELTTV"},"image":{"@id":"https:\/\/www.celttv.com.ar\/#\/schema\/logo\/image\/"}},{"@type":"Person","@id":"https:\/\/www.celttv.com.ar\/#\/schema\/person\/495be51d064edd971d8457f8f64eb172","name":"Rodrigo Sgammini","image":{"@type":"ImageObject","inLanguage":"es","@id":"https:\/\/www.celttv.com.ar\/#\/schema\/person\/image\/","url":"https:\/\/secure.gravatar.com\/avatar\/68f7848d42735e7a9276b47cd6e606327d88f521c51ae39d88888b76902e2987?s=96&d=mm&r=g","contentUrl":"https:\/\/secure.gravatar.com\/avatar\/68f7848d42735e7a9276b47cd6e606327d88f521c51ae39d88888b76902e2987?s=96&d=mm&r=g","caption":"Rodrigo Sgammini"}}]}},"_links":{"self":[{"href":"https:\/\/www.celttv.com.ar\/index.php\/wp-json\/wp\/v2\/posts\/79280","targetHints":{"allow":["GET"]}}],"collection":[{"href":"https:\/\/www.celttv.com.ar\/index.php\/wp-json\/wp\/v2\/posts"}],"about":[{"href":"https:\/\/www.celttv.com.ar\/index.php\/wp-json\/wp\/v2\/types\/post"}],"author":[{"embeddable":true,"href":"https:\/\/www.celttv.com.ar\/index.php\/wp-json\/wp\/v2\/users\/3"}],"replies":[{"embeddable":true,"href":"https:\/\/www.celttv.com.ar\/index.php\/wp-json\/wp\/v2\/comments?post=79280"}],"version-history":[{"count":2,"href":"https:\/\/www.celttv.com.ar\/index.php\/wp-json\/wp\/v2\/posts\/79280\/revisions"}],"predecessor-version":[{"id":79289,"href":"https:\/\/www.celttv.com.ar\/index.php\/wp-json\/wp\/v2\/posts\/79280\/revisions\/79289"}],"wp:featuredmedia":[{"embeddable":true,"href":"https:\/\/www.celttv.com.ar\/index.php\/wp-json\/wp\/v2\/media\/79283"}],"wp:attachment":[{"href":"https:\/\/www.celttv.com.ar\/index.php\/wp-json\/wp\/v2\/media?parent=79280"}],"wp:term":[{"taxonomy":"category","embeddable":true,"href":"https:\/\/www.celttv.com.ar\/index.php\/wp-json\/wp\/v2\/categories?post=79280"},{"taxonomy":"post_tag","embeddable":true,"href":"https:\/\/www.celttv.com.ar\/index.php\/wp-json\/wp\/v2\/tags?post=79280"}],"curies":[{"name":"wp","href":"https:\/\/api.w.org\/{rel}","templated":true}]}}