{"id":79291,"date":"2023-09-24T13:15:26","date_gmt":"2023-09-24T16:15:26","guid":{"rendered":"http:\/\/www.celttv.com.ar\/?p=79291"},"modified":"2023-09-24T22:44:25","modified_gmt":"2023-09-25T01:44:25","slug":"domingo-a-puro-running-con-la-nueva-edicion-de-desafio-calvario-video","status":"publish","type":"post","link":"https:\/\/www.celttv.com.ar\/index.php\/2023\/09\/24\/domingo-a-puro-running-con-la-nueva-edicion-de-desafio-calvario-video\/","title":{"rendered":"Domingo a puro running con la nueva edici\u00f3n de &#8220;Desaf\u00edo Calvario&#8221; (Video y resultados)"},"content":{"rendered":"<p>Con una jornada a pleno sol y un marco natural inigualable, se realiz\u00f3 una nueva edici\u00f3n del <em><strong>Desaf\u00edo Calvario<\/strong><\/em>, organizado por el <em><strong>Club Automoto<\/strong><\/em> junto a la <em><strong>Subsecretar\u00eda de Deportes del Municipio de Tornquist.<\/strong><\/em><\/p>\n<p>En cuanto a la competencia, const\u00f3 de una distancia de 8K y otra de 16, para diferentes categor\u00edas seg\u00fan g\u00e9nero y edad, con un circuito que complement\u00f3 caminos rurales, escalada por el Cerro Calvario y distintas altimetr\u00edas.<\/p>\n<p>A nivel general, la carrera de 16K femenina fue ganada por Sof\u00eda Esp\u00edndola, de Tornquist, con un tiempo de 1h 37m 16s, seguida por Patricia Pellizza, tambi\u00e9n local (1h 52m 21s), y Mar\u00eda Carolina Schulmeister, de Monte Hermoso (1h 52h 53s).<\/p>\n<p>En la rama masculina, se impuso Bruno Vilacha, de Sierra de la Ventana, con 1h 14m 25s, lo sigui\u00f3 Juan Manuel Rosas, de Sierra de la Ventana (1h 18m 25s), y tercero culmin\u00f3 Juli\u00e1n Horticolou (Cnel. Pr\u00edngles), con 1h 20m 13s.<\/p>\n<p>En tanto, en 8K, las mejores marcas fueron obtenidas por Mar\u00eda Jimena Diez (Tornquist), con 45m 47s, y Omar D\u00edaz (Bah\u00eda Blanca), con 37m 50s.<\/p>\n<p>Desde la organizaci\u00f3n se agradece a los auspiciantes por su apoyo y, especialmente, a los propietarios de los establecimientos rurales que formaron parte del recorrido.<\/p>\n<p>Todos los resultados:<\/p>\n<p>8K Femenina 18-29: 1\u00b0 Brenda Belen Lopez:<\/p>\n<p>8K Femenina 30-34: 1\u00b0 Jimena Diez, 2\u00b0 Juliana Cappelli, 3\u00b0 Maria Ines Perez<\/p>\n<p>8K Femenina 35-39: 1\u00b0 Laura Bulla, 2\u00b0 Susana Benitez, 3\u00b0 Florencia Blanco<\/p>\n<p>8K Femenina 40-44: 1\u00b0 Analia Zotelo, 2\u00b0 Romina Basualdo, 3\u00b0 Luciana Figueredo<\/p>\n<p>8K Femenina 45-49: 1\u00b0 Valeria Medina, 2\u00b0 Alejandra Colombo, 3\u00b0 Natalia Schenfeld<\/p>\n<p>8K Femenina 50-54: 1\u00b0 Anabel Picciani, 2\u00b0 Marcela Arroyo, 3\u00b0 Ana Ventimiglia<\/p>\n<p>8K Femenina 55-59: 1\u00b0 Alicia Torres, 2\u00b0 Dolly Castrillo, 3\u00b0 Marcela Ius<\/p>\n<p>8K Femenina +65: 1\u00b0 Stella Palavecino<\/p>\n<p>8K Masculino 18-29: 1\u00b0 Matias Rosales, 2\u00b0 Ignacio Constanzo<\/p>\n<p>8K Masculino 30-34: 1\u00b0 Luis Alegria<\/p>\n<p>8K Masculino 35-39: 1\u00b0 Pedro Espinosa, 2\u00b0 Jorge Chaud, 3\u00b0 Fabrizio Schroeder<\/p>\n<p>8K Masculino 40-44: 1\u00b0 Omar D\u00edaz<\/p>\n<p>8K Masculino 45-49: 1\u00b0 Lisandro Victoria, 2\u00b0 Mariano Spialtini<\/p>\n<p>8K Masculino 50-54: 1\u00b0 H\u00e9ctor Cepeda, 2\u00b0 Angel Aiub, 3\u00b0 Rodolfo Torquati<\/p>\n<p>8K Masculino 55-59: 1\u00b0 Jose Paniagua<\/p>\n<p>8K Masculino 60-64: 1\u00b0 Marcelo Piscitello<\/p>\n<p>8K Masculino +65: 1\u00b0 Hugo Caro, 2\u00b0 Omar Moldu, 3\u00b0 Jorge Villarreal<\/p>\n<p>16K Femenina 18-29: 1\u00b0 Sof\u00eda Espindola, 2\u00b0 Delfina Astiz<\/p>\n<p>16K Femenina 30-34: 1\u00b0 Cindy Mu\u00f1oz, 2\u00b0 Laura Moncada<\/p>\n<p>16K Femenina 40-44: 1\u00b0 Carolina Schulmeister, 2\u00b0 Claudia Kopp<\/p>\n<p>16K Femenina 45-49: 1\u00b0 Patricia Pellizza, 2\u00b0 Dora Antunez, 3\u00b0 Lorena Morales<\/p>\n<p>16K Femenina 50-54: 1\u00b0 Andrea Yunes, 2\u00b0 Elisa Banegas, 3\u00b0 Veronica Juarez<\/p>\n<p>16K Femenina 55-59: 1\u00b0 Marcela Rey.<\/p>\n<p>16K Masculino 18-29: 1\u00b0 Juan Horticolou, 2\u00b0 Daniel Alchao, 3\u00b0 Joaquin Moron<\/p>\n<p>16K Masculino 30-34: 1\u00b0 Alejandro M\u00e9ndez, 3\u00b0 Ignacio Fanna, 3\u00b0 Maximiliano Pretz<\/p>\n<p>16K Masculino 35-39: 1\u00b0 Bruno Vilacha, 3\u00b0 Juan Rosas, 3\u00b0 Cristian D\u00edaz<\/p>\n<p>16K Masculino 40-44: 1\u00b0 Pablo Dalinger, 2\u00b0 Ariel Barrero<\/p>\n<p>16K Masculino 45-49: 1\u00b0 Jorge Rodr\u00edguez, 2\u00b0 Luis Velazquez<\/p>\n<p>16K Masculino 50-54: 1\u00b0 Ra\u00fal Su\u00e1rez, 2\u00b0 Sergio Valconte, 3\u00b0 Diego Catani<\/p>\n<p>16K Masculino 60-64: 1\u00b0 Juan Mor\u00f3n.<\/p>\n<p>El martes 26, a partir de las 21 hs, compartiremos notas e im\u00e1genes de la carrera en el programa <em><strong>MAGAZINE SPORT<\/strong><\/em>, que se emite por <em><strong>Canal 2 CELTTV.\u00a0\u00a0<\/strong><\/em><\/p>\n<p>&nbsp;<\/p>\n<p><iframe loading=\"lazy\" title=\"2023 09 24 MAGAZINE SPORT   CLIP DESAF\u00cdO CALVARIO\" width=\"500\" height=\"281\" src=\"https:\/\/www.youtube.com\/embed\/6FK8WrQ-XL8?feature=oembed\" frameborder=\"0\" allow=\"accelerometer; autoplay; clipboard-write; encrypted-media; gyroscope; picture-in-picture; web-share\" referrerpolicy=\"strict-origin-when-cross-origin\" allowfullscreen><\/iframe><\/p>\n","protected":false},"excerpt":{"rendered":"<p>Con una jornada a pleno sol y un marco natural inigualable, se realiz\u00f3 una nueva edici\u00f3n del Desaf\u00edo Calvario, organizado por el Club Automoto junto a la Subsecretar\u00eda de Deportes del Municipio de Tornquist. En cuanto a la competencia, const\u00f3 de una distancia de 8K y otra de 16, para diferentes categor\u00edas seg\u00fan g\u00e9nero y [&hellip;]<\/p>\n","protected":false},"author":3,"featured_media":79314,"comment_status":"closed","ping_status":"closed","sticky":false,"template":"","format":"standard","meta":{"footnotes":""},"categories":[63],"tags":[],"class_list":["post-79291","post","type-post","status-publish","format-standard","has-post-thumbnail","hentry","category-magazine-sport"],"yoast_head":"<!-- This site is optimized with the Yoast SEO plugin v19.7.1 - https:\/\/yoast.com\/wordpress\/plugins\/seo\/ -->\n<title>Domingo a puro running con la nueva edici\u00f3n de &quot;Desaf\u00edo Calvario&quot; (Video y resultados) - CELTTV<\/title>\n<meta name=\"description\" content=\"Sitio web de noticias de la localidad de Tornquist, provincia de Buenos Aires, Rep\u00fablica Argentina. Contenido propio originado por periodistas de CELTTV, el canal de TV local de la Cooperativa El\u00e9ctrica de Tornquist. Turismo, Pol\u00edtica, Sociedad, Deporte, Cultura y todo el contenido de inter\u00e9s general que la gente del pueblo y la regi\u00f3n debe conocer.\" \/>\n<meta name=\"robots\" content=\"index, follow, max-snippet:-1, max-image-preview:large, max-video-preview:-1\" \/>\n<link rel=\"canonical\" href=\"https:\/\/www.celttv.com.ar\/index.php\/2023\/09\/24\/domingo-a-puro-running-con-la-nueva-edicion-de-desafio-calvario-video\/\" \/>\n<meta property=\"og:locale\" content=\"es_ES\" \/>\n<meta property=\"og:type\" content=\"article\" \/>\n<meta property=\"og:title\" content=\"Domingo a puro running con la nueva edici\u00f3n de &quot;Desaf\u00edo Calvario&quot; (Video y resultados) - CELTTV\" \/>\n<meta property=\"og:description\" content=\"Sitio web de noticias de la localidad de Tornquist, provincia de Buenos Aires, Rep\u00fablica Argentina. Contenido propio originado por periodistas de CELTTV, el canal de TV local de la Cooperativa El\u00e9ctrica de Tornquist. Turismo, Pol\u00edtica, Sociedad, Deporte, Cultura y todo el contenido de inter\u00e9s general que la gente del pueblo y la regi\u00f3n debe conocer.\" \/>\n<meta property=\"og:url\" content=\"https:\/\/www.celttv.com.ar\/index.php\/2023\/09\/24\/domingo-a-puro-running-con-la-nueva-edicion-de-desafio-calvario-video\/\" \/>\n<meta property=\"og:site_name\" content=\"CELTTV\" \/>\n<meta property=\"article:publisher\" content=\"https:\/\/www.facebook.com\/celtTV\/\" \/>\n<meta property=\"article:published_time\" content=\"2023-09-24T16:15:26+00:00\" \/>\n<meta property=\"article:modified_time\" content=\"2023-09-25T01:44:25+00:00\" \/>\n<meta property=\"og:image\" content=\"https:\/\/www.celttv.com.ar\/wp-content\/uploads\/2023\/09\/Desafio-Calvario-2023-3.jpeg\" \/>\n\t<meta property=\"og:image:width\" content=\"1600\" \/>\n\t<meta property=\"og:image:height\" content=\"1066\" \/>\n\t<meta property=\"og:image:type\" content=\"image\/jpeg\" \/>\n<meta name=\"author\" content=\"Rodrigo Sgammini\" \/>\n<meta name=\"twitter:card\" content=\"summary_large_image\" \/>\n<meta name=\"twitter:label1\" content=\"Escrito por\" \/>\n\t<meta name=\"twitter:data1\" content=\"Rodrigo Sgammini\" \/>\n\t<meta name=\"twitter:label2\" content=\"Tiempo de lectura\" \/>\n\t<meta name=\"twitter:data2\" content=\"2 minutos\" \/>\n<script type=\"application\/ld+json\" class=\"yoast-schema-graph\">{\"@context\":\"https:\/\/schema.org\",\"@graph\":[{\"@type\":\"NewsArticle\",\"@id\":\"https:\/\/www.celttv.com.ar\/index.php\/2023\/09\/24\/domingo-a-puro-running-con-la-nueva-edicion-de-desafio-calvario-video\/#article\",\"isPartOf\":{\"@id\":\"https:\/\/www.celttv.com.ar\/index.php\/2023\/09\/24\/domingo-a-puro-running-con-la-nueva-edicion-de-desafio-calvario-video\/\"},\"author\":{\"name\":\"Rodrigo Sgammini\",\"@id\":\"https:\/\/www.celttv.com.ar\/#\/schema\/person\/495be51d064edd971d8457f8f64eb172\"},\"headline\":\"Domingo a puro running con la nueva edici\u00f3n de &#8220;Desaf\u00edo Calvario&#8221; (Video y resultados)\",\"datePublished\":\"2023-09-24T16:15:26+00:00\",\"dateModified\":\"2023-09-25T01:44:25+00:00\",\"mainEntityOfPage\":{\"@id\":\"https:\/\/www.celttv.com.ar\/index.php\/2023\/09\/24\/domingo-a-puro-running-con-la-nueva-edicion-de-desafio-calvario-video\/\"},\"wordCount\":509,\"publisher\":{\"@id\":\"https:\/\/www.celttv.com.ar\/#organization\"},\"articleSection\":[\"Magazine Sport\"],\"inLanguage\":\"es\"},{\"@type\":\"WebPage\",\"@id\":\"https:\/\/www.celttv.com.ar\/index.php\/2023\/09\/24\/domingo-a-puro-running-con-la-nueva-edicion-de-desafio-calvario-video\/\",\"url\":\"https:\/\/www.celttv.com.ar\/index.php\/2023\/09\/24\/domingo-a-puro-running-con-la-nueva-edicion-de-desafio-calvario-video\/\",\"name\":\"Domingo a puro running con la nueva edici\u00f3n de \\\"Desaf\u00edo Calvario\\\" (Video y resultados) - CELTTV\",\"isPartOf\":{\"@id\":\"https:\/\/www.celttv.com.ar\/#website\"},\"datePublished\":\"2023-09-24T16:15:26+00:00\",\"dateModified\":\"2023-09-25T01:44:25+00:00\",\"description\":\"Sitio web de noticias de la localidad de Tornquist, provincia de Buenos Aires, Rep\u00fablica Argentina. Contenido propio originado por periodistas de CELTTV, el canal de TV local de la Cooperativa El\u00e9ctrica de Tornquist. Turismo, Pol\u00edtica, Sociedad, Deporte, Cultura y todo el contenido de inter\u00e9s general que la gente del pueblo y la regi\u00f3n debe conocer.\",\"breadcrumb\":{\"@id\":\"https:\/\/www.celttv.com.ar\/index.php\/2023\/09\/24\/domingo-a-puro-running-con-la-nueva-edicion-de-desafio-calvario-video\/#breadcrumb\"},\"inLanguage\":\"es\",\"potentialAction\":[{\"@type\":\"ReadAction\",\"target\":[\"https:\/\/www.celttv.com.ar\/index.php\/2023\/09\/24\/domingo-a-puro-running-con-la-nueva-edicion-de-desafio-calvario-video\/\"]}]},{\"@type\":\"BreadcrumbList\",\"@id\":\"https:\/\/www.celttv.com.ar\/index.php\/2023\/09\/24\/domingo-a-puro-running-con-la-nueva-edicion-de-desafio-calvario-video\/#breadcrumb\",\"itemListElement\":[{\"@type\":\"ListItem\",\"position\":1,\"name\":\"Inicio\",\"item\":\"https:\/\/www.celttv.com.ar\/\"},{\"@type\":\"ListItem\",\"position\":2,\"name\":\"Domingo a puro running con la nueva edici\u00f3n de &#8220;Desaf\u00edo Calvario&#8221; (Video y resultados)\"}]},{\"@type\":\"WebSite\",\"@id\":\"https:\/\/www.celttv.com.ar\/#website\",\"url\":\"https:\/\/www.celttv.com.ar\/\",\"name\":\"CELTTV\",\"description\":\"Cooperativa El\u00e9ctrica de Tornquist\",\"publisher\":{\"@id\":\"https:\/\/www.celttv.com.ar\/#organization\"},\"potentialAction\":[{\"@type\":\"SearchAction\",\"target\":{\"@type\":\"EntryPoint\",\"urlTemplate\":\"https:\/\/www.celttv.com.ar\/?s={search_term_string}\"},\"query-input\":\"required name=search_term_string\"}],\"inLanguage\":\"es\"},{\"@type\":\"Organization\",\"@id\":\"https:\/\/www.celttv.com.ar\/#organization\",\"name\":\"CELTTV\",\"url\":\"https:\/\/www.celttv.com.ar\/\",\"sameAs\":[\"https:\/\/www.youtube.com\/channel\/UCz_oIt8Hig64Ub-EmcNPIhg\",\"https:\/\/www.facebook.com\/celtTV\/\"],\"logo\":{\"@type\":\"ImageObject\",\"inLanguage\":\"es\",\"@id\":\"https:\/\/www.celttv.com.ar\/#\/schema\/logo\/image\/\",\"url\":\"http:\/\/www.celttv.com.ar\/wp-content\/uploads\/2022\/08\/logo-1.png\",\"contentUrl\":\"http:\/\/www.celttv.com.ar\/wp-content\/uploads\/2022\/08\/logo-1.png\",\"width\":461,\"height\":159,\"caption\":\"CELTTV\"},\"image\":{\"@id\":\"https:\/\/www.celttv.com.ar\/#\/schema\/logo\/image\/\"}},{\"@type\":\"Person\",\"@id\":\"https:\/\/www.celttv.com.ar\/#\/schema\/person\/495be51d064edd971d8457f8f64eb172\",\"name\":\"Rodrigo Sgammini\",\"image\":{\"@type\":\"ImageObject\",\"inLanguage\":\"es\",\"@id\":\"https:\/\/www.celttv.com.ar\/#\/schema\/person\/image\/\",\"url\":\"https:\/\/secure.gravatar.com\/avatar\/68f7848d42735e7a9276b47cd6e606327d88f521c51ae39d88888b76902e2987?s=96&d=mm&r=g\",\"contentUrl\":\"https:\/\/secure.gravatar.com\/avatar\/68f7848d42735e7a9276b47cd6e606327d88f521c51ae39d88888b76902e2987?s=96&d=mm&r=g\",\"caption\":\"Rodrigo Sgammini\"}}]}<\/script>\n<!-- \/ Yoast SEO plugin. -->","yoast_head_json":{"title":"Domingo a puro running con la nueva edici\u00f3n de \"Desaf\u00edo Calvario\" (Video y resultados) - CELTTV","description":"Sitio web de noticias de la localidad de Tornquist, provincia de Buenos Aires, Rep\u00fablica Argentina. Contenido propio originado por periodistas de CELTTV, el canal de TV local de la Cooperativa El\u00e9ctrica de Tornquist. Turismo, Pol\u00edtica, Sociedad, Deporte, Cultura y todo el contenido de inter\u00e9s general que la gente del pueblo y la regi\u00f3n debe conocer.","robots":{"index":"index","follow":"follow","max-snippet":"max-snippet:-1","max-image-preview":"max-image-preview:large","max-video-preview":"max-video-preview:-1"},"canonical":"https:\/\/www.celttv.com.ar\/index.php\/2023\/09\/24\/domingo-a-puro-running-con-la-nueva-edicion-de-desafio-calvario-video\/","og_locale":"es_ES","og_type":"article","og_title":"Domingo a puro running con la nueva edici\u00f3n de \"Desaf\u00edo Calvario\" (Video y resultados) - CELTTV","og_description":"Sitio web de noticias de la localidad de Tornquist, provincia de Buenos Aires, Rep\u00fablica Argentina. Contenido propio originado por periodistas de CELTTV, el canal de TV local de la Cooperativa El\u00e9ctrica de Tornquist. Turismo, Pol\u00edtica, Sociedad, Deporte, Cultura y todo el contenido de inter\u00e9s general que la gente del pueblo y la regi\u00f3n debe conocer.","og_url":"https:\/\/www.celttv.com.ar\/index.php\/2023\/09\/24\/domingo-a-puro-running-con-la-nueva-edicion-de-desafio-calvario-video\/","og_site_name":"CELTTV","article_publisher":"https:\/\/www.facebook.com\/celtTV\/","article_published_time":"2023-09-24T16:15:26+00:00","article_modified_time":"2023-09-25T01:44:25+00:00","og_image":[{"width":1600,"height":1066,"url":"https:\/\/www.celttv.com.ar\/wp-content\/uploads\/2023\/09\/Desafio-Calvario-2023-3.jpeg","type":"image\/jpeg"}],"author":"Rodrigo Sgammini","twitter_card":"summary_large_image","twitter_misc":{"Escrito por":"Rodrigo Sgammini","Tiempo de lectura":"2 minutos"},"schema":{"@context":"https:\/\/schema.org","@graph":[{"@type":"NewsArticle","@id":"https:\/\/www.celttv.com.ar\/index.php\/2023\/09\/24\/domingo-a-puro-running-con-la-nueva-edicion-de-desafio-calvario-video\/#article","isPartOf":{"@id":"https:\/\/www.celttv.com.ar\/index.php\/2023\/09\/24\/domingo-a-puro-running-con-la-nueva-edicion-de-desafio-calvario-video\/"},"author":{"name":"Rodrigo Sgammini","@id":"https:\/\/www.celttv.com.ar\/#\/schema\/person\/495be51d064edd971d8457f8f64eb172"},"headline":"Domingo a puro running con la nueva edici\u00f3n de &#8220;Desaf\u00edo Calvario&#8221; (Video y resultados)","datePublished":"2023-09-24T16:15:26+00:00","dateModified":"2023-09-25T01:44:25+00:00","mainEntityOfPage":{"@id":"https:\/\/www.celttv.com.ar\/index.php\/2023\/09\/24\/domingo-a-puro-running-con-la-nueva-edicion-de-desafio-calvario-video\/"},"wordCount":509,"publisher":{"@id":"https:\/\/www.celttv.com.ar\/#organization"},"articleSection":["Magazine Sport"],"inLanguage":"es"},{"@type":"WebPage","@id":"https:\/\/www.celttv.com.ar\/index.php\/2023\/09\/24\/domingo-a-puro-running-con-la-nueva-edicion-de-desafio-calvario-video\/","url":"https:\/\/www.celttv.com.ar\/index.php\/2023\/09\/24\/domingo-a-puro-running-con-la-nueva-edicion-de-desafio-calvario-video\/","name":"Domingo a puro running con la nueva edici\u00f3n de \"Desaf\u00edo Calvario\" (Video y resultados) - CELTTV","isPartOf":{"@id":"https:\/\/www.celttv.com.ar\/#website"},"datePublished":"2023-09-24T16:15:26+00:00","dateModified":"2023-09-25T01:44:25+00:00","description":"Sitio web de noticias de la localidad de Tornquist, provincia de Buenos Aires, Rep\u00fablica Argentina. Contenido propio originado por periodistas de CELTTV, el canal de TV local de la Cooperativa El\u00e9ctrica de Tornquist. Turismo, Pol\u00edtica, Sociedad, Deporte, Cultura y todo el contenido de inter\u00e9s general que la gente del pueblo y la regi\u00f3n debe conocer.","breadcrumb":{"@id":"https:\/\/www.celttv.com.ar\/index.php\/2023\/09\/24\/domingo-a-puro-running-con-la-nueva-edicion-de-desafio-calvario-video\/#breadcrumb"},"inLanguage":"es","potentialAction":[{"@type":"ReadAction","target":["https:\/\/www.celttv.com.ar\/index.php\/2023\/09\/24\/domingo-a-puro-running-con-la-nueva-edicion-de-desafio-calvario-video\/"]}]},{"@type":"BreadcrumbList","@id":"https:\/\/www.celttv.com.ar\/index.php\/2023\/09\/24\/domingo-a-puro-running-con-la-nueva-edicion-de-desafio-calvario-video\/#breadcrumb","itemListElement":[{"@type":"ListItem","position":1,"name":"Inicio","item":"https:\/\/www.celttv.com.ar\/"},{"@type":"ListItem","position":2,"name":"Domingo a puro running con la nueva edici\u00f3n de &#8220;Desaf\u00edo Calvario&#8221; (Video y resultados)"}]},{"@type":"WebSite","@id":"https:\/\/www.celttv.com.ar\/#website","url":"https:\/\/www.celttv.com.ar\/","name":"CELTTV","description":"Cooperativa El\u00e9ctrica de Tornquist","publisher":{"@id":"https:\/\/www.celttv.com.ar\/#organization"},"potentialAction":[{"@type":"SearchAction","target":{"@type":"EntryPoint","urlTemplate":"https:\/\/www.celttv.com.ar\/?s={search_term_string}"},"query-input":"required name=search_term_string"}],"inLanguage":"es"},{"@type":"Organization","@id":"https:\/\/www.celttv.com.ar\/#organization","name":"CELTTV","url":"https:\/\/www.celttv.com.ar\/","sameAs":["https:\/\/www.youtube.com\/channel\/UCz_oIt8Hig64Ub-EmcNPIhg","https:\/\/www.facebook.com\/celtTV\/"],"logo":{"@type":"ImageObject","inLanguage":"es","@id":"https:\/\/www.celttv.com.ar\/#\/schema\/logo\/image\/","url":"http:\/\/www.celttv.com.ar\/wp-content\/uploads\/2022\/08\/logo-1.png","contentUrl":"http:\/\/www.celttv.com.ar\/wp-content\/uploads\/2022\/08\/logo-1.png","width":461,"height":159,"caption":"CELTTV"},"image":{"@id":"https:\/\/www.celttv.com.ar\/#\/schema\/logo\/image\/"}},{"@type":"Person","@id":"https:\/\/www.celttv.com.ar\/#\/schema\/person\/495be51d064edd971d8457f8f64eb172","name":"Rodrigo Sgammini","image":{"@type":"ImageObject","inLanguage":"es","@id":"https:\/\/www.celttv.com.ar\/#\/schema\/person\/image\/","url":"https:\/\/secure.gravatar.com\/avatar\/68f7848d42735e7a9276b47cd6e606327d88f521c51ae39d88888b76902e2987?s=96&d=mm&r=g","contentUrl":"https:\/\/secure.gravatar.com\/avatar\/68f7848d42735e7a9276b47cd6e606327d88f521c51ae39d88888b76902e2987?s=96&d=mm&r=g","caption":"Rodrigo Sgammini"}}]}},"_links":{"self":[{"href":"https:\/\/www.celttv.com.ar\/index.php\/wp-json\/wp\/v2\/posts\/79291","targetHints":{"allow":["GET"]}}],"collection":[{"href":"https:\/\/www.celttv.com.ar\/index.php\/wp-json\/wp\/v2\/posts"}],"about":[{"href":"https:\/\/www.celttv.com.ar\/index.php\/wp-json\/wp\/v2\/types\/post"}],"author":[{"embeddable":true,"href":"https:\/\/www.celttv.com.ar\/index.php\/wp-json\/wp\/v2\/users\/3"}],"replies":[{"embeddable":true,"href":"https:\/\/www.celttv.com.ar\/index.php\/wp-json\/wp\/v2\/comments?post=79291"}],"version-history":[{"count":6,"href":"https:\/\/www.celttv.com.ar\/index.php\/wp-json\/wp\/v2\/posts\/79291\/revisions"}],"predecessor-version":[{"id":79316,"href":"https:\/\/www.celttv.com.ar\/index.php\/wp-json\/wp\/v2\/posts\/79291\/revisions\/79316"}],"wp:featuredmedia":[{"embeddable":true,"href":"https:\/\/www.celttv.com.ar\/index.php\/wp-json\/wp\/v2\/media\/79314"}],"wp:attachment":[{"href":"https:\/\/www.celttv.com.ar\/index.php\/wp-json\/wp\/v2\/media?parent=79291"}],"wp:term":[{"taxonomy":"category","embeddable":true,"href":"https:\/\/www.celttv.com.ar\/index.php\/wp-json\/wp\/v2\/categories?post=79291"},{"taxonomy":"post_tag","embeddable":true,"href":"https:\/\/www.celttv.com.ar\/index.php\/wp-json\/wp\/v2\/tags?post=79291"}],"curies":[{"name":"wp","href":"https:\/\/api.w.org\/{rel}","templated":true}]}}