{"id":79363,"date":"2023-09-28T10:36:35","date_gmt":"2023-09-28T13:36:35","guid":{"rendered":"http:\/\/www.celttv.com.ar\/?p=79363"},"modified":"2023-09-28T10:36:57","modified_gmt":"2023-09-28T13:36:57","slug":"imagenes-y-entrevistas-a-los-protagonistas-de-la-competencia-de-running-desafio-calvario-videos","status":"publish","type":"post","link":"https:\/\/www.celttv.com.ar\/index.php\/2023\/09\/28\/imagenes-y-entrevistas-a-los-protagonistas-de-la-competencia-de-running-desafio-calvario-videos\/","title":{"rendered":"Im\u00e1genes y entrevistas a los protagonistas de la competencia de running &#8220;Desaf\u00edo Calvario&#8221; (Videos)"},"content":{"rendered":"<p>La competencia de running <em><strong>&#8220;Desaf\u00edo Calvario&#8221;<\/strong><\/em>, se realiz\u00f3 con \u00e9xito en nuestra ciudad, bajo la organizaci\u00f3n del <em><strong>Club Automoto<\/strong><\/em> y la <em><strong>Subsecretar\u00eda de Deportes.<\/strong><\/em><\/p>\n<p>Compartimos im\u00e1genes y entrevistas realizadas por el programa <em><strong>MAGAZINE SPORT.<\/strong><\/em><\/p>\n<p><iframe loading=\"lazy\" title=\"2023 09 24 MAGAZINE SPORT   CLIP DESAF\u00cdO CALVARIO\" width=\"500\" height=\"281\" src=\"https:\/\/www.youtube.com\/embed\/6FK8WrQ-XL8?feature=oembed\" frameborder=\"0\" allow=\"accelerometer; autoplay; clipboard-write; encrypted-media; gyroscope; picture-in-picture; web-share\" referrerpolicy=\"strict-origin-when-cross-origin\" allowfullscreen><\/iframe><\/p>\n<p><em><strong>TESTIMONIOS DE LOS RUNNERS<\/strong><\/em><\/p>\n<p><iframe loading=\"lazy\" title=\"2023 09 27 MAGAZINE SPORT   DESAFIO CALVARIO 2   MARIA JIMENA DIEZ\" width=\"500\" height=\"281\" src=\"https:\/\/www.youtube.com\/embed\/4DXxikP-VAE?feature=oembed\" frameborder=\"0\" allow=\"accelerometer; autoplay; clipboard-write; encrypted-media; gyroscope; picture-in-picture; web-share\" referrerpolicy=\"strict-origin-when-cross-origin\" allowfullscreen><\/iframe><\/p>\n<p><iframe loading=\"lazy\" title=\"2023 09 27 MAGAZINE SPORT   DESAFIO CALVARIO 3   OMAR DIAZ\" width=\"500\" height=\"281\" src=\"https:\/\/www.youtube.com\/embed\/HV6I2pU37jg?feature=oembed\" frameborder=\"0\" allow=\"accelerometer; autoplay; clipboard-write; encrypted-media; gyroscope; picture-in-picture; web-share\" referrerpolicy=\"strict-origin-when-cross-origin\" allowfullscreen><\/iframe><\/p>\n<p><iframe loading=\"lazy\" title=\"2023 09 27 MAGAZINE SPORT   DESAFIO CALVARIO 4   MARIANO SPIALTINI\" width=\"500\" height=\"281\" src=\"https:\/\/www.youtube.com\/embed\/ltwsgituXP8?feature=oembed\" frameborder=\"0\" allow=\"accelerometer; autoplay; clipboard-write; encrypted-media; gyroscope; picture-in-picture; web-share\" referrerpolicy=\"strict-origin-when-cross-origin\" allowfullscreen><\/iframe><\/p>\n<p><iframe loading=\"lazy\" title=\"2023 09 27 MAGAZINE SPORT   DESAFIO CALVARIO 5   BRUNO VILACHA\" width=\"500\" height=\"281\" src=\"https:\/\/www.youtube.com\/embed\/dxBy5cMwDYw?feature=oembed\" frameborder=\"0\" allow=\"accelerometer; autoplay; clipboard-write; encrypted-media; gyroscope; picture-in-picture; web-share\" referrerpolicy=\"strict-origin-when-cross-origin\" allowfullscreen><\/iframe><\/p>\n<p><em><strong>ENTREVISTA A LOS ORGANIZADORES<\/strong><\/em><\/p>\n<p><iframe loading=\"lazy\" title=\"2023 09 27 MAGAZINE SPORT   DESAFIO CALVARIO 6   CARLOS LATINI Y GUSTAVO CHULIVER\" width=\"500\" height=\"281\" src=\"https:\/\/www.youtube.com\/embed\/LJl65mYo9RQ?feature=oembed\" frameborder=\"0\" allow=\"accelerometer; autoplay; clipboard-write; encrypted-media; gyroscope; picture-in-picture; web-share\" referrerpolicy=\"strict-origin-when-cross-origin\" allowfullscreen><\/iframe><\/p>\n<p><iframe loading=\"lazy\" title=\"2023 09 27 MAGAZINE SPORT   DESAFIO CALVARIO 7   SOFIA URRIAGA\" width=\"500\" height=\"281\" src=\"https:\/\/www.youtube.com\/embed\/AMQoTLCPdR4?feature=oembed\" frameborder=\"0\" allow=\"accelerometer; autoplay; clipboard-write; encrypted-media; gyroscope; picture-in-picture; web-share\" referrerpolicy=\"strict-origin-when-cross-origin\" allowfullscreen><\/iframe><\/p>\n","protected":false},"excerpt":{"rendered":"<p>La competencia de running &#8220;Desaf\u00edo Calvario&#8221;, se realiz\u00f3 con \u00e9xito en nuestra ciudad, bajo la organizaci\u00f3n del Club Automoto y la Subsecretar\u00eda de Deportes. Compartimos im\u00e1genes y entrevistas realizadas por el programa MAGAZINE SPORT. TESTIMONIOS DE LOS RUNNERS ENTREVISTA A LOS ORGANIZADORES<\/p>\n","protected":false},"author":3,"featured_media":79364,"comment_status":"closed","ping_status":"closed","sticky":false,"template":"","format":"standard","meta":{"footnotes":""},"categories":[63],"tags":[],"class_list":["post-79363","post","type-post","status-publish","format-standard","has-post-thumbnail","hentry","category-magazine-sport"],"yoast_head":"<!-- This site is optimized with the Yoast SEO plugin v19.7.1 - https:\/\/yoast.com\/wordpress\/plugins\/seo\/ -->\n<title>Im\u00e1genes y entrevistas a los protagonistas de la competencia de running &quot;Desaf\u00edo Calvario&quot; (Videos) - CELTTV<\/title>\n<meta name=\"description\" content=\"Sitio web de noticias de la localidad de Tornquist, provincia de Buenos Aires, Rep\u00fablica Argentina. Contenido propio originado por periodistas de CELTTV, el canal de TV local de la Cooperativa El\u00e9ctrica de Tornquist. Turismo, Pol\u00edtica, Sociedad, Deporte, Cultura y todo el contenido de inter\u00e9s general que la gente del pueblo y la regi\u00f3n debe conocer.\" \/>\n<meta name=\"robots\" content=\"index, follow, max-snippet:-1, max-image-preview:large, max-video-preview:-1\" \/>\n<link rel=\"canonical\" href=\"https:\/\/www.celttv.com.ar\/index.php\/2023\/09\/28\/imagenes-y-entrevistas-a-los-protagonistas-de-la-competencia-de-running-desafio-calvario-videos\/\" \/>\n<meta property=\"og:locale\" content=\"es_ES\" \/>\n<meta property=\"og:type\" content=\"article\" \/>\n<meta property=\"og:title\" content=\"Im\u00e1genes y entrevistas a los protagonistas de la competencia de running &quot;Desaf\u00edo Calvario&quot; (Videos) - CELTTV\" \/>\n<meta property=\"og:description\" content=\"Sitio web de noticias de la localidad de Tornquist, provincia de Buenos Aires, Rep\u00fablica Argentina. Contenido propio originado por periodistas de CELTTV, el canal de TV local de la Cooperativa El\u00e9ctrica de Tornquist. Turismo, Pol\u00edtica, Sociedad, Deporte, Cultura y todo el contenido de inter\u00e9s general que la gente del pueblo y la regi\u00f3n debe conocer.\" \/>\n<meta property=\"og:url\" content=\"https:\/\/www.celttv.com.ar\/index.php\/2023\/09\/28\/imagenes-y-entrevistas-a-los-protagonistas-de-la-competencia-de-running-desafio-calvario-videos\/\" \/>\n<meta property=\"og:site_name\" content=\"CELTTV\" \/>\n<meta property=\"article:publisher\" content=\"https:\/\/www.facebook.com\/celtTV\/\" \/>\n<meta property=\"article:published_time\" content=\"2023-09-28T13:36:35+00:00\" \/>\n<meta property=\"article:modified_time\" content=\"2023-09-28T13:36:57+00:00\" \/>\n<meta property=\"og:image\" content=\"https:\/\/www.celttv.com.ar\/wp-content\/uploads\/2023\/09\/382994382_693113186193821_7933280032794770306_n.jpg\" \/>\n\t<meta property=\"og:image:width\" content=\"1280\" \/>\n\t<meta property=\"og:image:height\" content=\"805\" \/>\n\t<meta property=\"og:image:type\" content=\"image\/jpeg\" \/>\n<meta name=\"author\" content=\"Rodrigo Sgammini\" \/>\n<meta name=\"twitter:card\" content=\"summary_large_image\" \/>\n<meta name=\"twitter:label1\" content=\"Escrito por\" \/>\n\t<meta name=\"twitter:data1\" content=\"Rodrigo Sgammini\" \/>\n\t<meta name=\"twitter:label2\" content=\"Tiempo de lectura\" \/>\n\t<meta name=\"twitter:data2\" content=\"1 minuto\" \/>\n<script type=\"application\/ld+json\" class=\"yoast-schema-graph\">{\"@context\":\"https:\/\/schema.org\",\"@graph\":[{\"@type\":\"NewsArticle\",\"@id\":\"https:\/\/www.celttv.com.ar\/index.php\/2023\/09\/28\/imagenes-y-entrevistas-a-los-protagonistas-de-la-competencia-de-running-desafio-calvario-videos\/#article\",\"isPartOf\":{\"@id\":\"https:\/\/www.celttv.com.ar\/index.php\/2023\/09\/28\/imagenes-y-entrevistas-a-los-protagonistas-de-la-competencia-de-running-desafio-calvario-videos\/\"},\"author\":{\"name\":\"Rodrigo Sgammini\",\"@id\":\"https:\/\/www.celttv.com.ar\/#\/schema\/person\/495be51d064edd971d8457f8f64eb172\"},\"headline\":\"Im\u00e1genes y entrevistas a los protagonistas de la competencia de running &#8220;Desaf\u00edo Calvario&#8221; (Videos)\",\"datePublished\":\"2023-09-28T13:36:35+00:00\",\"dateModified\":\"2023-09-28T13:36:57+00:00\",\"mainEntityOfPage\":{\"@id\":\"https:\/\/www.celttv.com.ar\/index.php\/2023\/09\/28\/imagenes-y-entrevistas-a-los-protagonistas-de-la-competencia-de-running-desafio-calvario-videos\/\"},\"wordCount\":130,\"publisher\":{\"@id\":\"https:\/\/www.celttv.com.ar\/#organization\"},\"articleSection\":[\"Magazine Sport\"],\"inLanguage\":\"es\"},{\"@type\":\"WebPage\",\"@id\":\"https:\/\/www.celttv.com.ar\/index.php\/2023\/09\/28\/imagenes-y-entrevistas-a-los-protagonistas-de-la-competencia-de-running-desafio-calvario-videos\/\",\"url\":\"https:\/\/www.celttv.com.ar\/index.php\/2023\/09\/28\/imagenes-y-entrevistas-a-los-protagonistas-de-la-competencia-de-running-desafio-calvario-videos\/\",\"name\":\"Im\u00e1genes y entrevistas a los protagonistas de la competencia de running \\\"Desaf\u00edo Calvario\\\" (Videos) - CELTTV\",\"isPartOf\":{\"@id\":\"https:\/\/www.celttv.com.ar\/#website\"},\"datePublished\":\"2023-09-28T13:36:35+00:00\",\"dateModified\":\"2023-09-28T13:36:57+00:00\",\"description\":\"Sitio web de noticias de la localidad de Tornquist, provincia de Buenos Aires, Rep\u00fablica Argentina. Contenido propio originado por periodistas de CELTTV, el canal de TV local de la Cooperativa El\u00e9ctrica de Tornquist. Turismo, Pol\u00edtica, Sociedad, Deporte, Cultura y todo el contenido de inter\u00e9s general que la gente del pueblo y la regi\u00f3n debe conocer.\",\"breadcrumb\":{\"@id\":\"https:\/\/www.celttv.com.ar\/index.php\/2023\/09\/28\/imagenes-y-entrevistas-a-los-protagonistas-de-la-competencia-de-running-desafio-calvario-videos\/#breadcrumb\"},\"inLanguage\":\"es\",\"potentialAction\":[{\"@type\":\"ReadAction\",\"target\":[\"https:\/\/www.celttv.com.ar\/index.php\/2023\/09\/28\/imagenes-y-entrevistas-a-los-protagonistas-de-la-competencia-de-running-desafio-calvario-videos\/\"]}]},{\"@type\":\"BreadcrumbList\",\"@id\":\"https:\/\/www.celttv.com.ar\/index.php\/2023\/09\/28\/imagenes-y-entrevistas-a-los-protagonistas-de-la-competencia-de-running-desafio-calvario-videos\/#breadcrumb\",\"itemListElement\":[{\"@type\":\"ListItem\",\"position\":1,\"name\":\"Inicio\",\"item\":\"https:\/\/www.celttv.com.ar\/\"},{\"@type\":\"ListItem\",\"position\":2,\"name\":\"Im\u00e1genes y entrevistas a los protagonistas de la competencia de running &#8220;Desaf\u00edo Calvario&#8221; (Videos)\"}]},{\"@type\":\"WebSite\",\"@id\":\"https:\/\/www.celttv.com.ar\/#website\",\"url\":\"https:\/\/www.celttv.com.ar\/\",\"name\":\"CELTTV\",\"description\":\"Cooperativa El\u00e9ctrica de Tornquist\",\"publisher\":{\"@id\":\"https:\/\/www.celttv.com.ar\/#organization\"},\"potentialAction\":[{\"@type\":\"SearchAction\",\"target\":{\"@type\":\"EntryPoint\",\"urlTemplate\":\"https:\/\/www.celttv.com.ar\/?s={search_term_string}\"},\"query-input\":\"required name=search_term_string\"}],\"inLanguage\":\"es\"},{\"@type\":\"Organization\",\"@id\":\"https:\/\/www.celttv.com.ar\/#organization\",\"name\":\"CELTTV\",\"url\":\"https:\/\/www.celttv.com.ar\/\",\"sameAs\":[\"https:\/\/www.youtube.com\/channel\/UCz_oIt8Hig64Ub-EmcNPIhg\",\"https:\/\/www.facebook.com\/celtTV\/\"],\"logo\":{\"@type\":\"ImageObject\",\"inLanguage\":\"es\",\"@id\":\"https:\/\/www.celttv.com.ar\/#\/schema\/logo\/image\/\",\"url\":\"http:\/\/www.celttv.com.ar\/wp-content\/uploads\/2022\/08\/logo-1.png\",\"contentUrl\":\"http:\/\/www.celttv.com.ar\/wp-content\/uploads\/2022\/08\/logo-1.png\",\"width\":461,\"height\":159,\"caption\":\"CELTTV\"},\"image\":{\"@id\":\"https:\/\/www.celttv.com.ar\/#\/schema\/logo\/image\/\"}},{\"@type\":\"Person\",\"@id\":\"https:\/\/www.celttv.com.ar\/#\/schema\/person\/495be51d064edd971d8457f8f64eb172\",\"name\":\"Rodrigo Sgammini\",\"image\":{\"@type\":\"ImageObject\",\"inLanguage\":\"es\",\"@id\":\"https:\/\/www.celttv.com.ar\/#\/schema\/person\/image\/\",\"url\":\"https:\/\/secure.gravatar.com\/avatar\/68f7848d42735e7a9276b47cd6e606327d88f521c51ae39d88888b76902e2987?s=96&d=mm&r=g\",\"contentUrl\":\"https:\/\/secure.gravatar.com\/avatar\/68f7848d42735e7a9276b47cd6e606327d88f521c51ae39d88888b76902e2987?s=96&d=mm&r=g\",\"caption\":\"Rodrigo Sgammini\"}}]}<\/script>\n<!-- \/ Yoast SEO plugin. -->","yoast_head_json":{"title":"Im\u00e1genes y entrevistas a los protagonistas de la competencia de running \"Desaf\u00edo Calvario\" (Videos) - CELTTV","description":"Sitio web de noticias de la localidad de Tornquist, provincia de Buenos Aires, Rep\u00fablica Argentina. Contenido propio originado por periodistas de CELTTV, el canal de TV local de la Cooperativa El\u00e9ctrica de Tornquist. Turismo, Pol\u00edtica, Sociedad, Deporte, Cultura y todo el contenido de inter\u00e9s general que la gente del pueblo y la regi\u00f3n debe conocer.","robots":{"index":"index","follow":"follow","max-snippet":"max-snippet:-1","max-image-preview":"max-image-preview:large","max-video-preview":"max-video-preview:-1"},"canonical":"https:\/\/www.celttv.com.ar\/index.php\/2023\/09\/28\/imagenes-y-entrevistas-a-los-protagonistas-de-la-competencia-de-running-desafio-calvario-videos\/","og_locale":"es_ES","og_type":"article","og_title":"Im\u00e1genes y entrevistas a los protagonistas de la competencia de running \"Desaf\u00edo Calvario\" (Videos) - CELTTV","og_description":"Sitio web de noticias de la localidad de Tornquist, provincia de Buenos Aires, Rep\u00fablica Argentina. Contenido propio originado por periodistas de CELTTV, el canal de TV local de la Cooperativa El\u00e9ctrica de Tornquist. Turismo, Pol\u00edtica, Sociedad, Deporte, Cultura y todo el contenido de inter\u00e9s general que la gente del pueblo y la regi\u00f3n debe conocer.","og_url":"https:\/\/www.celttv.com.ar\/index.php\/2023\/09\/28\/imagenes-y-entrevistas-a-los-protagonistas-de-la-competencia-de-running-desafio-calvario-videos\/","og_site_name":"CELTTV","article_publisher":"https:\/\/www.facebook.com\/celtTV\/","article_published_time":"2023-09-28T13:36:35+00:00","article_modified_time":"2023-09-28T13:36:57+00:00","og_image":[{"width":1280,"height":805,"url":"https:\/\/www.celttv.com.ar\/wp-content\/uploads\/2023\/09\/382994382_693113186193821_7933280032794770306_n.jpg","type":"image\/jpeg"}],"author":"Rodrigo Sgammini","twitter_card":"summary_large_image","twitter_misc":{"Escrito por":"Rodrigo Sgammini","Tiempo de lectura":"1 minuto"},"schema":{"@context":"https:\/\/schema.org","@graph":[{"@type":"NewsArticle","@id":"https:\/\/www.celttv.com.ar\/index.php\/2023\/09\/28\/imagenes-y-entrevistas-a-los-protagonistas-de-la-competencia-de-running-desafio-calvario-videos\/#article","isPartOf":{"@id":"https:\/\/www.celttv.com.ar\/index.php\/2023\/09\/28\/imagenes-y-entrevistas-a-los-protagonistas-de-la-competencia-de-running-desafio-calvario-videos\/"},"author":{"name":"Rodrigo Sgammini","@id":"https:\/\/www.celttv.com.ar\/#\/schema\/person\/495be51d064edd971d8457f8f64eb172"},"headline":"Im\u00e1genes y entrevistas a los protagonistas de la competencia de running &#8220;Desaf\u00edo Calvario&#8221; (Videos)","datePublished":"2023-09-28T13:36:35+00:00","dateModified":"2023-09-28T13:36:57+00:00","mainEntityOfPage":{"@id":"https:\/\/www.celttv.com.ar\/index.php\/2023\/09\/28\/imagenes-y-entrevistas-a-los-protagonistas-de-la-competencia-de-running-desafio-calvario-videos\/"},"wordCount":130,"publisher":{"@id":"https:\/\/www.celttv.com.ar\/#organization"},"articleSection":["Magazine Sport"],"inLanguage":"es"},{"@type":"WebPage","@id":"https:\/\/www.celttv.com.ar\/index.php\/2023\/09\/28\/imagenes-y-entrevistas-a-los-protagonistas-de-la-competencia-de-running-desafio-calvario-videos\/","url":"https:\/\/www.celttv.com.ar\/index.php\/2023\/09\/28\/imagenes-y-entrevistas-a-los-protagonistas-de-la-competencia-de-running-desafio-calvario-videos\/","name":"Im\u00e1genes y entrevistas a los protagonistas de la competencia de running \"Desaf\u00edo Calvario\" (Videos) - CELTTV","isPartOf":{"@id":"https:\/\/www.celttv.com.ar\/#website"},"datePublished":"2023-09-28T13:36:35+00:00","dateModified":"2023-09-28T13:36:57+00:00","description":"Sitio web de noticias de la localidad de Tornquist, provincia de Buenos Aires, Rep\u00fablica Argentina. Contenido propio originado por periodistas de CELTTV, el canal de TV local de la Cooperativa El\u00e9ctrica de Tornquist. Turismo, Pol\u00edtica, Sociedad, Deporte, Cultura y todo el contenido de inter\u00e9s general que la gente del pueblo y la regi\u00f3n debe conocer.","breadcrumb":{"@id":"https:\/\/www.celttv.com.ar\/index.php\/2023\/09\/28\/imagenes-y-entrevistas-a-los-protagonistas-de-la-competencia-de-running-desafio-calvario-videos\/#breadcrumb"},"inLanguage":"es","potentialAction":[{"@type":"ReadAction","target":["https:\/\/www.celttv.com.ar\/index.php\/2023\/09\/28\/imagenes-y-entrevistas-a-los-protagonistas-de-la-competencia-de-running-desafio-calvario-videos\/"]}]},{"@type":"BreadcrumbList","@id":"https:\/\/www.celttv.com.ar\/index.php\/2023\/09\/28\/imagenes-y-entrevistas-a-los-protagonistas-de-la-competencia-de-running-desafio-calvario-videos\/#breadcrumb","itemListElement":[{"@type":"ListItem","position":1,"name":"Inicio","item":"https:\/\/www.celttv.com.ar\/"},{"@type":"ListItem","position":2,"name":"Im\u00e1genes y entrevistas a los protagonistas de la competencia de running &#8220;Desaf\u00edo Calvario&#8221; (Videos)"}]},{"@type":"WebSite","@id":"https:\/\/www.celttv.com.ar\/#website","url":"https:\/\/www.celttv.com.ar\/","name":"CELTTV","description":"Cooperativa El\u00e9ctrica de Tornquist","publisher":{"@id":"https:\/\/www.celttv.com.ar\/#organization"},"potentialAction":[{"@type":"SearchAction","target":{"@type":"EntryPoint","urlTemplate":"https:\/\/www.celttv.com.ar\/?s={search_term_string}"},"query-input":"required name=search_term_string"}],"inLanguage":"es"},{"@type":"Organization","@id":"https:\/\/www.celttv.com.ar\/#organization","name":"CELTTV","url":"https:\/\/www.celttv.com.ar\/","sameAs":["https:\/\/www.youtube.com\/channel\/UCz_oIt8Hig64Ub-EmcNPIhg","https:\/\/www.facebook.com\/celtTV\/"],"logo":{"@type":"ImageObject","inLanguage":"es","@id":"https:\/\/www.celttv.com.ar\/#\/schema\/logo\/image\/","url":"http:\/\/www.celttv.com.ar\/wp-content\/uploads\/2022\/08\/logo-1.png","contentUrl":"http:\/\/www.celttv.com.ar\/wp-content\/uploads\/2022\/08\/logo-1.png","width":461,"height":159,"caption":"CELTTV"},"image":{"@id":"https:\/\/www.celttv.com.ar\/#\/schema\/logo\/image\/"}},{"@type":"Person","@id":"https:\/\/www.celttv.com.ar\/#\/schema\/person\/495be51d064edd971d8457f8f64eb172","name":"Rodrigo Sgammini","image":{"@type":"ImageObject","inLanguage":"es","@id":"https:\/\/www.celttv.com.ar\/#\/schema\/person\/image\/","url":"https:\/\/secure.gravatar.com\/avatar\/68f7848d42735e7a9276b47cd6e606327d88f521c51ae39d88888b76902e2987?s=96&d=mm&r=g","contentUrl":"https:\/\/secure.gravatar.com\/avatar\/68f7848d42735e7a9276b47cd6e606327d88f521c51ae39d88888b76902e2987?s=96&d=mm&r=g","caption":"Rodrigo Sgammini"}}]}},"_links":{"self":[{"href":"https:\/\/www.celttv.com.ar\/index.php\/wp-json\/wp\/v2\/posts\/79363","targetHints":{"allow":["GET"]}}],"collection":[{"href":"https:\/\/www.celttv.com.ar\/index.php\/wp-json\/wp\/v2\/posts"}],"about":[{"href":"https:\/\/www.celttv.com.ar\/index.php\/wp-json\/wp\/v2\/types\/post"}],"author":[{"embeddable":true,"href":"https:\/\/www.celttv.com.ar\/index.php\/wp-json\/wp\/v2\/users\/3"}],"replies":[{"embeddable":true,"href":"https:\/\/www.celttv.com.ar\/index.php\/wp-json\/wp\/v2\/comments?post=79363"}],"version-history":[{"count":2,"href":"https:\/\/www.celttv.com.ar\/index.php\/wp-json\/wp\/v2\/posts\/79363\/revisions"}],"predecessor-version":[{"id":79366,"href":"https:\/\/www.celttv.com.ar\/index.php\/wp-json\/wp\/v2\/posts\/79363\/revisions\/79366"}],"wp:featuredmedia":[{"embeddable":true,"href":"https:\/\/www.celttv.com.ar\/index.php\/wp-json\/wp\/v2\/media\/79364"}],"wp:attachment":[{"href":"https:\/\/www.celttv.com.ar\/index.php\/wp-json\/wp\/v2\/media?parent=79363"}],"wp:term":[{"taxonomy":"category","embeddable":true,"href":"https:\/\/www.celttv.com.ar\/index.php\/wp-json\/wp\/v2\/categories?post=79363"},{"taxonomy":"post_tag","embeddable":true,"href":"https:\/\/www.celttv.com.ar\/index.php\/wp-json\/wp\/v2\/tags?post=79363"}],"curies":[{"name":"wp","href":"https:\/\/api.w.org\/{rel}","templated":true}]}}