{"id":79370,"date":"2023-09-28T17:51:04","date_gmt":"2023-09-28T20:51:04","guid":{"rendered":"http:\/\/www.celttv.com.ar\/?p=79370"},"modified":"2023-09-28T17:51:04","modified_gmt":"2023-09-28T20:51:04","slug":"la-ucr-de-tornquist-repudia-los-conceptos-vertidos-por-milei-sobre-el-ex-presidente-alfonsin","status":"publish","type":"post","link":"https:\/\/www.celttv.com.ar\/index.php\/2023\/09\/28\/la-ucr-de-tornquist-repudia-los-conceptos-vertidos-por-milei-sobre-el-ex-presidente-alfonsin\/","title":{"rendered":"La UCR. de Tornquist repudia los conceptos vertidos por Milei sobre el ex presidente Alfons\u00edn"},"content":{"rendered":"<p>La\u00a0 conducci\u00f3n de la Uni\u00f3n C\u00edvica Radical del distrito de Tornquist repudia por este medio, los conceptos vertidos por el Diputado Nacional y Candidato a Presidente Javier Milei, en relaci\u00f3n a la figura del ex Presidente de la Rep\u00fablica Argentina, Dr. Ra\u00fal Alfons\u00edn.<\/p>\n<p>Como sociedad, sufrimos suficientes angustias como para soportar semejante derroche de impunidad y mal gusto. Con estas posturas desmesuradas, el Candidato intenta, peligrosamente, el fin de la conciencia hist\u00f3rica, insultando a los hombres y mujeres de bien que, independientemente de las pertenec\u00edas pol\u00edticas, respetamos y valoramos al l\u00edder de la recuperaci\u00f3n democr\u00e1tica, inspirador de la m\u00e1s grande epopeya por la pacificaci\u00f3n y la uni\u00f3n de los Argentinos.<\/p>\n<p>Otras fuerzas pol\u00edticas han intentado en varias oportunidades disminuir la trascendencia del Dr. Alfons\u00edn, pero no llegaron a tanto y su figura emerge para siempre en la historia contempor\u00e1nea.<\/p>\n<p>El cambio verdadero ser\u00e1 consecuencia de la construcci\u00f3n y no de la destrucci\u00f3n, de la tolerancia, el respeto a las ideolog\u00edas y a las instituciones de la Rep\u00fablica, es el legado que sembr\u00f3 el Dr. Ra\u00fal Alfons\u00edn para todos los Argentinos, que defenderemos siempre.<\/p>\n<p>&nbsp;<\/p>\n<p><strong>\u00a0<\/strong><\/p>\n<p><strong>Comit\u00e9 UCR Tornquist. <\/strong><\/p>\n<p>&nbsp;<\/p>\n","protected":false},"excerpt":{"rendered":"<p>La\u00a0 conducci\u00f3n de la Uni\u00f3n C\u00edvica Radical del distrito de Tornquist repudia por este medio, los conceptos vertidos por el Diputado Nacional y Candidato a Presidente Javier Milei, en relaci\u00f3n a la figura del ex Presidente de la Rep\u00fablica Argentina, Dr. Ra\u00fal Alfons\u00edn. Como sociedad, sufrimos suficientes angustias como para soportar semejante derroche de impunidad [&hellip;]<\/p>\n","protected":false},"author":5,"featured_media":74843,"comment_status":"closed","ping_status":"closed","sticky":false,"template":"","format":"standard","meta":{"footnotes":""},"categories":[52,53],"tags":[],"class_list":["post-79370","post","type-post","status-publish","format-standard","has-post-thumbnail","hentry","category-destacadas","category-politica"],"yoast_head":"<!-- This site is optimized with the Yoast SEO plugin v19.7.1 - https:\/\/yoast.com\/wordpress\/plugins\/seo\/ -->\n<title>La UCR. de Tornquist repudia los conceptos vertidos por Milei sobre el ex presidente Alfons\u00edn - CELTTV<\/title>\n<meta name=\"description\" content=\"Sitio web de noticias de la localidad de Tornquist, provincia de Buenos Aires, Rep\u00fablica Argentina. Contenido propio originado por periodistas de CELTTV, el canal de TV local de la Cooperativa El\u00e9ctrica de Tornquist. Turismo, Pol\u00edtica, Sociedad, Deporte, Cultura y todo el contenido de inter\u00e9s general que la gente del pueblo y la regi\u00f3n debe conocer.\" \/>\n<meta name=\"robots\" content=\"index, follow, max-snippet:-1, max-image-preview:large, max-video-preview:-1\" \/>\n<link rel=\"canonical\" href=\"https:\/\/www.celttv.com.ar\/index.php\/2023\/09\/28\/la-ucr-de-tornquist-repudia-los-conceptos-vertidos-por-milei-sobre-el-ex-presidente-alfonsin\/\" \/>\n<meta property=\"og:locale\" content=\"es_ES\" \/>\n<meta property=\"og:type\" content=\"article\" \/>\n<meta property=\"og:title\" content=\"La UCR. de Tornquist repudia los conceptos vertidos por Milei sobre el ex presidente Alfons\u00edn - CELTTV\" \/>\n<meta property=\"og:description\" content=\"Sitio web de noticias de la localidad de Tornquist, provincia de Buenos Aires, Rep\u00fablica Argentina. Contenido propio originado por periodistas de CELTTV, el canal de TV local de la Cooperativa El\u00e9ctrica de Tornquist. Turismo, Pol\u00edtica, Sociedad, Deporte, Cultura y todo el contenido de inter\u00e9s general que la gente del pueblo y la regi\u00f3n debe conocer.\" \/>\n<meta property=\"og:url\" content=\"https:\/\/www.celttv.com.ar\/index.php\/2023\/09\/28\/la-ucr-de-tornquist-repudia-los-conceptos-vertidos-por-milei-sobre-el-ex-presidente-alfonsin\/\" \/>\n<meta property=\"og:site_name\" content=\"CELTTV\" \/>\n<meta property=\"article:publisher\" content=\"https:\/\/www.facebook.com\/celtTV\/\" \/>\n<meta property=\"article:published_time\" content=\"2023-09-28T20:51:04+00:00\" \/>\n<meta property=\"og:image\" content=\"https:\/\/www.celttv.com.ar\/wp-content\/uploads\/2023\/04\/logo-ucr.jpg\" \/>\n\t<meta property=\"og:image:width\" content=\"701\" \/>\n\t<meta property=\"og:image:height\" content=\"758\" \/>\n\t<meta property=\"og:image:type\" content=\"image\/jpeg\" \/>\n<meta name=\"author\" content=\"Miguel Herrada\" \/>\n<meta name=\"twitter:card\" content=\"summary_large_image\" \/>\n<meta name=\"twitter:label1\" content=\"Escrito por\" \/>\n\t<meta name=\"twitter:data1\" content=\"Miguel Herrada\" \/>\n\t<meta name=\"twitter:label2\" content=\"Tiempo de lectura\" \/>\n\t<meta name=\"twitter:data2\" content=\"1 minuto\" \/>\n<script type=\"application\/ld+json\" class=\"yoast-schema-graph\">{\"@context\":\"https:\/\/schema.org\",\"@graph\":[{\"@type\":\"NewsArticle\",\"@id\":\"https:\/\/www.celttv.com.ar\/index.php\/2023\/09\/28\/la-ucr-de-tornquist-repudia-los-conceptos-vertidos-por-milei-sobre-el-ex-presidente-alfonsin\/#article\",\"isPartOf\":{\"@id\":\"https:\/\/www.celttv.com.ar\/index.php\/2023\/09\/28\/la-ucr-de-tornquist-repudia-los-conceptos-vertidos-por-milei-sobre-el-ex-presidente-alfonsin\/\"},\"author\":{\"name\":\"Miguel Herrada\",\"@id\":\"https:\/\/www.celttv.com.ar\/#\/schema\/person\/9059dc91dc7204ef4182cdb65225f07d\"},\"headline\":\"La UCR. de Tornquist repudia los conceptos vertidos por Milei sobre el ex presidente Alfons\u00edn\",\"datePublished\":\"2023-09-28T20:51:04+00:00\",\"dateModified\":\"2023-09-28T20:51:04+00:00\",\"mainEntityOfPage\":{\"@id\":\"https:\/\/www.celttv.com.ar\/index.php\/2023\/09\/28\/la-ucr-de-tornquist-repudia-los-conceptos-vertidos-por-milei-sobre-el-ex-presidente-alfonsin\/\"},\"wordCount\":229,\"publisher\":{\"@id\":\"https:\/\/www.celttv.com.ar\/#organization\"},\"articleSection\":[\"Destacadas\",\"Pol\u00edtica\"],\"inLanguage\":\"es\"},{\"@type\":\"WebPage\",\"@id\":\"https:\/\/www.celttv.com.ar\/index.php\/2023\/09\/28\/la-ucr-de-tornquist-repudia-los-conceptos-vertidos-por-milei-sobre-el-ex-presidente-alfonsin\/\",\"url\":\"https:\/\/www.celttv.com.ar\/index.php\/2023\/09\/28\/la-ucr-de-tornquist-repudia-los-conceptos-vertidos-por-milei-sobre-el-ex-presidente-alfonsin\/\",\"name\":\"La UCR. de Tornquist repudia los conceptos vertidos por Milei sobre el ex presidente Alfons\u00edn - CELTTV\",\"isPartOf\":{\"@id\":\"https:\/\/www.celttv.com.ar\/#website\"},\"datePublished\":\"2023-09-28T20:51:04+00:00\",\"dateModified\":\"2023-09-28T20:51:04+00:00\",\"description\":\"Sitio web de noticias de la localidad de Tornquist, provincia de Buenos Aires, Rep\u00fablica Argentina. Contenido propio originado por periodistas de CELTTV, el canal de TV local de la Cooperativa El\u00e9ctrica de Tornquist. Turismo, Pol\u00edtica, Sociedad, Deporte, Cultura y todo el contenido de inter\u00e9s general que la gente del pueblo y la regi\u00f3n debe conocer.\",\"breadcrumb\":{\"@id\":\"https:\/\/www.celttv.com.ar\/index.php\/2023\/09\/28\/la-ucr-de-tornquist-repudia-los-conceptos-vertidos-por-milei-sobre-el-ex-presidente-alfonsin\/#breadcrumb\"},\"inLanguage\":\"es\",\"potentialAction\":[{\"@type\":\"ReadAction\",\"target\":[\"https:\/\/www.celttv.com.ar\/index.php\/2023\/09\/28\/la-ucr-de-tornquist-repudia-los-conceptos-vertidos-por-milei-sobre-el-ex-presidente-alfonsin\/\"]}]},{\"@type\":\"BreadcrumbList\",\"@id\":\"https:\/\/www.celttv.com.ar\/index.php\/2023\/09\/28\/la-ucr-de-tornquist-repudia-los-conceptos-vertidos-por-milei-sobre-el-ex-presidente-alfonsin\/#breadcrumb\",\"itemListElement\":[{\"@type\":\"ListItem\",\"position\":1,\"name\":\"Inicio\",\"item\":\"https:\/\/www.celttv.com.ar\/\"},{\"@type\":\"ListItem\",\"position\":2,\"name\":\"La UCR. de Tornquist repudia los conceptos vertidos por Milei sobre el ex presidente Alfons\u00edn\"}]},{\"@type\":\"WebSite\",\"@id\":\"https:\/\/www.celttv.com.ar\/#website\",\"url\":\"https:\/\/www.celttv.com.ar\/\",\"name\":\"CELTTV\",\"description\":\"Cooperativa El\u00e9ctrica de Tornquist\",\"publisher\":{\"@id\":\"https:\/\/www.celttv.com.ar\/#organization\"},\"potentialAction\":[{\"@type\":\"SearchAction\",\"target\":{\"@type\":\"EntryPoint\",\"urlTemplate\":\"https:\/\/www.celttv.com.ar\/?s={search_term_string}\"},\"query-input\":\"required name=search_term_string\"}],\"inLanguage\":\"es\"},{\"@type\":\"Organization\",\"@id\":\"https:\/\/www.celttv.com.ar\/#organization\",\"name\":\"CELTTV\",\"url\":\"https:\/\/www.celttv.com.ar\/\",\"sameAs\":[\"https:\/\/www.youtube.com\/channel\/UCz_oIt8Hig64Ub-EmcNPIhg\",\"https:\/\/www.facebook.com\/celtTV\/\"],\"logo\":{\"@type\":\"ImageObject\",\"inLanguage\":\"es\",\"@id\":\"https:\/\/www.celttv.com.ar\/#\/schema\/logo\/image\/\",\"url\":\"http:\/\/www.celttv.com.ar\/wp-content\/uploads\/2022\/08\/logo-1.png\",\"contentUrl\":\"http:\/\/www.celttv.com.ar\/wp-content\/uploads\/2022\/08\/logo-1.png\",\"width\":461,\"height\":159,\"caption\":\"CELTTV\"},\"image\":{\"@id\":\"https:\/\/www.celttv.com.ar\/#\/schema\/logo\/image\/\"}},{\"@type\":\"Person\",\"@id\":\"https:\/\/www.celttv.com.ar\/#\/schema\/person\/9059dc91dc7204ef4182cdb65225f07d\",\"name\":\"Miguel Herrada\",\"image\":{\"@type\":\"ImageObject\",\"inLanguage\":\"es\",\"@id\":\"https:\/\/www.celttv.com.ar\/#\/schema\/person\/image\/\",\"url\":\"https:\/\/secure.gravatar.com\/avatar\/67724d5b3c716623ffd76bec7e45841a442ac3b456e914dbba90b0fad2b8e0b1?s=96&d=mm&r=g\",\"contentUrl\":\"https:\/\/secure.gravatar.com\/avatar\/67724d5b3c716623ffd76bec7e45841a442ac3b456e914dbba90b0fad2b8e0b1?s=96&d=mm&r=g\",\"caption\":\"Miguel Herrada\"}}]}<\/script>\n<!-- \/ Yoast SEO plugin. -->","yoast_head_json":{"title":"La UCR. de Tornquist repudia los conceptos vertidos por Milei sobre el ex presidente Alfons\u00edn - CELTTV","description":"Sitio web de noticias de la localidad de Tornquist, provincia de Buenos Aires, Rep\u00fablica Argentina. Contenido propio originado por periodistas de CELTTV, el canal de TV local de la Cooperativa El\u00e9ctrica de Tornquist. Turismo, Pol\u00edtica, Sociedad, Deporte, Cultura y todo el contenido de inter\u00e9s general que la gente del pueblo y la regi\u00f3n debe conocer.","robots":{"index":"index","follow":"follow","max-snippet":"max-snippet:-1","max-image-preview":"max-image-preview:large","max-video-preview":"max-video-preview:-1"},"canonical":"https:\/\/www.celttv.com.ar\/index.php\/2023\/09\/28\/la-ucr-de-tornquist-repudia-los-conceptos-vertidos-por-milei-sobre-el-ex-presidente-alfonsin\/","og_locale":"es_ES","og_type":"article","og_title":"La UCR. de Tornquist repudia los conceptos vertidos por Milei sobre el ex presidente Alfons\u00edn - CELTTV","og_description":"Sitio web de noticias de la localidad de Tornquist, provincia de Buenos Aires, Rep\u00fablica Argentina. Contenido propio originado por periodistas de CELTTV, el canal de TV local de la Cooperativa El\u00e9ctrica de Tornquist. Turismo, Pol\u00edtica, Sociedad, Deporte, Cultura y todo el contenido de inter\u00e9s general que la gente del pueblo y la regi\u00f3n debe conocer.","og_url":"https:\/\/www.celttv.com.ar\/index.php\/2023\/09\/28\/la-ucr-de-tornquist-repudia-los-conceptos-vertidos-por-milei-sobre-el-ex-presidente-alfonsin\/","og_site_name":"CELTTV","article_publisher":"https:\/\/www.facebook.com\/celtTV\/","article_published_time":"2023-09-28T20:51:04+00:00","og_image":[{"width":701,"height":758,"url":"https:\/\/www.celttv.com.ar\/wp-content\/uploads\/2023\/04\/logo-ucr.jpg","type":"image\/jpeg"}],"author":"Miguel Herrada","twitter_card":"summary_large_image","twitter_misc":{"Escrito por":"Miguel Herrada","Tiempo de lectura":"1 minuto"},"schema":{"@context":"https:\/\/schema.org","@graph":[{"@type":"NewsArticle","@id":"https:\/\/www.celttv.com.ar\/index.php\/2023\/09\/28\/la-ucr-de-tornquist-repudia-los-conceptos-vertidos-por-milei-sobre-el-ex-presidente-alfonsin\/#article","isPartOf":{"@id":"https:\/\/www.celttv.com.ar\/index.php\/2023\/09\/28\/la-ucr-de-tornquist-repudia-los-conceptos-vertidos-por-milei-sobre-el-ex-presidente-alfonsin\/"},"author":{"name":"Miguel Herrada","@id":"https:\/\/www.celttv.com.ar\/#\/schema\/person\/9059dc91dc7204ef4182cdb65225f07d"},"headline":"La UCR. de Tornquist repudia los conceptos vertidos por Milei sobre el ex presidente Alfons\u00edn","datePublished":"2023-09-28T20:51:04+00:00","dateModified":"2023-09-28T20:51:04+00:00","mainEntityOfPage":{"@id":"https:\/\/www.celttv.com.ar\/index.php\/2023\/09\/28\/la-ucr-de-tornquist-repudia-los-conceptos-vertidos-por-milei-sobre-el-ex-presidente-alfonsin\/"},"wordCount":229,"publisher":{"@id":"https:\/\/www.celttv.com.ar\/#organization"},"articleSection":["Destacadas","Pol\u00edtica"],"inLanguage":"es"},{"@type":"WebPage","@id":"https:\/\/www.celttv.com.ar\/index.php\/2023\/09\/28\/la-ucr-de-tornquist-repudia-los-conceptos-vertidos-por-milei-sobre-el-ex-presidente-alfonsin\/","url":"https:\/\/www.celttv.com.ar\/index.php\/2023\/09\/28\/la-ucr-de-tornquist-repudia-los-conceptos-vertidos-por-milei-sobre-el-ex-presidente-alfonsin\/","name":"La UCR. de Tornquist repudia los conceptos vertidos por Milei sobre el ex presidente Alfons\u00edn - CELTTV","isPartOf":{"@id":"https:\/\/www.celttv.com.ar\/#website"},"datePublished":"2023-09-28T20:51:04+00:00","dateModified":"2023-09-28T20:51:04+00:00","description":"Sitio web de noticias de la localidad de Tornquist, provincia de Buenos Aires, Rep\u00fablica Argentina. Contenido propio originado por periodistas de CELTTV, el canal de TV local de la Cooperativa El\u00e9ctrica de Tornquist. Turismo, Pol\u00edtica, Sociedad, Deporte, Cultura y todo el contenido de inter\u00e9s general que la gente del pueblo y la regi\u00f3n debe conocer.","breadcrumb":{"@id":"https:\/\/www.celttv.com.ar\/index.php\/2023\/09\/28\/la-ucr-de-tornquist-repudia-los-conceptos-vertidos-por-milei-sobre-el-ex-presidente-alfonsin\/#breadcrumb"},"inLanguage":"es","potentialAction":[{"@type":"ReadAction","target":["https:\/\/www.celttv.com.ar\/index.php\/2023\/09\/28\/la-ucr-de-tornquist-repudia-los-conceptos-vertidos-por-milei-sobre-el-ex-presidente-alfonsin\/"]}]},{"@type":"BreadcrumbList","@id":"https:\/\/www.celttv.com.ar\/index.php\/2023\/09\/28\/la-ucr-de-tornquist-repudia-los-conceptos-vertidos-por-milei-sobre-el-ex-presidente-alfonsin\/#breadcrumb","itemListElement":[{"@type":"ListItem","position":1,"name":"Inicio","item":"https:\/\/www.celttv.com.ar\/"},{"@type":"ListItem","position":2,"name":"La UCR. de Tornquist repudia los conceptos vertidos por Milei sobre el ex presidente Alfons\u00edn"}]},{"@type":"WebSite","@id":"https:\/\/www.celttv.com.ar\/#website","url":"https:\/\/www.celttv.com.ar\/","name":"CELTTV","description":"Cooperativa El\u00e9ctrica de Tornquist","publisher":{"@id":"https:\/\/www.celttv.com.ar\/#organization"},"potentialAction":[{"@type":"SearchAction","target":{"@type":"EntryPoint","urlTemplate":"https:\/\/www.celttv.com.ar\/?s={search_term_string}"},"query-input":"required name=search_term_string"}],"inLanguage":"es"},{"@type":"Organization","@id":"https:\/\/www.celttv.com.ar\/#organization","name":"CELTTV","url":"https:\/\/www.celttv.com.ar\/","sameAs":["https:\/\/www.youtube.com\/channel\/UCz_oIt8Hig64Ub-EmcNPIhg","https:\/\/www.facebook.com\/celtTV\/"],"logo":{"@type":"ImageObject","inLanguage":"es","@id":"https:\/\/www.celttv.com.ar\/#\/schema\/logo\/image\/","url":"http:\/\/www.celttv.com.ar\/wp-content\/uploads\/2022\/08\/logo-1.png","contentUrl":"http:\/\/www.celttv.com.ar\/wp-content\/uploads\/2022\/08\/logo-1.png","width":461,"height":159,"caption":"CELTTV"},"image":{"@id":"https:\/\/www.celttv.com.ar\/#\/schema\/logo\/image\/"}},{"@type":"Person","@id":"https:\/\/www.celttv.com.ar\/#\/schema\/person\/9059dc91dc7204ef4182cdb65225f07d","name":"Miguel Herrada","image":{"@type":"ImageObject","inLanguage":"es","@id":"https:\/\/www.celttv.com.ar\/#\/schema\/person\/image\/","url":"https:\/\/secure.gravatar.com\/avatar\/67724d5b3c716623ffd76bec7e45841a442ac3b456e914dbba90b0fad2b8e0b1?s=96&d=mm&r=g","contentUrl":"https:\/\/secure.gravatar.com\/avatar\/67724d5b3c716623ffd76bec7e45841a442ac3b456e914dbba90b0fad2b8e0b1?s=96&d=mm&r=g","caption":"Miguel Herrada"}}]}},"_links":{"self":[{"href":"https:\/\/www.celttv.com.ar\/index.php\/wp-json\/wp\/v2\/posts\/79370","targetHints":{"allow":["GET"]}}],"collection":[{"href":"https:\/\/www.celttv.com.ar\/index.php\/wp-json\/wp\/v2\/posts"}],"about":[{"href":"https:\/\/www.celttv.com.ar\/index.php\/wp-json\/wp\/v2\/types\/post"}],"author":[{"embeddable":true,"href":"https:\/\/www.celttv.com.ar\/index.php\/wp-json\/wp\/v2\/users\/5"}],"replies":[{"embeddable":true,"href":"https:\/\/www.celttv.com.ar\/index.php\/wp-json\/wp\/v2\/comments?post=79370"}],"version-history":[{"count":1,"href":"https:\/\/www.celttv.com.ar\/index.php\/wp-json\/wp\/v2\/posts\/79370\/revisions"}],"predecessor-version":[{"id":79371,"href":"https:\/\/www.celttv.com.ar\/index.php\/wp-json\/wp\/v2\/posts\/79370\/revisions\/79371"}],"wp:featuredmedia":[{"embeddable":true,"href":"https:\/\/www.celttv.com.ar\/index.php\/wp-json\/wp\/v2\/media\/74843"}],"wp:attachment":[{"href":"https:\/\/www.celttv.com.ar\/index.php\/wp-json\/wp\/v2\/media?parent=79370"}],"wp:term":[{"taxonomy":"category","embeddable":true,"href":"https:\/\/www.celttv.com.ar\/index.php\/wp-json\/wp\/v2\/categories?post=79370"},{"taxonomy":"post_tag","embeddable":true,"href":"https:\/\/www.celttv.com.ar\/index.php\/wp-json\/wp\/v2\/tags?post=79370"}],"curies":[{"name":"wp","href":"https:\/\/api.w.org\/{rel}","templated":true}]}}