{"id":79391,"date":"2023-09-29T17:25:02","date_gmt":"2023-09-29T20:25:02","guid":{"rendered":"http:\/\/www.celttv.com.ar\/?p=79391"},"modified":"2023-09-29T17:41:15","modified_gmt":"2023-09-29T20:41:15","slug":"policiales-allanamiento-con-resultado-positivo","status":"publish","type":"post","link":"https:\/\/www.celttv.com.ar\/index.php\/2023\/09\/29\/policiales-allanamiento-con-resultado-positivo\/","title":{"rendered":"Policiales: Allanamiento en Tornquist con resultado positivo"},"content":{"rendered":"<p>La Secretaria de Seguridad de la Municipalidad de Tornquist lleva a conocimiento que con fecha 28 del corriente, a ra\u00edz de causa penal instruida por los delitos de HURTO, por la sustracci\u00f3n de una bicicleta, personal policial de la Estaci\u00f3n Comunal Tornquist, llevo a cabo amplias tareas investigativas, relevamientos de c\u00e1maras de seguridad municipales y privadas, donde obtenidos los medios de pruebas suficientes, se solicit\u00f3 a la Ayudant\u00eda Fiscal de Tornquist la respectiva orden de allanamiento para dos domicilios de este medio, siendo autorizadas las mimas por el Juzgado de Garant\u00edas N\u00ba 3 Departamental, por lo cual en forma simult\u00e1nea, se dio cumplimiento a la diligencia judicial, siendo en el domicilio de avenida Ameghino 698 este medio, lugar de residencia de <strong>GUSTAVO DAVID SALAZAR (27 a\u00f1os), <\/strong>y en el domicilio de su progenitora, ubicado en calle Juan Manuel de Rosas N\u00ba 610 de este medio, en donde se procedi\u00f3 al secuestro de elementos de inter\u00e9s para la investigaci\u00f3n.-<\/p>\n<p><img loading=\"lazy\" decoding=\"async\" class=\"alignnone wp-image-79392 size-full\" src=\"http:\/\/www.celttv.com.ar\/wp-content\/uploads\/2023\/09\/hurtobici.jpg\" alt=\"\" width=\"1600\" height=\"1200\" srcset=\"https:\/\/www.celttv.com.ar\/wp-content\/uploads\/2023\/09\/hurtobici.jpg 1600w, https:\/\/www.celttv.com.ar\/wp-content\/uploads\/2023\/09\/hurtobici-300x225.jpg 300w, https:\/\/www.celttv.com.ar\/wp-content\/uploads\/2023\/09\/hurtobici-1024x768.jpg 1024w, https:\/\/www.celttv.com.ar\/wp-content\/uploads\/2023\/09\/hurtobici-768x576.jpg 768w, https:\/\/www.celttv.com.ar\/wp-content\/uploads\/2023\/09\/hurtobici-1536x1152.jpg 1536w, https:\/\/www.celttv.com.ar\/wp-content\/uploads\/2023\/09\/hurtobici-750x563.jpg 750w, https:\/\/www.celttv.com.ar\/wp-content\/uploads\/2023\/09\/hurtobici-1140x855.jpg 1140w\" sizes=\"auto, (max-width: 1600px) 100vw, 1600px\" \/> <img loading=\"lazy\" decoding=\"async\" class=\"alignnone wp-image-79393 size-full\" src=\"http:\/\/www.celttv.com.ar\/wp-content\/uploads\/2023\/09\/hurtobici1.jpg\" alt=\"\" width=\"1600\" height=\"1200\" srcset=\"https:\/\/www.celttv.com.ar\/wp-content\/uploads\/2023\/09\/hurtobici1.jpg 1600w, https:\/\/www.celttv.com.ar\/wp-content\/uploads\/2023\/09\/hurtobici1-300x225.jpg 300w, https:\/\/www.celttv.com.ar\/wp-content\/uploads\/2023\/09\/hurtobici1-1024x768.jpg 1024w, https:\/\/www.celttv.com.ar\/wp-content\/uploads\/2023\/09\/hurtobici1-768x576.jpg 768w, https:\/\/www.celttv.com.ar\/wp-content\/uploads\/2023\/09\/hurtobici1-1536x1152.jpg 1536w, https:\/\/www.celttv.com.ar\/wp-content\/uploads\/2023\/09\/hurtobici1-750x563.jpg 750w, https:\/\/www.celttv.com.ar\/wp-content\/uploads\/2023\/09\/hurtobici1-1140x855.jpg 1140w\" sizes=\"auto, (max-width: 1600px) 100vw, 1600px\" \/><\/p>\n<p>&nbsp;<\/p>\n","protected":false},"excerpt":{"rendered":"<p>La Secretaria de Seguridad de la Municipalidad de Tornquist lleva a conocimiento que con fecha 28 del corriente, a ra\u00edz de causa penal instruida por los delitos de HURTO, por la sustracci\u00f3n de una bicicleta, personal policial de la Estaci\u00f3n Comunal Tornquist, llevo a cabo amplias tareas investigativas, relevamientos de c\u00e1maras de seguridad municipales y [&hellip;]<\/p>\n","protected":false},"author":5,"featured_media":79392,"comment_status":"closed","ping_status":"closed","sticky":false,"template":"","format":"standard","meta":{"footnotes":""},"categories":[51,52,61],"tags":[],"class_list":["post-79391","post","type-post","status-publish","format-standard","has-post-thumbnail","hentry","category-comunidad","category-destacadas","category-policiales"],"yoast_head":"<!-- This site is optimized with the Yoast SEO plugin v19.7.1 - https:\/\/yoast.com\/wordpress\/plugins\/seo\/ -->\n<title>Policiales: Allanamiento en Tornquist con resultado positivo - CELTTV<\/title>\n<meta name=\"description\" content=\"Sitio web de noticias de la localidad de Tornquist, provincia de Buenos Aires, Rep\u00fablica Argentina. Contenido propio originado por periodistas de CELTTV, el canal de TV local de la Cooperativa El\u00e9ctrica de Tornquist. Turismo, Pol\u00edtica, Sociedad, Deporte, Cultura y todo el contenido de inter\u00e9s general que la gente del pueblo y la regi\u00f3n debe conocer.\" \/>\n<meta name=\"robots\" content=\"index, follow, max-snippet:-1, max-image-preview:large, max-video-preview:-1\" \/>\n<link rel=\"canonical\" href=\"https:\/\/www.celttv.com.ar\/index.php\/2023\/09\/29\/policiales-allanamiento-con-resultado-positivo\/\" \/>\n<meta property=\"og:locale\" content=\"es_ES\" \/>\n<meta property=\"og:type\" content=\"article\" \/>\n<meta property=\"og:title\" content=\"Policiales: Allanamiento en Tornquist con resultado positivo - CELTTV\" \/>\n<meta property=\"og:description\" content=\"Sitio web de noticias de la localidad de Tornquist, provincia de Buenos Aires, Rep\u00fablica Argentina. Contenido propio originado por periodistas de CELTTV, el canal de TV local de la Cooperativa El\u00e9ctrica de Tornquist. Turismo, Pol\u00edtica, Sociedad, Deporte, Cultura y todo el contenido de inter\u00e9s general que la gente del pueblo y la regi\u00f3n debe conocer.\" \/>\n<meta property=\"og:url\" content=\"https:\/\/www.celttv.com.ar\/index.php\/2023\/09\/29\/policiales-allanamiento-con-resultado-positivo\/\" \/>\n<meta property=\"og:site_name\" content=\"CELTTV\" \/>\n<meta property=\"article:publisher\" content=\"https:\/\/www.facebook.com\/celtTV\/\" \/>\n<meta property=\"article:published_time\" content=\"2023-09-29T20:25:02+00:00\" \/>\n<meta property=\"article:modified_time\" content=\"2023-09-29T20:41:15+00:00\" \/>\n<meta property=\"og:image\" content=\"https:\/\/www.celttv.com.ar\/wp-content\/uploads\/2023\/09\/hurtobici.jpg\" \/>\n\t<meta property=\"og:image:width\" content=\"1600\" \/>\n\t<meta property=\"og:image:height\" content=\"1200\" \/>\n\t<meta property=\"og:image:type\" content=\"image\/jpeg\" \/>\n<meta name=\"author\" content=\"Miguel Herrada\" \/>\n<meta name=\"twitter:card\" content=\"summary_large_image\" \/>\n<meta name=\"twitter:label1\" content=\"Escrito por\" \/>\n\t<meta name=\"twitter:data1\" content=\"Miguel Herrada\" \/>\n\t<meta name=\"twitter:label2\" content=\"Tiempo de lectura\" \/>\n\t<meta name=\"twitter:data2\" content=\"1 minuto\" \/>\n<script type=\"application\/ld+json\" class=\"yoast-schema-graph\">{\"@context\":\"https:\/\/schema.org\",\"@graph\":[{\"@type\":\"NewsArticle\",\"@id\":\"https:\/\/www.celttv.com.ar\/index.php\/2023\/09\/29\/policiales-allanamiento-con-resultado-positivo\/#article\",\"isPartOf\":{\"@id\":\"https:\/\/www.celttv.com.ar\/index.php\/2023\/09\/29\/policiales-allanamiento-con-resultado-positivo\/\"},\"author\":{\"name\":\"Miguel Herrada\",\"@id\":\"https:\/\/www.celttv.com.ar\/#\/schema\/person\/9059dc91dc7204ef4182cdb65225f07d\"},\"headline\":\"Policiales: Allanamiento en Tornquist con resultado positivo\",\"datePublished\":\"2023-09-29T20:25:02+00:00\",\"dateModified\":\"2023-09-29T20:41:15+00:00\",\"mainEntityOfPage\":{\"@id\":\"https:\/\/www.celttv.com.ar\/index.php\/2023\/09\/29\/policiales-allanamiento-con-resultado-positivo\/\"},\"wordCount\":172,\"publisher\":{\"@id\":\"https:\/\/www.celttv.com.ar\/#organization\"},\"articleSection\":[\"Comunidad\",\"Destacadas\",\"Policiales\"],\"inLanguage\":\"es\"},{\"@type\":\"WebPage\",\"@id\":\"https:\/\/www.celttv.com.ar\/index.php\/2023\/09\/29\/policiales-allanamiento-con-resultado-positivo\/\",\"url\":\"https:\/\/www.celttv.com.ar\/index.php\/2023\/09\/29\/policiales-allanamiento-con-resultado-positivo\/\",\"name\":\"Policiales: Allanamiento en Tornquist con resultado positivo - CELTTV\",\"isPartOf\":{\"@id\":\"https:\/\/www.celttv.com.ar\/#website\"},\"datePublished\":\"2023-09-29T20:25:02+00:00\",\"dateModified\":\"2023-09-29T20:41:15+00:00\",\"description\":\"Sitio web de noticias de la localidad de Tornquist, provincia de Buenos Aires, Rep\u00fablica Argentina. Contenido propio originado por periodistas de CELTTV, el canal de TV local de la Cooperativa El\u00e9ctrica de Tornquist. Turismo, Pol\u00edtica, Sociedad, Deporte, Cultura y todo el contenido de inter\u00e9s general que la gente del pueblo y la regi\u00f3n debe conocer.\",\"breadcrumb\":{\"@id\":\"https:\/\/www.celttv.com.ar\/index.php\/2023\/09\/29\/policiales-allanamiento-con-resultado-positivo\/#breadcrumb\"},\"inLanguage\":\"es\",\"potentialAction\":[{\"@type\":\"ReadAction\",\"target\":[\"https:\/\/www.celttv.com.ar\/index.php\/2023\/09\/29\/policiales-allanamiento-con-resultado-positivo\/\"]}]},{\"@type\":\"BreadcrumbList\",\"@id\":\"https:\/\/www.celttv.com.ar\/index.php\/2023\/09\/29\/policiales-allanamiento-con-resultado-positivo\/#breadcrumb\",\"itemListElement\":[{\"@type\":\"ListItem\",\"position\":1,\"name\":\"Inicio\",\"item\":\"https:\/\/www.celttv.com.ar\/\"},{\"@type\":\"ListItem\",\"position\":2,\"name\":\"Policiales: Allanamiento en Tornquist con resultado positivo\"}]},{\"@type\":\"WebSite\",\"@id\":\"https:\/\/www.celttv.com.ar\/#website\",\"url\":\"https:\/\/www.celttv.com.ar\/\",\"name\":\"CELTTV\",\"description\":\"Cooperativa El\u00e9ctrica de Tornquist\",\"publisher\":{\"@id\":\"https:\/\/www.celttv.com.ar\/#organization\"},\"potentialAction\":[{\"@type\":\"SearchAction\",\"target\":{\"@type\":\"EntryPoint\",\"urlTemplate\":\"https:\/\/www.celttv.com.ar\/?s={search_term_string}\"},\"query-input\":\"required name=search_term_string\"}],\"inLanguage\":\"es\"},{\"@type\":\"Organization\",\"@id\":\"https:\/\/www.celttv.com.ar\/#organization\",\"name\":\"CELTTV\",\"url\":\"https:\/\/www.celttv.com.ar\/\",\"sameAs\":[\"https:\/\/www.youtube.com\/channel\/UCz_oIt8Hig64Ub-EmcNPIhg\",\"https:\/\/www.facebook.com\/celtTV\/\"],\"logo\":{\"@type\":\"ImageObject\",\"inLanguage\":\"es\",\"@id\":\"https:\/\/www.celttv.com.ar\/#\/schema\/logo\/image\/\",\"url\":\"http:\/\/www.celttv.com.ar\/wp-content\/uploads\/2022\/08\/logo-1.png\",\"contentUrl\":\"http:\/\/www.celttv.com.ar\/wp-content\/uploads\/2022\/08\/logo-1.png\",\"width\":461,\"height\":159,\"caption\":\"CELTTV\"},\"image\":{\"@id\":\"https:\/\/www.celttv.com.ar\/#\/schema\/logo\/image\/\"}},{\"@type\":\"Person\",\"@id\":\"https:\/\/www.celttv.com.ar\/#\/schema\/person\/9059dc91dc7204ef4182cdb65225f07d\",\"name\":\"Miguel Herrada\",\"image\":{\"@type\":\"ImageObject\",\"inLanguage\":\"es\",\"@id\":\"https:\/\/www.celttv.com.ar\/#\/schema\/person\/image\/\",\"url\":\"https:\/\/secure.gravatar.com\/avatar\/67724d5b3c716623ffd76bec7e45841a442ac3b456e914dbba90b0fad2b8e0b1?s=96&d=mm&r=g\",\"contentUrl\":\"https:\/\/secure.gravatar.com\/avatar\/67724d5b3c716623ffd76bec7e45841a442ac3b456e914dbba90b0fad2b8e0b1?s=96&d=mm&r=g\",\"caption\":\"Miguel Herrada\"}}]}<\/script>\n<!-- \/ Yoast SEO plugin. -->","yoast_head_json":{"title":"Policiales: Allanamiento en Tornquist con resultado positivo - CELTTV","description":"Sitio web de noticias de la localidad de Tornquist, provincia de Buenos Aires, Rep\u00fablica Argentina. Contenido propio originado por periodistas de CELTTV, el canal de TV local de la Cooperativa El\u00e9ctrica de Tornquist. Turismo, Pol\u00edtica, Sociedad, Deporte, Cultura y todo el contenido de inter\u00e9s general que la gente del pueblo y la regi\u00f3n debe conocer.","robots":{"index":"index","follow":"follow","max-snippet":"max-snippet:-1","max-image-preview":"max-image-preview:large","max-video-preview":"max-video-preview:-1"},"canonical":"https:\/\/www.celttv.com.ar\/index.php\/2023\/09\/29\/policiales-allanamiento-con-resultado-positivo\/","og_locale":"es_ES","og_type":"article","og_title":"Policiales: Allanamiento en Tornquist con resultado positivo - CELTTV","og_description":"Sitio web de noticias de la localidad de Tornquist, provincia de Buenos Aires, Rep\u00fablica Argentina. Contenido propio originado por periodistas de CELTTV, el canal de TV local de la Cooperativa El\u00e9ctrica de Tornquist. Turismo, Pol\u00edtica, Sociedad, Deporte, Cultura y todo el contenido de inter\u00e9s general que la gente del pueblo y la regi\u00f3n debe conocer.","og_url":"https:\/\/www.celttv.com.ar\/index.php\/2023\/09\/29\/policiales-allanamiento-con-resultado-positivo\/","og_site_name":"CELTTV","article_publisher":"https:\/\/www.facebook.com\/celtTV\/","article_published_time":"2023-09-29T20:25:02+00:00","article_modified_time":"2023-09-29T20:41:15+00:00","og_image":[{"width":1600,"height":1200,"url":"https:\/\/www.celttv.com.ar\/wp-content\/uploads\/2023\/09\/hurtobici.jpg","type":"image\/jpeg"}],"author":"Miguel Herrada","twitter_card":"summary_large_image","twitter_misc":{"Escrito por":"Miguel Herrada","Tiempo de lectura":"1 minuto"},"schema":{"@context":"https:\/\/schema.org","@graph":[{"@type":"NewsArticle","@id":"https:\/\/www.celttv.com.ar\/index.php\/2023\/09\/29\/policiales-allanamiento-con-resultado-positivo\/#article","isPartOf":{"@id":"https:\/\/www.celttv.com.ar\/index.php\/2023\/09\/29\/policiales-allanamiento-con-resultado-positivo\/"},"author":{"name":"Miguel Herrada","@id":"https:\/\/www.celttv.com.ar\/#\/schema\/person\/9059dc91dc7204ef4182cdb65225f07d"},"headline":"Policiales: Allanamiento en Tornquist con resultado positivo","datePublished":"2023-09-29T20:25:02+00:00","dateModified":"2023-09-29T20:41:15+00:00","mainEntityOfPage":{"@id":"https:\/\/www.celttv.com.ar\/index.php\/2023\/09\/29\/policiales-allanamiento-con-resultado-positivo\/"},"wordCount":172,"publisher":{"@id":"https:\/\/www.celttv.com.ar\/#organization"},"articleSection":["Comunidad","Destacadas","Policiales"],"inLanguage":"es"},{"@type":"WebPage","@id":"https:\/\/www.celttv.com.ar\/index.php\/2023\/09\/29\/policiales-allanamiento-con-resultado-positivo\/","url":"https:\/\/www.celttv.com.ar\/index.php\/2023\/09\/29\/policiales-allanamiento-con-resultado-positivo\/","name":"Policiales: Allanamiento en Tornquist con resultado positivo - CELTTV","isPartOf":{"@id":"https:\/\/www.celttv.com.ar\/#website"},"datePublished":"2023-09-29T20:25:02+00:00","dateModified":"2023-09-29T20:41:15+00:00","description":"Sitio web de noticias de la localidad de Tornquist, provincia de Buenos Aires, Rep\u00fablica Argentina. Contenido propio originado por periodistas de CELTTV, el canal de TV local de la Cooperativa El\u00e9ctrica de Tornquist. Turismo, Pol\u00edtica, Sociedad, Deporte, Cultura y todo el contenido de inter\u00e9s general que la gente del pueblo y la regi\u00f3n debe conocer.","breadcrumb":{"@id":"https:\/\/www.celttv.com.ar\/index.php\/2023\/09\/29\/policiales-allanamiento-con-resultado-positivo\/#breadcrumb"},"inLanguage":"es","potentialAction":[{"@type":"ReadAction","target":["https:\/\/www.celttv.com.ar\/index.php\/2023\/09\/29\/policiales-allanamiento-con-resultado-positivo\/"]}]},{"@type":"BreadcrumbList","@id":"https:\/\/www.celttv.com.ar\/index.php\/2023\/09\/29\/policiales-allanamiento-con-resultado-positivo\/#breadcrumb","itemListElement":[{"@type":"ListItem","position":1,"name":"Inicio","item":"https:\/\/www.celttv.com.ar\/"},{"@type":"ListItem","position":2,"name":"Policiales: Allanamiento en Tornquist con resultado positivo"}]},{"@type":"WebSite","@id":"https:\/\/www.celttv.com.ar\/#website","url":"https:\/\/www.celttv.com.ar\/","name":"CELTTV","description":"Cooperativa El\u00e9ctrica de Tornquist","publisher":{"@id":"https:\/\/www.celttv.com.ar\/#organization"},"potentialAction":[{"@type":"SearchAction","target":{"@type":"EntryPoint","urlTemplate":"https:\/\/www.celttv.com.ar\/?s={search_term_string}"},"query-input":"required name=search_term_string"}],"inLanguage":"es"},{"@type":"Organization","@id":"https:\/\/www.celttv.com.ar\/#organization","name":"CELTTV","url":"https:\/\/www.celttv.com.ar\/","sameAs":["https:\/\/www.youtube.com\/channel\/UCz_oIt8Hig64Ub-EmcNPIhg","https:\/\/www.facebook.com\/celtTV\/"],"logo":{"@type":"ImageObject","inLanguage":"es","@id":"https:\/\/www.celttv.com.ar\/#\/schema\/logo\/image\/","url":"http:\/\/www.celttv.com.ar\/wp-content\/uploads\/2022\/08\/logo-1.png","contentUrl":"http:\/\/www.celttv.com.ar\/wp-content\/uploads\/2022\/08\/logo-1.png","width":461,"height":159,"caption":"CELTTV"},"image":{"@id":"https:\/\/www.celttv.com.ar\/#\/schema\/logo\/image\/"}},{"@type":"Person","@id":"https:\/\/www.celttv.com.ar\/#\/schema\/person\/9059dc91dc7204ef4182cdb65225f07d","name":"Miguel Herrada","image":{"@type":"ImageObject","inLanguage":"es","@id":"https:\/\/www.celttv.com.ar\/#\/schema\/person\/image\/","url":"https:\/\/secure.gravatar.com\/avatar\/67724d5b3c716623ffd76bec7e45841a442ac3b456e914dbba90b0fad2b8e0b1?s=96&d=mm&r=g","contentUrl":"https:\/\/secure.gravatar.com\/avatar\/67724d5b3c716623ffd76bec7e45841a442ac3b456e914dbba90b0fad2b8e0b1?s=96&d=mm&r=g","caption":"Miguel Herrada"}}]}},"_links":{"self":[{"href":"https:\/\/www.celttv.com.ar\/index.php\/wp-json\/wp\/v2\/posts\/79391","targetHints":{"allow":["GET"]}}],"collection":[{"href":"https:\/\/www.celttv.com.ar\/index.php\/wp-json\/wp\/v2\/posts"}],"about":[{"href":"https:\/\/www.celttv.com.ar\/index.php\/wp-json\/wp\/v2\/types\/post"}],"author":[{"embeddable":true,"href":"https:\/\/www.celttv.com.ar\/index.php\/wp-json\/wp\/v2\/users\/5"}],"replies":[{"embeddable":true,"href":"https:\/\/www.celttv.com.ar\/index.php\/wp-json\/wp\/v2\/comments?post=79391"}],"version-history":[{"count":3,"href":"https:\/\/www.celttv.com.ar\/index.php\/wp-json\/wp\/v2\/posts\/79391\/revisions"}],"predecessor-version":[{"id":79396,"href":"https:\/\/www.celttv.com.ar\/index.php\/wp-json\/wp\/v2\/posts\/79391\/revisions\/79396"}],"wp:featuredmedia":[{"embeddable":true,"href":"https:\/\/www.celttv.com.ar\/index.php\/wp-json\/wp\/v2\/media\/79392"}],"wp:attachment":[{"href":"https:\/\/www.celttv.com.ar\/index.php\/wp-json\/wp\/v2\/media?parent=79391"}],"wp:term":[{"taxonomy":"category","embeddable":true,"href":"https:\/\/www.celttv.com.ar\/index.php\/wp-json\/wp\/v2\/categories?post=79391"},{"taxonomy":"post_tag","embeddable":true,"href":"https:\/\/www.celttv.com.ar\/index.php\/wp-json\/wp\/v2\/tags?post=79391"}],"curies":[{"name":"wp","href":"https:\/\/api.w.org\/{rel}","templated":true}]}}