{"id":79505,"date":"2023-10-04T20:42:08","date_gmt":"2023-10-04T23:42:08","guid":{"rendered":"http:\/\/www.celttv.com.ar\/?p=79505"},"modified":"2023-10-04T20:42:08","modified_gmt":"2023-10-04T23:42:08","slug":"abre-tus-alas-la-experiencia-en-la-competencia-de-artes-circenses-de-flavio-mendoza-fue-increible-video","status":"publish","type":"post","link":"https:\/\/www.celttv.com.ar\/index.php\/2023\/10\/04\/abre-tus-alas-la-experiencia-en-la-competencia-de-artes-circenses-de-flavio-mendoza-fue-increible-video\/","title":{"rendered":"Abre Tus Alas: &#8220;La experiencia en la competencia de artes circenses de Flavio Mendoza fue increible&#8221; (Video)"},"content":{"rendered":"<p>Dos medallas obtuvieron integrantes del grupo \u201cAbre Tus Alas\u201d, que participaron el domingo 24 de setiembre, de la final de la competencia de artes circenses de Flavio Mendoza, llevada a cabo en el Auditorio Belgrano, de la ciudad aut\u00f3noma de Buenos Aires.<\/p>\n<p>Fueron cinco las integrantes de \u201cAbre Tus Alas\u201d que disputaron la final con competidoras de diferentes puntos del pa\u00eds, donde Luisina Bay\u00f3n y Alejandra Yunger, obtuvieron el tercer y segundo lugar, respectivamente, en cada categor\u00eda.<\/p>\n<p><iframe loading=\"lazy\" title=\"2023 10 04 MAGAZINE SPORT   ABRE TUS ALAS\" width=\"500\" height=\"281\" src=\"https:\/\/www.youtube.com\/embed\/XCI6P81_b1w?feature=oembed\" frameborder=\"0\" allow=\"accelerometer; autoplay; clipboard-write; encrypted-media; gyroscope; picture-in-picture; web-share\" referrerpolicy=\"strict-origin-when-cross-origin\" allowfullscreen><\/iframe><\/p>\n","protected":false},"excerpt":{"rendered":"<p>Dos medallas obtuvieron integrantes del grupo \u201cAbre Tus Alas\u201d, que participaron el domingo 24 de setiembre, de la final de la competencia de artes circenses de Flavio Mendoza, llevada a cabo en el Auditorio Belgrano, de la ciudad aut\u00f3noma de Buenos Aires. Fueron cinco las integrantes de \u201cAbre Tus Alas\u201d que disputaron la final con [&hellip;]<\/p>\n","protected":false},"author":3,"featured_media":79506,"comment_status":"closed","ping_status":"closed","sticky":false,"template":"","format":"standard","meta":{"footnotes":""},"categories":[63],"tags":[],"class_list":["post-79505","post","type-post","status-publish","format-standard","has-post-thumbnail","hentry","category-magazine-sport"],"yoast_head":"<!-- This site is optimized with the Yoast SEO plugin v19.7.1 - https:\/\/yoast.com\/wordpress\/plugins\/seo\/ -->\n<title>Abre Tus Alas: &quot;La experiencia en la competencia de artes circenses de Flavio Mendoza fue increible&quot; (Video) - CELTTV<\/title>\n<meta name=\"description\" content=\"Sitio web de noticias de la localidad de Tornquist, provincia de Buenos Aires, Rep\u00fablica Argentina. Contenido propio originado por periodistas de CELTTV, el canal de TV local de la Cooperativa El\u00e9ctrica de Tornquist. Turismo, Pol\u00edtica, Sociedad, Deporte, Cultura y todo el contenido de inter\u00e9s general que la gente del pueblo y la regi\u00f3n debe conocer.\" \/>\n<meta name=\"robots\" content=\"index, follow, max-snippet:-1, max-image-preview:large, max-video-preview:-1\" \/>\n<link rel=\"canonical\" href=\"https:\/\/www.celttv.com.ar\/index.php\/2023\/10\/04\/abre-tus-alas-la-experiencia-en-la-competencia-de-artes-circenses-de-flavio-mendoza-fue-increible-video\/\" \/>\n<meta property=\"og:locale\" content=\"es_ES\" \/>\n<meta property=\"og:type\" content=\"article\" \/>\n<meta property=\"og:title\" content=\"Abre Tus Alas: &quot;La experiencia en la competencia de artes circenses de Flavio Mendoza fue increible&quot; (Video) - CELTTV\" \/>\n<meta property=\"og:description\" content=\"Sitio web de noticias de la localidad de Tornquist, provincia de Buenos Aires, Rep\u00fablica Argentina. Contenido propio originado por periodistas de CELTTV, el canal de TV local de la Cooperativa El\u00e9ctrica de Tornquist. Turismo, Pol\u00edtica, Sociedad, Deporte, Cultura y todo el contenido de inter\u00e9s general que la gente del pueblo y la regi\u00f3n debe conocer.\" \/>\n<meta property=\"og:url\" content=\"https:\/\/www.celttv.com.ar\/index.php\/2023\/10\/04\/abre-tus-alas-la-experiencia-en-la-competencia-de-artes-circenses-de-flavio-mendoza-fue-increible-video\/\" \/>\n<meta property=\"og:site_name\" content=\"CELTTV\" \/>\n<meta property=\"article:publisher\" content=\"https:\/\/www.facebook.com\/celtTV\/\" \/>\n<meta property=\"article:published_time\" content=\"2023-10-04T23:42:08+00:00\" \/>\n<meta property=\"og:image\" content=\"https:\/\/www.celttv.com.ar\/wp-content\/uploads\/2023\/10\/8166c343-f585-4126-8beb-926a1678e6ad.jpg\" \/>\n\t<meta property=\"og:image:width\" content=\"1600\" \/>\n\t<meta property=\"og:image:height\" content=\"900\" \/>\n\t<meta property=\"og:image:type\" content=\"image\/jpeg\" \/>\n<meta name=\"author\" content=\"Rodrigo Sgammini\" \/>\n<meta name=\"twitter:card\" content=\"summary_large_image\" \/>\n<meta name=\"twitter:label1\" content=\"Escrito por\" \/>\n\t<meta name=\"twitter:data1\" content=\"Rodrigo Sgammini\" \/>\n<script type=\"application\/ld+json\" class=\"yoast-schema-graph\">{\"@context\":\"https:\/\/schema.org\",\"@graph\":[{\"@type\":\"NewsArticle\",\"@id\":\"https:\/\/www.celttv.com.ar\/index.php\/2023\/10\/04\/abre-tus-alas-la-experiencia-en-la-competencia-de-artes-circenses-de-flavio-mendoza-fue-increible-video\/#article\",\"isPartOf\":{\"@id\":\"https:\/\/www.celttv.com.ar\/index.php\/2023\/10\/04\/abre-tus-alas-la-experiencia-en-la-competencia-de-artes-circenses-de-flavio-mendoza-fue-increible-video\/\"},\"author\":{\"name\":\"Rodrigo Sgammini\",\"@id\":\"https:\/\/www.celttv.com.ar\/#\/schema\/person\/495be51d064edd971d8457f8f64eb172\"},\"headline\":\"Abre Tus Alas: &#8220;La experiencia en la competencia de artes circenses de Flavio Mendoza fue increible&#8221; (Video)\",\"datePublished\":\"2023-10-04T23:42:08+00:00\",\"dateModified\":\"2023-10-04T23:42:08+00:00\",\"mainEntityOfPage\":{\"@id\":\"https:\/\/www.celttv.com.ar\/index.php\/2023\/10\/04\/abre-tus-alas-la-experiencia-en-la-competencia-de-artes-circenses-de-flavio-mendoza-fue-increible-video\/\"},\"wordCount\":110,\"publisher\":{\"@id\":\"https:\/\/www.celttv.com.ar\/#organization\"},\"articleSection\":[\"Magazine Sport\"],\"inLanguage\":\"es\"},{\"@type\":\"WebPage\",\"@id\":\"https:\/\/www.celttv.com.ar\/index.php\/2023\/10\/04\/abre-tus-alas-la-experiencia-en-la-competencia-de-artes-circenses-de-flavio-mendoza-fue-increible-video\/\",\"url\":\"https:\/\/www.celttv.com.ar\/index.php\/2023\/10\/04\/abre-tus-alas-la-experiencia-en-la-competencia-de-artes-circenses-de-flavio-mendoza-fue-increible-video\/\",\"name\":\"Abre Tus Alas: \\\"La experiencia en la competencia de artes circenses de Flavio Mendoza fue increible\\\" (Video) - CELTTV\",\"isPartOf\":{\"@id\":\"https:\/\/www.celttv.com.ar\/#website\"},\"datePublished\":\"2023-10-04T23:42:08+00:00\",\"dateModified\":\"2023-10-04T23:42:08+00:00\",\"description\":\"Sitio web de noticias de la localidad de Tornquist, provincia de Buenos Aires, Rep\u00fablica Argentina. Contenido propio originado por periodistas de CELTTV, el canal de TV local de la Cooperativa El\u00e9ctrica de Tornquist. Turismo, Pol\u00edtica, Sociedad, Deporte, Cultura y todo el contenido de inter\u00e9s general que la gente del pueblo y la regi\u00f3n debe conocer.\",\"breadcrumb\":{\"@id\":\"https:\/\/www.celttv.com.ar\/index.php\/2023\/10\/04\/abre-tus-alas-la-experiencia-en-la-competencia-de-artes-circenses-de-flavio-mendoza-fue-increible-video\/#breadcrumb\"},\"inLanguage\":\"es\",\"potentialAction\":[{\"@type\":\"ReadAction\",\"target\":[\"https:\/\/www.celttv.com.ar\/index.php\/2023\/10\/04\/abre-tus-alas-la-experiencia-en-la-competencia-de-artes-circenses-de-flavio-mendoza-fue-increible-video\/\"]}]},{\"@type\":\"BreadcrumbList\",\"@id\":\"https:\/\/www.celttv.com.ar\/index.php\/2023\/10\/04\/abre-tus-alas-la-experiencia-en-la-competencia-de-artes-circenses-de-flavio-mendoza-fue-increible-video\/#breadcrumb\",\"itemListElement\":[{\"@type\":\"ListItem\",\"position\":1,\"name\":\"Inicio\",\"item\":\"https:\/\/www.celttv.com.ar\/\"},{\"@type\":\"ListItem\",\"position\":2,\"name\":\"Abre Tus Alas: &#8220;La experiencia en la competencia de artes circenses de Flavio Mendoza fue increible&#8221; (Video)\"}]},{\"@type\":\"WebSite\",\"@id\":\"https:\/\/www.celttv.com.ar\/#website\",\"url\":\"https:\/\/www.celttv.com.ar\/\",\"name\":\"CELTTV\",\"description\":\"Cooperativa El\u00e9ctrica de Tornquist\",\"publisher\":{\"@id\":\"https:\/\/www.celttv.com.ar\/#organization\"},\"potentialAction\":[{\"@type\":\"SearchAction\",\"target\":{\"@type\":\"EntryPoint\",\"urlTemplate\":\"https:\/\/www.celttv.com.ar\/?s={search_term_string}\"},\"query-input\":\"required name=search_term_string\"}],\"inLanguage\":\"es\"},{\"@type\":\"Organization\",\"@id\":\"https:\/\/www.celttv.com.ar\/#organization\",\"name\":\"CELTTV\",\"url\":\"https:\/\/www.celttv.com.ar\/\",\"sameAs\":[\"https:\/\/www.youtube.com\/channel\/UCz_oIt8Hig64Ub-EmcNPIhg\",\"https:\/\/www.facebook.com\/celtTV\/\"],\"logo\":{\"@type\":\"ImageObject\",\"inLanguage\":\"es\",\"@id\":\"https:\/\/www.celttv.com.ar\/#\/schema\/logo\/image\/\",\"url\":\"http:\/\/www.celttv.com.ar\/wp-content\/uploads\/2022\/08\/logo-1.png\",\"contentUrl\":\"http:\/\/www.celttv.com.ar\/wp-content\/uploads\/2022\/08\/logo-1.png\",\"width\":461,\"height\":159,\"caption\":\"CELTTV\"},\"image\":{\"@id\":\"https:\/\/www.celttv.com.ar\/#\/schema\/logo\/image\/\"}},{\"@type\":\"Person\",\"@id\":\"https:\/\/www.celttv.com.ar\/#\/schema\/person\/495be51d064edd971d8457f8f64eb172\",\"name\":\"Rodrigo Sgammini\",\"image\":{\"@type\":\"ImageObject\",\"inLanguage\":\"es\",\"@id\":\"https:\/\/www.celttv.com.ar\/#\/schema\/person\/image\/\",\"url\":\"https:\/\/secure.gravatar.com\/avatar\/68f7848d42735e7a9276b47cd6e606327d88f521c51ae39d88888b76902e2987?s=96&d=mm&r=g\",\"contentUrl\":\"https:\/\/secure.gravatar.com\/avatar\/68f7848d42735e7a9276b47cd6e606327d88f521c51ae39d88888b76902e2987?s=96&d=mm&r=g\",\"caption\":\"Rodrigo Sgammini\"}}]}<\/script>\n<!-- \/ Yoast SEO plugin. -->","yoast_head_json":{"title":"Abre Tus Alas: \"La experiencia en la competencia de artes circenses de Flavio Mendoza fue increible\" (Video) - CELTTV","description":"Sitio web de noticias de la localidad de Tornquist, provincia de Buenos Aires, Rep\u00fablica Argentina. Contenido propio originado por periodistas de CELTTV, el canal de TV local de la Cooperativa El\u00e9ctrica de Tornquist. Turismo, Pol\u00edtica, Sociedad, Deporte, Cultura y todo el contenido de inter\u00e9s general que la gente del pueblo y la regi\u00f3n debe conocer.","robots":{"index":"index","follow":"follow","max-snippet":"max-snippet:-1","max-image-preview":"max-image-preview:large","max-video-preview":"max-video-preview:-1"},"canonical":"https:\/\/www.celttv.com.ar\/index.php\/2023\/10\/04\/abre-tus-alas-la-experiencia-en-la-competencia-de-artes-circenses-de-flavio-mendoza-fue-increible-video\/","og_locale":"es_ES","og_type":"article","og_title":"Abre Tus Alas: \"La experiencia en la competencia de artes circenses de Flavio Mendoza fue increible\" (Video) - CELTTV","og_description":"Sitio web de noticias de la localidad de Tornquist, provincia de Buenos Aires, Rep\u00fablica Argentina. Contenido propio originado por periodistas de CELTTV, el canal de TV local de la Cooperativa El\u00e9ctrica de Tornquist. Turismo, Pol\u00edtica, Sociedad, Deporte, Cultura y todo el contenido de inter\u00e9s general que la gente del pueblo y la regi\u00f3n debe conocer.","og_url":"https:\/\/www.celttv.com.ar\/index.php\/2023\/10\/04\/abre-tus-alas-la-experiencia-en-la-competencia-de-artes-circenses-de-flavio-mendoza-fue-increible-video\/","og_site_name":"CELTTV","article_publisher":"https:\/\/www.facebook.com\/celtTV\/","article_published_time":"2023-10-04T23:42:08+00:00","og_image":[{"width":1600,"height":900,"url":"https:\/\/www.celttv.com.ar\/wp-content\/uploads\/2023\/10\/8166c343-f585-4126-8beb-926a1678e6ad.jpg","type":"image\/jpeg"}],"author":"Rodrigo Sgammini","twitter_card":"summary_large_image","twitter_misc":{"Escrito por":"Rodrigo Sgammini"},"schema":{"@context":"https:\/\/schema.org","@graph":[{"@type":"NewsArticle","@id":"https:\/\/www.celttv.com.ar\/index.php\/2023\/10\/04\/abre-tus-alas-la-experiencia-en-la-competencia-de-artes-circenses-de-flavio-mendoza-fue-increible-video\/#article","isPartOf":{"@id":"https:\/\/www.celttv.com.ar\/index.php\/2023\/10\/04\/abre-tus-alas-la-experiencia-en-la-competencia-de-artes-circenses-de-flavio-mendoza-fue-increible-video\/"},"author":{"name":"Rodrigo Sgammini","@id":"https:\/\/www.celttv.com.ar\/#\/schema\/person\/495be51d064edd971d8457f8f64eb172"},"headline":"Abre Tus Alas: &#8220;La experiencia en la competencia de artes circenses de Flavio Mendoza fue increible&#8221; (Video)","datePublished":"2023-10-04T23:42:08+00:00","dateModified":"2023-10-04T23:42:08+00:00","mainEntityOfPage":{"@id":"https:\/\/www.celttv.com.ar\/index.php\/2023\/10\/04\/abre-tus-alas-la-experiencia-en-la-competencia-de-artes-circenses-de-flavio-mendoza-fue-increible-video\/"},"wordCount":110,"publisher":{"@id":"https:\/\/www.celttv.com.ar\/#organization"},"articleSection":["Magazine Sport"],"inLanguage":"es"},{"@type":"WebPage","@id":"https:\/\/www.celttv.com.ar\/index.php\/2023\/10\/04\/abre-tus-alas-la-experiencia-en-la-competencia-de-artes-circenses-de-flavio-mendoza-fue-increible-video\/","url":"https:\/\/www.celttv.com.ar\/index.php\/2023\/10\/04\/abre-tus-alas-la-experiencia-en-la-competencia-de-artes-circenses-de-flavio-mendoza-fue-increible-video\/","name":"Abre Tus Alas: \"La experiencia en la competencia de artes circenses de Flavio Mendoza fue increible\" (Video) - CELTTV","isPartOf":{"@id":"https:\/\/www.celttv.com.ar\/#website"},"datePublished":"2023-10-04T23:42:08+00:00","dateModified":"2023-10-04T23:42:08+00:00","description":"Sitio web de noticias de la localidad de Tornquist, provincia de Buenos Aires, Rep\u00fablica Argentina. Contenido propio originado por periodistas de CELTTV, el canal de TV local de la Cooperativa El\u00e9ctrica de Tornquist. Turismo, Pol\u00edtica, Sociedad, Deporte, Cultura y todo el contenido de inter\u00e9s general que la gente del pueblo y la regi\u00f3n debe conocer.","breadcrumb":{"@id":"https:\/\/www.celttv.com.ar\/index.php\/2023\/10\/04\/abre-tus-alas-la-experiencia-en-la-competencia-de-artes-circenses-de-flavio-mendoza-fue-increible-video\/#breadcrumb"},"inLanguage":"es","potentialAction":[{"@type":"ReadAction","target":["https:\/\/www.celttv.com.ar\/index.php\/2023\/10\/04\/abre-tus-alas-la-experiencia-en-la-competencia-de-artes-circenses-de-flavio-mendoza-fue-increible-video\/"]}]},{"@type":"BreadcrumbList","@id":"https:\/\/www.celttv.com.ar\/index.php\/2023\/10\/04\/abre-tus-alas-la-experiencia-en-la-competencia-de-artes-circenses-de-flavio-mendoza-fue-increible-video\/#breadcrumb","itemListElement":[{"@type":"ListItem","position":1,"name":"Inicio","item":"https:\/\/www.celttv.com.ar\/"},{"@type":"ListItem","position":2,"name":"Abre Tus Alas: &#8220;La experiencia en la competencia de artes circenses de Flavio Mendoza fue increible&#8221; (Video)"}]},{"@type":"WebSite","@id":"https:\/\/www.celttv.com.ar\/#website","url":"https:\/\/www.celttv.com.ar\/","name":"CELTTV","description":"Cooperativa El\u00e9ctrica de Tornquist","publisher":{"@id":"https:\/\/www.celttv.com.ar\/#organization"},"potentialAction":[{"@type":"SearchAction","target":{"@type":"EntryPoint","urlTemplate":"https:\/\/www.celttv.com.ar\/?s={search_term_string}"},"query-input":"required name=search_term_string"}],"inLanguage":"es"},{"@type":"Organization","@id":"https:\/\/www.celttv.com.ar\/#organization","name":"CELTTV","url":"https:\/\/www.celttv.com.ar\/","sameAs":["https:\/\/www.youtube.com\/channel\/UCz_oIt8Hig64Ub-EmcNPIhg","https:\/\/www.facebook.com\/celtTV\/"],"logo":{"@type":"ImageObject","inLanguage":"es","@id":"https:\/\/www.celttv.com.ar\/#\/schema\/logo\/image\/","url":"http:\/\/www.celttv.com.ar\/wp-content\/uploads\/2022\/08\/logo-1.png","contentUrl":"http:\/\/www.celttv.com.ar\/wp-content\/uploads\/2022\/08\/logo-1.png","width":461,"height":159,"caption":"CELTTV"},"image":{"@id":"https:\/\/www.celttv.com.ar\/#\/schema\/logo\/image\/"}},{"@type":"Person","@id":"https:\/\/www.celttv.com.ar\/#\/schema\/person\/495be51d064edd971d8457f8f64eb172","name":"Rodrigo Sgammini","image":{"@type":"ImageObject","inLanguage":"es","@id":"https:\/\/www.celttv.com.ar\/#\/schema\/person\/image\/","url":"https:\/\/secure.gravatar.com\/avatar\/68f7848d42735e7a9276b47cd6e606327d88f521c51ae39d88888b76902e2987?s=96&d=mm&r=g","contentUrl":"https:\/\/secure.gravatar.com\/avatar\/68f7848d42735e7a9276b47cd6e606327d88f521c51ae39d88888b76902e2987?s=96&d=mm&r=g","caption":"Rodrigo Sgammini"}}]}},"_links":{"self":[{"href":"https:\/\/www.celttv.com.ar\/index.php\/wp-json\/wp\/v2\/posts\/79505","targetHints":{"allow":["GET"]}}],"collection":[{"href":"https:\/\/www.celttv.com.ar\/index.php\/wp-json\/wp\/v2\/posts"}],"about":[{"href":"https:\/\/www.celttv.com.ar\/index.php\/wp-json\/wp\/v2\/types\/post"}],"author":[{"embeddable":true,"href":"https:\/\/www.celttv.com.ar\/index.php\/wp-json\/wp\/v2\/users\/3"}],"replies":[{"embeddable":true,"href":"https:\/\/www.celttv.com.ar\/index.php\/wp-json\/wp\/v2\/comments?post=79505"}],"version-history":[{"count":1,"href":"https:\/\/www.celttv.com.ar\/index.php\/wp-json\/wp\/v2\/posts\/79505\/revisions"}],"predecessor-version":[{"id":79507,"href":"https:\/\/www.celttv.com.ar\/index.php\/wp-json\/wp\/v2\/posts\/79505\/revisions\/79507"}],"wp:featuredmedia":[{"embeddable":true,"href":"https:\/\/www.celttv.com.ar\/index.php\/wp-json\/wp\/v2\/media\/79506"}],"wp:attachment":[{"href":"https:\/\/www.celttv.com.ar\/index.php\/wp-json\/wp\/v2\/media?parent=79505"}],"wp:term":[{"taxonomy":"category","embeddable":true,"href":"https:\/\/www.celttv.com.ar\/index.php\/wp-json\/wp\/v2\/categories?post=79505"},{"taxonomy":"post_tag","embeddable":true,"href":"https:\/\/www.celttv.com.ar\/index.php\/wp-json\/wp\/v2\/tags?post=79505"}],"curies":[{"name":"wp","href":"https:\/\/api.w.org\/{rel}","templated":true}]}}