{"id":79508,"date":"2023-10-04T20:52:40","date_gmt":"2023-10-04T23:52:40","guid":{"rendered":"http:\/\/www.celttv.com.ar\/?p=79508"},"modified":"2023-10-04T20:52:40","modified_gmt":"2023-10-04T23:52:40","slug":"tc-del-sudoeste-el-podio-en-viedma-nos-impulsa-a-seguir-trabajando-y-mejorando-dentro-de-la-categoria-videos","status":"publish","type":"post","link":"https:\/\/www.celttv.com.ar\/index.php\/2023\/10\/04\/tc-del-sudoeste-el-podio-en-viedma-nos-impulsa-a-seguir-trabajando-y-mejorando-dentro-de-la-categoria-videos\/","title":{"rendered":"TC del Sudoeste: &#8220;El podio en Viedma nos impulsa a seguir trabajando y mejorando dentro de la categor\u00eda&#8221; (Videos)"},"content":{"rendered":"<p>Los pilotos tornquistenses <em><strong>Neri Gisler y Manuel Picado<\/strong><\/em>, lograron el 2\u00b0 y 3\u00b0 puesto, respectivamente, de la 7\u00b0 fecha del <em><strong>TC del Sudoeste<\/strong><\/em> que se desarrollo d\u00edas pasados en la ciudad de Viedma.<\/p>\n<p>Tras el buen desempe\u00f1o de los pilotos en dicha competencia, <em><strong>Manuel y Neri<\/strong> <\/em>estuvieron en el programa <em><strong>MAGAZINE SPORT<\/strong><\/em>, contaron el buen momento que est\u00e1n atravesando en la categor\u00eda y el esfuerzo que demanda, fecha tras fecha, estar presentes y participar de la misma.<\/p>\n<p><iframe loading=\"lazy\" title=\"2023 10 04 MAGAZINE SPORT   MANUEL PICADO Y NERI GISLER 1\" width=\"500\" height=\"281\" src=\"https:\/\/www.youtube.com\/embed\/WurGGexRI2Y?feature=oembed\" frameborder=\"0\" allow=\"accelerometer; autoplay; clipboard-write; encrypted-media; gyroscope; picture-in-picture; web-share\" referrerpolicy=\"strict-origin-when-cross-origin\" allowfullscreen><\/iframe><\/p>\n<p><iframe loading=\"lazy\" title=\"2023 10 04 MAGAZINE SPORT   MANUEL PICADO Y NERI GISLER 2\" width=\"500\" height=\"281\" src=\"https:\/\/www.youtube.com\/embed\/8ltJfWXlB7Q?feature=oembed\" frameborder=\"0\" allow=\"accelerometer; autoplay; clipboard-write; encrypted-media; gyroscope; picture-in-picture; web-share\" referrerpolicy=\"strict-origin-when-cross-origin\" allowfullscreen><\/iframe><\/p>\n","protected":false},"excerpt":{"rendered":"<p>Los pilotos tornquistenses Neri Gisler y Manuel Picado, lograron el 2\u00b0 y 3\u00b0 puesto, respectivamente, de la 7\u00b0 fecha del TC del Sudoeste que se desarrollo d\u00edas pasados en la ciudad de Viedma. Tras el buen desempe\u00f1o de los pilotos en dicha competencia, Manuel y Neri estuvieron en el programa MAGAZINE SPORT, contaron el buen [&hellip;]<\/p>\n","protected":false},"author":3,"featured_media":79509,"comment_status":"closed","ping_status":"closed","sticky":false,"template":"","format":"standard","meta":{"footnotes":""},"categories":[63],"tags":[],"class_list":["post-79508","post","type-post","status-publish","format-standard","has-post-thumbnail","hentry","category-magazine-sport"],"yoast_head":"<!-- This site is optimized with the Yoast SEO plugin v19.7.1 - https:\/\/yoast.com\/wordpress\/plugins\/seo\/ -->\n<title>TC del Sudoeste: &quot;El podio en Viedma nos impulsa a seguir trabajando y mejorando dentro de la categor\u00eda&quot; (Videos) - CELTTV<\/title>\n<meta name=\"description\" content=\"Sitio web de noticias de la localidad de Tornquist, provincia de Buenos Aires, Rep\u00fablica Argentina. Contenido propio originado por periodistas de CELTTV, el canal de TV local de la Cooperativa El\u00e9ctrica de Tornquist. Turismo, Pol\u00edtica, Sociedad, Deporte, Cultura y todo el contenido de inter\u00e9s general que la gente del pueblo y la regi\u00f3n debe conocer.\" \/>\n<meta name=\"robots\" content=\"index, follow, max-snippet:-1, max-image-preview:large, max-video-preview:-1\" \/>\n<link rel=\"canonical\" href=\"https:\/\/www.celttv.com.ar\/index.php\/2023\/10\/04\/tc-del-sudoeste-el-podio-en-viedma-nos-impulsa-a-seguir-trabajando-y-mejorando-dentro-de-la-categoria-videos\/\" \/>\n<meta property=\"og:locale\" content=\"es_ES\" \/>\n<meta property=\"og:type\" content=\"article\" \/>\n<meta property=\"og:title\" content=\"TC del Sudoeste: &quot;El podio en Viedma nos impulsa a seguir trabajando y mejorando dentro de la categor\u00eda&quot; (Videos) - CELTTV\" \/>\n<meta property=\"og:description\" content=\"Sitio web de noticias de la localidad de Tornquist, provincia de Buenos Aires, Rep\u00fablica Argentina. Contenido propio originado por periodistas de CELTTV, el canal de TV local de la Cooperativa El\u00e9ctrica de Tornquist. Turismo, Pol\u00edtica, Sociedad, Deporte, Cultura y todo el contenido de inter\u00e9s general que la gente del pueblo y la regi\u00f3n debe conocer.\" \/>\n<meta property=\"og:url\" content=\"https:\/\/www.celttv.com.ar\/index.php\/2023\/10\/04\/tc-del-sudoeste-el-podio-en-viedma-nos-impulsa-a-seguir-trabajando-y-mejorando-dentro-de-la-categoria-videos\/\" \/>\n<meta property=\"og:site_name\" content=\"CELTTV\" \/>\n<meta property=\"article:publisher\" content=\"https:\/\/www.facebook.com\/celtTV\/\" \/>\n<meta property=\"article:published_time\" content=\"2023-10-04T23:52:40+00:00\" \/>\n<meta property=\"og:image\" content=\"https:\/\/www.celttv.com.ar\/wp-content\/uploads\/2023\/10\/1519d6e6-f4ba-45ae-b6f1-966c62774906.jpg\" \/>\n\t<meta property=\"og:image:width\" content=\"1600\" \/>\n\t<meta property=\"og:image:height\" content=\"900\" \/>\n\t<meta property=\"og:image:type\" content=\"image\/jpeg\" \/>\n<meta name=\"author\" content=\"Rodrigo Sgammini\" \/>\n<meta name=\"twitter:card\" content=\"summary_large_image\" \/>\n<meta name=\"twitter:label1\" content=\"Escrito por\" \/>\n\t<meta name=\"twitter:data1\" content=\"Rodrigo Sgammini\" \/>\n<script type=\"application\/ld+json\" class=\"yoast-schema-graph\">{\"@context\":\"https:\/\/schema.org\",\"@graph\":[{\"@type\":\"NewsArticle\",\"@id\":\"https:\/\/www.celttv.com.ar\/index.php\/2023\/10\/04\/tc-del-sudoeste-el-podio-en-viedma-nos-impulsa-a-seguir-trabajando-y-mejorando-dentro-de-la-categoria-videos\/#article\",\"isPartOf\":{\"@id\":\"https:\/\/www.celttv.com.ar\/index.php\/2023\/10\/04\/tc-del-sudoeste-el-podio-en-viedma-nos-impulsa-a-seguir-trabajando-y-mejorando-dentro-de-la-categoria-videos\/\"},\"author\":{\"name\":\"Rodrigo Sgammini\",\"@id\":\"https:\/\/www.celttv.com.ar\/#\/schema\/person\/495be51d064edd971d8457f8f64eb172\"},\"headline\":\"TC del Sudoeste: &#8220;El podio en Viedma nos impulsa a seguir trabajando y mejorando dentro de la categor\u00eda&#8221; (Videos)\",\"datePublished\":\"2023-10-04T23:52:40+00:00\",\"dateModified\":\"2023-10-04T23:52:40+00:00\",\"mainEntityOfPage\":{\"@id\":\"https:\/\/www.celttv.com.ar\/index.php\/2023\/10\/04\/tc-del-sudoeste-el-podio-en-viedma-nos-impulsa-a-seguir-trabajando-y-mejorando-dentro-de-la-categoria-videos\/\"},\"wordCount\":116,\"publisher\":{\"@id\":\"https:\/\/www.celttv.com.ar\/#organization\"},\"articleSection\":[\"Magazine Sport\"],\"inLanguage\":\"es\"},{\"@type\":\"WebPage\",\"@id\":\"https:\/\/www.celttv.com.ar\/index.php\/2023\/10\/04\/tc-del-sudoeste-el-podio-en-viedma-nos-impulsa-a-seguir-trabajando-y-mejorando-dentro-de-la-categoria-videos\/\",\"url\":\"https:\/\/www.celttv.com.ar\/index.php\/2023\/10\/04\/tc-del-sudoeste-el-podio-en-viedma-nos-impulsa-a-seguir-trabajando-y-mejorando-dentro-de-la-categoria-videos\/\",\"name\":\"TC del Sudoeste: \\\"El podio en Viedma nos impulsa a seguir trabajando y mejorando dentro de la categor\u00eda\\\" (Videos) - CELTTV\",\"isPartOf\":{\"@id\":\"https:\/\/www.celttv.com.ar\/#website\"},\"datePublished\":\"2023-10-04T23:52:40+00:00\",\"dateModified\":\"2023-10-04T23:52:40+00:00\",\"description\":\"Sitio web de noticias de la localidad de Tornquist, provincia de Buenos Aires, Rep\u00fablica Argentina. Contenido propio originado por periodistas de CELTTV, el canal de TV local de la Cooperativa El\u00e9ctrica de Tornquist. Turismo, Pol\u00edtica, Sociedad, Deporte, Cultura y todo el contenido de inter\u00e9s general que la gente del pueblo y la regi\u00f3n debe conocer.\",\"breadcrumb\":{\"@id\":\"https:\/\/www.celttv.com.ar\/index.php\/2023\/10\/04\/tc-del-sudoeste-el-podio-en-viedma-nos-impulsa-a-seguir-trabajando-y-mejorando-dentro-de-la-categoria-videos\/#breadcrumb\"},\"inLanguage\":\"es\",\"potentialAction\":[{\"@type\":\"ReadAction\",\"target\":[\"https:\/\/www.celttv.com.ar\/index.php\/2023\/10\/04\/tc-del-sudoeste-el-podio-en-viedma-nos-impulsa-a-seguir-trabajando-y-mejorando-dentro-de-la-categoria-videos\/\"]}]},{\"@type\":\"BreadcrumbList\",\"@id\":\"https:\/\/www.celttv.com.ar\/index.php\/2023\/10\/04\/tc-del-sudoeste-el-podio-en-viedma-nos-impulsa-a-seguir-trabajando-y-mejorando-dentro-de-la-categoria-videos\/#breadcrumb\",\"itemListElement\":[{\"@type\":\"ListItem\",\"position\":1,\"name\":\"Inicio\",\"item\":\"https:\/\/www.celttv.com.ar\/\"},{\"@type\":\"ListItem\",\"position\":2,\"name\":\"TC del Sudoeste: &#8220;El podio en Viedma nos impulsa a seguir trabajando y mejorando dentro de la categor\u00eda&#8221; (Videos)\"}]},{\"@type\":\"WebSite\",\"@id\":\"https:\/\/www.celttv.com.ar\/#website\",\"url\":\"https:\/\/www.celttv.com.ar\/\",\"name\":\"CELTTV\",\"description\":\"Cooperativa El\u00e9ctrica de Tornquist\",\"publisher\":{\"@id\":\"https:\/\/www.celttv.com.ar\/#organization\"},\"potentialAction\":[{\"@type\":\"SearchAction\",\"target\":{\"@type\":\"EntryPoint\",\"urlTemplate\":\"https:\/\/www.celttv.com.ar\/?s={search_term_string}\"},\"query-input\":\"required name=search_term_string\"}],\"inLanguage\":\"es\"},{\"@type\":\"Organization\",\"@id\":\"https:\/\/www.celttv.com.ar\/#organization\",\"name\":\"CELTTV\",\"url\":\"https:\/\/www.celttv.com.ar\/\",\"sameAs\":[\"https:\/\/www.youtube.com\/channel\/UCz_oIt8Hig64Ub-EmcNPIhg\",\"https:\/\/www.facebook.com\/celtTV\/\"],\"logo\":{\"@type\":\"ImageObject\",\"inLanguage\":\"es\",\"@id\":\"https:\/\/www.celttv.com.ar\/#\/schema\/logo\/image\/\",\"url\":\"http:\/\/www.celttv.com.ar\/wp-content\/uploads\/2022\/08\/logo-1.png\",\"contentUrl\":\"http:\/\/www.celttv.com.ar\/wp-content\/uploads\/2022\/08\/logo-1.png\",\"width\":461,\"height\":159,\"caption\":\"CELTTV\"},\"image\":{\"@id\":\"https:\/\/www.celttv.com.ar\/#\/schema\/logo\/image\/\"}},{\"@type\":\"Person\",\"@id\":\"https:\/\/www.celttv.com.ar\/#\/schema\/person\/495be51d064edd971d8457f8f64eb172\",\"name\":\"Rodrigo Sgammini\",\"image\":{\"@type\":\"ImageObject\",\"inLanguage\":\"es\",\"@id\":\"https:\/\/www.celttv.com.ar\/#\/schema\/person\/image\/\",\"url\":\"https:\/\/secure.gravatar.com\/avatar\/68f7848d42735e7a9276b47cd6e606327d88f521c51ae39d88888b76902e2987?s=96&d=mm&r=g\",\"contentUrl\":\"https:\/\/secure.gravatar.com\/avatar\/68f7848d42735e7a9276b47cd6e606327d88f521c51ae39d88888b76902e2987?s=96&d=mm&r=g\",\"caption\":\"Rodrigo Sgammini\"}}]}<\/script>\n<!-- \/ Yoast SEO plugin. -->","yoast_head_json":{"title":"TC del Sudoeste: \"El podio en Viedma nos impulsa a seguir trabajando y mejorando dentro de la categor\u00eda\" (Videos) - CELTTV","description":"Sitio web de noticias de la localidad de Tornquist, provincia de Buenos Aires, Rep\u00fablica Argentina. Contenido propio originado por periodistas de CELTTV, el canal de TV local de la Cooperativa El\u00e9ctrica de Tornquist. Turismo, Pol\u00edtica, Sociedad, Deporte, Cultura y todo el contenido de inter\u00e9s general que la gente del pueblo y la regi\u00f3n debe conocer.","robots":{"index":"index","follow":"follow","max-snippet":"max-snippet:-1","max-image-preview":"max-image-preview:large","max-video-preview":"max-video-preview:-1"},"canonical":"https:\/\/www.celttv.com.ar\/index.php\/2023\/10\/04\/tc-del-sudoeste-el-podio-en-viedma-nos-impulsa-a-seguir-trabajando-y-mejorando-dentro-de-la-categoria-videos\/","og_locale":"es_ES","og_type":"article","og_title":"TC del Sudoeste: \"El podio en Viedma nos impulsa a seguir trabajando y mejorando dentro de la categor\u00eda\" (Videos) - CELTTV","og_description":"Sitio web de noticias de la localidad de Tornquist, provincia de Buenos Aires, Rep\u00fablica Argentina. Contenido propio originado por periodistas de CELTTV, el canal de TV local de la Cooperativa El\u00e9ctrica de Tornquist. Turismo, Pol\u00edtica, Sociedad, Deporte, Cultura y todo el contenido de inter\u00e9s general que la gente del pueblo y la regi\u00f3n debe conocer.","og_url":"https:\/\/www.celttv.com.ar\/index.php\/2023\/10\/04\/tc-del-sudoeste-el-podio-en-viedma-nos-impulsa-a-seguir-trabajando-y-mejorando-dentro-de-la-categoria-videos\/","og_site_name":"CELTTV","article_publisher":"https:\/\/www.facebook.com\/celtTV\/","article_published_time":"2023-10-04T23:52:40+00:00","og_image":[{"width":1600,"height":900,"url":"https:\/\/www.celttv.com.ar\/wp-content\/uploads\/2023\/10\/1519d6e6-f4ba-45ae-b6f1-966c62774906.jpg","type":"image\/jpeg"}],"author":"Rodrigo Sgammini","twitter_card":"summary_large_image","twitter_misc":{"Escrito por":"Rodrigo Sgammini"},"schema":{"@context":"https:\/\/schema.org","@graph":[{"@type":"NewsArticle","@id":"https:\/\/www.celttv.com.ar\/index.php\/2023\/10\/04\/tc-del-sudoeste-el-podio-en-viedma-nos-impulsa-a-seguir-trabajando-y-mejorando-dentro-de-la-categoria-videos\/#article","isPartOf":{"@id":"https:\/\/www.celttv.com.ar\/index.php\/2023\/10\/04\/tc-del-sudoeste-el-podio-en-viedma-nos-impulsa-a-seguir-trabajando-y-mejorando-dentro-de-la-categoria-videos\/"},"author":{"name":"Rodrigo Sgammini","@id":"https:\/\/www.celttv.com.ar\/#\/schema\/person\/495be51d064edd971d8457f8f64eb172"},"headline":"TC del Sudoeste: &#8220;El podio en Viedma nos impulsa a seguir trabajando y mejorando dentro de la categor\u00eda&#8221; (Videos)","datePublished":"2023-10-04T23:52:40+00:00","dateModified":"2023-10-04T23:52:40+00:00","mainEntityOfPage":{"@id":"https:\/\/www.celttv.com.ar\/index.php\/2023\/10\/04\/tc-del-sudoeste-el-podio-en-viedma-nos-impulsa-a-seguir-trabajando-y-mejorando-dentro-de-la-categoria-videos\/"},"wordCount":116,"publisher":{"@id":"https:\/\/www.celttv.com.ar\/#organization"},"articleSection":["Magazine Sport"],"inLanguage":"es"},{"@type":"WebPage","@id":"https:\/\/www.celttv.com.ar\/index.php\/2023\/10\/04\/tc-del-sudoeste-el-podio-en-viedma-nos-impulsa-a-seguir-trabajando-y-mejorando-dentro-de-la-categoria-videos\/","url":"https:\/\/www.celttv.com.ar\/index.php\/2023\/10\/04\/tc-del-sudoeste-el-podio-en-viedma-nos-impulsa-a-seguir-trabajando-y-mejorando-dentro-de-la-categoria-videos\/","name":"TC del Sudoeste: \"El podio en Viedma nos impulsa a seguir trabajando y mejorando dentro de la categor\u00eda\" (Videos) - CELTTV","isPartOf":{"@id":"https:\/\/www.celttv.com.ar\/#website"},"datePublished":"2023-10-04T23:52:40+00:00","dateModified":"2023-10-04T23:52:40+00:00","description":"Sitio web de noticias de la localidad de Tornquist, provincia de Buenos Aires, Rep\u00fablica Argentina. Contenido propio originado por periodistas de CELTTV, el canal de TV local de la Cooperativa El\u00e9ctrica de Tornquist. Turismo, Pol\u00edtica, Sociedad, Deporte, Cultura y todo el contenido de inter\u00e9s general que la gente del pueblo y la regi\u00f3n debe conocer.","breadcrumb":{"@id":"https:\/\/www.celttv.com.ar\/index.php\/2023\/10\/04\/tc-del-sudoeste-el-podio-en-viedma-nos-impulsa-a-seguir-trabajando-y-mejorando-dentro-de-la-categoria-videos\/#breadcrumb"},"inLanguage":"es","potentialAction":[{"@type":"ReadAction","target":["https:\/\/www.celttv.com.ar\/index.php\/2023\/10\/04\/tc-del-sudoeste-el-podio-en-viedma-nos-impulsa-a-seguir-trabajando-y-mejorando-dentro-de-la-categoria-videos\/"]}]},{"@type":"BreadcrumbList","@id":"https:\/\/www.celttv.com.ar\/index.php\/2023\/10\/04\/tc-del-sudoeste-el-podio-en-viedma-nos-impulsa-a-seguir-trabajando-y-mejorando-dentro-de-la-categoria-videos\/#breadcrumb","itemListElement":[{"@type":"ListItem","position":1,"name":"Inicio","item":"https:\/\/www.celttv.com.ar\/"},{"@type":"ListItem","position":2,"name":"TC del Sudoeste: &#8220;El podio en Viedma nos impulsa a seguir trabajando y mejorando dentro de la categor\u00eda&#8221; (Videos)"}]},{"@type":"WebSite","@id":"https:\/\/www.celttv.com.ar\/#website","url":"https:\/\/www.celttv.com.ar\/","name":"CELTTV","description":"Cooperativa El\u00e9ctrica de Tornquist","publisher":{"@id":"https:\/\/www.celttv.com.ar\/#organization"},"potentialAction":[{"@type":"SearchAction","target":{"@type":"EntryPoint","urlTemplate":"https:\/\/www.celttv.com.ar\/?s={search_term_string}"},"query-input":"required name=search_term_string"}],"inLanguage":"es"},{"@type":"Organization","@id":"https:\/\/www.celttv.com.ar\/#organization","name":"CELTTV","url":"https:\/\/www.celttv.com.ar\/","sameAs":["https:\/\/www.youtube.com\/channel\/UCz_oIt8Hig64Ub-EmcNPIhg","https:\/\/www.facebook.com\/celtTV\/"],"logo":{"@type":"ImageObject","inLanguage":"es","@id":"https:\/\/www.celttv.com.ar\/#\/schema\/logo\/image\/","url":"http:\/\/www.celttv.com.ar\/wp-content\/uploads\/2022\/08\/logo-1.png","contentUrl":"http:\/\/www.celttv.com.ar\/wp-content\/uploads\/2022\/08\/logo-1.png","width":461,"height":159,"caption":"CELTTV"},"image":{"@id":"https:\/\/www.celttv.com.ar\/#\/schema\/logo\/image\/"}},{"@type":"Person","@id":"https:\/\/www.celttv.com.ar\/#\/schema\/person\/495be51d064edd971d8457f8f64eb172","name":"Rodrigo Sgammini","image":{"@type":"ImageObject","inLanguage":"es","@id":"https:\/\/www.celttv.com.ar\/#\/schema\/person\/image\/","url":"https:\/\/secure.gravatar.com\/avatar\/68f7848d42735e7a9276b47cd6e606327d88f521c51ae39d88888b76902e2987?s=96&d=mm&r=g","contentUrl":"https:\/\/secure.gravatar.com\/avatar\/68f7848d42735e7a9276b47cd6e606327d88f521c51ae39d88888b76902e2987?s=96&d=mm&r=g","caption":"Rodrigo Sgammini"}}]}},"_links":{"self":[{"href":"https:\/\/www.celttv.com.ar\/index.php\/wp-json\/wp\/v2\/posts\/79508","targetHints":{"allow":["GET"]}}],"collection":[{"href":"https:\/\/www.celttv.com.ar\/index.php\/wp-json\/wp\/v2\/posts"}],"about":[{"href":"https:\/\/www.celttv.com.ar\/index.php\/wp-json\/wp\/v2\/types\/post"}],"author":[{"embeddable":true,"href":"https:\/\/www.celttv.com.ar\/index.php\/wp-json\/wp\/v2\/users\/3"}],"replies":[{"embeddable":true,"href":"https:\/\/www.celttv.com.ar\/index.php\/wp-json\/wp\/v2\/comments?post=79508"}],"version-history":[{"count":1,"href":"https:\/\/www.celttv.com.ar\/index.php\/wp-json\/wp\/v2\/posts\/79508\/revisions"}],"predecessor-version":[{"id":79510,"href":"https:\/\/www.celttv.com.ar\/index.php\/wp-json\/wp\/v2\/posts\/79508\/revisions\/79510"}],"wp:featuredmedia":[{"embeddable":true,"href":"https:\/\/www.celttv.com.ar\/index.php\/wp-json\/wp\/v2\/media\/79509"}],"wp:attachment":[{"href":"https:\/\/www.celttv.com.ar\/index.php\/wp-json\/wp\/v2\/media?parent=79508"}],"wp:term":[{"taxonomy":"category","embeddable":true,"href":"https:\/\/www.celttv.com.ar\/index.php\/wp-json\/wp\/v2\/categories?post=79508"},{"taxonomy":"post_tag","embeddable":true,"href":"https:\/\/www.celttv.com.ar\/index.php\/wp-json\/wp\/v2\/tags?post=79508"}],"curies":[{"name":"wp","href":"https:\/\/api.w.org\/{rel}","templated":true}]}}