{"id":7952,"date":"2012-09-04T13:00:51","date_gmt":"2012-09-04T13:00:51","guid":{"rendered":"http:\/\/www.tvcnoticias.com.ar\/?p=7952"},"modified":"2012-09-04T13:00:51","modified_gmt":"2012-09-04T13:00:51","slug":"ultimo-dia-para-inscribirse-gratuitamente-en-la-carrera-milhuellas-de-saldungaray","status":"publish","type":"post","link":"https:\/\/www.celttv.com.ar\/index.php\/2012\/09\/04\/ultimo-dia-para-inscribirse-gratuitamente-en-la-carrera-milhuellas-de-saldungaray\/","title":{"rendered":"ULTIMOS DIAS PARA INSCRIBIRSE GRATUITAMENTE EN LA CARRERA MILHUELLAS DE SALDUNGARAY"},"content":{"rendered":"<p><strong><img loading=\"lazy\" decoding=\"async\" class=\"aligncenter size-full wp-image-7953\" title=\"Mil_Huellas (Small)\" src=\"http:\/\/www.tvcnoticias.com.ar\/wp-content\/uploads\/2012\/09\/Mil_Huellas-Small.jpg\" alt=\"\" width=\"339\" height=\"480\" \/><\/strong><br \/>\n<strong>Se acerca la prueba. Y tambi\u00e9n el cierre de las inscripciones. Hasta\u00a0el pr\u00f3ximo\u00a0martes 11\u00a0hay tiempo para anotarse en la competencia denominada Milhuellas de Saldungaray, que contar\u00e1 con tres distancias diferentes: 24 kil\u00f3metros, 8k y 3k (para chicos).<\/strong><br \/>\n<strong>\u00a0\u00a0 Quiz\u00e1 el dato m\u00e1s relevante es que las anotaciones para los corredores del distrito son totalmente gratuitas y se pueden gestionar en la Direcci\u00f3n de Deportes de la Municipalidad de Tornquist. Las mismas podr\u00e1n rubricarse de manera personal, llamando al tel\u00e9fono (0291) 494-0426 o bien escribiendo al mail\u00a0<\/strong><a href=\"mailto:dttornquist@yahoo.com.ar\">deportestornquist@hotmail.com<\/a><br \/>\n\u00a0\u00a0 En la mayor de las distancias, las categor\u00edas que podr\u00e1n participar son: Caballeros A (de 19 a 29 a\u00f1os), caballeros B (de 30 a 39), caballeros C (de 40 a 49), caballeros D (de 50 a 59),\u00a0 caballeros E (de 60 en adelante). En cuanto a las damas, la \u00fanica modificaci\u00f3n ser\u00e1 que no habr\u00e1 divisional E, mientras que la D ser\u00e1 de 50 a\u00f1os en adelante.<br \/>\n\u00a0\u00a0 Para los 8k, en tanto, las categor\u00edas ser\u00e1n: caballeros y damas A (de 18 a 39 a\u00f1os), caballeros y damas B (40 a 50) y caballeros y damas C (51 en adelante).<br \/>\n\u00a0\u00a0 En cuanto a la distancia para chicos, las anotaciones son gratuitas, la competencia es recreativa y la edad m\u00e1xima es 14 a\u00f1os.<strong><\/strong><br \/>\n\u00a0\u00a0 El cronograma dispuesto por la organizaci\u00f3n es el siguiente:<br \/>\n&#8211;\u00a0\u00a0\u00a0\u00a0\u00a0\u00a0\u00a0\u00a0\u00a0 S\u00e1bado. De 19 a 21 hs: acreditaci\u00f3n y entrega de kits, en la carpa de la organizaci\u00f3n (centro de Saldungaray).<br \/>\n&#8211;\u00a0\u00a0\u00a0\u00a0\u00a0\u00a0\u00a0\u00a0\u00a0 Domingo. 5 a 7 hs: acreditaci\u00f3n y entrega de kits, en la carpa de la organizaci\u00f3n (centro de Saldungaray).<br \/>\n\u00a0\u00a0\u00a0\u00a0\u00a0\u00a0\u00a0\u00a0\u00a0\u00a0\u00a0\u00a0\u00a0\u00a0\u00a0\u00a0 7 hs: largada Milhuellas (24k) y Milhuellas Short (8k), desde el Camping de Saldungaray, frente al Fort\u00edn Pav\u00f3n.<br \/>\n\u00a0\u00a0\u00a0\u00a0\u00a0\u00a0\u00a0\u00a0\u00a0\u00a0\u00a0\u00a0\u00a0\u00a0\u00a0 10 hs: largada Mimilhuellas kids. A esta misma hora comenzar\u00e1n las premiaciones.<\/p>\n","protected":false},"excerpt":{"rendered":"<p>Se acerca la prueba. Y tambi\u00e9n el cierre de las inscripciones. Hasta\u00a0el pr\u00f3ximo\u00a0martes 11\u00a0hay tiempo para anotarse en la competencia denominada Milhuellas de Saldungaray, que contar\u00e1 con tres distancias diferentes: 24 kil\u00f3metros, 8k y 3k (para chicos). \u00a0\u00a0 Quiz\u00e1 el dato m\u00e1s relevante es que las anotaciones para los corredores del distrito son totalmente gratuitas [&hellip;]<\/p>\n","protected":false},"author":1,"featured_media":0,"comment_status":"closed","ping_status":"open","sticky":false,"template":"","format":"standard","meta":{"footnotes":""},"categories":[60,52,53],"tags":[],"class_list":["post-7952","post","type-post","status-publish","format-standard","hentry","category-deporte","category-destacadas","category-politica"],"yoast_head":"<!-- This site is optimized with the Yoast SEO plugin v19.7.1 - https:\/\/yoast.com\/wordpress\/plugins\/seo\/ -->\n<title>ULTIMOS DIAS PARA INSCRIBIRSE GRATUITAMENTE EN LA CARRERA MILHUELLAS DE SALDUNGARAY - CELTTV<\/title>\n<meta name=\"description\" content=\"Sitio web de noticias de la localidad de Tornquist, provincia de Buenos Aires, Rep\u00fablica Argentina. Contenido propio originado por periodistas de CELTTV, el canal de TV local de la Cooperativa El\u00e9ctrica de Tornquist. Turismo, Pol\u00edtica, Sociedad, Deporte, Cultura y todo el contenido de inter\u00e9s general que la gente del pueblo y la regi\u00f3n debe conocer.\" \/>\n<meta name=\"robots\" content=\"index, follow, max-snippet:-1, max-image-preview:large, max-video-preview:-1\" \/>\n<link rel=\"canonical\" href=\"https:\/\/www.celttv.com.ar\/index.php\/2012\/09\/04\/ultimo-dia-para-inscribirse-gratuitamente-en-la-carrera-milhuellas-de-saldungaray\/\" \/>\n<meta property=\"og:locale\" content=\"es_ES\" \/>\n<meta property=\"og:type\" content=\"article\" \/>\n<meta property=\"og:title\" content=\"ULTIMOS DIAS PARA INSCRIBIRSE GRATUITAMENTE EN LA CARRERA MILHUELLAS DE SALDUNGARAY - CELTTV\" \/>\n<meta property=\"og:description\" content=\"Sitio web de noticias de la localidad de Tornquist, provincia de Buenos Aires, Rep\u00fablica Argentina. Contenido propio originado por periodistas de CELTTV, el canal de TV local de la Cooperativa El\u00e9ctrica de Tornquist. Turismo, Pol\u00edtica, Sociedad, Deporte, Cultura y todo el contenido de inter\u00e9s general que la gente del pueblo y la regi\u00f3n debe conocer.\" \/>\n<meta property=\"og:url\" content=\"https:\/\/www.celttv.com.ar\/index.php\/2012\/09\/04\/ultimo-dia-para-inscribirse-gratuitamente-en-la-carrera-milhuellas-de-saldungaray\/\" \/>\n<meta property=\"og:site_name\" content=\"CELTTV\" \/>\n<meta property=\"article:publisher\" content=\"https:\/\/www.facebook.com\/celtTV\/\" \/>\n<meta property=\"article:published_time\" content=\"2012-09-04T13:00:51+00:00\" \/>\n<meta property=\"og:image\" content=\"http:\/\/www.tvcnoticias.com.ar\/wp-content\/uploads\/2012\/09\/Mil_Huellas-Small.jpg\" \/>\n<meta name=\"author\" content=\"ulises\" \/>\n<meta name=\"twitter:card\" content=\"summary_large_image\" \/>\n<meta name=\"twitter:label1\" content=\"Escrito por\" \/>\n\t<meta name=\"twitter:data1\" content=\"ulises\" \/>\n\t<meta name=\"twitter:label2\" content=\"Tiempo de lectura\" \/>\n\t<meta name=\"twitter:data2\" content=\"1 minuto\" \/>\n<script type=\"application\/ld+json\" class=\"yoast-schema-graph\">{\"@context\":\"https:\/\/schema.org\",\"@graph\":[{\"@type\":\"NewsArticle\",\"@id\":\"https:\/\/www.celttv.com.ar\/index.php\/2012\/09\/04\/ultimo-dia-para-inscribirse-gratuitamente-en-la-carrera-milhuellas-de-saldungaray\/#article\",\"isPartOf\":{\"@id\":\"https:\/\/www.celttv.com.ar\/index.php\/2012\/09\/04\/ultimo-dia-para-inscribirse-gratuitamente-en-la-carrera-milhuellas-de-saldungaray\/\"},\"author\":{\"name\":\"ulises\",\"@id\":\"https:\/\/www.celttv.com.ar\/#\/schema\/person\/6d99c072dba59953809c81446e9d0ace\"},\"headline\":\"ULTIMOS DIAS PARA INSCRIBIRSE GRATUITAMENTE EN LA CARRERA MILHUELLAS DE SALDUNGARAY\",\"datePublished\":\"2012-09-04T13:00:51+00:00\",\"dateModified\":\"2012-09-04T13:00:51+00:00\",\"mainEntityOfPage\":{\"@id\":\"https:\/\/www.celttv.com.ar\/index.php\/2012\/09\/04\/ultimo-dia-para-inscribirse-gratuitamente-en-la-carrera-milhuellas-de-saldungaray\/\"},\"wordCount\":304,\"publisher\":{\"@id\":\"https:\/\/www.celttv.com.ar\/#organization\"},\"articleSection\":[\"Deporte\",\"Destacadas\",\"Pol\u00edtica\"],\"inLanguage\":\"es\"},{\"@type\":\"WebPage\",\"@id\":\"https:\/\/www.celttv.com.ar\/index.php\/2012\/09\/04\/ultimo-dia-para-inscribirse-gratuitamente-en-la-carrera-milhuellas-de-saldungaray\/\",\"url\":\"https:\/\/www.celttv.com.ar\/index.php\/2012\/09\/04\/ultimo-dia-para-inscribirse-gratuitamente-en-la-carrera-milhuellas-de-saldungaray\/\",\"name\":\"ULTIMOS DIAS PARA INSCRIBIRSE GRATUITAMENTE EN LA CARRERA MILHUELLAS DE SALDUNGARAY - CELTTV\",\"isPartOf\":{\"@id\":\"https:\/\/www.celttv.com.ar\/#website\"},\"datePublished\":\"2012-09-04T13:00:51+00:00\",\"dateModified\":\"2012-09-04T13:00:51+00:00\",\"description\":\"Sitio web de noticias de la localidad de Tornquist, provincia de Buenos Aires, Rep\u00fablica Argentina. Contenido propio originado por periodistas de CELTTV, el canal de TV local de la Cooperativa El\u00e9ctrica de Tornquist. Turismo, Pol\u00edtica, Sociedad, Deporte, Cultura y todo el contenido de inter\u00e9s general que la gente del pueblo y la regi\u00f3n debe conocer.\",\"breadcrumb\":{\"@id\":\"https:\/\/www.celttv.com.ar\/index.php\/2012\/09\/04\/ultimo-dia-para-inscribirse-gratuitamente-en-la-carrera-milhuellas-de-saldungaray\/#breadcrumb\"},\"inLanguage\":\"es\",\"potentialAction\":[{\"@type\":\"ReadAction\",\"target\":[\"https:\/\/www.celttv.com.ar\/index.php\/2012\/09\/04\/ultimo-dia-para-inscribirse-gratuitamente-en-la-carrera-milhuellas-de-saldungaray\/\"]}]},{\"@type\":\"BreadcrumbList\",\"@id\":\"https:\/\/www.celttv.com.ar\/index.php\/2012\/09\/04\/ultimo-dia-para-inscribirse-gratuitamente-en-la-carrera-milhuellas-de-saldungaray\/#breadcrumb\",\"itemListElement\":[{\"@type\":\"ListItem\",\"position\":1,\"name\":\"Inicio\",\"item\":\"https:\/\/www.celttv.com.ar\/\"},{\"@type\":\"ListItem\",\"position\":2,\"name\":\"ULTIMOS DIAS PARA INSCRIBIRSE GRATUITAMENTE EN LA CARRERA MILHUELLAS DE SALDUNGARAY\"}]},{\"@type\":\"WebSite\",\"@id\":\"https:\/\/www.celttv.com.ar\/#website\",\"url\":\"https:\/\/www.celttv.com.ar\/\",\"name\":\"CELTTV\",\"description\":\"Cooperativa El\u00e9ctrica de Tornquist\",\"publisher\":{\"@id\":\"https:\/\/www.celttv.com.ar\/#organization\"},\"potentialAction\":[{\"@type\":\"SearchAction\",\"target\":{\"@type\":\"EntryPoint\",\"urlTemplate\":\"https:\/\/www.celttv.com.ar\/?s={search_term_string}\"},\"query-input\":\"required name=search_term_string\"}],\"inLanguage\":\"es\"},{\"@type\":\"Organization\",\"@id\":\"https:\/\/www.celttv.com.ar\/#organization\",\"name\":\"CELTTV\",\"url\":\"https:\/\/www.celttv.com.ar\/\",\"sameAs\":[\"https:\/\/www.youtube.com\/channel\/UCz_oIt8Hig64Ub-EmcNPIhg\",\"https:\/\/www.facebook.com\/celtTV\/\"],\"logo\":{\"@type\":\"ImageObject\",\"inLanguage\":\"es\",\"@id\":\"https:\/\/www.celttv.com.ar\/#\/schema\/logo\/image\/\",\"url\":\"http:\/\/www.celttv.com.ar\/wp-content\/uploads\/2022\/08\/logo-1.png\",\"contentUrl\":\"http:\/\/www.celttv.com.ar\/wp-content\/uploads\/2022\/08\/logo-1.png\",\"width\":461,\"height\":159,\"caption\":\"CELTTV\"},\"image\":{\"@id\":\"https:\/\/www.celttv.com.ar\/#\/schema\/logo\/image\/\"}},{\"@type\":\"Person\",\"@id\":\"https:\/\/www.celttv.com.ar\/#\/schema\/person\/6d99c072dba59953809c81446e9d0ace\",\"name\":\"ulises\",\"image\":{\"@type\":\"ImageObject\",\"inLanguage\":\"es\",\"@id\":\"https:\/\/www.celttv.com.ar\/#\/schema\/person\/image\/\",\"url\":\"https:\/\/secure.gravatar.com\/avatar\/7f2c48bdc33b30088f941fb6082e555f2874c98e20cb159d7b92b50eadfce793?s=96&d=mm&r=g\",\"contentUrl\":\"https:\/\/secure.gravatar.com\/avatar\/7f2c48bdc33b30088f941fb6082e555f2874c98e20cb159d7b92b50eadfce793?s=96&d=mm&r=g\",\"caption\":\"ulises\"},\"sameAs\":[\"http:\/\/www.celttv.com.ar\"]}]}<\/script>\n<!-- \/ Yoast SEO plugin. -->","yoast_head_json":{"title":"ULTIMOS DIAS PARA INSCRIBIRSE GRATUITAMENTE EN LA CARRERA MILHUELLAS DE SALDUNGARAY - CELTTV","description":"Sitio web de noticias de la localidad de Tornquist, provincia de Buenos Aires, Rep\u00fablica Argentina. Contenido propio originado por periodistas de CELTTV, el canal de TV local de la Cooperativa El\u00e9ctrica de Tornquist. Turismo, Pol\u00edtica, Sociedad, Deporte, Cultura y todo el contenido de inter\u00e9s general que la gente del pueblo y la regi\u00f3n debe conocer.","robots":{"index":"index","follow":"follow","max-snippet":"max-snippet:-1","max-image-preview":"max-image-preview:large","max-video-preview":"max-video-preview:-1"},"canonical":"https:\/\/www.celttv.com.ar\/index.php\/2012\/09\/04\/ultimo-dia-para-inscribirse-gratuitamente-en-la-carrera-milhuellas-de-saldungaray\/","og_locale":"es_ES","og_type":"article","og_title":"ULTIMOS DIAS PARA INSCRIBIRSE GRATUITAMENTE EN LA CARRERA MILHUELLAS DE SALDUNGARAY - CELTTV","og_description":"Sitio web de noticias de la localidad de Tornquist, provincia de Buenos Aires, Rep\u00fablica Argentina. Contenido propio originado por periodistas de CELTTV, el canal de TV local de la Cooperativa El\u00e9ctrica de Tornquist. Turismo, Pol\u00edtica, Sociedad, Deporte, Cultura y todo el contenido de inter\u00e9s general que la gente del pueblo y la regi\u00f3n debe conocer.","og_url":"https:\/\/www.celttv.com.ar\/index.php\/2012\/09\/04\/ultimo-dia-para-inscribirse-gratuitamente-en-la-carrera-milhuellas-de-saldungaray\/","og_site_name":"CELTTV","article_publisher":"https:\/\/www.facebook.com\/celtTV\/","article_published_time":"2012-09-04T13:00:51+00:00","og_image":[{"url":"http:\/\/www.tvcnoticias.com.ar\/wp-content\/uploads\/2012\/09\/Mil_Huellas-Small.jpg"}],"author":"ulises","twitter_card":"summary_large_image","twitter_misc":{"Escrito por":"ulises","Tiempo de lectura":"1 minuto"},"schema":{"@context":"https:\/\/schema.org","@graph":[{"@type":"NewsArticle","@id":"https:\/\/www.celttv.com.ar\/index.php\/2012\/09\/04\/ultimo-dia-para-inscribirse-gratuitamente-en-la-carrera-milhuellas-de-saldungaray\/#article","isPartOf":{"@id":"https:\/\/www.celttv.com.ar\/index.php\/2012\/09\/04\/ultimo-dia-para-inscribirse-gratuitamente-en-la-carrera-milhuellas-de-saldungaray\/"},"author":{"name":"ulises","@id":"https:\/\/www.celttv.com.ar\/#\/schema\/person\/6d99c072dba59953809c81446e9d0ace"},"headline":"ULTIMOS DIAS PARA INSCRIBIRSE GRATUITAMENTE EN LA CARRERA MILHUELLAS DE SALDUNGARAY","datePublished":"2012-09-04T13:00:51+00:00","dateModified":"2012-09-04T13:00:51+00:00","mainEntityOfPage":{"@id":"https:\/\/www.celttv.com.ar\/index.php\/2012\/09\/04\/ultimo-dia-para-inscribirse-gratuitamente-en-la-carrera-milhuellas-de-saldungaray\/"},"wordCount":304,"publisher":{"@id":"https:\/\/www.celttv.com.ar\/#organization"},"articleSection":["Deporte","Destacadas","Pol\u00edtica"],"inLanguage":"es"},{"@type":"WebPage","@id":"https:\/\/www.celttv.com.ar\/index.php\/2012\/09\/04\/ultimo-dia-para-inscribirse-gratuitamente-en-la-carrera-milhuellas-de-saldungaray\/","url":"https:\/\/www.celttv.com.ar\/index.php\/2012\/09\/04\/ultimo-dia-para-inscribirse-gratuitamente-en-la-carrera-milhuellas-de-saldungaray\/","name":"ULTIMOS DIAS PARA INSCRIBIRSE GRATUITAMENTE EN LA CARRERA MILHUELLAS DE SALDUNGARAY - CELTTV","isPartOf":{"@id":"https:\/\/www.celttv.com.ar\/#website"},"datePublished":"2012-09-04T13:00:51+00:00","dateModified":"2012-09-04T13:00:51+00:00","description":"Sitio web de noticias de la localidad de Tornquist, provincia de Buenos Aires, Rep\u00fablica Argentina. Contenido propio originado por periodistas de CELTTV, el canal de TV local de la Cooperativa El\u00e9ctrica de Tornquist. Turismo, Pol\u00edtica, Sociedad, Deporte, Cultura y todo el contenido de inter\u00e9s general que la gente del pueblo y la regi\u00f3n debe conocer.","breadcrumb":{"@id":"https:\/\/www.celttv.com.ar\/index.php\/2012\/09\/04\/ultimo-dia-para-inscribirse-gratuitamente-en-la-carrera-milhuellas-de-saldungaray\/#breadcrumb"},"inLanguage":"es","potentialAction":[{"@type":"ReadAction","target":["https:\/\/www.celttv.com.ar\/index.php\/2012\/09\/04\/ultimo-dia-para-inscribirse-gratuitamente-en-la-carrera-milhuellas-de-saldungaray\/"]}]},{"@type":"BreadcrumbList","@id":"https:\/\/www.celttv.com.ar\/index.php\/2012\/09\/04\/ultimo-dia-para-inscribirse-gratuitamente-en-la-carrera-milhuellas-de-saldungaray\/#breadcrumb","itemListElement":[{"@type":"ListItem","position":1,"name":"Inicio","item":"https:\/\/www.celttv.com.ar\/"},{"@type":"ListItem","position":2,"name":"ULTIMOS DIAS PARA INSCRIBIRSE GRATUITAMENTE EN LA CARRERA MILHUELLAS DE SALDUNGARAY"}]},{"@type":"WebSite","@id":"https:\/\/www.celttv.com.ar\/#website","url":"https:\/\/www.celttv.com.ar\/","name":"CELTTV","description":"Cooperativa El\u00e9ctrica de Tornquist","publisher":{"@id":"https:\/\/www.celttv.com.ar\/#organization"},"potentialAction":[{"@type":"SearchAction","target":{"@type":"EntryPoint","urlTemplate":"https:\/\/www.celttv.com.ar\/?s={search_term_string}"},"query-input":"required name=search_term_string"}],"inLanguage":"es"},{"@type":"Organization","@id":"https:\/\/www.celttv.com.ar\/#organization","name":"CELTTV","url":"https:\/\/www.celttv.com.ar\/","sameAs":["https:\/\/www.youtube.com\/channel\/UCz_oIt8Hig64Ub-EmcNPIhg","https:\/\/www.facebook.com\/celtTV\/"],"logo":{"@type":"ImageObject","inLanguage":"es","@id":"https:\/\/www.celttv.com.ar\/#\/schema\/logo\/image\/","url":"http:\/\/www.celttv.com.ar\/wp-content\/uploads\/2022\/08\/logo-1.png","contentUrl":"http:\/\/www.celttv.com.ar\/wp-content\/uploads\/2022\/08\/logo-1.png","width":461,"height":159,"caption":"CELTTV"},"image":{"@id":"https:\/\/www.celttv.com.ar\/#\/schema\/logo\/image\/"}},{"@type":"Person","@id":"https:\/\/www.celttv.com.ar\/#\/schema\/person\/6d99c072dba59953809c81446e9d0ace","name":"ulises","image":{"@type":"ImageObject","inLanguage":"es","@id":"https:\/\/www.celttv.com.ar\/#\/schema\/person\/image\/","url":"https:\/\/secure.gravatar.com\/avatar\/7f2c48bdc33b30088f941fb6082e555f2874c98e20cb159d7b92b50eadfce793?s=96&d=mm&r=g","contentUrl":"https:\/\/secure.gravatar.com\/avatar\/7f2c48bdc33b30088f941fb6082e555f2874c98e20cb159d7b92b50eadfce793?s=96&d=mm&r=g","caption":"ulises"},"sameAs":["http:\/\/www.celttv.com.ar"]}]}},"_links":{"self":[{"href":"https:\/\/www.celttv.com.ar\/index.php\/wp-json\/wp\/v2\/posts\/7952","targetHints":{"allow":["GET"]}}],"collection":[{"href":"https:\/\/www.celttv.com.ar\/index.php\/wp-json\/wp\/v2\/posts"}],"about":[{"href":"https:\/\/www.celttv.com.ar\/index.php\/wp-json\/wp\/v2\/types\/post"}],"author":[{"embeddable":true,"href":"https:\/\/www.celttv.com.ar\/index.php\/wp-json\/wp\/v2\/users\/1"}],"replies":[{"embeddable":true,"href":"https:\/\/www.celttv.com.ar\/index.php\/wp-json\/wp\/v2\/comments?post=7952"}],"version-history":[{"count":0,"href":"https:\/\/www.celttv.com.ar\/index.php\/wp-json\/wp\/v2\/posts\/7952\/revisions"}],"wp:attachment":[{"href":"https:\/\/www.celttv.com.ar\/index.php\/wp-json\/wp\/v2\/media?parent=7952"}],"wp:term":[{"taxonomy":"category","embeddable":true,"href":"https:\/\/www.celttv.com.ar\/index.php\/wp-json\/wp\/v2\/categories?post=7952"},{"taxonomy":"post_tag","embeddable":true,"href":"https:\/\/www.celttv.com.ar\/index.php\/wp-json\/wp\/v2\/tags?post=7952"}],"curies":[{"name":"wp","href":"https:\/\/api.w.org\/{rel}","templated":true}]}}