{"id":79520,"date":"2023-10-05T13:44:21","date_gmt":"2023-10-05T16:44:21","guid":{"rendered":"http:\/\/www.celttv.com.ar\/?p=79520"},"modified":"2023-10-05T13:44:21","modified_gmt":"2023-10-05T16:44:21","slug":"informe-de-la-ultima-sesion-ordinaria-del-hcd-videos-6","status":"publish","type":"post","link":"https:\/\/www.celttv.com.ar\/index.php\/2023\/10\/05\/informe-de-la-ultima-sesion-ordinaria-del-hcd-videos-6\/","title":{"rendered":"Informe de la \u00faltima sesi\u00f3n ordinaria del HCD (Videos)"},"content":{"rendered":"<p align=\"CENTER\"><span style=\"font-family: Arial, sans-serif;\"><span style=\"font-size: medium;\"><u><b>INFORME DE LA SESI\u00d3N ORDINARIA DE FECHA 03-10-23<\/b><\/u><\/span><\/span><\/p>\n<p align=\"JUSTIFY\"><span style=\"font-family: Arial, sans-serif;\"><span style=\"font-size: medium;\"><u><b>Comunicaciones Oficiales<\/b><\/u><\/span><\/span><span style=\"font-family: Arial, sans-serif;\"><span style=\"font-size: medium;\"><b>:<\/b><\/span><\/span><\/p>\n<p align=\"JUSTIFY\"><span style=\"font-family: Arial, sans-serif;\"><span style=\"font-size: medium;\">#<\/span><\/span><span style=\"font-family: Arial, sans-serif;\"><span style=\"font-size: medium;\"><u><b>Nota N\u00ba 141\/23:<\/b><\/u><\/span><\/span><span style=\"font-family: Arial, sans-serif;\"><span style=\"font-size: medium;\"> &#8211; I.M. \u2013 Solicitud pr\u00f3rroga elevaci\u00f3n del Proyecto de Ordenanza del C\u00e1lculo de Recursos y Presupuesto de Gastos para el Ejercicio 2024 hasta el 30 de noviembre de 2023.-<\/span><\/span><\/p>\n<p align=\"JUSTIFY\"><span style=\"font-family: Arial, sans-serif;\"><span style=\"font-size: medium;\">Se aprueba por unanimidad la solicitud de pr\u00f3rroga.-<\/span><\/span><\/p>\n<p align=\"JUSTIFY\"><span style=\"font-family: Arial, sans-serif;\"><span style=\"font-size: medium;\">#<\/span><\/span><span style=\"font-family: Arial, sans-serif;\"><span style=\"font-size: medium;\"><u><b>Expte. N\u00ba 165\/23:<\/b><\/u><\/span><\/span><span style=\"font-family: Arial, sans-serif;\"><span style=\"font-size: medium;\"> &#8211; Presidente y Secretario H.C.D. Ref. Nota N\u00ba 31\/23 Sierra de la Ventana Plaza del ACA y el Derecho de la Infancia.-<\/span><\/span><\/p>\n<p align=\"JUSTIFY\"><span style=\"font-family: Arial, sans-serif;\"><span style=\"font-size: medium;\">Expediente que pasa a la Comisi\u00f3n de Asuntos Municipales.-<\/span><\/span><\/p>\n<p align=\"JUSTIFY\"><span style=\"font-family: Arial, sans-serif;\"><span style=\"font-size: medium;\">#<\/span><\/span><span style=\"font-family: Arial, sans-serif;\"><span style=\"font-size: medium;\"><u><b>Expte. N\u00ba 285\/23:<\/b><\/u><\/span><\/span><span style=\"font-family: Arial, sans-serif;\"><span style=\"font-size: medium;\"> &#8211; N.P. \u2013 Lange Dante Ra\u00fal \u2013 Presidente de V\u00eda 51 Viajes S.A. Solicita actualizaci\u00f3n tarifas del transporte p\u00fablico de l\u00ednea urbana Saldungaray-Tornquist.-<\/span><\/span><\/p>\n<p align=\"JUSTIFY\"><span style=\"font-family: Arial, sans-serif;\"><span style=\"font-size: medium;\">Se solicita tratamiento sobre Tablas.<\/span><\/span><\/p>\n<p align=\"JUSTIFY\"><span style=\"font-family: Arial, sans-serif;\"><span style=\"font-size: medium;\">Se aprueba por unanimidad la Ordenanza N\u00ba 3693\/23 por la que se autoriza al prestatario del Servicio P\u00fablico de Pasajeros por Automotor de Jurisdicci\u00f3n Municipal, V\u00eda 51 Viajes S.A. (Servicio P\u00fablico L\u00ednea N<\/span><\/span><span style=\"font-family: Arial, sans-serif;\"><span style=\"font-size: medium;\"><span lang=\"es-ES\">\u00ba<\/span><\/span><\/span><span style=\"font-family: Arial, sans-serif;\"><span style=\"font-size: medium;\"> 1), a cobrar las tarifas que a continuaci\u00f3n se detallan: <\/span><\/span><\/p>\n<dl>\n<dd>\n<table border=\"1\" width=\"426\" cellspacing=\"0\" cellpadding=\"7\">\n<tbody>\n<tr valign=\"TOP\">\n<td width=\"312\">\n<p align=\"JUSTIFY\"><span style=\"font-family: Arial, sans-serif;\"><span style=\"font-size: medium;\">TRAMO<\/span><\/span><\/p>\n<\/td>\n<td width=\"84\">\n<p align=\"CENTER\"><span style=\"font-family: Arial, sans-serif;\"><span style=\"font-size: medium;\">IMPORTE<\/span><\/span><\/p>\n<\/td>\n<\/tr>\n<tr valign=\"TOP\">\n<td width=\"312\">\n<p align=\"JUSTIFY\"><span style=\"font-family: Arial, sans-serif;\"><span style=\"font-size: medium;\">Saldungaray &#8211; Sierra de la Ventana<\/span><\/span><\/p>\n<\/td>\n<td width=\"84\">\n<p align=\"CENTER\"><span style=\"font-family: Arial, sans-serif;\"><span style=\"font-size: medium;\">$ 265,00<\/span><\/span><\/p>\n<\/td>\n<\/tr>\n<tr valign=\"TOP\">\n<td width=\"312\">\n<p align=\"JUSTIFY\"><span style=\"font-family: Arial, sans-serif;\"><span style=\"font-size: medium;\">Saldungaray &#8211; Villa Ventana<\/span><\/span><\/p>\n<\/td>\n<td width=\"84\">\n<p align=\"CENTER\"><span style=\"font-family: Arial, sans-serif;\"><span style=\"font-size: medium;\">$ 560,00<\/span><\/span><\/p>\n<\/td>\n<\/tr>\n<tr valign=\"TOP\">\n<td width=\"312\">\n<p align=\"JUSTIFY\"><span style=\"font-family: Arial, sans-serif;\"><span style=\"font-size: medium;\">Saldungaray- Paraje La Gruta<\/span><\/span><\/p>\n<\/td>\n<td width=\"84\">\n<p align=\"CENTER\"><span style=\"font-family: Arial, sans-serif;\"><span style=\"font-size: medium;\">$ 855,00<\/span><\/span><\/p>\n<\/td>\n<\/tr>\n<tr valign=\"TOP\">\n<td width=\"312\">\n<p align=\"JUSTIFY\"><span style=\"font-family: Arial, sans-serif;\"><span style=\"font-size: medium;\">Saldungaray-Tornquist<\/span><\/span><\/p>\n<\/td>\n<td width=\"84\">\n<p align=\"CENTER\"><span style=\"font-family: Arial, sans-serif;\"><span style=\"font-size: medium;\">$ 1.150,00<\/span><\/span><\/p>\n<\/td>\n<\/tr>\n<tr valign=\"TOP\">\n<td width=\"312\">\n<p align=\"JUSTIFY\"><span style=\"font-family: Arial, sans-serif;\"><span style=\"font-size: medium;\">Sierra de la Ventana &#8211; Villa Ventana<\/span><\/span><\/p>\n<\/td>\n<td width=\"84\">\n<p align=\"CENTER\"><span style=\"font-family: Arial, sans-serif;\"><span style=\"font-size: medium;\">$ 295,00<\/span><\/span><\/p>\n<\/td>\n<\/tr>\n<tr valign=\"TOP\">\n<td width=\"312\">\n<p align=\"JUSTIFY\"><span style=\"font-family: Arial, sans-serif;\"><span style=\"font-size: medium;\">Sierra de la Ventana \u2013 Paraje La Gruta<\/span><\/span><\/p>\n<\/td>\n<td width=\"84\">\n<p align=\"CENTER\"><span style=\"font-family: Arial, sans-serif;\"><span style=\"font-size: medium;\">$ 590,00<\/span><\/span><\/p>\n<\/td>\n<\/tr>\n<tr valign=\"TOP\">\n<td width=\"312\">\n<p align=\"JUSTIFY\"><span style=\"font-family: Arial, sans-serif;\"><span style=\"font-size: medium;\">Sierra de la Ventana \u2013 Tornquist<\/span><\/span><\/p>\n<\/td>\n<td width=\"84\">\n<p align=\"CENTER\"><span style=\"font-family: Arial, sans-serif;\"><span style=\"font-size: medium;\">$ 885,00<\/span><\/span><\/p>\n<\/td>\n<\/tr>\n<tr valign=\"TOP\">\n<td width=\"312\">\n<p align=\"JUSTIFY\"><span style=\"font-family: Arial, sans-serif;\"><span style=\"font-size: medium;\">Villa Ventana \u2013 Paraje La Gruta<\/span><\/span><\/p>\n<\/td>\n<td width=\"84\">\n<p align=\"CENTER\"><span style=\"font-family: Arial, sans-serif;\"><span style=\"font-size: medium;\">$ 295,00<\/span><\/span><\/p>\n<\/td>\n<\/tr>\n<tr valign=\"TOP\">\n<td width=\"312\">\n<p align=\"JUSTIFY\"><span style=\"font-family: Arial, sans-serif;\"><span style=\"font-size: medium;\">Villa Ventana \u2013 Tornquist<\/span><\/span><\/p>\n<\/td>\n<td width=\"84\">\n<p align=\"CENTER\"><span style=\"font-family: Arial, sans-serif;\"><span style=\"font-size: medium;\">$ 590,00<\/span><\/span><\/p>\n<\/td>\n<\/tr>\n<tr valign=\"TOP\">\n<td width=\"312\">\n<p align=\"JUSTIFY\"><span style=\"font-family: Arial, sans-serif;\"><span style=\"font-size: medium;\">La Gruta &#8211; Tornquist<\/span><\/span><\/p>\n<\/td>\n<td width=\"84\">\n<p align=\"CENTER\"><span style=\"font-family: Arial, sans-serif;\"><span style=\"font-size: medium;\">$ 295,00<\/span><\/span><\/p>\n<\/td>\n<\/tr>\n<\/tbody>\n<\/table>\n<\/dd>\n<\/dl>\n<p align=\"JUSTIFY\"><span style=\"font-family: Arial, sans-serif;\"><span style=\"font-size: medium;\">#<\/span><\/span><span style=\"font-family: Arial, sans-serif;\"><span style=\"font-size: medium;\"><u><b>Expte. N\u00ba 335\/23:<\/b><\/u><\/span><\/span> <span style=\"font-family: Arial, sans-serif;\"><span style=\"font-size: medium;\">&#8211;<\/span><\/span><span style=\"font-family: Arial, sans-serif;\"><span style=\"font-size: medium;\"> D.E. \u2013 Convalida la firma del Convenio celebrado entre el Ministerio de Desarrollo Agrario de la Pcia. de Bs. As. y la Municipalidad de Tornquist.-<\/span><\/span><\/p>\n<p align=\"JUSTIFY\"><span style=\"font-family: Arial, sans-serif;\"><span style=\"font-size: medium;\">Se solicita tratamiento sobre Tablas.<\/span><\/span><\/p>\n<p align=\"JUSTIFY\"><span style=\"font-family: Arial, sans-serif;\"><span style=\"font-size: medium;\">Se aprueba por unanimidad la Ordenanza N\u00ba 3694\/23 por la que se convalida la firma del <\/span><\/span><span style=\"font-family: Arial, sans-serif;\"><span style=\"font-size: medium;\">Convenio celebrado <\/span><\/span><span style=\"font-family: Arial, sans-serif;\"><span style=\"font-size: medium;\">entre el Ministerio de Desarrollo Agrario de la Provincia de Buenos Aires<\/span><\/span><span style=\"font-family: Arial, sans-serif;\"><span style=\"font-size: medium;\">, representado por el Sr. Ministro <\/span><\/span><span style=\"font-family: Arial, sans-serif;\"><span style=\"font-size: medium;\">Dr. Javier Leonel Rodr\u00edguez<\/span><\/span><span style=\"font-family: Arial, sans-serif;\"><span style=\"font-size: medium;\"> y <\/span><\/span><span style=\"font-family: Arial, sans-serif;\"><span style=\"font-size: medium;\">la Municipalidad de Tornquist representada por su Intendente Municipal Sr. Sergio Fabi\u00e1n Bordoni.- El presente convenio<\/span><\/span><span style=\"font-family: Arial, sans-serif;\"><span style=\"font-size: medium;\"> tiene por objeto otorgar un subsidio al MUNICIPIO para financiar la adquisici\u00f3n de materiales y maquinaria para la realizaci\u00f3n del proyecto \u201cCAMINO CIRCUITO TURISTICO ABRA LOS VASCOS\u201d \u2013Etapa I de acuerdo a lo establecido en el Formulario Proyecto Caminos Rurales que forma parte integrante del presente como Anexo I. El MINISTERIO aportar\u00e1 la suma de hasta pesos veinticinco millones ($25.000.000,00), con car\u00e1cter de subsidio<\/span><\/span><span style=\"font-family: Arial, sans-serif;\"> bajo r\u00e9gimen del Decreto N\u00b0 1037\/203.-<\/span><\/p>\n<p align=\"JUSTIFY\"><span style=\"font-family: Arial, sans-serif;\"><span style=\"font-size: medium;\">#<\/span><\/span><span style=\"font-family: Arial, sans-serif;\"><span style=\"font-size: medium;\"><u><b>Expte. N\u00ba 341\/23:<\/b><\/u><\/span><\/span><span style=\"font-family: Arial, sans-serif;\"><span style=\"font-size: medium;\"> &#8211; D.E. \u2013 Convalida la firma del Convenio celebrado entre el Ministerio de Transporte de la Naci\u00f3n y la Municipalidad para la implementaci\u00f3n del Sistema \u00danico de Boleto Electr\u00f3nico (S.U.B.E.).-<\/span><\/span><\/p>\n<p align=\"JUSTIFY\"><span style=\"font-family: Arial, sans-serif;\"><span style=\"font-size: medium;\">Se solicita tratamiento sobre Tablas.<\/span><\/span><\/p>\n<p align=\"JUSTIFY\"><span style=\"font-family: Arial, sans-serif;\"><span style=\"font-size: medium;\">Se aprueba por unanimidad la Ordenanza N\u00ba 3695\/23 por la que se convalida la firma del <\/span><\/span><span style=\"font-family: Arial, sans-serif;\"><span style=\"font-size: medium;\">Convenio<\/span><\/span><span style=\"font-family: Arial, sans-serif;\"><span style=\"font-size: medium;\"> Entre el Ministerio de Transporte de la Naci\u00f3n y la Municipalidad de Tornquist para la Implementaci\u00f3n del Sistema \u00danico de Boleto Electr\u00f3nico (S.U.B.E.)<\/span><\/span><span style=\"font-family: Arial, sans-serif;\"><span style=\"font-size: medium;\">, representado por el Secretario de Articulaci\u00f3n Interjurisdiccional, <\/span><\/span><span style=\"font-family: Arial, sans-serif;\"><span style=\"font-size: medium;\">Sr. Marcos Cesar Farina<\/span><\/span><span style=\"font-family: Arial, sans-serif;\"><span style=\"font-size: medium;\">, la Secretaria General de Transporte, <\/span><\/span><span style=\"font-family: Arial, sans-serif;\"><span style=\"font-size: medium;\">Lic. Mar\u00eda Jimena L\u00f3pez<\/span><\/span><span style=\"font-family: Arial, sans-serif;\"><span style=\"font-size: medium;\"> y <\/span><\/span><span style=\"font-family: Arial, sans-serif;\"><span style=\"font-size: medium;\">la Municipalidad de Tornquist representada por su Intendente Municipal Sr. Sergio Fabi\u00e1n Bordoni<\/span><\/span><span style=\"font-family: Arial, sans-serif;\"><span style=\"font-size: medium;\"><b>.<\/b><\/span><\/span><span style=\"font-family: Arial, sans-serif;\"><span style=\"font-size: medium;\"> El presente CONVENIO tiene por objeto la implementaci\u00f3n del Sistema \u00danico de Boleto Electr\u00f3nico (S.U.B.E.) en la JURISDICCI\u00d3N, como medio de percepci\u00f3n de la tarifa de los servicios de transporte publico automotor de pasajeros y para las otras prestaciones que brinda ese sistema.- El objetivo principal del Sistema \u00danico de Boleto Electr\u00f3nico (S.U.B.E.) es facilitar el acceso al sistema de transporte p\u00fablico mediante una herramienta tecnol\u00f3gica de utilizaci\u00f3n masiva que mejore la calidad de vida de los usuarios y de la poblaci\u00f3n en general en el entendimiento de que la prestaci\u00f3n del servicio p\u00fablico de transporte, por su difundido y masivo uso, es una de las actividades que mayor incidencia tienen en esta.-<\/span><\/span><\/p>\n<p align=\"JUSTIFY\">\n<p align=\"JUSTIFY\"><span style=\"font-family: Arial, sans-serif;\"><span style=\"font-size: medium;\">#<\/span><\/span><span style=\"font-family: Arial, sans-serif;\"><span style=\"font-size: medium;\"><u><b>Expte. N\u00ba 342\/23:<\/b><\/u><\/span><\/span><span style=\"font-family: Arial, sans-serif;\"><span style=\"font-size: medium;\"> &#8211; D.E. \u2013 Convalida la firma del Convenio entre la Secretar\u00eda de Articulaci\u00f3n de Pol\u00edtica Social del Ministerio de Desarrollo Social de la Naci\u00f3n y la Municipalidad de Tornquist.-<\/span><\/span><\/p>\n<p align=\"JUSTIFY\"><span style=\"font-family: Arial, sans-serif;\"><span style=\"font-size: medium;\">Se solicita tratamiento sobre Tablas.<\/span><\/span><\/p>\n<p lang=\"es-ES\" align=\"JUSTIFY\"><span style=\"font-family: Times New Roman, serif;\"><span style=\"font-size: medium;\"><span style=\"font-family: Arial, sans-serif;\">Se aprueba por unanimidad la Ordenanza N\u00ba 3696\/23 por la que se c<\/span><span style=\"font-family: Arial, sans-serif;\">onvalida la firma del Convenio <\/span><span style=\"font-family: Arial, sans-serif;\">Entre la Secretar\u00eda de Articulaci\u00f3n de Pol\u00edtica Social del Ministerio de Desarrollo Social de la Naci\u00f3n representada en este acto por su titular, <\/span><span style=\"font-family: Arial, sans-serif;\">Sr. Leonardo Sebasti\u00e1n MOYANO<\/span><span style=\"font-family: Arial, sans-serif;\"> y la<\/span> <span style=\"font-family: Arial, sans-serif;\">Municipalidad de Tornquist representada por el Intendente Municipal <\/span><span style=\"font-family: Arial, sans-serif;\">Sr. Sergio Fabian BORDONI. El <\/span><span style=\"font-family: Arial, sans-serif;\"> presente Convenio tiene por objeto el otorgamiento de un subsidio institucional con car\u00e1cter de no reintegrable sujeto a rendici\u00f3n de cuentas documentada en el marco de la Resoluci\u00f3n N\u00ba RESOL-2020-553-APN-MDS para la implementaci\u00f3n del Proyecto \u201c<\/span><span style=\"font-family: Arial, sans-serif;\"><i>Dejando Huellas\u201d<\/i><\/span><span style=\"font-family: Arial, sans-serif;\">, en adelante \u201cEL PROYECTO\u201d, que identificado como IF-2023-113168364-APN-SAPS#MDS, que forma parte integrante del presente y cuyo objetivo es brindar asistencia a la poblaci\u00f3n de la Localidad de Tornquist de la Provincia de Buenos Aires, que se encuentra en emergencia social por su condici\u00f3n de vulnerabilidad. \u201cLA SECRETARIA\u201d se compromete a transferir a \u201cLA MUNICIPALIDAD\u201d la suma de PESOS CIEN MILLONES ($ 100.000.000.-), los cuales estar\u00e1n destinados a la adquisici\u00f3n de un modulo de MATERIALES DE CONSTRUCCION, CAMAS, COLCHONES Y ALIMENTOS.- <\/span><\/span><\/span><\/p>\n<p align=\"JUSTIFY\"><span style=\"font-family: Arial, sans-serif;\"><span style=\"font-size: medium;\">#<\/span><\/span><span style=\"font-family: Arial, sans-serif;\"><span style=\"font-size: medium;\"><u><b>Expte. N\u00ba 344\/23:<\/b><\/u><\/span><\/span><span style=\"font-family: Arial, sans-serif;\"><span style=\"font-size: medium;\"> &#8211; D.E. \u2013 Autoriza la firma del Convenio Marco para la ejecuci\u00f3n \u201cAcondicionamiento Integral Planta Depuradora de L\u00edquidos Cloacales\u201d \u2013 Plan \u201cArgentina Hace\u201d.-<\/span><\/span><\/p>\n<p align=\"JUSTIFY\"><span style=\"font-family: Arial, sans-serif;\"><span style=\"font-size: medium;\">Se solicita tratamiento sobre Tablas.<\/span><\/span><\/p>\n<p lang=\"es-ES\" align=\"JUSTIFY\"><span style=\"font-family: Times New Roman, serif;\"><span style=\"font-size: medium;\"><span style=\"font-family: Arial, sans-serif;\">Se aprueba por unanimidad la Ordenanza N\u00ba 3697\/23 por la que se autoriza la firma del Convenio Marco para la Ejecuci\u00f3n del Proyecto \u201cAcondicionamiento integral Planta Depuradora de L\u00edquidos Cloacales\u201d \u2013 Plan \u201cArgentina Hace\u201d<\/span><span style=\"font-family: Arial, sans-serif;\">, <\/span><span style=\"font-family: Arial, sans-serif;\">entre el <\/span><span style=\"font-family: Arial, sans-serif;\"><i>Ente Nacional de Obras H\u00eddricas de Saneamiento, \u201cEL ENOHSA\u201d,<\/i><\/span><b> <\/b><span style=\"font-family: Arial, sans-serif;\">representada por el Subadministrador <\/span><span style=\"font-family: Arial, sans-serif;\">Sr. N\u00e9stor Fabian \u00c1lvarez y la Municipalidad de Tornquist representada por el Intendente Municipal <\/span><span style=\"font-family: Arial, sans-serif;\">Sr. Sergio Bordoni. Las partes se comprometen a desarrollar en forma conjunta las acciones concretas y necesarias para posibilitar la ejecuci\u00f3n de los Proyectos a realizarse bajo \u00f3rbita del \u201cPLAN ARGENTINA HACE\u201d en el marco de su jurisdicci\u00f3n y competencia y sujeto al cumplimiento de las condiciones t\u00e9cnicas, administrativas, legales y presupuestarias de factibilidad, que posibiliten la ejecuci\u00f3n de los proyectos que se mencionan en el ANEXO I que forma parte integrante del convenio.-<\/span> <\/span><\/span><\/p>\n<p lang=\"es-ES\" align=\"JUSTIFY\"><span style=\"font-family: Times New Roman, serif;\"><span style=\"font-size: medium;\"><span style=\"font-family: Arial, sans-serif;\"><u><b>Dict\u00e1menes de las Comisiones<\/b><\/u><\/span><span style=\"font-family: Arial, sans-serif;\"><span lang=\"es-ES\"><u><b>: <\/b><\/u><\/span><\/span><\/span><\/span><\/p>\n<p align=\"JUSTIFY\"><span style=\"font-family: Arial, sans-serif;\"><span style=\"font-size: medium;\">#<\/span><\/span><span style=\"font-family: Arial, sans-serif;\"><span style=\"font-size: medium;\"><u><b>Expte. N\u00ba 215\/23:<\/b><\/u><\/span><\/span><span style=\"font-family: Arial, sans-serif;\"><span style=\"font-size: medium;\"> &#8211;<\/span><\/span><span style=\"font-family: Arial, sans-serif;\"><span style=\"font-size: medium;\"> D.E. \u2013 Sustituye Art\u00edculos de la Ordenanza N\u00ba 2863\/16 Programa Sanitos Distrito de Tornquist.-<\/span><\/span><\/p>\n<p align=\"JUSTIFY\"><span style=\"font-family: Arial, sans-serif;\"><span style=\"font-size: medium;\">De acuerdo al dictamen de las Comisiones de SALUD P\u00daBLICA; e INTERPRETACION Y REGLAMENTO se aprueba por unanimidad la Ordenanza N\u00ba 3698\/23 por la que se deroga en todos sus t\u00e9rminos la Ordenanza Municipal\u00a0N\u00ba 2863\/16, y cualquier Ordenanza que se anteponga a la presente. <\/span><\/span><\/p>\n<p align=\"JUSTIFY\"><span style=\"font-family: Arial, sans-serif;\"><span style=\"font-size: medium;\">Se establece en todo el Distrito de Tornquist el Programa de Evaluaci\u00f3n M\u00e9dica \u201cSANITOS\u201d para todo ni\u00f1o, joven y adolescente que practique actividad f\u00edsica o deportiva, sea en forma competitiva, precompetitiva y\/o en escuelas formativas, declar\u00e1ndolo de Inter\u00e9s Municipal. &#8211;<\/span><\/span><\/p>\n<p align=\"JUSTIFY\"><span style=\"font-family: Arial, sans-serif;\"><span style=\"font-size: medium;\">Dicho programa estar\u00e1 articulado por el \u00c1rea de Salud, Deportes, y \u00e1reas a fines, a los cuales se derivar\u00e1 cada caso detectado en particular.-<\/span><\/span><\/p>\n<p align=\"JUSTIFY\"><span style=\"font-family: Arial, sans-serif;\"><span style=\"font-size: medium;\">Dicha evaluaci\u00f3n ser\u00e1 dirigida al deporte infanto-juvenil a nivel precompetitivo y competitivo inicial y constar\u00e1 de: Examen cl\u00ednico y ortop\u00e9dico realizado por M\u00e9dico pediatra, M\u00e9dico generalista familiar y\/o M\u00e9dico ortopedista. Toma de datos antropom\u00e9tricos. Realizaci\u00f3n de electrocardiograma. Los datos obtenidos ser\u00e1n volcados a la FICHA DE SALUD DEPORTIVA (FSD), desarrollada a tal fin, y en la Historia de Salud Integrada del programa de Salud Digital Bonaerense del Ministerio de Salud de la Provincia de Buenos Aires. En el caso que se requiera alg\u00fan otro estudio m\u00e9dico espec\u00edfico o evaluaci\u00f3n por especialista que no se encuentre incluido dentro del programa, el mismo ser\u00e1 gestionado a trav\u00e9s de la cobertura m\u00e9dica o del \u00e1rea de servicio social de la Secretaria de Salud de la Municipalidad de Tornquist.-<\/span><\/span><\/p>\n<p align=\"JUSTIFY\"><span style=\"font-family: Arial, sans-serif;\"><span style=\"font-size: medium;\">#<\/span><\/span><span style=\"font-family: Arial, sans-serif;\"><span style=\"font-size: medium;\"><u><b>Expte. N\u00ba 288\/23:<\/b><\/u><\/span><\/span><span style=\"font-family: Arial, sans-serif;\"><span style=\"font-size: medium;\"> &#8211; D.E. \u2013 Convalida la firma del Contrato de Permiso de Uso celebrado entre la Municipalidad de Tornquist y Garden Hemp Serrano S.R.L.-<\/span><\/span><\/p>\n<p align=\"JUSTIFY\"><span style=\"font-family: Arial, sans-serif;\"><span style=\"font-size: medium;\">Seg\u00fan el dictamen de las Comisiones de INTERPRETACI\u00d3N Y REGLAMENTO; y PRODUCCI\u00d3N, COMERCIO E INDUSTRIA,<\/span><\/span><b> <\/b><span style=\"font-family: Arial, sans-serif;\"><span style=\"font-size: medium;\">se aprueba por unanimidad la Ordenanza N\u00ba 3699\/23 por la que se convalida la firma del Contrato de Permiso de Uso celebrado entre La Municipalidad de Tornquist, representada por el <\/span><\/span><span style=\"font-family: Arial, sans-serif;\"><span style=\"font-size: medium;\">Sr. Intendente Sergio Fabian Bordoni<\/span><\/span><span style=\"font-family: Arial, sans-serif;\"><span style=\"font-size: medium;\">, y <\/span><\/span><span style=\"font-family: Arial, sans-serif;\"><span style=\"font-size: medium;\">Garden Hemp Serrano S.R.L.<\/span><\/span><span style=\"font-family: Arial, sans-serif;\"><span style=\"font-size: medium;\">, representada por su Gerente administrador, <\/span><\/span><span style=\"font-family: Arial, sans-serif;\"><span style=\"font-size: medium;\">Sr. Lucas Patricio Baleix<\/span><\/span><span style=\"font-family: Arial, sans-serif;\"><span style=\"font-size: medium;\">.- <\/span><\/span><\/p>\n<p align=\"JUSTIFY\"><span style=\"font-family: Arial, sans-serif;\"><span style=\"font-size: medium;\">Las partes suscribieron un Convenio Marco de colaboraci\u00f3n para actividades de desarrollo de la industria del cannabis medicinal e industrial, impulso de la econom\u00eda regional y creaci\u00f3n de empleo en varios niveles de este sector.-<\/span><\/span><\/p>\n<p align=\"JUSTIFY\"><span style=\"font-family: Arial, sans-serif;\"><span style=\"font-size: medium;\">Ambas partes est\u00e1n interesadas en fortalecer las relaciones de cooperaci\u00f3n y asistencia t\u00e9cnica a trav\u00e9s de la concreci\u00f3n eficaz de objetivos mediante la suscripci\u00f3n de acuerdos espec\u00edficos.-<\/span><\/span><\/p>\n<p align=\"JUSTIFY\"><span style=\"font-family: Arial, sans-serif;\"><span style=\"font-size: medium;\">LA PERMISIONANTE otorga el permiso de uso y explotaci\u00f3n precario a LA PERMISIONARIA con obligaci\u00f3n de restituci\u00f3n y esta acepta en tal car\u00e1cter, un lote terreno ubicado dentro del SECTOR INDUSTRIAL PLANIFICADO DE TORNQUIST, en adelante SIPT, que se identifica como Circunscripci\u00f3n II, Secci\u00f3n C, Chacra 145, Parcela 3N, Partida 16297, UNIDAD PRIVATIVA DE DOMINIO DIEZ, de plano de mensura, conforme croquis adjunto al presente que forma parte de este Convenio;<\/span><\/span><\/p>\n<p align=\"JUSTIFY\"><span style=\"font-family: Arial, sans-serif;\"><span style=\"font-size: medium;\">LA PERMISIONARIA destinara el uso del inmueble para la implementaci\u00f3n del \u201cPLAN LOCAL DE INVESTIGACI\u00d3N Y PRODUCCI\u00d3N DE CANNABIS CON FINES CIENT\u00cdFICOS, MEDICINALES Y\/O TERAP\u00c9UTICOS\u201d, conforme la Ley 27.350 y sus anexos y Ley N\u00b0 27.669 y sus anexos.-<\/span><\/span><\/p>\n<p align=\"JUSTIFY\">\n<p align=\"JUSTIFY\"><span style=\"font-family: Arial, sans-serif;\"><span style=\"font-size: medium;\">#<\/span><\/span><span style=\"font-family: Arial, sans-serif;\"><span style=\"font-size: medium;\"><u><b>Expte. N\u00ba 7318\/21:<\/b><\/u><\/span><\/span><span style=\"font-family: Arial, sans-serif;\"><span style=\"font-size: medium;\"> &#8211; Bloques Cambiemos Bs. As. y Juntos por el Cambio: Proyecto de Ordenanza: Ref. Parque Ap\u00edcola.-<\/span><\/span><\/p>\n<p align=\"JUSTIFY\"><span style=\"font-family: Arial, sans-serif;\"><span style=\"font-size: medium;\">De acuerdo al dictamen de las Comisiones PRODUCCI\u00d3N, COMERCIO E INDUSTRIA, INTERPRETACI\u00d3N Y REGLAMENTO Y ASUNTOS MUNICIPALES, y habi\u00e9ndose realizado las modificaciones sugeridas por el \u00c1rea de Legales del Municipio y mantenido reuni\u00f3n con el D.E, se aprueba por unanimidad la Ordenanza N\u00ba 3700\/23 por la que se regula la actividad en el Parque Ap\u00edcola Municipal.-<\/span><\/span><\/p>\n<p align=\"JUSTIFY\"><span style=\"font-family: Arial, sans-serif;\"><span style=\"font-size: medium;\">Podr\u00e1n radicarse en dicho parque personas f\u00edsicas o jur\u00eddicas que acrediten ser productores ap\u00edcolas, con RENAPA. y Constancia de AFIP. activa, o personas que acrediten el desarrollo de actividades relacionadas a la actividad ap\u00edcola.-<\/span><\/span><\/p>\n<p align=\"JUSTIFY\"><span style=\"font-family: Arial, sans-serif;\"><span style=\"font-size: medium;\">Deber\u00e1n cumplirse varias disposiciones que figuran en dicha normativa.-<\/span><\/span><\/p>\n<p align=\"JUSTIFY\"><span style=\"font-family: Arial, sans-serif;\"><span style=\"font-size: medium;\">#<\/span><\/span><span style=\"font-family: Arial, sans-serif;\"><span style=\"font-size: medium;\"><u><b>Expte. N\u00ba 7511\/22:<\/b><\/u><\/span><\/span><span style=\"font-family: Arial, sans-serif;\"><span style=\"font-size: medium;\"> &#8211; Bloque Juntos y Juntos por el Cambio \u2013 Proyecto de Ordenanza: Ref. incentivos fiscales (tasas) en locaciones de inmuebles con destino casa-habitaci\u00f3n.-<\/span><\/span><\/p>\n<p align=\"JUSTIFY\"><span style=\"font-family: Arial, sans-serif;\"><span style=\"font-size: medium;\">Se aprueba por unanimidad el dictamen de las Comisiones de PRESUPUESTO Y HACIENDA; y ASUNTOS MUNICIPALES, que aconseja enviar el mismo al Archivo dado que perdi\u00f3 estado parlamentario.- <\/span><\/span><\/p>\n<p align=\"JUSTIFY\"><span style=\"font-family: Arial, sans-serif;\"><span style=\"font-size: medium;\">#<\/span><\/span><span style=\"font-family: Arial, sans-serif;\"><span style=\"font-size: medium;\"><u><b>Expte. N\u00ba 7678\/23:<\/b><\/u><\/span><\/span><span style=\"font-family: Arial, sans-serif;\"><span style=\"font-size: medium;\"> &#8211; N.P. \u2013 Atucos y Centro Salamone de Saldungaray: Manifiestan descontento a causa de que se haya pintado el ala derecha de la Delegaci\u00f3n Municipal de Saldungaray Obra del Ing. Arq. Francisco Salamone.-<\/span><\/span><\/p>\n<p align=\"JUSTIFY\"><span style=\"font-family: Arial, sans-serif;\"><span style=\"font-size: medium;\">Se aprueba por unanimidad el dictamen de las Comisiones de OBRAS P\u00daBLICAS, y ASUNTOS MUNICIPALES,<\/span><\/span><b> <\/b><span style=\"font-family: Arial, sans-serif;\"><span style=\"font-size: medium;\">que aconseja informar a ATUCOS que se mantuvo una reuni\u00f3n con el Delegado de Saldungaray y un representante del \u00c1rea de Cultura Municipal, se brindaron explicaciones al respecto, donde cuentan que fue un error no intencional de los pintores contratados y que en adelante se manejar\u00e1n para este tipo de pr\u00e1cticas con la Ordenanza promulgada sobre Patrimonio Hist\u00f3rico Cultural Municipal. Posteriormente se gira el mismo al Archivo.-<\/span><\/span><\/p>\n<p align=\"JUSTIFY\"><span style=\"font-family: Arial, sans-serif;\"><span style=\"font-size: medium;\"><u><b>Proyectos Presentados <\/b><\/u><\/span><\/span><\/p>\n<p align=\"JUSTIFY\"><span style=\"font-family: Arial, sans-serif;\"><span style=\"font-size: medium;\"><span lang=\"es-ES\"><u><b>Bloque Frente de Todos: Proyecto de Resoluci\u00f3n:<\/b><\/u><\/span><\/span><\/span> <span style=\"font-family: Arial, sans-serif;\"><span style=\"font-size: medium;\">Denominar el escenario <\/span><\/span><span style=\"font-family: Arial, sans-serif;\"><span style=\"font-size: medium;\">de la Fiesta Provincial de Reyes Magos con los nombres de \u201cOscar Kaltenbach y <\/span><\/span><span style=\"font-family: Arial, sans-serif;\"><span style=\"font-size: medium;\">Ren\u00e9 Jorge Dolera\u201d,<\/span><\/span><span style=\"font-family: Arial, sans-serif;\"><span style=\"font-size: medium;\"> reconociendo su labor comunitaria como se detalla en el exordio.<\/span><\/span><\/p>\n<p align=\"JUSTIFY\"><span style=\"font-family: Arial, sans-serif;\"><span style=\"font-size: medium;\">Disponer la colocaci\u00f3n de una placa alusiva en <\/span><\/span><span style=\"font-family: Arial, sans-serif;\"><span style=\"font-size: medium;\">el predio del Centro Cultural de la localidad de Sierra de la Ventana.<\/span><\/span><\/p>\n<p align=\"JUSTIFY\"><span style=\"font-family: Arial, sans-serif;\"><span style=\"font-size: medium;\">Realizar un acto el d\u00eda 5 de enero de 2024 homenajeando al <\/span><\/span><span style=\"font-family: Arial, sans-serif;\"><span style=\"font-size: medium;\">Sr. Oscar Kaltenbach<\/span><\/span><span style=\"font-family: Arial, sans-serif;\"><span style=\"font-size: medium;\"> y Ren\u00e9 Jorge Dolera, convocando familiares y amigos e instituciones y vecinos y vecinas de nuestro distrito. <\/span><\/span><\/p>\n<p align=\"JUSTIFY\"><span style=\"font-family: Arial, sans-serif;\"><span style=\"font-size: medium;\">Enviar copia de la Presente Resoluci\u00f3n al Sr. Oscar Kaltenbach<\/span><\/span><span style=\"font-family: Arial, sans-serif;\"><span style=\"font-size: medium;\"> y familiares de Ren\u00e9 Jorge Dolera<\/span><\/span><b> <\/b><span style=\"font-family: Arial, sans-serif;\"><span style=\"font-size: medium;\">y a los organizadores de la Fiesta Provincial de los Reyes Magos. <\/span><\/span><\/p>\n<p lang=\"es-ES\" align=\"JUSTIFY\"><span style=\"font-family: Arial, sans-serif;\"><span style=\"font-size: medium;\">Este Proyecto consta de 5 Art\u00edculos.<\/span><\/span><\/p>\n<p lang=\"es-ES\" align=\"JUSTIFY\"><span style=\"font-family: Arial, sans-serif;\"><span style=\"font-size: medium;\">Firmado por: Marcela Gimenez, Presidente Bloque Frente de Todos.<\/span><\/span><\/p>\n<p align=\"JUSTIFY\"><span style=\"font-family: Arial, sans-serif;\"><span style=\"font-size: medium;\"><span lang=\"es-ES\">Se solicita formaci\u00f3n de Expte. y tratamiento sobre Tablas.<\/span><\/span><\/span><\/p>\n<p align=\"JUSTIFY\"><span style=\"font-family: Arial, sans-serif;\"><span style=\"font-size: medium;\">Se forma el Expediente N\u00ba 7688\/23 y se aprueba por unanimidad la Resoluci\u00f3n N\u00ba 33 \/23 <\/span><\/span><span style=\"font-family: Arial, sans-serif;\"><span style=\"font-size: medium;\">por la que se establece denominar el escenario <\/span><\/span><span style=\"font-family: Arial, sans-serif;\"><span style=\"font-size: medium;\">de la Fiesta Provincial de Reyes Magos con los nombres de \u201cOscar Kaltenbach y <\/span><\/span><span style=\"font-family: Arial, sans-serif;\"><span style=\"font-size: medium;\">Ren\u00e9 Jorge Dolera\u201d,<\/span><\/span><span style=\"font-family: Arial, sans-serif;\"><span style=\"font-size: medium;\"> reconociendo su labor comunitaria a lo largo de muchos a\u00f1os en los que fueron animadores y conductores de dicho evento.<\/span><\/span><span style=\"font-family: Arial, sans-serif;\"><span style=\"font-size: medium;\">&#8211;<\/span><\/span><\/p>\n<p align=\"JUSTIFY\">\n<pre class=\"western\" lang=\"es-AR\"><span style=\"font-family: Arial, sans-serif;\"><span style=\"font-size: medium;\"><span lang=\"es-ES\"><u><b>Bloques Juntos,  Juntos por el Cambio: Proyecto de Resoluci\u00f3n:<\/b><\/u><\/span><\/span><\/span> <span style=\"font-family: Arial, sans-serif;\"><span style=\"font-size: medium;\">Solicitar al Subsecretario de Planificaci\u00f3n e Inteligencia Criminal, Sebasti\u00e1n Fern\u00e1ndez Ciatti, perteneciente al Ministerio de Seguridad de la Provincia, env\u00ede con celeridad a este Cuerpo, el Plan de Inversi\u00f3n del Fondo de Fortalecimiento de Seguridad confeccionado para el a\u00f1o 2022 por el Municipio de Tornquist con su respectiva aprobaci\u00f3n. <\/span><\/span><\/pre>\n<p lang=\"es-ES\" align=\"JUSTIFY\"><span style=\"font-family: Arial, sans-serif;\"><span style=\"font-size: medium;\">Este Proyecto consta de 2 Art\u00edculos.<\/span><\/span><\/p>\n<p lang=\"es-ES\" align=\"JUSTIFY\"><span style=\"font-family: Arial, sans-serif;\"><span style=\"font-size: medium;\">Firmado por:<\/span><\/span><\/p>\n<p lang=\"es-ES\" align=\"JUSTIFY\"><span style=\"font-family: Arial, sans-serif;\"><span style=\"font-size: medium;\">Luis Castro, Presidente Bloque Juntos<\/span><\/span><\/p>\n<p lang=\"es-ES\" align=\"JUSTIFY\"><span style=\"font-family: Arial, sans-serif;\"><span style=\"font-size: medium;\">Sebasti\u00e1n Bassi, Presidente Bloque Juntos por el Cambio<\/span><\/span><\/p>\n<p align=\"JUSTIFY\"><span style=\"font-family: Arial, sans-serif;\"><span style=\"font-size: medium;\"><span lang=\"es-ES\">Se solicita formaci\u00f3n de Expte. y tratamiento sobre Tablas.<\/span><\/span><\/span><\/p>\n<pre class=\"western\" lang=\"es-AR\"><span style=\"font-family: Arial, sans-serif;\"><span style=\"font-size: medium;\">Se forma el Expediente N\u00ba 7684\/23 y se aprueba por unanimidad  la Resoluci\u00f3n N\u00ba 30 \/23  por la que se solicita al Subsecretario de Planificaci\u00f3n e Inteligencia Criminal, Sebasti\u00e1n Fern\u00e1ndez Ciatti, perteneciente al Ministerio de Seguridad de la Provincia, env\u00ede con celeridad a este Cuerpo, el Plan de Inversi\u00f3n del Fondo de Fortalecimiento de Seguridad confeccionado para el a\u00f1o 2022 por el Municipio de Tornquist con su respectiva aprobaci\u00f3n. La solicitud se basa en que el  Municipio de Tornquist en el a\u00f1o 2022 recibi\u00f3 22 millones de pesos a trav\u00e9s del Fondo Municipal de Fortalecimiento de la Seguridad. En julio del a\u00f1o 2022 desde este Cuerpo se present\u00f3 Pedido de Informe en referencia a dicho Fondo (Expte. 7488\/22). Del mismo  se obtuvo respuesta parcial. El d\u00eda 3 de agosto de 2022 fue enviado al D.E. para que adjunte al P.I. rendici\u00f3n detallada de los recursos invertidos hasta ese momento. Hasta el d\u00eda de la fecha no se ha obtenido respuesta de la informaci\u00f3n solicitada. El Municipio confeccion\u00f3 un Plan de Inversi\u00f3n que fue aprobado por la Subsecretaria de Planificaci\u00f3n e Inteligencia Criminal del Ministerio de Seguridad de la Provincia.-<\/span><\/span><\/pre>\n<p align=\"JUSTIFY\"><span style=\"font-family: Arial, sans-serif;\"><span style=\"font-size: medium;\"><span lang=\"es-ES\"><u><b>Bloques Juntos y Juntos por el Cambio: Proyecto de Resoluci\u00f3n:<\/b><\/u><\/span><\/span><\/span> <span style=\"font-family: Arial, sans-serif;\"><span style=\"font-size: medium;\">Repudiar a las conductas y declaraciones del Sr. Intendente Municipal, Sergio Bordoni, atacando a la Instituci\u00f3n y a los ediles que las integran <\/span><\/span><\/p>\n<p lang=\"es-ES\" align=\"JUSTIFY\"><span style=\"font-family: Arial, sans-serif;\"><span style=\"font-size: medium;\">Este Proyecto consta de 2 Art\u00edculos.<\/span><\/span><\/p>\n<p lang=\"es-ES\" align=\"JUSTIFY\"><span style=\"font-family: Arial, sans-serif;\"><span style=\"font-size: medium;\">Firmado por:<\/span><\/span><\/p>\n<p lang=\"es-ES\" align=\"JUSTIFY\"><span style=\"font-family: Arial, sans-serif;\"><span style=\"font-size: medium;\">Luis Castro, Presidente Bloque Juntos<\/span><\/span><\/p>\n<p lang=\"es-ES\" align=\"JUSTIFY\"><span style=\"font-family: Arial, sans-serif;\"><span style=\"font-size: medium;\">Sebasti\u00e1n Bassi, Presidente Bloque Juntos por el Cambio<\/span><\/span><\/p>\n<p align=\"JUSTIFY\"><span style=\"font-family: Arial, sans-serif;\"><span style=\"font-size: medium;\"><span lang=\"es-ES\">Se solicita formaci\u00f3n de Expte. y tratamiento sobre Tablas.<\/span><\/span><\/span><\/p>\n<p align=\"JUSTIFY\"><span style=\"font-family: Arial, sans-serif;\"><span style=\"font-size: medium;\">Se forma el Expediente N\u00ba 7685\/23 y se aprueba por mayor\u00eda (votaci\u00f3n 6 a 6 define el voto de la Presidente) la Resoluci\u00f3n N\u00ba 31 \/23 por la que se repudian las conductas y declaraciones del Sr. Intendente Municipal, Sergio Bordoni, atacando a la Instituci\u00f3n y a los ediles que las integran.-<\/span><\/span><\/p>\n<p align=\"JUSTIFY\"><span style=\"font-family: Arial, sans-serif;\"><span style=\"font-size: medium;\"><span lang=\"es-ES\"><u><b>Bloque Frente de Todos: Proyecto de Resoluci\u00f3n:<\/b><\/u><\/span><\/span><\/span> <span style=\"font-family: Arial, sans-serif;\"><span style=\"font-size: medium;\">Declarar de Inter\u00e9s Municipal el proyecto denominado \u201cFolleto para la prevenci\u00f3n y concientizaci\u00f3n de incendios forestales en la Comarca Serrana\u201d realizado <\/span><\/span><span style=\"font-family: Arial, sans-serif;\"><span style=\"font-size: medium;\">por <\/span><\/span><span style=\"font-family: Arial, sans-serif;\"><span style=\"font-size: medium;\">los ni\u00f1os y ni\u00f1as de las 3\u00b0 secciones del jard\u00edn de infantes N\u00b0 902 de la localidad de Saldungaray. <\/span><\/span><\/p>\n<p align=\"JUSTIFY\"><span style=\"font-family: Arial, sans-serif;\"><span style=\"font-size: medium;\">Disponer en cada oficina o punto tur\u00edstico del distrito de Tornquist la folleter\u00eda acompa\u00f1ada de banners. <\/span><\/span><\/p>\n<p align=\"JUSTIFY\"><span style=\"font-family: Arial, sans-serif;\"><span style=\"font-size: medium;\">Enviar copia de la presente al jard\u00edn de infantes N\u00b0 902 de la localidad de Saldungaray Juan Ram\u00f3n Jim\u00e9nez. <\/span><\/span><\/p>\n<p lang=\"es-ES\" align=\"JUSTIFY\"><span style=\"font-family: Arial, sans-serif;\"><span style=\"font-size: medium;\">Este Proyecto consta de 4 Art\u00edculos.<\/span><\/span><\/p>\n<p lang=\"es-ES\" align=\"JUSTIFY\"><span style=\"font-family: Arial, sans-serif;\"><span style=\"font-size: medium;\">Firmado por: Marcela Gimenez, Presidente Bloque Frente de Todos.<\/span><\/span><\/p>\n<p align=\"JUSTIFY\"><span style=\"font-family: Arial, sans-serif;\"><span style=\"font-size: medium;\"><span lang=\"es-ES\">Se solicita formaci\u00f3n de Expte. y tratamiento sobre Tablas.<\/span><\/span><\/span><\/p>\n<p align=\"JUSTIFY\"><span style=\"font-family: Arial, sans-serif;\"><span style=\"font-size: medium;\">Se forma el Expediente N\u00ba 7689\/23 y se aprueba por unanimidad la Resoluci\u00f3n N\u00ba 34 \/23 por la que se declara de Inter\u00e9s Municipal el proyecto denominado \u201cFolleto para la prevenci\u00f3n y concientizaci\u00f3n de incendios forestales en la Comarca Serrana\u201d realizado <\/span><\/span><span style=\"font-family: Arial, sans-serif;\"><span style=\"font-size: medium;\">por <\/span><\/span><span style=\"font-family: Arial, sans-serif;\"><span style=\"font-size: medium;\">los ni\u00f1os y ni\u00f1as de las 3\u00b0 secciones del jard\u00edn de infantes N\u00b0 902 de la localidad de Saldungaray.-<\/span><\/span><\/p>\n<p align=\"JUSTIFY\"><span style=\"font-family: Arial, sans-serif;\"><span style=\"font-size: medium;\"><span lang=\"es-ES\"><u><b>Bloques Juntos y Juntos por el Cambio: Pedido de Informe:<\/b><\/u><\/span><\/span><\/span> <span style=\"font-family: Arial, sans-serif;\"><span style=\"font-size: medium;\">Visto l<\/span><\/span><span style=\"font-family: Arial, sans-serif;\"><span style=\"font-size: medium;\">a Ley Provincial N\u00b0 11748, la Ley Provincial N\u00b0 13178, y la <\/span><\/span><span style=\"font-family: Arial, sans-serif;\"><span style=\"font-size: medium;\">fiesta privada con fines de lucro organizada por comercio local en campo ubicado en cercan\u00edas a la localidad de Villa Ventana:<\/span><\/span><\/p>\n<p align=\"JUSTIFY\"><span style=\"font-family: Arial, sans-serif;\"><span style=\"font-size: medium;\">Se solicita al Intendente Municipal, Sr. Sergio Bordoni, env\u00ede con celeridad a este Cuerpo, la siguiente informaci\u00f3n en referencia al evento: <\/span><\/span><\/p>\n<ul>\n<li>\n<p lang=\"es-ES\" align=\"JUSTIFY\"><span style=\"font-family: Arial, sans-serif;\"><span style=\"font-size: medium;\">Habilitaci\u00f3n Municipal.<\/span><\/span><\/p>\n<\/li>\n<li>\n<p lang=\"es-ES\" align=\"JUSTIFY\"><span style=\"font-family: Arial, sans-serif;\"><span style=\"font-size: medium;\">Operativo de seguridad realizado.<\/span><\/span><\/p>\n<\/li>\n<li>\n<p lang=\"es-ES\" align=\"JUSTIFY\"><span style=\"font-family: Arial, sans-serif;\"><span style=\"font-size: medium;\">Cantidad de asistentes (Aprox.).<\/span><\/span><\/p>\n<\/li>\n<li>\n<p lang=\"es-ES\" align=\"JUSTIFY\"><span style=\"font-family: Arial, sans-serif;\"><span style=\"font-size: medium;\">Valor de las entradas.<\/span><\/span><\/p>\n<\/li>\n<li>\n<p lang=\"es-ES\" align=\"JUSTIFY\"><span style=\"font-family: Arial, sans-serif;\"><span style=\"font-size: medium;\">Actuaciones realizadas frente al incidente en el acceso a Villa Ventana. <\/span><\/span><\/p>\n<\/li>\n<\/ul>\n<p lang=\"es-ES\" align=\"JUSTIFY\"><span style=\"font-family: Arial, sans-serif;\"><span style=\"font-size: medium;\">Este Proyecto consta de 2 Art\u00edculos.<\/span><\/span><\/p>\n<p lang=\"es-ES\" align=\"JUSTIFY\"><span style=\"font-family: Arial, sans-serif;\"><span style=\"font-size: medium;\">Firmado por:<\/span><\/span><\/p>\n<p lang=\"es-ES\" align=\"JUSTIFY\"><span style=\"font-family: Arial, sans-serif;\"><span style=\"font-size: medium;\">Luis Castro, Presidente Bloque Juntos<\/span><\/span><\/p>\n<p lang=\"es-ES\" align=\"JUSTIFY\"><span style=\"font-family: Arial, sans-serif;\"><span style=\"font-size: medium;\">Sebasti\u00e1n Bassi, Presidente Bloque Juntos por el Cambio<\/span><\/span><\/p>\n<p align=\"JUSTIFY\"><span style=\"font-family: Arial, sans-serif;\"><span style=\"font-size: medium;\"><span lang=\"es-ES\">Se solicita formaci\u00f3n de Expte. y tratamiento sobre Tablas.<\/span><\/span><\/span><\/p>\n<p align=\"JUSTIFY\"><span style=\"font-family: Arial, sans-serif;\"><span style=\"font-size: medium;\">Se forma el Expediente N\u00ba 7686\/23 y se aprueba por mayor\u00eda (Votaci\u00f3n 6 a 6, define el voto de la Presidente) el dictamen que solicitan enviar el mismo al Departamento Ejecutivo a fin que se d\u00e9 respuesta a lo solicitado.- <\/span><\/span><\/p>\n<p align=\"JUSTIFY\"><span style=\"font-family: Arial, sans-serif;\"><span style=\"font-size: medium;\"><span lang=\"es-ES\"><u><b>H.C.D. Proyecto de Resoluci\u00f3n:<\/b><\/u><\/span><\/span><\/span> <span style=\"font-family: Arial, sans-serif;\"><span style=\"font-size: medium;\">Dejar sin efecto la Resoluci\u00f3n N\u00ba 23\/16 para el ejercicio 2023.<\/span><\/span><\/p>\n<p align=\"JUSTIFY\"><span style=\"font-family: Arial, sans-serif;\"><span style=\"font-size: medium;\">Convocar a Sesi\u00f3n Extraordinaria, a todos los abanderados y sus escoltas de las banderas Argentina y Bonaerense, quienes resulten portadores de los pabellones al momento de su convocatoria de acuerdo al siguiente cronograma:<\/span><\/span><\/p>\n<p align=\"JUSTIFY\"><span style=\"font-family: Arial, sans-serif;\"><span style=\"font-size: medium;\">D\u00eda 27 de noviembre: Teatro Municipal \u201cRodolfo Funke\u201d de Tornquist.<\/span><\/span><\/p>\n<p align=\"JUSTIFY\"><span style=\"font-family: Arial, sans-serif;\"><span style=\"font-size: medium;\">D\u00eda 28 de noviembre: Escuela Primaria N\u00ba 2 de Saldungaray<\/span><\/span><\/p>\n<p align=\"JUSTIFY\"><span style=\"font-family: Arial, sans-serif;\"><span style=\"font-size: medium;\">D\u00eda 29 de noviembre: Club Atl\u00e9tico Pelicurense de Pelicur\u00e1<\/span><\/span><\/p>\n<p align=\"JUSTIFY\"><span style=\"font-family: Arial, sans-serif;\"><span style=\"font-size: medium;\">Enviar nota a cada Establecimiento Educativo, solicitando que se env\u00ede a la Secretar\u00eda del Honorable Concejo Deliberante la n\u00f3mina de los abanderados y escoltas con su correspondiente ense\u00f1a. <\/span><\/span><\/p>\n<p align=\"JUSTIFY\"><span style=\"font-family: Arial, sans-serif;\"><span style=\"font-size: medium;\">Realizar la confecci\u00f3n de diplomas de reconocimiento por su esfuerzo, dedicaci\u00f3n, compromiso y responsabilidad a todos los abanderados y sus escoltas de las banderas Argentina y Bonaerense que resulten portadores de los pabellones.<\/span><\/span><\/p>\n<p align=\"JUSTIFY\"><span style=\"font-family: Arial, sans-serif;\"><span style=\"font-size: medium;\">Autorizar a la Presidencia del H.C.D. a efectuar los gastos correspondientes para dar cumplimiento a la presente Resoluci\u00f3n. <\/span><\/span><\/p>\n<p align=\"JUSTIFY\"><span style=\"font-family: Arial, sans-serif;\"><span style=\"font-size: medium;\"><span lang=\"es-ES\">Este Proyecto consta de 6 Art\u00edculos.<\/span><\/span><\/span><\/p>\n<p lang=\"es-ES\" align=\"JUSTIFY\"><span style=\"font-family: Arial, sans-serif;\"><span style=\"font-size: medium;\">Firmado por:<\/span><\/span><\/p>\n<p lang=\"es-ES\" align=\"JUSTIFY\"><span style=\"font-family: Arial, sans-serif;\"><span style=\"font-size: medium;\">Luis Castro, Presidente Bloque Juntos<\/span><\/span><\/p>\n<p lang=\"es-ES\" align=\"JUSTIFY\"><span style=\"font-family: Arial, sans-serif;\"><span style=\"font-size: medium;\">Sebasti\u00e1n Bassi, Presidente Bloque Juntos por el Cambio<\/span><\/span><\/p>\n<p lang=\"es-ES\" align=\"JUSTIFY\"><span style=\"font-family: Arial, sans-serif;\"><span style=\"font-size: medium;\">Marcela Gimenez, Presidente Bloque Frente de Todos.<\/span><\/span><\/p>\n<p lang=\"es-ES\" align=\"JUSTIFY\"><span style=\"font-family: Arial, sans-serif;\"><span style=\"font-size: medium;\">Viviana Montibeller, Presidente Bloque Acci\u00f3n por Tornquist.<\/span><\/span><\/p>\n<p align=\"JUSTIFY\"><span style=\"font-family: Arial, sans-serif;\"><span style=\"font-size: medium;\"><span lang=\"es-ES\">Se solicita formaci\u00f3n de Expte. y tratamiento sobre Tablas.<\/span><\/span><\/span><\/p>\n<p align=\"JUSTIFY\"><span style=\"font-family: Arial, sans-serif;\"><span style=\"font-size: medium;\">Se forma el Expediente N\u00ba 7687\/23 aprueba por unanimidad la Resoluci\u00f3n N\u00ba 32 \/23, por la que se deja sin efecto la Resoluci\u00f3n N\u00ba 23\/16 para el ejercicio 2023. Se convoca a Sesi\u00f3n Extraordinaria, a todos los abanderados y sus escoltas de las banderas Argentina y Bonaerense, quienes resulten portadores de los pabellones al momento de su convocatoria de acuerdo al siguiente cronograma:<\/span><\/span><\/p>\n<p align=\"JUSTIFY\"><span style=\"font-family: Arial, sans-serif;\"><span style=\"font-size: medium;\">D\u00eda 27 de noviembre: Teatro Municipal \u201cRodolfo Funke\u201d de Tornquist.<\/span><\/span><\/p>\n<p align=\"JUSTIFY\"><span style=\"font-family: Arial, sans-serif;\"><span style=\"font-size: medium;\">D\u00eda 28 de noviembre: Escuela Primaria N\u00ba 2 de Saldungaray<\/span><\/span><\/p>\n<p align=\"JUSTIFY\"><span style=\"font-family: Arial, sans-serif;\"><span style=\"font-size: medium;\">D\u00eda 29 de noviembre: Club Atl\u00e9tico Pelicurense de Pelicur\u00e1<\/span><\/span><\/p>\n<p lang=\"es-ES\" align=\"JUSTIFY\"><span style=\"font-family: Arial, sans-serif;\"><span style=\"font-size: medium;\"><u><b>Asuntos Particulares <\/b><\/u><\/span><\/span><\/p>\n<p lang=\"es-ES\" align=\"JUSTIFY\"><span style=\"font-family: Times New Roman, serif;\"><span style=\"font-size: medium;\"><span style=\"font-family: Arial, sans-serif;\"><span lang=\"es-ES\"><u><b>N.P N\u00ba 062\/23 Jard\u00edn de Infantes N\u00ba 903- Sierra de la Ventana:<\/b><\/u><\/span><\/span><span style=\"font-family: Arial, sans-serif;\"><span lang=\"es-ES\"> Solicitud de Banca 13 para la presentaci\u00f3n de un proyecto que pueda contribuir a la tenencia responsable de mascota.<\/span><\/span><\/span><\/span><\/p>\n<p lang=\"es-ES\" align=\"JUSTIFY\"><span style=\"font-family: Times New Roman, serif;\"><span style=\"font-size: medium;\"><span style=\"font-family: Arial, sans-serif;\"><span lang=\"es-ES\">Se solicita formaci\u00f3n de Expte. y pase a Comisi\u00f3n.-<\/span><\/span><\/span><\/span><\/p>\n<p lang=\"es-ES\" align=\"JUSTIFY\"><span style=\"font-family: Times New Roman, serif;\"><span style=\"font-size: medium;\"><span style=\"font-family: Arial, sans-serif;\"><span lang=\"es-ES\"><u><b>N.P N\u00ba 066\/23- Direcci\u00f3n General de Cultura y Educaci\u00f3n- Tornquist.-<\/b><\/u><\/span><\/span><span style=\"font-family: Arial, sans-serif;\"><span lang=\"es-ES\"> Solicita que este Cuerpo habilite al Intendente Municipal Sergio Bordoni a suscribir un contrato de comodato entre la Direcci\u00f3n General de Cultura y Educaci\u00f3n y la Municipalidad de Tornquist, sobre el inmueble sito en calle Uriburu, el que ser\u00e1 utilizado para la creaci\u00f3n de un Centro Universitario- Programa \u201cPuentes\u201d.<\/span><\/span><\/span><\/span><\/p>\n<p lang=\"es-ES\" align=\"JUSTIFY\"><span style=\"font-family: Arial, sans-serif;\"><span style=\"font-size: medium;\">Desde secretar\u00eda se trasladar\u00e1 dicha inquietud al Departamento Ejecutivo.-<\/span><\/span><\/p>\n<p align=\"JUSTIFY\"><span style=\"font-family: Arial, sans-serif;\"><span style=\"font-size: medium;\">Alocuciones de los Concejales:<\/span><\/span><\/p>\n<p align=\"JUSTIFY\"><span style=\"font-family: Arial, sans-serif;\"><span style=\"font-size: medium;\">Concejal Elisabet Nori:<\/span><\/span><\/p>\n<p align=\"JUSTIFY\">\u201c<span style=\"font-family: Arial, sans-serif;\"><span style=\"font-size: medium;\">Yo me voy a referir, teniendo en cuenta el pedido de, la Resoluci\u00f3n que present\u00f3 nuestros Bloques de Juntos y Juntos por el Cambio respecto al repudio a los dichos del se\u00f1or Intendente Municipal en referencia a el accionar de este Concejo Deliberante. Quiero destacar que nosotros vivimos en un Estado Republicano, cosa que no es novedad, donde existen tres poderes, ejecutivo, legislativo y judicial. Cada poder tiene su independencia, tiene sus propios objetivos, y por ende cada uno de los poderes debe respetar la injerencia, o el campo de injerencia del otro poder, sin tratar de intervenir o forzar actuaciones a su favor, como lo hemos visto tambi\u00e9n a nivel nacional con el Poder Ejecutivo, donde se han utilizado artilugios administrativos para sostener a una jueza por conveniencia, que estaba en situaci\u00f3n de jubilaci\u00f3n, sostenerla en calidad de activa. Creo que en este a\u00f1o donde se cumplen 40 a\u00f1os de democracia, afortunadamente, en este pa\u00eds donde dijimos en una oportunidad \u201cnunca m\u00e1s\u201d, y afortunadamente y con la colaboraci\u00f3n de todos lo estamos cumpliendo, creo que marcar el Estado Republicano de independencia de los poderes y el respeto por las instituciones de la democracia es lo que mejor podemos hacer y lo que mejor podemos defender. Nada m\u00e1s se\u00f1ora Presidente\u201d.<\/span><\/span><\/p>\n<p><iframe loading=\"lazy\" title=\"2023 10 04 HCD 1 ELISABET NORI\" width=\"500\" height=\"281\" src=\"https:\/\/www.youtube.com\/embed\/uFDIwCifBts?feature=oembed\" frameborder=\"0\" allow=\"accelerometer; autoplay; clipboard-write; encrypted-media; gyroscope; picture-in-picture; web-share\" referrerpolicy=\"strict-origin-when-cross-origin\" allowfullscreen><\/iframe><\/p>\n<p lang=\"es-US\" align=\"JUSTIFY\"><span style=\"font-family: Arial, sans-serif;\"><span style=\"font-size: medium;\">Concejal Luis Castro:<\/span><\/span><\/p>\n<p align=\"JUSTIFY\">\u201c<span style=\"font-family: Arial, sans-serif;\"><span style=\"font-size: medium;\"><span lang=\"es-US\">Bueno, en primer lugar quiero referirme al Expediente 344\/23, que es la autorizaci\u00f3n de la firma de un Convenio para el acondicionamiento integral de la planta depuradora de l\u00edquidos cloacales. Y tal vez se\u00f1alar algo en cuanto a esto, que en 2018, 2019 esa planta se reacondicion\u00f3, se cambiaron las bombas, cuatro bombas nuevas, seis aireadores, se sacaron los barros, instalaci\u00f3n el\u00e9ctrica, restauraci\u00f3n del edificio, entonces ser\u00eda importante que tengamos informaci\u00f3n de este acondicionamiento integral, en qu\u00e9 consiste, qu\u00e9 obras se van a hacer, porque la verdad que llama la atenci\u00f3n que hace cuatro a\u00f1os se hizo un acondicionamiento integral de esa planta, que no se hac\u00eda por lo menos 25 o 30 a\u00f1os, y cuatro a\u00f1os despu\u00e9s estamos acondicionando integralmente devuelta esa planta. Si es otra obra que no se hab\u00eda hecho en su momento, o si lo que se hizo en su momento fall\u00f3, se hizo mal o no s\u00e9, pero estar\u00eda bueno tener informaci\u00f3n de cu\u00e1les van a ser los trabajos que se van a realizar. Tambi\u00e9n quer\u00eda hacer referencia a la Ordenanza que aprobamos hoy ac\u00e1 del Parque Ap\u00edcola, un proyecto presentado por el Bloque de Cambiemos y Juntos por el Cambio all\u00e1 por 2021. Un proyecto que fue enviado al Ejecutivo, Legales hizo las observaciones en cuanto a la entrega de tierras a los productores ap\u00edcolas, nosotros como Bloques hicimos la reforma, tuvimos reuniones con el Ejecutivo, todos los Concejales de todos los Bloques, y bueno, enhorabuena, hoy podemos estar aprobando esta ordenanza que llev\u00f3 tiempo, pero era un pedido de los productores ap\u00edcolas y de la Cooperativa Ap\u00edcola de Tornquist, un pedido de varios a\u00f1os, y tambi\u00e9n ten\u00edamos antecedentes de que el municipio ven\u00eda trabajando con lo que ser\u00eda el Parque Ap\u00edcola desde el a\u00f1o 2005, antecedentes normativos. As\u00ed que es positivo avanzar en esto porque m\u00e1s all\u00e1 de que falten reformas en el C\u00f3digo de Planeamiento Urbano, y la subdivisi\u00f3n aprobada de ese lote creo que es bueno empezar a ordenar, y tomar una solicitud y una necesidad de los productores ap\u00edcolas. Y por \u00faltimo, quiero se\u00f1alar, como hizo la Concejal Nori, algo al respecto de la resoluci\u00f3n que aprobamos hoy del repudio a las declaraciones del Intendente Sergio Bordoni, a las declaraciones y a la conducta. Que no es nada nuevo en su persona y en su responsabilidad como funcionario p\u00fablico, de que ataque al Concejo Deliberante. Desde que asumimos, hace aproximadamente dos a\u00f1os siempre atac\u00f3 a la instituci\u00f3n, pero bueno, en las \u00faltimas semanas se potenci\u00f3, y la verdad que no corresponde que el primer mandatario del Distrito, nos diga que los Concejales decimos estupideces, que no trabajamos, que somos inoperantes, que si tenemos sentido com\u00fan nos va a respetar, va a respetar la divisi\u00f3n de poderes, sino no. La verdad que esas cosas no las puede decir, y si las dice que las explique porque la verdad que son inexplicables. Y nosotros con esta resoluci\u00f3n no venimos a defender a nuestro Bloque, no venimos a defender a los Concejales que integran nuestro Bloque, no vengo a defenderme personalmente como Presidente de Bloque, porque en muchas declaraciones me ha atacado a m\u00ed como Presidente de Bloque, como Concejal, sino que venimos a defender la instituci\u00f3n del Concejo Deliberante, porque si no la defendemos nosotros qui\u00e9n la va a defender. Y la verdad que si miramos los expedientes del \u00faltimo tiempo jam\u00e1s este Concejo Deliberante puso palos en la rueda como manifiesta el Intendente, jam\u00e1s, mucho menos para las obras p\u00fablicas, como tambi\u00e9n dijo el Intendente. Nunca, no hay nada que demuestre eso. S\u00ed, obviamente, no somos una mayor\u00eda autom\u00e1tica, como ha tenido lamentablemente nuestro Concejo Deliberante en estos cuarenta a\u00f1os de democracia, y hay que hacer autocr\u00edtica tambi\u00e9n de eso, que hemos tenido mayor\u00edas autom\u00e1ticas, pero la verdad que eso no es positivo para la democracia, porque ya lo hemos dicho alguna vez, si el Intendente quiere que esto sea una oficina administrativa, pongamos a dos, tres empleados administrativos, que no haya m\u00e1s concejales y hacemos, ya que tanto se habla ahora, achicamos el gasto p\u00fablico, porque parece que lo que quiere el Intendente es eso, que esto sea una oficina administrativa, donde suban los expedientes y se aprueben, y no se discutan y de la noche a la ma\u00f1ana. Eso no va a pasar, sabemos que el Intendente sue\u00f1a con ponerle una cadena y un candado al Concejo Deliberante, por lo menos el tiempo que le queda como Intendente, y si renueva el mandato, pero mientras estemos nosotros, y mientras est\u00e9 yo como Presidente de Bloque no va a poner ni una cadena, ni un candado, y vamos a seguir marcando las cuestiones que tenemos que marcar, es nuestra responsabilidad. Los vecinos nos votaron y nos pusieron en una banca para que hagamos el trabajo que nos corresponde, que est\u00e1 en la Ley. Nosotros no venimos a, no trabajamos con el sentido com\u00fan, m\u00e1s all\u00e1 que lo tenemos, pero la verdad, si el Intendente gestiona con el sentido com\u00fan, est\u00e1 al horno, estamos al horno como Distrito y como sociedad. Y si pretende que los Concejales, los doce Concejales legislemos y tratemos los expedientes solamente con sentido com\u00fan, tambi\u00e9n est\u00e1 al horno, digamos, si hacemos eso. Tenemos sentido com\u00fan, s\u00ed, hay leyes y hay normativas y hay herramientas que tenemos que respetar y utilizar. As\u00ed que le digo al Intendente que por lo menos lo que le queda de mandato y si renueva que ser\u00e1n cuatro a\u00f1os m\u00e1s, que se quede, no tranquilo, que se quede intranquilo que el Concejo Deliberante va a seguir funcionando de la misma manera. Muchas gracias\u201d.<\/span><\/span><\/span><\/p>\n<p><iframe loading=\"lazy\" title=\"2023 10 04 HCD 2 LUIS CASTRO\" width=\"500\" height=\"281\" src=\"https:\/\/www.youtube.com\/embed\/5p3gmupqLsA?feature=oembed\" frameborder=\"0\" allow=\"accelerometer; autoplay; clipboard-write; encrypted-media; gyroscope; picture-in-picture; web-share\" referrerpolicy=\"strict-origin-when-cross-origin\" allowfullscreen><\/iframe><\/p>\n<p align=\"JUSTIFY\"><span style=\"font-family: Arial, sans-serif;\"><span style=\"font-size: medium;\"><span lang=\"es-US\">Concejal Mar\u00eda Romero:<\/span><\/span><\/span><\/p>\n<p align=\"JUSTIFY\">\u201c<span style=\"font-family: Arial, sans-serif;\"><span style=\"font-size: medium;\"><span lang=\"es-US\">Bueno yo me quiero referir, al proyecto de resoluci\u00f3n que aprobamos, y agradecer a los Bloques de las distintas bancadas que aprobaron el acompa\u00f1amiento de que lleve el nombre del escenario de Reyes Magos, el nombre de Oscar Kaltembach y Ren\u00e9 Dolera. Dos personas que realmente han dado todo por la fiesta de Reyes Magos. Oscar Kaltembach desde 1965 que est\u00e1 llevando adelante la fiesta, as\u00ed que es un orgullo poder homenajearlo con un reconocimiento en nombre de toda la comunidad, porque, qui\u00e9n de todos nosotros, no hemos vivido la fiesta de Reyes Magos esperando el 5 de enero con esa ilusi\u00f3n de escucharlo a Oscar y a Ren\u00e9 en sus relatos, y esperando los Reyes Magos. Qui\u00e9nes de nosotros no hemos llevado a nuestros hijos a la fiesta y ha sido siempre una verdadera fiesta de ilusi\u00f3n, y de emoci\u00f3n para los chicos. Es un conjunto enorme, porque eso se ha trabajado siempre con bomberos voluntarios, y un equipo detr\u00e1s, pero bueno, los que han estado, la voz de Oscar y de Ren\u00e9 que hoy bueno, nos acompa\u00f1a desde otro lugar, pero bueno, siempre es bueno recordarlo. Y bueno, agradezco, \u00bfno?, que se haya aprobado esto para dejar un reconocimiento a estas dos grandes personas que han marcado en Sierra de la Ventana la Fiesta de Reyes Magos, as\u00ed que muchas gracias\u201d.<\/span><\/span><\/span><\/p>\n<p><iframe loading=\"lazy\" title=\"2023 10 04 HCD 3 MARIA ROMERO\" width=\"500\" height=\"281\" src=\"https:\/\/www.youtube.com\/embed\/yrxPBQLmsqc?feature=oembed\" frameborder=\"0\" allow=\"accelerometer; autoplay; clipboard-write; encrypted-media; gyroscope; picture-in-picture; web-share\" referrerpolicy=\"strict-origin-when-cross-origin\" allowfullscreen><\/iframe><\/p>\n<p lang=\"es-US\" align=\"JUSTIFY\"><span style=\"font-family: Arial, sans-serif;\"><span style=\"font-size: medium;\">Concejal Marcela Gimenez:<\/span><\/span><\/p>\n<p align=\"JUSTIFY\">\u201c<span style=\"font-family: Arial, sans-serif;\"><span style=\"font-size: medium;\"><span lang=\"es-US\">En principio, bueno, referirme tambi\u00e9n al Proyecto de Resoluci\u00f3n que hemos presentado con respecto al folleto que ha realizado el Jard\u00edn 902 de Saldungaray, y el pedido de ese folleto en las oficinas de turismo, con respecto a la prevenci\u00f3n de incendios forestales. La verdad que es un proyecto sumamente interesante, que parte del inter\u00e9s de los ni\u00f1os y de una problem\u00e1tica que tenemos en la Comarca y en el Distrito, y nos pareci\u00f3 important\u00edsimo que este Cuerpo pudiera acompa\u00f1ar ese proyecto, solicitando la incorporaci\u00f3n de estos folletos en las oficinas de turismo, y declararlo por supuesto, de Inter\u00e9s Municipal, nada m\u00e1s ni nada menos, porque ha pasado por tres instancias como bien lo dijeron las chicas en la Banca 13, por la instancia institucional, por la instancia distrital y por la instancia regional, cuesti\u00f3n que no es menor para un nivel inicial y por supuesto no es menor para un trabajo de investigaci\u00f3n, y que realizan los docentes y los ni\u00f1os a la par, As\u00ed que en principio eso. Y tambi\u00e9n destacar la Ordenanza sobre la regulaci\u00f3n del Parque Ap\u00edcola, la verdad que nuestra provincia promueve acciones destinadas a mejorar y a coordinar la producci\u00f3n y la comercializaci\u00f3n regional, sobre todo el desarrollo sustentable y ambiental de estos peque\u00f1os productores regionales, y poder destinar tambi\u00e9n y regular el espacio f\u00edsico como tambi\u00e9n la mejora en la infraestructura para que estos peque\u00f1os productores puedan llevar adelante justamente su labor, y sobre todo incentivar y motivar al cooperativismo y a la asociaci\u00f3n tanto horizontal como vertical, cosa que la Cooperativa Ap\u00edcola lo viene realizando desde hace mucho tiempo as\u00ed que nos parece como Bloque sumamente interesante apoyar este tipo de propuestas y sobre todo porque vamos en l\u00ednea con las pol\u00edticas p\u00fablicas de nuestra Provincia, que lo cual nosotros por supuesto adherimos constantemente y promulgamos todo el tiempo porque adem\u00e1s estamos convencidos que es la manera de desarrollo sustentable, de un distrito en donde los peque\u00f1os productores pueden justamente desarrollar su actividad y poder llevar al comercio esto que realizan y la verdad que es valorable y llevarlo adelante, mejorarlo, e incentivarlo, motivarlo, y brindar estrategias para que siga sucediendo, es parte de la buena pol\u00edtica, de la pol\u00edtica que deber\u00edamos hacer todos para transformar la vida y la realidad de nuestra gente. Nada m\u00e1s y muchas gracias\u201d.<\/span><\/span><\/span><\/p>\n<p><iframe loading=\"lazy\" title=\"2023 10 04 HCD 4 MARCELA GIMENEZ\" width=\"500\" height=\"281\" src=\"https:\/\/www.youtube.com\/embed\/GxiH3TU1vvk?feature=oembed\" frameborder=\"0\" allow=\"accelerometer; autoplay; clipboard-write; encrypted-media; gyroscope; picture-in-picture; web-share\" referrerpolicy=\"strict-origin-when-cross-origin\" allowfullscreen><\/iframe><\/p>\n<p lang=\"es-AR\" align=\"JUSTIFY\"><em><strong><span style=\"color: #000000;\"><span style=\"font-family: Arial, sans-serif;\"><span style=\"font-size: medium;\">HONORABLE CONCEJO DELIBERANTE<\/span><\/span><\/span><\/strong><\/em><\/p>\n","protected":false},"excerpt":{"rendered":"<p>INFORME DE LA SESI\u00d3N ORDINARIA DE FECHA 03-10-23 Comunicaciones Oficiales: #Nota N\u00ba 141\/23: &#8211; I.M. \u2013 Solicitud pr\u00f3rroga elevaci\u00f3n del Proyecto de Ordenanza del C\u00e1lculo de Recursos y Presupuesto de Gastos para el Ejercicio 2024 hasta el 30 de noviembre de 2023.- Se aprueba por unanimidad la solicitud de pr\u00f3rroga.- #Expte. N\u00ba 165\/23: &#8211; Presidente [&hellip;]<\/p>\n","protected":false},"author":3,"featured_media":79521,"comment_status":"closed","ping_status":"closed","sticky":false,"template":"","format":"standard","meta":{"footnotes":""},"categories":[53],"tags":[],"class_list":["post-79520","post","type-post","status-publish","format-standard","has-post-thumbnail","hentry","category-politica"],"yoast_head":"<!-- This site is optimized with the Yoast SEO plugin v19.7.1 - https:\/\/yoast.com\/wordpress\/plugins\/seo\/ -->\n<title>Informe de la \u00faltima sesi\u00f3n ordinaria del HCD (Videos) - CELTTV<\/title>\n<meta name=\"description\" content=\"Sitio web de noticias de la localidad de Tornquist, provincia de Buenos Aires, Rep\u00fablica Argentina. Contenido propio originado por periodistas de CELTTV, el canal de TV local de la Cooperativa El\u00e9ctrica de Tornquist. Turismo, Pol\u00edtica, Sociedad, Deporte, Cultura y todo el contenido de inter\u00e9s general que la gente del pueblo y la regi\u00f3n debe conocer.\" \/>\n<meta name=\"robots\" content=\"index, follow, max-snippet:-1, max-image-preview:large, max-video-preview:-1\" \/>\n<link rel=\"canonical\" href=\"https:\/\/www.celttv.com.ar\/index.php\/2023\/10\/05\/informe-de-la-ultima-sesion-ordinaria-del-hcd-videos-6\/\" \/>\n<meta property=\"og:locale\" content=\"es_ES\" \/>\n<meta property=\"og:type\" content=\"article\" \/>\n<meta property=\"og:title\" content=\"Informe de la \u00faltima sesi\u00f3n ordinaria del HCD (Videos) - CELTTV\" \/>\n<meta property=\"og:description\" content=\"Sitio web de noticias de la localidad de Tornquist, provincia de Buenos Aires, Rep\u00fablica Argentina. Contenido propio originado por periodistas de CELTTV, el canal de TV local de la Cooperativa El\u00e9ctrica de Tornquist. Turismo, Pol\u00edtica, Sociedad, Deporte, Cultura y todo el contenido de inter\u00e9s general que la gente del pueblo y la regi\u00f3n debe conocer.\" \/>\n<meta property=\"og:url\" content=\"https:\/\/www.celttv.com.ar\/index.php\/2023\/10\/05\/informe-de-la-ultima-sesion-ordinaria-del-hcd-videos-6\/\" \/>\n<meta property=\"og:site_name\" content=\"CELTTV\" \/>\n<meta property=\"article:publisher\" content=\"https:\/\/www.facebook.com\/celtTV\/\" \/>\n<meta property=\"article:published_time\" content=\"2023-10-05T16:44:21+00:00\" \/>\n<meta property=\"og:image\" content=\"https:\/\/www.celttv.com.ar\/wp-content\/uploads\/2023\/10\/272977977_510181767444770_2654556856463420293_n.png\" \/>\n\t<meta property=\"og:image:width\" content=\"960\" \/>\n\t<meta property=\"og:image:height\" content=\"541\" \/>\n\t<meta property=\"og:image:type\" content=\"image\/png\" \/>\n<meta name=\"author\" content=\"Rodrigo Sgammini\" \/>\n<meta name=\"twitter:card\" content=\"summary_large_image\" \/>\n<meta name=\"twitter:label1\" content=\"Escrito por\" \/>\n\t<meta name=\"twitter:data1\" content=\"Rodrigo Sgammini\" \/>\n\t<meta name=\"twitter:label2\" content=\"Tiempo de lectura\" \/>\n\t<meta name=\"twitter:data2\" content=\"26 minutos\" \/>\n<script type=\"application\/ld+json\" class=\"yoast-schema-graph\">{\"@context\":\"https:\/\/schema.org\",\"@graph\":[{\"@type\":\"NewsArticle\",\"@id\":\"https:\/\/www.celttv.com.ar\/index.php\/2023\/10\/05\/informe-de-la-ultima-sesion-ordinaria-del-hcd-videos-6\/#article\",\"isPartOf\":{\"@id\":\"https:\/\/www.celttv.com.ar\/index.php\/2023\/10\/05\/informe-de-la-ultima-sesion-ordinaria-del-hcd-videos-6\/\"},\"author\":{\"name\":\"Rodrigo Sgammini\",\"@id\":\"https:\/\/www.celttv.com.ar\/#\/schema\/person\/495be51d064edd971d8457f8f64eb172\"},\"headline\":\"Informe de la \u00faltima sesi\u00f3n ordinaria del HCD (Videos)\",\"datePublished\":\"2023-10-05T16:44:21+00:00\",\"dateModified\":\"2023-10-05T16:44:21+00:00\",\"mainEntityOfPage\":{\"@id\":\"https:\/\/www.celttv.com.ar\/index.php\/2023\/10\/05\/informe-de-la-ultima-sesion-ordinaria-del-hcd-videos-6\/\"},\"wordCount\":5002,\"publisher\":{\"@id\":\"https:\/\/www.celttv.com.ar\/#organization\"},\"articleSection\":[\"Pol\u00edtica\"],\"inLanguage\":\"es\"},{\"@type\":\"WebPage\",\"@id\":\"https:\/\/www.celttv.com.ar\/index.php\/2023\/10\/05\/informe-de-la-ultima-sesion-ordinaria-del-hcd-videos-6\/\",\"url\":\"https:\/\/www.celttv.com.ar\/index.php\/2023\/10\/05\/informe-de-la-ultima-sesion-ordinaria-del-hcd-videos-6\/\",\"name\":\"Informe de la \u00faltima sesi\u00f3n ordinaria del HCD (Videos) - CELTTV\",\"isPartOf\":{\"@id\":\"https:\/\/www.celttv.com.ar\/#website\"},\"datePublished\":\"2023-10-05T16:44:21+00:00\",\"dateModified\":\"2023-10-05T16:44:21+00:00\",\"description\":\"Sitio web de noticias de la localidad de Tornquist, provincia de Buenos Aires, Rep\u00fablica Argentina. Contenido propio originado por periodistas de CELTTV, el canal de TV local de la Cooperativa El\u00e9ctrica de Tornquist. Turismo, Pol\u00edtica, Sociedad, Deporte, Cultura y todo el contenido de inter\u00e9s general que la gente del pueblo y la regi\u00f3n debe conocer.\",\"breadcrumb\":{\"@id\":\"https:\/\/www.celttv.com.ar\/index.php\/2023\/10\/05\/informe-de-la-ultima-sesion-ordinaria-del-hcd-videos-6\/#breadcrumb\"},\"inLanguage\":\"es\",\"potentialAction\":[{\"@type\":\"ReadAction\",\"target\":[\"https:\/\/www.celttv.com.ar\/index.php\/2023\/10\/05\/informe-de-la-ultima-sesion-ordinaria-del-hcd-videos-6\/\"]}]},{\"@type\":\"BreadcrumbList\",\"@id\":\"https:\/\/www.celttv.com.ar\/index.php\/2023\/10\/05\/informe-de-la-ultima-sesion-ordinaria-del-hcd-videos-6\/#breadcrumb\",\"itemListElement\":[{\"@type\":\"ListItem\",\"position\":1,\"name\":\"Inicio\",\"item\":\"https:\/\/www.celttv.com.ar\/\"},{\"@type\":\"ListItem\",\"position\":2,\"name\":\"Informe de la \u00faltima sesi\u00f3n ordinaria del HCD (Videos)\"}]},{\"@type\":\"WebSite\",\"@id\":\"https:\/\/www.celttv.com.ar\/#website\",\"url\":\"https:\/\/www.celttv.com.ar\/\",\"name\":\"CELTTV\",\"description\":\"Cooperativa El\u00e9ctrica de Tornquist\",\"publisher\":{\"@id\":\"https:\/\/www.celttv.com.ar\/#organization\"},\"potentialAction\":[{\"@type\":\"SearchAction\",\"target\":{\"@type\":\"EntryPoint\",\"urlTemplate\":\"https:\/\/www.celttv.com.ar\/?s={search_term_string}\"},\"query-input\":\"required name=search_term_string\"}],\"inLanguage\":\"es\"},{\"@type\":\"Organization\",\"@id\":\"https:\/\/www.celttv.com.ar\/#organization\",\"name\":\"CELTTV\",\"url\":\"https:\/\/www.celttv.com.ar\/\",\"sameAs\":[\"https:\/\/www.youtube.com\/channel\/UCz_oIt8Hig64Ub-EmcNPIhg\",\"https:\/\/www.facebook.com\/celtTV\/\"],\"logo\":{\"@type\":\"ImageObject\",\"inLanguage\":\"es\",\"@id\":\"https:\/\/www.celttv.com.ar\/#\/schema\/logo\/image\/\",\"url\":\"http:\/\/www.celttv.com.ar\/wp-content\/uploads\/2022\/08\/logo-1.png\",\"contentUrl\":\"http:\/\/www.celttv.com.ar\/wp-content\/uploads\/2022\/08\/logo-1.png\",\"width\":461,\"height\":159,\"caption\":\"CELTTV\"},\"image\":{\"@id\":\"https:\/\/www.celttv.com.ar\/#\/schema\/logo\/image\/\"}},{\"@type\":\"Person\",\"@id\":\"https:\/\/www.celttv.com.ar\/#\/schema\/person\/495be51d064edd971d8457f8f64eb172\",\"name\":\"Rodrigo Sgammini\",\"image\":{\"@type\":\"ImageObject\",\"inLanguage\":\"es\",\"@id\":\"https:\/\/www.celttv.com.ar\/#\/schema\/person\/image\/\",\"url\":\"https:\/\/secure.gravatar.com\/avatar\/68f7848d42735e7a9276b47cd6e606327d88f521c51ae39d88888b76902e2987?s=96&d=mm&r=g\",\"contentUrl\":\"https:\/\/secure.gravatar.com\/avatar\/68f7848d42735e7a9276b47cd6e606327d88f521c51ae39d88888b76902e2987?s=96&d=mm&r=g\",\"caption\":\"Rodrigo Sgammini\"}}]}<\/script>\n<!-- \/ Yoast SEO plugin. -->","yoast_head_json":{"title":"Informe de la \u00faltima sesi\u00f3n ordinaria del HCD (Videos) - CELTTV","description":"Sitio web de noticias de la localidad de Tornquist, provincia de Buenos Aires, Rep\u00fablica Argentina. Contenido propio originado por periodistas de CELTTV, el canal de TV local de la Cooperativa El\u00e9ctrica de Tornquist. Turismo, Pol\u00edtica, Sociedad, Deporte, Cultura y todo el contenido de inter\u00e9s general que la gente del pueblo y la regi\u00f3n debe conocer.","robots":{"index":"index","follow":"follow","max-snippet":"max-snippet:-1","max-image-preview":"max-image-preview:large","max-video-preview":"max-video-preview:-1"},"canonical":"https:\/\/www.celttv.com.ar\/index.php\/2023\/10\/05\/informe-de-la-ultima-sesion-ordinaria-del-hcd-videos-6\/","og_locale":"es_ES","og_type":"article","og_title":"Informe de la \u00faltima sesi\u00f3n ordinaria del HCD (Videos) - CELTTV","og_description":"Sitio web de noticias de la localidad de Tornquist, provincia de Buenos Aires, Rep\u00fablica Argentina. Contenido propio originado por periodistas de CELTTV, el canal de TV local de la Cooperativa El\u00e9ctrica de Tornquist. Turismo, Pol\u00edtica, Sociedad, Deporte, Cultura y todo el contenido de inter\u00e9s general que la gente del pueblo y la regi\u00f3n debe conocer.","og_url":"https:\/\/www.celttv.com.ar\/index.php\/2023\/10\/05\/informe-de-la-ultima-sesion-ordinaria-del-hcd-videos-6\/","og_site_name":"CELTTV","article_publisher":"https:\/\/www.facebook.com\/celtTV\/","article_published_time":"2023-10-05T16:44:21+00:00","og_image":[{"width":960,"height":541,"url":"https:\/\/www.celttv.com.ar\/wp-content\/uploads\/2023\/10\/272977977_510181767444770_2654556856463420293_n.png","type":"image\/png"}],"author":"Rodrigo Sgammini","twitter_card":"summary_large_image","twitter_misc":{"Escrito por":"Rodrigo Sgammini","Tiempo de lectura":"26 minutos"},"schema":{"@context":"https:\/\/schema.org","@graph":[{"@type":"NewsArticle","@id":"https:\/\/www.celttv.com.ar\/index.php\/2023\/10\/05\/informe-de-la-ultima-sesion-ordinaria-del-hcd-videos-6\/#article","isPartOf":{"@id":"https:\/\/www.celttv.com.ar\/index.php\/2023\/10\/05\/informe-de-la-ultima-sesion-ordinaria-del-hcd-videos-6\/"},"author":{"name":"Rodrigo Sgammini","@id":"https:\/\/www.celttv.com.ar\/#\/schema\/person\/495be51d064edd971d8457f8f64eb172"},"headline":"Informe de la \u00faltima sesi\u00f3n ordinaria del HCD (Videos)","datePublished":"2023-10-05T16:44:21+00:00","dateModified":"2023-10-05T16:44:21+00:00","mainEntityOfPage":{"@id":"https:\/\/www.celttv.com.ar\/index.php\/2023\/10\/05\/informe-de-la-ultima-sesion-ordinaria-del-hcd-videos-6\/"},"wordCount":5002,"publisher":{"@id":"https:\/\/www.celttv.com.ar\/#organization"},"articleSection":["Pol\u00edtica"],"inLanguage":"es"},{"@type":"WebPage","@id":"https:\/\/www.celttv.com.ar\/index.php\/2023\/10\/05\/informe-de-la-ultima-sesion-ordinaria-del-hcd-videos-6\/","url":"https:\/\/www.celttv.com.ar\/index.php\/2023\/10\/05\/informe-de-la-ultima-sesion-ordinaria-del-hcd-videos-6\/","name":"Informe de la \u00faltima sesi\u00f3n ordinaria del HCD (Videos) - CELTTV","isPartOf":{"@id":"https:\/\/www.celttv.com.ar\/#website"},"datePublished":"2023-10-05T16:44:21+00:00","dateModified":"2023-10-05T16:44:21+00:00","description":"Sitio web de noticias de la localidad de Tornquist, provincia de Buenos Aires, Rep\u00fablica Argentina. Contenido propio originado por periodistas de CELTTV, el canal de TV local de la Cooperativa El\u00e9ctrica de Tornquist. Turismo, Pol\u00edtica, Sociedad, Deporte, Cultura y todo el contenido de inter\u00e9s general que la gente del pueblo y la regi\u00f3n debe conocer.","breadcrumb":{"@id":"https:\/\/www.celttv.com.ar\/index.php\/2023\/10\/05\/informe-de-la-ultima-sesion-ordinaria-del-hcd-videos-6\/#breadcrumb"},"inLanguage":"es","potentialAction":[{"@type":"ReadAction","target":["https:\/\/www.celttv.com.ar\/index.php\/2023\/10\/05\/informe-de-la-ultima-sesion-ordinaria-del-hcd-videos-6\/"]}]},{"@type":"BreadcrumbList","@id":"https:\/\/www.celttv.com.ar\/index.php\/2023\/10\/05\/informe-de-la-ultima-sesion-ordinaria-del-hcd-videos-6\/#breadcrumb","itemListElement":[{"@type":"ListItem","position":1,"name":"Inicio","item":"https:\/\/www.celttv.com.ar\/"},{"@type":"ListItem","position":2,"name":"Informe de la \u00faltima sesi\u00f3n ordinaria del HCD (Videos)"}]},{"@type":"WebSite","@id":"https:\/\/www.celttv.com.ar\/#website","url":"https:\/\/www.celttv.com.ar\/","name":"CELTTV","description":"Cooperativa El\u00e9ctrica de Tornquist","publisher":{"@id":"https:\/\/www.celttv.com.ar\/#organization"},"potentialAction":[{"@type":"SearchAction","target":{"@type":"EntryPoint","urlTemplate":"https:\/\/www.celttv.com.ar\/?s={search_term_string}"},"query-input":"required name=search_term_string"}],"inLanguage":"es"},{"@type":"Organization","@id":"https:\/\/www.celttv.com.ar\/#organization","name":"CELTTV","url":"https:\/\/www.celttv.com.ar\/","sameAs":["https:\/\/www.youtube.com\/channel\/UCz_oIt8Hig64Ub-EmcNPIhg","https:\/\/www.facebook.com\/celtTV\/"],"logo":{"@type":"ImageObject","inLanguage":"es","@id":"https:\/\/www.celttv.com.ar\/#\/schema\/logo\/image\/","url":"http:\/\/www.celttv.com.ar\/wp-content\/uploads\/2022\/08\/logo-1.png","contentUrl":"http:\/\/www.celttv.com.ar\/wp-content\/uploads\/2022\/08\/logo-1.png","width":461,"height":159,"caption":"CELTTV"},"image":{"@id":"https:\/\/www.celttv.com.ar\/#\/schema\/logo\/image\/"}},{"@type":"Person","@id":"https:\/\/www.celttv.com.ar\/#\/schema\/person\/495be51d064edd971d8457f8f64eb172","name":"Rodrigo Sgammini","image":{"@type":"ImageObject","inLanguage":"es","@id":"https:\/\/www.celttv.com.ar\/#\/schema\/person\/image\/","url":"https:\/\/secure.gravatar.com\/avatar\/68f7848d42735e7a9276b47cd6e606327d88f521c51ae39d88888b76902e2987?s=96&d=mm&r=g","contentUrl":"https:\/\/secure.gravatar.com\/avatar\/68f7848d42735e7a9276b47cd6e606327d88f521c51ae39d88888b76902e2987?s=96&d=mm&r=g","caption":"Rodrigo Sgammini"}}]}},"_links":{"self":[{"href":"https:\/\/www.celttv.com.ar\/index.php\/wp-json\/wp\/v2\/posts\/79520","targetHints":{"allow":["GET"]}}],"collection":[{"href":"https:\/\/www.celttv.com.ar\/index.php\/wp-json\/wp\/v2\/posts"}],"about":[{"href":"https:\/\/www.celttv.com.ar\/index.php\/wp-json\/wp\/v2\/types\/post"}],"author":[{"embeddable":true,"href":"https:\/\/www.celttv.com.ar\/index.php\/wp-json\/wp\/v2\/users\/3"}],"replies":[{"embeddable":true,"href":"https:\/\/www.celttv.com.ar\/index.php\/wp-json\/wp\/v2\/comments?post=79520"}],"version-history":[{"count":1,"href":"https:\/\/www.celttv.com.ar\/index.php\/wp-json\/wp\/v2\/posts\/79520\/revisions"}],"predecessor-version":[{"id":79522,"href":"https:\/\/www.celttv.com.ar\/index.php\/wp-json\/wp\/v2\/posts\/79520\/revisions\/79522"}],"wp:featuredmedia":[{"embeddable":true,"href":"https:\/\/www.celttv.com.ar\/index.php\/wp-json\/wp\/v2\/media\/79521"}],"wp:attachment":[{"href":"https:\/\/www.celttv.com.ar\/index.php\/wp-json\/wp\/v2\/media?parent=79520"}],"wp:term":[{"taxonomy":"category","embeddable":true,"href":"https:\/\/www.celttv.com.ar\/index.php\/wp-json\/wp\/v2\/categories?post=79520"},{"taxonomy":"post_tag","embeddable":true,"href":"https:\/\/www.celttv.com.ar\/index.php\/wp-json\/wp\/v2\/tags?post=79520"}],"curies":[{"name":"wp","href":"https:\/\/api.w.org\/{rel}","templated":true}]}}