{"id":79624,"date":"2023-10-11T12:02:12","date_gmt":"2023-10-11T15:02:12","guid":{"rendered":"http:\/\/www.celttv.com.ar\/?p=79624"},"modified":"2023-10-11T12:02:12","modified_gmt":"2023-10-11T15:02:12","slug":"tornquist-basquet-cedio-ante-el-puntero-por-una-nueva-fecha-del-torneo-regional-formativo","status":"publish","type":"post","link":"https:\/\/www.celttv.com.ar\/index.php\/2023\/10\/11\/tornquist-basquet-cedio-ante-el-puntero-por-una-nueva-fecha-del-torneo-regional-formativo\/","title":{"rendered":"Tornquist B\u00e1squet cedi\u00f3 ante el puntero por una nueva fecha del Torneo Regional Formativo"},"content":{"rendered":"<p align=\"LEFT\"><span style=\"color: #333333;\"><span style=\"font-family: Times New Roman, serif;\"><span style=\"font-size: medium;\"><span lang=\"es-AR\">Por la fecha 12 del Torneo Regional Formativo de primera divisi\u00f3n el equipo de b\u00e1sket del distrito visit\u00f3 a Pig\u00fc\u00e9 B\u00e1sket en la cancha de Independiente de la vecina ciudad.<\/span><\/span><\/span><\/span><\/p>\n<p align=\"LEFT\"><span style=\"color: #333333;\"><span style=\"font-family: Times New Roman, serif;\"><span style=\"font-size: medium;\"><span lang=\"es-AR\"><br \/>\nFue triunfo para el equipo local por 74 a 46 lo que los mantiene como \u00fanico l\u00edder e invicto del torneo.<br \/>\nEl primer tiempo fue marcado por las imprecisiones del equipo de Tornquist que Pig\u00fc\u00e9 B\u00e1sket supo aprovechar a la perfecci\u00f3n ganando el mismo por 45-18.<\/span><\/span><\/span><\/span><\/p>\n<p align=\"LEFT\"><span style=\"color: #333333;\"><span style=\"font-family: Times New Roman, serif;\"><span style=\"font-size: medium;\"><span lang=\"es-AR\"><br \/>\nEl segundo tiempo marc\u00f3 un cambio importante en el juego, el equipo de Tornquist pudo despertar y reaccion\u00f3 ajustando la defensa y logrando un ataque con mayor movilidad lo termin\u00f3 perdiendo por un punto, 29 a 28.<br \/>\nLos goleadores del encuentro para el equipo de la comarca fueron Leandro Silva con 18 y Lucas Binaghi con 10. El encuentro tambi\u00e9n marc\u00f3 el debut oficial en primera de los juveniles Adriano Sartore y Lucas Diez.<\/span><\/span><\/span><\/span><\/p>\n<p align=\"LEFT\"><span style=\"color: #333333;\"><span style=\"font-family: Times New Roman, serif;\"><span style=\"font-size: medium;\"><span lang=\"es-AR\"> <img loading=\"lazy\" decoding=\"async\" class=\"alignnone wp-image-79625 size-full\" src=\"http:\/\/www.celttv.com.ar\/wp-content\/uploads\/2023\/10\/89b0903f-8890-4291-b7a9-171db36ddb0b.jpg\" alt=\"\" width=\"900\" height=\"1600\" srcset=\"https:\/\/www.celttv.com.ar\/wp-content\/uploads\/2023\/10\/89b0903f-8890-4291-b7a9-171db36ddb0b.jpg 900w, https:\/\/www.celttv.com.ar\/wp-content\/uploads\/2023\/10\/89b0903f-8890-4291-b7a9-171db36ddb0b-169x300.jpg 169w, https:\/\/www.celttv.com.ar\/wp-content\/uploads\/2023\/10\/89b0903f-8890-4291-b7a9-171db36ddb0b-576x1024.jpg 576w, https:\/\/www.celttv.com.ar\/wp-content\/uploads\/2023\/10\/89b0903f-8890-4291-b7a9-171db36ddb0b-768x1365.jpg 768w, https:\/\/www.celttv.com.ar\/wp-content\/uploads\/2023\/10\/89b0903f-8890-4291-b7a9-171db36ddb0b-864x1536.jpg 864w, https:\/\/www.celttv.com.ar\/wp-content\/uploads\/2023\/10\/89b0903f-8890-4291-b7a9-171db36ddb0b-750x1333.jpg 750w\" sizes=\"auto, (max-width: 900px) 100vw, 900px\" \/><br \/>\nLas pr\u00f3ximas presentaciones del equipo de Tornquist ser\u00e1n frente a Alem de Cnel Pringles de locales y frente a Independiente de Cnel Dorrego( 1 de visitante pendiente de la primera ronda y otro de local). Son 3 finales que el equipo deber\u00e1 afrontar, que de ganarlas se asegurar\u00e1 el pase directo a la final del torneo donde ya espera c\u00f3modo Pigue Basket.<\/span><\/span><\/span><\/span><\/p>\n<p align=\"LEFT\"><span style=\"color: #333333;\"><span style=\"font-family: Times New Roman, serif;\"><span style=\"font-size: medium;\"><span lang=\"es-AR\"><br \/>\nAgradecemos a todos los que nos acompa\u00f1an, a los que nos fueron a ver, a nuestros sponsors y a la Municipalidad por la ayuda brindada para el viaje.<\/span><\/span><\/span><\/span><\/p>\n<p align=\"LEFT\"><img loading=\"lazy\" decoding=\"async\" class=\"alignnone wp-image-79626 size-large\" src=\"http:\/\/www.celttv.com.ar\/wp-content\/uploads\/2023\/10\/481b0634-cec3-4fe6-9f22-d775eded4aaa-1024x768.jpg\" alt=\"\" width=\"1024\" height=\"768\" srcset=\"https:\/\/www.celttv.com.ar\/wp-content\/uploads\/2023\/10\/481b0634-cec3-4fe6-9f22-d775eded4aaa-1024x768.jpg 1024w, https:\/\/www.celttv.com.ar\/wp-content\/uploads\/2023\/10\/481b0634-cec3-4fe6-9f22-d775eded4aaa-300x225.jpg 300w, https:\/\/www.celttv.com.ar\/wp-content\/uploads\/2023\/10\/481b0634-cec3-4fe6-9f22-d775eded4aaa-768x576.jpg 768w, https:\/\/www.celttv.com.ar\/wp-content\/uploads\/2023\/10\/481b0634-cec3-4fe6-9f22-d775eded4aaa-1536x1152.jpg 1536w, https:\/\/www.celttv.com.ar\/wp-content\/uploads\/2023\/10\/481b0634-cec3-4fe6-9f22-d775eded4aaa-750x563.jpg 750w, https:\/\/www.celttv.com.ar\/wp-content\/uploads\/2023\/10\/481b0634-cec3-4fe6-9f22-d775eded4aaa-1140x855.jpg 1140w, https:\/\/www.celttv.com.ar\/wp-content\/uploads\/2023\/10\/481b0634-cec3-4fe6-9f22-d775eded4aaa.jpg 1600w\" sizes=\"auto, (max-width: 1024px) 100vw, 1024px\" \/><\/p>\n","protected":false},"excerpt":{"rendered":"<p>Por la fecha 12 del Torneo Regional Formativo de primera divisi\u00f3n el equipo de b\u00e1sket del distrito visit\u00f3 a Pig\u00fc\u00e9 B\u00e1sket en la cancha de Independiente de la vecina ciudad. Fue triunfo para el equipo local por 74 a 46 lo que los mantiene como \u00fanico l\u00edder e invicto del torneo. El primer tiempo fue [&hellip;]<\/p>\n","protected":false},"author":3,"featured_media":79626,"comment_status":"closed","ping_status":"closed","sticky":false,"template":"","format":"standard","meta":{"footnotes":""},"categories":[63],"tags":[],"class_list":["post-79624","post","type-post","status-publish","format-standard","has-post-thumbnail","hentry","category-magazine-sport"],"yoast_head":"<!-- This site is optimized with the Yoast SEO plugin v19.7.1 - https:\/\/yoast.com\/wordpress\/plugins\/seo\/ -->\n<title>Tornquist B\u00e1squet cedi\u00f3 ante el puntero por una nueva fecha del Torneo Regional Formativo - CELTTV<\/title>\n<meta name=\"description\" content=\"Sitio web de noticias de la localidad de Tornquist, provincia de Buenos Aires, Rep\u00fablica Argentina. Contenido propio originado por periodistas de CELTTV, el canal de TV local de la Cooperativa El\u00e9ctrica de Tornquist. Turismo, Pol\u00edtica, Sociedad, Deporte, Cultura y todo el contenido de inter\u00e9s general que la gente del pueblo y la regi\u00f3n debe conocer.\" \/>\n<meta name=\"robots\" content=\"index, follow, max-snippet:-1, max-image-preview:large, max-video-preview:-1\" \/>\n<link rel=\"canonical\" href=\"https:\/\/www.celttv.com.ar\/index.php\/2023\/10\/11\/tornquist-basquet-cedio-ante-el-puntero-por-una-nueva-fecha-del-torneo-regional-formativo\/\" \/>\n<meta property=\"og:locale\" content=\"es_ES\" \/>\n<meta property=\"og:type\" content=\"article\" \/>\n<meta property=\"og:title\" content=\"Tornquist B\u00e1squet cedi\u00f3 ante el puntero por una nueva fecha del Torneo Regional Formativo - CELTTV\" \/>\n<meta property=\"og:description\" content=\"Sitio web de noticias de la localidad de Tornquist, provincia de Buenos Aires, Rep\u00fablica Argentina. Contenido propio originado por periodistas de CELTTV, el canal de TV local de la Cooperativa El\u00e9ctrica de Tornquist. Turismo, Pol\u00edtica, Sociedad, Deporte, Cultura y todo el contenido de inter\u00e9s general que la gente del pueblo y la regi\u00f3n debe conocer.\" \/>\n<meta property=\"og:url\" content=\"https:\/\/www.celttv.com.ar\/index.php\/2023\/10\/11\/tornquist-basquet-cedio-ante-el-puntero-por-una-nueva-fecha-del-torneo-regional-formativo\/\" \/>\n<meta property=\"og:site_name\" content=\"CELTTV\" \/>\n<meta property=\"article:publisher\" content=\"https:\/\/www.facebook.com\/celtTV\/\" \/>\n<meta property=\"article:published_time\" content=\"2023-10-11T15:02:12+00:00\" \/>\n<meta property=\"og:image\" content=\"https:\/\/www.celttv.com.ar\/wp-content\/uploads\/2023\/10\/481b0634-cec3-4fe6-9f22-d775eded4aaa.jpg\" \/>\n\t<meta property=\"og:image:width\" content=\"1600\" \/>\n\t<meta property=\"og:image:height\" content=\"1200\" \/>\n\t<meta property=\"og:image:type\" content=\"image\/jpeg\" \/>\n<meta name=\"author\" content=\"Rodrigo Sgammini\" \/>\n<meta name=\"twitter:card\" content=\"summary_large_image\" \/>\n<meta name=\"twitter:label1\" content=\"Escrito por\" \/>\n\t<meta name=\"twitter:data1\" content=\"Rodrigo Sgammini\" \/>\n\t<meta name=\"twitter:label2\" content=\"Tiempo de lectura\" \/>\n\t<meta name=\"twitter:data2\" content=\"1 minuto\" \/>\n<script type=\"application\/ld+json\" class=\"yoast-schema-graph\">{\"@context\":\"https:\/\/schema.org\",\"@graph\":[{\"@type\":\"NewsArticle\",\"@id\":\"https:\/\/www.celttv.com.ar\/index.php\/2023\/10\/11\/tornquist-basquet-cedio-ante-el-puntero-por-una-nueva-fecha-del-torneo-regional-formativo\/#article\",\"isPartOf\":{\"@id\":\"https:\/\/www.celttv.com.ar\/index.php\/2023\/10\/11\/tornquist-basquet-cedio-ante-el-puntero-por-una-nueva-fecha-del-torneo-regional-formativo\/\"},\"author\":{\"name\":\"Rodrigo Sgammini\",\"@id\":\"https:\/\/www.celttv.com.ar\/#\/schema\/person\/495be51d064edd971d8457f8f64eb172\"},\"headline\":\"Tornquist B\u00e1squet cedi\u00f3 ante el puntero por una nueva fecha del Torneo Regional Formativo\",\"datePublished\":\"2023-10-11T15:02:12+00:00\",\"dateModified\":\"2023-10-11T15:02:12+00:00\",\"mainEntityOfPage\":{\"@id\":\"https:\/\/www.celttv.com.ar\/index.php\/2023\/10\/11\/tornquist-basquet-cedio-ante-el-puntero-por-una-nueva-fecha-del-torneo-regional-formativo\/\"},\"wordCount\":257,\"publisher\":{\"@id\":\"https:\/\/www.celttv.com.ar\/#organization\"},\"articleSection\":[\"Magazine Sport\"],\"inLanguage\":\"es\"},{\"@type\":\"WebPage\",\"@id\":\"https:\/\/www.celttv.com.ar\/index.php\/2023\/10\/11\/tornquist-basquet-cedio-ante-el-puntero-por-una-nueva-fecha-del-torneo-regional-formativo\/\",\"url\":\"https:\/\/www.celttv.com.ar\/index.php\/2023\/10\/11\/tornquist-basquet-cedio-ante-el-puntero-por-una-nueva-fecha-del-torneo-regional-formativo\/\",\"name\":\"Tornquist B\u00e1squet cedi\u00f3 ante el puntero por una nueva fecha del Torneo Regional Formativo - CELTTV\",\"isPartOf\":{\"@id\":\"https:\/\/www.celttv.com.ar\/#website\"},\"datePublished\":\"2023-10-11T15:02:12+00:00\",\"dateModified\":\"2023-10-11T15:02:12+00:00\",\"description\":\"Sitio web de noticias de la localidad de Tornquist, provincia de Buenos Aires, Rep\u00fablica Argentina. Contenido propio originado por periodistas de CELTTV, el canal de TV local de la Cooperativa El\u00e9ctrica de Tornquist. Turismo, Pol\u00edtica, Sociedad, Deporte, Cultura y todo el contenido de inter\u00e9s general que la gente del pueblo y la regi\u00f3n debe conocer.\",\"breadcrumb\":{\"@id\":\"https:\/\/www.celttv.com.ar\/index.php\/2023\/10\/11\/tornquist-basquet-cedio-ante-el-puntero-por-una-nueva-fecha-del-torneo-regional-formativo\/#breadcrumb\"},\"inLanguage\":\"es\",\"potentialAction\":[{\"@type\":\"ReadAction\",\"target\":[\"https:\/\/www.celttv.com.ar\/index.php\/2023\/10\/11\/tornquist-basquet-cedio-ante-el-puntero-por-una-nueva-fecha-del-torneo-regional-formativo\/\"]}]},{\"@type\":\"BreadcrumbList\",\"@id\":\"https:\/\/www.celttv.com.ar\/index.php\/2023\/10\/11\/tornquist-basquet-cedio-ante-el-puntero-por-una-nueva-fecha-del-torneo-regional-formativo\/#breadcrumb\",\"itemListElement\":[{\"@type\":\"ListItem\",\"position\":1,\"name\":\"Inicio\",\"item\":\"https:\/\/www.celttv.com.ar\/\"},{\"@type\":\"ListItem\",\"position\":2,\"name\":\"Tornquist B\u00e1squet cedi\u00f3 ante el puntero por una nueva fecha del Torneo Regional Formativo\"}]},{\"@type\":\"WebSite\",\"@id\":\"https:\/\/www.celttv.com.ar\/#website\",\"url\":\"https:\/\/www.celttv.com.ar\/\",\"name\":\"CELTTV\",\"description\":\"Cooperativa El\u00e9ctrica de Tornquist\",\"publisher\":{\"@id\":\"https:\/\/www.celttv.com.ar\/#organization\"},\"potentialAction\":[{\"@type\":\"SearchAction\",\"target\":{\"@type\":\"EntryPoint\",\"urlTemplate\":\"https:\/\/www.celttv.com.ar\/?s={search_term_string}\"},\"query-input\":\"required name=search_term_string\"}],\"inLanguage\":\"es\"},{\"@type\":\"Organization\",\"@id\":\"https:\/\/www.celttv.com.ar\/#organization\",\"name\":\"CELTTV\",\"url\":\"https:\/\/www.celttv.com.ar\/\",\"sameAs\":[\"https:\/\/www.youtube.com\/channel\/UCz_oIt8Hig64Ub-EmcNPIhg\",\"https:\/\/www.facebook.com\/celtTV\/\"],\"logo\":{\"@type\":\"ImageObject\",\"inLanguage\":\"es\",\"@id\":\"https:\/\/www.celttv.com.ar\/#\/schema\/logo\/image\/\",\"url\":\"http:\/\/www.celttv.com.ar\/wp-content\/uploads\/2022\/08\/logo-1.png\",\"contentUrl\":\"http:\/\/www.celttv.com.ar\/wp-content\/uploads\/2022\/08\/logo-1.png\",\"width\":461,\"height\":159,\"caption\":\"CELTTV\"},\"image\":{\"@id\":\"https:\/\/www.celttv.com.ar\/#\/schema\/logo\/image\/\"}},{\"@type\":\"Person\",\"@id\":\"https:\/\/www.celttv.com.ar\/#\/schema\/person\/495be51d064edd971d8457f8f64eb172\",\"name\":\"Rodrigo Sgammini\",\"image\":{\"@type\":\"ImageObject\",\"inLanguage\":\"es\",\"@id\":\"https:\/\/www.celttv.com.ar\/#\/schema\/person\/image\/\",\"url\":\"https:\/\/secure.gravatar.com\/avatar\/68f7848d42735e7a9276b47cd6e606327d88f521c51ae39d88888b76902e2987?s=96&d=mm&r=g\",\"contentUrl\":\"https:\/\/secure.gravatar.com\/avatar\/68f7848d42735e7a9276b47cd6e606327d88f521c51ae39d88888b76902e2987?s=96&d=mm&r=g\",\"caption\":\"Rodrigo Sgammini\"}}]}<\/script>\n<!-- \/ Yoast SEO plugin. -->","yoast_head_json":{"title":"Tornquist B\u00e1squet cedi\u00f3 ante el puntero por una nueva fecha del Torneo Regional Formativo - CELTTV","description":"Sitio web de noticias de la localidad de Tornquist, provincia de Buenos Aires, Rep\u00fablica Argentina. Contenido propio originado por periodistas de CELTTV, el canal de TV local de la Cooperativa El\u00e9ctrica de Tornquist. Turismo, Pol\u00edtica, Sociedad, Deporte, Cultura y todo el contenido de inter\u00e9s general que la gente del pueblo y la regi\u00f3n debe conocer.","robots":{"index":"index","follow":"follow","max-snippet":"max-snippet:-1","max-image-preview":"max-image-preview:large","max-video-preview":"max-video-preview:-1"},"canonical":"https:\/\/www.celttv.com.ar\/index.php\/2023\/10\/11\/tornquist-basquet-cedio-ante-el-puntero-por-una-nueva-fecha-del-torneo-regional-formativo\/","og_locale":"es_ES","og_type":"article","og_title":"Tornquist B\u00e1squet cedi\u00f3 ante el puntero por una nueva fecha del Torneo Regional Formativo - CELTTV","og_description":"Sitio web de noticias de la localidad de Tornquist, provincia de Buenos Aires, Rep\u00fablica Argentina. Contenido propio originado por periodistas de CELTTV, el canal de TV local de la Cooperativa El\u00e9ctrica de Tornquist. Turismo, Pol\u00edtica, Sociedad, Deporte, Cultura y todo el contenido de inter\u00e9s general que la gente del pueblo y la regi\u00f3n debe conocer.","og_url":"https:\/\/www.celttv.com.ar\/index.php\/2023\/10\/11\/tornquist-basquet-cedio-ante-el-puntero-por-una-nueva-fecha-del-torneo-regional-formativo\/","og_site_name":"CELTTV","article_publisher":"https:\/\/www.facebook.com\/celtTV\/","article_published_time":"2023-10-11T15:02:12+00:00","og_image":[{"width":1600,"height":1200,"url":"https:\/\/www.celttv.com.ar\/wp-content\/uploads\/2023\/10\/481b0634-cec3-4fe6-9f22-d775eded4aaa.jpg","type":"image\/jpeg"}],"author":"Rodrigo Sgammini","twitter_card":"summary_large_image","twitter_misc":{"Escrito por":"Rodrigo Sgammini","Tiempo de lectura":"1 minuto"},"schema":{"@context":"https:\/\/schema.org","@graph":[{"@type":"NewsArticle","@id":"https:\/\/www.celttv.com.ar\/index.php\/2023\/10\/11\/tornquist-basquet-cedio-ante-el-puntero-por-una-nueva-fecha-del-torneo-regional-formativo\/#article","isPartOf":{"@id":"https:\/\/www.celttv.com.ar\/index.php\/2023\/10\/11\/tornquist-basquet-cedio-ante-el-puntero-por-una-nueva-fecha-del-torneo-regional-formativo\/"},"author":{"name":"Rodrigo Sgammini","@id":"https:\/\/www.celttv.com.ar\/#\/schema\/person\/495be51d064edd971d8457f8f64eb172"},"headline":"Tornquist B\u00e1squet cedi\u00f3 ante el puntero por una nueva fecha del Torneo Regional Formativo","datePublished":"2023-10-11T15:02:12+00:00","dateModified":"2023-10-11T15:02:12+00:00","mainEntityOfPage":{"@id":"https:\/\/www.celttv.com.ar\/index.php\/2023\/10\/11\/tornquist-basquet-cedio-ante-el-puntero-por-una-nueva-fecha-del-torneo-regional-formativo\/"},"wordCount":257,"publisher":{"@id":"https:\/\/www.celttv.com.ar\/#organization"},"articleSection":["Magazine Sport"],"inLanguage":"es"},{"@type":"WebPage","@id":"https:\/\/www.celttv.com.ar\/index.php\/2023\/10\/11\/tornquist-basquet-cedio-ante-el-puntero-por-una-nueva-fecha-del-torneo-regional-formativo\/","url":"https:\/\/www.celttv.com.ar\/index.php\/2023\/10\/11\/tornquist-basquet-cedio-ante-el-puntero-por-una-nueva-fecha-del-torneo-regional-formativo\/","name":"Tornquist B\u00e1squet cedi\u00f3 ante el puntero por una nueva fecha del Torneo Regional Formativo - CELTTV","isPartOf":{"@id":"https:\/\/www.celttv.com.ar\/#website"},"datePublished":"2023-10-11T15:02:12+00:00","dateModified":"2023-10-11T15:02:12+00:00","description":"Sitio web de noticias de la localidad de Tornquist, provincia de Buenos Aires, Rep\u00fablica Argentina. Contenido propio originado por periodistas de CELTTV, el canal de TV local de la Cooperativa El\u00e9ctrica de Tornquist. Turismo, Pol\u00edtica, Sociedad, Deporte, Cultura y todo el contenido de inter\u00e9s general que la gente del pueblo y la regi\u00f3n debe conocer.","breadcrumb":{"@id":"https:\/\/www.celttv.com.ar\/index.php\/2023\/10\/11\/tornquist-basquet-cedio-ante-el-puntero-por-una-nueva-fecha-del-torneo-regional-formativo\/#breadcrumb"},"inLanguage":"es","potentialAction":[{"@type":"ReadAction","target":["https:\/\/www.celttv.com.ar\/index.php\/2023\/10\/11\/tornquist-basquet-cedio-ante-el-puntero-por-una-nueva-fecha-del-torneo-regional-formativo\/"]}]},{"@type":"BreadcrumbList","@id":"https:\/\/www.celttv.com.ar\/index.php\/2023\/10\/11\/tornquist-basquet-cedio-ante-el-puntero-por-una-nueva-fecha-del-torneo-regional-formativo\/#breadcrumb","itemListElement":[{"@type":"ListItem","position":1,"name":"Inicio","item":"https:\/\/www.celttv.com.ar\/"},{"@type":"ListItem","position":2,"name":"Tornquist B\u00e1squet cedi\u00f3 ante el puntero por una nueva fecha del Torneo Regional Formativo"}]},{"@type":"WebSite","@id":"https:\/\/www.celttv.com.ar\/#website","url":"https:\/\/www.celttv.com.ar\/","name":"CELTTV","description":"Cooperativa El\u00e9ctrica de Tornquist","publisher":{"@id":"https:\/\/www.celttv.com.ar\/#organization"},"potentialAction":[{"@type":"SearchAction","target":{"@type":"EntryPoint","urlTemplate":"https:\/\/www.celttv.com.ar\/?s={search_term_string}"},"query-input":"required name=search_term_string"}],"inLanguage":"es"},{"@type":"Organization","@id":"https:\/\/www.celttv.com.ar\/#organization","name":"CELTTV","url":"https:\/\/www.celttv.com.ar\/","sameAs":["https:\/\/www.youtube.com\/channel\/UCz_oIt8Hig64Ub-EmcNPIhg","https:\/\/www.facebook.com\/celtTV\/"],"logo":{"@type":"ImageObject","inLanguage":"es","@id":"https:\/\/www.celttv.com.ar\/#\/schema\/logo\/image\/","url":"http:\/\/www.celttv.com.ar\/wp-content\/uploads\/2022\/08\/logo-1.png","contentUrl":"http:\/\/www.celttv.com.ar\/wp-content\/uploads\/2022\/08\/logo-1.png","width":461,"height":159,"caption":"CELTTV"},"image":{"@id":"https:\/\/www.celttv.com.ar\/#\/schema\/logo\/image\/"}},{"@type":"Person","@id":"https:\/\/www.celttv.com.ar\/#\/schema\/person\/495be51d064edd971d8457f8f64eb172","name":"Rodrigo Sgammini","image":{"@type":"ImageObject","inLanguage":"es","@id":"https:\/\/www.celttv.com.ar\/#\/schema\/person\/image\/","url":"https:\/\/secure.gravatar.com\/avatar\/68f7848d42735e7a9276b47cd6e606327d88f521c51ae39d88888b76902e2987?s=96&d=mm&r=g","contentUrl":"https:\/\/secure.gravatar.com\/avatar\/68f7848d42735e7a9276b47cd6e606327d88f521c51ae39d88888b76902e2987?s=96&d=mm&r=g","caption":"Rodrigo Sgammini"}}]}},"_links":{"self":[{"href":"https:\/\/www.celttv.com.ar\/index.php\/wp-json\/wp\/v2\/posts\/79624","targetHints":{"allow":["GET"]}}],"collection":[{"href":"https:\/\/www.celttv.com.ar\/index.php\/wp-json\/wp\/v2\/posts"}],"about":[{"href":"https:\/\/www.celttv.com.ar\/index.php\/wp-json\/wp\/v2\/types\/post"}],"author":[{"embeddable":true,"href":"https:\/\/www.celttv.com.ar\/index.php\/wp-json\/wp\/v2\/users\/3"}],"replies":[{"embeddable":true,"href":"https:\/\/www.celttv.com.ar\/index.php\/wp-json\/wp\/v2\/comments?post=79624"}],"version-history":[{"count":1,"href":"https:\/\/www.celttv.com.ar\/index.php\/wp-json\/wp\/v2\/posts\/79624\/revisions"}],"predecessor-version":[{"id":79627,"href":"https:\/\/www.celttv.com.ar\/index.php\/wp-json\/wp\/v2\/posts\/79624\/revisions\/79627"}],"wp:featuredmedia":[{"embeddable":true,"href":"https:\/\/www.celttv.com.ar\/index.php\/wp-json\/wp\/v2\/media\/79626"}],"wp:attachment":[{"href":"https:\/\/www.celttv.com.ar\/index.php\/wp-json\/wp\/v2\/media?parent=79624"}],"wp:term":[{"taxonomy":"category","embeddable":true,"href":"https:\/\/www.celttv.com.ar\/index.php\/wp-json\/wp\/v2\/categories?post=79624"},{"taxonomy":"post_tag","embeddable":true,"href":"https:\/\/www.celttv.com.ar\/index.php\/wp-json\/wp\/v2\/tags?post=79624"}],"curies":[{"name":"wp","href":"https:\/\/api.w.org\/{rel}","templated":true}]}}