{"id":79753,"date":"2023-10-16T21:10:47","date_gmt":"2023-10-17T00:10:47","guid":{"rendered":"http:\/\/www.celttv.com.ar\/?p=79753"},"modified":"2023-10-16T21:15:39","modified_gmt":"2023-10-17T00:15:39","slug":"avanza-a-buen-ritmo-la-construccion-de-la-sala-de-extraccion-de-la-cooperativa-apicola","status":"publish","type":"post","link":"https:\/\/www.celttv.com.ar\/index.php\/2023\/10\/16\/avanza-a-buen-ritmo-la-construccion-de-la-sala-de-extraccion-de-la-cooperativa-apicola\/","title":{"rendered":"Avanza a buen ritmo la construcci\u00f3n de la Sala de Extracci\u00f3n de la Cooperativa Ap\u00edcola"},"content":{"rendered":"<p>Avanza a buen ritmo la construcci\u00f3n de la Sala de Extracci\u00f3n de la Cooperativa Ap\u00edcola de Tornquist y una vez hecho realidad \u00e9ste desaf\u00edo, ya tiene en agenda la posibilidad de instalar una envasadora y darle valor agregado a una materia prima reconocida en nuestra zona por su calidad.<\/p>\n<p>CELTTV Noticias dialog\u00f3 con Alejandro Paris, Presidente; Adriana Muscillo, Secretaria; y Jorge Diez, Tesorero de la Cooperativa Ap\u00edcola y\u00a0 el Ing. Mart\u00edn Sanchez, uno de los responsables de la empresa a la que le fue encargado la construcci\u00f3n.<\/p>\n<p><strong><span style=\"color: #000000;\">Alejandro Paris &#8211; Presidente de la Cooperativa Ap\u00edcola<\/span><\/strong><\/p>\n<p><span style=\"color: #000000;\"><a style=\"color: #000000;\" href=\"https:\/\/youtube.com\/watch?v=8oXgabJ8W58&amp;feature=youtu.be&amp;t=0\">&#8220;Estamos muy contentos\u00a0<\/a><a style=\"color: #000000;\" href=\"https:\/\/youtube.com\/watch?v=8oXgabJ8W58&amp;feature=youtu.be&amp;t=2\">en ver como todo todos los d\u00edas Yo\u00a0<\/a><a style=\"color: #000000;\" href=\"https:\/\/youtube.com\/watch?v=8oXgabJ8W58&amp;feature=youtu.be&amp;t=5\"> se\u00a0<\/a><a style=\"color: #000000;\" href=\"https:\/\/youtube.com\/watch?v=8oXgabJ8W58&amp;feature=youtu.be&amp;t=8\">nota el progreso\u00a0<\/a><a style=\"color: #000000;\" href=\"https:\/\/youtube.com\/watch?v=8oXgabJ8W58&amp;feature=youtu.be&amp;t=10\">y muy contentos con la empresa\u00a0<\/a><a style=\"color: #000000;\" href=\"https:\/\/youtube.com\/watch?v=8oXgabJ8W58&amp;feature=youtu.be&amp;t=14\">que contratamos y ver<\/a> que <a style=\"color: #000000;\" href=\"https:\/\/youtube.com\/watch?v=8oXgabJ8W58&amp;feature=youtu.be&amp;t=19\">todo lo lo que se planific\u00f3 se va\u00a0<\/a><a style=\"color: #000000;\" href=\"https:\/\/youtube.com\/watch?v=8oXgabJ8W58&amp;feature=youtu.be&amp;t=22\">concretando&#8221;<\/a><\/span><\/p>\n<p><span style=\"color: #000000;\"><a style=\"color: #000000;\" href=\"https:\/\/youtube.com\/watch?v=8oXgabJ8W58&amp;feature=youtu.be&amp;t=22\">&#8220;Realmente para nosotros es\u00a0<\/a><a style=\"color: #000000;\" href=\"https:\/\/youtube.com\/watch?v=8oXgabJ8W58&amp;feature=youtu.be&amp;t=25\">casi un sue\u00f1o y esta evoluci\u00f3n de\u00a0<\/a><a style=\"color: #000000;\" href=\"https:\/\/youtube.com\/watch?v=8oXgabJ8W58&amp;feature=youtu.be&amp;t=28\">los trabajos estimula. Es\u00a0<\/a><a style=\"color: #000000;\" href=\"https:\/\/youtube.com\/watch?v=8oXgabJ8W58&amp;feature=youtu.be&amp;t=34\">bueno tener un sue\u00f1o, despu\u00e9s <\/a><a style=\"color: #000000;\" href=\"https:\/\/youtube.com\/watch?v=8oXgabJ8W58&amp;feature=youtu.be&amp;t=36\">plasmarlo en un papel en un proyecto y\u00a0<\/a><a style=\"color: #000000;\" href=\"https:\/\/youtube.com\/watch?v=8oXgabJ8W58&amp;feature=youtu.be&amp;t=39\">ni hablar de cuando\u00a0 despu\u00e9s lo est\u00e1s\u00a0<\/a><a style=\"color: #000000;\" href=\"https:\/\/youtube.com\/watch?v=8oXgabJ8W58&amp;feature=youtu.be&amp;t=41\">concretando<\/a> f\u00edsicamente&#8221;<\/span><\/p>\n<p><span style=\"color: #000000;\">&#8220;Estamos contentos con la empresa <a style=\"color: #000000;\" href=\"https:\/\/youtube.com\/watch?v=8oXgabJ8W58&amp;feature=youtu.be&amp;t=58\">en el sentido de la seriedad que\u00a0<\/a><a style=\"color: #000000;\" href=\"https:\/\/youtube.com\/watch?v=8oXgabJ8W58&amp;feature=youtu.be&amp;t=61\">han tenido y tambi\u00e9n que cada\u00a0<\/a><a style=\"color: #000000;\" href=\"https:\/\/youtube.com\/watch?v=8oXgabJ8W58&amp;feature=youtu.be&amp;t=64\"> idea o\u00a0<\/a><a style=\"color: #000000;\" href=\"https:\/\/youtube.com\/watch?v=8oXgabJ8W58&amp;feature=youtu.be&amp;t=66\">cada cosa que va surgiendo\u00a0<\/a><a style=\"color: #000000;\" href=\"https:\/\/youtube.com\/watch?v=8oXgabJ8W58&amp;feature=youtu.be&amp;t=70\">sobre la\u00a0 realizaci\u00f3n de la obra.\u00a0<\/a><a style=\"color: #000000;\" href=\"https:\/\/youtube.com\/watch?v=8oXgabJ8W58&amp;feature=youtu.be&amp;t=73\">Ellos nos toman \u00a0esas\u00a0<\/a><a style=\"color: #000000;\" href=\"https:\/\/youtube.com\/watch?v=8oXgabJ8W58&amp;feature=youtu.be&amp;t=75\">sugerencias y las vamos madurando <\/a><a style=\"color: #000000;\" href=\"https:\/\/youtube.com\/watch?v=8oXgabJ8W58&amp;feature=youtu.be&amp;t=78\">para que quede lo mejor posible y lo\u00a0<\/a><a style=\"color: #000000;\" href=\"https:\/\/youtube.com\/watch?v=8oXgabJ8W58&amp;feature=youtu.be&amp;t=81\">m\u00e1s pr\u00e1ctica posible&#8221;<\/a><\/span><\/p>\n<p><span style=\"color: #000000;\"><a style=\"color: #000000;\" href=\"https:\/\/youtube.com\/watch?v=8oXgabJ8W58&amp;feature=youtu.be&amp;t=81\">&#8220;O sea que un ida y\u00a0<\/a><a style=\"color: #000000;\" href=\"https:\/\/youtube.com\/watch?v=8oXgabJ8W58&amp;feature=youtu.be&amp;t=83\">vuelta que nos<\/a> invita a seguir <a style=\"color: #000000;\" href=\"https:\/\/youtube.com\/watch?v=8oXgabJ8W58&amp;feature=youtu.be&amp;t=86\">construyendo. Tenemos un nexo con\u00a0<\/a><a style=\"color: #000000;\" href=\"https:\/\/youtube.com\/watch?v=8oXgabJ8W58&amp;feature=youtu.be&amp;t=91\">con los que dirigen la empresa en ese\u00a0<\/a><a style=\"color: #000000;\" href=\"https:\/\/youtube.com\/watch?v=8oXgabJ8W58&amp;feature=youtu.be&amp;t=95\">sentido de, cada uno en lo suyo, ellos\u00a0<\/a><a style=\"color: #000000;\" href=\"https:\/\/youtube.com\/watch?v=8oXgabJ8W58&amp;feature=youtu.be&amp;t=99\">desde una mirada t\u00e9cnica constructiva y\u00a0<\/a><a style=\"color: #000000;\" href=\"https:\/\/youtube.com\/watch?v=8oXgabJ8W58&amp;feature=youtu.be&amp;t=102\">nosotros desde una mirada de los que\u00a0<\/a><a style=\"color: #000000;\" href=\"https:\/\/youtube.com\/watch?v=8oXgabJ8W58&amp;feature=youtu.be&amp;t=104\">vamos a ser los futuros usuarios de esta\u00a0<\/a><a style=\"color: #000000;\" href=\"https:\/\/youtube.com\/watch?v=8oXgabJ8W58&amp;feature=youtu.be&amp;t=106\">sala, van surgiendo estos\u00a0<\/a><a style=\"color: #000000;\" href=\"https:\/\/youtube.com\/watch?v=8oXgabJ8W58&amp;feature=youtu.be&amp;t=109\">detalles que los vamos tomando en\u00a0<\/a><a style=\"color: #000000;\" href=\"https:\/\/youtube.com\/watch?v=8oXgabJ8W58&amp;feature=youtu.be&amp;t=110\">cuenta y la comunicaci\u00f3n es permanente&#8221;<\/a><\/span><\/p>\n<p><span style=\"color: #000000;\"><a style=\"color: #000000;\" href=\"https:\/\/youtube.com\/watch?v=8oXgabJ8W58&amp;feature=youtu.be&amp;t=110\">\u00a0<\/a>&#8220;No tenemos tanto apuro pero si las <a style=\"color: #000000;\" href=\"https:\/\/youtube.com\/watch?v=8oXgabJ8W58&amp;feature=youtu.be&amp;t=134\">cosas bien hechas y bien razonadas\u00a0<\/a><a style=\"color: #000000;\" href=\"https:\/\/youtube.com\/watch?v=8oXgabJ8W58&amp;feature=youtu.be&amp;t=137\">y bien proyectadas para que en\u00a0<\/a><a style=\"color: #000000;\" href=\"https:\/\/youtube.com\/watch?v=8oXgabJ8W58&amp;feature=youtu.be&amp;t=139\">el futuro funcione todo bien y no haya\u00a0<\/a><a style=\"color: #000000;\" href=\"https:\/\/youtube.com\/watch?v=8oXgabJ8W58&amp;feature=youtu.be&amp;t=141\">que despu\u00e9s hacer modificaciones a\u00a0<\/a><a style=\"color: #000000;\" href=\"https:\/\/youtube.com\/watch?v=8oXgabJ8W58&amp;feature=youtu.be&amp;t=143\">futuro&#8221;<\/a><\/span><\/p>\n<p><span style=\"color: #000000;\"><a style=\"color: #000000;\" href=\"https:\/\/youtube.com\/watch?v=8oXgabJ8W58&amp;feature=youtu.be&amp;t=143\">\u00a0&#8220;Despu\u00e9s\u00a0<\/a><a style=\"color: #000000;\" href=\"https:\/\/youtube.com\/watch?v=8oXgabJ8W58&amp;feature=youtu.be&amp;t=150\"> ya vamos a ir por m\u00e1s vamos a ir\u00a0<\/a><a style=\"color: #000000;\" href=\"https:\/\/youtube.com\/watch?v=8oXgabJ8W58&amp;feature=youtu.be&amp;t=152\">por las m\u00e1quinas vamos a ir por \u00a0la\u00a0<\/a><a style=\"color: #000000;\" href=\"https:\/\/youtube.com\/watch?v=8oXgabJ8W58&amp;feature=youtu.be&amp;t=154\">bater\u00eda de servicios que nos va a\u00a0<\/a><a style=\"color: #000000;\" href=\"https:\/\/youtube.com\/watch?v=8oXgabJ8W58&amp;feature=youtu.be&amp;t=157\">estar faltando en un costado&#8221;<\/a><\/span><\/p>\n<p><span style=\"color: #000000;\"><a style=\"color: #000000;\" href=\"https:\/\/youtube.com\/watch?v=8oXgabJ8W58&amp;feature=youtu.be&amp;t=157\">\u00a0<\/a>&#8220;L<a style=\"color: #000000;\" href=\"https:\/\/youtube.com\/watch?v=8oXgabJ8W58&amp;feature=youtu.be&amp;t=206\">as maquinarias va a ser una\u00a0<\/a><a style=\"color: #000000;\" href=\"https:\/\/youtube.com\/watch?v=8oXgabJ8W58&amp;feature=youtu.be&amp;t=208\">una segunda etapa, en cuanto a <\/a><a style=\"color: #000000;\" href=\"https:\/\/youtube.com\/watch?v=8oXgabJ8W58&amp;feature=youtu.be&amp;t=210\">proyectos y en cuanto a ver c\u00f3mo lo\u00a0<\/a><a style=\"color: #000000;\" href=\"https:\/\/youtube.com\/watch?v=8oXgabJ8W58&amp;feature=youtu.be&amp;t=212\">financiamos<\/a>&#8220;<\/span><\/p>\n<p><iframe loading=\"lazy\" title=\"2023 10 06 PARQUE APICOLA 1 ALEJANDRO PARIS\" width=\"500\" height=\"281\" src=\"https:\/\/www.youtube.com\/embed\/8oXgabJ8W58?feature=oembed\" frameborder=\"0\" allow=\"accelerometer; autoplay; clipboard-write; encrypted-media; gyroscope; picture-in-picture; web-share\" referrerpolicy=\"strict-origin-when-cross-origin\" allowfullscreen><\/iframe><\/p>\n<p><strong>Adriana Muscillo &#8211; Secretaria de la Cooperativa Ap\u00edcola de Tornquist<\/strong><br \/>\nRespecto a la reciente sanci\u00f3n que permite normalizar la situaci\u00f3n del predio municipal destinado a los productores ap\u00edcolas.<br \/>\n&#8220;Est\u00e1bamos esperando y desde hace bastante\u00a0tiempo que ven\u00edamos trabajando. Tuvimos\u00a0una serie de reuniones con los\u00a0concejales y con el Ejecutivo, \u00a0buscando que la ordenanza sea lo m\u00e1s\u00a0funcional posible al ordenamiento\u00a0de este parque ap\u00edcola&#8221;<br \/>\n&#8220;Finalmente se sancion\u00f3 la ordenanza\u00a0que estipula que estas tierras tengan un fin com\u00fan y justamente una\u00a0utilizaci\u00f3n para algo en particular.\u00a0Es uno de los puntos que nos\u00a0preocupaban; las\u00a0tierras son tierras municipales cada\u00a0usuario tiene un permiso de uso y la\u00a0preocupaci\u00f3n es que siempre sea \u00a0utilizado para apicultura\u00a0y si un d\u00eda alg\u00fan apicultor deja su\u00a0espacio porque deja de ser apicultor, que\u00a0la persona que viene a ocuparlo con\u00a0posterioridad tambi\u00e9n sea apicultor&#8221;<br \/>\n&#8220;Esa\u00a0es la idea, que no se utilice para otra\u00a0cosa que no sea apicultura por m\u00e1s que\u00a0uno tenga un terreno asignado no puede\u00a0poner un taller.\u00a0Esa es la idea a no ser que sea algo\u00a0vinculado con apicultura, como\u00a0fabricaci\u00f3n de insumos\u00a0material, la realizaci\u00f3n de la cera\u00a0estampada, todo derivado de la\u00a0actividad ap\u00edcola eso da sentido al\u00a0parque&#8221;<br \/>\n&#8221;\u00a0Hoy\u00a0convergen ac\u00e1 todos apicultores pero\u00a0no quita que el d\u00eda de ma\u00f1ana alguien\u00a0tenga alg\u00fan otro tipo de intenci\u00f3n y si no\u00a0tiene ver con la apicultura no puede\u00a0ingresar&#8221;<br \/>\n&#8220;Quiero\u00a0destacar el trabajo de los\u00a0concejales, de todos porque fue aprobada por\u00a0unanimidad y todos fueron invitados a que\u00a0vengan a conocer este espacio,\u00a0porque muchas veces hablar sin conocer\u00a0te genera dudas, por eso todos\u00a0fueron invitados a que vengan\u00a0y seguramente van a venir a conocer este\u00a0lugar y seguiremos trabajando&#8221;<br \/>\n&#8220;Estamos en una zona netamente tur\u00edstica\u00a0donde la miel puede llegar a ser un\u00a0producto para ofrecer al turista que\u00a0normalmente la gente que viene a Tornquist\u00a0busca miel de Tornquist. Pero adem\u00e1s\u00a0cuando se present\u00f3 el proyecto ante la\u00a0Secretar\u00eda se destac\u00f3 el tema\u00a0tur\u00edstico y se va a ofrecer la sala,\u00a0cuando est\u00e9 lista, para que vengan a\u00a0visitar las escuelas, los turistas y\u00a0 alguna delegaci\u00f3n que tenga\u00a0inter\u00e9s en conocer cu\u00e1l es el proceso.\u00a0O sea que puede ser paseo tem\u00e1tico y a\u00a0su vez venta de productos&#8221;<\/p>\n<p><iframe loading=\"lazy\" title=\"2023 10 06 PARQUE APICOLA 2 ADRIANA MUSCILLO\" width=\"500\" height=\"281\" src=\"https:\/\/www.youtube.com\/embed\/_X5xpDpeVQE?feature=oembed\" frameborder=\"0\" allow=\"accelerometer; autoplay; clipboard-write; encrypted-media; gyroscope; picture-in-picture; web-share\" referrerpolicy=\"strict-origin-when-cross-origin\" allowfullscreen><\/iframe><\/p>\n<p><strong>Jorge Diez &#8211; Tesorero de la Cooperativa Ap\u00edcola de Tornquist<\/strong><\/p>\n<p>&#8220;La obra crece y la cuenta se achica pero estuvimos con Mart\u00edn y Nico (Sanchez) para que los n\u00fameros nos den y gracias a Dios pudimos comprar todos los materiales enseguida y por eso vamos a poder concluir esta etapa como era la idea&#8221;<\/p>\n<p>&#8221; La ordenanza sancionada hace algunos d\u00edas por el HCD. era algo que est\u00e1bamos anhelando mucho porque nos permite ordenar el parque ap\u00edcola. Si bien una cosa es la Cooperativa y otra el Parque Ap\u00edcola Municipal que est\u00e1 integrado por apicultores que tambi\u00e9n integran la cooperativa. La ordenanza nos permite tener todo bien reglamentado y nadie puede venir a utilizar un terreno que no sea par apicultura&#8221;<\/p>\n<p>&#8220;En cuanto a la\u00a0 obra edilicia vamos bien, pero despu\u00e9s faltan los detalles que son los que mas te llevan. En pocos d\u00edas concluyen los revoques y luego el cerramiento de arriba que se hace con chapas y despu\u00e9s comienzan los trabajos en el interior&#8221;<\/p>\n<p>&#8220;Primero queremos tener la sala de extracci\u00f3n que es lo mas esencial y despu\u00e9s con el\u00a0 tiempo habilitarla como una envasadora para darle valor agregado. Estamos en\u00a0 una zona tur\u00edstica y tenemos que aprovecharlo&#8221;<\/p>\n<p>&#8220;Tenemos que pensar en terminar esta etapa y rendir todas las cuentas como corresponde y veremos como seguimos e intentaremos lograr alguna financiaci\u00f3n para la compra de maquinarias&#8221;<\/p>\n<p><iframe loading=\"lazy\" title=\"2023 10 06 PARQUE APICOLA 3 JORGE DIEZ\" width=\"500\" height=\"281\" src=\"https:\/\/www.youtube.com\/embed\/ER7S2yVw6uk?feature=oembed\" frameborder=\"0\" allow=\"accelerometer; autoplay; clipboard-write; encrypted-media; gyroscope; picture-in-picture; web-share\" referrerpolicy=\"strict-origin-when-cross-origin\" allowfullscreen><\/iframe><\/p>\n<p><strong>Ing. Mart\u00edn Sanchez &#8211; Empresa responsable de la obra<\/strong><\/p>\n<p>&#8220;Gracias a los integrantes de la Cooperativa que desde un primer momento trabajamos con ellos, con Nico (Sanchez) hicimos el proyecto y gracias al proyecto y a otras cosas\u00a0 pudieron conseguir el financiamiento desde naci\u00f3n y nos dieron la posibilidad de poder presentar un presupuesto. Nos ajustamos mucho a la obra y quisimos hacer un presupuesto para poder dejar la obra lista en los tiempos previstos&#8221;<\/p>\n<p>&#8220;Hoy no acompa\u00f1an mucho a lo que son los presupuestos al congelamiento de precios Pero pudimos llegar a un acuerdo y estamos avanzando,\u00a0 hoy tenemos m\u00e1s o menos un 40 o 50% de la obra ejecutada y ya, como dec\u00edan los chicos., los materiales ya est\u00e1n todos congelados y queda nada m\u00e1s que la ejecuci\u00f3n de mano de obra&#8221;<\/p>\n<p>&#8220;Es un desaf\u00edo que queda algo en Tornquist y queda algo para una Cooperativa y gente que realmente lo necesita y\u00a0 la parte de la calidad humana que tienen. Estamos continuamente proyectando lo que dec\u00eda Ale todo lo que es la parte interna eso conlleva un ida y vuelta con ellos que son los que realmente saben del tema nos van tirando propuestas Y nosotros las vamos llevando a cabo y la realidad en planos, para poder hacer que queden espacios de por vida&#8221;<\/p>\n<p>&#8220;Ellos son los que saben los espacios que necesitan as\u00ed que nosotros los vamos guiando y los vamos orientando y tambi\u00e9n lo vamos plasmando en plano que eso es fundamental&#8221;<\/p>\n<p>&#8220;Da gusto trabajar ac\u00e1 con la vista que tenemos, es\u00a0 verdad que nosotros hay veces que venimos los fin de semana pues tenemos libre y trabajar ac\u00e1 es hermoso. La idea es tratar de finalizar la obra para fines de diciembre pero hay veces que los tiempos clim\u00e1ticos te complican. Por ejemplo ahora tenemos que hacer el cerramiento y un d\u00eda como hoy, con viento, es imposible pero lo vamos trabajando. Y tambi\u00e9n depende la las reformas que hay que hacer internamente si hay que hacer alg\u00fan reajuste lo vamos a ir modificando y\u00a0 eso capaz que se atrasa un poquito pero la idea es que en diciembre o los primeros d\u00eda de enero est\u00e9 concluido&#8221;<\/p>\n<p><iframe loading=\"lazy\" title=\"2023 10 06 PARQUE APICOLA 4 MARTIN SANCHEZ\" width=\"500\" height=\"281\" src=\"https:\/\/www.youtube.com\/embed\/QWNxfx0gpD0?feature=oembed\" frameborder=\"0\" allow=\"accelerometer; autoplay; clipboard-write; encrypted-media; gyroscope; picture-in-picture; web-share\" referrerpolicy=\"strict-origin-when-cross-origin\" allowfullscreen><\/iframe><\/p>\n<p><img loading=\"lazy\" decoding=\"async\" class=\"alignnone wp-image-79758 size-full\" src=\"http:\/\/www.celttv.com.ar\/wp-content\/uploads\/2023\/10\/20231006_105804-Medium.jpg\" alt=\"\" width=\"1024\" height=\"768\" srcset=\"https:\/\/www.celttv.com.ar\/wp-content\/uploads\/2023\/10\/20231006_105804-Medium.jpg 1024w, https:\/\/www.celttv.com.ar\/wp-content\/uploads\/2023\/10\/20231006_105804-Medium-300x225.jpg 300w, https:\/\/www.celttv.com.ar\/wp-content\/uploads\/2023\/10\/20231006_105804-Medium-768x576.jpg 768w, https:\/\/www.celttv.com.ar\/wp-content\/uploads\/2023\/10\/20231006_105804-Medium-750x563.jpg 750w\" sizes=\"auto, (max-width: 1024px) 100vw, 1024px\" \/> <img loading=\"lazy\" decoding=\"async\" class=\"alignnone wp-image-79759 size-full\" src=\"http:\/\/www.celttv.com.ar\/wp-content\/uploads\/2023\/10\/20231006_105827-Medium.jpg\" alt=\"\" width=\"1024\" height=\"768\" srcset=\"https:\/\/www.celttv.com.ar\/wp-content\/uploads\/2023\/10\/20231006_105827-Medium.jpg 1024w, https:\/\/www.celttv.com.ar\/wp-content\/uploads\/2023\/10\/20231006_105827-Medium-300x225.jpg 300w, https:\/\/www.celttv.com.ar\/wp-content\/uploads\/2023\/10\/20231006_105827-Medium-768x576.jpg 768w, https:\/\/www.celttv.com.ar\/wp-content\/uploads\/2023\/10\/20231006_105827-Medium-750x563.jpg 750w\" sizes=\"auto, (max-width: 1024px) 100vw, 1024px\" \/> <img loading=\"lazy\" decoding=\"async\" class=\"alignnone wp-image-79760 size-full\" src=\"http:\/\/www.celttv.com.ar\/wp-content\/uploads\/2023\/10\/IMG_1104-Medium.jpg\" alt=\"\" width=\"1152\" height=\"768\" srcset=\"https:\/\/www.celttv.com.ar\/wp-content\/uploads\/2023\/10\/IMG_1104-Medium.jpg 1152w, https:\/\/www.celttv.com.ar\/wp-content\/uploads\/2023\/10\/IMG_1104-Medium-300x200.jpg 300w, https:\/\/www.celttv.com.ar\/wp-content\/uploads\/2023\/10\/IMG_1104-Medium-1024x683.jpg 1024w, https:\/\/www.celttv.com.ar\/wp-content\/uploads\/2023\/10\/IMG_1104-Medium-768x512.jpg 768w, https:\/\/www.celttv.com.ar\/wp-content\/uploads\/2023\/10\/IMG_1104-Medium-750x500.jpg 750w, https:\/\/www.celttv.com.ar\/wp-content\/uploads\/2023\/10\/IMG_1104-Medium-1140x760.jpg 1140w\" sizes=\"auto, (max-width: 1152px) 100vw, 1152px\" \/> <img loading=\"lazy\" decoding=\"async\" class=\"alignnone wp-image-79761 size-full\" src=\"http:\/\/www.celttv.com.ar\/wp-content\/uploads\/2023\/10\/IMG_1105-Medium.jpg\" alt=\"\" width=\"1152\" height=\"768\" srcset=\"https:\/\/www.celttv.com.ar\/wp-content\/uploads\/2023\/10\/IMG_1105-Medium.jpg 1152w, https:\/\/www.celttv.com.ar\/wp-content\/uploads\/2023\/10\/IMG_1105-Medium-300x200.jpg 300w, https:\/\/www.celttv.com.ar\/wp-content\/uploads\/2023\/10\/IMG_1105-Medium-1024x683.jpg 1024w, https:\/\/www.celttv.com.ar\/wp-content\/uploads\/2023\/10\/IMG_1105-Medium-768x512.jpg 768w, https:\/\/www.celttv.com.ar\/wp-content\/uploads\/2023\/10\/IMG_1105-Medium-750x500.jpg 750w, https:\/\/www.celttv.com.ar\/wp-content\/uploads\/2023\/10\/IMG_1105-Medium-1140x760.jpg 1140w\" sizes=\"auto, (max-width: 1152px) 100vw, 1152px\" \/> <img loading=\"lazy\" decoding=\"async\" class=\"alignnone wp-image-79762 size-full\" src=\"http:\/\/www.celttv.com.ar\/wp-content\/uploads\/2023\/10\/IMG_1106-Medium.jpg\" alt=\"\" width=\"1152\" height=\"768\" srcset=\"https:\/\/www.celttv.com.ar\/wp-content\/uploads\/2023\/10\/IMG_1106-Medium.jpg 1152w, https:\/\/www.celttv.com.ar\/wp-content\/uploads\/2023\/10\/IMG_1106-Medium-300x200.jpg 300w, https:\/\/www.celttv.com.ar\/wp-content\/uploads\/2023\/10\/IMG_1106-Medium-1024x683.jpg 1024w, https:\/\/www.celttv.com.ar\/wp-content\/uploads\/2023\/10\/IMG_1106-Medium-768x512.jpg 768w, https:\/\/www.celttv.com.ar\/wp-content\/uploads\/2023\/10\/IMG_1106-Medium-750x500.jpg 750w, https:\/\/www.celttv.com.ar\/wp-content\/uploads\/2023\/10\/IMG_1106-Medium-1140x760.jpg 1140w\" sizes=\"auto, (max-width: 1152px) 100vw, 1152px\" \/><\/p>\n","protected":false},"excerpt":{"rendered":"<p>Avanza a buen ritmo la construcci\u00f3n de la Sala de Extracci\u00f3n de la Cooperativa Ap\u00edcola de Tornquist y una vez hecho realidad \u00e9ste desaf\u00edo, ya tiene en agenda la posibilidad de instalar una envasadora y darle valor agregado a una materia prima reconocida en nuestra zona por su calidad. CELTTV Noticias dialog\u00f3 con Alejandro Paris, [&hellip;]<\/p>\n","protected":false},"author":5,"featured_media":79762,"comment_status":"closed","ping_status":"closed","sticky":false,"template":"","format":"standard","meta":{"footnotes":""},"categories":[51,52,65,1],"tags":[],"class_list":["post-79753","post","type-post","status-publish","format-standard","has-post-thumbnail","hentry","category-comunidad","category-destacadas","category-produccion","category-sin-categoria"],"yoast_head":"<!-- This site is optimized with the Yoast SEO plugin v19.7.1 - https:\/\/yoast.com\/wordpress\/plugins\/seo\/ -->\n<title>Avanza a buen ritmo la construcci\u00f3n de la Sala de Extracci\u00f3n de la Cooperativa Ap\u00edcola - CELTTV<\/title>\n<meta name=\"description\" content=\"Sitio web de noticias de la localidad de Tornquist, provincia de Buenos Aires, Rep\u00fablica Argentina. Contenido propio originado por periodistas de CELTTV, el canal de TV local de la Cooperativa El\u00e9ctrica de Tornquist. Turismo, Pol\u00edtica, Sociedad, Deporte, Cultura y todo el contenido de inter\u00e9s general que la gente del pueblo y la regi\u00f3n debe conocer.\" \/>\n<meta name=\"robots\" content=\"index, follow, max-snippet:-1, max-image-preview:large, max-video-preview:-1\" \/>\n<link rel=\"canonical\" href=\"https:\/\/www.celttv.com.ar\/index.php\/2023\/10\/16\/avanza-a-buen-ritmo-la-construccion-de-la-sala-de-extraccion-de-la-cooperativa-apicola\/\" \/>\n<meta property=\"og:locale\" content=\"es_ES\" \/>\n<meta property=\"og:type\" content=\"article\" \/>\n<meta property=\"og:title\" content=\"Avanza a buen ritmo la construcci\u00f3n de la Sala de Extracci\u00f3n de la Cooperativa Ap\u00edcola - CELTTV\" \/>\n<meta property=\"og:description\" content=\"Sitio web de noticias de la localidad de Tornquist, provincia de Buenos Aires, Rep\u00fablica Argentina. Contenido propio originado por periodistas de CELTTV, el canal de TV local de la Cooperativa El\u00e9ctrica de Tornquist. Turismo, Pol\u00edtica, Sociedad, Deporte, Cultura y todo el contenido de inter\u00e9s general que la gente del pueblo y la regi\u00f3n debe conocer.\" \/>\n<meta property=\"og:url\" content=\"https:\/\/www.celttv.com.ar\/index.php\/2023\/10\/16\/avanza-a-buen-ritmo-la-construccion-de-la-sala-de-extraccion-de-la-cooperativa-apicola\/\" \/>\n<meta property=\"og:site_name\" content=\"CELTTV\" \/>\n<meta property=\"article:publisher\" content=\"https:\/\/www.facebook.com\/celtTV\/\" \/>\n<meta property=\"article:published_time\" content=\"2023-10-17T00:10:47+00:00\" \/>\n<meta property=\"article:modified_time\" content=\"2023-10-17T00:15:39+00:00\" \/>\n<meta property=\"og:image\" content=\"https:\/\/www.celttv.com.ar\/wp-content\/uploads\/2023\/10\/IMG_1106-Medium.jpg\" \/>\n\t<meta property=\"og:image:width\" content=\"1152\" \/>\n\t<meta property=\"og:image:height\" content=\"768\" \/>\n\t<meta property=\"og:image:type\" content=\"image\/jpeg\" \/>\n<meta name=\"author\" content=\"Miguel Herrada\" \/>\n<meta name=\"twitter:card\" content=\"summary_large_image\" \/>\n<meta name=\"twitter:label1\" content=\"Escrito por\" \/>\n\t<meta name=\"twitter:data1\" content=\"Miguel Herrada\" \/>\n\t<meta name=\"twitter:label2\" content=\"Tiempo de lectura\" \/>\n\t<meta name=\"twitter:data2\" content=\"7 minutos\" \/>\n<script type=\"application\/ld+json\" class=\"yoast-schema-graph\">{\"@context\":\"https:\/\/schema.org\",\"@graph\":[{\"@type\":\"NewsArticle\",\"@id\":\"https:\/\/www.celttv.com.ar\/index.php\/2023\/10\/16\/avanza-a-buen-ritmo-la-construccion-de-la-sala-de-extraccion-de-la-cooperativa-apicola\/#article\",\"isPartOf\":{\"@id\":\"https:\/\/www.celttv.com.ar\/index.php\/2023\/10\/16\/avanza-a-buen-ritmo-la-construccion-de-la-sala-de-extraccion-de-la-cooperativa-apicola\/\"},\"author\":{\"name\":\"Miguel Herrada\",\"@id\":\"https:\/\/www.celttv.com.ar\/#\/schema\/person\/9059dc91dc7204ef4182cdb65225f07d\"},\"headline\":\"Avanza a buen ritmo la construcci\u00f3n de la Sala de Extracci\u00f3n de la Cooperativa Ap\u00edcola\",\"datePublished\":\"2023-10-17T00:10:47+00:00\",\"dateModified\":\"2023-10-17T00:15:39+00:00\",\"mainEntityOfPage\":{\"@id\":\"https:\/\/www.celttv.com.ar\/index.php\/2023\/10\/16\/avanza-a-buen-ritmo-la-construccion-de-la-sala-de-extraccion-de-la-cooperativa-apicola\/\"},\"wordCount\":1472,\"publisher\":{\"@id\":\"https:\/\/www.celttv.com.ar\/#organization\"},\"articleSection\":[\"Comunidad\",\"Destacadas\",\"Producci\u00f3n y Medio Ambiente\"],\"inLanguage\":\"es\"},{\"@type\":\"WebPage\",\"@id\":\"https:\/\/www.celttv.com.ar\/index.php\/2023\/10\/16\/avanza-a-buen-ritmo-la-construccion-de-la-sala-de-extraccion-de-la-cooperativa-apicola\/\",\"url\":\"https:\/\/www.celttv.com.ar\/index.php\/2023\/10\/16\/avanza-a-buen-ritmo-la-construccion-de-la-sala-de-extraccion-de-la-cooperativa-apicola\/\",\"name\":\"Avanza a buen ritmo la construcci\u00f3n de la Sala de Extracci\u00f3n de la Cooperativa Ap\u00edcola - CELTTV\",\"isPartOf\":{\"@id\":\"https:\/\/www.celttv.com.ar\/#website\"},\"datePublished\":\"2023-10-17T00:10:47+00:00\",\"dateModified\":\"2023-10-17T00:15:39+00:00\",\"description\":\"Sitio web de noticias de la localidad de Tornquist, provincia de Buenos Aires, Rep\u00fablica Argentina. Contenido propio originado por periodistas de CELTTV, el canal de TV local de la Cooperativa El\u00e9ctrica de Tornquist. Turismo, Pol\u00edtica, Sociedad, Deporte, Cultura y todo el contenido de inter\u00e9s general que la gente del pueblo y la regi\u00f3n debe conocer.\",\"breadcrumb\":{\"@id\":\"https:\/\/www.celttv.com.ar\/index.php\/2023\/10\/16\/avanza-a-buen-ritmo-la-construccion-de-la-sala-de-extraccion-de-la-cooperativa-apicola\/#breadcrumb\"},\"inLanguage\":\"es\",\"potentialAction\":[{\"@type\":\"ReadAction\",\"target\":[\"https:\/\/www.celttv.com.ar\/index.php\/2023\/10\/16\/avanza-a-buen-ritmo-la-construccion-de-la-sala-de-extraccion-de-la-cooperativa-apicola\/\"]}]},{\"@type\":\"BreadcrumbList\",\"@id\":\"https:\/\/www.celttv.com.ar\/index.php\/2023\/10\/16\/avanza-a-buen-ritmo-la-construccion-de-la-sala-de-extraccion-de-la-cooperativa-apicola\/#breadcrumb\",\"itemListElement\":[{\"@type\":\"ListItem\",\"position\":1,\"name\":\"Inicio\",\"item\":\"https:\/\/www.celttv.com.ar\/\"},{\"@type\":\"ListItem\",\"position\":2,\"name\":\"Avanza a buen ritmo la construcci\u00f3n de la Sala de Extracci\u00f3n de la Cooperativa Ap\u00edcola\"}]},{\"@type\":\"WebSite\",\"@id\":\"https:\/\/www.celttv.com.ar\/#website\",\"url\":\"https:\/\/www.celttv.com.ar\/\",\"name\":\"CELTTV\",\"description\":\"Cooperativa El\u00e9ctrica de Tornquist\",\"publisher\":{\"@id\":\"https:\/\/www.celttv.com.ar\/#organization\"},\"potentialAction\":[{\"@type\":\"SearchAction\",\"target\":{\"@type\":\"EntryPoint\",\"urlTemplate\":\"https:\/\/www.celttv.com.ar\/?s={search_term_string}\"},\"query-input\":\"required name=search_term_string\"}],\"inLanguage\":\"es\"},{\"@type\":\"Organization\",\"@id\":\"https:\/\/www.celttv.com.ar\/#organization\",\"name\":\"CELTTV\",\"url\":\"https:\/\/www.celttv.com.ar\/\",\"sameAs\":[\"https:\/\/www.youtube.com\/channel\/UCz_oIt8Hig64Ub-EmcNPIhg\",\"https:\/\/www.facebook.com\/celtTV\/\"],\"logo\":{\"@type\":\"ImageObject\",\"inLanguage\":\"es\",\"@id\":\"https:\/\/www.celttv.com.ar\/#\/schema\/logo\/image\/\",\"url\":\"http:\/\/www.celttv.com.ar\/wp-content\/uploads\/2022\/08\/logo-1.png\",\"contentUrl\":\"http:\/\/www.celttv.com.ar\/wp-content\/uploads\/2022\/08\/logo-1.png\",\"width\":461,\"height\":159,\"caption\":\"CELTTV\"},\"image\":{\"@id\":\"https:\/\/www.celttv.com.ar\/#\/schema\/logo\/image\/\"}},{\"@type\":\"Person\",\"@id\":\"https:\/\/www.celttv.com.ar\/#\/schema\/person\/9059dc91dc7204ef4182cdb65225f07d\",\"name\":\"Miguel Herrada\",\"image\":{\"@type\":\"ImageObject\",\"inLanguage\":\"es\",\"@id\":\"https:\/\/www.celttv.com.ar\/#\/schema\/person\/image\/\",\"url\":\"https:\/\/secure.gravatar.com\/avatar\/67724d5b3c716623ffd76bec7e45841a442ac3b456e914dbba90b0fad2b8e0b1?s=96&d=mm&r=g\",\"contentUrl\":\"https:\/\/secure.gravatar.com\/avatar\/67724d5b3c716623ffd76bec7e45841a442ac3b456e914dbba90b0fad2b8e0b1?s=96&d=mm&r=g\",\"caption\":\"Miguel Herrada\"}}]}<\/script>\n<!-- \/ Yoast SEO plugin. -->","yoast_head_json":{"title":"Avanza a buen ritmo la construcci\u00f3n de la Sala de Extracci\u00f3n de la Cooperativa Ap\u00edcola - CELTTV","description":"Sitio web de noticias de la localidad de Tornquist, provincia de Buenos Aires, Rep\u00fablica Argentina. Contenido propio originado por periodistas de CELTTV, el canal de TV local de la Cooperativa El\u00e9ctrica de Tornquist. Turismo, Pol\u00edtica, Sociedad, Deporte, Cultura y todo el contenido de inter\u00e9s general que la gente del pueblo y la regi\u00f3n debe conocer.","robots":{"index":"index","follow":"follow","max-snippet":"max-snippet:-1","max-image-preview":"max-image-preview:large","max-video-preview":"max-video-preview:-1"},"canonical":"https:\/\/www.celttv.com.ar\/index.php\/2023\/10\/16\/avanza-a-buen-ritmo-la-construccion-de-la-sala-de-extraccion-de-la-cooperativa-apicola\/","og_locale":"es_ES","og_type":"article","og_title":"Avanza a buen ritmo la construcci\u00f3n de la Sala de Extracci\u00f3n de la Cooperativa Ap\u00edcola - CELTTV","og_description":"Sitio web de noticias de la localidad de Tornquist, provincia de Buenos Aires, Rep\u00fablica Argentina. Contenido propio originado por periodistas de CELTTV, el canal de TV local de la Cooperativa El\u00e9ctrica de Tornquist. Turismo, Pol\u00edtica, Sociedad, Deporte, Cultura y todo el contenido de inter\u00e9s general que la gente del pueblo y la regi\u00f3n debe conocer.","og_url":"https:\/\/www.celttv.com.ar\/index.php\/2023\/10\/16\/avanza-a-buen-ritmo-la-construccion-de-la-sala-de-extraccion-de-la-cooperativa-apicola\/","og_site_name":"CELTTV","article_publisher":"https:\/\/www.facebook.com\/celtTV\/","article_published_time":"2023-10-17T00:10:47+00:00","article_modified_time":"2023-10-17T00:15:39+00:00","og_image":[{"width":1152,"height":768,"url":"https:\/\/www.celttv.com.ar\/wp-content\/uploads\/2023\/10\/IMG_1106-Medium.jpg","type":"image\/jpeg"}],"author":"Miguel Herrada","twitter_card":"summary_large_image","twitter_misc":{"Escrito por":"Miguel Herrada","Tiempo de lectura":"7 minutos"},"schema":{"@context":"https:\/\/schema.org","@graph":[{"@type":"NewsArticle","@id":"https:\/\/www.celttv.com.ar\/index.php\/2023\/10\/16\/avanza-a-buen-ritmo-la-construccion-de-la-sala-de-extraccion-de-la-cooperativa-apicola\/#article","isPartOf":{"@id":"https:\/\/www.celttv.com.ar\/index.php\/2023\/10\/16\/avanza-a-buen-ritmo-la-construccion-de-la-sala-de-extraccion-de-la-cooperativa-apicola\/"},"author":{"name":"Miguel Herrada","@id":"https:\/\/www.celttv.com.ar\/#\/schema\/person\/9059dc91dc7204ef4182cdb65225f07d"},"headline":"Avanza a buen ritmo la construcci\u00f3n de la Sala de Extracci\u00f3n de la Cooperativa Ap\u00edcola","datePublished":"2023-10-17T00:10:47+00:00","dateModified":"2023-10-17T00:15:39+00:00","mainEntityOfPage":{"@id":"https:\/\/www.celttv.com.ar\/index.php\/2023\/10\/16\/avanza-a-buen-ritmo-la-construccion-de-la-sala-de-extraccion-de-la-cooperativa-apicola\/"},"wordCount":1472,"publisher":{"@id":"https:\/\/www.celttv.com.ar\/#organization"},"articleSection":["Comunidad","Destacadas","Producci\u00f3n y Medio Ambiente"],"inLanguage":"es"},{"@type":"WebPage","@id":"https:\/\/www.celttv.com.ar\/index.php\/2023\/10\/16\/avanza-a-buen-ritmo-la-construccion-de-la-sala-de-extraccion-de-la-cooperativa-apicola\/","url":"https:\/\/www.celttv.com.ar\/index.php\/2023\/10\/16\/avanza-a-buen-ritmo-la-construccion-de-la-sala-de-extraccion-de-la-cooperativa-apicola\/","name":"Avanza a buen ritmo la construcci\u00f3n de la Sala de Extracci\u00f3n de la Cooperativa Ap\u00edcola - CELTTV","isPartOf":{"@id":"https:\/\/www.celttv.com.ar\/#website"},"datePublished":"2023-10-17T00:10:47+00:00","dateModified":"2023-10-17T00:15:39+00:00","description":"Sitio web de noticias de la localidad de Tornquist, provincia de Buenos Aires, Rep\u00fablica Argentina. Contenido propio originado por periodistas de CELTTV, el canal de TV local de la Cooperativa El\u00e9ctrica de Tornquist. Turismo, Pol\u00edtica, Sociedad, Deporte, Cultura y todo el contenido de inter\u00e9s general que la gente del pueblo y la regi\u00f3n debe conocer.","breadcrumb":{"@id":"https:\/\/www.celttv.com.ar\/index.php\/2023\/10\/16\/avanza-a-buen-ritmo-la-construccion-de-la-sala-de-extraccion-de-la-cooperativa-apicola\/#breadcrumb"},"inLanguage":"es","potentialAction":[{"@type":"ReadAction","target":["https:\/\/www.celttv.com.ar\/index.php\/2023\/10\/16\/avanza-a-buen-ritmo-la-construccion-de-la-sala-de-extraccion-de-la-cooperativa-apicola\/"]}]},{"@type":"BreadcrumbList","@id":"https:\/\/www.celttv.com.ar\/index.php\/2023\/10\/16\/avanza-a-buen-ritmo-la-construccion-de-la-sala-de-extraccion-de-la-cooperativa-apicola\/#breadcrumb","itemListElement":[{"@type":"ListItem","position":1,"name":"Inicio","item":"https:\/\/www.celttv.com.ar\/"},{"@type":"ListItem","position":2,"name":"Avanza a buen ritmo la construcci\u00f3n de la Sala de Extracci\u00f3n de la Cooperativa Ap\u00edcola"}]},{"@type":"WebSite","@id":"https:\/\/www.celttv.com.ar\/#website","url":"https:\/\/www.celttv.com.ar\/","name":"CELTTV","description":"Cooperativa El\u00e9ctrica de Tornquist","publisher":{"@id":"https:\/\/www.celttv.com.ar\/#organization"},"potentialAction":[{"@type":"SearchAction","target":{"@type":"EntryPoint","urlTemplate":"https:\/\/www.celttv.com.ar\/?s={search_term_string}"},"query-input":"required name=search_term_string"}],"inLanguage":"es"},{"@type":"Organization","@id":"https:\/\/www.celttv.com.ar\/#organization","name":"CELTTV","url":"https:\/\/www.celttv.com.ar\/","sameAs":["https:\/\/www.youtube.com\/channel\/UCz_oIt8Hig64Ub-EmcNPIhg","https:\/\/www.facebook.com\/celtTV\/"],"logo":{"@type":"ImageObject","inLanguage":"es","@id":"https:\/\/www.celttv.com.ar\/#\/schema\/logo\/image\/","url":"http:\/\/www.celttv.com.ar\/wp-content\/uploads\/2022\/08\/logo-1.png","contentUrl":"http:\/\/www.celttv.com.ar\/wp-content\/uploads\/2022\/08\/logo-1.png","width":461,"height":159,"caption":"CELTTV"},"image":{"@id":"https:\/\/www.celttv.com.ar\/#\/schema\/logo\/image\/"}},{"@type":"Person","@id":"https:\/\/www.celttv.com.ar\/#\/schema\/person\/9059dc91dc7204ef4182cdb65225f07d","name":"Miguel Herrada","image":{"@type":"ImageObject","inLanguage":"es","@id":"https:\/\/www.celttv.com.ar\/#\/schema\/person\/image\/","url":"https:\/\/secure.gravatar.com\/avatar\/67724d5b3c716623ffd76bec7e45841a442ac3b456e914dbba90b0fad2b8e0b1?s=96&d=mm&r=g","contentUrl":"https:\/\/secure.gravatar.com\/avatar\/67724d5b3c716623ffd76bec7e45841a442ac3b456e914dbba90b0fad2b8e0b1?s=96&d=mm&r=g","caption":"Miguel Herrada"}}]}},"_links":{"self":[{"href":"https:\/\/www.celttv.com.ar\/index.php\/wp-json\/wp\/v2\/posts\/79753","targetHints":{"allow":["GET"]}}],"collection":[{"href":"https:\/\/www.celttv.com.ar\/index.php\/wp-json\/wp\/v2\/posts"}],"about":[{"href":"https:\/\/www.celttv.com.ar\/index.php\/wp-json\/wp\/v2\/types\/post"}],"author":[{"embeddable":true,"href":"https:\/\/www.celttv.com.ar\/index.php\/wp-json\/wp\/v2\/users\/5"}],"replies":[{"embeddable":true,"href":"https:\/\/www.celttv.com.ar\/index.php\/wp-json\/wp\/v2\/comments?post=79753"}],"version-history":[{"count":8,"href":"https:\/\/www.celttv.com.ar\/index.php\/wp-json\/wp\/v2\/posts\/79753\/revisions"}],"predecessor-version":[{"id":79766,"href":"https:\/\/www.celttv.com.ar\/index.php\/wp-json\/wp\/v2\/posts\/79753\/revisions\/79766"}],"wp:featuredmedia":[{"embeddable":true,"href":"https:\/\/www.celttv.com.ar\/index.php\/wp-json\/wp\/v2\/media\/79762"}],"wp:attachment":[{"href":"https:\/\/www.celttv.com.ar\/index.php\/wp-json\/wp\/v2\/media?parent=79753"}],"wp:term":[{"taxonomy":"category","embeddable":true,"href":"https:\/\/www.celttv.com.ar\/index.php\/wp-json\/wp\/v2\/categories?post=79753"},{"taxonomy":"post_tag","embeddable":true,"href":"https:\/\/www.celttv.com.ar\/index.php\/wp-json\/wp\/v2\/tags?post=79753"}],"curies":[{"name":"wp","href":"https:\/\/api.w.org\/{rel}","templated":true}]}}