{"id":79899,"date":"2023-10-23T10:54:35","date_gmt":"2023-10-23T13:54:35","guid":{"rendered":"http:\/\/www.celttv.com.ar\/?p=79899"},"modified":"2023-10-23T10:54:35","modified_gmt":"2023-10-23T13:54:35","slug":"convocatoria-de-la-celt-para-la-incorporacion-de-personal-jerarquico","status":"publish","type":"post","link":"https:\/\/www.celttv.com.ar\/index.php\/2023\/10\/23\/convocatoria-de-la-celt-para-la-incorporacion-de-personal-jerarquico\/","title":{"rendered":"Convocatoria de la CELT. para la incorporaci\u00f3n de Personal Jer\u00e1rquico"},"content":{"rendered":"<h5><span style=\"font-size: medium;\"><b>Convocatoria Personal Jer\u00e1rquico <\/b><\/span><\/h5>\n<h5><span style=\"font-size: medium;\"><b>Cooperativa El\u00e9ctrica Ltda. de Tornquist<\/b><\/span><\/h5>\n<h5><a name=\"Bookmark\"><\/a> <span style=\"font-size: large;\">Enviar CV a celt@celt.com.ar del 23\/10 al 03\/11 inclusive<\/span>.<\/h5>\n<h5><span style=\"font-size: medium;\"><b>T\u00edtulo del Puesto<\/b><\/span><span style=\"font-size: medium;\">: Gerente de Cooperativa El\u00e9ctrica Ltda. de Tornquist.<\/span><\/h5>\n<h5><span style=\"font-size: medium;\"><b>Formaci\u00f3n:<\/b><\/span><span style=\"font-size: medium;\"> Ingeniero Electricista. <\/span><\/h5>\n<h5><span style=\"font-size: medium;\">Conocimiento de los sistemas el\u00e9ctricos, regulaciones del sector y est\u00e1ndares de seguridad. <\/span><\/h5>\n<h5><span style=\"font-size: medium;\">Habilidades de comunicaci\u00f3n y relaciones interpersonales.<\/span><\/h5>\n<h5><span style=\"font-size: medium;\">Liderazgo con experiencia en la industria el\u00e9ctrica, que pueda combinar la experiencia t\u00e9cnica con una visi\u00f3n estrat\u00e9gica para el crecimiento y la innovaci\u00f3n de la Organizaci\u00f3n.<\/span><\/h5>\n<h5><span style=\"font-size: medium;\"><b>Funciones:<\/b><\/span><\/h5>\n<h5><span style=\"font-size: medium;\">Planificar y ejecutar proyectos de mejora y expansi\u00f3n de la infraestructura.<\/span><\/h5>\n<h5><span style=\"font-size: medium;\">Desarrollar estrategias para optimizar la eficiencia operativa y el servicio al usuario.<\/span><\/h5>\n<h5><span style=\"font-size: medium;\">Supervisar, analizar y optimizar recursos.<\/span><\/h5>\n<h5><span style=\"font-size: medium;\">Dirigir, capacitar y motivar al personal y fomentar un ambiente de trabajo colaborativo y de alto rendimiento. Desplegar objetivos a los distintos sectores.<\/span><\/h5>\n<h5><span style=\"font-size: medium;\">Colaborar con el Consejo de Administraci\u00f3n en la toma de decisiones, definir objetivos y metas para el buen funcionamiento de la cooperativa. Elaborar informes.<\/span><\/h5>\n<h5><span style=\"font-size: medium;\">La Cooperativa El\u00e9ctrica es parte de la Comunidad local, mantener relaciones s\u00f3lidas con l\u00edderes comunitarios es esencial para la Organizaci\u00f3n.<\/span><\/h5>\n","protected":false},"excerpt":{"rendered":"<p>Convocatoria Personal Jer\u00e1rquico Cooperativa El\u00e9ctrica Ltda. de Tornquist Enviar CV a celt@celt.com.ar del 23\/10 al 03\/11 inclusive. T\u00edtulo del Puesto: Gerente de Cooperativa El\u00e9ctrica Ltda. de Tornquist. Formaci\u00f3n: Ingeniero Electricista. Conocimiento de los sistemas el\u00e9ctricos, regulaciones del sector y est\u00e1ndares de seguridad. Habilidades de comunicaci\u00f3n y relaciones interpersonales. Liderazgo con experiencia en la industria el\u00e9ctrica, [&hellip;]<\/p>\n","protected":false},"author":3,"featured_media":75593,"comment_status":"closed","ping_status":"closed","sticky":false,"template":"","format":"standard","meta":{"footnotes":""},"categories":[55,51,52],"tags":[],"class_list":["post-79899","post","type-post","status-publish","format-standard","has-post-thumbnail","hentry","category-celt-tv-noticias","category-comunidad","category-destacadas"],"yoast_head":"<!-- This site is optimized with the Yoast SEO plugin v19.7.1 - https:\/\/yoast.com\/wordpress\/plugins\/seo\/ -->\n<title>Convocatoria de la CELT. para la incorporaci\u00f3n de Personal Jer\u00e1rquico - CELTTV<\/title>\n<meta name=\"description\" content=\"Sitio web de noticias de la localidad de Tornquist, provincia de Buenos Aires, Rep\u00fablica Argentina. Contenido propio originado por periodistas de CELTTV, el canal de TV local de la Cooperativa El\u00e9ctrica de Tornquist. Turismo, Pol\u00edtica, Sociedad, Deporte, Cultura y todo el contenido de inter\u00e9s general que la gente del pueblo y la regi\u00f3n debe conocer.\" \/>\n<meta name=\"robots\" content=\"index, follow, max-snippet:-1, max-image-preview:large, max-video-preview:-1\" \/>\n<link rel=\"canonical\" href=\"https:\/\/www.celttv.com.ar\/index.php\/2023\/10\/23\/convocatoria-de-la-celt-para-la-incorporacion-de-personal-jerarquico\/\" \/>\n<meta property=\"og:locale\" content=\"es_ES\" \/>\n<meta property=\"og:type\" content=\"article\" \/>\n<meta property=\"og:title\" content=\"Convocatoria de la CELT. para la incorporaci\u00f3n de Personal Jer\u00e1rquico - CELTTV\" \/>\n<meta property=\"og:description\" content=\"Sitio web de noticias de la localidad de Tornquist, provincia de Buenos Aires, Rep\u00fablica Argentina. Contenido propio originado por periodistas de CELTTV, el canal de TV local de la Cooperativa El\u00e9ctrica de Tornquist. Turismo, Pol\u00edtica, Sociedad, Deporte, Cultura y todo el contenido de inter\u00e9s general que la gente del pueblo y la regi\u00f3n debe conocer.\" \/>\n<meta property=\"og:url\" content=\"https:\/\/www.celttv.com.ar\/index.php\/2023\/10\/23\/convocatoria-de-la-celt-para-la-incorporacion-de-personal-jerarquico\/\" \/>\n<meta property=\"og:site_name\" content=\"CELTTV\" \/>\n<meta property=\"article:publisher\" content=\"https:\/\/www.facebook.com\/celtTV\/\" \/>\n<meta property=\"article:published_time\" content=\"2023-10-23T13:54:35+00:00\" \/>\n<meta property=\"og:image\" content=\"https:\/\/www.celttv.com.ar\/wp-content\/uploads\/2023\/05\/placa-celt.jpg\" \/>\n\t<meta property=\"og:image:width\" content=\"859\" \/>\n\t<meta property=\"og:image:height\" content=\"426\" \/>\n\t<meta property=\"og:image:type\" content=\"image\/jpeg\" \/>\n<meta name=\"author\" content=\"Rodrigo Sgammini\" \/>\n<meta name=\"twitter:card\" content=\"summary_large_image\" \/>\n<meta name=\"twitter:label1\" content=\"Escrito por\" \/>\n\t<meta name=\"twitter:data1\" content=\"Rodrigo Sgammini\" \/>\n\t<meta name=\"twitter:label2\" content=\"Tiempo de lectura\" \/>\n\t<meta name=\"twitter:data2\" content=\"1 minuto\" \/>\n<script type=\"application\/ld+json\" class=\"yoast-schema-graph\">{\"@context\":\"https:\/\/schema.org\",\"@graph\":[{\"@type\":\"NewsArticle\",\"@id\":\"https:\/\/www.celttv.com.ar\/index.php\/2023\/10\/23\/convocatoria-de-la-celt-para-la-incorporacion-de-personal-jerarquico\/#article\",\"isPartOf\":{\"@id\":\"https:\/\/www.celttv.com.ar\/index.php\/2023\/10\/23\/convocatoria-de-la-celt-para-la-incorporacion-de-personal-jerarquico\/\"},\"author\":{\"name\":\"Rodrigo Sgammini\",\"@id\":\"https:\/\/www.celttv.com.ar\/#\/schema\/person\/495be51d064edd971d8457f8f64eb172\"},\"headline\":\"Convocatoria de la CELT. para la incorporaci\u00f3n de Personal Jer\u00e1rquico\",\"datePublished\":\"2023-10-23T13:54:35+00:00\",\"dateModified\":\"2023-10-23T13:54:35+00:00\",\"mainEntityOfPage\":{\"@id\":\"https:\/\/www.celttv.com.ar\/index.php\/2023\/10\/23\/convocatoria-de-la-celt-para-la-incorporacion-de-personal-jerarquico\/\"},\"wordCount\":203,\"publisher\":{\"@id\":\"https:\/\/www.celttv.com.ar\/#organization\"},\"articleSection\":[\"Celt TV Noticias\",\"Comunidad\",\"Destacadas\"],\"inLanguage\":\"es\"},{\"@type\":\"WebPage\",\"@id\":\"https:\/\/www.celttv.com.ar\/index.php\/2023\/10\/23\/convocatoria-de-la-celt-para-la-incorporacion-de-personal-jerarquico\/\",\"url\":\"https:\/\/www.celttv.com.ar\/index.php\/2023\/10\/23\/convocatoria-de-la-celt-para-la-incorporacion-de-personal-jerarquico\/\",\"name\":\"Convocatoria de la CELT. para la incorporaci\u00f3n de Personal Jer\u00e1rquico - CELTTV\",\"isPartOf\":{\"@id\":\"https:\/\/www.celttv.com.ar\/#website\"},\"datePublished\":\"2023-10-23T13:54:35+00:00\",\"dateModified\":\"2023-10-23T13:54:35+00:00\",\"description\":\"Sitio web de noticias de la localidad de Tornquist, provincia de Buenos Aires, Rep\u00fablica Argentina. Contenido propio originado por periodistas de CELTTV, el canal de TV local de la Cooperativa El\u00e9ctrica de Tornquist. Turismo, Pol\u00edtica, Sociedad, Deporte, Cultura y todo el contenido de inter\u00e9s general que la gente del pueblo y la regi\u00f3n debe conocer.\",\"breadcrumb\":{\"@id\":\"https:\/\/www.celttv.com.ar\/index.php\/2023\/10\/23\/convocatoria-de-la-celt-para-la-incorporacion-de-personal-jerarquico\/#breadcrumb\"},\"inLanguage\":\"es\",\"potentialAction\":[{\"@type\":\"ReadAction\",\"target\":[\"https:\/\/www.celttv.com.ar\/index.php\/2023\/10\/23\/convocatoria-de-la-celt-para-la-incorporacion-de-personal-jerarquico\/\"]}]},{\"@type\":\"BreadcrumbList\",\"@id\":\"https:\/\/www.celttv.com.ar\/index.php\/2023\/10\/23\/convocatoria-de-la-celt-para-la-incorporacion-de-personal-jerarquico\/#breadcrumb\",\"itemListElement\":[{\"@type\":\"ListItem\",\"position\":1,\"name\":\"Inicio\",\"item\":\"https:\/\/www.celttv.com.ar\/\"},{\"@type\":\"ListItem\",\"position\":2,\"name\":\"Convocatoria de la CELT. para la incorporaci\u00f3n de Personal Jer\u00e1rquico\"}]},{\"@type\":\"WebSite\",\"@id\":\"https:\/\/www.celttv.com.ar\/#website\",\"url\":\"https:\/\/www.celttv.com.ar\/\",\"name\":\"CELTTV\",\"description\":\"Cooperativa El\u00e9ctrica de Tornquist\",\"publisher\":{\"@id\":\"https:\/\/www.celttv.com.ar\/#organization\"},\"potentialAction\":[{\"@type\":\"SearchAction\",\"target\":{\"@type\":\"EntryPoint\",\"urlTemplate\":\"https:\/\/www.celttv.com.ar\/?s={search_term_string}\"},\"query-input\":\"required name=search_term_string\"}],\"inLanguage\":\"es\"},{\"@type\":\"Organization\",\"@id\":\"https:\/\/www.celttv.com.ar\/#organization\",\"name\":\"CELTTV\",\"url\":\"https:\/\/www.celttv.com.ar\/\",\"sameAs\":[\"https:\/\/www.youtube.com\/channel\/UCz_oIt8Hig64Ub-EmcNPIhg\",\"https:\/\/www.facebook.com\/celtTV\/\"],\"logo\":{\"@type\":\"ImageObject\",\"inLanguage\":\"es\",\"@id\":\"https:\/\/www.celttv.com.ar\/#\/schema\/logo\/image\/\",\"url\":\"http:\/\/www.celttv.com.ar\/wp-content\/uploads\/2022\/08\/logo-1.png\",\"contentUrl\":\"http:\/\/www.celttv.com.ar\/wp-content\/uploads\/2022\/08\/logo-1.png\",\"width\":461,\"height\":159,\"caption\":\"CELTTV\"},\"image\":{\"@id\":\"https:\/\/www.celttv.com.ar\/#\/schema\/logo\/image\/\"}},{\"@type\":\"Person\",\"@id\":\"https:\/\/www.celttv.com.ar\/#\/schema\/person\/495be51d064edd971d8457f8f64eb172\",\"name\":\"Rodrigo Sgammini\",\"image\":{\"@type\":\"ImageObject\",\"inLanguage\":\"es\",\"@id\":\"https:\/\/www.celttv.com.ar\/#\/schema\/person\/image\/\",\"url\":\"https:\/\/secure.gravatar.com\/avatar\/68f7848d42735e7a9276b47cd6e606327d88f521c51ae39d88888b76902e2987?s=96&d=mm&r=g\",\"contentUrl\":\"https:\/\/secure.gravatar.com\/avatar\/68f7848d42735e7a9276b47cd6e606327d88f521c51ae39d88888b76902e2987?s=96&d=mm&r=g\",\"caption\":\"Rodrigo Sgammini\"}}]}<\/script>\n<!-- \/ Yoast SEO plugin. -->","yoast_head_json":{"title":"Convocatoria de la CELT. para la incorporaci\u00f3n de Personal Jer\u00e1rquico - CELTTV","description":"Sitio web de noticias de la localidad de Tornquist, provincia de Buenos Aires, Rep\u00fablica Argentina. Contenido propio originado por periodistas de CELTTV, el canal de TV local de la Cooperativa El\u00e9ctrica de Tornquist. Turismo, Pol\u00edtica, Sociedad, Deporte, Cultura y todo el contenido de inter\u00e9s general que la gente del pueblo y la regi\u00f3n debe conocer.","robots":{"index":"index","follow":"follow","max-snippet":"max-snippet:-1","max-image-preview":"max-image-preview:large","max-video-preview":"max-video-preview:-1"},"canonical":"https:\/\/www.celttv.com.ar\/index.php\/2023\/10\/23\/convocatoria-de-la-celt-para-la-incorporacion-de-personal-jerarquico\/","og_locale":"es_ES","og_type":"article","og_title":"Convocatoria de la CELT. para la incorporaci\u00f3n de Personal Jer\u00e1rquico - CELTTV","og_description":"Sitio web de noticias de la localidad de Tornquist, provincia de Buenos Aires, Rep\u00fablica Argentina. Contenido propio originado por periodistas de CELTTV, el canal de TV local de la Cooperativa El\u00e9ctrica de Tornquist. Turismo, Pol\u00edtica, Sociedad, Deporte, Cultura y todo el contenido de inter\u00e9s general que la gente del pueblo y la regi\u00f3n debe conocer.","og_url":"https:\/\/www.celttv.com.ar\/index.php\/2023\/10\/23\/convocatoria-de-la-celt-para-la-incorporacion-de-personal-jerarquico\/","og_site_name":"CELTTV","article_publisher":"https:\/\/www.facebook.com\/celtTV\/","article_published_time":"2023-10-23T13:54:35+00:00","og_image":[{"width":859,"height":426,"url":"https:\/\/www.celttv.com.ar\/wp-content\/uploads\/2023\/05\/placa-celt.jpg","type":"image\/jpeg"}],"author":"Rodrigo Sgammini","twitter_card":"summary_large_image","twitter_misc":{"Escrito por":"Rodrigo Sgammini","Tiempo de lectura":"1 minuto"},"schema":{"@context":"https:\/\/schema.org","@graph":[{"@type":"NewsArticle","@id":"https:\/\/www.celttv.com.ar\/index.php\/2023\/10\/23\/convocatoria-de-la-celt-para-la-incorporacion-de-personal-jerarquico\/#article","isPartOf":{"@id":"https:\/\/www.celttv.com.ar\/index.php\/2023\/10\/23\/convocatoria-de-la-celt-para-la-incorporacion-de-personal-jerarquico\/"},"author":{"name":"Rodrigo Sgammini","@id":"https:\/\/www.celttv.com.ar\/#\/schema\/person\/495be51d064edd971d8457f8f64eb172"},"headline":"Convocatoria de la CELT. para la incorporaci\u00f3n de Personal Jer\u00e1rquico","datePublished":"2023-10-23T13:54:35+00:00","dateModified":"2023-10-23T13:54:35+00:00","mainEntityOfPage":{"@id":"https:\/\/www.celttv.com.ar\/index.php\/2023\/10\/23\/convocatoria-de-la-celt-para-la-incorporacion-de-personal-jerarquico\/"},"wordCount":203,"publisher":{"@id":"https:\/\/www.celttv.com.ar\/#organization"},"articleSection":["Celt TV Noticias","Comunidad","Destacadas"],"inLanguage":"es"},{"@type":"WebPage","@id":"https:\/\/www.celttv.com.ar\/index.php\/2023\/10\/23\/convocatoria-de-la-celt-para-la-incorporacion-de-personal-jerarquico\/","url":"https:\/\/www.celttv.com.ar\/index.php\/2023\/10\/23\/convocatoria-de-la-celt-para-la-incorporacion-de-personal-jerarquico\/","name":"Convocatoria de la CELT. para la incorporaci\u00f3n de Personal Jer\u00e1rquico - CELTTV","isPartOf":{"@id":"https:\/\/www.celttv.com.ar\/#website"},"datePublished":"2023-10-23T13:54:35+00:00","dateModified":"2023-10-23T13:54:35+00:00","description":"Sitio web de noticias de la localidad de Tornquist, provincia de Buenos Aires, Rep\u00fablica Argentina. Contenido propio originado por periodistas de CELTTV, el canal de TV local de la Cooperativa El\u00e9ctrica de Tornquist. Turismo, Pol\u00edtica, Sociedad, Deporte, Cultura y todo el contenido de inter\u00e9s general que la gente del pueblo y la regi\u00f3n debe conocer.","breadcrumb":{"@id":"https:\/\/www.celttv.com.ar\/index.php\/2023\/10\/23\/convocatoria-de-la-celt-para-la-incorporacion-de-personal-jerarquico\/#breadcrumb"},"inLanguage":"es","potentialAction":[{"@type":"ReadAction","target":["https:\/\/www.celttv.com.ar\/index.php\/2023\/10\/23\/convocatoria-de-la-celt-para-la-incorporacion-de-personal-jerarquico\/"]}]},{"@type":"BreadcrumbList","@id":"https:\/\/www.celttv.com.ar\/index.php\/2023\/10\/23\/convocatoria-de-la-celt-para-la-incorporacion-de-personal-jerarquico\/#breadcrumb","itemListElement":[{"@type":"ListItem","position":1,"name":"Inicio","item":"https:\/\/www.celttv.com.ar\/"},{"@type":"ListItem","position":2,"name":"Convocatoria de la CELT. para la incorporaci\u00f3n de Personal Jer\u00e1rquico"}]},{"@type":"WebSite","@id":"https:\/\/www.celttv.com.ar\/#website","url":"https:\/\/www.celttv.com.ar\/","name":"CELTTV","description":"Cooperativa El\u00e9ctrica de Tornquist","publisher":{"@id":"https:\/\/www.celttv.com.ar\/#organization"},"potentialAction":[{"@type":"SearchAction","target":{"@type":"EntryPoint","urlTemplate":"https:\/\/www.celttv.com.ar\/?s={search_term_string}"},"query-input":"required name=search_term_string"}],"inLanguage":"es"},{"@type":"Organization","@id":"https:\/\/www.celttv.com.ar\/#organization","name":"CELTTV","url":"https:\/\/www.celttv.com.ar\/","sameAs":["https:\/\/www.youtube.com\/channel\/UCz_oIt8Hig64Ub-EmcNPIhg","https:\/\/www.facebook.com\/celtTV\/"],"logo":{"@type":"ImageObject","inLanguage":"es","@id":"https:\/\/www.celttv.com.ar\/#\/schema\/logo\/image\/","url":"http:\/\/www.celttv.com.ar\/wp-content\/uploads\/2022\/08\/logo-1.png","contentUrl":"http:\/\/www.celttv.com.ar\/wp-content\/uploads\/2022\/08\/logo-1.png","width":461,"height":159,"caption":"CELTTV"},"image":{"@id":"https:\/\/www.celttv.com.ar\/#\/schema\/logo\/image\/"}},{"@type":"Person","@id":"https:\/\/www.celttv.com.ar\/#\/schema\/person\/495be51d064edd971d8457f8f64eb172","name":"Rodrigo Sgammini","image":{"@type":"ImageObject","inLanguage":"es","@id":"https:\/\/www.celttv.com.ar\/#\/schema\/person\/image\/","url":"https:\/\/secure.gravatar.com\/avatar\/68f7848d42735e7a9276b47cd6e606327d88f521c51ae39d88888b76902e2987?s=96&d=mm&r=g","contentUrl":"https:\/\/secure.gravatar.com\/avatar\/68f7848d42735e7a9276b47cd6e606327d88f521c51ae39d88888b76902e2987?s=96&d=mm&r=g","caption":"Rodrigo Sgammini"}}]}},"_links":{"self":[{"href":"https:\/\/www.celttv.com.ar\/index.php\/wp-json\/wp\/v2\/posts\/79899","targetHints":{"allow":["GET"]}}],"collection":[{"href":"https:\/\/www.celttv.com.ar\/index.php\/wp-json\/wp\/v2\/posts"}],"about":[{"href":"https:\/\/www.celttv.com.ar\/index.php\/wp-json\/wp\/v2\/types\/post"}],"author":[{"embeddable":true,"href":"https:\/\/www.celttv.com.ar\/index.php\/wp-json\/wp\/v2\/users\/3"}],"replies":[{"embeddable":true,"href":"https:\/\/www.celttv.com.ar\/index.php\/wp-json\/wp\/v2\/comments?post=79899"}],"version-history":[{"count":1,"href":"https:\/\/www.celttv.com.ar\/index.php\/wp-json\/wp\/v2\/posts\/79899\/revisions"}],"predecessor-version":[{"id":79900,"href":"https:\/\/www.celttv.com.ar\/index.php\/wp-json\/wp\/v2\/posts\/79899\/revisions\/79900"}],"wp:featuredmedia":[{"embeddable":true,"href":"https:\/\/www.celttv.com.ar\/index.php\/wp-json\/wp\/v2\/media\/75593"}],"wp:attachment":[{"href":"https:\/\/www.celttv.com.ar\/index.php\/wp-json\/wp\/v2\/media?parent=79899"}],"wp:term":[{"taxonomy":"category","embeddable":true,"href":"https:\/\/www.celttv.com.ar\/index.php\/wp-json\/wp\/v2\/categories?post=79899"},{"taxonomy":"post_tag","embeddable":true,"href":"https:\/\/www.celttv.com.ar\/index.php\/wp-json\/wp\/v2\/tags?post=79899"}],"curies":[{"name":"wp","href":"https:\/\/api.w.org\/{rel}","templated":true}]}}