{"id":79974,"date":"2023-10-26T10:20:07","date_gmt":"2023-10-26T13:20:07","guid":{"rendered":"http:\/\/www.celttv.com.ar\/?p=79974"},"modified":"2023-10-26T10:20:07","modified_gmt":"2023-10-26T13:20:07","slug":"actividades-organizadas-por-la-ucr-tornquist-en-conmemoracion-por-los-40-anos-del-triunfo-de-raul-alfonsin","status":"publish","type":"post","link":"https:\/\/www.celttv.com.ar\/index.php\/2023\/10\/26\/actividades-organizadas-por-la-ucr-tornquist-en-conmemoracion-por-los-40-anos-del-triunfo-de-raul-alfonsin\/","title":{"rendered":"Actividades organizadas por la UCR Tornquist en conmemoraci\u00f3n por los 40 a\u00f1os del triunfo de Ra\u00fal Alfons\u00edn.\u00a0"},"content":{"rendered":"<div>Actividades organizadas por la UCR Tornquist en conmemoraci\u00f3n por los 40 a\u00f1os del triunfo de Ra\u00fal Alfons\u00edn.<\/div>\n<div>Lunes 30 de octubre<\/div>\n<div>17:00 Hs: Acto en la Rotonda &#8220;Ra\u00fal Alfons\u00edn&#8221; de la localidad de Villa Ventana.<\/div>\n<div>20:30 Hs. Acto en el Comit\u00e9 de la UCR Tornquist.<\/div>\n<div><\/div>\n<div>\u201cSiempre cre\u00ed y as\u00ed lo dije en tantas oportunidades que es la misi\u00f3n de los dirigentes y de los l\u00edderes plantear ideas y proyectos evitando la autorreferencialidad y el personalismo; orientar y abrir caminos, generar consensos, convocar al emprendimiento colectivo, sumar inteligencias y voluntades, asumir con responsabilidad la carga de las decisiones. Sigan a ideas, no sigan a hombres, fue y es siempre mi mensaje a los j\u00f3venes. Los hombres pasan, las ideas quedan y se transforman en antorchas que mantienen viva a la pol\u00edtica democr\u00e1tica.\u201d<\/p>\n<p><span style=\"color: #262626; font-family: ui-sans-serif, system-ui, -apple-system, BlinkMacSystemFont, Segoe UI, Roboto, Noto Sans, Ubuntu, Cantarell, Helvetica Neue, Arial, sans-serif, Apple Color Emoji, Segoe UI Emoji, Segoe UI Symbol, Noto Color Emoji; font-size: medium;\">Ra\u00fal Ricardo Alfons\u00edn.\u00a0<\/span><\/div>\n<p><span style=\"color: #888888;\"><span class=\"gmail_signature_prefix\">&#8212;<\/span><br \/>\n<\/span><\/p>\n<div class=\"gmail_signature\" dir=\"ltr\" data-smartmail=\"gmail_signature\">\n<div dir=\"ltr\">\n<div>\n<div dir=\"ltr\">\n<div><b>Jos\u00e9 Manuel Castro<\/b><\/div>\n<div><b>Sierra de la Ventana<\/b><\/div>\n<div><b>(0291)-155356623<\/b><\/div>\n<\/div>\n<\/div>\n<\/div>\n<\/div>\n","protected":false},"excerpt":{"rendered":"<p>Actividades organizadas por la UCR Tornquist en conmemoraci\u00f3n por los 40 a\u00f1os del triunfo de Ra\u00fal Alfons\u00edn. Lunes 30 de octubre 17:00 Hs: Acto en la Rotonda &#8220;Ra\u00fal Alfons\u00edn&#8221; de la localidad de Villa Ventana. 20:30 Hs. Acto en el Comit\u00e9 de la UCR Tornquist. \u201cSiempre cre\u00ed y as\u00ed lo dije en tantas oportunidades que [&hellip;]<\/p>\n","protected":false},"author":3,"featured_media":79975,"comment_status":"closed","ping_status":"closed","sticky":false,"template":"","format":"standard","meta":{"footnotes":""},"categories":[51,52,53],"tags":[],"class_list":["post-79974","post","type-post","status-publish","format-standard","has-post-thumbnail","hentry","category-comunidad","category-destacadas","category-politica"],"yoast_head":"<!-- This site is optimized with the Yoast SEO plugin v19.7.1 - https:\/\/yoast.com\/wordpress\/plugins\/seo\/ -->\n<title>Actividades organizadas por la UCR Tornquist en conmemoraci\u00f3n por los 40 a\u00f1os del triunfo de Ra\u00fal Alfons\u00edn.\u00a0 - CELTTV<\/title>\n<meta name=\"description\" content=\"Sitio web de noticias de la localidad de Tornquist, provincia de Buenos Aires, Rep\u00fablica Argentina. Contenido propio originado por periodistas de CELTTV, el canal de TV local de la Cooperativa El\u00e9ctrica de Tornquist. Turismo, Pol\u00edtica, Sociedad, Deporte, Cultura y todo el contenido de inter\u00e9s general que la gente del pueblo y la regi\u00f3n debe conocer.\" \/>\n<meta name=\"robots\" content=\"index, follow, max-snippet:-1, max-image-preview:large, max-video-preview:-1\" \/>\n<link rel=\"canonical\" href=\"https:\/\/www.celttv.com.ar\/index.php\/2023\/10\/26\/actividades-organizadas-por-la-ucr-tornquist-en-conmemoracion-por-los-40-anos-del-triunfo-de-raul-alfonsin\/\" \/>\n<meta property=\"og:locale\" content=\"es_ES\" \/>\n<meta property=\"og:type\" content=\"article\" \/>\n<meta property=\"og:title\" content=\"Actividades organizadas por la UCR Tornquist en conmemoraci\u00f3n por los 40 a\u00f1os del triunfo de Ra\u00fal Alfons\u00edn.\u00a0 - CELTTV\" \/>\n<meta property=\"og:description\" content=\"Sitio web de noticias de la localidad de Tornquist, provincia de Buenos Aires, Rep\u00fablica Argentina. Contenido propio originado por periodistas de CELTTV, el canal de TV local de la Cooperativa El\u00e9ctrica de Tornquist. Turismo, Pol\u00edtica, Sociedad, Deporte, Cultura y todo el contenido de inter\u00e9s general que la gente del pueblo y la regi\u00f3n debe conocer.\" \/>\n<meta property=\"og:url\" content=\"https:\/\/www.celttv.com.ar\/index.php\/2023\/10\/26\/actividades-organizadas-por-la-ucr-tornquist-en-conmemoracion-por-los-40-anos-del-triunfo-de-raul-alfonsin\/\" \/>\n<meta property=\"og:site_name\" content=\"CELTTV\" \/>\n<meta property=\"article:publisher\" content=\"https:\/\/www.facebook.com\/celtTV\/\" \/>\n<meta property=\"article:published_time\" content=\"2023-10-26T13:20:07+00:00\" \/>\n<meta property=\"og:image\" content=\"https:\/\/www.celttv.com.ar\/wp-content\/uploads\/2023\/10\/40-ANOS-DEL-TRIUNFO-DE-RAUL-ALFONSIN-1.png\" \/>\n\t<meta property=\"og:image:width\" content=\"1080\" \/>\n\t<meta property=\"og:image:height\" content=\"1080\" \/>\n\t<meta property=\"og:image:type\" content=\"image\/png\" \/>\n<meta name=\"author\" content=\"Rodrigo Sgammini\" \/>\n<meta name=\"twitter:card\" content=\"summary_large_image\" \/>\n<meta name=\"twitter:label1\" content=\"Escrito por\" \/>\n\t<meta name=\"twitter:data1\" content=\"Rodrigo Sgammini\" \/>\n\t<meta name=\"twitter:label2\" content=\"Tiempo de lectura\" \/>\n\t<meta name=\"twitter:data2\" content=\"1 minuto\" \/>\n<script type=\"application\/ld+json\" class=\"yoast-schema-graph\">{\"@context\":\"https:\/\/schema.org\",\"@graph\":[{\"@type\":\"NewsArticle\",\"@id\":\"https:\/\/www.celttv.com.ar\/index.php\/2023\/10\/26\/actividades-organizadas-por-la-ucr-tornquist-en-conmemoracion-por-los-40-anos-del-triunfo-de-raul-alfonsin\/#article\",\"isPartOf\":{\"@id\":\"https:\/\/www.celttv.com.ar\/index.php\/2023\/10\/26\/actividades-organizadas-por-la-ucr-tornquist-en-conmemoracion-por-los-40-anos-del-triunfo-de-raul-alfonsin\/\"},\"author\":{\"name\":\"Rodrigo Sgammini\",\"@id\":\"https:\/\/www.celttv.com.ar\/#\/schema\/person\/495be51d064edd971d8457f8f64eb172\"},\"headline\":\"Actividades organizadas por la UCR Tornquist en conmemoraci\u00f3n por los 40 a\u00f1os del triunfo de Ra\u00fal Alfons\u00edn.\u00a0\",\"datePublished\":\"2023-10-26T13:20:07+00:00\",\"dateModified\":\"2023-10-26T13:20:07+00:00\",\"mainEntityOfPage\":{\"@id\":\"https:\/\/www.celttv.com.ar\/index.php\/2023\/10\/26\/actividades-organizadas-por-la-ucr-tornquist-en-conmemoracion-por-los-40-anos-del-triunfo-de-raul-alfonsin\/\"},\"wordCount\":172,\"publisher\":{\"@id\":\"https:\/\/www.celttv.com.ar\/#organization\"},\"articleSection\":[\"Comunidad\",\"Destacadas\",\"Pol\u00edtica\"],\"inLanguage\":\"es\"},{\"@type\":\"WebPage\",\"@id\":\"https:\/\/www.celttv.com.ar\/index.php\/2023\/10\/26\/actividades-organizadas-por-la-ucr-tornquist-en-conmemoracion-por-los-40-anos-del-triunfo-de-raul-alfonsin\/\",\"url\":\"https:\/\/www.celttv.com.ar\/index.php\/2023\/10\/26\/actividades-organizadas-por-la-ucr-tornquist-en-conmemoracion-por-los-40-anos-del-triunfo-de-raul-alfonsin\/\",\"name\":\"Actividades organizadas por la UCR Tornquist en conmemoraci\u00f3n por los 40 a\u00f1os del triunfo de Ra\u00fal Alfons\u00edn.\u00a0 - CELTTV\",\"isPartOf\":{\"@id\":\"https:\/\/www.celttv.com.ar\/#website\"},\"datePublished\":\"2023-10-26T13:20:07+00:00\",\"dateModified\":\"2023-10-26T13:20:07+00:00\",\"description\":\"Sitio web de noticias de la localidad de Tornquist, provincia de Buenos Aires, Rep\u00fablica Argentina. Contenido propio originado por periodistas de CELTTV, el canal de TV local de la Cooperativa El\u00e9ctrica de Tornquist. Turismo, Pol\u00edtica, Sociedad, Deporte, Cultura y todo el contenido de inter\u00e9s general que la gente del pueblo y la regi\u00f3n debe conocer.\",\"breadcrumb\":{\"@id\":\"https:\/\/www.celttv.com.ar\/index.php\/2023\/10\/26\/actividades-organizadas-por-la-ucr-tornquist-en-conmemoracion-por-los-40-anos-del-triunfo-de-raul-alfonsin\/#breadcrumb\"},\"inLanguage\":\"es\",\"potentialAction\":[{\"@type\":\"ReadAction\",\"target\":[\"https:\/\/www.celttv.com.ar\/index.php\/2023\/10\/26\/actividades-organizadas-por-la-ucr-tornquist-en-conmemoracion-por-los-40-anos-del-triunfo-de-raul-alfonsin\/\"]}]},{\"@type\":\"BreadcrumbList\",\"@id\":\"https:\/\/www.celttv.com.ar\/index.php\/2023\/10\/26\/actividades-organizadas-por-la-ucr-tornquist-en-conmemoracion-por-los-40-anos-del-triunfo-de-raul-alfonsin\/#breadcrumb\",\"itemListElement\":[{\"@type\":\"ListItem\",\"position\":1,\"name\":\"Inicio\",\"item\":\"https:\/\/www.celttv.com.ar\/\"},{\"@type\":\"ListItem\",\"position\":2,\"name\":\"Actividades organizadas por la UCR Tornquist en conmemoraci\u00f3n por los 40 a\u00f1os del triunfo de Ra\u00fal Alfons\u00edn.\u00a0\"}]},{\"@type\":\"WebSite\",\"@id\":\"https:\/\/www.celttv.com.ar\/#website\",\"url\":\"https:\/\/www.celttv.com.ar\/\",\"name\":\"CELTTV\",\"description\":\"Cooperativa El\u00e9ctrica de Tornquist\",\"publisher\":{\"@id\":\"https:\/\/www.celttv.com.ar\/#organization\"},\"potentialAction\":[{\"@type\":\"SearchAction\",\"target\":{\"@type\":\"EntryPoint\",\"urlTemplate\":\"https:\/\/www.celttv.com.ar\/?s={search_term_string}\"},\"query-input\":\"required name=search_term_string\"}],\"inLanguage\":\"es\"},{\"@type\":\"Organization\",\"@id\":\"https:\/\/www.celttv.com.ar\/#organization\",\"name\":\"CELTTV\",\"url\":\"https:\/\/www.celttv.com.ar\/\",\"sameAs\":[\"https:\/\/www.youtube.com\/channel\/UCz_oIt8Hig64Ub-EmcNPIhg\",\"https:\/\/www.facebook.com\/celtTV\/\"],\"logo\":{\"@type\":\"ImageObject\",\"inLanguage\":\"es\",\"@id\":\"https:\/\/www.celttv.com.ar\/#\/schema\/logo\/image\/\",\"url\":\"http:\/\/www.celttv.com.ar\/wp-content\/uploads\/2022\/08\/logo-1.png\",\"contentUrl\":\"http:\/\/www.celttv.com.ar\/wp-content\/uploads\/2022\/08\/logo-1.png\",\"width\":461,\"height\":159,\"caption\":\"CELTTV\"},\"image\":{\"@id\":\"https:\/\/www.celttv.com.ar\/#\/schema\/logo\/image\/\"}},{\"@type\":\"Person\",\"@id\":\"https:\/\/www.celttv.com.ar\/#\/schema\/person\/495be51d064edd971d8457f8f64eb172\",\"name\":\"Rodrigo Sgammini\",\"image\":{\"@type\":\"ImageObject\",\"inLanguage\":\"es\",\"@id\":\"https:\/\/www.celttv.com.ar\/#\/schema\/person\/image\/\",\"url\":\"https:\/\/secure.gravatar.com\/avatar\/68f7848d42735e7a9276b47cd6e606327d88f521c51ae39d88888b76902e2987?s=96&d=mm&r=g\",\"contentUrl\":\"https:\/\/secure.gravatar.com\/avatar\/68f7848d42735e7a9276b47cd6e606327d88f521c51ae39d88888b76902e2987?s=96&d=mm&r=g\",\"caption\":\"Rodrigo Sgammini\"}}]}<\/script>\n<!-- \/ Yoast SEO plugin. -->","yoast_head_json":{"title":"Actividades organizadas por la UCR Tornquist en conmemoraci\u00f3n por los 40 a\u00f1os del triunfo de Ra\u00fal Alfons\u00edn.\u00a0 - CELTTV","description":"Sitio web de noticias de la localidad de Tornquist, provincia de Buenos Aires, Rep\u00fablica Argentina. Contenido propio originado por periodistas de CELTTV, el canal de TV local de la Cooperativa El\u00e9ctrica de Tornquist. Turismo, Pol\u00edtica, Sociedad, Deporte, Cultura y todo el contenido de inter\u00e9s general que la gente del pueblo y la regi\u00f3n debe conocer.","robots":{"index":"index","follow":"follow","max-snippet":"max-snippet:-1","max-image-preview":"max-image-preview:large","max-video-preview":"max-video-preview:-1"},"canonical":"https:\/\/www.celttv.com.ar\/index.php\/2023\/10\/26\/actividades-organizadas-por-la-ucr-tornquist-en-conmemoracion-por-los-40-anos-del-triunfo-de-raul-alfonsin\/","og_locale":"es_ES","og_type":"article","og_title":"Actividades organizadas por la UCR Tornquist en conmemoraci\u00f3n por los 40 a\u00f1os del triunfo de Ra\u00fal Alfons\u00edn.\u00a0 - CELTTV","og_description":"Sitio web de noticias de la localidad de Tornquist, provincia de Buenos Aires, Rep\u00fablica Argentina. Contenido propio originado por periodistas de CELTTV, el canal de TV local de la Cooperativa El\u00e9ctrica de Tornquist. Turismo, Pol\u00edtica, Sociedad, Deporte, Cultura y todo el contenido de inter\u00e9s general que la gente del pueblo y la regi\u00f3n debe conocer.","og_url":"https:\/\/www.celttv.com.ar\/index.php\/2023\/10\/26\/actividades-organizadas-por-la-ucr-tornquist-en-conmemoracion-por-los-40-anos-del-triunfo-de-raul-alfonsin\/","og_site_name":"CELTTV","article_publisher":"https:\/\/www.facebook.com\/celtTV\/","article_published_time":"2023-10-26T13:20:07+00:00","og_image":[{"width":1080,"height":1080,"url":"https:\/\/www.celttv.com.ar\/wp-content\/uploads\/2023\/10\/40-ANOS-DEL-TRIUNFO-DE-RAUL-ALFONSIN-1.png","type":"image\/png"}],"author":"Rodrigo Sgammini","twitter_card":"summary_large_image","twitter_misc":{"Escrito por":"Rodrigo Sgammini","Tiempo de lectura":"1 minuto"},"schema":{"@context":"https:\/\/schema.org","@graph":[{"@type":"NewsArticle","@id":"https:\/\/www.celttv.com.ar\/index.php\/2023\/10\/26\/actividades-organizadas-por-la-ucr-tornquist-en-conmemoracion-por-los-40-anos-del-triunfo-de-raul-alfonsin\/#article","isPartOf":{"@id":"https:\/\/www.celttv.com.ar\/index.php\/2023\/10\/26\/actividades-organizadas-por-la-ucr-tornquist-en-conmemoracion-por-los-40-anos-del-triunfo-de-raul-alfonsin\/"},"author":{"name":"Rodrigo Sgammini","@id":"https:\/\/www.celttv.com.ar\/#\/schema\/person\/495be51d064edd971d8457f8f64eb172"},"headline":"Actividades organizadas por la UCR Tornquist en conmemoraci\u00f3n por los 40 a\u00f1os del triunfo de Ra\u00fal Alfons\u00edn.\u00a0","datePublished":"2023-10-26T13:20:07+00:00","dateModified":"2023-10-26T13:20:07+00:00","mainEntityOfPage":{"@id":"https:\/\/www.celttv.com.ar\/index.php\/2023\/10\/26\/actividades-organizadas-por-la-ucr-tornquist-en-conmemoracion-por-los-40-anos-del-triunfo-de-raul-alfonsin\/"},"wordCount":172,"publisher":{"@id":"https:\/\/www.celttv.com.ar\/#organization"},"articleSection":["Comunidad","Destacadas","Pol\u00edtica"],"inLanguage":"es"},{"@type":"WebPage","@id":"https:\/\/www.celttv.com.ar\/index.php\/2023\/10\/26\/actividades-organizadas-por-la-ucr-tornquist-en-conmemoracion-por-los-40-anos-del-triunfo-de-raul-alfonsin\/","url":"https:\/\/www.celttv.com.ar\/index.php\/2023\/10\/26\/actividades-organizadas-por-la-ucr-tornquist-en-conmemoracion-por-los-40-anos-del-triunfo-de-raul-alfonsin\/","name":"Actividades organizadas por la UCR Tornquist en conmemoraci\u00f3n por los 40 a\u00f1os del triunfo de Ra\u00fal Alfons\u00edn.\u00a0 - CELTTV","isPartOf":{"@id":"https:\/\/www.celttv.com.ar\/#website"},"datePublished":"2023-10-26T13:20:07+00:00","dateModified":"2023-10-26T13:20:07+00:00","description":"Sitio web de noticias de la localidad de Tornquist, provincia de Buenos Aires, Rep\u00fablica Argentina. Contenido propio originado por periodistas de CELTTV, el canal de TV local de la Cooperativa El\u00e9ctrica de Tornquist. Turismo, Pol\u00edtica, Sociedad, Deporte, Cultura y todo el contenido de inter\u00e9s general que la gente del pueblo y la regi\u00f3n debe conocer.","breadcrumb":{"@id":"https:\/\/www.celttv.com.ar\/index.php\/2023\/10\/26\/actividades-organizadas-por-la-ucr-tornquist-en-conmemoracion-por-los-40-anos-del-triunfo-de-raul-alfonsin\/#breadcrumb"},"inLanguage":"es","potentialAction":[{"@type":"ReadAction","target":["https:\/\/www.celttv.com.ar\/index.php\/2023\/10\/26\/actividades-organizadas-por-la-ucr-tornquist-en-conmemoracion-por-los-40-anos-del-triunfo-de-raul-alfonsin\/"]}]},{"@type":"BreadcrumbList","@id":"https:\/\/www.celttv.com.ar\/index.php\/2023\/10\/26\/actividades-organizadas-por-la-ucr-tornquist-en-conmemoracion-por-los-40-anos-del-triunfo-de-raul-alfonsin\/#breadcrumb","itemListElement":[{"@type":"ListItem","position":1,"name":"Inicio","item":"https:\/\/www.celttv.com.ar\/"},{"@type":"ListItem","position":2,"name":"Actividades organizadas por la UCR Tornquist en conmemoraci\u00f3n por los 40 a\u00f1os del triunfo de Ra\u00fal Alfons\u00edn.\u00a0"}]},{"@type":"WebSite","@id":"https:\/\/www.celttv.com.ar\/#website","url":"https:\/\/www.celttv.com.ar\/","name":"CELTTV","description":"Cooperativa El\u00e9ctrica de Tornquist","publisher":{"@id":"https:\/\/www.celttv.com.ar\/#organization"},"potentialAction":[{"@type":"SearchAction","target":{"@type":"EntryPoint","urlTemplate":"https:\/\/www.celttv.com.ar\/?s={search_term_string}"},"query-input":"required name=search_term_string"}],"inLanguage":"es"},{"@type":"Organization","@id":"https:\/\/www.celttv.com.ar\/#organization","name":"CELTTV","url":"https:\/\/www.celttv.com.ar\/","sameAs":["https:\/\/www.youtube.com\/channel\/UCz_oIt8Hig64Ub-EmcNPIhg","https:\/\/www.facebook.com\/celtTV\/"],"logo":{"@type":"ImageObject","inLanguage":"es","@id":"https:\/\/www.celttv.com.ar\/#\/schema\/logo\/image\/","url":"http:\/\/www.celttv.com.ar\/wp-content\/uploads\/2022\/08\/logo-1.png","contentUrl":"http:\/\/www.celttv.com.ar\/wp-content\/uploads\/2022\/08\/logo-1.png","width":461,"height":159,"caption":"CELTTV"},"image":{"@id":"https:\/\/www.celttv.com.ar\/#\/schema\/logo\/image\/"}},{"@type":"Person","@id":"https:\/\/www.celttv.com.ar\/#\/schema\/person\/495be51d064edd971d8457f8f64eb172","name":"Rodrigo Sgammini","image":{"@type":"ImageObject","inLanguage":"es","@id":"https:\/\/www.celttv.com.ar\/#\/schema\/person\/image\/","url":"https:\/\/secure.gravatar.com\/avatar\/68f7848d42735e7a9276b47cd6e606327d88f521c51ae39d88888b76902e2987?s=96&d=mm&r=g","contentUrl":"https:\/\/secure.gravatar.com\/avatar\/68f7848d42735e7a9276b47cd6e606327d88f521c51ae39d88888b76902e2987?s=96&d=mm&r=g","caption":"Rodrigo Sgammini"}}]}},"_links":{"self":[{"href":"https:\/\/www.celttv.com.ar\/index.php\/wp-json\/wp\/v2\/posts\/79974","targetHints":{"allow":["GET"]}}],"collection":[{"href":"https:\/\/www.celttv.com.ar\/index.php\/wp-json\/wp\/v2\/posts"}],"about":[{"href":"https:\/\/www.celttv.com.ar\/index.php\/wp-json\/wp\/v2\/types\/post"}],"author":[{"embeddable":true,"href":"https:\/\/www.celttv.com.ar\/index.php\/wp-json\/wp\/v2\/users\/3"}],"replies":[{"embeddable":true,"href":"https:\/\/www.celttv.com.ar\/index.php\/wp-json\/wp\/v2\/comments?post=79974"}],"version-history":[{"count":1,"href":"https:\/\/www.celttv.com.ar\/index.php\/wp-json\/wp\/v2\/posts\/79974\/revisions"}],"predecessor-version":[{"id":79976,"href":"https:\/\/www.celttv.com.ar\/index.php\/wp-json\/wp\/v2\/posts\/79974\/revisions\/79976"}],"wp:featuredmedia":[{"embeddable":true,"href":"https:\/\/www.celttv.com.ar\/index.php\/wp-json\/wp\/v2\/media\/79975"}],"wp:attachment":[{"href":"https:\/\/www.celttv.com.ar\/index.php\/wp-json\/wp\/v2\/media?parent=79974"}],"wp:term":[{"taxonomy":"category","embeddable":true,"href":"https:\/\/www.celttv.com.ar\/index.php\/wp-json\/wp\/v2\/categories?post=79974"},{"taxonomy":"post_tag","embeddable":true,"href":"https:\/\/www.celttv.com.ar\/index.php\/wp-json\/wp\/v2\/tags?post=79974"}],"curies":[{"name":"wp","href":"https:\/\/api.w.org\/{rel}","templated":true}]}}