{"id":79977,"date":"2023-10-26T11:52:12","date_gmt":"2023-10-26T14:52:12","guid":{"rendered":"http:\/\/www.celttv.com.ar\/?p=79977"},"modified":"2023-10-26T11:52:12","modified_gmt":"2023-10-26T14:52:12","slug":"el-5-de-noviembre-se-larga-la-carrera-a-beneficio-de-la-unidad-sanitaria-de-villa-ventana","status":"publish","type":"post","link":"https:\/\/www.celttv.com.ar\/index.php\/2023\/10\/26\/el-5-de-noviembre-se-larga-la-carrera-a-beneficio-de-la-unidad-sanitaria-de-villa-ventana\/","title":{"rendered":"El 5 de Noviembre se larga la carrera a beneficio de la Unidad Sanitaria de Villa Ventana"},"content":{"rendered":"<p>Con un importante n\u00famero de inscriptos, se realizar\u00e1 la 13\u00b0 edici\u00f3n de la Carrera Aventura y Caminata Solidaria, el domingo 5 de Noviembre, a partir de las 8.30, organizada por la Unidad Sanitaria de Villa Ventana.<\/p>\n<p>Entrega de kits s\u00e1bado 4 de Noviembre de 09:30 a 13 horas\u00a0 y de 14.30 a 18:00 horas en el sal\u00f3n de Fomento, al lado del predio de Bomberos.<\/p>\n<p>Se puede hacer inscripci\u00f3n presencial s\u00f3lo el s\u00e1bado en efectivo. El domingo la entrega ser\u00e1 de 07 a 08 horas.<\/p>\n<p><em><strong>NO HAY INSCRIPCI\u00d3N EL DOMINGO.<\/strong><\/em><\/p>\n<p>Se solicita a los participantes especialmente de la Comarca Serrana, por estar cerca, retirar el d\u00eda s\u00e1bado.<\/p>\n<p>Seamos SOLIDARIOS con quienes vienen de m\u00e1s lejos a participar del evento y por los que corren 20k, para no demorar y terminar a la hora de m\u00e1s calor.<\/p>\n<p><img loading=\"lazy\" decoding=\"async\" class=\"alignnone wp-image-79978 size-large\" src=\"http:\/\/www.celttv.com.ar\/wp-content\/uploads\/2023\/10\/365766878_782437083889380_6369894585756571350_n-1024x628.jpg\" alt=\"\" width=\"1024\" height=\"628\" srcset=\"https:\/\/www.celttv.com.ar\/wp-content\/uploads\/2023\/10\/365766878_782437083889380_6369894585756571350_n-1024x628.jpg 1024w, https:\/\/www.celttv.com.ar\/wp-content\/uploads\/2023\/10\/365766878_782437083889380_6369894585756571350_n-300x184.jpg 300w, https:\/\/www.celttv.com.ar\/wp-content\/uploads\/2023\/10\/365766878_782437083889380_6369894585756571350_n-768x471.jpg 768w, https:\/\/www.celttv.com.ar\/wp-content\/uploads\/2023\/10\/365766878_782437083889380_6369894585756571350_n-750x460.jpg 750w, https:\/\/www.celttv.com.ar\/wp-content\/uploads\/2023\/10\/365766878_782437083889380_6369894585756571350_n.jpg 1080w\" sizes=\"auto, (max-width: 1024px) 100vw, 1024px\" \/><\/p>\n","protected":false},"excerpt":{"rendered":"<p>Con un importante n\u00famero de inscriptos, se realizar\u00e1 la 13\u00b0 edici\u00f3n de la Carrera Aventura y Caminata Solidaria, el domingo 5 de Noviembre, a partir de las 8.30, organizada por la Unidad Sanitaria de Villa Ventana. Entrega de kits s\u00e1bado 4 de Noviembre de 09:30 a 13 horas\u00a0 y de 14.30 a 18:00 horas en [&hellip;]<\/p>\n","protected":false},"author":3,"featured_media":79978,"comment_status":"closed","ping_status":"closed","sticky":false,"template":"","format":"standard","meta":{"footnotes":""},"categories":[63],"tags":[],"class_list":["post-79977","post","type-post","status-publish","format-standard","has-post-thumbnail","hentry","category-magazine-sport"],"yoast_head":"<!-- This site is optimized with the Yoast SEO plugin v19.7.1 - https:\/\/yoast.com\/wordpress\/plugins\/seo\/ -->\n<title>El 5 de Noviembre se larga la carrera a beneficio de la Unidad Sanitaria de Villa Ventana - CELTTV<\/title>\n<meta name=\"description\" content=\"Sitio web de noticias de la localidad de Tornquist, provincia de Buenos Aires, Rep\u00fablica Argentina. Contenido propio originado por periodistas de CELTTV, el canal de TV local de la Cooperativa El\u00e9ctrica de Tornquist. Turismo, Pol\u00edtica, Sociedad, Deporte, Cultura y todo el contenido de inter\u00e9s general que la gente del pueblo y la regi\u00f3n debe conocer.\" \/>\n<meta name=\"robots\" content=\"index, follow, max-snippet:-1, max-image-preview:large, max-video-preview:-1\" \/>\n<link rel=\"canonical\" href=\"https:\/\/www.celttv.com.ar\/index.php\/2023\/10\/26\/el-5-de-noviembre-se-larga-la-carrera-a-beneficio-de-la-unidad-sanitaria-de-villa-ventana\/\" \/>\n<meta property=\"og:locale\" content=\"es_ES\" \/>\n<meta property=\"og:type\" content=\"article\" \/>\n<meta property=\"og:title\" content=\"El 5 de Noviembre se larga la carrera a beneficio de la Unidad Sanitaria de Villa Ventana - CELTTV\" \/>\n<meta property=\"og:description\" content=\"Sitio web de noticias de la localidad de Tornquist, provincia de Buenos Aires, Rep\u00fablica Argentina. Contenido propio originado por periodistas de CELTTV, el canal de TV local de la Cooperativa El\u00e9ctrica de Tornquist. Turismo, Pol\u00edtica, Sociedad, Deporte, Cultura y todo el contenido de inter\u00e9s general que la gente del pueblo y la regi\u00f3n debe conocer.\" \/>\n<meta property=\"og:url\" content=\"https:\/\/www.celttv.com.ar\/index.php\/2023\/10\/26\/el-5-de-noviembre-se-larga-la-carrera-a-beneficio-de-la-unidad-sanitaria-de-villa-ventana\/\" \/>\n<meta property=\"og:site_name\" content=\"CELTTV\" \/>\n<meta property=\"article:publisher\" content=\"https:\/\/www.facebook.com\/celtTV\/\" \/>\n<meta property=\"article:published_time\" content=\"2023-10-26T14:52:12+00:00\" \/>\n<meta property=\"og:image\" content=\"https:\/\/www.celttv.com.ar\/wp-content\/uploads\/2023\/10\/365766878_782437083889380_6369894585756571350_n.jpg\" \/>\n\t<meta property=\"og:image:width\" content=\"1080\" \/>\n\t<meta property=\"og:image:height\" content=\"662\" \/>\n\t<meta property=\"og:image:type\" content=\"image\/jpeg\" \/>\n<meta name=\"author\" content=\"Rodrigo Sgammini\" \/>\n<meta name=\"twitter:card\" content=\"summary_large_image\" \/>\n<meta name=\"twitter:label1\" content=\"Escrito por\" \/>\n\t<meta name=\"twitter:data1\" content=\"Rodrigo Sgammini\" \/>\n\t<meta name=\"twitter:label2\" content=\"Tiempo de lectura\" \/>\n\t<meta name=\"twitter:data2\" content=\"1 minuto\" \/>\n<script type=\"application\/ld+json\" class=\"yoast-schema-graph\">{\"@context\":\"https:\/\/schema.org\",\"@graph\":[{\"@type\":\"NewsArticle\",\"@id\":\"https:\/\/www.celttv.com.ar\/index.php\/2023\/10\/26\/el-5-de-noviembre-se-larga-la-carrera-a-beneficio-de-la-unidad-sanitaria-de-villa-ventana\/#article\",\"isPartOf\":{\"@id\":\"https:\/\/www.celttv.com.ar\/index.php\/2023\/10\/26\/el-5-de-noviembre-se-larga-la-carrera-a-beneficio-de-la-unidad-sanitaria-de-villa-ventana\/\"},\"author\":{\"name\":\"Rodrigo Sgammini\",\"@id\":\"https:\/\/www.celttv.com.ar\/#\/schema\/person\/495be51d064edd971d8457f8f64eb172\"},\"headline\":\"El 5 de Noviembre se larga la carrera a beneficio de la Unidad Sanitaria de Villa Ventana\",\"datePublished\":\"2023-10-26T14:52:12+00:00\",\"dateModified\":\"2023-10-26T14:52:12+00:00\",\"mainEntityOfPage\":{\"@id\":\"https:\/\/www.celttv.com.ar\/index.php\/2023\/10\/26\/el-5-de-noviembre-se-larga-la-carrera-a-beneficio-de-la-unidad-sanitaria-de-villa-ventana\/\"},\"wordCount\":154,\"publisher\":{\"@id\":\"https:\/\/www.celttv.com.ar\/#organization\"},\"articleSection\":[\"Magazine Sport\"],\"inLanguage\":\"es\"},{\"@type\":\"WebPage\",\"@id\":\"https:\/\/www.celttv.com.ar\/index.php\/2023\/10\/26\/el-5-de-noviembre-se-larga-la-carrera-a-beneficio-de-la-unidad-sanitaria-de-villa-ventana\/\",\"url\":\"https:\/\/www.celttv.com.ar\/index.php\/2023\/10\/26\/el-5-de-noviembre-se-larga-la-carrera-a-beneficio-de-la-unidad-sanitaria-de-villa-ventana\/\",\"name\":\"El 5 de Noviembre se larga la carrera a beneficio de la Unidad Sanitaria de Villa Ventana - CELTTV\",\"isPartOf\":{\"@id\":\"https:\/\/www.celttv.com.ar\/#website\"},\"datePublished\":\"2023-10-26T14:52:12+00:00\",\"dateModified\":\"2023-10-26T14:52:12+00:00\",\"description\":\"Sitio web de noticias de la localidad de Tornquist, provincia de Buenos Aires, Rep\u00fablica Argentina. Contenido propio originado por periodistas de CELTTV, el canal de TV local de la Cooperativa El\u00e9ctrica de Tornquist. Turismo, Pol\u00edtica, Sociedad, Deporte, Cultura y todo el contenido de inter\u00e9s general que la gente del pueblo y la regi\u00f3n debe conocer.\",\"breadcrumb\":{\"@id\":\"https:\/\/www.celttv.com.ar\/index.php\/2023\/10\/26\/el-5-de-noviembre-se-larga-la-carrera-a-beneficio-de-la-unidad-sanitaria-de-villa-ventana\/#breadcrumb\"},\"inLanguage\":\"es\",\"potentialAction\":[{\"@type\":\"ReadAction\",\"target\":[\"https:\/\/www.celttv.com.ar\/index.php\/2023\/10\/26\/el-5-de-noviembre-se-larga-la-carrera-a-beneficio-de-la-unidad-sanitaria-de-villa-ventana\/\"]}]},{\"@type\":\"BreadcrumbList\",\"@id\":\"https:\/\/www.celttv.com.ar\/index.php\/2023\/10\/26\/el-5-de-noviembre-se-larga-la-carrera-a-beneficio-de-la-unidad-sanitaria-de-villa-ventana\/#breadcrumb\",\"itemListElement\":[{\"@type\":\"ListItem\",\"position\":1,\"name\":\"Inicio\",\"item\":\"https:\/\/www.celttv.com.ar\/\"},{\"@type\":\"ListItem\",\"position\":2,\"name\":\"El 5 de Noviembre se larga la carrera a beneficio de la Unidad Sanitaria de Villa Ventana\"}]},{\"@type\":\"WebSite\",\"@id\":\"https:\/\/www.celttv.com.ar\/#website\",\"url\":\"https:\/\/www.celttv.com.ar\/\",\"name\":\"CELTTV\",\"description\":\"Cooperativa El\u00e9ctrica de Tornquist\",\"publisher\":{\"@id\":\"https:\/\/www.celttv.com.ar\/#organization\"},\"potentialAction\":[{\"@type\":\"SearchAction\",\"target\":{\"@type\":\"EntryPoint\",\"urlTemplate\":\"https:\/\/www.celttv.com.ar\/?s={search_term_string}\"},\"query-input\":\"required name=search_term_string\"}],\"inLanguage\":\"es\"},{\"@type\":\"Organization\",\"@id\":\"https:\/\/www.celttv.com.ar\/#organization\",\"name\":\"CELTTV\",\"url\":\"https:\/\/www.celttv.com.ar\/\",\"sameAs\":[\"https:\/\/www.youtube.com\/channel\/UCz_oIt8Hig64Ub-EmcNPIhg\",\"https:\/\/www.facebook.com\/celtTV\/\"],\"logo\":{\"@type\":\"ImageObject\",\"inLanguage\":\"es\",\"@id\":\"https:\/\/www.celttv.com.ar\/#\/schema\/logo\/image\/\",\"url\":\"http:\/\/www.celttv.com.ar\/wp-content\/uploads\/2022\/08\/logo-1.png\",\"contentUrl\":\"http:\/\/www.celttv.com.ar\/wp-content\/uploads\/2022\/08\/logo-1.png\",\"width\":461,\"height\":159,\"caption\":\"CELTTV\"},\"image\":{\"@id\":\"https:\/\/www.celttv.com.ar\/#\/schema\/logo\/image\/\"}},{\"@type\":\"Person\",\"@id\":\"https:\/\/www.celttv.com.ar\/#\/schema\/person\/495be51d064edd971d8457f8f64eb172\",\"name\":\"Rodrigo Sgammini\",\"image\":{\"@type\":\"ImageObject\",\"inLanguage\":\"es\",\"@id\":\"https:\/\/www.celttv.com.ar\/#\/schema\/person\/image\/\",\"url\":\"https:\/\/secure.gravatar.com\/avatar\/68f7848d42735e7a9276b47cd6e606327d88f521c51ae39d88888b76902e2987?s=96&d=mm&r=g\",\"contentUrl\":\"https:\/\/secure.gravatar.com\/avatar\/68f7848d42735e7a9276b47cd6e606327d88f521c51ae39d88888b76902e2987?s=96&d=mm&r=g\",\"caption\":\"Rodrigo Sgammini\"}}]}<\/script>\n<!-- \/ Yoast SEO plugin. -->","yoast_head_json":{"title":"El 5 de Noviembre se larga la carrera a beneficio de la Unidad Sanitaria de Villa Ventana - CELTTV","description":"Sitio web de noticias de la localidad de Tornquist, provincia de Buenos Aires, Rep\u00fablica Argentina. Contenido propio originado por periodistas de CELTTV, el canal de TV local de la Cooperativa El\u00e9ctrica de Tornquist. Turismo, Pol\u00edtica, Sociedad, Deporte, Cultura y todo el contenido de inter\u00e9s general que la gente del pueblo y la regi\u00f3n debe conocer.","robots":{"index":"index","follow":"follow","max-snippet":"max-snippet:-1","max-image-preview":"max-image-preview:large","max-video-preview":"max-video-preview:-1"},"canonical":"https:\/\/www.celttv.com.ar\/index.php\/2023\/10\/26\/el-5-de-noviembre-se-larga-la-carrera-a-beneficio-de-la-unidad-sanitaria-de-villa-ventana\/","og_locale":"es_ES","og_type":"article","og_title":"El 5 de Noviembre se larga la carrera a beneficio de la Unidad Sanitaria de Villa Ventana - CELTTV","og_description":"Sitio web de noticias de la localidad de Tornquist, provincia de Buenos Aires, Rep\u00fablica Argentina. Contenido propio originado por periodistas de CELTTV, el canal de TV local de la Cooperativa El\u00e9ctrica de Tornquist. Turismo, Pol\u00edtica, Sociedad, Deporte, Cultura y todo el contenido de inter\u00e9s general que la gente del pueblo y la regi\u00f3n debe conocer.","og_url":"https:\/\/www.celttv.com.ar\/index.php\/2023\/10\/26\/el-5-de-noviembre-se-larga-la-carrera-a-beneficio-de-la-unidad-sanitaria-de-villa-ventana\/","og_site_name":"CELTTV","article_publisher":"https:\/\/www.facebook.com\/celtTV\/","article_published_time":"2023-10-26T14:52:12+00:00","og_image":[{"width":1080,"height":662,"url":"https:\/\/www.celttv.com.ar\/wp-content\/uploads\/2023\/10\/365766878_782437083889380_6369894585756571350_n.jpg","type":"image\/jpeg"}],"author":"Rodrigo Sgammini","twitter_card":"summary_large_image","twitter_misc":{"Escrito por":"Rodrigo Sgammini","Tiempo de lectura":"1 minuto"},"schema":{"@context":"https:\/\/schema.org","@graph":[{"@type":"NewsArticle","@id":"https:\/\/www.celttv.com.ar\/index.php\/2023\/10\/26\/el-5-de-noviembre-se-larga-la-carrera-a-beneficio-de-la-unidad-sanitaria-de-villa-ventana\/#article","isPartOf":{"@id":"https:\/\/www.celttv.com.ar\/index.php\/2023\/10\/26\/el-5-de-noviembre-se-larga-la-carrera-a-beneficio-de-la-unidad-sanitaria-de-villa-ventana\/"},"author":{"name":"Rodrigo Sgammini","@id":"https:\/\/www.celttv.com.ar\/#\/schema\/person\/495be51d064edd971d8457f8f64eb172"},"headline":"El 5 de Noviembre se larga la carrera a beneficio de la Unidad Sanitaria de Villa Ventana","datePublished":"2023-10-26T14:52:12+00:00","dateModified":"2023-10-26T14:52:12+00:00","mainEntityOfPage":{"@id":"https:\/\/www.celttv.com.ar\/index.php\/2023\/10\/26\/el-5-de-noviembre-se-larga-la-carrera-a-beneficio-de-la-unidad-sanitaria-de-villa-ventana\/"},"wordCount":154,"publisher":{"@id":"https:\/\/www.celttv.com.ar\/#organization"},"articleSection":["Magazine Sport"],"inLanguage":"es"},{"@type":"WebPage","@id":"https:\/\/www.celttv.com.ar\/index.php\/2023\/10\/26\/el-5-de-noviembre-se-larga-la-carrera-a-beneficio-de-la-unidad-sanitaria-de-villa-ventana\/","url":"https:\/\/www.celttv.com.ar\/index.php\/2023\/10\/26\/el-5-de-noviembre-se-larga-la-carrera-a-beneficio-de-la-unidad-sanitaria-de-villa-ventana\/","name":"El 5 de Noviembre se larga la carrera a beneficio de la Unidad Sanitaria de Villa Ventana - CELTTV","isPartOf":{"@id":"https:\/\/www.celttv.com.ar\/#website"},"datePublished":"2023-10-26T14:52:12+00:00","dateModified":"2023-10-26T14:52:12+00:00","description":"Sitio web de noticias de la localidad de Tornquist, provincia de Buenos Aires, Rep\u00fablica Argentina. Contenido propio originado por periodistas de CELTTV, el canal de TV local de la Cooperativa El\u00e9ctrica de Tornquist. Turismo, Pol\u00edtica, Sociedad, Deporte, Cultura y todo el contenido de inter\u00e9s general que la gente del pueblo y la regi\u00f3n debe conocer.","breadcrumb":{"@id":"https:\/\/www.celttv.com.ar\/index.php\/2023\/10\/26\/el-5-de-noviembre-se-larga-la-carrera-a-beneficio-de-la-unidad-sanitaria-de-villa-ventana\/#breadcrumb"},"inLanguage":"es","potentialAction":[{"@type":"ReadAction","target":["https:\/\/www.celttv.com.ar\/index.php\/2023\/10\/26\/el-5-de-noviembre-se-larga-la-carrera-a-beneficio-de-la-unidad-sanitaria-de-villa-ventana\/"]}]},{"@type":"BreadcrumbList","@id":"https:\/\/www.celttv.com.ar\/index.php\/2023\/10\/26\/el-5-de-noviembre-se-larga-la-carrera-a-beneficio-de-la-unidad-sanitaria-de-villa-ventana\/#breadcrumb","itemListElement":[{"@type":"ListItem","position":1,"name":"Inicio","item":"https:\/\/www.celttv.com.ar\/"},{"@type":"ListItem","position":2,"name":"El 5 de Noviembre se larga la carrera a beneficio de la Unidad Sanitaria de Villa Ventana"}]},{"@type":"WebSite","@id":"https:\/\/www.celttv.com.ar\/#website","url":"https:\/\/www.celttv.com.ar\/","name":"CELTTV","description":"Cooperativa El\u00e9ctrica de Tornquist","publisher":{"@id":"https:\/\/www.celttv.com.ar\/#organization"},"potentialAction":[{"@type":"SearchAction","target":{"@type":"EntryPoint","urlTemplate":"https:\/\/www.celttv.com.ar\/?s={search_term_string}"},"query-input":"required name=search_term_string"}],"inLanguage":"es"},{"@type":"Organization","@id":"https:\/\/www.celttv.com.ar\/#organization","name":"CELTTV","url":"https:\/\/www.celttv.com.ar\/","sameAs":["https:\/\/www.youtube.com\/channel\/UCz_oIt8Hig64Ub-EmcNPIhg","https:\/\/www.facebook.com\/celtTV\/"],"logo":{"@type":"ImageObject","inLanguage":"es","@id":"https:\/\/www.celttv.com.ar\/#\/schema\/logo\/image\/","url":"http:\/\/www.celttv.com.ar\/wp-content\/uploads\/2022\/08\/logo-1.png","contentUrl":"http:\/\/www.celttv.com.ar\/wp-content\/uploads\/2022\/08\/logo-1.png","width":461,"height":159,"caption":"CELTTV"},"image":{"@id":"https:\/\/www.celttv.com.ar\/#\/schema\/logo\/image\/"}},{"@type":"Person","@id":"https:\/\/www.celttv.com.ar\/#\/schema\/person\/495be51d064edd971d8457f8f64eb172","name":"Rodrigo Sgammini","image":{"@type":"ImageObject","inLanguage":"es","@id":"https:\/\/www.celttv.com.ar\/#\/schema\/person\/image\/","url":"https:\/\/secure.gravatar.com\/avatar\/68f7848d42735e7a9276b47cd6e606327d88f521c51ae39d88888b76902e2987?s=96&d=mm&r=g","contentUrl":"https:\/\/secure.gravatar.com\/avatar\/68f7848d42735e7a9276b47cd6e606327d88f521c51ae39d88888b76902e2987?s=96&d=mm&r=g","caption":"Rodrigo Sgammini"}}]}},"_links":{"self":[{"href":"https:\/\/www.celttv.com.ar\/index.php\/wp-json\/wp\/v2\/posts\/79977","targetHints":{"allow":["GET"]}}],"collection":[{"href":"https:\/\/www.celttv.com.ar\/index.php\/wp-json\/wp\/v2\/posts"}],"about":[{"href":"https:\/\/www.celttv.com.ar\/index.php\/wp-json\/wp\/v2\/types\/post"}],"author":[{"embeddable":true,"href":"https:\/\/www.celttv.com.ar\/index.php\/wp-json\/wp\/v2\/users\/3"}],"replies":[{"embeddable":true,"href":"https:\/\/www.celttv.com.ar\/index.php\/wp-json\/wp\/v2\/comments?post=79977"}],"version-history":[{"count":1,"href":"https:\/\/www.celttv.com.ar\/index.php\/wp-json\/wp\/v2\/posts\/79977\/revisions"}],"predecessor-version":[{"id":79979,"href":"https:\/\/www.celttv.com.ar\/index.php\/wp-json\/wp\/v2\/posts\/79977\/revisions\/79979"}],"wp:featuredmedia":[{"embeddable":true,"href":"https:\/\/www.celttv.com.ar\/index.php\/wp-json\/wp\/v2\/media\/79978"}],"wp:attachment":[{"href":"https:\/\/www.celttv.com.ar\/index.php\/wp-json\/wp\/v2\/media?parent=79977"}],"wp:term":[{"taxonomy":"category","embeddable":true,"href":"https:\/\/www.celttv.com.ar\/index.php\/wp-json\/wp\/v2\/categories?post=79977"},{"taxonomy":"post_tag","embeddable":true,"href":"https:\/\/www.celttv.com.ar\/index.php\/wp-json\/wp\/v2\/tags?post=79977"}],"curies":[{"name":"wp","href":"https:\/\/api.w.org\/{rel}","templated":true}]}}