{"id":8001,"date":"2012-09-05T23:01:02","date_gmt":"2012-09-05T23:01:02","guid":{"rendered":"http:\/\/www.tvcnoticias.com.ar\/?p=8001"},"modified":"2012-09-05T23:01:02","modified_gmt":"2012-09-05T23:01:02","slug":"tornquist-recibio-a-la-feria-regional-de-ciencia-y-tecnologia-imagenes-y-opiniones","status":"publish","type":"post","link":"https:\/\/www.celttv.com.ar\/index.php\/2012\/09\/05\/tornquist-recibio-a-la-feria-regional-de-ciencia-y-tecnologia-imagenes-y-opiniones\/","title":{"rendered":"TORNQUIST RECIBIO A LA FERIA REGIONAL DE CIENCIA Y TECNOLOGIA (Im\u00e1genes y opiniones)"},"content":{"rendered":"<p><a href=\"http:\/\/www.youtube.com\/watch?v=J-cgnXLTTIs\">httpv:\/\/www.youtube.com\/watch?v=J-cgnXLTTIs<\/a><br \/>\n<a href=\"http:\/\/www.youtube.com\/watch?v=NOazT1N-uP8\">httpv:\/\/www.youtube.com\/watch?v=NOazT1N-uP8<\/a><br \/>\n<a href=\"http:\/\/www.youtube.com\/watch?v=RZsfWuTm75Y\">httpv:\/\/www.youtube.com\/watch?v=RZsfWuTm75Y<\/a><br \/>\n<a href=\"http:\/\/www.youtube.com\/watch?v=17qvRmrOFIs\">httpv:\/\/www.youtube.com\/watch?v=17qvRmrOFIs<\/a><br \/>\nLa VII Feria Regional de Ciencia y Tecnolog\u00eda de la Regi\u00f3n Educativa 23 se desarroll\u00f3 durante la jornada de hoy en el sal\u00f3n de usos m\u00faltiples de\u00a0la Escuela\u00a0N\u00ba 1 de Tornquist, con la presencia de representantes de ocho distritos, con la participaci\u00f3n de 117 proyectos, 23 de los cuales correspondieron al partido anfitri\u00f3n.<br \/>\n\u00a0\u00a0 El acto de apertura cont\u00f3 con la presencia del secretario de Producci\u00f3n y Medio Ambiente de la Municipalidad de Tornquist, Ricardo Valentini, quien se dirigi\u00f3 al p\u00fablico en representaci\u00f3n del intendente municipal, licenciado Gustavo Trankels.<br \/>\n\u00a0\u00a0 \u201cEstamos sumamente complacidos por la presencia de alumnos de establecimientos educativos de los distritos de Adolfo Alsina, Coronel Su\u00e1rez, Daireaux, Guamin\u00ed, General La Madrid, Saavedra y Puan, adem\u00e1s de nuestro partido\u201d, coment\u00f3.<br \/>\n\u00a0\u00a0 Durante su alocuci\u00f3n, Valentini disculp\u00f3 al jefe comunal, dado que no pudo estar en la jornada porque junto con sus pares\u00a0del sudoeste bonaerense debi\u00f3 concurrir a una reuni\u00f3n en el Ministerio de Planificaci\u00f3n Federal, Inversi\u00f3n P\u00fablica y Servicios, en la ciudad de Buenos Aires.<br \/>\n\u00a0\u00a0 No obstante, recalc\u00f3 la preocupaci\u00f3n de la m\u00e1xima autoridad\u00a0comunal por la educaci\u00f3n y transmiti\u00f3 una c\u00e1lida recepci\u00f3n, al tiempo que remarc\u00f3 que desde primeras horas se establecieron normas de seguridad y salud diligenciadas desde sus respectivas secretarias, a fin de recibir a los visitantes que llegaron en distintos tipos de transportes.<br \/>\n\u00a0\u00a0 Valentini tambi\u00e9n les agradeci\u00f3 a los\u00a0m\u00e1s de 500 docentes y alumnos por el esfuerzo realizado para llegarse a nuestra localidad y les dese\u00f3 lo mejor en el desarrollo de la jornada que permite a los alumnos socializarse regionalmente y compartir experiencias y trabajos cient\u00edficos tecnol\u00f3gicos.<br \/>\n\u00a0\u00a0 Adem\u00e1s, destac\u00f3 la colaboraci\u00f3n de todos aquellos que hicieron posible la jornada y recorri\u00f3 los stands, entre los cuales se encontraba el armado por la secretaria de Producci\u00f3n y Medio Ambiente local, tendiente a concientizar sobre la importancia del reciclado de residuos.<br \/>\n\u00a0\u00a0 En la apertura tambi\u00e9n se oyeron las palabras de la Inspectora Jefe Regional, profesora Dina Balma, quien resalt\u00f3 la calidad de los docentes y la importancia de su rol en este tipo de actividades, destac\u00f3 los alcances en materia cient\u00edfico tecnol\u00f3gico que se vienen dando en el pa\u00eds, y la importancia de estas actividades\u00a0 juveniles que brindan la posibilidad de abrir la escuela a una experiencia innovadora.<br \/>\n\u00a0\u00a0 Adem\u00e1s, agradeci\u00f3 la orientaci\u00f3n, la contenci\u00f3n y el acompa\u00f1amiento de los docentes, directivos, inspectores y padres, para que los alumnos puedan mostrar el resultado de sus investigaciones, socializar sus experiencias y compartir con otros chicos un encuentro diferente. Solicit\u00f3 a los docentes presentes trasmitir a los directivos de todas las escuelas participantes sus m\u00e1s sinceras felicitaciones, porque es a partir de su gesti\u00f3n, compromiso y trabajo diario que la calidad de la educaci\u00f3n pueda ser cada vez mayor.<br \/>\n\u00a0\u00a0 El corte de cintas para dejar inaugurada la muestra fue realizada por la Inspectora Distrital de Tornquist, profesora Ana Mar\u00eda Skolak, y las coordinadoras regionales Cristina Montero (General La Madrid) y Cecilia Bentroni (Tornquist).<br \/>\n<strong>El CENS de Saldungaray, entre los clasificados<\/strong><br \/>\n\u00a0\u00a0 El CENS N\u00b0 451 de Saldungaray consigui\u00f3 el tercer lugar del concurso, resultado que le permiti\u00f3 alcanzar la instancia provincial, que se llevar\u00e1 a cabo en la localidad bonaerense de San Bernardo. Todos los clasificados fueron.<br \/>\n&#8211;\u00a0\u00a0\u00a0\u00a0\u00a0\u00a0\u00a0\u00a0\u00a0 1\u00b0: CEPT N\u00b0 22 de General\u00a0La Madrid &#8211; Localidad L\u00edbano: &#8220;M\u00e1s all\u00e1 del choclo&#8221;, con 98,66 puntos.<br \/>\n&#8211;\u00a0\u00a0\u00a0\u00a0\u00a0\u00a0\u00a0\u00a0\u00a0 2\u00b0: Escuela Secundaria \u201cMariano Moreno\u201d\u00a0de Adolfo Alsina: &#8220;Invasi\u00f3n M&#8221;, con 97,66 puntos.<br \/>\n&#8211;\u00a0\u00a0\u00a0\u00a0\u00a0\u00a0\u00a0\u00a0\u00a0 3\u00b0:\u00a0CENS N\u00b0 451 de Tornquist \u2013 Localidad Saldungaray: &#8220;Energ\u00eda e\u00f3lica abastecimiento familiar&#8221;, con 95,33 puntos.<br \/>\n&#8211;\u00a0\u00a0\u00a0\u00a0\u00a0\u00a0\u00a0\u00a0\u00a0 4\u00b0: CEPT N\u00b0 27 de Daireaux &#8211; Localidad Arboledas : &#8220;Te duele algo?, preguntale a tu abuela&#8221;, con 95,00 puntos.<br \/>\n&#8211;\u00a0\u00a0\u00a0\u00a0\u00a0\u00a0\u00a0\u00a0\u00a0 5\u00b0: Colegio \u201cJuan Manuel Estrada\u201d de Coronel Su\u00e1rez: &#8220;Sonidos Peligrosos, \u00bfte suena?, con 91,00 puntos.<br \/>\n&#8211;\u00a0\u00a0\u00a0\u00a0\u00a0\u00a0\u00a0\u00a0\u00a0 6\u00b0: EES T\u00e9cnica N\u00b0 1 de Puan- &#8220;Las redes sociales, una telara\u00f1a que intimida&#8221;, con 90,33 puntos.<br \/>\n&#8211;\u00a0\u00a0\u00a0\u00a0\u00a0\u00a0\u00a0\u00a0\u00a0 7\u00b0: EES N\u00b0 5 de Daireaux- &#8220;Vuelta al mundo en 39 pliegues&#8221;, con 79,00 puntos.<br \/>\n<strong>\u00a0<\/strong><\/p>\n","protected":false},"excerpt":{"rendered":"<p>httpv:\/\/www.youtube.com\/watch?v=J-cgnXLTTIs httpv:\/\/www.youtube.com\/watch?v=NOazT1N-uP8 httpv:\/\/www.youtube.com\/watch?v=RZsfWuTm75Y httpv:\/\/www.youtube.com\/watch?v=17qvRmrOFIs La VII Feria Regional de Ciencia y Tecnolog\u00eda de la Regi\u00f3n Educativa 23 se desarroll\u00f3 durante la jornada de hoy en el sal\u00f3n de usos m\u00faltiples de\u00a0la Escuela\u00a0N\u00ba 1 de Tornquist, con la presencia de representantes de ocho distritos, con la participaci\u00f3n de 117 proyectos, 23 de los cuales correspondieron al [&hellip;]<\/p>\n","protected":false},"author":1,"featured_media":0,"comment_status":"closed","ping_status":"open","sticky":false,"template":"","format":"standard","meta":{"footnotes":""},"categories":[51,52],"tags":[],"class_list":["post-8001","post","type-post","status-publish","format-standard","hentry","category-comunidad","category-destacadas"],"yoast_head":"<!-- This site is optimized with the Yoast SEO plugin v19.7.1 - https:\/\/yoast.com\/wordpress\/plugins\/seo\/ -->\n<title>TORNQUIST RECIBIO A LA FERIA REGIONAL DE CIENCIA Y TECNOLOGIA (Im\u00e1genes y opiniones) - CELTTV<\/title>\n<meta name=\"description\" content=\"Sitio web de noticias de la localidad de Tornquist, provincia de Buenos Aires, Rep\u00fablica Argentina. Contenido propio originado por periodistas de CELTTV, el canal de TV local de la Cooperativa El\u00e9ctrica de Tornquist. Turismo, Pol\u00edtica, Sociedad, Deporte, Cultura y todo el contenido de inter\u00e9s general que la gente del pueblo y la regi\u00f3n debe conocer.\" \/>\n<meta name=\"robots\" content=\"index, follow, max-snippet:-1, max-image-preview:large, max-video-preview:-1\" \/>\n<link rel=\"canonical\" href=\"https:\/\/www.celttv.com.ar\/index.php\/2012\/09\/05\/tornquist-recibio-a-la-feria-regional-de-ciencia-y-tecnologia-imagenes-y-opiniones\/\" \/>\n<meta property=\"og:locale\" content=\"es_ES\" \/>\n<meta property=\"og:type\" content=\"article\" \/>\n<meta property=\"og:title\" content=\"TORNQUIST RECIBIO A LA FERIA REGIONAL DE CIENCIA Y TECNOLOGIA (Im\u00e1genes y opiniones) - CELTTV\" \/>\n<meta property=\"og:description\" content=\"Sitio web de noticias de la localidad de Tornquist, provincia de Buenos Aires, Rep\u00fablica Argentina. Contenido propio originado por periodistas de CELTTV, el canal de TV local de la Cooperativa El\u00e9ctrica de Tornquist. Turismo, Pol\u00edtica, Sociedad, Deporte, Cultura y todo el contenido de inter\u00e9s general que la gente del pueblo y la regi\u00f3n debe conocer.\" \/>\n<meta property=\"og:url\" content=\"https:\/\/www.celttv.com.ar\/index.php\/2012\/09\/05\/tornquist-recibio-a-la-feria-regional-de-ciencia-y-tecnologia-imagenes-y-opiniones\/\" \/>\n<meta property=\"og:site_name\" content=\"CELTTV\" \/>\n<meta property=\"article:publisher\" content=\"https:\/\/www.facebook.com\/celtTV\/\" \/>\n<meta property=\"article:published_time\" content=\"2012-09-05T23:01:02+00:00\" \/>\n<meta name=\"author\" content=\"ulises\" \/>\n<meta name=\"twitter:card\" content=\"summary_large_image\" \/>\n<meta name=\"twitter:label1\" content=\"Escrito por\" \/>\n\t<meta name=\"twitter:data1\" content=\"ulises\" \/>\n\t<meta name=\"twitter:label2\" content=\"Tiempo de lectura\" \/>\n\t<meta name=\"twitter:data2\" content=\"4 minutos\" \/>\n<script type=\"application\/ld+json\" class=\"yoast-schema-graph\">{\"@context\":\"https:\/\/schema.org\",\"@graph\":[{\"@type\":\"NewsArticle\",\"@id\":\"https:\/\/www.celttv.com.ar\/index.php\/2012\/09\/05\/tornquist-recibio-a-la-feria-regional-de-ciencia-y-tecnologia-imagenes-y-opiniones\/#article\",\"isPartOf\":{\"@id\":\"https:\/\/www.celttv.com.ar\/index.php\/2012\/09\/05\/tornquist-recibio-a-la-feria-regional-de-ciencia-y-tecnologia-imagenes-y-opiniones\/\"},\"author\":{\"name\":\"ulises\",\"@id\":\"https:\/\/www.celttv.com.ar\/#\/schema\/person\/6d99c072dba59953809c81446e9d0ace\"},\"headline\":\"TORNQUIST RECIBIO A LA FERIA REGIONAL DE CIENCIA Y TECNOLOGIA (Im\u00e1genes y opiniones)\",\"datePublished\":\"2012-09-05T23:01:02+00:00\",\"dateModified\":\"2012-09-05T23:01:02+00:00\",\"mainEntityOfPage\":{\"@id\":\"https:\/\/www.celttv.com.ar\/index.php\/2012\/09\/05\/tornquist-recibio-a-la-feria-regional-de-ciencia-y-tecnologia-imagenes-y-opiniones\/\"},\"wordCount\":714,\"publisher\":{\"@id\":\"https:\/\/www.celttv.com.ar\/#organization\"},\"articleSection\":[\"Comunidad\",\"Destacadas\"],\"inLanguage\":\"es\"},{\"@type\":\"WebPage\",\"@id\":\"https:\/\/www.celttv.com.ar\/index.php\/2012\/09\/05\/tornquist-recibio-a-la-feria-regional-de-ciencia-y-tecnologia-imagenes-y-opiniones\/\",\"url\":\"https:\/\/www.celttv.com.ar\/index.php\/2012\/09\/05\/tornquist-recibio-a-la-feria-regional-de-ciencia-y-tecnologia-imagenes-y-opiniones\/\",\"name\":\"TORNQUIST RECIBIO A LA FERIA REGIONAL DE CIENCIA Y TECNOLOGIA (Im\u00e1genes y opiniones) - CELTTV\",\"isPartOf\":{\"@id\":\"https:\/\/www.celttv.com.ar\/#website\"},\"datePublished\":\"2012-09-05T23:01:02+00:00\",\"dateModified\":\"2012-09-05T23:01:02+00:00\",\"description\":\"Sitio web de noticias de la localidad de Tornquist, provincia de Buenos Aires, Rep\u00fablica Argentina. Contenido propio originado por periodistas de CELTTV, el canal de TV local de la Cooperativa El\u00e9ctrica de Tornquist. Turismo, Pol\u00edtica, Sociedad, Deporte, Cultura y todo el contenido de inter\u00e9s general que la gente del pueblo y la regi\u00f3n debe conocer.\",\"breadcrumb\":{\"@id\":\"https:\/\/www.celttv.com.ar\/index.php\/2012\/09\/05\/tornquist-recibio-a-la-feria-regional-de-ciencia-y-tecnologia-imagenes-y-opiniones\/#breadcrumb\"},\"inLanguage\":\"es\",\"potentialAction\":[{\"@type\":\"ReadAction\",\"target\":[\"https:\/\/www.celttv.com.ar\/index.php\/2012\/09\/05\/tornquist-recibio-a-la-feria-regional-de-ciencia-y-tecnologia-imagenes-y-opiniones\/\"]}]},{\"@type\":\"BreadcrumbList\",\"@id\":\"https:\/\/www.celttv.com.ar\/index.php\/2012\/09\/05\/tornquist-recibio-a-la-feria-regional-de-ciencia-y-tecnologia-imagenes-y-opiniones\/#breadcrumb\",\"itemListElement\":[{\"@type\":\"ListItem\",\"position\":1,\"name\":\"Inicio\",\"item\":\"https:\/\/www.celttv.com.ar\/\"},{\"@type\":\"ListItem\",\"position\":2,\"name\":\"TORNQUIST RECIBIO A LA FERIA REGIONAL DE CIENCIA Y TECNOLOGIA (Im\u00e1genes y opiniones)\"}]},{\"@type\":\"WebSite\",\"@id\":\"https:\/\/www.celttv.com.ar\/#website\",\"url\":\"https:\/\/www.celttv.com.ar\/\",\"name\":\"CELTTV\",\"description\":\"Cooperativa El\u00e9ctrica de Tornquist\",\"publisher\":{\"@id\":\"https:\/\/www.celttv.com.ar\/#organization\"},\"potentialAction\":[{\"@type\":\"SearchAction\",\"target\":{\"@type\":\"EntryPoint\",\"urlTemplate\":\"https:\/\/www.celttv.com.ar\/?s={search_term_string}\"},\"query-input\":\"required name=search_term_string\"}],\"inLanguage\":\"es\"},{\"@type\":\"Organization\",\"@id\":\"https:\/\/www.celttv.com.ar\/#organization\",\"name\":\"CELTTV\",\"url\":\"https:\/\/www.celttv.com.ar\/\",\"sameAs\":[\"https:\/\/www.youtube.com\/channel\/UCz_oIt8Hig64Ub-EmcNPIhg\",\"https:\/\/www.facebook.com\/celtTV\/\"],\"logo\":{\"@type\":\"ImageObject\",\"inLanguage\":\"es\",\"@id\":\"https:\/\/www.celttv.com.ar\/#\/schema\/logo\/image\/\",\"url\":\"http:\/\/www.celttv.com.ar\/wp-content\/uploads\/2022\/08\/logo-1.png\",\"contentUrl\":\"http:\/\/www.celttv.com.ar\/wp-content\/uploads\/2022\/08\/logo-1.png\",\"width\":461,\"height\":159,\"caption\":\"CELTTV\"},\"image\":{\"@id\":\"https:\/\/www.celttv.com.ar\/#\/schema\/logo\/image\/\"}},{\"@type\":\"Person\",\"@id\":\"https:\/\/www.celttv.com.ar\/#\/schema\/person\/6d99c072dba59953809c81446e9d0ace\",\"name\":\"ulises\",\"image\":{\"@type\":\"ImageObject\",\"inLanguage\":\"es\",\"@id\":\"https:\/\/www.celttv.com.ar\/#\/schema\/person\/image\/\",\"url\":\"https:\/\/secure.gravatar.com\/avatar\/7f2c48bdc33b30088f941fb6082e555f2874c98e20cb159d7b92b50eadfce793?s=96&d=mm&r=g\",\"contentUrl\":\"https:\/\/secure.gravatar.com\/avatar\/7f2c48bdc33b30088f941fb6082e555f2874c98e20cb159d7b92b50eadfce793?s=96&d=mm&r=g\",\"caption\":\"ulises\"},\"sameAs\":[\"http:\/\/www.celttv.com.ar\"]}]}<\/script>\n<!-- \/ Yoast SEO plugin. -->","yoast_head_json":{"title":"TORNQUIST RECIBIO A LA FERIA REGIONAL DE CIENCIA Y TECNOLOGIA (Im\u00e1genes y opiniones) - CELTTV","description":"Sitio web de noticias de la localidad de Tornquist, provincia de Buenos Aires, Rep\u00fablica Argentina. Contenido propio originado por periodistas de CELTTV, el canal de TV local de la Cooperativa El\u00e9ctrica de Tornquist. Turismo, Pol\u00edtica, Sociedad, Deporte, Cultura y todo el contenido de inter\u00e9s general que la gente del pueblo y la regi\u00f3n debe conocer.","robots":{"index":"index","follow":"follow","max-snippet":"max-snippet:-1","max-image-preview":"max-image-preview:large","max-video-preview":"max-video-preview:-1"},"canonical":"https:\/\/www.celttv.com.ar\/index.php\/2012\/09\/05\/tornquist-recibio-a-la-feria-regional-de-ciencia-y-tecnologia-imagenes-y-opiniones\/","og_locale":"es_ES","og_type":"article","og_title":"TORNQUIST RECIBIO A LA FERIA REGIONAL DE CIENCIA Y TECNOLOGIA (Im\u00e1genes y opiniones) - CELTTV","og_description":"Sitio web de noticias de la localidad de Tornquist, provincia de Buenos Aires, Rep\u00fablica Argentina. Contenido propio originado por periodistas de CELTTV, el canal de TV local de la Cooperativa El\u00e9ctrica de Tornquist. Turismo, Pol\u00edtica, Sociedad, Deporte, Cultura y todo el contenido de inter\u00e9s general que la gente del pueblo y la regi\u00f3n debe conocer.","og_url":"https:\/\/www.celttv.com.ar\/index.php\/2012\/09\/05\/tornquist-recibio-a-la-feria-regional-de-ciencia-y-tecnologia-imagenes-y-opiniones\/","og_site_name":"CELTTV","article_publisher":"https:\/\/www.facebook.com\/celtTV\/","article_published_time":"2012-09-05T23:01:02+00:00","author":"ulises","twitter_card":"summary_large_image","twitter_misc":{"Escrito por":"ulises","Tiempo de lectura":"4 minutos"},"schema":{"@context":"https:\/\/schema.org","@graph":[{"@type":"NewsArticle","@id":"https:\/\/www.celttv.com.ar\/index.php\/2012\/09\/05\/tornquist-recibio-a-la-feria-regional-de-ciencia-y-tecnologia-imagenes-y-opiniones\/#article","isPartOf":{"@id":"https:\/\/www.celttv.com.ar\/index.php\/2012\/09\/05\/tornquist-recibio-a-la-feria-regional-de-ciencia-y-tecnologia-imagenes-y-opiniones\/"},"author":{"name":"ulises","@id":"https:\/\/www.celttv.com.ar\/#\/schema\/person\/6d99c072dba59953809c81446e9d0ace"},"headline":"TORNQUIST RECIBIO A LA FERIA REGIONAL DE CIENCIA Y TECNOLOGIA (Im\u00e1genes y opiniones)","datePublished":"2012-09-05T23:01:02+00:00","dateModified":"2012-09-05T23:01:02+00:00","mainEntityOfPage":{"@id":"https:\/\/www.celttv.com.ar\/index.php\/2012\/09\/05\/tornquist-recibio-a-la-feria-regional-de-ciencia-y-tecnologia-imagenes-y-opiniones\/"},"wordCount":714,"publisher":{"@id":"https:\/\/www.celttv.com.ar\/#organization"},"articleSection":["Comunidad","Destacadas"],"inLanguage":"es"},{"@type":"WebPage","@id":"https:\/\/www.celttv.com.ar\/index.php\/2012\/09\/05\/tornquist-recibio-a-la-feria-regional-de-ciencia-y-tecnologia-imagenes-y-opiniones\/","url":"https:\/\/www.celttv.com.ar\/index.php\/2012\/09\/05\/tornquist-recibio-a-la-feria-regional-de-ciencia-y-tecnologia-imagenes-y-opiniones\/","name":"TORNQUIST RECIBIO A LA FERIA REGIONAL DE CIENCIA Y TECNOLOGIA (Im\u00e1genes y opiniones) - CELTTV","isPartOf":{"@id":"https:\/\/www.celttv.com.ar\/#website"},"datePublished":"2012-09-05T23:01:02+00:00","dateModified":"2012-09-05T23:01:02+00:00","description":"Sitio web de noticias de la localidad de Tornquist, provincia de Buenos Aires, Rep\u00fablica Argentina. Contenido propio originado por periodistas de CELTTV, el canal de TV local de la Cooperativa El\u00e9ctrica de Tornquist. Turismo, Pol\u00edtica, Sociedad, Deporte, Cultura y todo el contenido de inter\u00e9s general que la gente del pueblo y la regi\u00f3n debe conocer.","breadcrumb":{"@id":"https:\/\/www.celttv.com.ar\/index.php\/2012\/09\/05\/tornquist-recibio-a-la-feria-regional-de-ciencia-y-tecnologia-imagenes-y-opiniones\/#breadcrumb"},"inLanguage":"es","potentialAction":[{"@type":"ReadAction","target":["https:\/\/www.celttv.com.ar\/index.php\/2012\/09\/05\/tornquist-recibio-a-la-feria-regional-de-ciencia-y-tecnologia-imagenes-y-opiniones\/"]}]},{"@type":"BreadcrumbList","@id":"https:\/\/www.celttv.com.ar\/index.php\/2012\/09\/05\/tornquist-recibio-a-la-feria-regional-de-ciencia-y-tecnologia-imagenes-y-opiniones\/#breadcrumb","itemListElement":[{"@type":"ListItem","position":1,"name":"Inicio","item":"https:\/\/www.celttv.com.ar\/"},{"@type":"ListItem","position":2,"name":"TORNQUIST RECIBIO A LA FERIA REGIONAL DE CIENCIA Y TECNOLOGIA (Im\u00e1genes y opiniones)"}]},{"@type":"WebSite","@id":"https:\/\/www.celttv.com.ar\/#website","url":"https:\/\/www.celttv.com.ar\/","name":"CELTTV","description":"Cooperativa El\u00e9ctrica de Tornquist","publisher":{"@id":"https:\/\/www.celttv.com.ar\/#organization"},"potentialAction":[{"@type":"SearchAction","target":{"@type":"EntryPoint","urlTemplate":"https:\/\/www.celttv.com.ar\/?s={search_term_string}"},"query-input":"required name=search_term_string"}],"inLanguage":"es"},{"@type":"Organization","@id":"https:\/\/www.celttv.com.ar\/#organization","name":"CELTTV","url":"https:\/\/www.celttv.com.ar\/","sameAs":["https:\/\/www.youtube.com\/channel\/UCz_oIt8Hig64Ub-EmcNPIhg","https:\/\/www.facebook.com\/celtTV\/"],"logo":{"@type":"ImageObject","inLanguage":"es","@id":"https:\/\/www.celttv.com.ar\/#\/schema\/logo\/image\/","url":"http:\/\/www.celttv.com.ar\/wp-content\/uploads\/2022\/08\/logo-1.png","contentUrl":"http:\/\/www.celttv.com.ar\/wp-content\/uploads\/2022\/08\/logo-1.png","width":461,"height":159,"caption":"CELTTV"},"image":{"@id":"https:\/\/www.celttv.com.ar\/#\/schema\/logo\/image\/"}},{"@type":"Person","@id":"https:\/\/www.celttv.com.ar\/#\/schema\/person\/6d99c072dba59953809c81446e9d0ace","name":"ulises","image":{"@type":"ImageObject","inLanguage":"es","@id":"https:\/\/www.celttv.com.ar\/#\/schema\/person\/image\/","url":"https:\/\/secure.gravatar.com\/avatar\/7f2c48bdc33b30088f941fb6082e555f2874c98e20cb159d7b92b50eadfce793?s=96&d=mm&r=g","contentUrl":"https:\/\/secure.gravatar.com\/avatar\/7f2c48bdc33b30088f941fb6082e555f2874c98e20cb159d7b92b50eadfce793?s=96&d=mm&r=g","caption":"ulises"},"sameAs":["http:\/\/www.celttv.com.ar"]}]}},"_links":{"self":[{"href":"https:\/\/www.celttv.com.ar\/index.php\/wp-json\/wp\/v2\/posts\/8001","targetHints":{"allow":["GET"]}}],"collection":[{"href":"https:\/\/www.celttv.com.ar\/index.php\/wp-json\/wp\/v2\/posts"}],"about":[{"href":"https:\/\/www.celttv.com.ar\/index.php\/wp-json\/wp\/v2\/types\/post"}],"author":[{"embeddable":true,"href":"https:\/\/www.celttv.com.ar\/index.php\/wp-json\/wp\/v2\/users\/1"}],"replies":[{"embeddable":true,"href":"https:\/\/www.celttv.com.ar\/index.php\/wp-json\/wp\/v2\/comments?post=8001"}],"version-history":[{"count":0,"href":"https:\/\/www.celttv.com.ar\/index.php\/wp-json\/wp\/v2\/posts\/8001\/revisions"}],"wp:attachment":[{"href":"https:\/\/www.celttv.com.ar\/index.php\/wp-json\/wp\/v2\/media?parent=8001"}],"wp:term":[{"taxonomy":"category","embeddable":true,"href":"https:\/\/www.celttv.com.ar\/index.php\/wp-json\/wp\/v2\/categories?post=8001"},{"taxonomy":"post_tag","embeddable":true,"href":"https:\/\/www.celttv.com.ar\/index.php\/wp-json\/wp\/v2\/tags?post=8001"}],"curies":[{"name":"wp","href":"https:\/\/api.w.org\/{rel}","templated":true}]}}