{"id":80048,"date":"2023-10-31T19:49:00","date_gmt":"2023-10-31T22:49:00","guid":{"rendered":"https:\/\/www.celttv.com.ar\/?p=80048"},"modified":"2023-10-31T19:49:00","modified_gmt":"2023-10-31T22:49:00","slug":"recuerdo-y-homenaje-del-radicalismo-local-a-la-figura-del-dr-raul-alfonsin-videos","status":"publish","type":"post","link":"https:\/\/www.celttv.com.ar\/index.php\/2023\/10\/31\/recuerdo-y-homenaje-del-radicalismo-local-a-la-figura-del-dr-raul-alfonsin-videos\/","title":{"rendered":"Recuerdo y homenaje del radicalismo local a la figura del Dr. Ra\u00fal Alfons\u00edn (Videos)"},"content":{"rendered":"<p>Con las alocuciones de Manuel Castro, presidente del Comit\u00e9 de la UCR; Susana Marcolini, concejal electa en las elecciones del 22 de Octubre, y Federico Labarthe, se le realiz\u00f3 un homenaje al doctor Ra\u00fal Alfons\u00edn, al cumplirse 40 a\u00f1os de su victoria en las elecciones de 1983.<\/p>\n<p>Un nutrido grupo de vecinos se nucle\u00f3 en el comit\u00e9 local para evocar el momento en que se le abr\u00eda la puerta a la democracia a nuestro pa\u00eds.<\/p>\n<p><iframe loading=\"lazy\" title=\"2023 10 31 ACTO UCR 1 MANUEL CASTRO\" width=\"500\" height=\"281\" src=\"https:\/\/www.youtube.com\/embed\/ntzaYo-KImc?feature=oembed\" frameborder=\"0\" allow=\"accelerometer; autoplay; clipboard-write; encrypted-media; gyroscope; picture-in-picture; web-share\" referrerpolicy=\"strict-origin-when-cross-origin\" allowfullscreen><\/iframe><\/p>\n<p><iframe loading=\"lazy\" title=\"2023 10 31 ACTO UCR 2 SUSANA MARCOLINI\" width=\"500\" height=\"281\" src=\"https:\/\/www.youtube.com\/embed\/sfH2QZjS5Hk?feature=oembed\" frameborder=\"0\" allow=\"accelerometer; autoplay; clipboard-write; encrypted-media; gyroscope; picture-in-picture; web-share\" referrerpolicy=\"strict-origin-when-cross-origin\" allowfullscreen><\/iframe><\/p>\n<p><iframe loading=\"lazy\" title=\"2023 10 31 ACTO UCR 3 FEDERICO LABARTHE\" width=\"500\" height=\"281\" src=\"https:\/\/www.youtube.com\/embed\/6_j2hdfzzsk?feature=oembed\" frameborder=\"0\" allow=\"accelerometer; autoplay; clipboard-write; encrypted-media; gyroscope; picture-in-picture; web-share\" referrerpolicy=\"strict-origin-when-cross-origin\" allowfullscreen><\/iframe><\/p>\n","protected":false},"excerpt":{"rendered":"<p>Con las alocuciones de Manuel Castro, presidente del Comit\u00e9 de la UCR; Susana Marcolini, concejal electa en las elecciones del 22 de Octubre, y Federico Labarthe, se le realiz\u00f3 un homenaje al doctor Ra\u00fal Alfons\u00edn, al cumplirse 40 a\u00f1os de su victoria en las elecciones de 1983. Un nutrido grupo de vecinos se nucle\u00f3 en [&hellip;]<\/p>\n","protected":false},"author":3,"featured_media":80050,"comment_status":"closed","ping_status":"closed","sticky":false,"template":"","format":"standard","meta":{"footnotes":""},"categories":[53],"tags":[],"class_list":["post-80048","post","type-post","status-publish","format-standard","has-post-thumbnail","hentry","category-politica"],"yoast_head":"<!-- This site is optimized with the Yoast SEO plugin v19.7.1 - https:\/\/yoast.com\/wordpress\/plugins\/seo\/ -->\n<title>Recuerdo y homenaje del radicalismo local a la figura del Dr. Ra\u00fal Alfons\u00edn (Videos) - CELTTV<\/title>\n<meta name=\"description\" content=\"Sitio web de noticias de la localidad de Tornquist, provincia de Buenos Aires, Rep\u00fablica Argentina. Contenido propio originado por periodistas de CELTTV, el canal de TV local de la Cooperativa El\u00e9ctrica de Tornquist. Turismo, Pol\u00edtica, Sociedad, Deporte, Cultura y todo el contenido de inter\u00e9s general que la gente del pueblo y la regi\u00f3n debe conocer.\" \/>\n<meta name=\"robots\" content=\"index, follow, max-snippet:-1, max-image-preview:large, max-video-preview:-1\" \/>\n<link rel=\"canonical\" href=\"https:\/\/www.celttv.com.ar\/index.php\/2023\/10\/31\/recuerdo-y-homenaje-del-radicalismo-local-a-la-figura-del-dr-raul-alfonsin-videos\/\" \/>\n<meta property=\"og:locale\" content=\"es_ES\" \/>\n<meta property=\"og:type\" content=\"article\" \/>\n<meta property=\"og:title\" content=\"Recuerdo y homenaje del radicalismo local a la figura del Dr. Ra\u00fal Alfons\u00edn (Videos) - CELTTV\" \/>\n<meta property=\"og:description\" content=\"Sitio web de noticias de la localidad de Tornquist, provincia de Buenos Aires, Rep\u00fablica Argentina. Contenido propio originado por periodistas de CELTTV, el canal de TV local de la Cooperativa El\u00e9ctrica de Tornquist. Turismo, Pol\u00edtica, Sociedad, Deporte, Cultura y todo el contenido de inter\u00e9s general que la gente del pueblo y la regi\u00f3n debe conocer.\" \/>\n<meta property=\"og:url\" content=\"https:\/\/www.celttv.com.ar\/index.php\/2023\/10\/31\/recuerdo-y-homenaje-del-radicalismo-local-a-la-figura-del-dr-raul-alfonsin-videos\/\" \/>\n<meta property=\"og:site_name\" content=\"CELTTV\" \/>\n<meta property=\"article:publisher\" content=\"https:\/\/www.facebook.com\/celtTV\/\" \/>\n<meta property=\"article:published_time\" content=\"2023-10-31T22:49:00+00:00\" \/>\n<meta property=\"og:image\" content=\"https:\/\/www.celttv.com.ar\/wp-content\/uploads\/2023\/10\/UCR_SUSANA_MANUEL_FEDE.png\" \/>\n\t<meta property=\"og:image:width\" content=\"800\" \/>\n\t<meta property=\"og:image:height\" content=\"497\" \/>\n\t<meta property=\"og:image:type\" content=\"image\/png\" \/>\n<meta name=\"author\" content=\"Rodrigo Sgammini\" \/>\n<meta name=\"twitter:card\" content=\"summary_large_image\" \/>\n<meta name=\"twitter:label1\" content=\"Escrito por\" \/>\n\t<meta name=\"twitter:data1\" content=\"Rodrigo Sgammini\" \/>\n\t<meta name=\"twitter:label2\" content=\"Tiempo de lectura\" \/>\n\t<meta name=\"twitter:data2\" content=\"1 minuto\" \/>\n<script type=\"application\/ld+json\" class=\"yoast-schema-graph\">{\"@context\":\"https:\/\/schema.org\",\"@graph\":[{\"@type\":\"NewsArticle\",\"@id\":\"https:\/\/www.celttv.com.ar\/index.php\/2023\/10\/31\/recuerdo-y-homenaje-del-radicalismo-local-a-la-figura-del-dr-raul-alfonsin-videos\/#article\",\"isPartOf\":{\"@id\":\"https:\/\/www.celttv.com.ar\/index.php\/2023\/10\/31\/recuerdo-y-homenaje-del-radicalismo-local-a-la-figura-del-dr-raul-alfonsin-videos\/\"},\"author\":{\"name\":\"Rodrigo Sgammini\",\"@id\":\"https:\/\/www.celttv.com.ar\/#\/schema\/person\/495be51d064edd971d8457f8f64eb172\"},\"headline\":\"Recuerdo y homenaje del radicalismo local a la figura del Dr. Ra\u00fal Alfons\u00edn (Videos)\",\"datePublished\":\"2023-10-31T22:49:00+00:00\",\"dateModified\":\"2023-10-31T22:49:00+00:00\",\"mainEntityOfPage\":{\"@id\":\"https:\/\/www.celttv.com.ar\/index.php\/2023\/10\/31\/recuerdo-y-homenaje-del-radicalismo-local-a-la-figura-del-dr-raul-alfonsin-videos\/\"},\"wordCount\":120,\"publisher\":{\"@id\":\"https:\/\/www.celttv.com.ar\/#organization\"},\"articleSection\":[\"Pol\u00edtica\"],\"inLanguage\":\"es\"},{\"@type\":\"WebPage\",\"@id\":\"https:\/\/www.celttv.com.ar\/index.php\/2023\/10\/31\/recuerdo-y-homenaje-del-radicalismo-local-a-la-figura-del-dr-raul-alfonsin-videos\/\",\"url\":\"https:\/\/www.celttv.com.ar\/index.php\/2023\/10\/31\/recuerdo-y-homenaje-del-radicalismo-local-a-la-figura-del-dr-raul-alfonsin-videos\/\",\"name\":\"Recuerdo y homenaje del radicalismo local a la figura del Dr. Ra\u00fal Alfons\u00edn (Videos) - CELTTV\",\"isPartOf\":{\"@id\":\"https:\/\/www.celttv.com.ar\/#website\"},\"datePublished\":\"2023-10-31T22:49:00+00:00\",\"dateModified\":\"2023-10-31T22:49:00+00:00\",\"description\":\"Sitio web de noticias de la localidad de Tornquist, provincia de Buenos Aires, Rep\u00fablica Argentina. Contenido propio originado por periodistas de CELTTV, el canal de TV local de la Cooperativa El\u00e9ctrica de Tornquist. Turismo, Pol\u00edtica, Sociedad, Deporte, Cultura y todo el contenido de inter\u00e9s general que la gente del pueblo y la regi\u00f3n debe conocer.\",\"breadcrumb\":{\"@id\":\"https:\/\/www.celttv.com.ar\/index.php\/2023\/10\/31\/recuerdo-y-homenaje-del-radicalismo-local-a-la-figura-del-dr-raul-alfonsin-videos\/#breadcrumb\"},\"inLanguage\":\"es\",\"potentialAction\":[{\"@type\":\"ReadAction\",\"target\":[\"https:\/\/www.celttv.com.ar\/index.php\/2023\/10\/31\/recuerdo-y-homenaje-del-radicalismo-local-a-la-figura-del-dr-raul-alfonsin-videos\/\"]}]},{\"@type\":\"BreadcrumbList\",\"@id\":\"https:\/\/www.celttv.com.ar\/index.php\/2023\/10\/31\/recuerdo-y-homenaje-del-radicalismo-local-a-la-figura-del-dr-raul-alfonsin-videos\/#breadcrumb\",\"itemListElement\":[{\"@type\":\"ListItem\",\"position\":1,\"name\":\"Inicio\",\"item\":\"https:\/\/www.celttv.com.ar\/\"},{\"@type\":\"ListItem\",\"position\":2,\"name\":\"Recuerdo y homenaje del radicalismo local a la figura del Dr. Ra\u00fal Alfons\u00edn (Videos)\"}]},{\"@type\":\"WebSite\",\"@id\":\"https:\/\/www.celttv.com.ar\/#website\",\"url\":\"https:\/\/www.celttv.com.ar\/\",\"name\":\"CELTTV\",\"description\":\"Cooperativa El\u00e9ctrica de Tornquist\",\"publisher\":{\"@id\":\"https:\/\/www.celttv.com.ar\/#organization\"},\"potentialAction\":[{\"@type\":\"SearchAction\",\"target\":{\"@type\":\"EntryPoint\",\"urlTemplate\":\"https:\/\/www.celttv.com.ar\/?s={search_term_string}\"},\"query-input\":\"required name=search_term_string\"}],\"inLanguage\":\"es\"},{\"@type\":\"Organization\",\"@id\":\"https:\/\/www.celttv.com.ar\/#organization\",\"name\":\"CELTTV\",\"url\":\"https:\/\/www.celttv.com.ar\/\",\"sameAs\":[\"https:\/\/www.youtube.com\/channel\/UCz_oIt8Hig64Ub-EmcNPIhg\",\"https:\/\/www.facebook.com\/celtTV\/\"],\"logo\":{\"@type\":\"ImageObject\",\"inLanguage\":\"es\",\"@id\":\"https:\/\/www.celttv.com.ar\/#\/schema\/logo\/image\/\",\"url\":\"http:\/\/www.celttv.com.ar\/wp-content\/uploads\/2022\/08\/logo-1.png\",\"contentUrl\":\"http:\/\/www.celttv.com.ar\/wp-content\/uploads\/2022\/08\/logo-1.png\",\"width\":461,\"height\":159,\"caption\":\"CELTTV\"},\"image\":{\"@id\":\"https:\/\/www.celttv.com.ar\/#\/schema\/logo\/image\/\"}},{\"@type\":\"Person\",\"@id\":\"https:\/\/www.celttv.com.ar\/#\/schema\/person\/495be51d064edd971d8457f8f64eb172\",\"name\":\"Rodrigo Sgammini\",\"image\":{\"@type\":\"ImageObject\",\"inLanguage\":\"es\",\"@id\":\"https:\/\/www.celttv.com.ar\/#\/schema\/person\/image\/\",\"url\":\"https:\/\/secure.gravatar.com\/avatar\/68f7848d42735e7a9276b47cd6e606327d88f521c51ae39d88888b76902e2987?s=96&d=mm&r=g\",\"contentUrl\":\"https:\/\/secure.gravatar.com\/avatar\/68f7848d42735e7a9276b47cd6e606327d88f521c51ae39d88888b76902e2987?s=96&d=mm&r=g\",\"caption\":\"Rodrigo Sgammini\"}}]}<\/script>\n<!-- \/ Yoast SEO plugin. -->","yoast_head_json":{"title":"Recuerdo y homenaje del radicalismo local a la figura del Dr. Ra\u00fal Alfons\u00edn (Videos) - CELTTV","description":"Sitio web de noticias de la localidad de Tornquist, provincia de Buenos Aires, Rep\u00fablica Argentina. Contenido propio originado por periodistas de CELTTV, el canal de TV local de la Cooperativa El\u00e9ctrica de Tornquist. Turismo, Pol\u00edtica, Sociedad, Deporte, Cultura y todo el contenido de inter\u00e9s general que la gente del pueblo y la regi\u00f3n debe conocer.","robots":{"index":"index","follow":"follow","max-snippet":"max-snippet:-1","max-image-preview":"max-image-preview:large","max-video-preview":"max-video-preview:-1"},"canonical":"https:\/\/www.celttv.com.ar\/index.php\/2023\/10\/31\/recuerdo-y-homenaje-del-radicalismo-local-a-la-figura-del-dr-raul-alfonsin-videos\/","og_locale":"es_ES","og_type":"article","og_title":"Recuerdo y homenaje del radicalismo local a la figura del Dr. Ra\u00fal Alfons\u00edn (Videos) - CELTTV","og_description":"Sitio web de noticias de la localidad de Tornquist, provincia de Buenos Aires, Rep\u00fablica Argentina. Contenido propio originado por periodistas de CELTTV, el canal de TV local de la Cooperativa El\u00e9ctrica de Tornquist. Turismo, Pol\u00edtica, Sociedad, Deporte, Cultura y todo el contenido de inter\u00e9s general que la gente del pueblo y la regi\u00f3n debe conocer.","og_url":"https:\/\/www.celttv.com.ar\/index.php\/2023\/10\/31\/recuerdo-y-homenaje-del-radicalismo-local-a-la-figura-del-dr-raul-alfonsin-videos\/","og_site_name":"CELTTV","article_publisher":"https:\/\/www.facebook.com\/celtTV\/","article_published_time":"2023-10-31T22:49:00+00:00","og_image":[{"width":800,"height":497,"url":"https:\/\/www.celttv.com.ar\/wp-content\/uploads\/2023\/10\/UCR_SUSANA_MANUEL_FEDE.png","type":"image\/png"}],"author":"Rodrigo Sgammini","twitter_card":"summary_large_image","twitter_misc":{"Escrito por":"Rodrigo Sgammini","Tiempo de lectura":"1 minuto"},"schema":{"@context":"https:\/\/schema.org","@graph":[{"@type":"NewsArticle","@id":"https:\/\/www.celttv.com.ar\/index.php\/2023\/10\/31\/recuerdo-y-homenaje-del-radicalismo-local-a-la-figura-del-dr-raul-alfonsin-videos\/#article","isPartOf":{"@id":"https:\/\/www.celttv.com.ar\/index.php\/2023\/10\/31\/recuerdo-y-homenaje-del-radicalismo-local-a-la-figura-del-dr-raul-alfonsin-videos\/"},"author":{"name":"Rodrigo Sgammini","@id":"https:\/\/www.celttv.com.ar\/#\/schema\/person\/495be51d064edd971d8457f8f64eb172"},"headline":"Recuerdo y homenaje del radicalismo local a la figura del Dr. Ra\u00fal Alfons\u00edn (Videos)","datePublished":"2023-10-31T22:49:00+00:00","dateModified":"2023-10-31T22:49:00+00:00","mainEntityOfPage":{"@id":"https:\/\/www.celttv.com.ar\/index.php\/2023\/10\/31\/recuerdo-y-homenaje-del-radicalismo-local-a-la-figura-del-dr-raul-alfonsin-videos\/"},"wordCount":120,"publisher":{"@id":"https:\/\/www.celttv.com.ar\/#organization"},"articleSection":["Pol\u00edtica"],"inLanguage":"es"},{"@type":"WebPage","@id":"https:\/\/www.celttv.com.ar\/index.php\/2023\/10\/31\/recuerdo-y-homenaje-del-radicalismo-local-a-la-figura-del-dr-raul-alfonsin-videos\/","url":"https:\/\/www.celttv.com.ar\/index.php\/2023\/10\/31\/recuerdo-y-homenaje-del-radicalismo-local-a-la-figura-del-dr-raul-alfonsin-videos\/","name":"Recuerdo y homenaje del radicalismo local a la figura del Dr. Ra\u00fal Alfons\u00edn (Videos) - CELTTV","isPartOf":{"@id":"https:\/\/www.celttv.com.ar\/#website"},"datePublished":"2023-10-31T22:49:00+00:00","dateModified":"2023-10-31T22:49:00+00:00","description":"Sitio web de noticias de la localidad de Tornquist, provincia de Buenos Aires, Rep\u00fablica Argentina. Contenido propio originado por periodistas de CELTTV, el canal de TV local de la Cooperativa El\u00e9ctrica de Tornquist. Turismo, Pol\u00edtica, Sociedad, Deporte, Cultura y todo el contenido de inter\u00e9s general que la gente del pueblo y la regi\u00f3n debe conocer.","breadcrumb":{"@id":"https:\/\/www.celttv.com.ar\/index.php\/2023\/10\/31\/recuerdo-y-homenaje-del-radicalismo-local-a-la-figura-del-dr-raul-alfonsin-videos\/#breadcrumb"},"inLanguage":"es","potentialAction":[{"@type":"ReadAction","target":["https:\/\/www.celttv.com.ar\/index.php\/2023\/10\/31\/recuerdo-y-homenaje-del-radicalismo-local-a-la-figura-del-dr-raul-alfonsin-videos\/"]}]},{"@type":"BreadcrumbList","@id":"https:\/\/www.celttv.com.ar\/index.php\/2023\/10\/31\/recuerdo-y-homenaje-del-radicalismo-local-a-la-figura-del-dr-raul-alfonsin-videos\/#breadcrumb","itemListElement":[{"@type":"ListItem","position":1,"name":"Inicio","item":"https:\/\/www.celttv.com.ar\/"},{"@type":"ListItem","position":2,"name":"Recuerdo y homenaje del radicalismo local a la figura del Dr. Ra\u00fal Alfons\u00edn (Videos)"}]},{"@type":"WebSite","@id":"https:\/\/www.celttv.com.ar\/#website","url":"https:\/\/www.celttv.com.ar\/","name":"CELTTV","description":"Cooperativa El\u00e9ctrica de Tornquist","publisher":{"@id":"https:\/\/www.celttv.com.ar\/#organization"},"potentialAction":[{"@type":"SearchAction","target":{"@type":"EntryPoint","urlTemplate":"https:\/\/www.celttv.com.ar\/?s={search_term_string}"},"query-input":"required name=search_term_string"}],"inLanguage":"es"},{"@type":"Organization","@id":"https:\/\/www.celttv.com.ar\/#organization","name":"CELTTV","url":"https:\/\/www.celttv.com.ar\/","sameAs":["https:\/\/www.youtube.com\/channel\/UCz_oIt8Hig64Ub-EmcNPIhg","https:\/\/www.facebook.com\/celtTV\/"],"logo":{"@type":"ImageObject","inLanguage":"es","@id":"https:\/\/www.celttv.com.ar\/#\/schema\/logo\/image\/","url":"http:\/\/www.celttv.com.ar\/wp-content\/uploads\/2022\/08\/logo-1.png","contentUrl":"http:\/\/www.celttv.com.ar\/wp-content\/uploads\/2022\/08\/logo-1.png","width":461,"height":159,"caption":"CELTTV"},"image":{"@id":"https:\/\/www.celttv.com.ar\/#\/schema\/logo\/image\/"}},{"@type":"Person","@id":"https:\/\/www.celttv.com.ar\/#\/schema\/person\/495be51d064edd971d8457f8f64eb172","name":"Rodrigo Sgammini","image":{"@type":"ImageObject","inLanguage":"es","@id":"https:\/\/www.celttv.com.ar\/#\/schema\/person\/image\/","url":"https:\/\/secure.gravatar.com\/avatar\/68f7848d42735e7a9276b47cd6e606327d88f521c51ae39d88888b76902e2987?s=96&d=mm&r=g","contentUrl":"https:\/\/secure.gravatar.com\/avatar\/68f7848d42735e7a9276b47cd6e606327d88f521c51ae39d88888b76902e2987?s=96&d=mm&r=g","caption":"Rodrigo Sgammini"}}]}},"_links":{"self":[{"href":"https:\/\/www.celttv.com.ar\/index.php\/wp-json\/wp\/v2\/posts\/80048","targetHints":{"allow":["GET"]}}],"collection":[{"href":"https:\/\/www.celttv.com.ar\/index.php\/wp-json\/wp\/v2\/posts"}],"about":[{"href":"https:\/\/www.celttv.com.ar\/index.php\/wp-json\/wp\/v2\/types\/post"}],"author":[{"embeddable":true,"href":"https:\/\/www.celttv.com.ar\/index.php\/wp-json\/wp\/v2\/users\/3"}],"replies":[{"embeddable":true,"href":"https:\/\/www.celttv.com.ar\/index.php\/wp-json\/wp\/v2\/comments?post=80048"}],"version-history":[{"count":1,"href":"https:\/\/www.celttv.com.ar\/index.php\/wp-json\/wp\/v2\/posts\/80048\/revisions"}],"predecessor-version":[{"id":80049,"href":"https:\/\/www.celttv.com.ar\/index.php\/wp-json\/wp\/v2\/posts\/80048\/revisions\/80049"}],"wp:featuredmedia":[{"embeddable":true,"href":"https:\/\/www.celttv.com.ar\/index.php\/wp-json\/wp\/v2\/media\/80050"}],"wp:attachment":[{"href":"https:\/\/www.celttv.com.ar\/index.php\/wp-json\/wp\/v2\/media?parent=80048"}],"wp:term":[{"taxonomy":"category","embeddable":true,"href":"https:\/\/www.celttv.com.ar\/index.php\/wp-json\/wp\/v2\/categories?post=80048"},{"taxonomy":"post_tag","embeddable":true,"href":"https:\/\/www.celttv.com.ar\/index.php\/wp-json\/wp\/v2\/tags?post=80048"}],"curies":[{"name":"wp","href":"https:\/\/api.w.org\/{rel}","templated":true}]}}