{"id":8012,"date":"2012-09-07T15:27:07","date_gmt":"2012-09-07T15:27:07","guid":{"rendered":"http:\/\/www.tvcnoticias.com.ar\/?p=8012"},"modified":"2012-09-07T15:27:07","modified_gmt":"2012-09-07T15:27:07","slug":"futbol-el-empate-no-le-alcanzo-al-azulgrana-compacto-y-nota-al-dt-de-automoto","status":"publish","type":"post","link":"https:\/\/www.celttv.com.ar\/index.php\/2012\/09\/07\/futbol-el-empate-no-le-alcanzo-al-azulgrana-compacto-y-nota-al-dt-de-automoto\/","title":{"rendered":"FUTBOL: EL EMPATE NO LE ALCANZO AL AZULGRANA (compacto y nota al DT. de Automoto)"},"content":{"rendered":"<p><a href=\"http:\/\/www.youtube.com\/watch?v=-9OEwoCNsww\">httpv:\/\/www.youtube.com\/watch?v=-9OEwoCNsww<\/a><br \/>\n<a>httpv:\/\/www.youtube.com\/watch?v=ZC5D5hgXcOc<\/a><br \/>\n<span style=\"font-size: xx-small;\">Pe\u00f1arol empat\u00f3 con Automoto en 2 tantos por bando y dej\u00f3 al equipo de Tornquist afuera de la competencia, es que los dirigidos por el menor de los Salvi necesitaban ganar para acceder a los cruces, y es por eso que desde el primer minuto fueron a buscar el partido.<br \/>\nPrimero hay un claro penal de un defensor visitante que le saca la pelota con la mano de la cabeza a Fuhr cuando este se dispon\u00eda a marcar y enseguida maniobra Cavallier dentro del \u00e1rea, se cae y el arbitro sanciona la pena m\u00e1xima, esta no la vimos, para nosotros intent\u00f3 pasar por entremedio de Bilbao y Sonzini y se cayo pero los jugadores visitantes no lo tocaron, Cejas entendi\u00f3 que si y pit\u00f3 la pena m\u00e1xima tal vez para remediar la jugada anterior donde si era penal y no lo cobro.<br \/>\nPoco le import\u00f3 a Juan Manuel Dietrich este detalle, ubic\u00f3 la pelota contra el palo izquierdo del arquero y a solo 10m de comenzado el partido puso en ventaja a Pe\u00f1arol por 1 a 0.<br \/>\nPero bast\u00f3 que los que generan el f\u00fatbol del azulgrana de Tornquist se juntaran para que llegara el empate, la jugada la inici\u00f3 Bilbao quien toc\u00f3 para Avila y este habilit\u00f3 a Luciano Garc\u00eda, el delantero la toc\u00f3 por debajo de la infructuosa salida de Herrero y puso el 1 a 1 en el minuto 25.<br \/>\nLa segunda mitad fue toda de Automoto, Bilbao acrecent\u00f3 su figura en el medio de la cancha, Avila colabor\u00f3 en el armado de las jugadas ofensivas y Garc\u00eda sum\u00f3 su presencia dentro del \u00e1rea rival, pero a ellos se sumaron Sonzini y Alanis, subiendo con mucho criterio y desestabilizando al fondo local.<br \/>\nA los 10 minutos, la jugada la inicia Alanis por la izquierda, toca para Alexis Avila quien de media vuelta vence la resistencia del arquero y pone a Automoto en ventaja por 2 a 1 y con un pie en la siguiente instancia.<br \/>\nPero la algarab\u00eda visitante iba a durar solo 4 minutos porque en el minuto 14 Moreira ejecut\u00f3 un centro preciso para la entrada por el segundo palo de Maximiliano Br\u00fa quien de cabeza super\u00f3 a Gatti, volviendo a establecer la paridad en el marcador.<br \/>\nOtra vez como al principio, otra vez el visitante quedando afuera de los cruces a\u00fan sin merecerlo. Y entonces Automoto echa el resto, va, empuja, lo encierra a Pe\u00f1arol adentro de su propia \u00e1rea, con el f\u00fatbol que generan Bilbao y Avila, con las ganas que meten todos, as\u00ed Automoto va a jugarse su propio destino.<br \/>\nY el tiempo se consumi\u00f3 junto con las esperanzas de Automoto, el azulgrana de Pigue espera por los cruces, el azulgrana de Tornquist se fue con el sabor amargo de saber que fue superior en los 90 minutos pero no lo pudo cristalizar en el marcador.<br \/>\nPE\u00d1AROL 2<br \/>\nMaximiliano Herrero, Ramiro Rojas, Maximiliano Br\u00fa, Luciano Camacho y Franco Saur; Luis Moreira, Santiago Rojas, Juan Manuel Dietrich y Franco Cavallier: Sim\u00f3n Salvi y Lautaro Fuhr<br \/>\nCambios: 50m (13) Cristian Weisbeck x Salvi, 59m (15) Javier Montenegro x Fuhr y 64m (14) Santiago Trujillo x Moreira.<br \/>\nSupl: (12) Hern\u00e1n Stork y (16) David Ag\u00fcero. DT: Eduardo Salvi.<br \/>\nAUTOMOTO 2<br \/>\nGuillermo Gatti, Emiliano Sandoval, Sebasti\u00e1n Sonzini, Mariano Alanis Y Sebastian Gigliotti, Marcelo Bruzzone Maccari, Kevin Villalba, Hern\u00e1n Bilbao y Alexis Avila; Carlos Fr\u00edas y Luciano Garc\u00eda<br \/>\nCambios: 37m (15) Nicol\u00e1s Sepulveda x Fr\u00edas y 78m (14) Facundo Villar x Garc\u00eda.<br \/>\nSupl.: (12) H\u00e9ctor Villar, (13) Emmanuel Montero y (16) F\u00e9lix C\u00f3ceres. DT: Carlos Salvi<br \/>\nGoles: 10m Juan Manuel Dietrich (AP) de penal, 25m Luciano Garc\u00eda (A), 55m Alexis Avila (A) y 59m Maximiliano Br\u00fa (AP).<br \/>\nIncidencias: 46m Expulsado Franco Saur (AP).<br \/>\nArbitro: Claudio Cejas (5).<br \/>\nReserva: Atl. Pe\u00f1arol 2 (Nicol\u00e1s Barragan-2-) Automoto 1 (Franco Lascalea).<br \/>\nCancha: Estadio \u00ab19 de Marzo\u00bb del Club Pe\u00f1arol (muy buena).<br \/>\nInforme y foto gentileza Semanario Reflejos<br \/>\n<\/span><\/p>\n","protected":false},"excerpt":{"rendered":"<p>httpv:\/\/www.youtube.com\/watch?v=-9OEwoCNsww httpv:\/\/www.youtube.com\/watch?v=ZC5D5hgXcOc Pe\u00f1arol empat\u00f3 con Automoto en 2 tantos por bando y dej\u00f3 al equipo de Tornquist afuera de la competencia, es que los dirigidos por el menor de los Salvi necesitaban ganar para acceder a los cruces, y es por eso que desde el primer minuto fueron a buscar el partido. Primero hay un [&hellip;]<\/p>\n","protected":false},"author":1,"featured_media":0,"comment_status":"closed","ping_status":"open","sticky":false,"template":"","format":"standard","meta":{"footnotes":""},"categories":[60,52,64],"tags":[],"class_list":["post-8012","post","type-post","status-publish","format-standard","hentry","category-deporte","category-destacadas","category-videos-destacados"],"yoast_head":"<!-- This site is optimized with the Yoast SEO plugin v19.7.1 - https:\/\/yoast.com\/wordpress\/plugins\/seo\/ -->\n<title>FUTBOL: EL EMPATE NO LE ALCANZO AL AZULGRANA (compacto y nota al DT. de Automoto) - CELTTV<\/title>\n<meta name=\"description\" content=\"Sitio web de noticias de la localidad de Tornquist, provincia de Buenos Aires, Rep\u00fablica Argentina. Contenido propio originado por periodistas de CELTTV, el canal de TV local de la Cooperativa El\u00e9ctrica de Tornquist. Turismo, Pol\u00edtica, Sociedad, Deporte, Cultura y todo el contenido de inter\u00e9s general que la gente del pueblo y la regi\u00f3n debe conocer.\" \/>\n<meta name=\"robots\" content=\"index, follow, max-snippet:-1, max-image-preview:large, max-video-preview:-1\" \/>\n<link rel=\"canonical\" href=\"https:\/\/www.celttv.com.ar\/index.php\/2012\/09\/07\/futbol-el-empate-no-le-alcanzo-al-azulgrana-compacto-y-nota-al-dt-de-automoto\/\" \/>\n<meta property=\"og:locale\" content=\"es_ES\" \/>\n<meta property=\"og:type\" content=\"article\" \/>\n<meta property=\"og:title\" content=\"FUTBOL: EL EMPATE NO LE ALCANZO AL AZULGRANA (compacto y nota al DT. de Automoto) - CELTTV\" \/>\n<meta property=\"og:description\" content=\"Sitio web de noticias de la localidad de Tornquist, provincia de Buenos Aires, Rep\u00fablica Argentina. Contenido propio originado por periodistas de CELTTV, el canal de TV local de la Cooperativa El\u00e9ctrica de Tornquist. Turismo, Pol\u00edtica, Sociedad, Deporte, Cultura y todo el contenido de inter\u00e9s general que la gente del pueblo y la regi\u00f3n debe conocer.\" \/>\n<meta property=\"og:url\" content=\"https:\/\/www.celttv.com.ar\/index.php\/2012\/09\/07\/futbol-el-empate-no-le-alcanzo-al-azulgrana-compacto-y-nota-al-dt-de-automoto\/\" \/>\n<meta property=\"og:site_name\" content=\"CELTTV\" \/>\n<meta property=\"article:publisher\" content=\"https:\/\/www.facebook.com\/celtTV\/\" \/>\n<meta property=\"article:published_time\" content=\"2012-09-07T15:27:07+00:00\" \/>\n<meta name=\"author\" content=\"ulises\" \/>\n<meta name=\"twitter:card\" content=\"summary_large_image\" \/>\n<meta name=\"twitter:label1\" content=\"Escrito por\" \/>\n\t<meta name=\"twitter:data1\" content=\"ulises\" \/>\n\t<meta name=\"twitter:label2\" content=\"Tiempo de lectura\" \/>\n\t<meta name=\"twitter:data2\" content=\"3 minutos\" \/>\n<script type=\"application\/ld+json\" class=\"yoast-schema-graph\">{\"@context\":\"https:\/\/schema.org\",\"@graph\":[{\"@type\":\"NewsArticle\",\"@id\":\"https:\/\/www.celttv.com.ar\/index.php\/2012\/09\/07\/futbol-el-empate-no-le-alcanzo-al-azulgrana-compacto-y-nota-al-dt-de-automoto\/#article\",\"isPartOf\":{\"@id\":\"https:\/\/www.celttv.com.ar\/index.php\/2012\/09\/07\/futbol-el-empate-no-le-alcanzo-al-azulgrana-compacto-y-nota-al-dt-de-automoto\/\"},\"author\":{\"name\":\"ulises\",\"@id\":\"https:\/\/www.celttv.com.ar\/#\/schema\/person\/6d99c072dba59953809c81446e9d0ace\"},\"headline\":\"FUTBOL: EL EMPATE NO LE ALCANZO AL AZULGRANA (compacto y nota al DT. de Automoto)\",\"datePublished\":\"2012-09-07T15:27:07+00:00\",\"dateModified\":\"2012-09-07T15:27:07+00:00\",\"mainEntityOfPage\":{\"@id\":\"https:\/\/www.celttv.com.ar\/index.php\/2012\/09\/07\/futbol-el-empate-no-le-alcanzo-al-azulgrana-compacto-y-nota-al-dt-de-automoto\/\"},\"wordCount\":681,\"publisher\":{\"@id\":\"https:\/\/www.celttv.com.ar\/#organization\"},\"articleSection\":[\"Deporte\",\"Destacadas\",\"Videos Destacados\"],\"inLanguage\":\"es\"},{\"@type\":\"WebPage\",\"@id\":\"https:\/\/www.celttv.com.ar\/index.php\/2012\/09\/07\/futbol-el-empate-no-le-alcanzo-al-azulgrana-compacto-y-nota-al-dt-de-automoto\/\",\"url\":\"https:\/\/www.celttv.com.ar\/index.php\/2012\/09\/07\/futbol-el-empate-no-le-alcanzo-al-azulgrana-compacto-y-nota-al-dt-de-automoto\/\",\"name\":\"FUTBOL: EL EMPATE NO LE ALCANZO AL AZULGRANA (compacto y nota al DT. de Automoto) - CELTTV\",\"isPartOf\":{\"@id\":\"https:\/\/www.celttv.com.ar\/#website\"},\"datePublished\":\"2012-09-07T15:27:07+00:00\",\"dateModified\":\"2012-09-07T15:27:07+00:00\",\"description\":\"Sitio web de noticias de la localidad de Tornquist, provincia de Buenos Aires, Rep\u00fablica Argentina. Contenido propio originado por periodistas de CELTTV, el canal de TV local de la Cooperativa El\u00e9ctrica de Tornquist. Turismo, Pol\u00edtica, Sociedad, Deporte, Cultura y todo el contenido de inter\u00e9s general que la gente del pueblo y la regi\u00f3n debe conocer.\",\"breadcrumb\":{\"@id\":\"https:\/\/www.celttv.com.ar\/index.php\/2012\/09\/07\/futbol-el-empate-no-le-alcanzo-al-azulgrana-compacto-y-nota-al-dt-de-automoto\/#breadcrumb\"},\"inLanguage\":\"es\",\"potentialAction\":[{\"@type\":\"ReadAction\",\"target\":[\"https:\/\/www.celttv.com.ar\/index.php\/2012\/09\/07\/futbol-el-empate-no-le-alcanzo-al-azulgrana-compacto-y-nota-al-dt-de-automoto\/\"]}]},{\"@type\":\"BreadcrumbList\",\"@id\":\"https:\/\/www.celttv.com.ar\/index.php\/2012\/09\/07\/futbol-el-empate-no-le-alcanzo-al-azulgrana-compacto-y-nota-al-dt-de-automoto\/#breadcrumb\",\"itemListElement\":[{\"@type\":\"ListItem\",\"position\":1,\"name\":\"Inicio\",\"item\":\"https:\/\/www.celttv.com.ar\/\"},{\"@type\":\"ListItem\",\"position\":2,\"name\":\"FUTBOL: EL EMPATE NO LE ALCANZO AL AZULGRANA (compacto y nota al DT. de Automoto)\"}]},{\"@type\":\"WebSite\",\"@id\":\"https:\/\/www.celttv.com.ar\/#website\",\"url\":\"https:\/\/www.celttv.com.ar\/\",\"name\":\"CELTTV\",\"description\":\"Cooperativa El\u00e9ctrica de Tornquist\",\"publisher\":{\"@id\":\"https:\/\/www.celttv.com.ar\/#organization\"},\"potentialAction\":[{\"@type\":\"SearchAction\",\"target\":{\"@type\":\"EntryPoint\",\"urlTemplate\":\"https:\/\/www.celttv.com.ar\/?s={search_term_string}\"},\"query-input\":\"required name=search_term_string\"}],\"inLanguage\":\"es\"},{\"@type\":\"Organization\",\"@id\":\"https:\/\/www.celttv.com.ar\/#organization\",\"name\":\"CELTTV\",\"url\":\"https:\/\/www.celttv.com.ar\/\",\"sameAs\":[\"https:\/\/www.youtube.com\/channel\/UCz_oIt8Hig64Ub-EmcNPIhg\",\"https:\/\/www.facebook.com\/celtTV\/\"],\"logo\":{\"@type\":\"ImageObject\",\"inLanguage\":\"es\",\"@id\":\"https:\/\/www.celttv.com.ar\/#\/schema\/logo\/image\/\",\"url\":\"http:\/\/www.celttv.com.ar\/wp-content\/uploads\/2022\/08\/logo-1.png\",\"contentUrl\":\"http:\/\/www.celttv.com.ar\/wp-content\/uploads\/2022\/08\/logo-1.png\",\"width\":461,\"height\":159,\"caption\":\"CELTTV\"},\"image\":{\"@id\":\"https:\/\/www.celttv.com.ar\/#\/schema\/logo\/image\/\"}},{\"@type\":\"Person\",\"@id\":\"https:\/\/www.celttv.com.ar\/#\/schema\/person\/6d99c072dba59953809c81446e9d0ace\",\"name\":\"ulises\",\"image\":{\"@type\":\"ImageObject\",\"inLanguage\":\"es\",\"@id\":\"https:\/\/www.celttv.com.ar\/#\/schema\/person\/image\/\",\"url\":\"https:\/\/secure.gravatar.com\/avatar\/7f2c48bdc33b30088f941fb6082e555f2874c98e20cb159d7b92b50eadfce793?s=96&d=mm&r=g\",\"contentUrl\":\"https:\/\/secure.gravatar.com\/avatar\/7f2c48bdc33b30088f941fb6082e555f2874c98e20cb159d7b92b50eadfce793?s=96&d=mm&r=g\",\"caption\":\"ulises\"},\"sameAs\":[\"http:\/\/www.celttv.com.ar\"]}]}<\/script>\n<!-- \/ Yoast SEO plugin. -->","yoast_head_json":{"title":"FUTBOL: EL EMPATE NO LE ALCANZO AL AZULGRANA (compacto y nota al DT. de Automoto) - CELTTV","description":"Sitio web de noticias de la localidad de Tornquist, provincia de Buenos Aires, Rep\u00fablica Argentina. Contenido propio originado por periodistas de CELTTV, el canal de TV local de la Cooperativa El\u00e9ctrica de Tornquist. Turismo, Pol\u00edtica, Sociedad, Deporte, Cultura y todo el contenido de inter\u00e9s general que la gente del pueblo y la regi\u00f3n debe conocer.","robots":{"index":"index","follow":"follow","max-snippet":"max-snippet:-1","max-image-preview":"max-image-preview:large","max-video-preview":"max-video-preview:-1"},"canonical":"https:\/\/www.celttv.com.ar\/index.php\/2012\/09\/07\/futbol-el-empate-no-le-alcanzo-al-azulgrana-compacto-y-nota-al-dt-de-automoto\/","og_locale":"es_ES","og_type":"article","og_title":"FUTBOL: EL EMPATE NO LE ALCANZO AL AZULGRANA (compacto y nota al DT. de Automoto) - CELTTV","og_description":"Sitio web de noticias de la localidad de Tornquist, provincia de Buenos Aires, Rep\u00fablica Argentina. Contenido propio originado por periodistas de CELTTV, el canal de TV local de la Cooperativa El\u00e9ctrica de Tornquist. Turismo, Pol\u00edtica, Sociedad, Deporte, Cultura y todo el contenido de inter\u00e9s general que la gente del pueblo y la regi\u00f3n debe conocer.","og_url":"https:\/\/www.celttv.com.ar\/index.php\/2012\/09\/07\/futbol-el-empate-no-le-alcanzo-al-azulgrana-compacto-y-nota-al-dt-de-automoto\/","og_site_name":"CELTTV","article_publisher":"https:\/\/www.facebook.com\/celtTV\/","article_published_time":"2012-09-07T15:27:07+00:00","author":"ulises","twitter_card":"summary_large_image","twitter_misc":{"Escrito por":"ulises","Tiempo de lectura":"3 minutos"},"schema":{"@context":"https:\/\/schema.org","@graph":[{"@type":"NewsArticle","@id":"https:\/\/www.celttv.com.ar\/index.php\/2012\/09\/07\/futbol-el-empate-no-le-alcanzo-al-azulgrana-compacto-y-nota-al-dt-de-automoto\/#article","isPartOf":{"@id":"https:\/\/www.celttv.com.ar\/index.php\/2012\/09\/07\/futbol-el-empate-no-le-alcanzo-al-azulgrana-compacto-y-nota-al-dt-de-automoto\/"},"author":{"name":"ulises","@id":"https:\/\/www.celttv.com.ar\/#\/schema\/person\/6d99c072dba59953809c81446e9d0ace"},"headline":"FUTBOL: EL EMPATE NO LE ALCANZO AL AZULGRANA (compacto y nota al DT. de Automoto)","datePublished":"2012-09-07T15:27:07+00:00","dateModified":"2012-09-07T15:27:07+00:00","mainEntityOfPage":{"@id":"https:\/\/www.celttv.com.ar\/index.php\/2012\/09\/07\/futbol-el-empate-no-le-alcanzo-al-azulgrana-compacto-y-nota-al-dt-de-automoto\/"},"wordCount":681,"publisher":{"@id":"https:\/\/www.celttv.com.ar\/#organization"},"articleSection":["Deporte","Destacadas","Videos Destacados"],"inLanguage":"es"},{"@type":"WebPage","@id":"https:\/\/www.celttv.com.ar\/index.php\/2012\/09\/07\/futbol-el-empate-no-le-alcanzo-al-azulgrana-compacto-y-nota-al-dt-de-automoto\/","url":"https:\/\/www.celttv.com.ar\/index.php\/2012\/09\/07\/futbol-el-empate-no-le-alcanzo-al-azulgrana-compacto-y-nota-al-dt-de-automoto\/","name":"FUTBOL: EL EMPATE NO LE ALCANZO AL AZULGRANA (compacto y nota al DT. de Automoto) - CELTTV","isPartOf":{"@id":"https:\/\/www.celttv.com.ar\/#website"},"datePublished":"2012-09-07T15:27:07+00:00","dateModified":"2012-09-07T15:27:07+00:00","description":"Sitio web de noticias de la localidad de Tornquist, provincia de Buenos Aires, Rep\u00fablica Argentina. Contenido propio originado por periodistas de CELTTV, el canal de TV local de la Cooperativa El\u00e9ctrica de Tornquist. Turismo, Pol\u00edtica, Sociedad, Deporte, Cultura y todo el contenido de inter\u00e9s general que la gente del pueblo y la regi\u00f3n debe conocer.","breadcrumb":{"@id":"https:\/\/www.celttv.com.ar\/index.php\/2012\/09\/07\/futbol-el-empate-no-le-alcanzo-al-azulgrana-compacto-y-nota-al-dt-de-automoto\/#breadcrumb"},"inLanguage":"es","potentialAction":[{"@type":"ReadAction","target":["https:\/\/www.celttv.com.ar\/index.php\/2012\/09\/07\/futbol-el-empate-no-le-alcanzo-al-azulgrana-compacto-y-nota-al-dt-de-automoto\/"]}]},{"@type":"BreadcrumbList","@id":"https:\/\/www.celttv.com.ar\/index.php\/2012\/09\/07\/futbol-el-empate-no-le-alcanzo-al-azulgrana-compacto-y-nota-al-dt-de-automoto\/#breadcrumb","itemListElement":[{"@type":"ListItem","position":1,"name":"Inicio","item":"https:\/\/www.celttv.com.ar\/"},{"@type":"ListItem","position":2,"name":"FUTBOL: EL EMPATE NO LE ALCANZO AL AZULGRANA (compacto y nota al DT. de Automoto)"}]},{"@type":"WebSite","@id":"https:\/\/www.celttv.com.ar\/#website","url":"https:\/\/www.celttv.com.ar\/","name":"CELTTV","description":"Cooperativa El\u00e9ctrica de Tornquist","publisher":{"@id":"https:\/\/www.celttv.com.ar\/#organization"},"potentialAction":[{"@type":"SearchAction","target":{"@type":"EntryPoint","urlTemplate":"https:\/\/www.celttv.com.ar\/?s={search_term_string}"},"query-input":"required name=search_term_string"}],"inLanguage":"es"},{"@type":"Organization","@id":"https:\/\/www.celttv.com.ar\/#organization","name":"CELTTV","url":"https:\/\/www.celttv.com.ar\/","sameAs":["https:\/\/www.youtube.com\/channel\/UCz_oIt8Hig64Ub-EmcNPIhg","https:\/\/www.facebook.com\/celtTV\/"],"logo":{"@type":"ImageObject","inLanguage":"es","@id":"https:\/\/www.celttv.com.ar\/#\/schema\/logo\/image\/","url":"http:\/\/www.celttv.com.ar\/wp-content\/uploads\/2022\/08\/logo-1.png","contentUrl":"http:\/\/www.celttv.com.ar\/wp-content\/uploads\/2022\/08\/logo-1.png","width":461,"height":159,"caption":"CELTTV"},"image":{"@id":"https:\/\/www.celttv.com.ar\/#\/schema\/logo\/image\/"}},{"@type":"Person","@id":"https:\/\/www.celttv.com.ar\/#\/schema\/person\/6d99c072dba59953809c81446e9d0ace","name":"ulises","image":{"@type":"ImageObject","inLanguage":"es","@id":"https:\/\/www.celttv.com.ar\/#\/schema\/person\/image\/","url":"https:\/\/secure.gravatar.com\/avatar\/7f2c48bdc33b30088f941fb6082e555f2874c98e20cb159d7b92b50eadfce793?s=96&d=mm&r=g","contentUrl":"https:\/\/secure.gravatar.com\/avatar\/7f2c48bdc33b30088f941fb6082e555f2874c98e20cb159d7b92b50eadfce793?s=96&d=mm&r=g","caption":"ulises"},"sameAs":["http:\/\/www.celttv.com.ar"]}]}},"_links":{"self":[{"href":"https:\/\/www.celttv.com.ar\/index.php\/wp-json\/wp\/v2\/posts\/8012","targetHints":{"allow":["GET"]}}],"collection":[{"href":"https:\/\/www.celttv.com.ar\/index.php\/wp-json\/wp\/v2\/posts"}],"about":[{"href":"https:\/\/www.celttv.com.ar\/index.php\/wp-json\/wp\/v2\/types\/post"}],"author":[{"embeddable":true,"href":"https:\/\/www.celttv.com.ar\/index.php\/wp-json\/wp\/v2\/users\/1"}],"replies":[{"embeddable":true,"href":"https:\/\/www.celttv.com.ar\/index.php\/wp-json\/wp\/v2\/comments?post=8012"}],"version-history":[{"count":0,"href":"https:\/\/www.celttv.com.ar\/index.php\/wp-json\/wp\/v2\/posts\/8012\/revisions"}],"wp:attachment":[{"href":"https:\/\/www.celttv.com.ar\/index.php\/wp-json\/wp\/v2\/media?parent=8012"}],"wp:term":[{"taxonomy":"category","embeddable":true,"href":"https:\/\/www.celttv.com.ar\/index.php\/wp-json\/wp\/v2\/categories?post=8012"},{"taxonomy":"post_tag","embeddable":true,"href":"https:\/\/www.celttv.com.ar\/index.php\/wp-json\/wp\/v2\/tags?post=8012"}],"curies":[{"name":"wp","href":"https:\/\/api.w.org\/{rel}","templated":true}]}}