{"id":80180,"date":"2023-11-05T23:41:10","date_gmt":"2023-11-06T02:41:10","guid":{"rendered":"http:\/\/www.celttv.com.ar\/?p=80180"},"modified":"2023-11-05T23:41:10","modified_gmt":"2023-11-06T02:41:10","slug":"sergio-bordoni-luego-de-ser-reelecto-por-tercera-vez-compartio-la-mesa-de-opiniones","status":"publish","type":"post","link":"https:\/\/www.celttv.com.ar\/index.php\/2023\/11\/05\/sergio-bordoni-luego-de-ser-reelecto-por-tercera-vez-compartio-la-mesa-de-opiniones\/","title":{"rendered":"Sergio Bordoni, luego de ser reelecto por tercera vez, comparti\u00f3 la mesa de Opiniones"},"content":{"rendered":"<p>El intendente Sergio Bordoni, luego de ser reelecto por tercera vez, comparti\u00f3 la mesa de Opiniones acompa\u00f1ado de integrantes de su gabinete.<\/p>\n<p>El jefe comunal no descart\u00f3 cambios en su gabinete, alguno de los cuales podr\u00eda producirse antes del 10 de diciembre, fecha en la que asumir\u00e1 su tercer mandato consecutivo al frente del Municipio del distrito de Tornquist.<\/p>\n<p><iframe loading=\"lazy\" title=\"2023 11 02 OPINIONES 1\" width=\"500\" height=\"281\" src=\"https:\/\/www.youtube.com\/embed\/WVnlHyc4CEw?feature=oembed\" frameborder=\"0\" allow=\"accelerometer; autoplay; clipboard-write; encrypted-media; gyroscope; picture-in-picture; web-share\" referrerpolicy=\"strict-origin-when-cross-origin\" allowfullscreen><\/iframe><\/p>\n<p><img loading=\"lazy\" decoding=\"async\" class=\"alignnone wp-image-80181 size-full\" src=\"http:\/\/www.celttv.com.ar\/wp-content\/uploads\/2023\/11\/1.jpg\" alt=\"\" width=\"1326\" height=\"644\" srcset=\"https:\/\/www.celttv.com.ar\/wp-content\/uploads\/2023\/11\/1.jpg 1326w, https:\/\/www.celttv.com.ar\/wp-content\/uploads\/2023\/11\/1-300x146.jpg 300w, https:\/\/www.celttv.com.ar\/wp-content\/uploads\/2023\/11\/1-1024x497.jpg 1024w, https:\/\/www.celttv.com.ar\/wp-content\/uploads\/2023\/11\/1-768x373.jpg 768w, https:\/\/www.celttv.com.ar\/wp-content\/uploads\/2023\/11\/1-750x364.jpg 750w, https:\/\/www.celttv.com.ar\/wp-content\/uploads\/2023\/11\/1-1140x554.jpg 1140w\" sizes=\"auto, (max-width: 1326px) 100vw, 1326px\" \/> <img loading=\"lazy\" decoding=\"async\" class=\"alignnone wp-image-80182 size-large\" src=\"http:\/\/www.celttv.com.ar\/wp-content\/uploads\/2023\/11\/2-1024x579.jpg\" alt=\"\" width=\"1024\" height=\"579\" srcset=\"https:\/\/www.celttv.com.ar\/wp-content\/uploads\/2023\/11\/2-1024x579.jpg 1024w, https:\/\/www.celttv.com.ar\/wp-content\/uploads\/2023\/11\/2-300x170.jpg 300w, https:\/\/www.celttv.com.ar\/wp-content\/uploads\/2023\/11\/2-768x434.jpg 768w, https:\/\/www.celttv.com.ar\/wp-content\/uploads\/2023\/11\/2-750x424.jpg 750w, https:\/\/www.celttv.com.ar\/wp-content\/uploads\/2023\/11\/2.jpg 1028w\" sizes=\"auto, (max-width: 1024px) 100vw, 1024px\" \/><\/p>\n<p>&nbsp;<\/p>\n","protected":false},"excerpt":{"rendered":"<p>El intendente Sergio Bordoni, luego de ser reelecto por tercera vez, comparti\u00f3 la mesa de Opiniones acompa\u00f1ado de integrantes de su gabinete. El jefe comunal no descart\u00f3 cambios en su gabinete, alguno de los cuales podr\u00eda producirse antes del 10 de diciembre, fecha en la que asumir\u00e1 su tercer mandato consecutivo al frente del Municipio [&hellip;]<\/p>\n","protected":false},"author":5,"featured_media":80182,"comment_status":"closed","ping_status":"closed","sticky":false,"template":"","format":"standard","meta":{"footnotes":""},"categories":[51,52,59],"tags":[],"class_list":["post-80180","post","type-post","status-publish","format-standard","has-post-thumbnail","hentry","category-comunidad","category-destacadas","category-municipales"],"yoast_head":"<!-- This site is optimized with the Yoast SEO plugin v19.7.1 - https:\/\/yoast.com\/wordpress\/plugins\/seo\/ -->\n<title>Sergio Bordoni, luego de ser reelecto por tercera vez, comparti\u00f3 la mesa de Opiniones - CELTTV<\/title>\n<meta name=\"description\" content=\"Sitio web de noticias de la localidad de Tornquist, provincia de Buenos Aires, Rep\u00fablica Argentina. Contenido propio originado por periodistas de CELTTV, el canal de TV local de la Cooperativa El\u00e9ctrica de Tornquist. Turismo, Pol\u00edtica, Sociedad, Deporte, Cultura y todo el contenido de inter\u00e9s general que la gente del pueblo y la regi\u00f3n debe conocer.\" \/>\n<meta name=\"robots\" content=\"index, follow, max-snippet:-1, max-image-preview:large, max-video-preview:-1\" \/>\n<link rel=\"canonical\" href=\"https:\/\/www.celttv.com.ar\/index.php\/2023\/11\/05\/sergio-bordoni-luego-de-ser-reelecto-por-tercera-vez-compartio-la-mesa-de-opiniones\/\" \/>\n<meta property=\"og:locale\" content=\"es_ES\" \/>\n<meta property=\"og:type\" content=\"article\" \/>\n<meta property=\"og:title\" content=\"Sergio Bordoni, luego de ser reelecto por tercera vez, comparti\u00f3 la mesa de Opiniones - CELTTV\" \/>\n<meta property=\"og:description\" content=\"Sitio web de noticias de la localidad de Tornquist, provincia de Buenos Aires, Rep\u00fablica Argentina. Contenido propio originado por periodistas de CELTTV, el canal de TV local de la Cooperativa El\u00e9ctrica de Tornquist. Turismo, Pol\u00edtica, Sociedad, Deporte, Cultura y todo el contenido de inter\u00e9s general que la gente del pueblo y la regi\u00f3n debe conocer.\" \/>\n<meta property=\"og:url\" content=\"https:\/\/www.celttv.com.ar\/index.php\/2023\/11\/05\/sergio-bordoni-luego-de-ser-reelecto-por-tercera-vez-compartio-la-mesa-de-opiniones\/\" \/>\n<meta property=\"og:site_name\" content=\"CELTTV\" \/>\n<meta property=\"article:publisher\" content=\"https:\/\/www.facebook.com\/celtTV\/\" \/>\n<meta property=\"article:published_time\" content=\"2023-11-06T02:41:10+00:00\" \/>\n<meta property=\"og:image\" content=\"https:\/\/www.celttv.com.ar\/wp-content\/uploads\/2023\/11\/2.jpg\" \/>\n\t<meta property=\"og:image:width\" content=\"1028\" \/>\n\t<meta property=\"og:image:height\" content=\"581\" \/>\n\t<meta property=\"og:image:type\" content=\"image\/jpeg\" \/>\n<meta name=\"author\" content=\"Miguel Herrada\" \/>\n<meta name=\"twitter:card\" content=\"summary_large_image\" \/>\n<meta name=\"twitter:label1\" content=\"Escrito por\" \/>\n\t<meta name=\"twitter:data1\" content=\"Miguel Herrada\" \/>\n<script type=\"application\/ld+json\" class=\"yoast-schema-graph\">{\"@context\":\"https:\/\/schema.org\",\"@graph\":[{\"@type\":\"NewsArticle\",\"@id\":\"https:\/\/www.celttv.com.ar\/index.php\/2023\/11\/05\/sergio-bordoni-luego-de-ser-reelecto-por-tercera-vez-compartio-la-mesa-de-opiniones\/#article\",\"isPartOf\":{\"@id\":\"https:\/\/www.celttv.com.ar\/index.php\/2023\/11\/05\/sergio-bordoni-luego-de-ser-reelecto-por-tercera-vez-compartio-la-mesa-de-opiniones\/\"},\"author\":{\"name\":\"Miguel Herrada\",\"@id\":\"https:\/\/www.celttv.com.ar\/#\/schema\/person\/9059dc91dc7204ef4182cdb65225f07d\"},\"headline\":\"Sergio Bordoni, luego de ser reelecto por tercera vez, comparti\u00f3 la mesa de Opiniones\",\"datePublished\":\"2023-11-06T02:41:10+00:00\",\"dateModified\":\"2023-11-06T02:41:10+00:00\",\"mainEntityOfPage\":{\"@id\":\"https:\/\/www.celttv.com.ar\/index.php\/2023\/11\/05\/sergio-bordoni-luego-de-ser-reelecto-por-tercera-vez-compartio-la-mesa-de-opiniones\/\"},\"wordCount\":80,\"publisher\":{\"@id\":\"https:\/\/www.celttv.com.ar\/#organization\"},\"articleSection\":[\"Comunidad\",\"Destacadas\",\"Municipales\"],\"inLanguage\":\"es\"},{\"@type\":\"WebPage\",\"@id\":\"https:\/\/www.celttv.com.ar\/index.php\/2023\/11\/05\/sergio-bordoni-luego-de-ser-reelecto-por-tercera-vez-compartio-la-mesa-de-opiniones\/\",\"url\":\"https:\/\/www.celttv.com.ar\/index.php\/2023\/11\/05\/sergio-bordoni-luego-de-ser-reelecto-por-tercera-vez-compartio-la-mesa-de-opiniones\/\",\"name\":\"Sergio Bordoni, luego de ser reelecto por tercera vez, comparti\u00f3 la mesa de Opiniones - CELTTV\",\"isPartOf\":{\"@id\":\"https:\/\/www.celttv.com.ar\/#website\"},\"datePublished\":\"2023-11-06T02:41:10+00:00\",\"dateModified\":\"2023-11-06T02:41:10+00:00\",\"description\":\"Sitio web de noticias de la localidad de Tornquist, provincia de Buenos Aires, Rep\u00fablica Argentina. Contenido propio originado por periodistas de CELTTV, el canal de TV local de la Cooperativa El\u00e9ctrica de Tornquist. Turismo, Pol\u00edtica, Sociedad, Deporte, Cultura y todo el contenido de inter\u00e9s general que la gente del pueblo y la regi\u00f3n debe conocer.\",\"breadcrumb\":{\"@id\":\"https:\/\/www.celttv.com.ar\/index.php\/2023\/11\/05\/sergio-bordoni-luego-de-ser-reelecto-por-tercera-vez-compartio-la-mesa-de-opiniones\/#breadcrumb\"},\"inLanguage\":\"es\",\"potentialAction\":[{\"@type\":\"ReadAction\",\"target\":[\"https:\/\/www.celttv.com.ar\/index.php\/2023\/11\/05\/sergio-bordoni-luego-de-ser-reelecto-por-tercera-vez-compartio-la-mesa-de-opiniones\/\"]}]},{\"@type\":\"BreadcrumbList\",\"@id\":\"https:\/\/www.celttv.com.ar\/index.php\/2023\/11\/05\/sergio-bordoni-luego-de-ser-reelecto-por-tercera-vez-compartio-la-mesa-de-opiniones\/#breadcrumb\",\"itemListElement\":[{\"@type\":\"ListItem\",\"position\":1,\"name\":\"Inicio\",\"item\":\"https:\/\/www.celttv.com.ar\/\"},{\"@type\":\"ListItem\",\"position\":2,\"name\":\"Sergio Bordoni, luego de ser reelecto por tercera vez, comparti\u00f3 la mesa de Opiniones\"}]},{\"@type\":\"WebSite\",\"@id\":\"https:\/\/www.celttv.com.ar\/#website\",\"url\":\"https:\/\/www.celttv.com.ar\/\",\"name\":\"CELTTV\",\"description\":\"Cooperativa El\u00e9ctrica de Tornquist\",\"publisher\":{\"@id\":\"https:\/\/www.celttv.com.ar\/#organization\"},\"potentialAction\":[{\"@type\":\"SearchAction\",\"target\":{\"@type\":\"EntryPoint\",\"urlTemplate\":\"https:\/\/www.celttv.com.ar\/?s={search_term_string}\"},\"query-input\":\"required name=search_term_string\"}],\"inLanguage\":\"es\"},{\"@type\":\"Organization\",\"@id\":\"https:\/\/www.celttv.com.ar\/#organization\",\"name\":\"CELTTV\",\"url\":\"https:\/\/www.celttv.com.ar\/\",\"sameAs\":[\"https:\/\/www.youtube.com\/channel\/UCz_oIt8Hig64Ub-EmcNPIhg\",\"https:\/\/www.facebook.com\/celtTV\/\"],\"logo\":{\"@type\":\"ImageObject\",\"inLanguage\":\"es\",\"@id\":\"https:\/\/www.celttv.com.ar\/#\/schema\/logo\/image\/\",\"url\":\"http:\/\/www.celttv.com.ar\/wp-content\/uploads\/2022\/08\/logo-1.png\",\"contentUrl\":\"http:\/\/www.celttv.com.ar\/wp-content\/uploads\/2022\/08\/logo-1.png\",\"width\":461,\"height\":159,\"caption\":\"CELTTV\"},\"image\":{\"@id\":\"https:\/\/www.celttv.com.ar\/#\/schema\/logo\/image\/\"}},{\"@type\":\"Person\",\"@id\":\"https:\/\/www.celttv.com.ar\/#\/schema\/person\/9059dc91dc7204ef4182cdb65225f07d\",\"name\":\"Miguel Herrada\",\"image\":{\"@type\":\"ImageObject\",\"inLanguage\":\"es\",\"@id\":\"https:\/\/www.celttv.com.ar\/#\/schema\/person\/image\/\",\"url\":\"https:\/\/secure.gravatar.com\/avatar\/67724d5b3c716623ffd76bec7e45841a442ac3b456e914dbba90b0fad2b8e0b1?s=96&d=mm&r=g\",\"contentUrl\":\"https:\/\/secure.gravatar.com\/avatar\/67724d5b3c716623ffd76bec7e45841a442ac3b456e914dbba90b0fad2b8e0b1?s=96&d=mm&r=g\",\"caption\":\"Miguel Herrada\"}}]}<\/script>\n<!-- \/ Yoast SEO plugin. -->","yoast_head_json":{"title":"Sergio Bordoni, luego de ser reelecto por tercera vez, comparti\u00f3 la mesa de Opiniones - CELTTV","description":"Sitio web de noticias de la localidad de Tornquist, provincia de Buenos Aires, Rep\u00fablica Argentina. Contenido propio originado por periodistas de CELTTV, el canal de TV local de la Cooperativa El\u00e9ctrica de Tornquist. Turismo, Pol\u00edtica, Sociedad, Deporte, Cultura y todo el contenido de inter\u00e9s general que la gente del pueblo y la regi\u00f3n debe conocer.","robots":{"index":"index","follow":"follow","max-snippet":"max-snippet:-1","max-image-preview":"max-image-preview:large","max-video-preview":"max-video-preview:-1"},"canonical":"https:\/\/www.celttv.com.ar\/index.php\/2023\/11\/05\/sergio-bordoni-luego-de-ser-reelecto-por-tercera-vez-compartio-la-mesa-de-opiniones\/","og_locale":"es_ES","og_type":"article","og_title":"Sergio Bordoni, luego de ser reelecto por tercera vez, comparti\u00f3 la mesa de Opiniones - CELTTV","og_description":"Sitio web de noticias de la localidad de Tornquist, provincia de Buenos Aires, Rep\u00fablica Argentina. Contenido propio originado por periodistas de CELTTV, el canal de TV local de la Cooperativa El\u00e9ctrica de Tornquist. Turismo, Pol\u00edtica, Sociedad, Deporte, Cultura y todo el contenido de inter\u00e9s general que la gente del pueblo y la regi\u00f3n debe conocer.","og_url":"https:\/\/www.celttv.com.ar\/index.php\/2023\/11\/05\/sergio-bordoni-luego-de-ser-reelecto-por-tercera-vez-compartio-la-mesa-de-opiniones\/","og_site_name":"CELTTV","article_publisher":"https:\/\/www.facebook.com\/celtTV\/","article_published_time":"2023-11-06T02:41:10+00:00","og_image":[{"width":1028,"height":581,"url":"https:\/\/www.celttv.com.ar\/wp-content\/uploads\/2023\/11\/2.jpg","type":"image\/jpeg"}],"author":"Miguel Herrada","twitter_card":"summary_large_image","twitter_misc":{"Escrito por":"Miguel Herrada"},"schema":{"@context":"https:\/\/schema.org","@graph":[{"@type":"NewsArticle","@id":"https:\/\/www.celttv.com.ar\/index.php\/2023\/11\/05\/sergio-bordoni-luego-de-ser-reelecto-por-tercera-vez-compartio-la-mesa-de-opiniones\/#article","isPartOf":{"@id":"https:\/\/www.celttv.com.ar\/index.php\/2023\/11\/05\/sergio-bordoni-luego-de-ser-reelecto-por-tercera-vez-compartio-la-mesa-de-opiniones\/"},"author":{"name":"Miguel Herrada","@id":"https:\/\/www.celttv.com.ar\/#\/schema\/person\/9059dc91dc7204ef4182cdb65225f07d"},"headline":"Sergio Bordoni, luego de ser reelecto por tercera vez, comparti\u00f3 la mesa de Opiniones","datePublished":"2023-11-06T02:41:10+00:00","dateModified":"2023-11-06T02:41:10+00:00","mainEntityOfPage":{"@id":"https:\/\/www.celttv.com.ar\/index.php\/2023\/11\/05\/sergio-bordoni-luego-de-ser-reelecto-por-tercera-vez-compartio-la-mesa-de-opiniones\/"},"wordCount":80,"publisher":{"@id":"https:\/\/www.celttv.com.ar\/#organization"},"articleSection":["Comunidad","Destacadas","Municipales"],"inLanguage":"es"},{"@type":"WebPage","@id":"https:\/\/www.celttv.com.ar\/index.php\/2023\/11\/05\/sergio-bordoni-luego-de-ser-reelecto-por-tercera-vez-compartio-la-mesa-de-opiniones\/","url":"https:\/\/www.celttv.com.ar\/index.php\/2023\/11\/05\/sergio-bordoni-luego-de-ser-reelecto-por-tercera-vez-compartio-la-mesa-de-opiniones\/","name":"Sergio Bordoni, luego de ser reelecto por tercera vez, comparti\u00f3 la mesa de Opiniones - CELTTV","isPartOf":{"@id":"https:\/\/www.celttv.com.ar\/#website"},"datePublished":"2023-11-06T02:41:10+00:00","dateModified":"2023-11-06T02:41:10+00:00","description":"Sitio web de noticias de la localidad de Tornquist, provincia de Buenos Aires, Rep\u00fablica Argentina. Contenido propio originado por periodistas de CELTTV, el canal de TV local de la Cooperativa El\u00e9ctrica de Tornquist. Turismo, Pol\u00edtica, Sociedad, Deporte, Cultura y todo el contenido de inter\u00e9s general que la gente del pueblo y la regi\u00f3n debe conocer.","breadcrumb":{"@id":"https:\/\/www.celttv.com.ar\/index.php\/2023\/11\/05\/sergio-bordoni-luego-de-ser-reelecto-por-tercera-vez-compartio-la-mesa-de-opiniones\/#breadcrumb"},"inLanguage":"es","potentialAction":[{"@type":"ReadAction","target":["https:\/\/www.celttv.com.ar\/index.php\/2023\/11\/05\/sergio-bordoni-luego-de-ser-reelecto-por-tercera-vez-compartio-la-mesa-de-opiniones\/"]}]},{"@type":"BreadcrumbList","@id":"https:\/\/www.celttv.com.ar\/index.php\/2023\/11\/05\/sergio-bordoni-luego-de-ser-reelecto-por-tercera-vez-compartio-la-mesa-de-opiniones\/#breadcrumb","itemListElement":[{"@type":"ListItem","position":1,"name":"Inicio","item":"https:\/\/www.celttv.com.ar\/"},{"@type":"ListItem","position":2,"name":"Sergio Bordoni, luego de ser reelecto por tercera vez, comparti\u00f3 la mesa de Opiniones"}]},{"@type":"WebSite","@id":"https:\/\/www.celttv.com.ar\/#website","url":"https:\/\/www.celttv.com.ar\/","name":"CELTTV","description":"Cooperativa El\u00e9ctrica de Tornquist","publisher":{"@id":"https:\/\/www.celttv.com.ar\/#organization"},"potentialAction":[{"@type":"SearchAction","target":{"@type":"EntryPoint","urlTemplate":"https:\/\/www.celttv.com.ar\/?s={search_term_string}"},"query-input":"required name=search_term_string"}],"inLanguage":"es"},{"@type":"Organization","@id":"https:\/\/www.celttv.com.ar\/#organization","name":"CELTTV","url":"https:\/\/www.celttv.com.ar\/","sameAs":["https:\/\/www.youtube.com\/channel\/UCz_oIt8Hig64Ub-EmcNPIhg","https:\/\/www.facebook.com\/celtTV\/"],"logo":{"@type":"ImageObject","inLanguage":"es","@id":"https:\/\/www.celttv.com.ar\/#\/schema\/logo\/image\/","url":"http:\/\/www.celttv.com.ar\/wp-content\/uploads\/2022\/08\/logo-1.png","contentUrl":"http:\/\/www.celttv.com.ar\/wp-content\/uploads\/2022\/08\/logo-1.png","width":461,"height":159,"caption":"CELTTV"},"image":{"@id":"https:\/\/www.celttv.com.ar\/#\/schema\/logo\/image\/"}},{"@type":"Person","@id":"https:\/\/www.celttv.com.ar\/#\/schema\/person\/9059dc91dc7204ef4182cdb65225f07d","name":"Miguel Herrada","image":{"@type":"ImageObject","inLanguage":"es","@id":"https:\/\/www.celttv.com.ar\/#\/schema\/person\/image\/","url":"https:\/\/secure.gravatar.com\/avatar\/67724d5b3c716623ffd76bec7e45841a442ac3b456e914dbba90b0fad2b8e0b1?s=96&d=mm&r=g","contentUrl":"https:\/\/secure.gravatar.com\/avatar\/67724d5b3c716623ffd76bec7e45841a442ac3b456e914dbba90b0fad2b8e0b1?s=96&d=mm&r=g","caption":"Miguel Herrada"}}]}},"_links":{"self":[{"href":"https:\/\/www.celttv.com.ar\/index.php\/wp-json\/wp\/v2\/posts\/80180","targetHints":{"allow":["GET"]}}],"collection":[{"href":"https:\/\/www.celttv.com.ar\/index.php\/wp-json\/wp\/v2\/posts"}],"about":[{"href":"https:\/\/www.celttv.com.ar\/index.php\/wp-json\/wp\/v2\/types\/post"}],"author":[{"embeddable":true,"href":"https:\/\/www.celttv.com.ar\/index.php\/wp-json\/wp\/v2\/users\/5"}],"replies":[{"embeddable":true,"href":"https:\/\/www.celttv.com.ar\/index.php\/wp-json\/wp\/v2\/comments?post=80180"}],"version-history":[{"count":1,"href":"https:\/\/www.celttv.com.ar\/index.php\/wp-json\/wp\/v2\/posts\/80180\/revisions"}],"predecessor-version":[{"id":80183,"href":"https:\/\/www.celttv.com.ar\/index.php\/wp-json\/wp\/v2\/posts\/80180\/revisions\/80183"}],"wp:featuredmedia":[{"embeddable":true,"href":"https:\/\/www.celttv.com.ar\/index.php\/wp-json\/wp\/v2\/media\/80182"}],"wp:attachment":[{"href":"https:\/\/www.celttv.com.ar\/index.php\/wp-json\/wp\/v2\/media?parent=80180"}],"wp:term":[{"taxonomy":"category","embeddable":true,"href":"https:\/\/www.celttv.com.ar\/index.php\/wp-json\/wp\/v2\/categories?post=80180"},{"taxonomy":"post_tag","embeddable":true,"href":"https:\/\/www.celttv.com.ar\/index.php\/wp-json\/wp\/v2\/tags?post=80180"}],"curies":[{"name":"wp","href":"https:\/\/api.w.org\/{rel}","templated":true}]}}